{"id":21377,"date":"2022-09-22T10:46:00","date_gmt":"2022-09-22T08:46:00","guid":{"rendered":"https:\/\/permakultur-landwirtschaft.org\/?p=21377"},"modified":"2022-09-26T15:19:57","modified_gmt":"2022-09-26T13:19:57","slug":"microfermes-en-suisse-romande-business-model-design-cours-en-22-septembre-2022","status":"publish","type":"post","link":"https:\/\/permakultur-landwirtschaft.org\/fr\/microfermes-en-suisse-romande-business-model-design-cours-en-22-septembre-2022\/","title":{"rendered":"Microfermes en Suisse romande : Business model &#038; Design &#8211; cours en 22. septembre 2022"},"content":{"rendered":"<p>Texte de agridea.ch: <br><strong>Cycle de cours sur les microfermes et la permaculture<\/strong><\/p>\n\n\n\n<p>Un cycle de cours sur les microfermes et la permaculture est propos\u00e9 par AGRIDEA et le FiBL, permettant d\u2019accompagner l\u2019\u00e9mergence des microfermes. Sur petites surfaces, ce type de ferme produit g\u00e9n\u00e9ralement des aliments bio, dans une d\u00e9marche agro\u00e9cologique, encadr\u00e9 par les principes de la permaculture.<\/p>\n\n\n\n<p><strong>Date\/Datum<\/strong><br>22. septembre 2022<\/p>\n\n\n\n<p><strong>Lieu\/Ort<br><\/strong>Bavois VD<\/p>\n\n\n\n<p>Infos: <a href=\"https:\/\/agridea.abacuscity.ch\/fr\/A~4179\/Microfemes-en-Suisse-romande-%3A-Business-Bavois-VD-22.09.2022\" target=\"_blank\" rel=\"noreferrer noopener\">agridea.abacuscity.ch\/fr\/A~4179\/Microfemes-en-Suisse-romande-%3A-Business-Bavois-VD-22.09.2022<\/a><\/p>\n\n\n\n<figure class=\"wp-block-image size-full\"><a href=\"https:\/\/agridea.abacuscity.ch\/fr\/A~4179\/Microfemes-en-Suisse-romande-%3A-Business-Bavois-VD-22.09.2022\" target=\"_blank\" rel=\"noreferrer noopener\"><img fetchpriority=\"high\" decoding=\"async\" width=\"700\" height=\"400\" src=\"https:\/\/permakultur-landwirtschaft.org\/wp-content\/uploads\/2022\/07\/2022_Microfemes_en_Suisse_romande_AGRIDEA.jpg\" alt=\"\" class=\"wp-image-21378\" srcset=\"https:\/\/permakultur-landwirtschaft.org\/wp-content\/uploads\/2022\/07\/2022_Microfemes_en_Suisse_romande_AGRIDEA.jpg 700w, https:\/\/permakultur-landwirtschaft.org\/wp-content\/uploads\/2022\/07\/2022_Microfemes_en_Suisse_romande_AGRIDEA-300x171.jpg 300w\" sizes=\"(max-width: 700px) 100vw, 700px\" \/><\/a><figcaption>Bild: agridea.ch<\/figcaption><\/figure>\n\n\n\n<hr class=\"wp-block-separator has-css-opacity\"\/>\n\n\n\n<h3 class=\"wp-block-heading\"><a href=\"https:\/\/permakultur-landwirtschaft.org\/fr\/veranstaltungen\/\">Hier geht&#8217;s zur \u00dcbersicht aktuelle Veranstaltungen<\/a><\/h3>","protected":false},"excerpt":{"rendered":"<p>Texte de agridea.ch: Cycle de cours sur les microfermes et la permaculture Un cycle de cours sur les microfermes et la permaculture est propos\u00e9 par AGRIDEA et le FiBL, permettant d\u2019accompagner l\u2019\u00e9mergence des microfermes. Sur petites surfaces, ce type de ferme produit g\u00e9n\u00e9ralement des aliments bio, dans une d\u00e9marche agro\u00e9cologique, encadr\u00e9 par les principes de [&hellip;]<\/p>\n","protected":false},"author":2,"featured_media":21378,"comment_status":"closed","ping_status":"closed","sticky":false,"template":"","format":"standard","meta":{"_acf_changed":false,"site-sidebar-layout":"default","site-content-layout":"","ast-site-content-layout":"default","site-content-style":"default","site-sidebar-style":"default","ast-global-header-display":"","ast-banner-title-visibility":"","ast-main-header-display":"","ast-hfb-above-header-display":"","ast-hfb-below-header-display":"","ast-hfb-mobile-header-display":"","site-post-title":"","ast-breadcrumbs-content":"","ast-featured-img":"","footer-sml-layout":"","ast-disable-related-posts":"","theme-transparent-header-meta":"","adv-header-id-meta":"","stick-header-meta":"","header-above-stick-meta":"","header-main-stick-meta":"","header-below-stick-meta":"","astra-migrate-meta-layouts":"default","ast-page-background-enabled":"default","ast-page-background-meta":{"desktop":{"background-color":"var(--ast-global-color-4)","background-image":"","background-repeat":"repeat","background-position":"center center","background-size":"auto","background-attachment":"scroll","background-type":"","background-media":"","overlay-type":"","overlay-color":"","overlay-opacity":"","overlay-gradient":""},"tablet":{"background-color":"","background-image":"","background-repeat":"repeat","background-position":"center center","background-size":"auto","background-attachment":"scroll","background-type":"","background-media":"","overlay-type":"","overlay-color":"","overlay-opacity":"","overlay-gradient":""},"mobile":{"background-color":"","background-image":"","background-repeat":"repeat","background-position":"center center","background-size":"auto","background-attachment":"scroll","background-type":"","background-media":"","overlay-type":"","overlay-color":"","overlay-opacity":"","overlay-gradient":""}},"ast-content-background-meta":{"desktop":{"background-color":"var(--ast-global-color-5)","background-image":"","background-repeat":"repeat","background-position":"center center","background-size":"auto","background-attachment":"scroll","background-type":"","background-media":"","overlay-type":"","overlay-color":"","overlay-opacity":"","overlay-gradient":""},"tablet":{"background-color":"var(--ast-global-color-5)","background-image":"","background-repeat":"repeat","background-position":"center center","background-size":"auto","background-attachment":"scroll","background-type":"","background-media":"","overlay-type":"","overlay-color":"","overlay-opacity":"","overlay-gradient":""},"mobile":{"background-color":"var(--ast-global-color-5)","background-image":"","background-repeat":"repeat","background-position":"center center","background-size":"auto","background-attachment":"scroll","background-type":"","background-media":"","overlay-type":"","overlay-color":"","overlay-opacity":"","overlay-gradient":""}},"footnotes":""},"categories":[21],"tags":[],"class_list":["post-21377","post","type-post","status-publish","format-standard","has-post-thumbnail","hentry","category-veranstaltungen_archiv"],"acf":[],"yoast_head":"<!-- This site is optimized with the Yoast SEO plugin v27.5 - https:\/\/yoast.com\/product\/yoast-seo-wordpress\/ -->\n<title>Microfermes en Suisse romande : Business model &amp; Design - cours en 22. septembre 2022 - Permakultur-Landwirtschaft<\/title>\n<meta name=\"robots\" content=\"index, follow, max-snippet:-1, max-image-preview:large, max-video-preview:-1\" \/>\n<link rel=\"canonical\" href=\"https:\/\/permakultur-landwirtschaft.org\/fr\/microfermes-en-suisse-romande-business-model-design-cours-en-22-septembre-2022\/\" \/>\n<meta property=\"og:locale\" content=\"fr_FR\" \/>\n<meta property=\"og:type\" content=\"article\" \/>\n<meta property=\"og:title\" content=\"Microfermes en Suisse romande : Business model &amp; Design - cours en 22. septembre 2022 - Permakultur-Landwirtschaft\" \/>\n<meta property=\"og:description\" content=\"Texte de agridea.ch: Cycle de cours sur les microfermes et la permaculture Un cycle de cours sur les microfermes et la permaculture est propos\u00e9 par AGRIDEA et le FiBL, permettant d\u2019accompagner l\u2019\u00e9mergence des microfermes. Sur petites surfaces, ce type de ferme produit g\u00e9n\u00e9ralement des aliments bio, dans une d\u00e9marche agro\u00e9cologique, encadr\u00e9 par les principes de [&hellip;]\" \/>\n<meta property=\"og:url\" content=\"https:\/\/permakultur-landwirtschaft.org\/fr\/microfermes-en-suisse-romande-business-model-design-cours-en-22-septembre-2022\/\" \/>\n<meta property=\"og:site_name\" content=\"Permakultur-Landwirtschaft\" \/>\n<meta property=\"article:publisher\" content=\"https:\/\/www.facebook.com\/PermakulturLandwirtschaft\" \/>\n<meta property=\"article:published_time\" content=\"2022-09-22T08:46:00+00:00\" \/>\n<meta property=\"article:modified_time\" content=\"2022-09-26T13:19:57+00:00\" \/>\n<meta property=\"og:image\" content=\"https:\/\/permakultur-landwirtschaft.org\/wp-content\/uploads\/2022\/07\/2022_Microfemes_en_Suisse_romande_AGRIDEA.jpg\" \/>\n\t<meta property=\"og:image:width\" content=\"700\" \/>\n\t<meta property=\"og:image:height\" content=\"400\" \/>\n\t<meta property=\"og:image:type\" content=\"image\/jpeg\" \/>\n<meta name=\"author\" content=\"adrian reutimann\" \/>\n<meta name=\"twitter:card\" content=\"summary_large_image\" \/>\n<meta name=\"twitter:label1\" content=\"\u00c9crit par\" \/>\n\t<meta name=\"twitter:data1\" content=\"adrian reutimann\" \/>\n<script type=\"application\/ld+json\" class=\"yoast-schema-graph\">{\"@context\":\"https:\\\/\\\/schema.org\",\"@graph\":[{\"@type\":\"Article\",\"@id\":\"https:\\\/\\\/permakultur-landwirtschaft.org\\\/microfermes-en-suisse-romande-business-model-design-cours-en-22-septembre-2022\\\/#article\",\"isPartOf\":{\"@id\":\"https:\\\/\\\/permakultur-landwirtschaft.org\\\/microfermes-en-suisse-romande-business-model-design-cours-en-22-septembre-2022\\\/\"},\"author\":{\"name\":\"adrian reutimann\",\"@id\":\"https:\\\/\\\/permakultur-landwirtschaft.org\\\/#\\\/schema\\\/person\\\/6b0467872f75aed3e144093f9bf4f0b0\"},\"headline\":\"Microfermes en Suisse romande : Business model &#038; Design &#8211; cours en 22. septembre 2022\",\"datePublished\":\"2022-09-22T08:46:00+00:00\",\"dateModified\":\"2022-09-26T13:19:57+00:00\",\"mainEntityOfPage\":{\"@id\":\"https:\\\/\\\/permakultur-landwirtschaft.org\\\/microfermes-en-suisse-romande-business-model-design-cours-en-22-septembre-2022\\\/\"},\"wordCount\":100,\"publisher\":{\"@id\":\"https:\\\/\\\/permakultur-landwirtschaft.org\\\/#organization\"},\"image\":{\"@id\":\"https:\\\/\\\/permakultur-landwirtschaft.org\\\/microfermes-en-suisse-romande-business-model-design-cours-en-22-septembre-2022\\\/#primaryimage\"},\"thumbnailUrl\":\"https:\\\/\\\/permakultur-landwirtschaft.org\\\/wp-content\\\/uploads\\\/2022\\\/07\\\/2022_Microfemes_en_Suisse_romande_AGRIDEA.jpg\",\"articleSection\":[\"Veranstaltungen_Archiv\"],\"inLanguage\":\"fr-FR\"},{\"@type\":\"WebPage\",\"@id\":\"https:\\\/\\\/permakultur-landwirtschaft.org\\\/microfermes-en-suisse-romande-business-model-design-cours-en-22-septembre-2022\\\/\",\"url\":\"https:\\\/\\\/permakultur-landwirtschaft.org\\\/microfermes-en-suisse-romande-business-model-design-cours-en-22-septembre-2022\\\/\",\"name\":\"Microfermes en Suisse romande : Business model & Design - cours en 22. septembre 2022 - Permakultur-Landwirtschaft\",\"isPartOf\":{\"@id\":\"https:\\\/\\\/permakultur-landwirtschaft.org\\\/#website\"},\"primaryImageOfPage\":{\"@id\":\"https:\\\/\\\/permakultur-landwirtschaft.org\\\/microfermes-en-suisse-romande-business-model-design-cours-en-22-septembre-2022\\\/#primaryimage\"},\"image\":{\"@id\":\"https:\\\/\\\/permakultur-landwirtschaft.org\\\/microfermes-en-suisse-romande-business-model-design-cours-en-22-septembre-2022\\\/#primaryimage\"},\"thumbnailUrl\":\"https:\\\/\\\/permakultur-landwirtschaft.org\\\/wp-content\\\/uploads\\\/2022\\\/07\\\/2022_Microfemes_en_Suisse_romande_AGRIDEA.jpg\",\"datePublished\":\"2022-09-22T08:46:00+00:00\",\"dateModified\":\"2022-09-26T13:19:57+00:00\",\"breadcrumb\":{\"@id\":\"https:\\\/\\\/permakultur-landwirtschaft.org\\\/microfermes-en-suisse-romande-business-model-design-cours-en-22-septembre-2022\\\/#breadcrumb\"},\"inLanguage\":\"fr-FR\",\"potentialAction\":[{\"@type\":\"ReadAction\",\"target\":[\"https:\\\/\\\/permakultur-landwirtschaft.org\\\/microfermes-en-suisse-romande-business-model-design-cours-en-22-septembre-2022\\\/\"]}]},{\"@type\":\"ImageObject\",\"inLanguage\":\"fr-FR\",\"@id\":\"https:\\\/\\\/permakultur-landwirtschaft.org\\\/microfermes-en-suisse-romande-business-model-design-cours-en-22-septembre-2022\\\/#primaryimage\",\"url\":\"https:\\\/\\\/permakultur-landwirtschaft.org\\\/wp-content\\\/uploads\\\/2022\\\/07\\\/2022_Microfemes_en_Suisse_romande_AGRIDEA.jpg\",\"contentUrl\":\"https:\\\/\\\/permakultur-landwirtschaft.org\\\/wp-content\\\/uploads\\\/2022\\\/07\\\/2022_Microfemes_en_Suisse_romande_AGRIDEA.jpg\",\"width\":700,\"height\":400},{\"@type\":\"BreadcrumbList\",\"@id\":\"https:\\\/\\\/permakultur-landwirtschaft.org\\\/microfermes-en-suisse-romande-business-model-design-cours-en-22-septembre-2022\\\/#breadcrumb\",\"itemListElement\":[{\"@type\":\"ListItem\",\"position\":1,\"name\":\"Startseite\",\"item\":\"https:\\\/\\\/permakultur-landwirtschaft.org\\\/\"},{\"@type\":\"ListItem\",\"position\":2,\"name\":\"Microfermes en Suisse romande : Business model &#038; Design &#8211; cours en 22. septembre 2022\"}]},{\"@type\":\"WebSite\",\"@id\":\"https:\\\/\\\/permakultur-landwirtschaft.org\\\/#website\",\"url\":\"https:\\\/\\\/permakultur-landwirtschaft.org\\\/\",\"name\":\"Permakultur-Landwirtschaft\",\"description\":\"F\u00f6rderung der Permakultur in der Landwirtschaft\",\"publisher\":{\"@id\":\"https:\\\/\\\/permakultur-landwirtschaft.org\\\/#organization\"},\"potentialAction\":[{\"@type\":\"SearchAction\",\"target\":{\"@type\":\"EntryPoint\",\"urlTemplate\":\"https:\\\/\\\/permakultur-landwirtschaft.org\\\/?s={search_term_string}\"},\"query-input\":{\"@type\":\"PropertyValueSpecification\",\"valueRequired\":true,\"valueName\":\"search_term_string\"}}],\"inLanguage\":\"fr-FR\"},{\"@type\":\"Organization\",\"@id\":\"https:\\\/\\\/permakultur-landwirtschaft.org\\\/#organization\",\"name\":\"Permakultur-Landwirtschaft\",\"alternateName\":\"Verein Permakultur-Landwirtschaft\",\"url\":\"https:\\\/\\\/permakultur-landwirtschaft.org\\\/\",\"logo\":{\"@type\":\"ImageObject\",\"inLanguage\":\"fr-FR\",\"@id\":\"https:\\\/\\\/permakultur-landwirtschaft.org\\\/#\\\/schema\\\/logo\\\/image\\\/\",\"url\":\"https:\\\/\\\/permakultur-landwirtschaft.org\\\/wp-content\\\/uploads\\\/2021\\\/11\\\/pela_1268x1269.png\",\"contentUrl\":\"https:\\\/\\\/permakultur-landwirtschaft.org\\\/wp-content\\\/uploads\\\/2021\\\/11\\\/pela_1268x1269.png\",\"width\":1298,\"height\":1269,\"caption\":\"Permakultur-Landwirtschaft\"},\"image\":{\"@id\":\"https:\\\/\\\/permakultur-landwirtschaft.org\\\/#\\\/schema\\\/logo\\\/image\\\/\"},\"sameAs\":[\"https:\\\/\\\/www.facebook.com\\\/PermakulturLandwirtschaft\",\"https:\\\/\\\/www.instagram.com\\\/permakultur_landwirtschaft\\\/\",\"https:\\\/\\\/www.flickr.com\\\/photos\\\/permakultur-landwirtschaft\",\"https:\\\/\\\/www.youtube.com\\\/@PermakulturLandwirtschaft\"]},{\"@type\":\"Person\",\"@id\":\"https:\\\/\\\/permakultur-landwirtschaft.org\\\/#\\\/schema\\\/person\\\/6b0467872f75aed3e144093f9bf4f0b0\",\"name\":\"adrian reutimann\",\"url\":\"https:\\\/\\\/permakultur-landwirtschaft.org\\\/fr\\\/author\\\/reutiadr\\\/\"}]}<\/script>\n<!-- \/ Yoast SEO plugin. -->","yoast_head_json":{"title":"Microfermes en Suisse romande : Business model & Design - cours en 22. septembre 2022 - Permakultur-Landwirtschaft","robots":{"index":"index","follow":"follow","max-snippet":"max-snippet:-1","max-image-preview":"max-image-preview:large","max-video-preview":"max-video-preview:-1"},"canonical":"https:\/\/permakultur-landwirtschaft.org\/fr\/microfermes-en-suisse-romande-business-model-design-cours-en-22-septembre-2022\/","og_locale":"fr_FR","og_type":"article","og_title":"Microfermes en Suisse romande : Business model & Design - cours en 22. septembre 2022 - Permakultur-Landwirtschaft","og_description":"Texte de agridea.ch: Cycle de cours sur les microfermes et la permaculture Un cycle de cours sur les microfermes et la permaculture est propos\u00e9 par AGRIDEA et le FiBL, permettant d\u2019accompagner l\u2019\u00e9mergence des microfermes. Sur petites surfaces, ce type de ferme produit g\u00e9n\u00e9ralement des aliments bio, dans une d\u00e9marche agro\u00e9cologique, encadr\u00e9 par les principes de [&hellip;]","og_url":"https:\/\/permakultur-landwirtschaft.org\/fr\/microfermes-en-suisse-romande-business-model-design-cours-en-22-septembre-2022\/","og_site_name":"Permakultur-Landwirtschaft","article_publisher":"https:\/\/www.facebook.com\/PermakulturLandwirtschaft","article_published_time":"2022-09-22T08:46:00+00:00","article_modified_time":"2022-09-26T13:19:57+00:00","og_image":[{"width":700,"height":400,"url":"https:\/\/permakultur-landwirtschaft.org\/wp-content\/uploads\/2022\/07\/2022_Microfemes_en_Suisse_romande_AGRIDEA.jpg","type":"image\/jpeg"}],"author":"adrian reutimann","twitter_card":"summary_large_image","twitter_misc":{"\u00c9crit par":"adrian reutimann"},"schema":{"@context":"https:\/\/schema.org","@graph":[{"@type":"Article","@id":"https:\/\/permakultur-landwirtschaft.org\/microfermes-en-suisse-romande-business-model-design-cours-en-22-septembre-2022\/#article","isPartOf":{"@id":"https:\/\/permakultur-landwirtschaft.org\/microfermes-en-suisse-romande-business-model-design-cours-en-22-septembre-2022\/"},"author":{"name":"adrian reutimann","@id":"https:\/\/permakultur-landwirtschaft.org\/#\/schema\/person\/6b0467872f75aed3e144093f9bf4f0b0"},"headline":"Microfermes en Suisse romande : Business model &#038; Design &#8211; cours en 22. septembre 2022","datePublished":"2022-09-22T08:46:00+00:00","dateModified":"2022-09-26T13:19:57+00:00","mainEntityOfPage":{"@id":"https:\/\/permakultur-landwirtschaft.org\/microfermes-en-suisse-romande-business-model-design-cours-en-22-septembre-2022\/"},"wordCount":100,"publisher":{"@id":"https:\/\/permakultur-landwirtschaft.org\/#organization"},"image":{"@id":"https:\/\/permakultur-landwirtschaft.org\/microfermes-en-suisse-romande-business-model-design-cours-en-22-septembre-2022\/#primaryimage"},"thumbnailUrl":"https:\/\/permakultur-landwirtschaft.org\/wp-content\/uploads\/2022\/07\/2022_Microfemes_en_Suisse_romande_AGRIDEA.jpg","articleSection":["Veranstaltungen_Archiv"],"inLanguage":"fr-FR"},{"@type":"WebPage","@id":"https:\/\/permakultur-landwirtschaft.org\/microfermes-en-suisse-romande-business-model-design-cours-en-22-septembre-2022\/","url":"https:\/\/permakultur-landwirtschaft.org\/microfermes-en-suisse-romande-business-model-design-cours-en-22-septembre-2022\/","name":"Microfermes en Suisse romande : Business model & Design - cours en 22. septembre 2022 - Permakultur-Landwirtschaft","isPartOf":{"@id":"https:\/\/permakultur-landwirtschaft.org\/#website"},"primaryImageOfPage":{"@id":"https:\/\/permakultur-landwirtschaft.org\/microfermes-en-suisse-romande-business-model-design-cours-en-22-septembre-2022\/#primaryimage"},"image":{"@id":"https:\/\/permakultur-landwirtschaft.org\/microfermes-en-suisse-romande-business-model-design-cours-en-22-septembre-2022\/#primaryimage"},"thumbnailUrl":"https:\/\/permakultur-landwirtschaft.org\/wp-content\/uploads\/2022\/07\/2022_Microfemes_en_Suisse_romande_AGRIDEA.jpg","datePublished":"2022-09-22T08:46:00+00:00","dateModified":"2022-09-26T13:19:57+00:00","breadcrumb":{"@id":"https:\/\/permakultur-landwirtschaft.org\/microfermes-en-suisse-romande-business-model-design-cours-en-22-septembre-2022\/#breadcrumb"},"inLanguage":"fr-FR","potentialAction":[{"@type":"ReadAction","target":["https:\/\/permakultur-landwirtschaft.org\/microfermes-en-suisse-romande-business-model-design-cours-en-22-septembre-2022\/"]}]},{"@type":"ImageObject","inLanguage":"fr-FR","@id":"https:\/\/permakultur-landwirtschaft.org\/microfermes-en-suisse-romande-business-model-design-cours-en-22-septembre-2022\/#primaryimage","url":"https:\/\/permakultur-landwirtschaft.org\/wp-content\/uploads\/2022\/07\/2022_Microfemes_en_Suisse_romande_AGRIDEA.jpg","contentUrl":"https:\/\/permakultur-landwirtschaft.org\/wp-content\/uploads\/2022\/07\/2022_Microfemes_en_Suisse_romande_AGRIDEA.jpg","width":700,"height":400},{"@type":"BreadcrumbList","@id":"https:\/\/permakultur-landwirtschaft.org\/microfermes-en-suisse-romande-business-model-design-cours-en-22-septembre-2022\/#breadcrumb","itemListElement":[{"@type":"ListItem","position":1,"name":"Startseite","item":"https:\/\/permakultur-landwirtschaft.org\/"},{"@type":"ListItem","position":2,"name":"Microfermes en Suisse romande : Business model &#038; Design &#8211; cours en 22. septembre 2022"}]},{"@type":"WebSite","@id":"https:\/\/permakultur-landwirtschaft.org\/#website","url":"https:\/\/permakultur-landwirtschaft.org\/","name":"Permakultur-Landwirtschaft","description":"F\u00f6rderung der Permakultur in der Landwirtschaft","publisher":{"@id":"https:\/\/permakultur-landwirtschaft.org\/#organization"},"potentialAction":[{"@type":"SearchAction","target":{"@type":"EntryPoint","urlTemplate":"https:\/\/permakultur-landwirtschaft.org\/?s={search_term_string}"},"query-input":{"@type":"PropertyValueSpecification","valueRequired":true,"valueName":"search_term_string"}}],"inLanguage":"fr-FR"},{"@type":"Organization","@id":"https:\/\/permakultur-landwirtschaft.org\/#organization","name":"Permakultur-Landwirtschaft","alternateName":"Verein Permakultur-Landwirtschaft","url":"https:\/\/permakultur-landwirtschaft.org\/","logo":{"@type":"ImageObject","inLanguage":"fr-FR","@id":"https:\/\/permakultur-landwirtschaft.org\/#\/schema\/logo\/image\/","url":"https:\/\/permakultur-landwirtschaft.org\/wp-content\/uploads\/2021\/11\/pela_1268x1269.png","contentUrl":"https:\/\/permakultur-landwirtschaft.org\/wp-content\/uploads\/2021\/11\/pela_1268x1269.png","width":1298,"height":1269,"caption":"Permakultur-Landwirtschaft"},"image":{"@id":"https:\/\/permakultur-landwirtschaft.org\/#\/schema\/logo\/image\/"},"sameAs":["https:\/\/www.facebook.com\/PermakulturLandwirtschaft","https:\/\/www.instagram.com\/permakultur_landwirtschaft\/","https:\/\/www.flickr.com\/photos\/permakultur-landwirtschaft","https:\/\/www.youtube.com\/@PermakulturLandwirtschaft"]},{"@type":"Person","@id":"https:\/\/permakultur-landwirtschaft.org\/#\/schema\/person\/6b0467872f75aed3e144093f9bf4f0b0","name":"adrian reutimann","url":"https:\/\/permakultur-landwirtschaft.org\/fr\/author\/reutiadr\/"}]}},"_links":{"self":[{"href":"https:\/\/permakultur-landwirtschaft.org\/fr\/wp-json\/wp\/v2\/posts\/21377","targetHints":{"allow":["GET"]}}],"collection":[{"href":"https:\/\/permakultur-landwirtschaft.org\/fr\/wp-json\/wp\/v2\/posts"}],"about":[{"href":"https:\/\/permakultur-landwirtschaft.org\/fr\/wp-json\/wp\/v2\/types\/post"}],"author":[{"embeddable":true,"href":"https:\/\/permakultur-landwirtschaft.org\/fr\/wp-json\/wp\/v2\/users\/2"}],"replies":[{"embeddable":true,"href":"https:\/\/permakultur-landwirtschaft.org\/fr\/wp-json\/wp\/v2\/comments?post=21377"}],"version-history":[{"count":2,"href":"https:\/\/permakultur-landwirtschaft.org\/fr\/wp-json\/wp\/v2\/posts\/21377\/revisions"}],"predecessor-version":[{"id":21380,"href":"https:\/\/permakultur-landwirtschaft.org\/fr\/wp-json\/wp\/v2\/posts\/21377\/revisions\/21380"}],"wp:featuredmedia":[{"embeddable":true,"href":"https:\/\/permakultur-landwirtschaft.org\/fr\/wp-json\/wp\/v2\/media\/21378"}],"wp:attachment":[{"href":"https:\/\/permakultur-landwirtschaft.org\/fr\/wp-json\/wp\/v2\/media?parent=21377"}],"wp:term":[{"taxonomy":"category","embeddable":true,"href":"https:\/\/permakultur-landwirtschaft.org\/fr\/wp-json\/wp\/v2\/categories?post=21377"},{"taxonomy":"post_tag","embeddable":true,"href":"https:\/\/permakultur-landwirtschaft.org\/fr\/wp-json\/wp\/v2\/tags?post=21377"}],"curies":[{"name":"wp","href":"https:\/\/api.w.org\/{rel}","templated":true}]}}