{"id":21083,"date":"2022-07-04T16:18:00","date_gmt":"2022-07-04T14:18:00","guid":{"rendered":"https:\/\/permakultur-landwirtschaft.org\/?p=21083"},"modified":"2022-07-08T16:34:44","modified_gmt":"2022-07-08T14:34:44","slug":"klimawandel-birgt-chancen-fuer-landwirtschaft-beitrag-der-luzerner-zeitung-vom-04-juli-2022","status":"publish","type":"post","link":"https:\/\/permakultur-landwirtschaft.org\/fr\/klimawandel-birgt-chancen-fuer-landwirtschaft-beitrag-der-luzerner-zeitung-vom-04-juli-2022\/","title":{"rendered":"Klimawandel birgt Chancen f\u00fcr Landwirtschaft &#8211; Beitrag der Luzerner Zeitung vom 04. Juli 2022"},"content":{"rendered":"<p>Texte der luzernerzeitung.ch:<\/p>\n\n\n\n<p>Die Obwaldner Stiftung Lebensraum Gebirge hat vor kurzem eine Veranstaltung zum Thema Permakultur abgehalten. Im Herrenhaus in Grafenort sprach Referent Beat R\u00f6lli vor vollem Saal \u00fcber die Grunds\u00e4tze der Permakultur und deren Chancen f\u00fcr Landwirtschaft und Klima.<\/p>\n\n\n\n<p>\u00abDer Mensch kann im \u00d6kosystem auch eine positive Rolle einnehmen. Das heisst, er kann mit gezielten Massnahmen auf das \u00d6kosystem einwirken, damit dauerhafte Landwirtschaft im Sinne einer echten Nachhaltigkeit betrieben werden kann\u00bb, erkl\u00e4rte Beat R\u00f6lli, diplomierter Biologe, Permakultur-Berater und Landwirt eingangs seines Referats.<\/p>\n\n\n\n<p>Link zum Beitrag der Luzerner Zeitung: <a href=\"https:\/\/www.luzernerzeitung.ch\/zentralschweiz\/obwalden\/grafenort-fruechtezucht-in-den-alpen-und-erhoehte-holzproduktion-klimawandel-birgt-chancen-fuer-landwirtschaft-ld.2312904\" target=\"_blank\" rel=\"noreferrer noopener\">www.luzernerzeitung.ch\/zentralschweiz\/obwalden\/grafenort-fruechtezucht-in-den-alpen-und-erhoehte-holzproduktion-klimawandel-birgt-chancen-fuer-landwirtschaft-ld.2312904<\/a><\/p>\n\n\n\n<figure class=\"wp-block-image size-full\"><a href=\"https:\/\/www.luzernerzeitung.ch\/zentralschweiz\/obwalden\/grafenort-fruechtezucht-in-den-alpen-und-erhoehte-holzproduktion-klimawandel-birgt-chancen-fuer-landwirtschaft-ld.2312904\" target=\"_blank\" rel=\"noreferrer noopener\"><img fetchpriority=\"high\" decoding=\"async\" width=\"700\" height=\"469\" src=\"https:\/\/permakultur-landwirtschaft.org\/wp-content\/uploads\/2022\/07\/20220707_LU_Zeitung_Roelli.jpg\" alt=\"\" class=\"wp-image-21084\" srcset=\"https:\/\/permakultur-landwirtschaft.org\/wp-content\/uploads\/2022\/07\/20220707_LU_Zeitung_Roelli.jpg 700w, https:\/\/permakultur-landwirtschaft.org\/wp-content\/uploads\/2022\/07\/20220707_LU_Zeitung_Roelli-300x201.jpg 300w, https:\/\/permakultur-landwirtschaft.org\/wp-content\/uploads\/2022\/07\/20220707_LU_Zeitung_Roelli-272x182.jpg 272w\" sizes=\"(max-width: 700px) 100vw, 700px\" \/><\/a><figcaption>Bild: PD<\/figcaption><\/figure>\n\n\n\n<hr class=\"wp-block-separator has-css-opacity\"\/>\n\n\n\n<h3 class=\"wp-block-heading\"><a href=\"https:\/\/permakultur-landwirtschaft.org\/fr\/medien\/\">Hier geht&#8217;s zur \u00dcbersicht aller Neuigkeiten<\/a><\/h3>","protected":false},"excerpt":{"rendered":"<p>Texte der luzernerzeitung.ch: Die Obwaldner Stiftung Lebensraum Gebirge hat vor kurzem eine Veranstaltung zum Thema Permakultur abgehalten. Im Herrenhaus in Grafenort sprach Referent Beat R\u00f6lli vor vollem Saal \u00fcber die Grunds\u00e4tze der Permakultur und deren Chancen f\u00fcr Landwirtschaft und Klima. \u00abDer Mensch kann im \u00d6kosystem auch eine positive Rolle einnehmen. Das heisst, er kann mit [&hellip;]<\/p>\n","protected":false},"author":2,"featured_media":21084,"comment_status":"closed","ping_status":"closed","sticky":false,"template":"","format":"standard","meta":{"_acf_changed":false,"site-sidebar-layout":"default","site-content-layout":"","ast-site-content-layout":"default","site-content-style":"default","site-sidebar-style":"default","ast-global-header-display":"","ast-banner-title-visibility":"","ast-main-header-display":"","ast-hfb-above-header-display":"","ast-hfb-below-header-display":"","ast-hfb-mobile-header-display":"","site-post-title":"","ast-breadcrumbs-content":"","ast-featured-img":"","footer-sml-layout":"","ast-disable-related-posts":"","theme-transparent-header-meta":"","adv-header-id-meta":"","stick-header-meta":"","header-above-stick-meta":"","header-main-stick-meta":"","header-below-stick-meta":"","astra-migrate-meta-layouts":"default","ast-page-background-enabled":"default","ast-page-background-meta":{"desktop":{"background-color":"var(--ast-global-color-4)","background-image":"","background-repeat":"repeat","background-position":"center center","background-size":"auto","background-attachment":"scroll","background-type":"","background-media":"","overlay-type":"","overlay-color":"","overlay-opacity":"","overlay-gradient":""},"tablet":{"background-color":"","background-image":"","background-repeat":"repeat","background-position":"center center","background-size":"auto","background-attachment":"scroll","background-type":"","background-media":"","overlay-type":"","overlay-color":"","overlay-opacity":"","overlay-gradient":""},"mobile":{"background-color":"","background-image":"","background-repeat":"repeat","background-position":"center center","background-size":"auto","background-attachment":"scroll","background-type":"","background-media":"","overlay-type":"","overlay-color":"","overlay-opacity":"","overlay-gradient":""}},"ast-content-background-meta":{"desktop":{"background-color":"var(--ast-global-color-5)","background-image":"","background-repeat":"repeat","background-position":"center center","background-size":"auto","background-attachment":"scroll","background-type":"","background-media":"","overlay-type":"","overlay-color":"","overlay-opacity":"","overlay-gradient":""},"tablet":{"background-color":"var(--ast-global-color-5)","background-image":"","background-repeat":"repeat","background-position":"center center","background-size":"auto","background-attachment":"scroll","background-type":"","background-media":"","overlay-type":"","overlay-color":"","overlay-opacity":"","overlay-gradient":""},"mobile":{"background-color":"var(--ast-global-color-5)","background-image":"","background-repeat":"repeat","background-position":"center center","background-size":"auto","background-attachment":"scroll","background-type":"","background-media":"","overlay-type":"","overlay-color":"","overlay-opacity":"","overlay-gradient":""}},"footnotes":""},"categories":[22],"tags":[],"class_list":["post-21083","post","type-post","status-publish","format-standard","has-post-thumbnail","hentry","category-neuigkeit"],"acf":[],"yoast_head":"<!-- This site is optimized with the Yoast SEO plugin v27.5 - https:\/\/yoast.com\/product\/yoast-seo-wordpress\/ -->\n<title>Klimawandel birgt Chancen f\u00fcr Landwirtschaft - Beitrag der Luzerner Zeitung vom 04. Juli 2022 - Permakultur-Landwirtschaft<\/title>\n<meta name=\"robots\" content=\"index, follow, max-snippet:-1, max-image-preview:large, max-video-preview:-1\" \/>\n<link rel=\"canonical\" href=\"https:\/\/permakultur-landwirtschaft.org\/fr\/klimawandel-birgt-chancen-fuer-landwirtschaft-beitrag-der-luzerner-zeitung-vom-04-juli-2022\/\" \/>\n<meta property=\"og:locale\" content=\"fr_FR\" \/>\n<meta property=\"og:type\" content=\"article\" \/>\n<meta property=\"og:title\" content=\"Klimawandel birgt Chancen f\u00fcr Landwirtschaft - Beitrag der Luzerner Zeitung vom 04. Juli 2022 - Permakultur-Landwirtschaft\" \/>\n<meta property=\"og:description\" content=\"Texte der luzernerzeitung.ch: Die Obwaldner Stiftung Lebensraum Gebirge hat vor kurzem eine Veranstaltung zum Thema Permakultur abgehalten. Im Herrenhaus in Grafenort sprach Referent Beat R\u00f6lli vor vollem Saal \u00fcber die Grunds\u00e4tze der Permakultur und deren Chancen f\u00fcr Landwirtschaft und Klima. \u00abDer Mensch kann im \u00d6kosystem auch eine positive Rolle einnehmen. Das heisst, er kann mit [&hellip;]\" \/>\n<meta property=\"og:url\" content=\"https:\/\/permakultur-landwirtschaft.org\/fr\/klimawandel-birgt-chancen-fuer-landwirtschaft-beitrag-der-luzerner-zeitung-vom-04-juli-2022\/\" \/>\n<meta property=\"og:site_name\" content=\"Permakultur-Landwirtschaft\" \/>\n<meta property=\"article:publisher\" content=\"https:\/\/www.facebook.com\/PermakulturLandwirtschaft\" \/>\n<meta property=\"article:published_time\" content=\"2022-07-04T14:18:00+00:00\" \/>\n<meta property=\"article:modified_time\" content=\"2022-07-08T14:34:44+00:00\" \/>\n<meta property=\"og:image\" content=\"https:\/\/permakultur-landwirtschaft.org\/wp-content\/uploads\/2022\/07\/20220707_LU_Zeitung_Roelli.jpg\" \/>\n\t<meta property=\"og:image:width\" content=\"700\" \/>\n\t<meta property=\"og:image:height\" content=\"469\" \/>\n\t<meta property=\"og:image:type\" content=\"image\/jpeg\" \/>\n<meta name=\"author\" content=\"adrian reutimann\" \/>\n<meta name=\"twitter:card\" content=\"summary_large_image\" \/>\n<meta name=\"twitter:label1\" content=\"\u00c9crit par\" \/>\n\t<meta name=\"twitter:data1\" content=\"adrian reutimann\" \/>\n\t<meta name=\"twitter:label2\" content=\"Dur\u00e9e de lecture estim\u00e9e\" \/>\n\t<meta name=\"twitter:data2\" content=\"1 minute\" \/>\n<script type=\"application\/ld+json\" class=\"yoast-schema-graph\">{\"@context\":\"https:\\\/\\\/schema.org\",\"@graph\":[{\"@type\":\"Article\",\"@id\":\"https:\\\/\\\/permakultur-landwirtschaft.org\\\/klimawandel-birgt-chancen-fuer-landwirtschaft-beitrag-der-luzerner-zeitung-vom-04-juli-2022\\\/#article\",\"isPartOf\":{\"@id\":\"https:\\\/\\\/permakultur-landwirtschaft.org\\\/klimawandel-birgt-chancen-fuer-landwirtschaft-beitrag-der-luzerner-zeitung-vom-04-juli-2022\\\/\"},\"author\":{\"name\":\"adrian reutimann\",\"@id\":\"https:\\\/\\\/permakultur-landwirtschaft.org\\\/#\\\/schema\\\/person\\\/6b0467872f75aed3e144093f9bf4f0b0\"},\"headline\":\"Klimawandel birgt Chancen f\u00fcr Landwirtschaft &#8211; Beitrag der Luzerner Zeitung vom 04. Juli 2022\",\"datePublished\":\"2022-07-04T14:18:00+00:00\",\"dateModified\":\"2022-07-08T14:34:44+00:00\",\"mainEntityOfPage\":{\"@id\":\"https:\\\/\\\/permakultur-landwirtschaft.org\\\/klimawandel-birgt-chancen-fuer-landwirtschaft-beitrag-der-luzerner-zeitung-vom-04-juli-2022\\\/\"},\"wordCount\":123,\"publisher\":{\"@id\":\"https:\\\/\\\/permakultur-landwirtschaft.org\\\/#organization\"},\"image\":{\"@id\":\"https:\\\/\\\/permakultur-landwirtschaft.org\\\/klimawandel-birgt-chancen-fuer-landwirtschaft-beitrag-der-luzerner-zeitung-vom-04-juli-2022\\\/#primaryimage\"},\"thumbnailUrl\":\"https:\\\/\\\/permakultur-landwirtschaft.org\\\/wp-content\\\/uploads\\\/2022\\\/07\\\/20220707_LU_Zeitung_Roelli.jpg\",\"articleSection\":[\"Neuigkeit\"],\"inLanguage\":\"fr-FR\"},{\"@type\":\"WebPage\",\"@id\":\"https:\\\/\\\/permakultur-landwirtschaft.org\\\/klimawandel-birgt-chancen-fuer-landwirtschaft-beitrag-der-luzerner-zeitung-vom-04-juli-2022\\\/\",\"url\":\"https:\\\/\\\/permakultur-landwirtschaft.org\\\/klimawandel-birgt-chancen-fuer-landwirtschaft-beitrag-der-luzerner-zeitung-vom-04-juli-2022\\\/\",\"name\":\"Klimawandel birgt Chancen f\u00fcr Landwirtschaft - Beitrag der Luzerner Zeitung vom 04. Juli 2022 - Permakultur-Landwirtschaft\",\"isPartOf\":{\"@id\":\"https:\\\/\\\/permakultur-landwirtschaft.org\\\/#website\"},\"primaryImageOfPage\":{\"@id\":\"https:\\\/\\\/permakultur-landwirtschaft.org\\\/klimawandel-birgt-chancen-fuer-landwirtschaft-beitrag-der-luzerner-zeitung-vom-04-juli-2022\\\/#primaryimage\"},\"image\":{\"@id\":\"https:\\\/\\\/permakultur-landwirtschaft.org\\\/klimawandel-birgt-chancen-fuer-landwirtschaft-beitrag-der-luzerner-zeitung-vom-04-juli-2022\\\/#primaryimage\"},\"thumbnailUrl\":\"https:\\\/\\\/permakultur-landwirtschaft.org\\\/wp-content\\\/uploads\\\/2022\\\/07\\\/20220707_LU_Zeitung_Roelli.jpg\",\"datePublished\":\"2022-07-04T14:18:00+00:00\",\"dateModified\":\"2022-07-08T14:34:44+00:00\",\"breadcrumb\":{\"@id\":\"https:\\\/\\\/permakultur-landwirtschaft.org\\\/klimawandel-birgt-chancen-fuer-landwirtschaft-beitrag-der-luzerner-zeitung-vom-04-juli-2022\\\/#breadcrumb\"},\"inLanguage\":\"fr-FR\",\"potentialAction\":[{\"@type\":\"ReadAction\",\"target\":[\"https:\\\/\\\/permakultur-landwirtschaft.org\\\/klimawandel-birgt-chancen-fuer-landwirtschaft-beitrag-der-luzerner-zeitung-vom-04-juli-2022\\\/\"]}]},{\"@type\":\"ImageObject\",\"inLanguage\":\"fr-FR\",\"@id\":\"https:\\\/\\\/permakultur-landwirtschaft.org\\\/klimawandel-birgt-chancen-fuer-landwirtschaft-beitrag-der-luzerner-zeitung-vom-04-juli-2022\\\/#primaryimage\",\"url\":\"https:\\\/\\\/permakultur-landwirtschaft.org\\\/wp-content\\\/uploads\\\/2022\\\/07\\\/20220707_LU_Zeitung_Roelli.jpg\",\"contentUrl\":\"https:\\\/\\\/permakultur-landwirtschaft.org\\\/wp-content\\\/uploads\\\/2022\\\/07\\\/20220707_LU_Zeitung_Roelli.jpg\",\"width\":700,\"height\":469},{\"@type\":\"BreadcrumbList\",\"@id\":\"https:\\\/\\\/permakultur-landwirtschaft.org\\\/klimawandel-birgt-chancen-fuer-landwirtschaft-beitrag-der-luzerner-zeitung-vom-04-juli-2022\\\/#breadcrumb\",\"itemListElement\":[{\"@type\":\"ListItem\",\"position\":1,\"name\":\"Startseite\",\"item\":\"https:\\\/\\\/permakultur-landwirtschaft.org\\\/\"},{\"@type\":\"ListItem\",\"position\":2,\"name\":\"Klimawandel birgt Chancen f\u00fcr Landwirtschaft &#8211; Beitrag der Luzerner Zeitung vom 04. Juli 2022\"}]},{\"@type\":\"WebSite\",\"@id\":\"https:\\\/\\\/permakultur-landwirtschaft.org\\\/#website\",\"url\":\"https:\\\/\\\/permakultur-landwirtschaft.org\\\/\",\"name\":\"Permakultur-Landwirtschaft\",\"description\":\"F\u00f6rderung der Permakultur in der Landwirtschaft\",\"publisher\":{\"@id\":\"https:\\\/\\\/permakultur-landwirtschaft.org\\\/#organization\"},\"potentialAction\":[{\"@type\":\"SearchAction\",\"target\":{\"@type\":\"EntryPoint\",\"urlTemplate\":\"https:\\\/\\\/permakultur-landwirtschaft.org\\\/?s={search_term_string}\"},\"query-input\":{\"@type\":\"PropertyValueSpecification\",\"valueRequired\":true,\"valueName\":\"search_term_string\"}}],\"inLanguage\":\"fr-FR\"},{\"@type\":\"Organization\",\"@id\":\"https:\\\/\\\/permakultur-landwirtschaft.org\\\/#organization\",\"name\":\"Permakultur-Landwirtschaft\",\"alternateName\":\"Verein Permakultur-Landwirtschaft\",\"url\":\"https:\\\/\\\/permakultur-landwirtschaft.org\\\/\",\"logo\":{\"@type\":\"ImageObject\",\"inLanguage\":\"fr-FR\",\"@id\":\"https:\\\/\\\/permakultur-landwirtschaft.org\\\/#\\\/schema\\\/logo\\\/image\\\/\",\"url\":\"https:\\\/\\\/permakultur-landwirtschaft.org\\\/wp-content\\\/uploads\\\/2021\\\/11\\\/pela_1268x1269.png\",\"contentUrl\":\"https:\\\/\\\/permakultur-landwirtschaft.org\\\/wp-content\\\/uploads\\\/2021\\\/11\\\/pela_1268x1269.png\",\"width\":1298,\"height\":1269,\"caption\":\"Permakultur-Landwirtschaft\"},\"image\":{\"@id\":\"https:\\\/\\\/permakultur-landwirtschaft.org\\\/#\\\/schema\\\/logo\\\/image\\\/\"},\"sameAs\":[\"https:\\\/\\\/www.facebook.com\\\/PermakulturLandwirtschaft\",\"https:\\\/\\\/www.instagram.com\\\/permakultur_landwirtschaft\\\/\",\"https:\\\/\\\/www.flickr.com\\\/photos\\\/permakultur-landwirtschaft\",\"https:\\\/\\\/www.youtube.com\\\/@PermakulturLandwirtschaft\"]},{\"@type\":\"Person\",\"@id\":\"https:\\\/\\\/permakultur-landwirtschaft.org\\\/#\\\/schema\\\/person\\\/6b0467872f75aed3e144093f9bf4f0b0\",\"name\":\"adrian reutimann\",\"url\":\"https:\\\/\\\/permakultur-landwirtschaft.org\\\/fr\\\/author\\\/reutiadr\\\/\"}]}<\/script>\n<!-- \/ Yoast SEO plugin. -->","yoast_head_json":{"title":"Klimawandel birgt Chancen f\u00fcr Landwirtschaft - Beitrag der Luzerner Zeitung vom 04. Juli 2022 - Permakultur-Landwirtschaft","robots":{"index":"index","follow":"follow","max-snippet":"max-snippet:-1","max-image-preview":"max-image-preview:large","max-video-preview":"max-video-preview:-1"},"canonical":"https:\/\/permakultur-landwirtschaft.org\/fr\/klimawandel-birgt-chancen-fuer-landwirtschaft-beitrag-der-luzerner-zeitung-vom-04-juli-2022\/","og_locale":"fr_FR","og_type":"article","og_title":"Klimawandel birgt Chancen f\u00fcr Landwirtschaft - Beitrag der Luzerner Zeitung vom 04. Juli 2022 - Permakultur-Landwirtschaft","og_description":"Texte der luzernerzeitung.ch: Die Obwaldner Stiftung Lebensraum Gebirge hat vor kurzem eine Veranstaltung zum Thema Permakultur abgehalten. Im Herrenhaus in Grafenort sprach Referent Beat R\u00f6lli vor vollem Saal \u00fcber die Grunds\u00e4tze der Permakultur und deren Chancen f\u00fcr Landwirtschaft und Klima. \u00abDer Mensch kann im \u00d6kosystem auch eine positive Rolle einnehmen. Das heisst, er kann mit [&hellip;]","og_url":"https:\/\/permakultur-landwirtschaft.org\/fr\/klimawandel-birgt-chancen-fuer-landwirtschaft-beitrag-der-luzerner-zeitung-vom-04-juli-2022\/","og_site_name":"Permakultur-Landwirtschaft","article_publisher":"https:\/\/www.facebook.com\/PermakulturLandwirtschaft","article_published_time":"2022-07-04T14:18:00+00:00","article_modified_time":"2022-07-08T14:34:44+00:00","og_image":[{"width":700,"height":469,"url":"https:\/\/permakultur-landwirtschaft.org\/wp-content\/uploads\/2022\/07\/20220707_LU_Zeitung_Roelli.jpg","type":"image\/jpeg"}],"author":"adrian reutimann","twitter_card":"summary_large_image","twitter_misc":{"\u00c9crit par":"adrian reutimann","Dur\u00e9e de lecture estim\u00e9e":"1 minute"},"schema":{"@context":"https:\/\/schema.org","@graph":[{"@type":"Article","@id":"https:\/\/permakultur-landwirtschaft.org\/klimawandel-birgt-chancen-fuer-landwirtschaft-beitrag-der-luzerner-zeitung-vom-04-juli-2022\/#article","isPartOf":{"@id":"https:\/\/permakultur-landwirtschaft.org\/klimawandel-birgt-chancen-fuer-landwirtschaft-beitrag-der-luzerner-zeitung-vom-04-juli-2022\/"},"author":{"name":"adrian reutimann","@id":"https:\/\/permakultur-landwirtschaft.org\/#\/schema\/person\/6b0467872f75aed3e144093f9bf4f0b0"},"headline":"Klimawandel birgt Chancen f\u00fcr Landwirtschaft &#8211; Beitrag der Luzerner Zeitung vom 04. Juli 2022","datePublished":"2022-07-04T14:18:00+00:00","dateModified":"2022-07-08T14:34:44+00:00","mainEntityOfPage":{"@id":"https:\/\/permakultur-landwirtschaft.org\/klimawandel-birgt-chancen-fuer-landwirtschaft-beitrag-der-luzerner-zeitung-vom-04-juli-2022\/"},"wordCount":123,"publisher":{"@id":"https:\/\/permakultur-landwirtschaft.org\/#organization"},"image":{"@id":"https:\/\/permakultur-landwirtschaft.org\/klimawandel-birgt-chancen-fuer-landwirtschaft-beitrag-der-luzerner-zeitung-vom-04-juli-2022\/#primaryimage"},"thumbnailUrl":"https:\/\/permakultur-landwirtschaft.org\/wp-content\/uploads\/2022\/07\/20220707_LU_Zeitung_Roelli.jpg","articleSection":["Neuigkeit"],"inLanguage":"fr-FR"},{"@type":"WebPage","@id":"https:\/\/permakultur-landwirtschaft.org\/klimawandel-birgt-chancen-fuer-landwirtschaft-beitrag-der-luzerner-zeitung-vom-04-juli-2022\/","url":"https:\/\/permakultur-landwirtschaft.org\/klimawandel-birgt-chancen-fuer-landwirtschaft-beitrag-der-luzerner-zeitung-vom-04-juli-2022\/","name":"Klimawandel birgt Chancen f\u00fcr Landwirtschaft - Beitrag der Luzerner Zeitung vom 04. Juli 2022 - Permakultur-Landwirtschaft","isPartOf":{"@id":"https:\/\/permakultur-landwirtschaft.org\/#website"},"primaryImageOfPage":{"@id":"https:\/\/permakultur-landwirtschaft.org\/klimawandel-birgt-chancen-fuer-landwirtschaft-beitrag-der-luzerner-zeitung-vom-04-juli-2022\/#primaryimage"},"image":{"@id":"https:\/\/permakultur-landwirtschaft.org\/klimawandel-birgt-chancen-fuer-landwirtschaft-beitrag-der-luzerner-zeitung-vom-04-juli-2022\/#primaryimage"},"thumbnailUrl":"https:\/\/permakultur-landwirtschaft.org\/wp-content\/uploads\/2022\/07\/20220707_LU_Zeitung_Roelli.jpg","datePublished":"2022-07-04T14:18:00+00:00","dateModified":"2022-07-08T14:34:44+00:00","breadcrumb":{"@id":"https:\/\/permakultur-landwirtschaft.org\/klimawandel-birgt-chancen-fuer-landwirtschaft-beitrag-der-luzerner-zeitung-vom-04-juli-2022\/#breadcrumb"},"inLanguage":"fr-FR","potentialAction":[{"@type":"ReadAction","target":["https:\/\/permakultur-landwirtschaft.org\/klimawandel-birgt-chancen-fuer-landwirtschaft-beitrag-der-luzerner-zeitung-vom-04-juli-2022\/"]}]},{"@type":"ImageObject","inLanguage":"fr-FR","@id":"https:\/\/permakultur-landwirtschaft.org\/klimawandel-birgt-chancen-fuer-landwirtschaft-beitrag-der-luzerner-zeitung-vom-04-juli-2022\/#primaryimage","url":"https:\/\/permakultur-landwirtschaft.org\/wp-content\/uploads\/2022\/07\/20220707_LU_Zeitung_Roelli.jpg","contentUrl":"https:\/\/permakultur-landwirtschaft.org\/wp-content\/uploads\/2022\/07\/20220707_LU_Zeitung_Roelli.jpg","width":700,"height":469},{"@type":"BreadcrumbList","@id":"https:\/\/permakultur-landwirtschaft.org\/klimawandel-birgt-chancen-fuer-landwirtschaft-beitrag-der-luzerner-zeitung-vom-04-juli-2022\/#breadcrumb","itemListElement":[{"@type":"ListItem","position":1,"name":"Startseite","item":"https:\/\/permakultur-landwirtschaft.org\/"},{"@type":"ListItem","position":2,"name":"Klimawandel birgt Chancen f\u00fcr Landwirtschaft &#8211; Beitrag der Luzerner Zeitung vom 04. Juli 2022"}]},{"@type":"WebSite","@id":"https:\/\/permakultur-landwirtschaft.org\/#website","url":"https:\/\/permakultur-landwirtschaft.org\/","name":"Permakultur-Landwirtschaft","description":"F\u00f6rderung der Permakultur in der Landwirtschaft","publisher":{"@id":"https:\/\/permakultur-landwirtschaft.org\/#organization"},"potentialAction":[{"@type":"SearchAction","target":{"@type":"EntryPoint","urlTemplate":"https:\/\/permakultur-landwirtschaft.org\/?s={search_term_string}"},"query-input":{"@type":"PropertyValueSpecification","valueRequired":true,"valueName":"search_term_string"}}],"inLanguage":"fr-FR"},{"@type":"Organization","@id":"https:\/\/permakultur-landwirtschaft.org\/#organization","name":"Permakultur-Landwirtschaft","alternateName":"Verein Permakultur-Landwirtschaft","url":"https:\/\/permakultur-landwirtschaft.org\/","logo":{"@type":"ImageObject","inLanguage":"fr-FR","@id":"https:\/\/permakultur-landwirtschaft.org\/#\/schema\/logo\/image\/","url":"https:\/\/permakultur-landwirtschaft.org\/wp-content\/uploads\/2021\/11\/pela_1268x1269.png","contentUrl":"https:\/\/permakultur-landwirtschaft.org\/wp-content\/uploads\/2021\/11\/pela_1268x1269.png","width":1298,"height":1269,"caption":"Permakultur-Landwirtschaft"},"image":{"@id":"https:\/\/permakultur-landwirtschaft.org\/#\/schema\/logo\/image\/"},"sameAs":["https:\/\/www.facebook.com\/PermakulturLandwirtschaft","https:\/\/www.instagram.com\/permakultur_landwirtschaft\/","https:\/\/www.flickr.com\/photos\/permakultur-landwirtschaft","https:\/\/www.youtube.com\/@PermakulturLandwirtschaft"]},{"@type":"Person","@id":"https:\/\/permakultur-landwirtschaft.org\/#\/schema\/person\/6b0467872f75aed3e144093f9bf4f0b0","name":"adrian reutimann","url":"https:\/\/permakultur-landwirtschaft.org\/fr\/author\/reutiadr\/"}]}},"_links":{"self":[{"href":"https:\/\/permakultur-landwirtschaft.org\/fr\/wp-json\/wp\/v2\/posts\/21083","targetHints":{"allow":["GET"]}}],"collection":[{"href":"https:\/\/permakultur-landwirtschaft.org\/fr\/wp-json\/wp\/v2\/posts"}],"about":[{"href":"https:\/\/permakultur-landwirtschaft.org\/fr\/wp-json\/wp\/v2\/types\/post"}],"author":[{"embeddable":true,"href":"https:\/\/permakultur-landwirtschaft.org\/fr\/wp-json\/wp\/v2\/users\/2"}],"replies":[{"embeddable":true,"href":"https:\/\/permakultur-landwirtschaft.org\/fr\/wp-json\/wp\/v2\/comments?post=21083"}],"version-history":[{"count":1,"href":"https:\/\/permakultur-landwirtschaft.org\/fr\/wp-json\/wp\/v2\/posts\/21083\/revisions"}],"predecessor-version":[{"id":21085,"href":"https:\/\/permakultur-landwirtschaft.org\/fr\/wp-json\/wp\/v2\/posts\/21083\/revisions\/21085"}],"wp:featuredmedia":[{"embeddable":true,"href":"https:\/\/permakultur-landwirtschaft.org\/fr\/wp-json\/wp\/v2\/media\/21084"}],"wp:attachment":[{"href":"https:\/\/permakultur-landwirtschaft.org\/fr\/wp-json\/wp\/v2\/media?parent=21083"}],"wp:term":[{"taxonomy":"category","embeddable":true,"href":"https:\/\/permakultur-landwirtschaft.org\/fr\/wp-json\/wp\/v2\/categories?post=21083"},{"taxonomy":"post_tag","embeddable":true,"href":"https:\/\/permakultur-landwirtschaft.org\/fr\/wp-json\/wp\/v2\/tags?post=21083"}],"curies":[{"name":"wp","href":"https:\/\/api.w.org\/{rel}","templated":true}]}}