{"id":20768,"date":"2017-07-02T09:46:00","date_gmt":"2017-07-02T07:46:00","guid":{"rendered":"https:\/\/permakultur-landwirtschaft.org\/?p=20768"},"modified":"2022-07-01T09:50:47","modified_gmt":"2022-07-01T07:50:47","slug":"komposttee-statt-fungizide-artikel-im-tagesanzeiger-vom-02-juli-2017","status":"publish","type":"post","link":"https:\/\/permakultur-landwirtschaft.org\/fr\/komposttee-statt-fungizide-artikel-im-tagesanzeiger-vom-02-juli-2017\/","title":{"rendered":"\u00abKomposttee\u00bb statt Fungizide &#8211; Artikel im Tagesanzeiger vom 02. Juli 2017"},"content":{"rendered":"<p>Text vom Tagesanzeiger:<\/p>\n\n\n\n<p>Roger G\u00fcndel betreibt einen pestizidfreien Bauernhof. Mit dem gr\u00f6ssten Permakultur-Versuch der Schweiz m\u00f6chte er einen Schritt weiter gehen.<\/p>\n\n\n\n<p>Die Fl\u00e4schchen mit den Totenk\u00f6pfchen waren dem Biobauer Roger G\u00fcndel bereits in der G\u00e4rtnerlehre zuwider. Er erinnert sich an eine Episode mit \u00adseinem Lehrmeister, dem er vorschlug, beim Ausbringen der Pestizide Schutzanz\u00fcge anzuziehen, genau so wie er es in der Berufsschule gelernt hatte. Doch der Lehrmeister war entsetzt. \u00abUm Gottes willen nein\u00bb, bekam er zur Antwort, \u00absonst denken die Leute, wir w\u00fcrden \u00adetwas Giftiges auf die Felder spritzen.\u00bb<\/p>\n\n\n\n<p>Link zum Artikel im Tagesanzeiger: <a href=\"https:\/\/www.tagesanzeiger.ch\/komposttee-statt-fungizide-903875410075\" target=\"_blank\" rel=\"noreferrer noopener\">www.tagesanzeiger.ch\/komposttee-statt-fungizide-903875410075<\/a><\/p>\n\n\n\n<figure class=\"wp-block-image size-full\"><a href=\"https:\/\/www.tagesanzeiger.ch\/komposttee-statt-fungizide-903875410075\" target=\"_blank\" rel=\"noreferrer noopener\"><img fetchpriority=\"high\" decoding=\"async\" width=\"640\" height=\"426\" src=\"https:\/\/permakultur-landwirtschaft.org\/wp-content\/uploads\/2022\/07\/2017_birchhof_komposttee.jpg\" alt=\"\" class=\"wp-image-20769\" srcset=\"https:\/\/permakultur-landwirtschaft.org\/wp-content\/uploads\/2022\/07\/2017_birchhof_komposttee.jpg 640w, https:\/\/permakultur-landwirtschaft.org\/wp-content\/uploads\/2022\/07\/2017_birchhof_komposttee-300x200.jpg 300w, https:\/\/permakultur-landwirtschaft.org\/wp-content\/uploads\/2022\/07\/2017_birchhof_komposttee-272x182.jpg 272w\" sizes=\"(max-width: 640px) 100vw, 640px\" \/><\/a><figcaption>Bild: Dominique Meienberg<\/figcaption><\/figure>\n\n\n\n<hr class=\"wp-block-separator has-css-opacity\"\/>\n\n\n\n<h3 class=\"wp-block-heading\"><a href=\"https:\/\/permakultur-landwirtschaft.org\/fr\/medien\/\">Hier geht&#8217;s zur \u00dcbersicht aller Neuigkeiten<\/a><\/h3>","protected":false},"excerpt":{"rendered":"<p>Text vom Tagesanzeiger: Roger G\u00fcndel betreibt einen pestizidfreien Bauernhof. Mit dem gr\u00f6ssten Permakultur-Versuch der Schweiz m\u00f6chte er einen Schritt weiter gehen. Die Fl\u00e4schchen mit den Totenk\u00f6pfchen waren dem Biobauer Roger G\u00fcndel bereits in der G\u00e4rtnerlehre zuwider. Er erinnert sich an eine Episode mit \u00adseinem Lehrmeister, dem er vorschlug, beim Ausbringen der Pestizide Schutzanz\u00fcge anzuziehen, genau [&hellip;]<\/p>\n","protected":false},"author":2,"featured_media":20769,"comment_status":"closed","ping_status":"closed","sticky":false,"template":"","format":"standard","meta":{"_acf_changed":false,"site-sidebar-layout":"default","site-content-layout":"","ast-site-content-layout":"default","site-content-style":"default","site-sidebar-style":"default","ast-global-header-display":"","ast-banner-title-visibility":"","ast-main-header-display":"","ast-hfb-above-header-display":"","ast-hfb-below-header-display":"","ast-hfb-mobile-header-display":"","site-post-title":"","ast-breadcrumbs-content":"","ast-featured-img":"","footer-sml-layout":"","ast-disable-related-posts":"","theme-transparent-header-meta":"","adv-header-id-meta":"","stick-header-meta":"","header-above-stick-meta":"","header-main-stick-meta":"","header-below-stick-meta":"","astra-migrate-meta-layouts":"default","ast-page-background-enabled":"default","ast-page-background-meta":{"desktop":{"background-color":"var(--ast-global-color-4)","background-image":"","background-repeat":"repeat","background-position":"center center","background-size":"auto","background-attachment":"scroll","background-type":"","background-media":"","overlay-type":"","overlay-color":"","overlay-opacity":"","overlay-gradient":""},"tablet":{"background-color":"","background-image":"","background-repeat":"repeat","background-position":"center center","background-size":"auto","background-attachment":"scroll","background-type":"","background-media":"","overlay-type":"","overlay-color":"","overlay-opacity":"","overlay-gradient":""},"mobile":{"background-color":"","background-image":"","background-repeat":"repeat","background-position":"center center","background-size":"auto","background-attachment":"scroll","background-type":"","background-media":"","overlay-type":"","overlay-color":"","overlay-opacity":"","overlay-gradient":""}},"ast-content-background-meta":{"desktop":{"background-color":"var(--ast-global-color-5)","background-image":"","background-repeat":"repeat","background-position":"center center","background-size":"auto","background-attachment":"scroll","background-type":"","background-media":"","overlay-type":"","overlay-color":"","overlay-opacity":"","overlay-gradient":""},"tablet":{"background-color":"var(--ast-global-color-5)","background-image":"","background-repeat":"repeat","background-position":"center center","background-size":"auto","background-attachment":"scroll","background-type":"","background-media":"","overlay-type":"","overlay-color":"","overlay-opacity":"","overlay-gradient":""},"mobile":{"background-color":"var(--ast-global-color-5)","background-image":"","background-repeat":"repeat","background-position":"center center","background-size":"auto","background-attachment":"scroll","background-type":"","background-media":"","overlay-type":"","overlay-color":"","overlay-opacity":"","overlay-gradient":""}},"footnotes":""},"categories":[22],"tags":[],"class_list":["post-20768","post","type-post","status-publish","format-standard","has-post-thumbnail","hentry","category-neuigkeit"],"acf":[],"yoast_head":"<!-- This site is optimized with the Yoast SEO plugin v27.5 - https:\/\/yoast.com\/product\/yoast-seo-wordpress\/ -->\n<title>\u00abKomposttee\u00bb statt Fungizide - Artikel im Tagesanzeiger vom 02. Juli 2017 - Permakultur-Landwirtschaft<\/title>\n<meta name=\"robots\" content=\"index, follow, max-snippet:-1, max-image-preview:large, max-video-preview:-1\" \/>\n<link rel=\"canonical\" href=\"https:\/\/permakultur-landwirtschaft.org\/fr\/komposttee-statt-fungizide-artikel-im-tagesanzeiger-vom-02-juli-2017\/\" \/>\n<meta property=\"og:locale\" content=\"fr_FR\" \/>\n<meta property=\"og:type\" content=\"article\" \/>\n<meta property=\"og:title\" content=\"\u00abKomposttee\u00bb statt Fungizide - Artikel im Tagesanzeiger vom 02. Juli 2017 - Permakultur-Landwirtschaft\" \/>\n<meta property=\"og:description\" content=\"Text vom Tagesanzeiger: Roger G\u00fcndel betreibt einen pestizidfreien Bauernhof. Mit dem gr\u00f6ssten Permakultur-Versuch der Schweiz m\u00f6chte er einen Schritt weiter gehen. Die Fl\u00e4schchen mit den Totenk\u00f6pfchen waren dem Biobauer Roger G\u00fcndel bereits in der G\u00e4rtnerlehre zuwider. Er erinnert sich an eine Episode mit \u00adseinem Lehrmeister, dem er vorschlug, beim Ausbringen der Pestizide Schutzanz\u00fcge anzuziehen, genau [&hellip;]\" \/>\n<meta property=\"og:url\" content=\"https:\/\/permakultur-landwirtschaft.org\/fr\/komposttee-statt-fungizide-artikel-im-tagesanzeiger-vom-02-juli-2017\/\" \/>\n<meta property=\"og:site_name\" content=\"Permakultur-Landwirtschaft\" \/>\n<meta property=\"article:publisher\" content=\"https:\/\/www.facebook.com\/PermakulturLandwirtschaft\" \/>\n<meta property=\"article:published_time\" content=\"2017-07-02T07:46:00+00:00\" \/>\n<meta property=\"article:modified_time\" content=\"2022-07-01T07:50:47+00:00\" \/>\n<meta property=\"og:image\" content=\"https:\/\/permakultur-landwirtschaft.org\/wp-content\/uploads\/2022\/07\/2017_birchhof_komposttee.jpg\" \/>\n\t<meta property=\"og:image:width\" content=\"640\" \/>\n\t<meta property=\"og:image:height\" content=\"426\" \/>\n\t<meta property=\"og:image:type\" content=\"image\/jpeg\" \/>\n<meta name=\"author\" content=\"adrian reutimann\" \/>\n<meta name=\"twitter:card\" content=\"summary_large_image\" \/>\n<meta name=\"twitter:label1\" content=\"\u00c9crit par\" \/>\n\t<meta name=\"twitter:data1\" content=\"adrian reutimann\" \/>\n\t<meta name=\"twitter:label2\" content=\"Dur\u00e9e de lecture estim\u00e9e\" \/>\n\t<meta name=\"twitter:data2\" content=\"1 minute\" \/>\n<script type=\"application\/ld+json\" class=\"yoast-schema-graph\">{\"@context\":\"https:\\\/\\\/schema.org\",\"@graph\":[{\"@type\":\"Article\",\"@id\":\"https:\\\/\\\/permakultur-landwirtschaft.org\\\/komposttee-statt-fungizide-artikel-im-tagesanzeiger-vom-02-juli-2017\\\/#article\",\"isPartOf\":{\"@id\":\"https:\\\/\\\/permakultur-landwirtschaft.org\\\/komposttee-statt-fungizide-artikel-im-tagesanzeiger-vom-02-juli-2017\\\/\"},\"author\":{\"name\":\"adrian reutimann\",\"@id\":\"https:\\\/\\\/permakultur-landwirtschaft.org\\\/#\\\/schema\\\/person\\\/6b0467872f75aed3e144093f9bf4f0b0\"},\"headline\":\"\u00abKomposttee\u00bb statt Fungizide &#8211; Artikel im Tagesanzeiger vom 02. Juli 2017\",\"datePublished\":\"2017-07-02T07:46:00+00:00\",\"dateModified\":\"2022-07-01T07:50:47+00:00\",\"mainEntityOfPage\":{\"@id\":\"https:\\\/\\\/permakultur-landwirtschaft.org\\\/komposttee-statt-fungizide-artikel-im-tagesanzeiger-vom-02-juli-2017\\\/\"},\"wordCount\":126,\"publisher\":{\"@id\":\"https:\\\/\\\/permakultur-landwirtschaft.org\\\/#organization\"},\"image\":{\"@id\":\"https:\\\/\\\/permakultur-landwirtschaft.org\\\/komposttee-statt-fungizide-artikel-im-tagesanzeiger-vom-02-juli-2017\\\/#primaryimage\"},\"thumbnailUrl\":\"https:\\\/\\\/permakultur-landwirtschaft.org\\\/wp-content\\\/uploads\\\/2022\\\/07\\\/2017_birchhof_komposttee.jpg\",\"articleSection\":[\"Neuigkeit\"],\"inLanguage\":\"fr-FR\"},{\"@type\":\"WebPage\",\"@id\":\"https:\\\/\\\/permakultur-landwirtschaft.org\\\/komposttee-statt-fungizide-artikel-im-tagesanzeiger-vom-02-juli-2017\\\/\",\"url\":\"https:\\\/\\\/permakultur-landwirtschaft.org\\\/komposttee-statt-fungizide-artikel-im-tagesanzeiger-vom-02-juli-2017\\\/\",\"name\":\"\u00abKomposttee\u00bb statt Fungizide - Artikel im Tagesanzeiger vom 02. Juli 2017 - Permakultur-Landwirtschaft\",\"isPartOf\":{\"@id\":\"https:\\\/\\\/permakultur-landwirtschaft.org\\\/#website\"},\"primaryImageOfPage\":{\"@id\":\"https:\\\/\\\/permakultur-landwirtschaft.org\\\/komposttee-statt-fungizide-artikel-im-tagesanzeiger-vom-02-juli-2017\\\/#primaryimage\"},\"image\":{\"@id\":\"https:\\\/\\\/permakultur-landwirtschaft.org\\\/komposttee-statt-fungizide-artikel-im-tagesanzeiger-vom-02-juli-2017\\\/#primaryimage\"},\"thumbnailUrl\":\"https:\\\/\\\/permakultur-landwirtschaft.org\\\/wp-content\\\/uploads\\\/2022\\\/07\\\/2017_birchhof_komposttee.jpg\",\"datePublished\":\"2017-07-02T07:46:00+00:00\",\"dateModified\":\"2022-07-01T07:50:47+00:00\",\"breadcrumb\":{\"@id\":\"https:\\\/\\\/permakultur-landwirtschaft.org\\\/komposttee-statt-fungizide-artikel-im-tagesanzeiger-vom-02-juli-2017\\\/#breadcrumb\"},\"inLanguage\":\"fr-FR\",\"potentialAction\":[{\"@type\":\"ReadAction\",\"target\":[\"https:\\\/\\\/permakultur-landwirtschaft.org\\\/komposttee-statt-fungizide-artikel-im-tagesanzeiger-vom-02-juli-2017\\\/\"]}]},{\"@type\":\"ImageObject\",\"inLanguage\":\"fr-FR\",\"@id\":\"https:\\\/\\\/permakultur-landwirtschaft.org\\\/komposttee-statt-fungizide-artikel-im-tagesanzeiger-vom-02-juli-2017\\\/#primaryimage\",\"url\":\"https:\\\/\\\/permakultur-landwirtschaft.org\\\/wp-content\\\/uploads\\\/2022\\\/07\\\/2017_birchhof_komposttee.jpg\",\"contentUrl\":\"https:\\\/\\\/permakultur-landwirtschaft.org\\\/wp-content\\\/uploads\\\/2022\\\/07\\\/2017_birchhof_komposttee.jpg\",\"width\":640,\"height\":426},{\"@type\":\"BreadcrumbList\",\"@id\":\"https:\\\/\\\/permakultur-landwirtschaft.org\\\/komposttee-statt-fungizide-artikel-im-tagesanzeiger-vom-02-juli-2017\\\/#breadcrumb\",\"itemListElement\":[{\"@type\":\"ListItem\",\"position\":1,\"name\":\"Startseite\",\"item\":\"https:\\\/\\\/permakultur-landwirtschaft.org\\\/\"},{\"@type\":\"ListItem\",\"position\":2,\"name\":\"\u00abKomposttee\u00bb statt Fungizide &#8211; Artikel im Tagesanzeiger vom 02. Juli 2017\"}]},{\"@type\":\"WebSite\",\"@id\":\"https:\\\/\\\/permakultur-landwirtschaft.org\\\/#website\",\"url\":\"https:\\\/\\\/permakultur-landwirtschaft.org\\\/\",\"name\":\"Permakultur-Landwirtschaft\",\"description\":\"F\u00f6rderung der Permakultur in der Landwirtschaft\",\"publisher\":{\"@id\":\"https:\\\/\\\/permakultur-landwirtschaft.org\\\/#organization\"},\"potentialAction\":[{\"@type\":\"SearchAction\",\"target\":{\"@type\":\"EntryPoint\",\"urlTemplate\":\"https:\\\/\\\/permakultur-landwirtschaft.org\\\/?s={search_term_string}\"},\"query-input\":{\"@type\":\"PropertyValueSpecification\",\"valueRequired\":true,\"valueName\":\"search_term_string\"}}],\"inLanguage\":\"fr-FR\"},{\"@type\":\"Organization\",\"@id\":\"https:\\\/\\\/permakultur-landwirtschaft.org\\\/#organization\",\"name\":\"Permakultur-Landwirtschaft\",\"alternateName\":\"Verein Permakultur-Landwirtschaft\",\"url\":\"https:\\\/\\\/permakultur-landwirtschaft.org\\\/\",\"logo\":{\"@type\":\"ImageObject\",\"inLanguage\":\"fr-FR\",\"@id\":\"https:\\\/\\\/permakultur-landwirtschaft.org\\\/#\\\/schema\\\/logo\\\/image\\\/\",\"url\":\"https:\\\/\\\/permakultur-landwirtschaft.org\\\/wp-content\\\/uploads\\\/2021\\\/11\\\/pela_1268x1269.png\",\"contentUrl\":\"https:\\\/\\\/permakultur-landwirtschaft.org\\\/wp-content\\\/uploads\\\/2021\\\/11\\\/pela_1268x1269.png\",\"width\":1298,\"height\":1269,\"caption\":\"Permakultur-Landwirtschaft\"},\"image\":{\"@id\":\"https:\\\/\\\/permakultur-landwirtschaft.org\\\/#\\\/schema\\\/logo\\\/image\\\/\"},\"sameAs\":[\"https:\\\/\\\/www.facebook.com\\\/PermakulturLandwirtschaft\",\"https:\\\/\\\/www.instagram.com\\\/permakultur_landwirtschaft\\\/\",\"https:\\\/\\\/www.flickr.com\\\/photos\\\/permakultur-landwirtschaft\",\"https:\\\/\\\/www.youtube.com\\\/@PermakulturLandwirtschaft\"]},{\"@type\":\"Person\",\"@id\":\"https:\\\/\\\/permakultur-landwirtschaft.org\\\/#\\\/schema\\\/person\\\/6b0467872f75aed3e144093f9bf4f0b0\",\"name\":\"adrian reutimann\",\"url\":\"https:\\\/\\\/permakultur-landwirtschaft.org\\\/fr\\\/author\\\/reutiadr\\\/\"}]}<\/script>\n<!-- \/ Yoast SEO plugin. -->","yoast_head_json":{"title":"\u00abKomposttee\u00bb statt Fungizide - Artikel im Tagesanzeiger vom 02. Juli 2017 - Permakultur-Landwirtschaft","robots":{"index":"index","follow":"follow","max-snippet":"max-snippet:-1","max-image-preview":"max-image-preview:large","max-video-preview":"max-video-preview:-1"},"canonical":"https:\/\/permakultur-landwirtschaft.org\/fr\/komposttee-statt-fungizide-artikel-im-tagesanzeiger-vom-02-juli-2017\/","og_locale":"fr_FR","og_type":"article","og_title":"\u00abKomposttee\u00bb statt Fungizide - Artikel im Tagesanzeiger vom 02. Juli 2017 - Permakultur-Landwirtschaft","og_description":"Text vom Tagesanzeiger: Roger G\u00fcndel betreibt einen pestizidfreien Bauernhof. Mit dem gr\u00f6ssten Permakultur-Versuch der Schweiz m\u00f6chte er einen Schritt weiter gehen. Die Fl\u00e4schchen mit den Totenk\u00f6pfchen waren dem Biobauer Roger G\u00fcndel bereits in der G\u00e4rtnerlehre zuwider. Er erinnert sich an eine Episode mit \u00adseinem Lehrmeister, dem er vorschlug, beim Ausbringen der Pestizide Schutzanz\u00fcge anzuziehen, genau [&hellip;]","og_url":"https:\/\/permakultur-landwirtschaft.org\/fr\/komposttee-statt-fungizide-artikel-im-tagesanzeiger-vom-02-juli-2017\/","og_site_name":"Permakultur-Landwirtschaft","article_publisher":"https:\/\/www.facebook.com\/PermakulturLandwirtschaft","article_published_time":"2017-07-02T07:46:00+00:00","article_modified_time":"2022-07-01T07:50:47+00:00","og_image":[{"width":640,"height":426,"url":"https:\/\/permakultur-landwirtschaft.org\/wp-content\/uploads\/2022\/07\/2017_birchhof_komposttee.jpg","type":"image\/jpeg"}],"author":"adrian reutimann","twitter_card":"summary_large_image","twitter_misc":{"\u00c9crit par":"adrian reutimann","Dur\u00e9e de lecture estim\u00e9e":"1 minute"},"schema":{"@context":"https:\/\/schema.org","@graph":[{"@type":"Article","@id":"https:\/\/permakultur-landwirtschaft.org\/komposttee-statt-fungizide-artikel-im-tagesanzeiger-vom-02-juli-2017\/#article","isPartOf":{"@id":"https:\/\/permakultur-landwirtschaft.org\/komposttee-statt-fungizide-artikel-im-tagesanzeiger-vom-02-juli-2017\/"},"author":{"name":"adrian reutimann","@id":"https:\/\/permakultur-landwirtschaft.org\/#\/schema\/person\/6b0467872f75aed3e144093f9bf4f0b0"},"headline":"\u00abKomposttee\u00bb statt Fungizide &#8211; Artikel im Tagesanzeiger vom 02. Juli 2017","datePublished":"2017-07-02T07:46:00+00:00","dateModified":"2022-07-01T07:50:47+00:00","mainEntityOfPage":{"@id":"https:\/\/permakultur-landwirtschaft.org\/komposttee-statt-fungizide-artikel-im-tagesanzeiger-vom-02-juli-2017\/"},"wordCount":126,"publisher":{"@id":"https:\/\/permakultur-landwirtschaft.org\/#organization"},"image":{"@id":"https:\/\/permakultur-landwirtschaft.org\/komposttee-statt-fungizide-artikel-im-tagesanzeiger-vom-02-juli-2017\/#primaryimage"},"thumbnailUrl":"https:\/\/permakultur-landwirtschaft.org\/wp-content\/uploads\/2022\/07\/2017_birchhof_komposttee.jpg","articleSection":["Neuigkeit"],"inLanguage":"fr-FR"},{"@type":"WebPage","@id":"https:\/\/permakultur-landwirtschaft.org\/komposttee-statt-fungizide-artikel-im-tagesanzeiger-vom-02-juli-2017\/","url":"https:\/\/permakultur-landwirtschaft.org\/komposttee-statt-fungizide-artikel-im-tagesanzeiger-vom-02-juli-2017\/","name":"\u00abKomposttee\u00bb statt Fungizide - Artikel im Tagesanzeiger vom 02. Juli 2017 - Permakultur-Landwirtschaft","isPartOf":{"@id":"https:\/\/permakultur-landwirtschaft.org\/#website"},"primaryImageOfPage":{"@id":"https:\/\/permakultur-landwirtschaft.org\/komposttee-statt-fungizide-artikel-im-tagesanzeiger-vom-02-juli-2017\/#primaryimage"},"image":{"@id":"https:\/\/permakultur-landwirtschaft.org\/komposttee-statt-fungizide-artikel-im-tagesanzeiger-vom-02-juli-2017\/#primaryimage"},"thumbnailUrl":"https:\/\/permakultur-landwirtschaft.org\/wp-content\/uploads\/2022\/07\/2017_birchhof_komposttee.jpg","datePublished":"2017-07-02T07:46:00+00:00","dateModified":"2022-07-01T07:50:47+00:00","breadcrumb":{"@id":"https:\/\/permakultur-landwirtschaft.org\/komposttee-statt-fungizide-artikel-im-tagesanzeiger-vom-02-juli-2017\/#breadcrumb"},"inLanguage":"fr-FR","potentialAction":[{"@type":"ReadAction","target":["https:\/\/permakultur-landwirtschaft.org\/komposttee-statt-fungizide-artikel-im-tagesanzeiger-vom-02-juli-2017\/"]}]},{"@type":"ImageObject","inLanguage":"fr-FR","@id":"https:\/\/permakultur-landwirtschaft.org\/komposttee-statt-fungizide-artikel-im-tagesanzeiger-vom-02-juli-2017\/#primaryimage","url":"https:\/\/permakultur-landwirtschaft.org\/wp-content\/uploads\/2022\/07\/2017_birchhof_komposttee.jpg","contentUrl":"https:\/\/permakultur-landwirtschaft.org\/wp-content\/uploads\/2022\/07\/2017_birchhof_komposttee.jpg","width":640,"height":426},{"@type":"BreadcrumbList","@id":"https:\/\/permakultur-landwirtschaft.org\/komposttee-statt-fungizide-artikel-im-tagesanzeiger-vom-02-juli-2017\/#breadcrumb","itemListElement":[{"@type":"ListItem","position":1,"name":"Startseite","item":"https:\/\/permakultur-landwirtschaft.org\/"},{"@type":"ListItem","position":2,"name":"\u00abKomposttee\u00bb statt Fungizide &#8211; Artikel im Tagesanzeiger vom 02. Juli 2017"}]},{"@type":"WebSite","@id":"https:\/\/permakultur-landwirtschaft.org\/#website","url":"https:\/\/permakultur-landwirtschaft.org\/","name":"Permakultur-Landwirtschaft","description":"F\u00f6rderung der Permakultur in der Landwirtschaft","publisher":{"@id":"https:\/\/permakultur-landwirtschaft.org\/#organization"},"potentialAction":[{"@type":"SearchAction","target":{"@type":"EntryPoint","urlTemplate":"https:\/\/permakultur-landwirtschaft.org\/?s={search_term_string}"},"query-input":{"@type":"PropertyValueSpecification","valueRequired":true,"valueName":"search_term_string"}}],"inLanguage":"fr-FR"},{"@type":"Organization","@id":"https:\/\/permakultur-landwirtschaft.org\/#organization","name":"Permakultur-Landwirtschaft","alternateName":"Verein Permakultur-Landwirtschaft","url":"https:\/\/permakultur-landwirtschaft.org\/","logo":{"@type":"ImageObject","inLanguage":"fr-FR","@id":"https:\/\/permakultur-landwirtschaft.org\/#\/schema\/logo\/image\/","url":"https:\/\/permakultur-landwirtschaft.org\/wp-content\/uploads\/2021\/11\/pela_1268x1269.png","contentUrl":"https:\/\/permakultur-landwirtschaft.org\/wp-content\/uploads\/2021\/11\/pela_1268x1269.png","width":1298,"height":1269,"caption":"Permakultur-Landwirtschaft"},"image":{"@id":"https:\/\/permakultur-landwirtschaft.org\/#\/schema\/logo\/image\/"},"sameAs":["https:\/\/www.facebook.com\/PermakulturLandwirtschaft","https:\/\/www.instagram.com\/permakultur_landwirtschaft\/","https:\/\/www.flickr.com\/photos\/permakultur-landwirtschaft","https:\/\/www.youtube.com\/@PermakulturLandwirtschaft"]},{"@type":"Person","@id":"https:\/\/permakultur-landwirtschaft.org\/#\/schema\/person\/6b0467872f75aed3e144093f9bf4f0b0","name":"adrian reutimann","url":"https:\/\/permakultur-landwirtschaft.org\/fr\/author\/reutiadr\/"}]}},"_links":{"self":[{"href":"https:\/\/permakultur-landwirtschaft.org\/fr\/wp-json\/wp\/v2\/posts\/20768","targetHints":{"allow":["GET"]}}],"collection":[{"href":"https:\/\/permakultur-landwirtschaft.org\/fr\/wp-json\/wp\/v2\/posts"}],"about":[{"href":"https:\/\/permakultur-landwirtschaft.org\/fr\/wp-json\/wp\/v2\/types\/post"}],"author":[{"embeddable":true,"href":"https:\/\/permakultur-landwirtschaft.org\/fr\/wp-json\/wp\/v2\/users\/2"}],"replies":[{"embeddable":true,"href":"https:\/\/permakultur-landwirtschaft.org\/fr\/wp-json\/wp\/v2\/comments?post=20768"}],"version-history":[{"count":2,"href":"https:\/\/permakultur-landwirtschaft.org\/fr\/wp-json\/wp\/v2\/posts\/20768\/revisions"}],"predecessor-version":[{"id":20771,"href":"https:\/\/permakultur-landwirtschaft.org\/fr\/wp-json\/wp\/v2\/posts\/20768\/revisions\/20771"}],"wp:featuredmedia":[{"embeddable":true,"href":"https:\/\/permakultur-landwirtschaft.org\/fr\/wp-json\/wp\/v2\/media\/20769"}],"wp:attachment":[{"href":"https:\/\/permakultur-landwirtschaft.org\/fr\/wp-json\/wp\/v2\/media?parent=20768"}],"wp:term":[{"taxonomy":"category","embeddable":true,"href":"https:\/\/permakultur-landwirtschaft.org\/fr\/wp-json\/wp\/v2\/categories?post=20768"},{"taxonomy":"post_tag","embeddable":true,"href":"https:\/\/permakultur-landwirtschaft.org\/fr\/wp-json\/wp\/v2\/tags?post=20768"}],"curies":[{"name":"wp","href":"https:\/\/api.w.org\/{rel}","templated":true}]}}