{"id":20420,"date":"2022-09-24T11:12:00","date_gmt":"2022-09-24T09:12:00","guid":{"rendered":"https:\/\/permakultur-landwirtschaft.org\/?p=20420"},"modified":"2022-09-26T15:19:33","modified_gmt":"2022-09-26T13:19:33","slug":"permakultur-einfuehrungskurs-im-gruenig-seiliacher-24-bis-25-september-2022","status":"publish","type":"post","link":"https:\/\/permakultur-landwirtschaft.org\/fr\/permakultur-einfuehrungskurs-im-gruenig-seiliacher-24-bis-25-september-2022\/","title":{"rendered":"Permakultur Einf\u00fchrungskurs im GR\u00dcNIG Seiliacher &#8211; 24. bis 25. September 2022"},"content":{"rendered":"<p>Text von seiliacher.ch:<\/p>\n\n\n\n<p>Permakultur ist eine Planungsmethode, die uns dazu bef\u00e4higt lokale und globale Herausforderungen anzupacken. Permakultur ist auch ein tolles Netzwerk bestehend aus unterschiedlichsten Menschen.<br>Hast du Lust die Ideen und Ans\u00e4tze der Permakultur kennenzulernen? Im GR\u00dcNIG Seiliacher bieten wir \u00fcber zwei Tage einen bunten Mix aus spielerischem Lernen und Gartenpraxis!<\/p>\n\n\n\n<p><strong>Date<\/strong><br>24. bis 25. September 2022<\/p>\n\n\n\n<p><strong>Co\u00fbts<\/strong><br>CHF 300.-<br>(Anmeldungen bis Ende Juli bekommen einen Fr\u00fchbucherrabatt &#8211; CHF 275.- statt CHF 300.-)<\/p>\n\n\n\n<p>Flyer zum Anlass unter diesem Link: <a href=\"https:\/\/permakultur-landwirtschaft.org\/documents\/flyer\/20220924_Flyer_seiliacher_small.pdf\" target=\"_blank\" rel=\"noreferrer noopener\">permakultur-landwirtschaft.org\/documents\/flyer\/20220924_Flyer_seiliacher_small.pdf<\/a><\/p>\n\n\n\n<p>Link zur Ausschreibung bei GR\u00dcNIG Seiliacher: <a rel=\"noreferrer noopener\" href=\"https:\/\/seiliacher.ch\/einladung-zum-permakultur-einfuehrungskurs\/\" target=\"_blank\">seiliacher.ch\/einladung-zum-permakultur-einfuehrungskurs<\/a><\/p>\n\n\n\n<figure class=\"wp-block-image size-large\"><a href=\"https:\/\/seiliacher.ch\/einladung-zum-permakultur-einfuehrungskurs\/\" target=\"_blank\" rel=\"noreferrer noopener\"><img fetchpriority=\"high\" decoding=\"async\" width=\"1024\" height=\"542\" src=\"https:\/\/permakultur-landwirtschaft.org\/wp-content\/uploads\/2022\/06\/2022_einfuehrung_pk_seiliacher-1024x542.jpg\" alt=\"\" class=\"wp-image-20421\" srcset=\"https:\/\/permakultur-landwirtschaft.org\/wp-content\/uploads\/2022\/06\/2022_einfuehrung_pk_seiliacher-1024x542.jpg 1024w, https:\/\/permakultur-landwirtschaft.org\/wp-content\/uploads\/2022\/06\/2022_einfuehrung_pk_seiliacher-300x159.jpg 300w, https:\/\/permakultur-landwirtschaft.org\/wp-content\/uploads\/2022\/06\/2022_einfuehrung_pk_seiliacher-768x406.jpg 768w, https:\/\/permakultur-landwirtschaft.org\/wp-content\/uploads\/2022\/06\/2022_einfuehrung_pk_seiliacher.jpg 1323w\" sizes=\"(max-width: 1024px) 100vw, 1024px\" \/><\/a><figcaption>Bild: seiliacher.ch<\/figcaption><\/figure>\n\n\n\n<hr class=\"wp-block-separator has-css-opacity\"\/>\n\n\n\n<h3 class=\"wp-block-heading\"><a href=\"https:\/\/permakultur-landwirtschaft.org\/fr\/veranstaltungen\/\">Hier geht&#8217;s zur \u00dcbersicht aktuelle Veranstaltungen<\/a><\/h3>","protected":false},"excerpt":{"rendered":"<p>Text von seiliacher.ch: Permakultur ist eine Planungsmethode, die uns dazu bef\u00e4higt lokale und globale Herausforderungen anzupacken. Permakultur ist auch ein tolles Netzwerk bestehend aus unterschiedlichsten Menschen.Hast du Lust die Ideen und Ans\u00e4tze der Permakultur kennenzulernen? Im GR\u00dcNIG Seiliacher bieten wir \u00fcber zwei Tage einen bunten Mix aus spielerischem Lernen und Gartenpraxis! Datum24. bis 25. September [&hellip;]<\/p>\n","protected":false},"author":2,"featured_media":20421,"comment_status":"closed","ping_status":"closed","sticky":false,"template":"","format":"standard","meta":{"_acf_changed":false,"site-sidebar-layout":"default","site-content-layout":"","ast-site-content-layout":"default","site-content-style":"default","site-sidebar-style":"default","ast-global-header-display":"","ast-banner-title-visibility":"","ast-main-header-display":"","ast-hfb-above-header-display":"","ast-hfb-below-header-display":"","ast-hfb-mobile-header-display":"","site-post-title":"","ast-breadcrumbs-content":"","ast-featured-img":"","footer-sml-layout":"","ast-disable-related-posts":"","theme-transparent-header-meta":"","adv-header-id-meta":"","stick-header-meta":"","header-above-stick-meta":"","header-main-stick-meta":"","header-below-stick-meta":"","astra-migrate-meta-layouts":"default","ast-page-background-enabled":"default","ast-page-background-meta":{"desktop":{"background-color":"var(--ast-global-color-4)","background-image":"","background-repeat":"repeat","background-position":"center center","background-size":"auto","background-attachment":"scroll","background-type":"","background-media":"","overlay-type":"","overlay-color":"","overlay-opacity":"","overlay-gradient":""},"tablet":{"background-color":"","background-image":"","background-repeat":"repeat","background-position":"center center","background-size":"auto","background-attachment":"scroll","background-type":"","background-media":"","overlay-type":"","overlay-color":"","overlay-opacity":"","overlay-gradient":""},"mobile":{"background-color":"","background-image":"","background-repeat":"repeat","background-position":"center center","background-size":"auto","background-attachment":"scroll","background-type":"","background-media":"","overlay-type":"","overlay-color":"","overlay-opacity":"","overlay-gradient":""}},"ast-content-background-meta":{"desktop":{"background-color":"var(--ast-global-color-5)","background-image":"","background-repeat":"repeat","background-position":"center center","background-size":"auto","background-attachment":"scroll","background-type":"","background-media":"","overlay-type":"","overlay-color":"","overlay-opacity":"","overlay-gradient":""},"tablet":{"background-color":"var(--ast-global-color-5)","background-image":"","background-repeat":"repeat","background-position":"center center","background-size":"auto","background-attachment":"scroll","background-type":"","background-media":"","overlay-type":"","overlay-color":"","overlay-opacity":"","overlay-gradient":""},"mobile":{"background-color":"var(--ast-global-color-5)","background-image":"","background-repeat":"repeat","background-position":"center center","background-size":"auto","background-attachment":"scroll","background-type":"","background-media":"","overlay-type":"","overlay-color":"","overlay-opacity":"","overlay-gradient":""}},"footnotes":""},"categories":[21],"tags":[],"class_list":["post-20420","post","type-post","status-publish","format-standard","has-post-thumbnail","hentry","category-veranstaltungen_archiv"],"acf":[],"yoast_head":"<!-- This site is optimized with the Yoast SEO plugin v27.5 - https:\/\/yoast.com\/product\/yoast-seo-wordpress\/ -->\n<title>Permakultur Einf\u00fchrungskurs im GR\u00dcNIG Seiliacher - 24. bis 25. September 2022 - Permakultur-Landwirtschaft<\/title>\n<meta name=\"robots\" content=\"index, follow, max-snippet:-1, max-image-preview:large, max-video-preview:-1\" \/>\n<link rel=\"canonical\" href=\"https:\/\/permakultur-landwirtschaft.org\/fr\/permakultur-einfuehrungskurs-im-gruenig-seiliacher-24-bis-25-september-2022\/\" \/>\n<meta property=\"og:locale\" content=\"fr_FR\" \/>\n<meta property=\"og:type\" content=\"article\" \/>\n<meta property=\"og:title\" content=\"Permakultur Einf\u00fchrungskurs im GR\u00dcNIG Seiliacher - 24. bis 25. September 2022 - Permakultur-Landwirtschaft\" \/>\n<meta property=\"og:description\" content=\"Text von seiliacher.ch: Permakultur ist eine Planungsmethode, die uns dazu bef\u00e4higt lokale und globale Herausforderungen anzupacken. Permakultur ist auch ein tolles Netzwerk bestehend aus unterschiedlichsten Menschen.Hast du Lust die Ideen und Ans\u00e4tze der Permakultur kennenzulernen? Im GR\u00dcNIG Seiliacher bieten wir \u00fcber zwei Tage einen bunten Mix aus spielerischem Lernen und Gartenpraxis! Datum24. bis 25. September [&hellip;]\" \/>\n<meta property=\"og:url\" content=\"https:\/\/permakultur-landwirtschaft.org\/fr\/permakultur-einfuehrungskurs-im-gruenig-seiliacher-24-bis-25-september-2022\/\" \/>\n<meta property=\"og:site_name\" content=\"Permakultur-Landwirtschaft\" \/>\n<meta property=\"article:publisher\" content=\"https:\/\/www.facebook.com\/PermakulturLandwirtschaft\" \/>\n<meta property=\"article:published_time\" content=\"2022-09-24T09:12:00+00:00\" \/>\n<meta property=\"article:modified_time\" content=\"2022-09-26T13:19:33+00:00\" \/>\n<meta property=\"og:image\" content=\"https:\/\/permakultur-landwirtschaft.org\/wp-content\/uploads\/2022\/06\/2022_einfuehrung_pk_seiliacher.jpg\" \/>\n\t<meta property=\"og:image:width\" content=\"1323\" \/>\n\t<meta property=\"og:image:height\" content=\"700\" \/>\n\t<meta property=\"og:image:type\" content=\"image\/jpeg\" \/>\n<meta name=\"author\" content=\"adrian reutimann\" \/>\n<meta name=\"twitter:card\" content=\"summary_large_image\" \/>\n<meta name=\"twitter:label1\" content=\"\u00c9crit par\" \/>\n\t<meta name=\"twitter:data1\" content=\"adrian reutimann\" \/>\n\t<meta name=\"twitter:label2\" content=\"Dur\u00e9e de lecture estim\u00e9e\" \/>\n\t<meta name=\"twitter:data2\" content=\"1 minute\" \/>\n<script type=\"application\/ld+json\" class=\"yoast-schema-graph\">{\"@context\":\"https:\\\/\\\/schema.org\",\"@graph\":[{\"@type\":\"Article\",\"@id\":\"https:\\\/\\\/permakultur-landwirtschaft.org\\\/permakultur-einfuehrungskurs-im-gruenig-seiliacher-24-bis-25-september-2022\\\/#article\",\"isPartOf\":{\"@id\":\"https:\\\/\\\/permakultur-landwirtschaft.org\\\/permakultur-einfuehrungskurs-im-gruenig-seiliacher-24-bis-25-september-2022\\\/\"},\"author\":{\"name\":\"adrian reutimann\",\"@id\":\"https:\\\/\\\/permakultur-landwirtschaft.org\\\/#\\\/schema\\\/person\\\/6b0467872f75aed3e144093f9bf4f0b0\"},\"headline\":\"Permakultur Einf\u00fchrungskurs im GR\u00dcNIG Seiliacher &#8211; 24. bis 25. September 2022\",\"datePublished\":\"2022-09-24T09:12:00+00:00\",\"dateModified\":\"2022-09-26T13:19:33+00:00\",\"mainEntityOfPage\":{\"@id\":\"https:\\\/\\\/permakultur-landwirtschaft.org\\\/permakultur-einfuehrungskurs-im-gruenig-seiliacher-24-bis-25-september-2022\\\/\"},\"wordCount\":120,\"publisher\":{\"@id\":\"https:\\\/\\\/permakultur-landwirtschaft.org\\\/#organization\"},\"image\":{\"@id\":\"https:\\\/\\\/permakultur-landwirtschaft.org\\\/permakultur-einfuehrungskurs-im-gruenig-seiliacher-24-bis-25-september-2022\\\/#primaryimage\"},\"thumbnailUrl\":\"https:\\\/\\\/permakultur-landwirtschaft.org\\\/wp-content\\\/uploads\\\/2022\\\/06\\\/2022_einfuehrung_pk_seiliacher.jpg\",\"articleSection\":[\"Veranstaltungen_Archiv\"],\"inLanguage\":\"fr-FR\"},{\"@type\":\"WebPage\",\"@id\":\"https:\\\/\\\/permakultur-landwirtschaft.org\\\/permakultur-einfuehrungskurs-im-gruenig-seiliacher-24-bis-25-september-2022\\\/\",\"url\":\"https:\\\/\\\/permakultur-landwirtschaft.org\\\/permakultur-einfuehrungskurs-im-gruenig-seiliacher-24-bis-25-september-2022\\\/\",\"name\":\"Permakultur Einf\u00fchrungskurs im GR\u00dcNIG Seiliacher - 24. bis 25. September 2022 - Permakultur-Landwirtschaft\",\"isPartOf\":{\"@id\":\"https:\\\/\\\/permakultur-landwirtschaft.org\\\/#website\"},\"primaryImageOfPage\":{\"@id\":\"https:\\\/\\\/permakultur-landwirtschaft.org\\\/permakultur-einfuehrungskurs-im-gruenig-seiliacher-24-bis-25-september-2022\\\/#primaryimage\"},\"image\":{\"@id\":\"https:\\\/\\\/permakultur-landwirtschaft.org\\\/permakultur-einfuehrungskurs-im-gruenig-seiliacher-24-bis-25-september-2022\\\/#primaryimage\"},\"thumbnailUrl\":\"https:\\\/\\\/permakultur-landwirtschaft.org\\\/wp-content\\\/uploads\\\/2022\\\/06\\\/2022_einfuehrung_pk_seiliacher.jpg\",\"datePublished\":\"2022-09-24T09:12:00+00:00\",\"dateModified\":\"2022-09-26T13:19:33+00:00\",\"breadcrumb\":{\"@id\":\"https:\\\/\\\/permakultur-landwirtschaft.org\\\/permakultur-einfuehrungskurs-im-gruenig-seiliacher-24-bis-25-september-2022\\\/#breadcrumb\"},\"inLanguage\":\"fr-FR\",\"potentialAction\":[{\"@type\":\"ReadAction\",\"target\":[\"https:\\\/\\\/permakultur-landwirtschaft.org\\\/permakultur-einfuehrungskurs-im-gruenig-seiliacher-24-bis-25-september-2022\\\/\"]}]},{\"@type\":\"ImageObject\",\"inLanguage\":\"fr-FR\",\"@id\":\"https:\\\/\\\/permakultur-landwirtschaft.org\\\/permakultur-einfuehrungskurs-im-gruenig-seiliacher-24-bis-25-september-2022\\\/#primaryimage\",\"url\":\"https:\\\/\\\/permakultur-landwirtschaft.org\\\/wp-content\\\/uploads\\\/2022\\\/06\\\/2022_einfuehrung_pk_seiliacher.jpg\",\"contentUrl\":\"https:\\\/\\\/permakultur-landwirtschaft.org\\\/wp-content\\\/uploads\\\/2022\\\/06\\\/2022_einfuehrung_pk_seiliacher.jpg\",\"width\":1323,\"height\":700},{\"@type\":\"BreadcrumbList\",\"@id\":\"https:\\\/\\\/permakultur-landwirtschaft.org\\\/permakultur-einfuehrungskurs-im-gruenig-seiliacher-24-bis-25-september-2022\\\/#breadcrumb\",\"itemListElement\":[{\"@type\":\"ListItem\",\"position\":1,\"name\":\"Startseite\",\"item\":\"https:\\\/\\\/permakultur-landwirtschaft.org\\\/\"},{\"@type\":\"ListItem\",\"position\":2,\"name\":\"Permakultur Einf\u00fchrungskurs im GR\u00dcNIG Seiliacher &#8211; 24. bis 25. September 2022\"}]},{\"@type\":\"WebSite\",\"@id\":\"https:\\\/\\\/permakultur-landwirtschaft.org\\\/#website\",\"url\":\"https:\\\/\\\/permakultur-landwirtschaft.org\\\/\",\"name\":\"Permakultur-Landwirtschaft\",\"description\":\"F\u00f6rderung der Permakultur in der Landwirtschaft\",\"publisher\":{\"@id\":\"https:\\\/\\\/permakultur-landwirtschaft.org\\\/#organization\"},\"potentialAction\":[{\"@type\":\"SearchAction\",\"target\":{\"@type\":\"EntryPoint\",\"urlTemplate\":\"https:\\\/\\\/permakultur-landwirtschaft.org\\\/?s={search_term_string}\"},\"query-input\":{\"@type\":\"PropertyValueSpecification\",\"valueRequired\":true,\"valueName\":\"search_term_string\"}}],\"inLanguage\":\"fr-FR\"},{\"@type\":\"Organization\",\"@id\":\"https:\\\/\\\/permakultur-landwirtschaft.org\\\/#organization\",\"name\":\"Permakultur-Landwirtschaft\",\"alternateName\":\"Verein Permakultur-Landwirtschaft\",\"url\":\"https:\\\/\\\/permakultur-landwirtschaft.org\\\/\",\"logo\":{\"@type\":\"ImageObject\",\"inLanguage\":\"fr-FR\",\"@id\":\"https:\\\/\\\/permakultur-landwirtschaft.org\\\/#\\\/schema\\\/logo\\\/image\\\/\",\"url\":\"https:\\\/\\\/permakultur-landwirtschaft.org\\\/wp-content\\\/uploads\\\/2021\\\/11\\\/pela_1268x1269.png\",\"contentUrl\":\"https:\\\/\\\/permakultur-landwirtschaft.org\\\/wp-content\\\/uploads\\\/2021\\\/11\\\/pela_1268x1269.png\",\"width\":1298,\"height\":1269,\"caption\":\"Permakultur-Landwirtschaft\"},\"image\":{\"@id\":\"https:\\\/\\\/permakultur-landwirtschaft.org\\\/#\\\/schema\\\/logo\\\/image\\\/\"},\"sameAs\":[\"https:\\\/\\\/www.facebook.com\\\/PermakulturLandwirtschaft\",\"https:\\\/\\\/www.instagram.com\\\/permakultur_landwirtschaft\\\/\",\"https:\\\/\\\/www.flickr.com\\\/photos\\\/permakultur-landwirtschaft\",\"https:\\\/\\\/www.youtube.com\\\/@PermakulturLandwirtschaft\"]},{\"@type\":\"Person\",\"@id\":\"https:\\\/\\\/permakultur-landwirtschaft.org\\\/#\\\/schema\\\/person\\\/6b0467872f75aed3e144093f9bf4f0b0\",\"name\":\"adrian reutimann\",\"url\":\"https:\\\/\\\/permakultur-landwirtschaft.org\\\/fr\\\/author\\\/reutiadr\\\/\"}]}<\/script>\n<!-- \/ Yoast SEO plugin. -->","yoast_head_json":{"title":"Permakultur Einf\u00fchrungskurs im GR\u00dcNIG Seiliacher - 24. bis 25. September 2022 - Permakultur-Landwirtschaft","robots":{"index":"index","follow":"follow","max-snippet":"max-snippet:-1","max-image-preview":"max-image-preview:large","max-video-preview":"max-video-preview:-1"},"canonical":"https:\/\/permakultur-landwirtschaft.org\/fr\/permakultur-einfuehrungskurs-im-gruenig-seiliacher-24-bis-25-september-2022\/","og_locale":"fr_FR","og_type":"article","og_title":"Permakultur Einf\u00fchrungskurs im GR\u00dcNIG Seiliacher - 24. bis 25. September 2022 - Permakultur-Landwirtschaft","og_description":"Text von seiliacher.ch: Permakultur ist eine Planungsmethode, die uns dazu bef\u00e4higt lokale und globale Herausforderungen anzupacken. Permakultur ist auch ein tolles Netzwerk bestehend aus unterschiedlichsten Menschen.Hast du Lust die Ideen und Ans\u00e4tze der Permakultur kennenzulernen? Im GR\u00dcNIG Seiliacher bieten wir \u00fcber zwei Tage einen bunten Mix aus spielerischem Lernen und Gartenpraxis! Datum24. bis 25. September [&hellip;]","og_url":"https:\/\/permakultur-landwirtschaft.org\/fr\/permakultur-einfuehrungskurs-im-gruenig-seiliacher-24-bis-25-september-2022\/","og_site_name":"Permakultur-Landwirtschaft","article_publisher":"https:\/\/www.facebook.com\/PermakulturLandwirtschaft","article_published_time":"2022-09-24T09:12:00+00:00","article_modified_time":"2022-09-26T13:19:33+00:00","og_image":[{"width":1323,"height":700,"url":"https:\/\/permakultur-landwirtschaft.org\/wp-content\/uploads\/2022\/06\/2022_einfuehrung_pk_seiliacher.jpg","type":"image\/jpeg"}],"author":"adrian reutimann","twitter_card":"summary_large_image","twitter_misc":{"\u00c9crit par":"adrian reutimann","Dur\u00e9e de lecture estim\u00e9e":"1 minute"},"schema":{"@context":"https:\/\/schema.org","@graph":[{"@type":"Article","@id":"https:\/\/permakultur-landwirtschaft.org\/permakultur-einfuehrungskurs-im-gruenig-seiliacher-24-bis-25-september-2022\/#article","isPartOf":{"@id":"https:\/\/permakultur-landwirtschaft.org\/permakultur-einfuehrungskurs-im-gruenig-seiliacher-24-bis-25-september-2022\/"},"author":{"name":"adrian reutimann","@id":"https:\/\/permakultur-landwirtschaft.org\/#\/schema\/person\/6b0467872f75aed3e144093f9bf4f0b0"},"headline":"Permakultur Einf\u00fchrungskurs im GR\u00dcNIG Seiliacher &#8211; 24. bis 25. September 2022","datePublished":"2022-09-24T09:12:00+00:00","dateModified":"2022-09-26T13:19:33+00:00","mainEntityOfPage":{"@id":"https:\/\/permakultur-landwirtschaft.org\/permakultur-einfuehrungskurs-im-gruenig-seiliacher-24-bis-25-september-2022\/"},"wordCount":120,"publisher":{"@id":"https:\/\/permakultur-landwirtschaft.org\/#organization"},"image":{"@id":"https:\/\/permakultur-landwirtschaft.org\/permakultur-einfuehrungskurs-im-gruenig-seiliacher-24-bis-25-september-2022\/#primaryimage"},"thumbnailUrl":"https:\/\/permakultur-landwirtschaft.org\/wp-content\/uploads\/2022\/06\/2022_einfuehrung_pk_seiliacher.jpg","articleSection":["Veranstaltungen_Archiv"],"inLanguage":"fr-FR"},{"@type":"WebPage","@id":"https:\/\/permakultur-landwirtschaft.org\/permakultur-einfuehrungskurs-im-gruenig-seiliacher-24-bis-25-september-2022\/","url":"https:\/\/permakultur-landwirtschaft.org\/permakultur-einfuehrungskurs-im-gruenig-seiliacher-24-bis-25-september-2022\/","name":"Permakultur Einf\u00fchrungskurs im GR\u00dcNIG Seiliacher - 24. bis 25. September 2022 - Permakultur-Landwirtschaft","isPartOf":{"@id":"https:\/\/permakultur-landwirtschaft.org\/#website"},"primaryImageOfPage":{"@id":"https:\/\/permakultur-landwirtschaft.org\/permakultur-einfuehrungskurs-im-gruenig-seiliacher-24-bis-25-september-2022\/#primaryimage"},"image":{"@id":"https:\/\/permakultur-landwirtschaft.org\/permakultur-einfuehrungskurs-im-gruenig-seiliacher-24-bis-25-september-2022\/#primaryimage"},"thumbnailUrl":"https:\/\/permakultur-landwirtschaft.org\/wp-content\/uploads\/2022\/06\/2022_einfuehrung_pk_seiliacher.jpg","datePublished":"2022-09-24T09:12:00+00:00","dateModified":"2022-09-26T13:19:33+00:00","breadcrumb":{"@id":"https:\/\/permakultur-landwirtschaft.org\/permakultur-einfuehrungskurs-im-gruenig-seiliacher-24-bis-25-september-2022\/#breadcrumb"},"inLanguage":"fr-FR","potentialAction":[{"@type":"ReadAction","target":["https:\/\/permakultur-landwirtschaft.org\/permakultur-einfuehrungskurs-im-gruenig-seiliacher-24-bis-25-september-2022\/"]}]},{"@type":"ImageObject","inLanguage":"fr-FR","@id":"https:\/\/permakultur-landwirtschaft.org\/permakultur-einfuehrungskurs-im-gruenig-seiliacher-24-bis-25-september-2022\/#primaryimage","url":"https:\/\/permakultur-landwirtschaft.org\/wp-content\/uploads\/2022\/06\/2022_einfuehrung_pk_seiliacher.jpg","contentUrl":"https:\/\/permakultur-landwirtschaft.org\/wp-content\/uploads\/2022\/06\/2022_einfuehrung_pk_seiliacher.jpg","width":1323,"height":700},{"@type":"BreadcrumbList","@id":"https:\/\/permakultur-landwirtschaft.org\/permakultur-einfuehrungskurs-im-gruenig-seiliacher-24-bis-25-september-2022\/#breadcrumb","itemListElement":[{"@type":"ListItem","position":1,"name":"Startseite","item":"https:\/\/permakultur-landwirtschaft.org\/"},{"@type":"ListItem","position":2,"name":"Permakultur Einf\u00fchrungskurs im GR\u00dcNIG Seiliacher &#8211; 24. bis 25. September 2022"}]},{"@type":"WebSite","@id":"https:\/\/permakultur-landwirtschaft.org\/#website","url":"https:\/\/permakultur-landwirtschaft.org\/","name":"Permakultur-Landwirtschaft","description":"F\u00f6rderung der Permakultur in der Landwirtschaft","publisher":{"@id":"https:\/\/permakultur-landwirtschaft.org\/#organization"},"potentialAction":[{"@type":"SearchAction","target":{"@type":"EntryPoint","urlTemplate":"https:\/\/permakultur-landwirtschaft.org\/?s={search_term_string}"},"query-input":{"@type":"PropertyValueSpecification","valueRequired":true,"valueName":"search_term_string"}}],"inLanguage":"fr-FR"},{"@type":"Organization","@id":"https:\/\/permakultur-landwirtschaft.org\/#organization","name":"Permakultur-Landwirtschaft","alternateName":"Verein Permakultur-Landwirtschaft","url":"https:\/\/permakultur-landwirtschaft.org\/","logo":{"@type":"ImageObject","inLanguage":"fr-FR","@id":"https:\/\/permakultur-landwirtschaft.org\/#\/schema\/logo\/image\/","url":"https:\/\/permakultur-landwirtschaft.org\/wp-content\/uploads\/2021\/11\/pela_1268x1269.png","contentUrl":"https:\/\/permakultur-landwirtschaft.org\/wp-content\/uploads\/2021\/11\/pela_1268x1269.png","width":1298,"height":1269,"caption":"Permakultur-Landwirtschaft"},"image":{"@id":"https:\/\/permakultur-landwirtschaft.org\/#\/schema\/logo\/image\/"},"sameAs":["https:\/\/www.facebook.com\/PermakulturLandwirtschaft","https:\/\/www.instagram.com\/permakultur_landwirtschaft\/","https:\/\/www.flickr.com\/photos\/permakultur-landwirtschaft","https:\/\/www.youtube.com\/@PermakulturLandwirtschaft"]},{"@type":"Person","@id":"https:\/\/permakultur-landwirtschaft.org\/#\/schema\/person\/6b0467872f75aed3e144093f9bf4f0b0","name":"adrian reutimann","url":"https:\/\/permakultur-landwirtschaft.org\/fr\/author\/reutiadr\/"}]}},"_links":{"self":[{"href":"https:\/\/permakultur-landwirtschaft.org\/fr\/wp-json\/wp\/v2\/posts\/20420","targetHints":{"allow":["GET"]}}],"collection":[{"href":"https:\/\/permakultur-landwirtschaft.org\/fr\/wp-json\/wp\/v2\/posts"}],"about":[{"href":"https:\/\/permakultur-landwirtschaft.org\/fr\/wp-json\/wp\/v2\/types\/post"}],"author":[{"embeddable":true,"href":"https:\/\/permakultur-landwirtschaft.org\/fr\/wp-json\/wp\/v2\/users\/2"}],"replies":[{"embeddable":true,"href":"https:\/\/permakultur-landwirtschaft.org\/fr\/wp-json\/wp\/v2\/comments?post=20420"}],"version-history":[{"count":1,"href":"https:\/\/permakultur-landwirtschaft.org\/fr\/wp-json\/wp\/v2\/posts\/20420\/revisions"}],"predecessor-version":[{"id":20422,"href":"https:\/\/permakultur-landwirtschaft.org\/fr\/wp-json\/wp\/v2\/posts\/20420\/revisions\/20422"}],"wp:featuredmedia":[{"embeddable":true,"href":"https:\/\/permakultur-landwirtschaft.org\/fr\/wp-json\/wp\/v2\/media\/20421"}],"wp:attachment":[{"href":"https:\/\/permakultur-landwirtschaft.org\/fr\/wp-json\/wp\/v2\/media?parent=20420"}],"wp:term":[{"taxonomy":"category","embeddable":true,"href":"https:\/\/permakultur-landwirtschaft.org\/fr\/wp-json\/wp\/v2\/categories?post=20420"},{"taxonomy":"post_tag","embeddable":true,"href":"https:\/\/permakultur-landwirtschaft.org\/fr\/wp-json\/wp\/v2\/tags?post=20420"}],"curies":[{"name":"wp","href":"https:\/\/api.w.org\/{rel}","templated":true}]}}