{"id":20334,"date":"2022-06-09T09:55:00","date_gmt":"2022-06-09T07:55:00","guid":{"rendered":"https:\/\/permakultur-landwirtschaft.org\/?p=20334"},"modified":"2022-06-16T10:07:41","modified_gmt":"2022-06-16T08:07:41","slug":"wie-wir-mit-trockenheit-und-duerre-umgehen-koennen-z-b-mit-permakultur-beitrag-der-tagesschau-de-vom-09-juni-2022","status":"publish","type":"post","link":"https:\/\/permakultur-landwirtschaft.org\/fr\/wie-wir-mit-trockenheit-und-duerre-umgehen-koennen-z-b-mit-permakultur-beitrag-der-tagesschau-de-vom-09-juni-2022\/","title":{"rendered":"Wie wir mit Trockenheit und D\u00fcrre umgehen k\u00f6nnen &#8211; z.B. mit Permakultur &#8211; Beitrag der Tagesschau.de vom 09. Juni 2022"},"content":{"rendered":"<p>Text von tagesschau.de:<\/p>\n\n\n\n<h3 class=\"wp-block-heading\">Wie wir mit Trockenheit und D\u00fcrre umgehen k\u00f6nnen<\/h3>\n\n\n\n<p>Auch wenn es gerade viel regnet: das Klima wird trockener. Der M\u00e4rz 2022 war der trockenste seit Beginn der Wetteraufzeichnungen. Doch es gibt gute Ideen aus NRW, damit wir mit m\u00f6glichen D\u00fcrreperioden besser umgehen k\u00f6nnen.<\/p>\n\n\n\n<p>Link zum Beitrag bei tagesschau.de: <a href=\"https:\/\/www.tagesschau.de\/regional\/nordrheinwestfalen\/wdr-story-48351.html\" target=\"_blank\" rel=\"noreferrer noopener\">www.tagesschau.de\/regional\/nordrheinwestfalen\/wdr-story-48351.html<\/a><\/p>\n\n\n\n<p>Text von wdr.de:<\/p>\n\n\n\n<h3 class=\"wp-block-heading\">&#171;Humuswerkstatt&#187;: B\u00f6den f\u00fcr trockene Zeiten<\/h3>\n\n\n\n<p>Nicht alle B\u00f6den kommen mit dem Klimawandel &#8211; und damit auch D\u00fcrren &#8211; gleich gut klar. Lukas Worth hat zusammen mit seinem Studienfreund Marius Frey in Wermelskirchen die &#171;Humuswerkstatt&#187; gegr\u00fcndet. Ihr Boden k\u00f6nne bei D\u00fcrre Wasser l\u00e4nger speichern, sagt er.<\/p>\n\n\n\n<p>Link zum Interview mit Lukas Worth von der Humuswerkstatt auf WDR 5: <a rel=\"noreferrer noopener\" href=\"https:\/\/www1.wdr.de\/nachrichten\/audio-humuswerkstatt-boeden-fuer-trockene-zeiten-100.html\" target=\"_blank\">www1.wdr.de\/nachrichten\/audio-humuswerkstatt-boeden-fuer-trockene-zeiten-100.html<\/a><\/p>\n\n\n\n<p>Link zur Humuswerkstatt: <a href=\"https:\/\/humuswerkstatt.webflow.io\" target=\"_blank\" rel=\"noreferrer noopener\">humuswerkstatt.webflow.io<\/a><\/p>\n\n\n\n<figure class=\"wp-block-image size-full\"><a href=\"https:\/\/www.tagesschau.de\/regional\/nordrheinwestfalen\/wdr-story-48351.html\" target=\"_blank\" rel=\"noreferrer noopener\"><img fetchpriority=\"high\" decoding=\"async\" width=\"694\" height=\"444\" src=\"https:\/\/permakultur-landwirtschaft.org\/wp-content\/uploads\/2022\/06\/20220616_duerre_kompostwerkstatt.jpg\" alt=\"\" class=\"wp-image-20335\" srcset=\"https:\/\/permakultur-landwirtschaft.org\/wp-content\/uploads\/2022\/06\/20220616_duerre_kompostwerkstatt.jpg 694w, https:\/\/permakultur-landwirtschaft.org\/wp-content\/uploads\/2022\/06\/20220616_duerre_kompostwerkstatt-300x192.jpg 300w\" sizes=\"(max-width: 694px) 100vw, 694px\" \/><\/a><figcaption>Bild: tagesschau.de<\/figcaption><\/figure>\n\n\n\n<hr class=\"wp-block-separator has-css-opacity\"\/>\n\n\n\n<h3 class=\"wp-block-heading\"><a href=\"https:\/\/permakultur-landwirtschaft.org\/fr\/medien\/\">Hier geht&#8217;s zur \u00dcbersicht aller Neuigkeiten<\/a><\/h3>","protected":false},"excerpt":{"rendered":"<p>Text von tagesschau.de: Wie wir mit Trockenheit und D\u00fcrre umgehen k\u00f6nnen Auch wenn es gerade viel regnet: das Klima wird trockener. Der M\u00e4rz 2022 war der trockenste seit Beginn der Wetteraufzeichnungen. Doch es gibt gute Ideen aus NRW, damit wir mit m\u00f6glichen D\u00fcrreperioden besser umgehen k\u00f6nnen. Link zum Beitrag bei tagesschau.de: www.tagesschau.de\/regional\/nordrheinwestfalen\/wdr-story-48351.html Text von wdr.de: [&hellip;]<\/p>\n","protected":false},"author":2,"featured_media":20335,"comment_status":"closed","ping_status":"closed","sticky":false,"template":"","format":"standard","meta":{"_acf_changed":false,"site-sidebar-layout":"default","site-content-layout":"","ast-site-content-layout":"default","site-content-style":"default","site-sidebar-style":"default","ast-global-header-display":"","ast-banner-title-visibility":"","ast-main-header-display":"","ast-hfb-above-header-display":"","ast-hfb-below-header-display":"","ast-hfb-mobile-header-display":"","site-post-title":"","ast-breadcrumbs-content":"","ast-featured-img":"","footer-sml-layout":"","ast-disable-related-posts":"","theme-transparent-header-meta":"","adv-header-id-meta":"","stick-header-meta":"","header-above-stick-meta":"","header-main-stick-meta":"","header-below-stick-meta":"","astra-migrate-meta-layouts":"default","ast-page-background-enabled":"default","ast-page-background-meta":{"desktop":{"background-color":"var(--ast-global-color-4)","background-image":"","background-repeat":"repeat","background-position":"center center","background-size":"auto","background-attachment":"scroll","background-type":"","background-media":"","overlay-type":"","overlay-color":"","overlay-opacity":"","overlay-gradient":""},"tablet":{"background-color":"","background-image":"","background-repeat":"repeat","background-position":"center center","background-size":"auto","background-attachment":"scroll","background-type":"","background-media":"","overlay-type":"","overlay-color":"","overlay-opacity":"","overlay-gradient":""},"mobile":{"background-color":"","background-image":"","background-repeat":"repeat","background-position":"center center","background-size":"auto","background-attachment":"scroll","background-type":"","background-media":"","overlay-type":"","overlay-color":"","overlay-opacity":"","overlay-gradient":""}},"ast-content-background-meta":{"desktop":{"background-color":"var(--ast-global-color-5)","background-image":"","background-repeat":"repeat","background-position":"center center","background-size":"auto","background-attachment":"scroll","background-type":"","background-media":"","overlay-type":"","overlay-color":"","overlay-opacity":"","overlay-gradient":""},"tablet":{"background-color":"var(--ast-global-color-5)","background-image":"","background-repeat":"repeat","background-position":"center center","background-size":"auto","background-attachment":"scroll","background-type":"","background-media":"","overlay-type":"","overlay-color":"","overlay-opacity":"","overlay-gradient":""},"mobile":{"background-color":"var(--ast-global-color-5)","background-image":"","background-repeat":"repeat","background-position":"center center","background-size":"auto","background-attachment":"scroll","background-type":"","background-media":"","overlay-type":"","overlay-color":"","overlay-opacity":"","overlay-gradient":""}},"footnotes":""},"categories":[22],"tags":[],"class_list":["post-20334","post","type-post","status-publish","format-standard","has-post-thumbnail","hentry","category-neuigkeit"],"acf":[],"yoast_head":"<!-- This site is optimized with the Yoast SEO plugin v27.5 - https:\/\/yoast.com\/product\/yoast-seo-wordpress\/ -->\n<title>Wie wir mit Trockenheit und D\u00fcrre umgehen k\u00f6nnen - z.B. mit Permakultur - Beitrag der Tagesschau.de vom 09. Juni 2022 - Permakultur-Landwirtschaft<\/title>\n<meta name=\"robots\" content=\"index, follow, max-snippet:-1, max-image-preview:large, max-video-preview:-1\" \/>\n<link rel=\"canonical\" href=\"https:\/\/permakultur-landwirtschaft.org\/fr\/wie-wir-mit-trockenheit-und-duerre-umgehen-koennen-z-b-mit-permakultur-beitrag-der-tagesschau-de-vom-09-juni-2022\/\" \/>\n<meta property=\"og:locale\" content=\"fr_FR\" \/>\n<meta property=\"og:type\" content=\"article\" \/>\n<meta property=\"og:title\" content=\"Wie wir mit Trockenheit und D\u00fcrre umgehen k\u00f6nnen - z.B. mit Permakultur - Beitrag der Tagesschau.de vom 09. Juni 2022 - Permakultur-Landwirtschaft\" \/>\n<meta property=\"og:description\" content=\"Text von tagesschau.de: Wie wir mit Trockenheit und D\u00fcrre umgehen k\u00f6nnen Auch wenn es gerade viel regnet: das Klima wird trockener. Der M\u00e4rz 2022 war der trockenste seit Beginn der Wetteraufzeichnungen. Doch es gibt gute Ideen aus NRW, damit wir mit m\u00f6glichen D\u00fcrreperioden besser umgehen k\u00f6nnen. Link zum Beitrag bei tagesschau.de: www.tagesschau.de\/regional\/nordrheinwestfalen\/wdr-story-48351.html Text von wdr.de: [&hellip;]\" \/>\n<meta property=\"og:url\" content=\"https:\/\/permakultur-landwirtschaft.org\/fr\/wie-wir-mit-trockenheit-und-duerre-umgehen-koennen-z-b-mit-permakultur-beitrag-der-tagesschau-de-vom-09-juni-2022\/\" \/>\n<meta property=\"og:site_name\" content=\"Permakultur-Landwirtschaft\" \/>\n<meta property=\"article:publisher\" content=\"https:\/\/www.facebook.com\/PermakulturLandwirtschaft\" \/>\n<meta property=\"article:published_time\" content=\"2022-06-09T07:55:00+00:00\" \/>\n<meta property=\"article:modified_time\" content=\"2022-06-16T08:07:41+00:00\" \/>\n<meta property=\"og:image\" content=\"https:\/\/permakultur-landwirtschaft.org\/wp-content\/uploads\/2022\/06\/20220616_duerre_kompostwerkstatt.jpg\" \/>\n\t<meta property=\"og:image:width\" content=\"694\" \/>\n\t<meta property=\"og:image:height\" content=\"444\" \/>\n\t<meta property=\"og:image:type\" content=\"image\/jpeg\" \/>\n<meta name=\"author\" content=\"adrian reutimann\" \/>\n<meta name=\"twitter:card\" content=\"summary_large_image\" \/>\n<meta name=\"twitter:label1\" content=\"\u00c9crit par\" \/>\n\t<meta name=\"twitter:data1\" content=\"adrian reutimann\" \/>\n\t<meta name=\"twitter:label2\" content=\"Dur\u00e9e de lecture estim\u00e9e\" \/>\n\t<meta name=\"twitter:data2\" content=\"1 minute\" \/>\n<script type=\"application\/ld+json\" class=\"yoast-schema-graph\">{\"@context\":\"https:\\\/\\\/schema.org\",\"@graph\":[{\"@type\":\"Article\",\"@id\":\"https:\\\/\\\/permakultur-landwirtschaft.org\\\/wie-wir-mit-trockenheit-und-duerre-umgehen-koennen-z-b-mit-permakultur-beitrag-der-tagesschau-de-vom-09-juni-2022\\\/#article\",\"isPartOf\":{\"@id\":\"https:\\\/\\\/permakultur-landwirtschaft.org\\\/wie-wir-mit-trockenheit-und-duerre-umgehen-koennen-z-b-mit-permakultur-beitrag-der-tagesschau-de-vom-09-juni-2022\\\/\"},\"author\":{\"name\":\"adrian reutimann\",\"@id\":\"https:\\\/\\\/permakultur-landwirtschaft.org\\\/#\\\/schema\\\/person\\\/6b0467872f75aed3e144093f9bf4f0b0\"},\"headline\":\"Wie wir mit Trockenheit und D\u00fcrre umgehen k\u00f6nnen &#8211; z.B. mit Permakultur &#8211; Beitrag der Tagesschau.de vom 09. Juni 2022\",\"datePublished\":\"2022-06-09T07:55:00+00:00\",\"dateModified\":\"2022-06-16T08:07:41+00:00\",\"mainEntityOfPage\":{\"@id\":\"https:\\\/\\\/permakultur-landwirtschaft.org\\\/wie-wir-mit-trockenheit-und-duerre-umgehen-koennen-z-b-mit-permakultur-beitrag-der-tagesschau-de-vom-09-juni-2022\\\/\"},\"wordCount\":177,\"publisher\":{\"@id\":\"https:\\\/\\\/permakultur-landwirtschaft.org\\\/#organization\"},\"image\":{\"@id\":\"https:\\\/\\\/permakultur-landwirtschaft.org\\\/wie-wir-mit-trockenheit-und-duerre-umgehen-koennen-z-b-mit-permakultur-beitrag-der-tagesschau-de-vom-09-juni-2022\\\/#primaryimage\"},\"thumbnailUrl\":\"https:\\\/\\\/permakultur-landwirtschaft.org\\\/wp-content\\\/uploads\\\/2022\\\/06\\\/20220616_duerre_kompostwerkstatt.jpg\",\"articleSection\":[\"Neuigkeit\"],\"inLanguage\":\"fr-FR\"},{\"@type\":\"WebPage\",\"@id\":\"https:\\\/\\\/permakultur-landwirtschaft.org\\\/wie-wir-mit-trockenheit-und-duerre-umgehen-koennen-z-b-mit-permakultur-beitrag-der-tagesschau-de-vom-09-juni-2022\\\/\",\"url\":\"https:\\\/\\\/permakultur-landwirtschaft.org\\\/wie-wir-mit-trockenheit-und-duerre-umgehen-koennen-z-b-mit-permakultur-beitrag-der-tagesschau-de-vom-09-juni-2022\\\/\",\"name\":\"Wie wir mit Trockenheit und D\u00fcrre umgehen k\u00f6nnen - z.B. mit Permakultur - Beitrag der Tagesschau.de vom 09. Juni 2022 - Permakultur-Landwirtschaft\",\"isPartOf\":{\"@id\":\"https:\\\/\\\/permakultur-landwirtschaft.org\\\/#website\"},\"primaryImageOfPage\":{\"@id\":\"https:\\\/\\\/permakultur-landwirtschaft.org\\\/wie-wir-mit-trockenheit-und-duerre-umgehen-koennen-z-b-mit-permakultur-beitrag-der-tagesschau-de-vom-09-juni-2022\\\/#primaryimage\"},\"image\":{\"@id\":\"https:\\\/\\\/permakultur-landwirtschaft.org\\\/wie-wir-mit-trockenheit-und-duerre-umgehen-koennen-z-b-mit-permakultur-beitrag-der-tagesschau-de-vom-09-juni-2022\\\/#primaryimage\"},\"thumbnailUrl\":\"https:\\\/\\\/permakultur-landwirtschaft.org\\\/wp-content\\\/uploads\\\/2022\\\/06\\\/20220616_duerre_kompostwerkstatt.jpg\",\"datePublished\":\"2022-06-09T07:55:00+00:00\",\"dateModified\":\"2022-06-16T08:07:41+00:00\",\"breadcrumb\":{\"@id\":\"https:\\\/\\\/permakultur-landwirtschaft.org\\\/wie-wir-mit-trockenheit-und-duerre-umgehen-koennen-z-b-mit-permakultur-beitrag-der-tagesschau-de-vom-09-juni-2022\\\/#breadcrumb\"},\"inLanguage\":\"fr-FR\",\"potentialAction\":[{\"@type\":\"ReadAction\",\"target\":[\"https:\\\/\\\/permakultur-landwirtschaft.org\\\/wie-wir-mit-trockenheit-und-duerre-umgehen-koennen-z-b-mit-permakultur-beitrag-der-tagesschau-de-vom-09-juni-2022\\\/\"]}]},{\"@type\":\"ImageObject\",\"inLanguage\":\"fr-FR\",\"@id\":\"https:\\\/\\\/permakultur-landwirtschaft.org\\\/wie-wir-mit-trockenheit-und-duerre-umgehen-koennen-z-b-mit-permakultur-beitrag-der-tagesschau-de-vom-09-juni-2022\\\/#primaryimage\",\"url\":\"https:\\\/\\\/permakultur-landwirtschaft.org\\\/wp-content\\\/uploads\\\/2022\\\/06\\\/20220616_duerre_kompostwerkstatt.jpg\",\"contentUrl\":\"https:\\\/\\\/permakultur-landwirtschaft.org\\\/wp-content\\\/uploads\\\/2022\\\/06\\\/20220616_duerre_kompostwerkstatt.jpg\",\"width\":694,\"height\":444},{\"@type\":\"BreadcrumbList\",\"@id\":\"https:\\\/\\\/permakultur-landwirtschaft.org\\\/wie-wir-mit-trockenheit-und-duerre-umgehen-koennen-z-b-mit-permakultur-beitrag-der-tagesschau-de-vom-09-juni-2022\\\/#breadcrumb\",\"itemListElement\":[{\"@type\":\"ListItem\",\"position\":1,\"name\":\"Startseite\",\"item\":\"https:\\\/\\\/permakultur-landwirtschaft.org\\\/\"},{\"@type\":\"ListItem\",\"position\":2,\"name\":\"Wie wir mit Trockenheit und D\u00fcrre umgehen k\u00f6nnen &#8211; z.B. mit Permakultur &#8211; Beitrag der Tagesschau.de vom 09. Juni 2022\"}]},{\"@type\":\"WebSite\",\"@id\":\"https:\\\/\\\/permakultur-landwirtschaft.org\\\/#website\",\"url\":\"https:\\\/\\\/permakultur-landwirtschaft.org\\\/\",\"name\":\"Permakultur-Landwirtschaft\",\"description\":\"F\u00f6rderung der Permakultur in der Landwirtschaft\",\"publisher\":{\"@id\":\"https:\\\/\\\/permakultur-landwirtschaft.org\\\/#organization\"},\"potentialAction\":[{\"@type\":\"SearchAction\",\"target\":{\"@type\":\"EntryPoint\",\"urlTemplate\":\"https:\\\/\\\/permakultur-landwirtschaft.org\\\/?s={search_term_string}\"},\"query-input\":{\"@type\":\"PropertyValueSpecification\",\"valueRequired\":true,\"valueName\":\"search_term_string\"}}],\"inLanguage\":\"fr-FR\"},{\"@type\":\"Organization\",\"@id\":\"https:\\\/\\\/permakultur-landwirtschaft.org\\\/#organization\",\"name\":\"Permakultur-Landwirtschaft\",\"alternateName\":\"Verein Permakultur-Landwirtschaft\",\"url\":\"https:\\\/\\\/permakultur-landwirtschaft.org\\\/\",\"logo\":{\"@type\":\"ImageObject\",\"inLanguage\":\"fr-FR\",\"@id\":\"https:\\\/\\\/permakultur-landwirtschaft.org\\\/#\\\/schema\\\/logo\\\/image\\\/\",\"url\":\"https:\\\/\\\/permakultur-landwirtschaft.org\\\/wp-content\\\/uploads\\\/2021\\\/11\\\/pela_1268x1269.png\",\"contentUrl\":\"https:\\\/\\\/permakultur-landwirtschaft.org\\\/wp-content\\\/uploads\\\/2021\\\/11\\\/pela_1268x1269.png\",\"width\":1298,\"height\":1269,\"caption\":\"Permakultur-Landwirtschaft\"},\"image\":{\"@id\":\"https:\\\/\\\/permakultur-landwirtschaft.org\\\/#\\\/schema\\\/logo\\\/image\\\/\"},\"sameAs\":[\"https:\\\/\\\/www.facebook.com\\\/PermakulturLandwirtschaft\",\"https:\\\/\\\/www.instagram.com\\\/permakultur_landwirtschaft\\\/\",\"https:\\\/\\\/www.flickr.com\\\/photos\\\/permakultur-landwirtschaft\",\"https:\\\/\\\/www.youtube.com\\\/@PermakulturLandwirtschaft\"]},{\"@type\":\"Person\",\"@id\":\"https:\\\/\\\/permakultur-landwirtschaft.org\\\/#\\\/schema\\\/person\\\/6b0467872f75aed3e144093f9bf4f0b0\",\"name\":\"adrian reutimann\",\"url\":\"https:\\\/\\\/permakultur-landwirtschaft.org\\\/fr\\\/author\\\/reutiadr\\\/\"}]}<\/script>\n<!-- \/ Yoast SEO plugin. -->","yoast_head_json":{"title":"Wie wir mit Trockenheit und D\u00fcrre umgehen k\u00f6nnen - z.B. mit Permakultur - Beitrag der Tagesschau.de vom 09. Juni 2022 - Permakultur-Landwirtschaft","robots":{"index":"index","follow":"follow","max-snippet":"max-snippet:-1","max-image-preview":"max-image-preview:large","max-video-preview":"max-video-preview:-1"},"canonical":"https:\/\/permakultur-landwirtschaft.org\/fr\/wie-wir-mit-trockenheit-und-duerre-umgehen-koennen-z-b-mit-permakultur-beitrag-der-tagesschau-de-vom-09-juni-2022\/","og_locale":"fr_FR","og_type":"article","og_title":"Wie wir mit Trockenheit und D\u00fcrre umgehen k\u00f6nnen - z.B. mit Permakultur - Beitrag der Tagesschau.de vom 09. Juni 2022 - Permakultur-Landwirtschaft","og_description":"Text von tagesschau.de: Wie wir mit Trockenheit und D\u00fcrre umgehen k\u00f6nnen Auch wenn es gerade viel regnet: das Klima wird trockener. Der M\u00e4rz 2022 war der trockenste seit Beginn der Wetteraufzeichnungen. Doch es gibt gute Ideen aus NRW, damit wir mit m\u00f6glichen D\u00fcrreperioden besser umgehen k\u00f6nnen. Link zum Beitrag bei tagesschau.de: www.tagesschau.de\/regional\/nordrheinwestfalen\/wdr-story-48351.html Text von wdr.de: [&hellip;]","og_url":"https:\/\/permakultur-landwirtschaft.org\/fr\/wie-wir-mit-trockenheit-und-duerre-umgehen-koennen-z-b-mit-permakultur-beitrag-der-tagesschau-de-vom-09-juni-2022\/","og_site_name":"Permakultur-Landwirtschaft","article_publisher":"https:\/\/www.facebook.com\/PermakulturLandwirtschaft","article_published_time":"2022-06-09T07:55:00+00:00","article_modified_time":"2022-06-16T08:07:41+00:00","og_image":[{"width":694,"height":444,"url":"https:\/\/permakultur-landwirtschaft.org\/wp-content\/uploads\/2022\/06\/20220616_duerre_kompostwerkstatt.jpg","type":"image\/jpeg"}],"author":"adrian reutimann","twitter_card":"summary_large_image","twitter_misc":{"\u00c9crit par":"adrian reutimann","Dur\u00e9e de lecture estim\u00e9e":"1 minute"},"schema":{"@context":"https:\/\/schema.org","@graph":[{"@type":"Article","@id":"https:\/\/permakultur-landwirtschaft.org\/wie-wir-mit-trockenheit-und-duerre-umgehen-koennen-z-b-mit-permakultur-beitrag-der-tagesschau-de-vom-09-juni-2022\/#article","isPartOf":{"@id":"https:\/\/permakultur-landwirtschaft.org\/wie-wir-mit-trockenheit-und-duerre-umgehen-koennen-z-b-mit-permakultur-beitrag-der-tagesschau-de-vom-09-juni-2022\/"},"author":{"name":"adrian reutimann","@id":"https:\/\/permakultur-landwirtschaft.org\/#\/schema\/person\/6b0467872f75aed3e144093f9bf4f0b0"},"headline":"Wie wir mit Trockenheit und D\u00fcrre umgehen k\u00f6nnen &#8211; z.B. mit Permakultur &#8211; Beitrag der Tagesschau.de vom 09. Juni 2022","datePublished":"2022-06-09T07:55:00+00:00","dateModified":"2022-06-16T08:07:41+00:00","mainEntityOfPage":{"@id":"https:\/\/permakultur-landwirtschaft.org\/wie-wir-mit-trockenheit-und-duerre-umgehen-koennen-z-b-mit-permakultur-beitrag-der-tagesschau-de-vom-09-juni-2022\/"},"wordCount":177,"publisher":{"@id":"https:\/\/permakultur-landwirtschaft.org\/#organization"},"image":{"@id":"https:\/\/permakultur-landwirtschaft.org\/wie-wir-mit-trockenheit-und-duerre-umgehen-koennen-z-b-mit-permakultur-beitrag-der-tagesschau-de-vom-09-juni-2022\/#primaryimage"},"thumbnailUrl":"https:\/\/permakultur-landwirtschaft.org\/wp-content\/uploads\/2022\/06\/20220616_duerre_kompostwerkstatt.jpg","articleSection":["Neuigkeit"],"inLanguage":"fr-FR"},{"@type":"WebPage","@id":"https:\/\/permakultur-landwirtschaft.org\/wie-wir-mit-trockenheit-und-duerre-umgehen-koennen-z-b-mit-permakultur-beitrag-der-tagesschau-de-vom-09-juni-2022\/","url":"https:\/\/permakultur-landwirtschaft.org\/wie-wir-mit-trockenheit-und-duerre-umgehen-koennen-z-b-mit-permakultur-beitrag-der-tagesschau-de-vom-09-juni-2022\/","name":"Wie wir mit Trockenheit und D\u00fcrre umgehen k\u00f6nnen - z.B. mit Permakultur - Beitrag der Tagesschau.de vom 09. Juni 2022 - Permakultur-Landwirtschaft","isPartOf":{"@id":"https:\/\/permakultur-landwirtschaft.org\/#website"},"primaryImageOfPage":{"@id":"https:\/\/permakultur-landwirtschaft.org\/wie-wir-mit-trockenheit-und-duerre-umgehen-koennen-z-b-mit-permakultur-beitrag-der-tagesschau-de-vom-09-juni-2022\/#primaryimage"},"image":{"@id":"https:\/\/permakultur-landwirtschaft.org\/wie-wir-mit-trockenheit-und-duerre-umgehen-koennen-z-b-mit-permakultur-beitrag-der-tagesschau-de-vom-09-juni-2022\/#primaryimage"},"thumbnailUrl":"https:\/\/permakultur-landwirtschaft.org\/wp-content\/uploads\/2022\/06\/20220616_duerre_kompostwerkstatt.jpg","datePublished":"2022-06-09T07:55:00+00:00","dateModified":"2022-06-16T08:07:41+00:00","breadcrumb":{"@id":"https:\/\/permakultur-landwirtschaft.org\/wie-wir-mit-trockenheit-und-duerre-umgehen-koennen-z-b-mit-permakultur-beitrag-der-tagesschau-de-vom-09-juni-2022\/#breadcrumb"},"inLanguage":"fr-FR","potentialAction":[{"@type":"ReadAction","target":["https:\/\/permakultur-landwirtschaft.org\/wie-wir-mit-trockenheit-und-duerre-umgehen-koennen-z-b-mit-permakultur-beitrag-der-tagesschau-de-vom-09-juni-2022\/"]}]},{"@type":"ImageObject","inLanguage":"fr-FR","@id":"https:\/\/permakultur-landwirtschaft.org\/wie-wir-mit-trockenheit-und-duerre-umgehen-koennen-z-b-mit-permakultur-beitrag-der-tagesschau-de-vom-09-juni-2022\/#primaryimage","url":"https:\/\/permakultur-landwirtschaft.org\/wp-content\/uploads\/2022\/06\/20220616_duerre_kompostwerkstatt.jpg","contentUrl":"https:\/\/permakultur-landwirtschaft.org\/wp-content\/uploads\/2022\/06\/20220616_duerre_kompostwerkstatt.jpg","width":694,"height":444},{"@type":"BreadcrumbList","@id":"https:\/\/permakultur-landwirtschaft.org\/wie-wir-mit-trockenheit-und-duerre-umgehen-koennen-z-b-mit-permakultur-beitrag-der-tagesschau-de-vom-09-juni-2022\/#breadcrumb","itemListElement":[{"@type":"ListItem","position":1,"name":"Startseite","item":"https:\/\/permakultur-landwirtschaft.org\/"},{"@type":"ListItem","position":2,"name":"Wie wir mit Trockenheit und D\u00fcrre umgehen k\u00f6nnen &#8211; z.B. mit Permakultur &#8211; Beitrag der Tagesschau.de vom 09. Juni 2022"}]},{"@type":"WebSite","@id":"https:\/\/permakultur-landwirtschaft.org\/#website","url":"https:\/\/permakultur-landwirtschaft.org\/","name":"Permakultur-Landwirtschaft","description":"F\u00f6rderung der Permakultur in der Landwirtschaft","publisher":{"@id":"https:\/\/permakultur-landwirtschaft.org\/#organization"},"potentialAction":[{"@type":"SearchAction","target":{"@type":"EntryPoint","urlTemplate":"https:\/\/permakultur-landwirtschaft.org\/?s={search_term_string}"},"query-input":{"@type":"PropertyValueSpecification","valueRequired":true,"valueName":"search_term_string"}}],"inLanguage":"fr-FR"},{"@type":"Organization","@id":"https:\/\/permakultur-landwirtschaft.org\/#organization","name":"Permakultur-Landwirtschaft","alternateName":"Verein Permakultur-Landwirtschaft","url":"https:\/\/permakultur-landwirtschaft.org\/","logo":{"@type":"ImageObject","inLanguage":"fr-FR","@id":"https:\/\/permakultur-landwirtschaft.org\/#\/schema\/logo\/image\/","url":"https:\/\/permakultur-landwirtschaft.org\/wp-content\/uploads\/2021\/11\/pela_1268x1269.png","contentUrl":"https:\/\/permakultur-landwirtschaft.org\/wp-content\/uploads\/2021\/11\/pela_1268x1269.png","width":1298,"height":1269,"caption":"Permakultur-Landwirtschaft"},"image":{"@id":"https:\/\/permakultur-landwirtschaft.org\/#\/schema\/logo\/image\/"},"sameAs":["https:\/\/www.facebook.com\/PermakulturLandwirtschaft","https:\/\/www.instagram.com\/permakultur_landwirtschaft\/","https:\/\/www.flickr.com\/photos\/permakultur-landwirtschaft","https:\/\/www.youtube.com\/@PermakulturLandwirtschaft"]},{"@type":"Person","@id":"https:\/\/permakultur-landwirtschaft.org\/#\/schema\/person\/6b0467872f75aed3e144093f9bf4f0b0","name":"adrian reutimann","url":"https:\/\/permakultur-landwirtschaft.org\/fr\/author\/reutiadr\/"}]}},"_links":{"self":[{"href":"https:\/\/permakultur-landwirtschaft.org\/fr\/wp-json\/wp\/v2\/posts\/20334","targetHints":{"allow":["GET"]}}],"collection":[{"href":"https:\/\/permakultur-landwirtschaft.org\/fr\/wp-json\/wp\/v2\/posts"}],"about":[{"href":"https:\/\/permakultur-landwirtschaft.org\/fr\/wp-json\/wp\/v2\/types\/post"}],"author":[{"embeddable":true,"href":"https:\/\/permakultur-landwirtschaft.org\/fr\/wp-json\/wp\/v2\/users\/2"}],"replies":[{"embeddable":true,"href":"https:\/\/permakultur-landwirtschaft.org\/fr\/wp-json\/wp\/v2\/comments?post=20334"}],"version-history":[{"count":2,"href":"https:\/\/permakultur-landwirtschaft.org\/fr\/wp-json\/wp\/v2\/posts\/20334\/revisions"}],"predecessor-version":[{"id":20337,"href":"https:\/\/permakultur-landwirtschaft.org\/fr\/wp-json\/wp\/v2\/posts\/20334\/revisions\/20337"}],"wp:featuredmedia":[{"embeddable":true,"href":"https:\/\/permakultur-landwirtschaft.org\/fr\/wp-json\/wp\/v2\/media\/20335"}],"wp:attachment":[{"href":"https:\/\/permakultur-landwirtschaft.org\/fr\/wp-json\/wp\/v2\/media?parent=20334"}],"wp:term":[{"taxonomy":"category","embeddable":true,"href":"https:\/\/permakultur-landwirtschaft.org\/fr\/wp-json\/wp\/v2\/categories?post=20334"},{"taxonomy":"post_tag","embeddable":true,"href":"https:\/\/permakultur-landwirtschaft.org\/fr\/wp-json\/wp\/v2\/tags?post=20334"}],"curies":[{"name":"wp","href":"https:\/\/api.w.org\/{rel}","templated":true}]}}