{"id":20266,"date":"2022-06-10T12:43:00","date_gmt":"2022-06-10T10:43:00","guid":{"rendered":"https:\/\/permakultur-landwirtschaft.org\/?p=20266"},"modified":"2022-06-14T12:51:32","modified_gmt":"2022-06-14T10:51:32","slug":"appel-a-candidatures-domaine-de-la-blecherette-et-du-chatelard-en-lausanne-de-juin-2022","status":"publish","type":"post","link":"https:\/\/permakultur-landwirtschaft.org\/fr\/appel-a-candidatures-domaine-de-la-blecherette-et-du-chatelard-en-lausanne-de-juin-2022\/","title":{"rendered":"Appel \u00e0 candidatures domaine de la Bl\u00e9cherette et du Ch\u00e2telard en Lausanne de Juin 2022"},"content":{"rendered":"<p>Texte de agridea.ch:<\/p>\n\n\n\n<p>La Ville de Lausanne lance deux appels \u00e0 candidatures pour exploiter, selon le cahier des charges de l\u2019agriculture biologique, respectivement le domaine de la Bl\u00e9cherette et le domaine du Ch\u00e2telard. Ces deux fermes situ\u00e9es au nord de la Ville disposent respectivement d\u2019une surface de 9,3 ha et 10,5 ha. Elles offrent un fort potentiel de valeur ajout\u00e9e en mati\u00e8re de vente en circuit court.<br>Ces appels \u00e0 candidatures rappellent \u00e9galement la volont\u00e9 de la Ville de Lausanne en mati\u00e8re d\u2019encouragement \u00e0 la biodiversit\u00e9 et d\u2019interconnexion de l\u2019agriculture avec la population.<br>Les appels d\u2019offre sont destin\u00e9s en premier lieu \u00e0 de nouveaux exploitant.e.s form\u00e9.e.s \u00e0 la recherche d\u2019un domaine agricole.<\/p>\n\n\n\n<p>Toutes les informations n\u00e9cessaires se trouvent ici : <a href=\"https:\/\/www.lausanne.ch\/vie-pratique\/nature\/agriculture-urbaine\/domaines-agricoles\/rehabilitation-des-fermes-blecherette-chatelard\" target=\"_blank\" rel=\"noreferrer noopener\">www.lausanne.ch\/espace-blecherette<\/a><\/p>\n\n\n\n<p>Des visites des domaines sont pr\u00e9vues les 23 et 28 juin prochain, sur inscription.<br>Un atelier de mise en r\u00e9seau entre sp\u00e9cialistes de l\u2019agriculture et partenaires aura lieu le 4 juillet prochain, \u00e9galement sur inscription.<\/p>\n\n\n\n<p>Informations microfermes et agriculture urbaine<\/p>\n\n\n\n<p>Exposition Vert-Ville et v\u00e9g\u00e9tal en transition, Lausanne: <a rel=\"noreferrer noopener\" href=\"http:\/\/www.botanique.vd.ch\/musee-et-jardins-botaniques-cantonaux\/expositions\/vert\/\" target=\"_blank\">www.botanique.vd.ch\/musee-et-jardins-botaniques-cantonaux\/expositions\/vert<\/a><\/p>\n\n\n\n<p>Portes ouvertes aux Jardins de Chivrageon, samedi 18 juin 2022, d\u00e8s 11h: <a href=\"https:\/\/j-d-c.ch\/\" target=\"_blank\" rel=\"noreferrer noopener\">j-d-c.ch<\/a><\/p>\n\n\n\n<p>La microferme le Potagoex dans Passe moi les jumelles (\u00e9mission du 13 mai 2022): <a rel=\"noreferrer noopener\" href=\"https:\/\/www.rts.ch\/play\/tv\/popupvideoplayer?urn=urn%3Arts%3Avideo%3A13085440\" target=\"_blank\">www.rts.ch\/play\/tv\/popupvideoplayer?urn=urn%3Arts%3Avideo%3A13085440<\/a><\/p>\n\n\n\n<figure class=\"wp-block-image size-full\"><a href=\"https:\/\/www.lausanne.ch\/vie-pratique\/nature\/agriculture-urbaine\/domaines-agricoles\/rehabilitation-des-fermes-blecherette-chatelard\" target=\"_blank\" rel=\"noreferrer noopener\"><img fetchpriority=\"high\" decoding=\"async\" width=\"700\" height=\"524\" src=\"https:\/\/permakultur-landwirtschaft.org\/wp-content\/uploads\/2022\/06\/lausanneParcelle_2394_102842.2022-05-16-18-08-24.jpg\" alt=\"\" class=\"wp-image-20267\" srcset=\"https:\/\/permakultur-landwirtschaft.org\/wp-content\/uploads\/2022\/06\/lausanneParcelle_2394_102842.2022-05-16-18-08-24.jpg 700w, https:\/\/permakultur-landwirtschaft.org\/wp-content\/uploads\/2022\/06\/lausanneParcelle_2394_102842.2022-05-16-18-08-24-300x225.jpg 300w\" sizes=\"(max-width: 700px) 100vw, 700px\" \/><\/a><figcaption>Bild: lausanne.ch<\/figcaption><\/figure>\n\n\n\n<hr class=\"wp-block-separator has-css-opacity\"\/>\n\n\n\n<h3 class=\"wp-block-heading\"><a href=\"https:\/\/permakultur-landwirtschaft.org\/fr\/medien\/\">Hier geht&#8217;s zur \u00dcbersicht aller Neuigkeiten<\/a><\/h3>","protected":false},"excerpt":{"rendered":"<p>Texte de agridea.ch: La Ville de Lausanne lance deux appels \u00e0 candidatures pour exploiter, selon le cahier des charges de l\u2019agriculture biologique, respectivement le domaine de la Bl\u00e9cherette et le domaine du Ch\u00e2telard. Ces deux fermes situ\u00e9es au nord de la Ville disposent respectivement d\u2019une surface de 9,3 ha et 10,5 ha. Elles offrent un [&hellip;]<\/p>\n","protected":false},"author":2,"featured_media":20267,"comment_status":"closed","ping_status":"closed","sticky":false,"template":"","format":"standard","meta":{"_acf_changed":false,"site-sidebar-layout":"default","site-content-layout":"","ast-site-content-layout":"default","site-content-style":"default","site-sidebar-style":"default","ast-global-header-display":"","ast-banner-title-visibility":"","ast-main-header-display":"","ast-hfb-above-header-display":"","ast-hfb-below-header-display":"","ast-hfb-mobile-header-display":"","site-post-title":"","ast-breadcrumbs-content":"","ast-featured-img":"","footer-sml-layout":"","ast-disable-related-posts":"","theme-transparent-header-meta":"","adv-header-id-meta":"","stick-header-meta":"","header-above-stick-meta":"","header-main-stick-meta":"","header-below-stick-meta":"","astra-migrate-meta-layouts":"default","ast-page-background-enabled":"default","ast-page-background-meta":{"desktop":{"background-color":"var(--ast-global-color-4)","background-image":"","background-repeat":"repeat","background-position":"center center","background-size":"auto","background-attachment":"scroll","background-type":"","background-media":"","overlay-type":"","overlay-color":"","overlay-opacity":"","overlay-gradient":""},"tablet":{"background-color":"","background-image":"","background-repeat":"repeat","background-position":"center center","background-size":"auto","background-attachment":"scroll","background-type":"","background-media":"","overlay-type":"","overlay-color":"","overlay-opacity":"","overlay-gradient":""},"mobile":{"background-color":"","background-image":"","background-repeat":"repeat","background-position":"center center","background-size":"auto","background-attachment":"scroll","background-type":"","background-media":"","overlay-type":"","overlay-color":"","overlay-opacity":"","overlay-gradient":""}},"ast-content-background-meta":{"desktop":{"background-color":"var(--ast-global-color-5)","background-image":"","background-repeat":"repeat","background-position":"center center","background-size":"auto","background-attachment":"scroll","background-type":"","background-media":"","overlay-type":"","overlay-color":"","overlay-opacity":"","overlay-gradient":""},"tablet":{"background-color":"var(--ast-global-color-5)","background-image":"","background-repeat":"repeat","background-position":"center center","background-size":"auto","background-attachment":"scroll","background-type":"","background-media":"","overlay-type":"","overlay-color":"","overlay-opacity":"","overlay-gradient":""},"mobile":{"background-color":"var(--ast-global-color-5)","background-image":"","background-repeat":"repeat","background-position":"center center","background-size":"auto","background-attachment":"scroll","background-type":"","background-media":"","overlay-type":"","overlay-color":"","overlay-opacity":"","overlay-gradient":""}},"footnotes":""},"categories":[22],"tags":[],"class_list":["post-20266","post","type-post","status-publish","format-standard","has-post-thumbnail","hentry","category-neuigkeit"],"acf":[],"yoast_head":"<!-- This site is optimized with the Yoast SEO plugin v27.5 - https:\/\/yoast.com\/product\/yoast-seo-wordpress\/ -->\n<title>Appel \u00e0 candidatures domaine de la Bl\u00e9cherette et du Ch\u00e2telard en Lausanne de Juin 2022 - Permakultur-Landwirtschaft<\/title>\n<meta name=\"robots\" content=\"index, follow, max-snippet:-1, max-image-preview:large, max-video-preview:-1\" \/>\n<link rel=\"canonical\" href=\"https:\/\/permakultur-landwirtschaft.org\/fr\/appel-a-candidatures-domaine-de-la-blecherette-et-du-chatelard-en-lausanne-de-juin-2022\/\" \/>\n<meta property=\"og:locale\" content=\"fr_FR\" \/>\n<meta property=\"og:type\" content=\"article\" \/>\n<meta property=\"og:title\" content=\"Appel \u00e0 candidatures domaine de la Bl\u00e9cherette et du Ch\u00e2telard en Lausanne de Juin 2022 - Permakultur-Landwirtschaft\" \/>\n<meta property=\"og:description\" content=\"Texte de agridea.ch: La Ville de Lausanne lance deux appels \u00e0 candidatures pour exploiter, selon le cahier des charges de l\u2019agriculture biologique, respectivement le domaine de la Bl\u00e9cherette et le domaine du Ch\u00e2telard. Ces deux fermes situ\u00e9es au nord de la Ville disposent respectivement d\u2019une surface de 9,3 ha et 10,5 ha. Elles offrent un [&hellip;]\" \/>\n<meta property=\"og:url\" content=\"https:\/\/permakultur-landwirtschaft.org\/fr\/appel-a-candidatures-domaine-de-la-blecherette-et-du-chatelard-en-lausanne-de-juin-2022\/\" \/>\n<meta property=\"og:site_name\" content=\"Permakultur-Landwirtschaft\" \/>\n<meta property=\"article:publisher\" content=\"https:\/\/www.facebook.com\/PermakulturLandwirtschaft\" \/>\n<meta property=\"article:published_time\" content=\"2022-06-10T10:43:00+00:00\" \/>\n<meta property=\"article:modified_time\" content=\"2022-06-14T10:51:32+00:00\" \/>\n<meta property=\"og:image\" content=\"https:\/\/permakultur-landwirtschaft.org\/wp-content\/uploads\/2022\/06\/lausanneParcelle_2394_102842.2022-05-16-18-08-24.jpg\" \/>\n\t<meta property=\"og:image:width\" content=\"700\" \/>\n\t<meta property=\"og:image:height\" content=\"524\" \/>\n\t<meta property=\"og:image:type\" content=\"image\/jpeg\" \/>\n<meta name=\"author\" content=\"adrian reutimann\" \/>\n<meta name=\"twitter:card\" content=\"summary_large_image\" \/>\n<meta name=\"twitter:label1\" content=\"\u00c9crit par\" \/>\n\t<meta name=\"twitter:data1\" content=\"adrian reutimann\" \/>\n\t<meta name=\"twitter:label2\" content=\"Dur\u00e9e de lecture estim\u00e9e\" \/>\n\t<meta name=\"twitter:data2\" content=\"1 minute\" \/>\n<script type=\"application\/ld+json\" class=\"yoast-schema-graph\">{\"@context\":\"https:\\\/\\\/schema.org\",\"@graph\":[{\"@type\":\"Article\",\"@id\":\"https:\\\/\\\/permakultur-landwirtschaft.org\\\/appel-a-candidatures-domaine-de-la-blecherette-et-du-chatelard-en-lausanne-de-juin-2022\\\/#article\",\"isPartOf\":{\"@id\":\"https:\\\/\\\/permakultur-landwirtschaft.org\\\/appel-a-candidatures-domaine-de-la-blecherette-et-du-chatelard-en-lausanne-de-juin-2022\\\/\"},\"author\":{\"name\":\"adrian reutimann\",\"@id\":\"https:\\\/\\\/permakultur-landwirtschaft.org\\\/#\\\/schema\\\/person\\\/6b0467872f75aed3e144093f9bf4f0b0\"},\"headline\":\"Appel \u00e0 candidatures domaine de la Bl\u00e9cherette et du Ch\u00e2telard en Lausanne de Juin 2022\",\"datePublished\":\"2022-06-10T10:43:00+00:00\",\"dateModified\":\"2022-06-14T10:51:32+00:00\",\"mainEntityOfPage\":{\"@id\":\"https:\\\/\\\/permakultur-landwirtschaft.org\\\/appel-a-candidatures-domaine-de-la-blecherette-et-du-chatelard-en-lausanne-de-juin-2022\\\/\"},\"wordCount\":254,\"publisher\":{\"@id\":\"https:\\\/\\\/permakultur-landwirtschaft.org\\\/#organization\"},\"image\":{\"@id\":\"https:\\\/\\\/permakultur-landwirtschaft.org\\\/appel-a-candidatures-domaine-de-la-blecherette-et-du-chatelard-en-lausanne-de-juin-2022\\\/#primaryimage\"},\"thumbnailUrl\":\"https:\\\/\\\/permakultur-landwirtschaft.org\\\/wp-content\\\/uploads\\\/2022\\\/06\\\/lausanneParcelle_2394_102842.2022-05-16-18-08-24.jpg\",\"articleSection\":[\"Neuigkeit\"],\"inLanguage\":\"fr-FR\"},{\"@type\":\"WebPage\",\"@id\":\"https:\\\/\\\/permakultur-landwirtschaft.org\\\/appel-a-candidatures-domaine-de-la-blecherette-et-du-chatelard-en-lausanne-de-juin-2022\\\/\",\"url\":\"https:\\\/\\\/permakultur-landwirtschaft.org\\\/appel-a-candidatures-domaine-de-la-blecherette-et-du-chatelard-en-lausanne-de-juin-2022\\\/\",\"name\":\"Appel \u00e0 candidatures domaine de la Bl\u00e9cherette et du Ch\u00e2telard en Lausanne de Juin 2022 - Permakultur-Landwirtschaft\",\"isPartOf\":{\"@id\":\"https:\\\/\\\/permakultur-landwirtschaft.org\\\/#website\"},\"primaryImageOfPage\":{\"@id\":\"https:\\\/\\\/permakultur-landwirtschaft.org\\\/appel-a-candidatures-domaine-de-la-blecherette-et-du-chatelard-en-lausanne-de-juin-2022\\\/#primaryimage\"},\"image\":{\"@id\":\"https:\\\/\\\/permakultur-landwirtschaft.org\\\/appel-a-candidatures-domaine-de-la-blecherette-et-du-chatelard-en-lausanne-de-juin-2022\\\/#primaryimage\"},\"thumbnailUrl\":\"https:\\\/\\\/permakultur-landwirtschaft.org\\\/wp-content\\\/uploads\\\/2022\\\/06\\\/lausanneParcelle_2394_102842.2022-05-16-18-08-24.jpg\",\"datePublished\":\"2022-06-10T10:43:00+00:00\",\"dateModified\":\"2022-06-14T10:51:32+00:00\",\"breadcrumb\":{\"@id\":\"https:\\\/\\\/permakultur-landwirtschaft.org\\\/appel-a-candidatures-domaine-de-la-blecherette-et-du-chatelard-en-lausanne-de-juin-2022\\\/#breadcrumb\"},\"inLanguage\":\"fr-FR\",\"potentialAction\":[{\"@type\":\"ReadAction\",\"target\":[\"https:\\\/\\\/permakultur-landwirtschaft.org\\\/appel-a-candidatures-domaine-de-la-blecherette-et-du-chatelard-en-lausanne-de-juin-2022\\\/\"]}]},{\"@type\":\"ImageObject\",\"inLanguage\":\"fr-FR\",\"@id\":\"https:\\\/\\\/permakultur-landwirtschaft.org\\\/appel-a-candidatures-domaine-de-la-blecherette-et-du-chatelard-en-lausanne-de-juin-2022\\\/#primaryimage\",\"url\":\"https:\\\/\\\/permakultur-landwirtschaft.org\\\/wp-content\\\/uploads\\\/2022\\\/06\\\/lausanneParcelle_2394_102842.2022-05-16-18-08-24.jpg\",\"contentUrl\":\"https:\\\/\\\/permakultur-landwirtschaft.org\\\/wp-content\\\/uploads\\\/2022\\\/06\\\/lausanneParcelle_2394_102842.2022-05-16-18-08-24.jpg\",\"width\":700,\"height\":524},{\"@type\":\"BreadcrumbList\",\"@id\":\"https:\\\/\\\/permakultur-landwirtschaft.org\\\/appel-a-candidatures-domaine-de-la-blecherette-et-du-chatelard-en-lausanne-de-juin-2022\\\/#breadcrumb\",\"itemListElement\":[{\"@type\":\"ListItem\",\"position\":1,\"name\":\"Startseite\",\"item\":\"https:\\\/\\\/permakultur-landwirtschaft.org\\\/\"},{\"@type\":\"ListItem\",\"position\":2,\"name\":\"Appel \u00e0 candidatures domaine de la Bl\u00e9cherette et du Ch\u00e2telard en Lausanne de Juin 2022\"}]},{\"@type\":\"WebSite\",\"@id\":\"https:\\\/\\\/permakultur-landwirtschaft.org\\\/#website\",\"url\":\"https:\\\/\\\/permakultur-landwirtschaft.org\\\/\",\"name\":\"Permakultur-Landwirtschaft\",\"description\":\"F\u00f6rderung der Permakultur in der Landwirtschaft\",\"publisher\":{\"@id\":\"https:\\\/\\\/permakultur-landwirtschaft.org\\\/#organization\"},\"potentialAction\":[{\"@type\":\"SearchAction\",\"target\":{\"@type\":\"EntryPoint\",\"urlTemplate\":\"https:\\\/\\\/permakultur-landwirtschaft.org\\\/?s={search_term_string}\"},\"query-input\":{\"@type\":\"PropertyValueSpecification\",\"valueRequired\":true,\"valueName\":\"search_term_string\"}}],\"inLanguage\":\"fr-FR\"},{\"@type\":\"Organization\",\"@id\":\"https:\\\/\\\/permakultur-landwirtschaft.org\\\/#organization\",\"name\":\"Permakultur-Landwirtschaft\",\"alternateName\":\"Verein Permakultur-Landwirtschaft\",\"url\":\"https:\\\/\\\/permakultur-landwirtschaft.org\\\/\",\"logo\":{\"@type\":\"ImageObject\",\"inLanguage\":\"fr-FR\",\"@id\":\"https:\\\/\\\/permakultur-landwirtschaft.org\\\/#\\\/schema\\\/logo\\\/image\\\/\",\"url\":\"https:\\\/\\\/permakultur-landwirtschaft.org\\\/wp-content\\\/uploads\\\/2021\\\/11\\\/pela_1268x1269.png\",\"contentUrl\":\"https:\\\/\\\/permakultur-landwirtschaft.org\\\/wp-content\\\/uploads\\\/2021\\\/11\\\/pela_1268x1269.png\",\"width\":1298,\"height\":1269,\"caption\":\"Permakultur-Landwirtschaft\"},\"image\":{\"@id\":\"https:\\\/\\\/permakultur-landwirtschaft.org\\\/#\\\/schema\\\/logo\\\/image\\\/\"},\"sameAs\":[\"https:\\\/\\\/www.facebook.com\\\/PermakulturLandwirtschaft\",\"https:\\\/\\\/www.instagram.com\\\/permakultur_landwirtschaft\\\/\",\"https:\\\/\\\/www.flickr.com\\\/photos\\\/permakultur-landwirtschaft\",\"https:\\\/\\\/www.youtube.com\\\/@PermakulturLandwirtschaft\"]},{\"@type\":\"Person\",\"@id\":\"https:\\\/\\\/permakultur-landwirtschaft.org\\\/#\\\/schema\\\/person\\\/6b0467872f75aed3e144093f9bf4f0b0\",\"name\":\"adrian reutimann\",\"url\":\"https:\\\/\\\/permakultur-landwirtschaft.org\\\/fr\\\/author\\\/reutiadr\\\/\"}]}<\/script>\n<!-- \/ Yoast SEO plugin. -->","yoast_head_json":{"title":"Appel \u00e0 candidatures domaine de la Bl\u00e9cherette et du Ch\u00e2telard en Lausanne de Juin 2022 - Permakultur-Landwirtschaft","robots":{"index":"index","follow":"follow","max-snippet":"max-snippet:-1","max-image-preview":"max-image-preview:large","max-video-preview":"max-video-preview:-1"},"canonical":"https:\/\/permakultur-landwirtschaft.org\/fr\/appel-a-candidatures-domaine-de-la-blecherette-et-du-chatelard-en-lausanne-de-juin-2022\/","og_locale":"fr_FR","og_type":"article","og_title":"Appel \u00e0 candidatures domaine de la Bl\u00e9cherette et du Ch\u00e2telard en Lausanne de Juin 2022 - Permakultur-Landwirtschaft","og_description":"Texte de agridea.ch: La Ville de Lausanne lance deux appels \u00e0 candidatures pour exploiter, selon le cahier des charges de l\u2019agriculture biologique, respectivement le domaine de la Bl\u00e9cherette et le domaine du Ch\u00e2telard. Ces deux fermes situ\u00e9es au nord de la Ville disposent respectivement d\u2019une surface de 9,3 ha et 10,5 ha. Elles offrent un [&hellip;]","og_url":"https:\/\/permakultur-landwirtschaft.org\/fr\/appel-a-candidatures-domaine-de-la-blecherette-et-du-chatelard-en-lausanne-de-juin-2022\/","og_site_name":"Permakultur-Landwirtschaft","article_publisher":"https:\/\/www.facebook.com\/PermakulturLandwirtschaft","article_published_time":"2022-06-10T10:43:00+00:00","article_modified_time":"2022-06-14T10:51:32+00:00","og_image":[{"width":700,"height":524,"url":"https:\/\/permakultur-landwirtschaft.org\/wp-content\/uploads\/2022\/06\/lausanneParcelle_2394_102842.2022-05-16-18-08-24.jpg","type":"image\/jpeg"}],"author":"adrian reutimann","twitter_card":"summary_large_image","twitter_misc":{"\u00c9crit par":"adrian reutimann","Dur\u00e9e de lecture estim\u00e9e":"1 minute"},"schema":{"@context":"https:\/\/schema.org","@graph":[{"@type":"Article","@id":"https:\/\/permakultur-landwirtschaft.org\/appel-a-candidatures-domaine-de-la-blecherette-et-du-chatelard-en-lausanne-de-juin-2022\/#article","isPartOf":{"@id":"https:\/\/permakultur-landwirtschaft.org\/appel-a-candidatures-domaine-de-la-blecherette-et-du-chatelard-en-lausanne-de-juin-2022\/"},"author":{"name":"adrian reutimann","@id":"https:\/\/permakultur-landwirtschaft.org\/#\/schema\/person\/6b0467872f75aed3e144093f9bf4f0b0"},"headline":"Appel \u00e0 candidatures domaine de la Bl\u00e9cherette et du Ch\u00e2telard en Lausanne de Juin 2022","datePublished":"2022-06-10T10:43:00+00:00","dateModified":"2022-06-14T10:51:32+00:00","mainEntityOfPage":{"@id":"https:\/\/permakultur-landwirtschaft.org\/appel-a-candidatures-domaine-de-la-blecherette-et-du-chatelard-en-lausanne-de-juin-2022\/"},"wordCount":254,"publisher":{"@id":"https:\/\/permakultur-landwirtschaft.org\/#organization"},"image":{"@id":"https:\/\/permakultur-landwirtschaft.org\/appel-a-candidatures-domaine-de-la-blecherette-et-du-chatelard-en-lausanne-de-juin-2022\/#primaryimage"},"thumbnailUrl":"https:\/\/permakultur-landwirtschaft.org\/wp-content\/uploads\/2022\/06\/lausanneParcelle_2394_102842.2022-05-16-18-08-24.jpg","articleSection":["Neuigkeit"],"inLanguage":"fr-FR"},{"@type":"WebPage","@id":"https:\/\/permakultur-landwirtschaft.org\/appel-a-candidatures-domaine-de-la-blecherette-et-du-chatelard-en-lausanne-de-juin-2022\/","url":"https:\/\/permakultur-landwirtschaft.org\/appel-a-candidatures-domaine-de-la-blecherette-et-du-chatelard-en-lausanne-de-juin-2022\/","name":"Appel \u00e0 candidatures domaine de la Bl\u00e9cherette et du Ch\u00e2telard en Lausanne de Juin 2022 - Permakultur-Landwirtschaft","isPartOf":{"@id":"https:\/\/permakultur-landwirtschaft.org\/#website"},"primaryImageOfPage":{"@id":"https:\/\/permakultur-landwirtschaft.org\/appel-a-candidatures-domaine-de-la-blecherette-et-du-chatelard-en-lausanne-de-juin-2022\/#primaryimage"},"image":{"@id":"https:\/\/permakultur-landwirtschaft.org\/appel-a-candidatures-domaine-de-la-blecherette-et-du-chatelard-en-lausanne-de-juin-2022\/#primaryimage"},"thumbnailUrl":"https:\/\/permakultur-landwirtschaft.org\/wp-content\/uploads\/2022\/06\/lausanneParcelle_2394_102842.2022-05-16-18-08-24.jpg","datePublished":"2022-06-10T10:43:00+00:00","dateModified":"2022-06-14T10:51:32+00:00","breadcrumb":{"@id":"https:\/\/permakultur-landwirtschaft.org\/appel-a-candidatures-domaine-de-la-blecherette-et-du-chatelard-en-lausanne-de-juin-2022\/#breadcrumb"},"inLanguage":"fr-FR","potentialAction":[{"@type":"ReadAction","target":["https:\/\/permakultur-landwirtschaft.org\/appel-a-candidatures-domaine-de-la-blecherette-et-du-chatelard-en-lausanne-de-juin-2022\/"]}]},{"@type":"ImageObject","inLanguage":"fr-FR","@id":"https:\/\/permakultur-landwirtschaft.org\/appel-a-candidatures-domaine-de-la-blecherette-et-du-chatelard-en-lausanne-de-juin-2022\/#primaryimage","url":"https:\/\/permakultur-landwirtschaft.org\/wp-content\/uploads\/2022\/06\/lausanneParcelle_2394_102842.2022-05-16-18-08-24.jpg","contentUrl":"https:\/\/permakultur-landwirtschaft.org\/wp-content\/uploads\/2022\/06\/lausanneParcelle_2394_102842.2022-05-16-18-08-24.jpg","width":700,"height":524},{"@type":"BreadcrumbList","@id":"https:\/\/permakultur-landwirtschaft.org\/appel-a-candidatures-domaine-de-la-blecherette-et-du-chatelard-en-lausanne-de-juin-2022\/#breadcrumb","itemListElement":[{"@type":"ListItem","position":1,"name":"Startseite","item":"https:\/\/permakultur-landwirtschaft.org\/"},{"@type":"ListItem","position":2,"name":"Appel \u00e0 candidatures domaine de la Bl\u00e9cherette et du Ch\u00e2telard en Lausanne de Juin 2022"}]},{"@type":"WebSite","@id":"https:\/\/permakultur-landwirtschaft.org\/#website","url":"https:\/\/permakultur-landwirtschaft.org\/","name":"Permakultur-Landwirtschaft","description":"F\u00f6rderung der Permakultur in der Landwirtschaft","publisher":{"@id":"https:\/\/permakultur-landwirtschaft.org\/#organization"},"potentialAction":[{"@type":"SearchAction","target":{"@type":"EntryPoint","urlTemplate":"https:\/\/permakultur-landwirtschaft.org\/?s={search_term_string}"},"query-input":{"@type":"PropertyValueSpecification","valueRequired":true,"valueName":"search_term_string"}}],"inLanguage":"fr-FR"},{"@type":"Organization","@id":"https:\/\/permakultur-landwirtschaft.org\/#organization","name":"Permakultur-Landwirtschaft","alternateName":"Verein Permakultur-Landwirtschaft","url":"https:\/\/permakultur-landwirtschaft.org\/","logo":{"@type":"ImageObject","inLanguage":"fr-FR","@id":"https:\/\/permakultur-landwirtschaft.org\/#\/schema\/logo\/image\/","url":"https:\/\/permakultur-landwirtschaft.org\/wp-content\/uploads\/2021\/11\/pela_1268x1269.png","contentUrl":"https:\/\/permakultur-landwirtschaft.org\/wp-content\/uploads\/2021\/11\/pela_1268x1269.png","width":1298,"height":1269,"caption":"Permakultur-Landwirtschaft"},"image":{"@id":"https:\/\/permakultur-landwirtschaft.org\/#\/schema\/logo\/image\/"},"sameAs":["https:\/\/www.facebook.com\/PermakulturLandwirtschaft","https:\/\/www.instagram.com\/permakultur_landwirtschaft\/","https:\/\/www.flickr.com\/photos\/permakultur-landwirtschaft","https:\/\/www.youtube.com\/@PermakulturLandwirtschaft"]},{"@type":"Person","@id":"https:\/\/permakultur-landwirtschaft.org\/#\/schema\/person\/6b0467872f75aed3e144093f9bf4f0b0","name":"adrian reutimann","url":"https:\/\/permakultur-landwirtschaft.org\/fr\/author\/reutiadr\/"}]}},"_links":{"self":[{"href":"https:\/\/permakultur-landwirtschaft.org\/fr\/wp-json\/wp\/v2\/posts\/20266","targetHints":{"allow":["GET"]}}],"collection":[{"href":"https:\/\/permakultur-landwirtschaft.org\/fr\/wp-json\/wp\/v2\/posts"}],"about":[{"href":"https:\/\/permakultur-landwirtschaft.org\/fr\/wp-json\/wp\/v2\/types\/post"}],"author":[{"embeddable":true,"href":"https:\/\/permakultur-landwirtschaft.org\/fr\/wp-json\/wp\/v2\/users\/2"}],"replies":[{"embeddable":true,"href":"https:\/\/permakultur-landwirtschaft.org\/fr\/wp-json\/wp\/v2\/comments?post=20266"}],"version-history":[{"count":2,"href":"https:\/\/permakultur-landwirtschaft.org\/fr\/wp-json\/wp\/v2\/posts\/20266\/revisions"}],"predecessor-version":[{"id":20269,"href":"https:\/\/permakultur-landwirtschaft.org\/fr\/wp-json\/wp\/v2\/posts\/20266\/revisions\/20269"}],"wp:featuredmedia":[{"embeddable":true,"href":"https:\/\/permakultur-landwirtschaft.org\/fr\/wp-json\/wp\/v2\/media\/20267"}],"wp:attachment":[{"href":"https:\/\/permakultur-landwirtschaft.org\/fr\/wp-json\/wp\/v2\/media?parent=20266"}],"wp:term":[{"taxonomy":"category","embeddable":true,"href":"https:\/\/permakultur-landwirtschaft.org\/fr\/wp-json\/wp\/v2\/categories?post=20266"},{"taxonomy":"post_tag","embeddable":true,"href":"https:\/\/permakultur-landwirtschaft.org\/fr\/wp-json\/wp\/v2\/tags?post=20266"}],"curies":[{"name":"wp","href":"https:\/\/api.w.org\/{rel}","templated":true}]}}