{"id":20155,"date":"2021-12-08T14:31:00","date_gmt":"2021-12-08T13:31:00","guid":{"rendered":"https:\/\/permakultur-landwirtschaft.org\/?p=20155"},"modified":"2022-06-08T14:45:23","modified_gmt":"2022-06-08T12:45:23","slug":"sind-unsere-aecker-noch-zu-retten-podcast-von-terra-x-von-2021","status":"publish","type":"post","link":"https:\/\/permakultur-landwirtschaft.org\/fr\/sind-unsere-aecker-noch-zu-retten-podcast-von-terra-x-von-2021\/","title":{"rendered":"Sind unsere \u00c4cker noch zu retten? &#8211; Podcast von Terra X von 2021"},"content":{"rendered":"<p>Sind unsere \u00c4cker noch zu retten? &#8211; Podcast 11 von Terra X mit Andrea Beste<\/p>\n\n\n\n<h2 class=\"wp-block-heading\">Andrea Beste, haben wir wirklich nur noch 60 Ernten?<\/h2>\n\n\n\n<p>Der Boden als Lebensgrundlage ist bedroht. Permakultur und Wurzeln in den Boden werden als L\u00f6sungsans\u00e4tze erw\u00e4hnt.<br>Im Beitrag wird der Scheuerhof in Rheinland-Pfalz portraitiert, ein Familienbetrieb der auf Permakultur setzt. <br>Aussage Andrea Beste: Permakultur erwirtschaftet in den Tropen schon deutlich h\u00f6here Ertr\u00e4ge als konventionelle Landwirtschaft.<\/p>\n\n\n\n<p>Link zur Podcast \u00dcbersicht bei zdf.de: <a href=\"https:\/\/www.zdf.de\/dokumentation\/terra-x\/alle-folgen-terra-x-der-podcast-100.html\" target=\"_blank\" rel=\"noreferrer noopener\">www.zdf.de\/dokumentation\/terra-x\/alle-folgen-terra-x-der-podcast-100.html<\/a><\/p>\n\n\n\n<p>Direkter Link zum Podcast 11 von Terra X: <a href=\"https:\/\/www.zdf.de\/assets\/podcast-folge-11-boden-100~original?cb=1654612709637\" target=\"_blank\" rel=\"noreferrer noopener\">www.zdf.de\/assets\/podcast-folge-11-boden-100~original?cb=1654612709637<\/a><\/p>\n\n\n\n<p>Link zum PDF-Manuskript des Beitrags: <a rel=\"noreferrer noopener\" href=\"https:\/\/www.zdf.de\/assets\/podcast-text-boden-100~original\" target=\"_blank\">www.zdf.de\/assets\/podcast-text-boden-100~original<\/a><\/p>\n\n\n\n<p>Mehr Infos zu Dr. Andrea Beste: <a href=\"https:\/\/www.gesunde-erde.net\/das-buero\/dr-andrea-beste\/\" target=\"_blank\" rel=\"noreferrer noopener\">www.gesunde-erde.net\/das-buero\/dr-andrea-beste<\/a><\/p>\n\n\n\n<p>Link zum Scheuerhof: <a href=\"https:\/\/www.permakultur-scheuerhof.de\/\" target=\"_blank\" rel=\"noreferrer noopener\">www.permakultur-scheuerhof.de<\/a><\/p>\n\n\n\n<figure class=\"wp-block-image size-full\"><a href=\"https:\/\/www.zdf.de\/dokumentation\/terra-x\/alle-folgen-terra-x-der-podcast-100.html\" target=\"_blank\" rel=\"noopener\"><img fetchpriority=\"high\" decoding=\"async\" width=\"364\" height=\"247\" src=\"https:\/\/permakultur-landwirtschaft.org\/wp-content\/uploads\/2022\/06\/2021_terrax_boeden.jpg\" alt=\"\" class=\"wp-image-20156\" srcset=\"https:\/\/permakultur-landwirtschaft.org\/wp-content\/uploads\/2022\/06\/2021_terrax_boeden.jpg 364w, https:\/\/permakultur-landwirtschaft.org\/wp-content\/uploads\/2022\/06\/2021_terrax_boeden-300x204.jpg 300w, https:\/\/permakultur-landwirtschaft.org\/wp-content\/uploads\/2022\/06\/2021_terrax_boeden-160x110.jpg 160w\" sizes=\"(max-width: 364px) 100vw, 364px\" \/><\/a><figcaption>Bild: zdf.de<\/figcaption><\/figure>\n\n\n\n<hr class=\"wp-block-separator has-css-opacity\"\/>\n\n\n\n<h3 class=\"wp-block-heading\"><a href=\"https:\/\/permakultur-landwirtschaft.org\/fr\/medien\/\">Hier geht&#8217;s zur \u00dcbersicht aller Neuigkeiten<\/a><\/h3>\n\n\n\n<h3 class=\"wp-block-heading\"><a href=\"https:\/\/permakultur-landwirtschaft.org\/fr\/filme\/\">Hier geht&#8217;s zur \u00dcbersicht aller Filme und Audios<\/a><\/h3>","protected":false},"excerpt":{"rendered":"<p>Sind unsere \u00c4cker noch zu retten? &#8211; Podcast 11 von Terra X mit Andrea Beste Andrea Beste, haben wir wirklich nur noch 60 Ernten? Der Boden als Lebensgrundlage ist bedroht. Permakultur und Wurzeln in den Boden werden als L\u00f6sungsans\u00e4tze erw\u00e4hnt.Im Beitrag wird der Scheuerhof in Rheinland-Pfalz portraitiert, ein Familienbetrieb der auf Permakultur setzt. Aussage Andrea [&hellip;]<\/p>\n","protected":false},"author":2,"featured_media":20156,"comment_status":"closed","ping_status":"closed","sticky":false,"template":"","format":"standard","meta":{"_acf_changed":false,"site-sidebar-layout":"default","site-content-layout":"","ast-site-content-layout":"default","site-content-style":"default","site-sidebar-style":"default","ast-global-header-display":"","ast-banner-title-visibility":"","ast-main-header-display":"","ast-hfb-above-header-display":"","ast-hfb-below-header-display":"","ast-hfb-mobile-header-display":"","site-post-title":"","ast-breadcrumbs-content":"","ast-featured-img":"","footer-sml-layout":"","ast-disable-related-posts":"","theme-transparent-header-meta":"","adv-header-id-meta":"","stick-header-meta":"","header-above-stick-meta":"","header-main-stick-meta":"","header-below-stick-meta":"","astra-migrate-meta-layouts":"default","ast-page-background-enabled":"default","ast-page-background-meta":{"desktop":{"background-color":"var(--ast-global-color-4)","background-image":"","background-repeat":"repeat","background-position":"center center","background-size":"auto","background-attachment":"scroll","background-type":"","background-media":"","overlay-type":"","overlay-color":"","overlay-opacity":"","overlay-gradient":""},"tablet":{"background-color":"","background-image":"","background-repeat":"repeat","background-position":"center center","background-size":"auto","background-attachment":"scroll","background-type":"","background-media":"","overlay-type":"","overlay-color":"","overlay-opacity":"","overlay-gradient":""},"mobile":{"background-color":"","background-image":"","background-repeat":"repeat","background-position":"center center","background-size":"auto","background-attachment":"scroll","background-type":"","background-media":"","overlay-type":"","overlay-color":"","overlay-opacity":"","overlay-gradient":""}},"ast-content-background-meta":{"desktop":{"background-color":"var(--ast-global-color-5)","background-image":"","background-repeat":"repeat","background-position":"center center","background-size":"auto","background-attachment":"scroll","background-type":"","background-media":"","overlay-type":"","overlay-color":"","overlay-opacity":"","overlay-gradient":""},"tablet":{"background-color":"var(--ast-global-color-5)","background-image":"","background-repeat":"repeat","background-position":"center center","background-size":"auto","background-attachment":"scroll","background-type":"","background-media":"","overlay-type":"","overlay-color":"","overlay-opacity":"","overlay-gradient":""},"mobile":{"background-color":"var(--ast-global-color-5)","background-image":"","background-repeat":"repeat","background-position":"center center","background-size":"auto","background-attachment":"scroll","background-type":"","background-media":"","overlay-type":"","overlay-color":"","overlay-opacity":"","overlay-gradient":""}},"footnotes":""},"categories":[49,22],"tags":[],"class_list":["post-20155","post","type-post","status-publish","format-standard","has-post-thumbnail","hentry","category-audio","category-neuigkeit"],"acf":[],"yoast_head":"<!-- This site is optimized with the Yoast SEO plugin v27.5 - https:\/\/yoast.com\/product\/yoast-seo-wordpress\/ -->\n<title>Sind unsere \u00c4cker noch zu retten? - Podcast von Terra X von 2021 - Permakultur-Landwirtschaft<\/title>\n<meta name=\"robots\" content=\"index, follow, max-snippet:-1, max-image-preview:large, max-video-preview:-1\" \/>\n<link rel=\"canonical\" href=\"https:\/\/permakultur-landwirtschaft.org\/fr\/sind-unsere-aecker-noch-zu-retten-podcast-von-terra-x-von-2021\/\" \/>\n<meta property=\"og:locale\" content=\"fr_FR\" \/>\n<meta property=\"og:type\" content=\"article\" \/>\n<meta property=\"og:title\" content=\"Sind unsere \u00c4cker noch zu retten? - Podcast von Terra X von 2021 - Permakultur-Landwirtschaft\" \/>\n<meta property=\"og:description\" content=\"Sind unsere \u00c4cker noch zu retten? &#8211; Podcast 11 von Terra X mit Andrea Beste Andrea Beste, haben wir wirklich nur noch 60 Ernten? Der Boden als Lebensgrundlage ist bedroht. Permakultur und Wurzeln in den Boden werden als L\u00f6sungsans\u00e4tze erw\u00e4hnt.Im Beitrag wird der Scheuerhof in Rheinland-Pfalz portraitiert, ein Familienbetrieb der auf Permakultur setzt. Aussage Andrea [&hellip;]\" \/>\n<meta property=\"og:url\" content=\"https:\/\/permakultur-landwirtschaft.org\/fr\/sind-unsere-aecker-noch-zu-retten-podcast-von-terra-x-von-2021\/\" \/>\n<meta property=\"og:site_name\" content=\"Permakultur-Landwirtschaft\" \/>\n<meta property=\"article:publisher\" content=\"https:\/\/www.facebook.com\/PermakulturLandwirtschaft\" \/>\n<meta property=\"article:published_time\" content=\"2021-12-08T13:31:00+00:00\" \/>\n<meta property=\"article:modified_time\" content=\"2022-06-08T12:45:23+00:00\" \/>\n<meta property=\"og:image\" content=\"https:\/\/permakultur-landwirtschaft.org\/wp-content\/uploads\/2022\/06\/2021_terrax_boeden.jpg\" \/>\n\t<meta property=\"og:image:width\" content=\"364\" \/>\n\t<meta property=\"og:image:height\" content=\"247\" \/>\n\t<meta property=\"og:image:type\" content=\"image\/jpeg\" \/>\n<meta name=\"author\" content=\"adrian reutimann\" \/>\n<meta name=\"twitter:card\" content=\"summary_large_image\" \/>\n<meta name=\"twitter:label1\" content=\"\u00c9crit par\" \/>\n\t<meta name=\"twitter:data1\" content=\"adrian reutimann\" \/>\n\t<meta name=\"twitter:label2\" content=\"Dur\u00e9e de lecture estim\u00e9e\" \/>\n\t<meta name=\"twitter:data2\" content=\"1 minute\" \/>\n<script type=\"application\/ld+json\" class=\"yoast-schema-graph\">{\"@context\":\"https:\\\/\\\/schema.org\",\"@graph\":[{\"@type\":\"Article\",\"@id\":\"https:\\\/\\\/permakultur-landwirtschaft.org\\\/sind-unsere-aecker-noch-zu-retten-podcast-von-terra-x-von-2021\\\/#article\",\"isPartOf\":{\"@id\":\"https:\\\/\\\/permakultur-landwirtschaft.org\\\/sind-unsere-aecker-noch-zu-retten-podcast-von-terra-x-von-2021\\\/\"},\"author\":{\"name\":\"adrian reutimann\",\"@id\":\"https:\\\/\\\/permakultur-landwirtschaft.org\\\/#\\\/schema\\\/person\\\/6b0467872f75aed3e144093f9bf4f0b0\"},\"headline\":\"Sind unsere \u00c4cker noch zu retten? &#8211; Podcast von Terra X von 2021\",\"datePublished\":\"2021-12-08T13:31:00+00:00\",\"dateModified\":\"2022-06-08T12:45:23+00:00\",\"mainEntityOfPage\":{\"@id\":\"https:\\\/\\\/permakultur-landwirtschaft.org\\\/sind-unsere-aecker-noch-zu-retten-podcast-von-terra-x-von-2021\\\/\"},\"wordCount\":160,\"publisher\":{\"@id\":\"https:\\\/\\\/permakultur-landwirtschaft.org\\\/#organization\"},\"image\":{\"@id\":\"https:\\\/\\\/permakultur-landwirtschaft.org\\\/sind-unsere-aecker-noch-zu-retten-podcast-von-terra-x-von-2021\\\/#primaryimage\"},\"thumbnailUrl\":\"https:\\\/\\\/permakultur-landwirtschaft.org\\\/wp-content\\\/uploads\\\/2022\\\/06\\\/2021_terrax_boeden.jpg\",\"articleSection\":[\"Audio\",\"Neuigkeit\"],\"inLanguage\":\"fr-FR\"},{\"@type\":\"WebPage\",\"@id\":\"https:\\\/\\\/permakultur-landwirtschaft.org\\\/sind-unsere-aecker-noch-zu-retten-podcast-von-terra-x-von-2021\\\/\",\"url\":\"https:\\\/\\\/permakultur-landwirtschaft.org\\\/sind-unsere-aecker-noch-zu-retten-podcast-von-terra-x-von-2021\\\/\",\"name\":\"Sind unsere \u00c4cker noch zu retten? - Podcast von Terra X von 2021 - Permakultur-Landwirtschaft\",\"isPartOf\":{\"@id\":\"https:\\\/\\\/permakultur-landwirtschaft.org\\\/#website\"},\"primaryImageOfPage\":{\"@id\":\"https:\\\/\\\/permakultur-landwirtschaft.org\\\/sind-unsere-aecker-noch-zu-retten-podcast-von-terra-x-von-2021\\\/#primaryimage\"},\"image\":{\"@id\":\"https:\\\/\\\/permakultur-landwirtschaft.org\\\/sind-unsere-aecker-noch-zu-retten-podcast-von-terra-x-von-2021\\\/#primaryimage\"},\"thumbnailUrl\":\"https:\\\/\\\/permakultur-landwirtschaft.org\\\/wp-content\\\/uploads\\\/2022\\\/06\\\/2021_terrax_boeden.jpg\",\"datePublished\":\"2021-12-08T13:31:00+00:00\",\"dateModified\":\"2022-06-08T12:45:23+00:00\",\"breadcrumb\":{\"@id\":\"https:\\\/\\\/permakultur-landwirtschaft.org\\\/sind-unsere-aecker-noch-zu-retten-podcast-von-terra-x-von-2021\\\/#breadcrumb\"},\"inLanguage\":\"fr-FR\",\"potentialAction\":[{\"@type\":\"ReadAction\",\"target\":[\"https:\\\/\\\/permakultur-landwirtschaft.org\\\/sind-unsere-aecker-noch-zu-retten-podcast-von-terra-x-von-2021\\\/\"]}]},{\"@type\":\"ImageObject\",\"inLanguage\":\"fr-FR\",\"@id\":\"https:\\\/\\\/permakultur-landwirtschaft.org\\\/sind-unsere-aecker-noch-zu-retten-podcast-von-terra-x-von-2021\\\/#primaryimage\",\"url\":\"https:\\\/\\\/permakultur-landwirtschaft.org\\\/wp-content\\\/uploads\\\/2022\\\/06\\\/2021_terrax_boeden.jpg\",\"contentUrl\":\"https:\\\/\\\/permakultur-landwirtschaft.org\\\/wp-content\\\/uploads\\\/2022\\\/06\\\/2021_terrax_boeden.jpg\",\"width\":364,\"height\":247},{\"@type\":\"BreadcrumbList\",\"@id\":\"https:\\\/\\\/permakultur-landwirtschaft.org\\\/sind-unsere-aecker-noch-zu-retten-podcast-von-terra-x-von-2021\\\/#breadcrumb\",\"itemListElement\":[{\"@type\":\"ListItem\",\"position\":1,\"name\":\"Startseite\",\"item\":\"https:\\\/\\\/permakultur-landwirtschaft.org\\\/\"},{\"@type\":\"ListItem\",\"position\":2,\"name\":\"Sind unsere \u00c4cker noch zu retten? &#8211; Podcast von Terra X von 2021\"}]},{\"@type\":\"WebSite\",\"@id\":\"https:\\\/\\\/permakultur-landwirtschaft.org\\\/#website\",\"url\":\"https:\\\/\\\/permakultur-landwirtschaft.org\\\/\",\"name\":\"Permakultur-Landwirtschaft\",\"description\":\"F\u00f6rderung der Permakultur in der Landwirtschaft\",\"publisher\":{\"@id\":\"https:\\\/\\\/permakultur-landwirtschaft.org\\\/#organization\"},\"potentialAction\":[{\"@type\":\"SearchAction\",\"target\":{\"@type\":\"EntryPoint\",\"urlTemplate\":\"https:\\\/\\\/permakultur-landwirtschaft.org\\\/?s={search_term_string}\"},\"query-input\":{\"@type\":\"PropertyValueSpecification\",\"valueRequired\":true,\"valueName\":\"search_term_string\"}}],\"inLanguage\":\"fr-FR\"},{\"@type\":\"Organization\",\"@id\":\"https:\\\/\\\/permakultur-landwirtschaft.org\\\/#organization\",\"name\":\"Permakultur-Landwirtschaft\",\"alternateName\":\"Verein Permakultur-Landwirtschaft\",\"url\":\"https:\\\/\\\/permakultur-landwirtschaft.org\\\/\",\"logo\":{\"@type\":\"ImageObject\",\"inLanguage\":\"fr-FR\",\"@id\":\"https:\\\/\\\/permakultur-landwirtschaft.org\\\/#\\\/schema\\\/logo\\\/image\\\/\",\"url\":\"https:\\\/\\\/permakultur-landwirtschaft.org\\\/wp-content\\\/uploads\\\/2021\\\/11\\\/pela_1268x1269.png\",\"contentUrl\":\"https:\\\/\\\/permakultur-landwirtschaft.org\\\/wp-content\\\/uploads\\\/2021\\\/11\\\/pela_1268x1269.png\",\"width\":1298,\"height\":1269,\"caption\":\"Permakultur-Landwirtschaft\"},\"image\":{\"@id\":\"https:\\\/\\\/permakultur-landwirtschaft.org\\\/#\\\/schema\\\/logo\\\/image\\\/\"},\"sameAs\":[\"https:\\\/\\\/www.facebook.com\\\/PermakulturLandwirtschaft\",\"https:\\\/\\\/www.instagram.com\\\/permakultur_landwirtschaft\\\/\",\"https:\\\/\\\/www.flickr.com\\\/photos\\\/permakultur-landwirtschaft\",\"https:\\\/\\\/www.youtube.com\\\/@PermakulturLandwirtschaft\"]},{\"@type\":\"Person\",\"@id\":\"https:\\\/\\\/permakultur-landwirtschaft.org\\\/#\\\/schema\\\/person\\\/6b0467872f75aed3e144093f9bf4f0b0\",\"name\":\"adrian reutimann\",\"url\":\"https:\\\/\\\/permakultur-landwirtschaft.org\\\/fr\\\/author\\\/reutiadr\\\/\"}]}<\/script>\n<!-- \/ Yoast SEO plugin. -->","yoast_head_json":{"title":"Sind unsere \u00c4cker noch zu retten? - Podcast von Terra X von 2021 - Permakultur-Landwirtschaft","robots":{"index":"index","follow":"follow","max-snippet":"max-snippet:-1","max-image-preview":"max-image-preview:large","max-video-preview":"max-video-preview:-1"},"canonical":"https:\/\/permakultur-landwirtschaft.org\/fr\/sind-unsere-aecker-noch-zu-retten-podcast-von-terra-x-von-2021\/","og_locale":"fr_FR","og_type":"article","og_title":"Sind unsere \u00c4cker noch zu retten? - Podcast von Terra X von 2021 - Permakultur-Landwirtschaft","og_description":"Sind unsere \u00c4cker noch zu retten? &#8211; Podcast 11 von Terra X mit Andrea Beste Andrea Beste, haben wir wirklich nur noch 60 Ernten? Der Boden als Lebensgrundlage ist bedroht. Permakultur und Wurzeln in den Boden werden als L\u00f6sungsans\u00e4tze erw\u00e4hnt.Im Beitrag wird der Scheuerhof in Rheinland-Pfalz portraitiert, ein Familienbetrieb der auf Permakultur setzt. Aussage Andrea [&hellip;]","og_url":"https:\/\/permakultur-landwirtschaft.org\/fr\/sind-unsere-aecker-noch-zu-retten-podcast-von-terra-x-von-2021\/","og_site_name":"Permakultur-Landwirtschaft","article_publisher":"https:\/\/www.facebook.com\/PermakulturLandwirtschaft","article_published_time":"2021-12-08T13:31:00+00:00","article_modified_time":"2022-06-08T12:45:23+00:00","og_image":[{"width":364,"height":247,"url":"https:\/\/permakultur-landwirtschaft.org\/wp-content\/uploads\/2022\/06\/2021_terrax_boeden.jpg","type":"image\/jpeg"}],"author":"adrian reutimann","twitter_card":"summary_large_image","twitter_misc":{"\u00c9crit par":"adrian reutimann","Dur\u00e9e de lecture estim\u00e9e":"1 minute"},"schema":{"@context":"https:\/\/schema.org","@graph":[{"@type":"Article","@id":"https:\/\/permakultur-landwirtschaft.org\/sind-unsere-aecker-noch-zu-retten-podcast-von-terra-x-von-2021\/#article","isPartOf":{"@id":"https:\/\/permakultur-landwirtschaft.org\/sind-unsere-aecker-noch-zu-retten-podcast-von-terra-x-von-2021\/"},"author":{"name":"adrian reutimann","@id":"https:\/\/permakultur-landwirtschaft.org\/#\/schema\/person\/6b0467872f75aed3e144093f9bf4f0b0"},"headline":"Sind unsere \u00c4cker noch zu retten? &#8211; Podcast von Terra X von 2021","datePublished":"2021-12-08T13:31:00+00:00","dateModified":"2022-06-08T12:45:23+00:00","mainEntityOfPage":{"@id":"https:\/\/permakultur-landwirtschaft.org\/sind-unsere-aecker-noch-zu-retten-podcast-von-terra-x-von-2021\/"},"wordCount":160,"publisher":{"@id":"https:\/\/permakultur-landwirtschaft.org\/#organization"},"image":{"@id":"https:\/\/permakultur-landwirtschaft.org\/sind-unsere-aecker-noch-zu-retten-podcast-von-terra-x-von-2021\/#primaryimage"},"thumbnailUrl":"https:\/\/permakultur-landwirtschaft.org\/wp-content\/uploads\/2022\/06\/2021_terrax_boeden.jpg","articleSection":["Audio","Neuigkeit"],"inLanguage":"fr-FR"},{"@type":"WebPage","@id":"https:\/\/permakultur-landwirtschaft.org\/sind-unsere-aecker-noch-zu-retten-podcast-von-terra-x-von-2021\/","url":"https:\/\/permakultur-landwirtschaft.org\/sind-unsere-aecker-noch-zu-retten-podcast-von-terra-x-von-2021\/","name":"Sind unsere \u00c4cker noch zu retten? - Podcast von Terra X von 2021 - Permakultur-Landwirtschaft","isPartOf":{"@id":"https:\/\/permakultur-landwirtschaft.org\/#website"},"primaryImageOfPage":{"@id":"https:\/\/permakultur-landwirtschaft.org\/sind-unsere-aecker-noch-zu-retten-podcast-von-terra-x-von-2021\/#primaryimage"},"image":{"@id":"https:\/\/permakultur-landwirtschaft.org\/sind-unsere-aecker-noch-zu-retten-podcast-von-terra-x-von-2021\/#primaryimage"},"thumbnailUrl":"https:\/\/permakultur-landwirtschaft.org\/wp-content\/uploads\/2022\/06\/2021_terrax_boeden.jpg","datePublished":"2021-12-08T13:31:00+00:00","dateModified":"2022-06-08T12:45:23+00:00","breadcrumb":{"@id":"https:\/\/permakultur-landwirtschaft.org\/sind-unsere-aecker-noch-zu-retten-podcast-von-terra-x-von-2021\/#breadcrumb"},"inLanguage":"fr-FR","potentialAction":[{"@type":"ReadAction","target":["https:\/\/permakultur-landwirtschaft.org\/sind-unsere-aecker-noch-zu-retten-podcast-von-terra-x-von-2021\/"]}]},{"@type":"ImageObject","inLanguage":"fr-FR","@id":"https:\/\/permakultur-landwirtschaft.org\/sind-unsere-aecker-noch-zu-retten-podcast-von-terra-x-von-2021\/#primaryimage","url":"https:\/\/permakultur-landwirtschaft.org\/wp-content\/uploads\/2022\/06\/2021_terrax_boeden.jpg","contentUrl":"https:\/\/permakultur-landwirtschaft.org\/wp-content\/uploads\/2022\/06\/2021_terrax_boeden.jpg","width":364,"height":247},{"@type":"BreadcrumbList","@id":"https:\/\/permakultur-landwirtschaft.org\/sind-unsere-aecker-noch-zu-retten-podcast-von-terra-x-von-2021\/#breadcrumb","itemListElement":[{"@type":"ListItem","position":1,"name":"Startseite","item":"https:\/\/permakultur-landwirtschaft.org\/"},{"@type":"ListItem","position":2,"name":"Sind unsere \u00c4cker noch zu retten? &#8211; Podcast von Terra X von 2021"}]},{"@type":"WebSite","@id":"https:\/\/permakultur-landwirtschaft.org\/#website","url":"https:\/\/permakultur-landwirtschaft.org\/","name":"Permakultur-Landwirtschaft","description":"F\u00f6rderung der Permakultur in der Landwirtschaft","publisher":{"@id":"https:\/\/permakultur-landwirtschaft.org\/#organization"},"potentialAction":[{"@type":"SearchAction","target":{"@type":"EntryPoint","urlTemplate":"https:\/\/permakultur-landwirtschaft.org\/?s={search_term_string}"},"query-input":{"@type":"PropertyValueSpecification","valueRequired":true,"valueName":"search_term_string"}}],"inLanguage":"fr-FR"},{"@type":"Organization","@id":"https:\/\/permakultur-landwirtschaft.org\/#organization","name":"Permakultur-Landwirtschaft","alternateName":"Verein Permakultur-Landwirtschaft","url":"https:\/\/permakultur-landwirtschaft.org\/","logo":{"@type":"ImageObject","inLanguage":"fr-FR","@id":"https:\/\/permakultur-landwirtschaft.org\/#\/schema\/logo\/image\/","url":"https:\/\/permakultur-landwirtschaft.org\/wp-content\/uploads\/2021\/11\/pela_1268x1269.png","contentUrl":"https:\/\/permakultur-landwirtschaft.org\/wp-content\/uploads\/2021\/11\/pela_1268x1269.png","width":1298,"height":1269,"caption":"Permakultur-Landwirtschaft"},"image":{"@id":"https:\/\/permakultur-landwirtschaft.org\/#\/schema\/logo\/image\/"},"sameAs":["https:\/\/www.facebook.com\/PermakulturLandwirtschaft","https:\/\/www.instagram.com\/permakultur_landwirtschaft\/","https:\/\/www.flickr.com\/photos\/permakultur-landwirtschaft","https:\/\/www.youtube.com\/@PermakulturLandwirtschaft"]},{"@type":"Person","@id":"https:\/\/permakultur-landwirtschaft.org\/#\/schema\/person\/6b0467872f75aed3e144093f9bf4f0b0","name":"adrian reutimann","url":"https:\/\/permakultur-landwirtschaft.org\/fr\/author\/reutiadr\/"}]}},"_links":{"self":[{"href":"https:\/\/permakultur-landwirtschaft.org\/fr\/wp-json\/wp\/v2\/posts\/20155","targetHints":{"allow":["GET"]}}],"collection":[{"href":"https:\/\/permakultur-landwirtschaft.org\/fr\/wp-json\/wp\/v2\/posts"}],"about":[{"href":"https:\/\/permakultur-landwirtschaft.org\/fr\/wp-json\/wp\/v2\/types\/post"}],"author":[{"embeddable":true,"href":"https:\/\/permakultur-landwirtschaft.org\/fr\/wp-json\/wp\/v2\/users\/2"}],"replies":[{"embeddable":true,"href":"https:\/\/permakultur-landwirtschaft.org\/fr\/wp-json\/wp\/v2\/comments?post=20155"}],"version-history":[{"count":2,"href":"https:\/\/permakultur-landwirtschaft.org\/fr\/wp-json\/wp\/v2\/posts\/20155\/revisions"}],"predecessor-version":[{"id":20158,"href":"https:\/\/permakultur-landwirtschaft.org\/fr\/wp-json\/wp\/v2\/posts\/20155\/revisions\/20158"}],"wp:featuredmedia":[{"embeddable":true,"href":"https:\/\/permakultur-landwirtschaft.org\/fr\/wp-json\/wp\/v2\/media\/20156"}],"wp:attachment":[{"href":"https:\/\/permakultur-landwirtschaft.org\/fr\/wp-json\/wp\/v2\/media?parent=20155"}],"wp:term":[{"taxonomy":"category","embeddable":true,"href":"https:\/\/permakultur-landwirtschaft.org\/fr\/wp-json\/wp\/v2\/categories?post=20155"},{"taxonomy":"post_tag","embeddable":true,"href":"https:\/\/permakultur-landwirtschaft.org\/fr\/wp-json\/wp\/v2\/tags?post=20155"}],"curies":[{"name":"wp","href":"https:\/\/api.w.org\/{rel}","templated":true}]}}