{"id":20010,"date":"2021-01-19T16:30:00","date_gmt":"2021-01-19T15:30:00","guid":{"rendered":"https:\/\/permakultur-landwirtschaft.org\/?p=20010"},"modified":"2022-05-31T16:47:49","modified_gmt":"2022-05-31T14:47:49","slug":"bauer-sucht-zukunft-taz-artikel-vom-19-januar-2021","status":"publish","type":"post","link":"https:\/\/permakultur-landwirtschaft.org\/fr\/bauer-sucht-zukunft-taz-artikel-vom-19-januar-2021\/","title":{"rendered":"Bauer sucht Zukunft &#8211; taz Artikel vom 19. Januar 2021"},"content":{"rendered":"<p>Text von taz.de:<br>Es gibt immer weniger Bauern, und sie werden \u00e4lter. Die Gesellschaft aber w\u00fcnscht sich bessere und ges\u00fcndere Produkte. Brauchen wir neue Bauern?<\/p>\n\n\n\n<p>Benedikt B\u00f6sel will in absehbarer Zeit unabh\u00e4ngig von Subventionen wirtschaften. Sein Modell begeistert junge, gut ausgebildete Menschen.<\/p>\n\n\n\n<p>Link zum Betrieb Gut&amp;B\u00f6sel: <a href=\"https:\/\/www.gutundboesel.org\/\" target=\"_blank\" rel=\"noreferrer noopener\">www.gutundboesel.org<\/a><\/p>\n\n\n\n<p>Link zum Artikel bei taz.de: <a rel=\"noreferrer noopener\" href=\"https:\/\/taz.de\/Veraenderung-in-der-Landwirtschaft\/!5741543\/\" target=\"_blank\">taz.de\/Veraenderung-in-der-Landwirtschaft\/!5741543<\/a><\/p>\n\n\n\n<figure class=\"wp-block-image size-full\"><a href=\"https:\/\/taz.de\/Veraenderung-in-der-Landwirtschaft\/!5741543\/\" target=\"_blank\" rel=\"noopener\"><img fetchpriority=\"high\" decoding=\"async\" width=\"700\" height=\"354\" src=\"https:\/\/permakultur-landwirtschaft.org\/wp-content\/uploads\/2022\/05\/2022Bauer_sucht_Zukunft.jpg\" alt=\"\" class=\"wp-image-20011\" srcset=\"https:\/\/permakultur-landwirtschaft.org\/wp-content\/uploads\/2022\/05\/2022Bauer_sucht_Zukunft.jpg 700w, https:\/\/permakultur-landwirtschaft.org\/wp-content\/uploads\/2022\/05\/2022Bauer_sucht_Zukunft-300x152.jpg 300w\" sizes=\"(max-width: 700px) 100vw, 700px\" \/><\/a><figcaption>Bild: Anika Mester<\/figcaption><\/figure>\n\n\n\n<hr class=\"wp-block-separator has-css-opacity\"\/>\n\n\n\n<h3 class=\"wp-block-heading\"><a href=\"https:\/\/permakultur-landwirtschaft.org\/fr\/medien\/\">Hier geht&#8217;s zur \u00dcbersicht aller Neuigkeiten<\/a><\/h3>","protected":false},"excerpt":{"rendered":"<p>Text von taz.de:Es gibt immer weniger Bauern, und sie werden \u00e4lter. Die Gesellschaft aber w\u00fcnscht sich bessere und ges\u00fcndere Produkte. Brauchen wir neue Bauern? Benedikt B\u00f6sel will in absehbarer Zeit unabh\u00e4ngig von Subventionen wirtschaften. Sein Modell begeistert junge, gut ausgebildete Menschen. Link zum Betrieb Gut&amp;B\u00f6sel: www.gutundboesel.org Link zum Artikel bei taz.de: taz.de\/Veraenderung-in-der-Landwirtschaft\/!5741543 Hier geht&#8217;s zur [&hellip;]<\/p>\n","protected":false},"author":2,"featured_media":20011,"comment_status":"closed","ping_status":"closed","sticky":false,"template":"","format":"standard","meta":{"_acf_changed":false,"site-sidebar-layout":"default","site-content-layout":"","ast-site-content-layout":"default","site-content-style":"default","site-sidebar-style":"default","ast-global-header-display":"","ast-banner-title-visibility":"","ast-main-header-display":"","ast-hfb-above-header-display":"","ast-hfb-below-header-display":"","ast-hfb-mobile-header-display":"","site-post-title":"","ast-breadcrumbs-content":"","ast-featured-img":"","footer-sml-layout":"","ast-disable-related-posts":"","theme-transparent-header-meta":"","adv-header-id-meta":"","stick-header-meta":"","header-above-stick-meta":"","header-main-stick-meta":"","header-below-stick-meta":"","astra-migrate-meta-layouts":"default","ast-page-background-enabled":"default","ast-page-background-meta":{"desktop":{"background-color":"var(--ast-global-color-4)","background-image":"","background-repeat":"repeat","background-position":"center center","background-size":"auto","background-attachment":"scroll","background-type":"","background-media":"","overlay-type":"","overlay-color":"","overlay-opacity":"","overlay-gradient":""},"tablet":{"background-color":"","background-image":"","background-repeat":"repeat","background-position":"center center","background-size":"auto","background-attachment":"scroll","background-type":"","background-media":"","overlay-type":"","overlay-color":"","overlay-opacity":"","overlay-gradient":""},"mobile":{"background-color":"","background-image":"","background-repeat":"repeat","background-position":"center center","background-size":"auto","background-attachment":"scroll","background-type":"","background-media":"","overlay-type":"","overlay-color":"","overlay-opacity":"","overlay-gradient":""}},"ast-content-background-meta":{"desktop":{"background-color":"var(--ast-global-color-5)","background-image":"","background-repeat":"repeat","background-position":"center center","background-size":"auto","background-attachment":"scroll","background-type":"","background-media":"","overlay-type":"","overlay-color":"","overlay-opacity":"","overlay-gradient":""},"tablet":{"background-color":"var(--ast-global-color-5)","background-image":"","background-repeat":"repeat","background-position":"center center","background-size":"auto","background-attachment":"scroll","background-type":"","background-media":"","overlay-type":"","overlay-color":"","overlay-opacity":"","overlay-gradient":""},"mobile":{"background-color":"var(--ast-global-color-5)","background-image":"","background-repeat":"repeat","background-position":"center center","background-size":"auto","background-attachment":"scroll","background-type":"","background-media":"","overlay-type":"","overlay-color":"","overlay-opacity":"","overlay-gradient":""}},"footnotes":""},"categories":[22],"tags":[],"class_list":["post-20010","post","type-post","status-publish","format-standard","has-post-thumbnail","hentry","category-neuigkeit"],"acf":[],"yoast_head":"<!-- This site is optimized with the Yoast SEO plugin v27.5 - https:\/\/yoast.com\/product\/yoast-seo-wordpress\/ -->\n<title>Bauer sucht Zukunft - taz Artikel vom 19. Januar 2021 - Permakultur-Landwirtschaft<\/title>\n<meta name=\"robots\" content=\"index, follow, max-snippet:-1, max-image-preview:large, max-video-preview:-1\" \/>\n<link rel=\"canonical\" href=\"https:\/\/permakultur-landwirtschaft.org\/fr\/bauer-sucht-zukunft-taz-artikel-vom-19-januar-2021\/\" \/>\n<meta property=\"og:locale\" content=\"fr_FR\" \/>\n<meta property=\"og:type\" content=\"article\" \/>\n<meta property=\"og:title\" content=\"Bauer sucht Zukunft - taz Artikel vom 19. Januar 2021 - Permakultur-Landwirtschaft\" \/>\n<meta property=\"og:description\" content=\"Text von taz.de:Es gibt immer weniger Bauern, und sie werden \u00e4lter. Die Gesellschaft aber w\u00fcnscht sich bessere und ges\u00fcndere Produkte. Brauchen wir neue Bauern? Benedikt B\u00f6sel will in absehbarer Zeit unabh\u00e4ngig von Subventionen wirtschaften. Sein Modell begeistert junge, gut ausgebildete Menschen. Link zum Betrieb Gut&amp;B\u00f6sel: www.gutundboesel.org Link zum Artikel bei taz.de: taz.de\/Veraenderung-in-der-Landwirtschaft\/!5741543 Hier geht&#8217;s zur [&hellip;]\" \/>\n<meta property=\"og:url\" content=\"https:\/\/permakultur-landwirtschaft.org\/fr\/bauer-sucht-zukunft-taz-artikel-vom-19-januar-2021\/\" \/>\n<meta property=\"og:site_name\" content=\"Permakultur-Landwirtschaft\" \/>\n<meta property=\"article:publisher\" content=\"https:\/\/www.facebook.com\/PermakulturLandwirtschaft\" \/>\n<meta property=\"article:published_time\" content=\"2021-01-19T15:30:00+00:00\" \/>\n<meta property=\"article:modified_time\" content=\"2022-05-31T14:47:49+00:00\" \/>\n<meta property=\"og:image\" content=\"https:\/\/permakultur-landwirtschaft.org\/wp-content\/uploads\/2022\/05\/2022Bauer_sucht_Zukunft.jpg\" \/>\n\t<meta property=\"og:image:width\" content=\"700\" \/>\n\t<meta property=\"og:image:height\" content=\"354\" \/>\n\t<meta property=\"og:image:type\" content=\"image\/jpeg\" \/>\n<meta name=\"author\" content=\"adrian reutimann\" \/>\n<meta name=\"twitter:card\" content=\"summary_large_image\" \/>\n<meta name=\"twitter:label1\" content=\"\u00c9crit par\" \/>\n\t<meta name=\"twitter:data1\" content=\"adrian reutimann\" \/>\n<script type=\"application\/ld+json\" class=\"yoast-schema-graph\">{\"@context\":\"https:\\\/\\\/schema.org\",\"@graph\":[{\"@type\":\"Article\",\"@id\":\"https:\\\/\\\/permakultur-landwirtschaft.org\\\/bauer-sucht-zukunft-taz-artikel-vom-19-januar-2021\\\/#article\",\"isPartOf\":{\"@id\":\"https:\\\/\\\/permakultur-landwirtschaft.org\\\/bauer-sucht-zukunft-taz-artikel-vom-19-januar-2021\\\/\"},\"author\":{\"name\":\"adrian reutimann\",\"@id\":\"https:\\\/\\\/permakultur-landwirtschaft.org\\\/#\\\/schema\\\/person\\\/6b0467872f75aed3e144093f9bf4f0b0\"},\"headline\":\"Bauer sucht Zukunft &#8211; taz Artikel vom 19. Januar 2021\",\"datePublished\":\"2021-01-19T15:30:00+00:00\",\"dateModified\":\"2022-05-31T14:47:49+00:00\",\"mainEntityOfPage\":{\"@id\":\"https:\\\/\\\/permakultur-landwirtschaft.org\\\/bauer-sucht-zukunft-taz-artikel-vom-19-januar-2021\\\/\"},\"wordCount\":84,\"publisher\":{\"@id\":\"https:\\\/\\\/permakultur-landwirtschaft.org\\\/#organization\"},\"image\":{\"@id\":\"https:\\\/\\\/permakultur-landwirtschaft.org\\\/bauer-sucht-zukunft-taz-artikel-vom-19-januar-2021\\\/#primaryimage\"},\"thumbnailUrl\":\"https:\\\/\\\/permakultur-landwirtschaft.org\\\/wp-content\\\/uploads\\\/2022\\\/05\\\/2022Bauer_sucht_Zukunft.jpg\",\"articleSection\":[\"Neuigkeit\"],\"inLanguage\":\"fr-FR\"},{\"@type\":\"WebPage\",\"@id\":\"https:\\\/\\\/permakultur-landwirtschaft.org\\\/bauer-sucht-zukunft-taz-artikel-vom-19-januar-2021\\\/\",\"url\":\"https:\\\/\\\/permakultur-landwirtschaft.org\\\/bauer-sucht-zukunft-taz-artikel-vom-19-januar-2021\\\/\",\"name\":\"Bauer sucht Zukunft - taz Artikel vom 19. Januar 2021 - Permakultur-Landwirtschaft\",\"isPartOf\":{\"@id\":\"https:\\\/\\\/permakultur-landwirtschaft.org\\\/#website\"},\"primaryImageOfPage\":{\"@id\":\"https:\\\/\\\/permakultur-landwirtschaft.org\\\/bauer-sucht-zukunft-taz-artikel-vom-19-januar-2021\\\/#primaryimage\"},\"image\":{\"@id\":\"https:\\\/\\\/permakultur-landwirtschaft.org\\\/bauer-sucht-zukunft-taz-artikel-vom-19-januar-2021\\\/#primaryimage\"},\"thumbnailUrl\":\"https:\\\/\\\/permakultur-landwirtschaft.org\\\/wp-content\\\/uploads\\\/2022\\\/05\\\/2022Bauer_sucht_Zukunft.jpg\",\"datePublished\":\"2021-01-19T15:30:00+00:00\",\"dateModified\":\"2022-05-31T14:47:49+00:00\",\"breadcrumb\":{\"@id\":\"https:\\\/\\\/permakultur-landwirtschaft.org\\\/bauer-sucht-zukunft-taz-artikel-vom-19-januar-2021\\\/#breadcrumb\"},\"inLanguage\":\"fr-FR\",\"potentialAction\":[{\"@type\":\"ReadAction\",\"target\":[\"https:\\\/\\\/permakultur-landwirtschaft.org\\\/bauer-sucht-zukunft-taz-artikel-vom-19-januar-2021\\\/\"]}]},{\"@type\":\"ImageObject\",\"inLanguage\":\"fr-FR\",\"@id\":\"https:\\\/\\\/permakultur-landwirtschaft.org\\\/bauer-sucht-zukunft-taz-artikel-vom-19-januar-2021\\\/#primaryimage\",\"url\":\"https:\\\/\\\/permakultur-landwirtschaft.org\\\/wp-content\\\/uploads\\\/2022\\\/05\\\/2022Bauer_sucht_Zukunft.jpg\",\"contentUrl\":\"https:\\\/\\\/permakultur-landwirtschaft.org\\\/wp-content\\\/uploads\\\/2022\\\/05\\\/2022Bauer_sucht_Zukunft.jpg\",\"width\":700,\"height\":354},{\"@type\":\"BreadcrumbList\",\"@id\":\"https:\\\/\\\/permakultur-landwirtschaft.org\\\/bauer-sucht-zukunft-taz-artikel-vom-19-januar-2021\\\/#breadcrumb\",\"itemListElement\":[{\"@type\":\"ListItem\",\"position\":1,\"name\":\"Startseite\",\"item\":\"https:\\\/\\\/permakultur-landwirtschaft.org\\\/\"},{\"@type\":\"ListItem\",\"position\":2,\"name\":\"Bauer sucht Zukunft &#8211; taz Artikel vom 19. Januar 2021\"}]},{\"@type\":\"WebSite\",\"@id\":\"https:\\\/\\\/permakultur-landwirtschaft.org\\\/#website\",\"url\":\"https:\\\/\\\/permakultur-landwirtschaft.org\\\/\",\"name\":\"Permakultur-Landwirtschaft\",\"description\":\"F\u00f6rderung der Permakultur in der Landwirtschaft\",\"publisher\":{\"@id\":\"https:\\\/\\\/permakultur-landwirtschaft.org\\\/#organization\"},\"potentialAction\":[{\"@type\":\"SearchAction\",\"target\":{\"@type\":\"EntryPoint\",\"urlTemplate\":\"https:\\\/\\\/permakultur-landwirtschaft.org\\\/?s={search_term_string}\"},\"query-input\":{\"@type\":\"PropertyValueSpecification\",\"valueRequired\":true,\"valueName\":\"search_term_string\"}}],\"inLanguage\":\"fr-FR\"},{\"@type\":\"Organization\",\"@id\":\"https:\\\/\\\/permakultur-landwirtschaft.org\\\/#organization\",\"name\":\"Permakultur-Landwirtschaft\",\"alternateName\":\"Verein Permakultur-Landwirtschaft\",\"url\":\"https:\\\/\\\/permakultur-landwirtschaft.org\\\/\",\"logo\":{\"@type\":\"ImageObject\",\"inLanguage\":\"fr-FR\",\"@id\":\"https:\\\/\\\/permakultur-landwirtschaft.org\\\/#\\\/schema\\\/logo\\\/image\\\/\",\"url\":\"https:\\\/\\\/permakultur-landwirtschaft.org\\\/wp-content\\\/uploads\\\/2021\\\/11\\\/pela_1268x1269.png\",\"contentUrl\":\"https:\\\/\\\/permakultur-landwirtschaft.org\\\/wp-content\\\/uploads\\\/2021\\\/11\\\/pela_1268x1269.png\",\"width\":1298,\"height\":1269,\"caption\":\"Permakultur-Landwirtschaft\"},\"image\":{\"@id\":\"https:\\\/\\\/permakultur-landwirtschaft.org\\\/#\\\/schema\\\/logo\\\/image\\\/\"},\"sameAs\":[\"https:\\\/\\\/www.facebook.com\\\/PermakulturLandwirtschaft\",\"https:\\\/\\\/www.instagram.com\\\/permakultur_landwirtschaft\\\/\",\"https:\\\/\\\/www.flickr.com\\\/photos\\\/permakultur-landwirtschaft\",\"https:\\\/\\\/www.youtube.com\\\/@PermakulturLandwirtschaft\"]},{\"@type\":\"Person\",\"@id\":\"https:\\\/\\\/permakultur-landwirtschaft.org\\\/#\\\/schema\\\/person\\\/6b0467872f75aed3e144093f9bf4f0b0\",\"name\":\"adrian reutimann\",\"url\":\"https:\\\/\\\/permakultur-landwirtschaft.org\\\/fr\\\/author\\\/reutiadr\\\/\"}]}<\/script>\n<!-- \/ Yoast SEO plugin. -->","yoast_head_json":{"title":"Bauer sucht Zukunft - taz Artikel vom 19. Januar 2021 - Permakultur-Landwirtschaft","robots":{"index":"index","follow":"follow","max-snippet":"max-snippet:-1","max-image-preview":"max-image-preview:large","max-video-preview":"max-video-preview:-1"},"canonical":"https:\/\/permakultur-landwirtschaft.org\/fr\/bauer-sucht-zukunft-taz-artikel-vom-19-januar-2021\/","og_locale":"fr_FR","og_type":"article","og_title":"Bauer sucht Zukunft - taz Artikel vom 19. Januar 2021 - Permakultur-Landwirtschaft","og_description":"Text von taz.de:Es gibt immer weniger Bauern, und sie werden \u00e4lter. Die Gesellschaft aber w\u00fcnscht sich bessere und ges\u00fcndere Produkte. Brauchen wir neue Bauern? Benedikt B\u00f6sel will in absehbarer Zeit unabh\u00e4ngig von Subventionen wirtschaften. Sein Modell begeistert junge, gut ausgebildete Menschen. Link zum Betrieb Gut&amp;B\u00f6sel: www.gutundboesel.org Link zum Artikel bei taz.de: taz.de\/Veraenderung-in-der-Landwirtschaft\/!5741543 Hier geht&#8217;s zur [&hellip;]","og_url":"https:\/\/permakultur-landwirtschaft.org\/fr\/bauer-sucht-zukunft-taz-artikel-vom-19-januar-2021\/","og_site_name":"Permakultur-Landwirtschaft","article_publisher":"https:\/\/www.facebook.com\/PermakulturLandwirtschaft","article_published_time":"2021-01-19T15:30:00+00:00","article_modified_time":"2022-05-31T14:47:49+00:00","og_image":[{"width":700,"height":354,"url":"https:\/\/permakultur-landwirtschaft.org\/wp-content\/uploads\/2022\/05\/2022Bauer_sucht_Zukunft.jpg","type":"image\/jpeg"}],"author":"adrian reutimann","twitter_card":"summary_large_image","twitter_misc":{"\u00c9crit par":"adrian reutimann"},"schema":{"@context":"https:\/\/schema.org","@graph":[{"@type":"Article","@id":"https:\/\/permakultur-landwirtschaft.org\/bauer-sucht-zukunft-taz-artikel-vom-19-januar-2021\/#article","isPartOf":{"@id":"https:\/\/permakultur-landwirtschaft.org\/bauer-sucht-zukunft-taz-artikel-vom-19-januar-2021\/"},"author":{"name":"adrian reutimann","@id":"https:\/\/permakultur-landwirtschaft.org\/#\/schema\/person\/6b0467872f75aed3e144093f9bf4f0b0"},"headline":"Bauer sucht Zukunft &#8211; taz Artikel vom 19. Januar 2021","datePublished":"2021-01-19T15:30:00+00:00","dateModified":"2022-05-31T14:47:49+00:00","mainEntityOfPage":{"@id":"https:\/\/permakultur-landwirtschaft.org\/bauer-sucht-zukunft-taz-artikel-vom-19-januar-2021\/"},"wordCount":84,"publisher":{"@id":"https:\/\/permakultur-landwirtschaft.org\/#organization"},"image":{"@id":"https:\/\/permakultur-landwirtschaft.org\/bauer-sucht-zukunft-taz-artikel-vom-19-januar-2021\/#primaryimage"},"thumbnailUrl":"https:\/\/permakultur-landwirtschaft.org\/wp-content\/uploads\/2022\/05\/2022Bauer_sucht_Zukunft.jpg","articleSection":["Neuigkeit"],"inLanguage":"fr-FR"},{"@type":"WebPage","@id":"https:\/\/permakultur-landwirtschaft.org\/bauer-sucht-zukunft-taz-artikel-vom-19-januar-2021\/","url":"https:\/\/permakultur-landwirtschaft.org\/bauer-sucht-zukunft-taz-artikel-vom-19-januar-2021\/","name":"Bauer sucht Zukunft - taz Artikel vom 19. Januar 2021 - Permakultur-Landwirtschaft","isPartOf":{"@id":"https:\/\/permakultur-landwirtschaft.org\/#website"},"primaryImageOfPage":{"@id":"https:\/\/permakultur-landwirtschaft.org\/bauer-sucht-zukunft-taz-artikel-vom-19-januar-2021\/#primaryimage"},"image":{"@id":"https:\/\/permakultur-landwirtschaft.org\/bauer-sucht-zukunft-taz-artikel-vom-19-januar-2021\/#primaryimage"},"thumbnailUrl":"https:\/\/permakultur-landwirtschaft.org\/wp-content\/uploads\/2022\/05\/2022Bauer_sucht_Zukunft.jpg","datePublished":"2021-01-19T15:30:00+00:00","dateModified":"2022-05-31T14:47:49+00:00","breadcrumb":{"@id":"https:\/\/permakultur-landwirtschaft.org\/bauer-sucht-zukunft-taz-artikel-vom-19-januar-2021\/#breadcrumb"},"inLanguage":"fr-FR","potentialAction":[{"@type":"ReadAction","target":["https:\/\/permakultur-landwirtschaft.org\/bauer-sucht-zukunft-taz-artikel-vom-19-januar-2021\/"]}]},{"@type":"ImageObject","inLanguage":"fr-FR","@id":"https:\/\/permakultur-landwirtschaft.org\/bauer-sucht-zukunft-taz-artikel-vom-19-januar-2021\/#primaryimage","url":"https:\/\/permakultur-landwirtschaft.org\/wp-content\/uploads\/2022\/05\/2022Bauer_sucht_Zukunft.jpg","contentUrl":"https:\/\/permakultur-landwirtschaft.org\/wp-content\/uploads\/2022\/05\/2022Bauer_sucht_Zukunft.jpg","width":700,"height":354},{"@type":"BreadcrumbList","@id":"https:\/\/permakultur-landwirtschaft.org\/bauer-sucht-zukunft-taz-artikel-vom-19-januar-2021\/#breadcrumb","itemListElement":[{"@type":"ListItem","position":1,"name":"Startseite","item":"https:\/\/permakultur-landwirtschaft.org\/"},{"@type":"ListItem","position":2,"name":"Bauer sucht Zukunft &#8211; taz Artikel vom 19. Januar 2021"}]},{"@type":"WebSite","@id":"https:\/\/permakultur-landwirtschaft.org\/#website","url":"https:\/\/permakultur-landwirtschaft.org\/","name":"Permakultur-Landwirtschaft","description":"F\u00f6rderung der Permakultur in der Landwirtschaft","publisher":{"@id":"https:\/\/permakultur-landwirtschaft.org\/#organization"},"potentialAction":[{"@type":"SearchAction","target":{"@type":"EntryPoint","urlTemplate":"https:\/\/permakultur-landwirtschaft.org\/?s={search_term_string}"},"query-input":{"@type":"PropertyValueSpecification","valueRequired":true,"valueName":"search_term_string"}}],"inLanguage":"fr-FR"},{"@type":"Organization","@id":"https:\/\/permakultur-landwirtschaft.org\/#organization","name":"Permakultur-Landwirtschaft","alternateName":"Verein Permakultur-Landwirtschaft","url":"https:\/\/permakultur-landwirtschaft.org\/","logo":{"@type":"ImageObject","inLanguage":"fr-FR","@id":"https:\/\/permakultur-landwirtschaft.org\/#\/schema\/logo\/image\/","url":"https:\/\/permakultur-landwirtschaft.org\/wp-content\/uploads\/2021\/11\/pela_1268x1269.png","contentUrl":"https:\/\/permakultur-landwirtschaft.org\/wp-content\/uploads\/2021\/11\/pela_1268x1269.png","width":1298,"height":1269,"caption":"Permakultur-Landwirtschaft"},"image":{"@id":"https:\/\/permakultur-landwirtschaft.org\/#\/schema\/logo\/image\/"},"sameAs":["https:\/\/www.facebook.com\/PermakulturLandwirtschaft","https:\/\/www.instagram.com\/permakultur_landwirtschaft\/","https:\/\/www.flickr.com\/photos\/permakultur-landwirtschaft","https:\/\/www.youtube.com\/@PermakulturLandwirtschaft"]},{"@type":"Person","@id":"https:\/\/permakultur-landwirtschaft.org\/#\/schema\/person\/6b0467872f75aed3e144093f9bf4f0b0","name":"adrian reutimann","url":"https:\/\/permakultur-landwirtschaft.org\/fr\/author\/reutiadr\/"}]}},"_links":{"self":[{"href":"https:\/\/permakultur-landwirtschaft.org\/fr\/wp-json\/wp\/v2\/posts\/20010","targetHints":{"allow":["GET"]}}],"collection":[{"href":"https:\/\/permakultur-landwirtschaft.org\/fr\/wp-json\/wp\/v2\/posts"}],"about":[{"href":"https:\/\/permakultur-landwirtschaft.org\/fr\/wp-json\/wp\/v2\/types\/post"}],"author":[{"embeddable":true,"href":"https:\/\/permakultur-landwirtschaft.org\/fr\/wp-json\/wp\/v2\/users\/2"}],"replies":[{"embeddable":true,"href":"https:\/\/permakultur-landwirtschaft.org\/fr\/wp-json\/wp\/v2\/comments?post=20010"}],"version-history":[{"count":2,"href":"https:\/\/permakultur-landwirtschaft.org\/fr\/wp-json\/wp\/v2\/posts\/20010\/revisions"}],"predecessor-version":[{"id":20014,"href":"https:\/\/permakultur-landwirtschaft.org\/fr\/wp-json\/wp\/v2\/posts\/20010\/revisions\/20014"}],"wp:featuredmedia":[{"embeddable":true,"href":"https:\/\/permakultur-landwirtschaft.org\/fr\/wp-json\/wp\/v2\/media\/20011"}],"wp:attachment":[{"href":"https:\/\/permakultur-landwirtschaft.org\/fr\/wp-json\/wp\/v2\/media?parent=20010"}],"wp:term":[{"taxonomy":"category","embeddable":true,"href":"https:\/\/permakultur-landwirtschaft.org\/fr\/wp-json\/wp\/v2\/categories?post=20010"},{"taxonomy":"post_tag","embeddable":true,"href":"https:\/\/permakultur-landwirtschaft.org\/fr\/wp-json\/wp\/v2\/tags?post=20010"}],"curies":[{"name":"wp","href":"https:\/\/api.w.org\/{rel}","templated":true}]}}