{"id":1991,"date":"2020-04-30T08:09:27","date_gmt":"2020-04-30T06:09:27","guid":{"rendered":"http:\/\/permakultur-landwirtschaft.org\/?p=1991"},"modified":"2020-05-21T08:21:54","modified_gmt":"2020-05-21T06:21:54","slug":"pestizide-und-bienensterben-bericht-von-srf-vom-30-april-2020","status":"publish","type":"post","link":"https:\/\/permakultur-landwirtschaft.org\/fr\/pestizide-und-bienensterben-bericht-von-srf-vom-30-april-2020\/","title":{"rendered":"Pestizide und Bienensterben &#8211; Bericht von SRF vom 30. April 2020"},"content":{"rendered":"<h3>Forschung zum Bienensterben: \u00abWir pl\u00e4dieren f\u00fcr ein Umdenken bei Pestiziden\u00bb<\/h3>\n<p>Pestizide f\u00fchren bei Bienen nicht nur oft zum Tod. Sie beeintr\u00e4chtigen auch die Fortpflanzungsf\u00e4higkeit der Insekten, worauf eine <a href=\"https:\/\/www.nature.com\/articles\/s41559-020-1194-6\" target=\"_blank\" rel=\"noopener noreferrer\">aktuelle Studie der Universit\u00e4t Bern<\/a> hinweist.<\/p>\n<p>Bericht in SRF vom 30. April 2020.<\/p>\n<p><a href=\"https:\/\/www.srf.ch\/kultur\/wissen\/forschung-zum-bienensterben-wir-plaedieren-fuer-ein-umdenken-bei-pestiziden\" target=\"_blank\" rel=\"noopener noreferrer\">Link zum Bericht: www.srf.ch\/kultur\/wissen\/forschung-zum-bienensterben-wir-plaedieren-fuer-ein-umdenken-bei-pestiziden<\/a><\/p>\n<h6><img fetchpriority=\"high\" decoding=\"async\" class=\"alignleft size-full wp-image-1992\" src=\"https:\/\/permakultur-landwirtschaft.org\/wp-content\/uploads\/2020\/05\/20200420_srf.jpg\" alt=\"\" width=\"960\" height=\"540\" \/><br \/>\nBild: SRF<\/h6>","protected":false},"excerpt":{"rendered":"<p>Forschung zum Bienensterben: \u00abWir pl\u00e4dieren f\u00fcr ein Umdenken bei Pestiziden\u00bb Pestizide f\u00fchren bei Bienen nicht nur oft zum Tod. Sie beeintr\u00e4chtigen auch die Fortpflanzungsf\u00e4higkeit der Insekten, worauf eine aktuelle Studie der Universit\u00e4t Bern hinweist. Bericht in SRF vom 30. April 2020. Link zum Bericht: www.srf.ch\/kultur\/wissen\/forschung-zum-bienensterben-wir-plaedieren-fuer-ein-umdenken-bei-pestiziden Bild: SRF<\/p>","protected":false},"author":2,"featured_media":1992,"comment_status":"closed","ping_status":"closed","sticky":false,"template":"","format":"standard","meta":{"_acf_changed":false,"site-sidebar-layout":"default","site-content-layout":"","ast-site-content-layout":"default","site-content-style":"default","site-sidebar-style":"default","ast-global-header-display":"","ast-banner-title-visibility":"","ast-main-header-display":"","ast-hfb-above-header-display":"","ast-hfb-below-header-display":"","ast-hfb-mobile-header-display":"","site-post-title":"","ast-breadcrumbs-content":"","ast-featured-img":"","footer-sml-layout":"","ast-disable-related-posts":"","theme-transparent-header-meta":"","adv-header-id-meta":"","stick-header-meta":"","header-above-stick-meta":"","header-main-stick-meta":"","header-below-stick-meta":"","astra-migrate-meta-layouts":"default","ast-page-background-enabled":"default","ast-page-background-meta":{"desktop":{"background-color":"var(--ast-global-color-4)","background-image":"","background-repeat":"repeat","background-position":"center center","background-size":"auto","background-attachment":"scroll","background-type":"","background-media":"","overlay-type":"","overlay-color":"","overlay-opacity":"","overlay-gradient":""},"tablet":{"background-color":"","background-image":"","background-repeat":"repeat","background-position":"center center","background-size":"auto","background-attachment":"scroll","background-type":"","background-media":"","overlay-type":"","overlay-color":"","overlay-opacity":"","overlay-gradient":""},"mobile":{"background-color":"","background-image":"","background-repeat":"repeat","background-position":"center center","background-size":"auto","background-attachment":"scroll","background-type":"","background-media":"","overlay-type":"","overlay-color":"","overlay-opacity":"","overlay-gradient":""}},"ast-content-background-meta":{"desktop":{"background-color":"var(--ast-global-color-5)","background-image":"","background-repeat":"repeat","background-position":"center center","background-size":"auto","background-attachment":"scroll","background-type":"","background-media":"","overlay-type":"","overlay-color":"","overlay-opacity":"","overlay-gradient":""},"tablet":{"background-color":"var(--ast-global-color-5)","background-image":"","background-repeat":"repeat","background-position":"center center","background-size":"auto","background-attachment":"scroll","background-type":"","background-media":"","overlay-type":"","overlay-color":"","overlay-opacity":"","overlay-gradient":""},"mobile":{"background-color":"var(--ast-global-color-5)","background-image":"","background-repeat":"repeat","background-position":"center center","background-size":"auto","background-attachment":"scroll","background-type":"","background-media":"","overlay-type":"","overlay-color":"","overlay-opacity":"","overlay-gradient":""}},"footnotes":""},"categories":[22],"tags":[],"class_list":["post-1991","post","type-post","status-publish","format-standard","has-post-thumbnail","hentry","category-neuigkeit"],"acf":[],"yoast_head":"<!-- This site is optimized with the Yoast SEO plugin v27.5 - https:\/\/yoast.com\/product\/yoast-seo-wordpress\/ -->\n<title>Pestizide und Bienensterben - Bericht von SRF vom 30. April 2020 - Permakultur-Landwirtschaft<\/title>\n<meta name=\"robots\" content=\"index, follow, max-snippet:-1, max-image-preview:large, max-video-preview:-1\" \/>\n<link rel=\"canonical\" href=\"https:\/\/permakultur-landwirtschaft.org\/fr\/pestizide-und-bienensterben-bericht-von-srf-vom-30-april-2020\/\" \/>\n<meta property=\"og:locale\" content=\"fr_FR\" \/>\n<meta property=\"og:type\" content=\"article\" \/>\n<meta property=\"og:title\" content=\"Pestizide und Bienensterben - Bericht von SRF vom 30. April 2020 - Permakultur-Landwirtschaft\" \/>\n<meta property=\"og:description\" content=\"Forschung zum Bienensterben: \u00abWir pl\u00e4dieren f\u00fcr ein Umdenken bei Pestiziden\u00bb Pestizide f\u00fchren bei Bienen nicht nur oft zum Tod. Sie beeintr\u00e4chtigen auch die Fortpflanzungsf\u00e4higkeit der Insekten, worauf eine aktuelle Studie der Universit\u00e4t Bern hinweist. Bericht in SRF vom 30. April 2020. Link zum Bericht: www.srf.ch\/kultur\/wissen\/forschung-zum-bienensterben-wir-plaedieren-fuer-ein-umdenken-bei-pestiziden Bild: SRF\" \/>\n<meta property=\"og:url\" content=\"https:\/\/permakultur-landwirtschaft.org\/fr\/pestizide-und-bienensterben-bericht-von-srf-vom-30-april-2020\/\" \/>\n<meta property=\"og:site_name\" content=\"Permakultur-Landwirtschaft\" \/>\n<meta property=\"article:publisher\" content=\"https:\/\/www.facebook.com\/PermakulturLandwirtschaft\" \/>\n<meta property=\"article:published_time\" content=\"2020-04-30T06:09:27+00:00\" \/>\n<meta property=\"article:modified_time\" content=\"2020-05-21T06:21:54+00:00\" \/>\n<meta property=\"og:image\" content=\"http:\/\/permakultur-landwirtschaft.org\/wp-content\/uploads\/2020\/05\/20200420_srf.jpg\" \/>\n\t<meta property=\"og:image:width\" content=\"500\" \/>\n\t<meta property=\"og:image:height\" content=\"281\" \/>\n\t<meta property=\"og:image:type\" content=\"image\/jpeg\" \/>\n<meta name=\"author\" content=\"adrian reutimann\" \/>\n<meta name=\"twitter:card\" content=\"summary_large_image\" \/>\n<meta name=\"twitter:label1\" content=\"\u00c9crit par\" \/>\n\t<meta name=\"twitter:data1\" content=\"adrian reutimann\" \/>\n<script type=\"application\/ld+json\" class=\"yoast-schema-graph\">{\"@context\":\"https:\\\/\\\/schema.org\",\"@graph\":[{\"@type\":\"Article\",\"@id\":\"https:\\\/\\\/permakultur-landwirtschaft.org\\\/pestizide-und-bienensterben-bericht-von-srf-vom-30-april-2020\\\/#article\",\"isPartOf\":{\"@id\":\"https:\\\/\\\/permakultur-landwirtschaft.org\\\/pestizide-und-bienensterben-bericht-von-srf-vom-30-april-2020\\\/\"},\"author\":{\"name\":\"adrian reutimann\",\"@id\":\"https:\\\/\\\/permakultur-landwirtschaft.org\\\/#\\\/schema\\\/person\\\/6b0467872f75aed3e144093f9bf4f0b0\"},\"headline\":\"Pestizide und Bienensterben &#8211; Bericht von SRF vom 30. April 2020\",\"datePublished\":\"2020-04-30T06:09:27+00:00\",\"dateModified\":\"2020-05-21T06:21:54+00:00\",\"mainEntityOfPage\":{\"@id\":\"https:\\\/\\\/permakultur-landwirtschaft.org\\\/pestizide-und-bienensterben-bericht-von-srf-vom-30-april-2020\\\/\"},\"wordCount\":65,\"publisher\":{\"@id\":\"https:\\\/\\\/permakultur-landwirtschaft.org\\\/#organization\"},\"image\":{\"@id\":\"https:\\\/\\\/permakultur-landwirtschaft.org\\\/pestizide-und-bienensterben-bericht-von-srf-vom-30-april-2020\\\/#primaryimage\"},\"thumbnailUrl\":\"https:\\\/\\\/permakultur-landwirtschaft.org\\\/wp-content\\\/uploads\\\/2020\\\/05\\\/20200420_srf-e1590041789325.jpg\",\"articleSection\":[\"Neuigkeit\"],\"inLanguage\":\"fr-FR\"},{\"@type\":\"WebPage\",\"@id\":\"https:\\\/\\\/permakultur-landwirtschaft.org\\\/pestizide-und-bienensterben-bericht-von-srf-vom-30-april-2020\\\/\",\"url\":\"https:\\\/\\\/permakultur-landwirtschaft.org\\\/pestizide-und-bienensterben-bericht-von-srf-vom-30-april-2020\\\/\",\"name\":\"Pestizide und Bienensterben - Bericht von SRF vom 30. April 2020 - Permakultur-Landwirtschaft\",\"isPartOf\":{\"@id\":\"https:\\\/\\\/permakultur-landwirtschaft.org\\\/#website\"},\"primaryImageOfPage\":{\"@id\":\"https:\\\/\\\/permakultur-landwirtschaft.org\\\/pestizide-und-bienensterben-bericht-von-srf-vom-30-april-2020\\\/#primaryimage\"},\"image\":{\"@id\":\"https:\\\/\\\/permakultur-landwirtschaft.org\\\/pestizide-und-bienensterben-bericht-von-srf-vom-30-april-2020\\\/#primaryimage\"},\"thumbnailUrl\":\"https:\\\/\\\/permakultur-landwirtschaft.org\\\/wp-content\\\/uploads\\\/2020\\\/05\\\/20200420_srf-e1590041789325.jpg\",\"datePublished\":\"2020-04-30T06:09:27+00:00\",\"dateModified\":\"2020-05-21T06:21:54+00:00\",\"breadcrumb\":{\"@id\":\"https:\\\/\\\/permakultur-landwirtschaft.org\\\/pestizide-und-bienensterben-bericht-von-srf-vom-30-april-2020\\\/#breadcrumb\"},\"inLanguage\":\"fr-FR\",\"potentialAction\":[{\"@type\":\"ReadAction\",\"target\":[\"https:\\\/\\\/permakultur-landwirtschaft.org\\\/pestizide-und-bienensterben-bericht-von-srf-vom-30-april-2020\\\/\"]}]},{\"@type\":\"ImageObject\",\"inLanguage\":\"fr-FR\",\"@id\":\"https:\\\/\\\/permakultur-landwirtschaft.org\\\/pestizide-und-bienensterben-bericht-von-srf-vom-30-april-2020\\\/#primaryimage\",\"url\":\"https:\\\/\\\/permakultur-landwirtschaft.org\\\/wp-content\\\/uploads\\\/2020\\\/05\\\/20200420_srf-e1590041789325.jpg\",\"contentUrl\":\"https:\\\/\\\/permakultur-landwirtschaft.org\\\/wp-content\\\/uploads\\\/2020\\\/05\\\/20200420_srf-e1590041789325.jpg\",\"width\":500,\"height\":281},{\"@type\":\"BreadcrumbList\",\"@id\":\"https:\\\/\\\/permakultur-landwirtschaft.org\\\/pestizide-und-bienensterben-bericht-von-srf-vom-30-april-2020\\\/#breadcrumb\",\"itemListElement\":[{\"@type\":\"ListItem\",\"position\":1,\"name\":\"Startseite\",\"item\":\"https:\\\/\\\/permakultur-landwirtschaft.org\\\/\"},{\"@type\":\"ListItem\",\"position\":2,\"name\":\"Pestizide und Bienensterben &#8211; Bericht von SRF vom 30. April 2020\"}]},{\"@type\":\"WebSite\",\"@id\":\"https:\\\/\\\/permakultur-landwirtschaft.org\\\/#website\",\"url\":\"https:\\\/\\\/permakultur-landwirtschaft.org\\\/\",\"name\":\"Permakultur-Landwirtschaft\",\"description\":\"F\u00f6rderung der Permakultur in der Landwirtschaft\",\"publisher\":{\"@id\":\"https:\\\/\\\/permakultur-landwirtschaft.org\\\/#organization\"},\"potentialAction\":[{\"@type\":\"SearchAction\",\"target\":{\"@type\":\"EntryPoint\",\"urlTemplate\":\"https:\\\/\\\/permakultur-landwirtschaft.org\\\/?s={search_term_string}\"},\"query-input\":{\"@type\":\"PropertyValueSpecification\",\"valueRequired\":true,\"valueName\":\"search_term_string\"}}],\"inLanguage\":\"fr-FR\"},{\"@type\":\"Organization\",\"@id\":\"https:\\\/\\\/permakultur-landwirtschaft.org\\\/#organization\",\"name\":\"Permakultur-Landwirtschaft\",\"alternateName\":\"Verein Permakultur-Landwirtschaft\",\"url\":\"https:\\\/\\\/permakultur-landwirtschaft.org\\\/\",\"logo\":{\"@type\":\"ImageObject\",\"inLanguage\":\"fr-FR\",\"@id\":\"https:\\\/\\\/permakultur-landwirtschaft.org\\\/#\\\/schema\\\/logo\\\/image\\\/\",\"url\":\"https:\\\/\\\/permakultur-landwirtschaft.org\\\/wp-content\\\/uploads\\\/2021\\\/11\\\/pela_1268x1269.png\",\"contentUrl\":\"https:\\\/\\\/permakultur-landwirtschaft.org\\\/wp-content\\\/uploads\\\/2021\\\/11\\\/pela_1268x1269.png\",\"width\":1298,\"height\":1269,\"caption\":\"Permakultur-Landwirtschaft\"},\"image\":{\"@id\":\"https:\\\/\\\/permakultur-landwirtschaft.org\\\/#\\\/schema\\\/logo\\\/image\\\/\"},\"sameAs\":[\"https:\\\/\\\/www.facebook.com\\\/PermakulturLandwirtschaft\",\"https:\\\/\\\/www.instagram.com\\\/permakultur_landwirtschaft\\\/\",\"https:\\\/\\\/www.flickr.com\\\/photos\\\/permakultur-landwirtschaft\",\"https:\\\/\\\/www.youtube.com\\\/@PermakulturLandwirtschaft\"]},{\"@type\":\"Person\",\"@id\":\"https:\\\/\\\/permakultur-landwirtschaft.org\\\/#\\\/schema\\\/person\\\/6b0467872f75aed3e144093f9bf4f0b0\",\"name\":\"adrian reutimann\",\"url\":\"https:\\\/\\\/permakultur-landwirtschaft.org\\\/fr\\\/author\\\/reutiadr\\\/\"}]}<\/script>\n<!-- \/ Yoast SEO plugin. -->","yoast_head_json":{"title":"Pestizide und Bienensterben - Bericht von SRF vom 30. April 2020 - Permakultur-Landwirtschaft","robots":{"index":"index","follow":"follow","max-snippet":"max-snippet:-1","max-image-preview":"max-image-preview:large","max-video-preview":"max-video-preview:-1"},"canonical":"https:\/\/permakultur-landwirtschaft.org\/fr\/pestizide-und-bienensterben-bericht-von-srf-vom-30-april-2020\/","og_locale":"fr_FR","og_type":"article","og_title":"Pestizide und Bienensterben - Bericht von SRF vom 30. April 2020 - Permakultur-Landwirtschaft","og_description":"Forschung zum Bienensterben: \u00abWir pl\u00e4dieren f\u00fcr ein Umdenken bei Pestiziden\u00bb Pestizide f\u00fchren bei Bienen nicht nur oft zum Tod. Sie beeintr\u00e4chtigen auch die Fortpflanzungsf\u00e4higkeit der Insekten, worauf eine aktuelle Studie der Universit\u00e4t Bern hinweist. Bericht in SRF vom 30. April 2020. Link zum Bericht: www.srf.ch\/kultur\/wissen\/forschung-zum-bienensterben-wir-plaedieren-fuer-ein-umdenken-bei-pestiziden Bild: SRF","og_url":"https:\/\/permakultur-landwirtschaft.org\/fr\/pestizide-und-bienensterben-bericht-von-srf-vom-30-april-2020\/","og_site_name":"Permakultur-Landwirtschaft","article_publisher":"https:\/\/www.facebook.com\/PermakulturLandwirtschaft","article_published_time":"2020-04-30T06:09:27+00:00","article_modified_time":"2020-05-21T06:21:54+00:00","og_image":[{"width":500,"height":281,"url":"http:\/\/permakultur-landwirtschaft.org\/wp-content\/uploads\/2020\/05\/20200420_srf.jpg","type":"image\/jpeg"}],"author":"adrian reutimann","twitter_card":"summary_large_image","twitter_misc":{"\u00c9crit par":"adrian reutimann"},"schema":{"@context":"https:\/\/schema.org","@graph":[{"@type":"Article","@id":"https:\/\/permakultur-landwirtschaft.org\/pestizide-und-bienensterben-bericht-von-srf-vom-30-april-2020\/#article","isPartOf":{"@id":"https:\/\/permakultur-landwirtschaft.org\/pestizide-und-bienensterben-bericht-von-srf-vom-30-april-2020\/"},"author":{"name":"adrian reutimann","@id":"https:\/\/permakultur-landwirtschaft.org\/#\/schema\/person\/6b0467872f75aed3e144093f9bf4f0b0"},"headline":"Pestizide und Bienensterben &#8211; Bericht von SRF vom 30. April 2020","datePublished":"2020-04-30T06:09:27+00:00","dateModified":"2020-05-21T06:21:54+00:00","mainEntityOfPage":{"@id":"https:\/\/permakultur-landwirtschaft.org\/pestizide-und-bienensterben-bericht-von-srf-vom-30-april-2020\/"},"wordCount":65,"publisher":{"@id":"https:\/\/permakultur-landwirtschaft.org\/#organization"},"image":{"@id":"https:\/\/permakultur-landwirtschaft.org\/pestizide-und-bienensterben-bericht-von-srf-vom-30-april-2020\/#primaryimage"},"thumbnailUrl":"https:\/\/permakultur-landwirtschaft.org\/wp-content\/uploads\/2020\/05\/20200420_srf-e1590041789325.jpg","articleSection":["Neuigkeit"],"inLanguage":"fr-FR"},{"@type":"WebPage","@id":"https:\/\/permakultur-landwirtschaft.org\/pestizide-und-bienensterben-bericht-von-srf-vom-30-april-2020\/","url":"https:\/\/permakultur-landwirtschaft.org\/pestizide-und-bienensterben-bericht-von-srf-vom-30-april-2020\/","name":"Pestizide und Bienensterben - Bericht von SRF vom 30. April 2020 - Permakultur-Landwirtschaft","isPartOf":{"@id":"https:\/\/permakultur-landwirtschaft.org\/#website"},"primaryImageOfPage":{"@id":"https:\/\/permakultur-landwirtschaft.org\/pestizide-und-bienensterben-bericht-von-srf-vom-30-april-2020\/#primaryimage"},"image":{"@id":"https:\/\/permakultur-landwirtschaft.org\/pestizide-und-bienensterben-bericht-von-srf-vom-30-april-2020\/#primaryimage"},"thumbnailUrl":"https:\/\/permakultur-landwirtschaft.org\/wp-content\/uploads\/2020\/05\/20200420_srf-e1590041789325.jpg","datePublished":"2020-04-30T06:09:27+00:00","dateModified":"2020-05-21T06:21:54+00:00","breadcrumb":{"@id":"https:\/\/permakultur-landwirtschaft.org\/pestizide-und-bienensterben-bericht-von-srf-vom-30-april-2020\/#breadcrumb"},"inLanguage":"fr-FR","potentialAction":[{"@type":"ReadAction","target":["https:\/\/permakultur-landwirtschaft.org\/pestizide-und-bienensterben-bericht-von-srf-vom-30-april-2020\/"]}]},{"@type":"ImageObject","inLanguage":"fr-FR","@id":"https:\/\/permakultur-landwirtschaft.org\/pestizide-und-bienensterben-bericht-von-srf-vom-30-april-2020\/#primaryimage","url":"https:\/\/permakultur-landwirtschaft.org\/wp-content\/uploads\/2020\/05\/20200420_srf-e1590041789325.jpg","contentUrl":"https:\/\/permakultur-landwirtschaft.org\/wp-content\/uploads\/2020\/05\/20200420_srf-e1590041789325.jpg","width":500,"height":281},{"@type":"BreadcrumbList","@id":"https:\/\/permakultur-landwirtschaft.org\/pestizide-und-bienensterben-bericht-von-srf-vom-30-april-2020\/#breadcrumb","itemListElement":[{"@type":"ListItem","position":1,"name":"Startseite","item":"https:\/\/permakultur-landwirtschaft.org\/"},{"@type":"ListItem","position":2,"name":"Pestizide und Bienensterben &#8211; Bericht von SRF vom 30. April 2020"}]},{"@type":"WebSite","@id":"https:\/\/permakultur-landwirtschaft.org\/#website","url":"https:\/\/permakultur-landwirtschaft.org\/","name":"Permakultur-Landwirtschaft","description":"F\u00f6rderung der Permakultur in der Landwirtschaft","publisher":{"@id":"https:\/\/permakultur-landwirtschaft.org\/#organization"},"potentialAction":[{"@type":"SearchAction","target":{"@type":"EntryPoint","urlTemplate":"https:\/\/permakultur-landwirtschaft.org\/?s={search_term_string}"},"query-input":{"@type":"PropertyValueSpecification","valueRequired":true,"valueName":"search_term_string"}}],"inLanguage":"fr-FR"},{"@type":"Organization","@id":"https:\/\/permakultur-landwirtschaft.org\/#organization","name":"Permakultur-Landwirtschaft","alternateName":"Verein Permakultur-Landwirtschaft","url":"https:\/\/permakultur-landwirtschaft.org\/","logo":{"@type":"ImageObject","inLanguage":"fr-FR","@id":"https:\/\/permakultur-landwirtschaft.org\/#\/schema\/logo\/image\/","url":"https:\/\/permakultur-landwirtschaft.org\/wp-content\/uploads\/2021\/11\/pela_1268x1269.png","contentUrl":"https:\/\/permakultur-landwirtschaft.org\/wp-content\/uploads\/2021\/11\/pela_1268x1269.png","width":1298,"height":1269,"caption":"Permakultur-Landwirtschaft"},"image":{"@id":"https:\/\/permakultur-landwirtschaft.org\/#\/schema\/logo\/image\/"},"sameAs":["https:\/\/www.facebook.com\/PermakulturLandwirtschaft","https:\/\/www.instagram.com\/permakultur_landwirtschaft\/","https:\/\/www.flickr.com\/photos\/permakultur-landwirtschaft","https:\/\/www.youtube.com\/@PermakulturLandwirtschaft"]},{"@type":"Person","@id":"https:\/\/permakultur-landwirtschaft.org\/#\/schema\/person\/6b0467872f75aed3e144093f9bf4f0b0","name":"adrian reutimann","url":"https:\/\/permakultur-landwirtschaft.org\/fr\/author\/reutiadr\/"}]}},"_links":{"self":[{"href":"https:\/\/permakultur-landwirtschaft.org\/fr\/wp-json\/wp\/v2\/posts\/1991","targetHints":{"allow":["GET"]}}],"collection":[{"href":"https:\/\/permakultur-landwirtschaft.org\/fr\/wp-json\/wp\/v2\/posts"}],"about":[{"href":"https:\/\/permakultur-landwirtschaft.org\/fr\/wp-json\/wp\/v2\/types\/post"}],"author":[{"embeddable":true,"href":"https:\/\/permakultur-landwirtschaft.org\/fr\/wp-json\/wp\/v2\/users\/2"}],"replies":[{"embeddable":true,"href":"https:\/\/permakultur-landwirtschaft.org\/fr\/wp-json\/wp\/v2\/comments?post=1991"}],"version-history":[{"count":1,"href":"https:\/\/permakultur-landwirtschaft.org\/fr\/wp-json\/wp\/v2\/posts\/1991\/revisions"}],"predecessor-version":[{"id":1993,"href":"https:\/\/permakultur-landwirtschaft.org\/fr\/wp-json\/wp\/v2\/posts\/1991\/revisions\/1993"}],"wp:featuredmedia":[{"embeddable":true,"href":"https:\/\/permakultur-landwirtschaft.org\/fr\/wp-json\/wp\/v2\/media\/1992"}],"wp:attachment":[{"href":"https:\/\/permakultur-landwirtschaft.org\/fr\/wp-json\/wp\/v2\/media?parent=1991"}],"wp:term":[{"taxonomy":"category","embeddable":true,"href":"https:\/\/permakultur-landwirtschaft.org\/fr\/wp-json\/wp\/v2\/categories?post=1991"},{"taxonomy":"post_tag","embeddable":true,"href":"https:\/\/permakultur-landwirtschaft.org\/fr\/wp-json\/wp\/v2\/tags?post=1991"}],"curies":[{"name":"wp","href":"https:\/\/api.w.org\/{rel}","templated":true}]}}