{"id":19872,"date":"2021-12-01T13:18:00","date_gmt":"2021-12-01T12:18:00","guid":{"rendered":"https:\/\/permakultur-landwirtschaft.org\/?p=19872"},"modified":"2022-05-28T13:25:27","modified_gmt":"2022-05-28T11:25:27","slug":"wachstum-aber-pronto-artikel-in-oya-zu-agroforst-vom-dezember-2021","status":"publish","type":"post","link":"https:\/\/permakultur-landwirtschaft.org\/fr\/wachstum-aber-pronto-artikel-in-oya-zu-agroforst-vom-dezember-2021\/","title":{"rendered":"Wachstum, aber pronto! &#8211; Artikel in Oya zu Agroforst vom Dezember 2021"},"content":{"rendered":"<p>Text von oya-online.de:<br>Wachstum, aber pronto!<br>Bei der sich zur K\u00fchlung des Planeten anbietenden Wiederbegr\u00fcnung der Landfl\u00e4chen mittels Geh\u00f6lzen sollte es ausnahmsweise schnell zugehen, meint unser Autor. Hier ist sein Plan.von Philipp Gerhardt, erschienen in Ausgabe #66\/2021<\/p>\n\n\n\n<p>Link zum Artikel bei oya online: <a rel=\"noreferrer noopener\" href=\"https:\/\/lesen.oya-online.de\/texte\/3679-wachstum-aber-pronto.html\" target=\"_blank\">lesen.oya-online.de\/texte\/3679-wachstum-aber-pronto.html<\/a><\/p>\n\n\n\n<p>Seite von Philipp Gerhardt: <a href=\"https:\/\/baumfeldwirtschaft.de\/\" target=\"_blank\" rel=\"noreferrer noopener\">baumfeldwirtschaft.de<\/a><\/p>\n\n\n\n<figure class=\"wp-block-image size-full\"><a href=\"https:\/\/lesen.oya-online.de\/texte\/3679-wachstum-aber-pronto.html\" target=\"_blank\" rel=\"noopener\"><img fetchpriority=\"high\" decoding=\"async\" width=\"700\" height=\"393\" src=\"https:\/\/permakultur-landwirtschaft.org\/wp-content\/uploads\/2022\/05\/202112oya_cnt_wd-01-philipp1.jpg\" alt=\"\" class=\"wp-image-19873\" srcset=\"https:\/\/permakultur-landwirtschaft.org\/wp-content\/uploads\/2022\/05\/202112oya_cnt_wd-01-philipp1.jpg 700w, https:\/\/permakultur-landwirtschaft.org\/wp-content\/uploads\/2022\/05\/202112oya_cnt_wd-01-philipp1-300x168.jpg 300w\" sizes=\"(max-width: 700px) 100vw, 700px\" \/><\/a><figcaption>Bild: Philipp Gerhardt<\/figcaption><\/figure>\n\n\n\n<hr class=\"wp-block-separator has-css-opacity\"\/>\n\n\n\n<h3 class=\"wp-block-heading\"><a href=\"https:\/\/permakultur-landwirtschaft.org\/fr\/medien\/\">Hier geht&#8217;s zur \u00dcbersicht aller Neuigkeiten<\/a><\/h3>","protected":false},"excerpt":{"rendered":"<p>Text von oya-online.de:Wachstum, aber pronto!Bei der sich zur K\u00fchlung des Planeten anbietenden Wiederbegr\u00fcnung der Landfl\u00e4chen mittels Geh\u00f6lzen sollte es ausnahmsweise schnell zugehen, meint unser Autor. Hier ist sein Plan.von Philipp Gerhardt, erschienen in Ausgabe #66\/2021 Link zum Artikel bei oya online: lesen.oya-online.de\/texte\/3679-wachstum-aber-pronto.html Seite von Philipp Gerhardt: baumfeldwirtschaft.de Hier geht&#8217;s zur \u00dcbersicht aller Neuigkeiten<\/p>","protected":false},"author":2,"featured_media":19873,"comment_status":"closed","ping_status":"closed","sticky":false,"template":"","format":"standard","meta":{"_acf_changed":false,"site-sidebar-layout":"default","site-content-layout":"","ast-site-content-layout":"default","site-content-style":"default","site-sidebar-style":"default","ast-global-header-display":"","ast-banner-title-visibility":"","ast-main-header-display":"","ast-hfb-above-header-display":"","ast-hfb-below-header-display":"","ast-hfb-mobile-header-display":"","site-post-title":"","ast-breadcrumbs-content":"","ast-featured-img":"","footer-sml-layout":"","ast-disable-related-posts":"","theme-transparent-header-meta":"","adv-header-id-meta":"","stick-header-meta":"","header-above-stick-meta":"","header-main-stick-meta":"","header-below-stick-meta":"","astra-migrate-meta-layouts":"default","ast-page-background-enabled":"default","ast-page-background-meta":{"desktop":{"background-color":"var(--ast-global-color-4)","background-image":"","background-repeat":"repeat","background-position":"center center","background-size":"auto","background-attachment":"scroll","background-type":"","background-media":"","overlay-type":"","overlay-color":"","overlay-opacity":"","overlay-gradient":""},"tablet":{"background-color":"","background-image":"","background-repeat":"repeat","background-position":"center center","background-size":"auto","background-attachment":"scroll","background-type":"","background-media":"","overlay-type":"","overlay-color":"","overlay-opacity":"","overlay-gradient":""},"mobile":{"background-color":"","background-image":"","background-repeat":"repeat","background-position":"center center","background-size":"auto","background-attachment":"scroll","background-type":"","background-media":"","overlay-type":"","overlay-color":"","overlay-opacity":"","overlay-gradient":""}},"ast-content-background-meta":{"desktop":{"background-color":"var(--ast-global-color-5)","background-image":"","background-repeat":"repeat","background-position":"center center","background-size":"auto","background-attachment":"scroll","background-type":"","background-media":"","overlay-type":"","overlay-color":"","overlay-opacity":"","overlay-gradient":""},"tablet":{"background-color":"var(--ast-global-color-5)","background-image":"","background-repeat":"repeat","background-position":"center center","background-size":"auto","background-attachment":"scroll","background-type":"","background-media":"","overlay-type":"","overlay-color":"","overlay-opacity":"","overlay-gradient":""},"mobile":{"background-color":"var(--ast-global-color-5)","background-image":"","background-repeat":"repeat","background-position":"center center","background-size":"auto","background-attachment":"scroll","background-type":"","background-media":"","overlay-type":"","overlay-color":"","overlay-opacity":"","overlay-gradient":""}},"footnotes":""},"categories":[22],"tags":[],"class_list":["post-19872","post","type-post","status-publish","format-standard","has-post-thumbnail","hentry","category-neuigkeit"],"acf":[],"yoast_head":"<!-- This site is optimized with the Yoast SEO plugin v27.5 - https:\/\/yoast.com\/product\/yoast-seo-wordpress\/ -->\n<title>Wachstum, aber pronto! - Artikel in Oya zu Agroforst vom Dezember 2021 - Permakultur-Landwirtschaft<\/title>\n<meta name=\"robots\" content=\"index, follow, max-snippet:-1, max-image-preview:large, max-video-preview:-1\" \/>\n<link rel=\"canonical\" href=\"https:\/\/permakultur-landwirtschaft.org\/fr\/wachstum-aber-pronto-artikel-in-oya-zu-agroforst-vom-dezember-2021\/\" \/>\n<meta property=\"og:locale\" content=\"fr_FR\" \/>\n<meta property=\"og:type\" content=\"article\" \/>\n<meta property=\"og:title\" content=\"Wachstum, aber pronto! - Artikel in Oya zu Agroforst vom Dezember 2021 - Permakultur-Landwirtschaft\" \/>\n<meta property=\"og:description\" content=\"Text von oya-online.de:Wachstum, aber pronto!Bei der sich zur K\u00fchlung des Planeten anbietenden Wiederbegr\u00fcnung der Landfl\u00e4chen mittels Geh\u00f6lzen sollte es ausnahmsweise schnell zugehen, meint unser Autor. Hier ist sein Plan.von Philipp Gerhardt, erschienen in Ausgabe #66\/2021 Link zum Artikel bei oya online: lesen.oya-online.de\/texte\/3679-wachstum-aber-pronto.html Seite von Philipp Gerhardt: baumfeldwirtschaft.de Hier geht&#8217;s zur \u00dcbersicht aller Neuigkeiten\" \/>\n<meta property=\"og:url\" content=\"https:\/\/permakultur-landwirtschaft.org\/fr\/wachstum-aber-pronto-artikel-in-oya-zu-agroforst-vom-dezember-2021\/\" \/>\n<meta property=\"og:site_name\" content=\"Permakultur-Landwirtschaft\" \/>\n<meta property=\"article:publisher\" content=\"https:\/\/www.facebook.com\/PermakulturLandwirtschaft\" \/>\n<meta property=\"article:published_time\" content=\"2021-12-01T12:18:00+00:00\" \/>\n<meta property=\"article:modified_time\" content=\"2022-05-28T11:25:27+00:00\" \/>\n<meta property=\"og:image\" content=\"https:\/\/permakultur-landwirtschaft.org\/wp-content\/uploads\/2022\/05\/202112oya_cnt_wd-01-philipp1.jpg\" \/>\n\t<meta property=\"og:image:width\" content=\"700\" \/>\n\t<meta property=\"og:image:height\" content=\"393\" \/>\n\t<meta property=\"og:image:type\" content=\"image\/jpeg\" \/>\n<meta name=\"author\" content=\"adrian reutimann\" \/>\n<meta name=\"twitter:card\" content=\"summary_large_image\" \/>\n<meta name=\"twitter:label1\" content=\"\u00c9crit par\" \/>\n\t<meta name=\"twitter:data1\" content=\"adrian reutimann\" \/>\n<script type=\"application\/ld+json\" class=\"yoast-schema-graph\">{\"@context\":\"https:\\\/\\\/schema.org\",\"@graph\":[{\"@type\":\"Article\",\"@id\":\"https:\\\/\\\/permakultur-landwirtschaft.org\\\/wachstum-aber-pronto-artikel-in-oya-zu-agroforst-vom-dezember-2021\\\/#article\",\"isPartOf\":{\"@id\":\"https:\\\/\\\/permakultur-landwirtschaft.org\\\/wachstum-aber-pronto-artikel-in-oya-zu-agroforst-vom-dezember-2021\\\/\"},\"author\":{\"name\":\"adrian reutimann\",\"@id\":\"https:\\\/\\\/permakultur-landwirtschaft.org\\\/#\\\/schema\\\/person\\\/6b0467872f75aed3e144093f9bf4f0b0\"},\"headline\":\"Wachstum, aber pronto! &#8211; Artikel in Oya zu Agroforst vom Dezember 2021\",\"datePublished\":\"2021-12-01T12:18:00+00:00\",\"dateModified\":\"2022-05-28T11:25:27+00:00\",\"mainEntityOfPage\":{\"@id\":\"https:\\\/\\\/permakultur-landwirtschaft.org\\\/wachstum-aber-pronto-artikel-in-oya-zu-agroforst-vom-dezember-2021\\\/\"},\"wordCount\":81,\"publisher\":{\"@id\":\"https:\\\/\\\/permakultur-landwirtschaft.org\\\/#organization\"},\"image\":{\"@id\":\"https:\\\/\\\/permakultur-landwirtschaft.org\\\/wachstum-aber-pronto-artikel-in-oya-zu-agroforst-vom-dezember-2021\\\/#primaryimage\"},\"thumbnailUrl\":\"https:\\\/\\\/permakultur-landwirtschaft.org\\\/wp-content\\\/uploads\\\/2022\\\/05\\\/202112oya_cnt_wd-01-philipp1.jpg\",\"articleSection\":[\"Neuigkeit\"],\"inLanguage\":\"fr-FR\"},{\"@type\":\"WebPage\",\"@id\":\"https:\\\/\\\/permakultur-landwirtschaft.org\\\/wachstum-aber-pronto-artikel-in-oya-zu-agroforst-vom-dezember-2021\\\/\",\"url\":\"https:\\\/\\\/permakultur-landwirtschaft.org\\\/wachstum-aber-pronto-artikel-in-oya-zu-agroforst-vom-dezember-2021\\\/\",\"name\":\"Wachstum, aber pronto! - Artikel in Oya zu Agroforst vom Dezember 2021 - Permakultur-Landwirtschaft\",\"isPartOf\":{\"@id\":\"https:\\\/\\\/permakultur-landwirtschaft.org\\\/#website\"},\"primaryImageOfPage\":{\"@id\":\"https:\\\/\\\/permakultur-landwirtschaft.org\\\/wachstum-aber-pronto-artikel-in-oya-zu-agroforst-vom-dezember-2021\\\/#primaryimage\"},\"image\":{\"@id\":\"https:\\\/\\\/permakultur-landwirtschaft.org\\\/wachstum-aber-pronto-artikel-in-oya-zu-agroforst-vom-dezember-2021\\\/#primaryimage\"},\"thumbnailUrl\":\"https:\\\/\\\/permakultur-landwirtschaft.org\\\/wp-content\\\/uploads\\\/2022\\\/05\\\/202112oya_cnt_wd-01-philipp1.jpg\",\"datePublished\":\"2021-12-01T12:18:00+00:00\",\"dateModified\":\"2022-05-28T11:25:27+00:00\",\"breadcrumb\":{\"@id\":\"https:\\\/\\\/permakultur-landwirtschaft.org\\\/wachstum-aber-pronto-artikel-in-oya-zu-agroforst-vom-dezember-2021\\\/#breadcrumb\"},\"inLanguage\":\"fr-FR\",\"potentialAction\":[{\"@type\":\"ReadAction\",\"target\":[\"https:\\\/\\\/permakultur-landwirtschaft.org\\\/wachstum-aber-pronto-artikel-in-oya-zu-agroforst-vom-dezember-2021\\\/\"]}]},{\"@type\":\"ImageObject\",\"inLanguage\":\"fr-FR\",\"@id\":\"https:\\\/\\\/permakultur-landwirtschaft.org\\\/wachstum-aber-pronto-artikel-in-oya-zu-agroforst-vom-dezember-2021\\\/#primaryimage\",\"url\":\"https:\\\/\\\/permakultur-landwirtschaft.org\\\/wp-content\\\/uploads\\\/2022\\\/05\\\/202112oya_cnt_wd-01-philipp1.jpg\",\"contentUrl\":\"https:\\\/\\\/permakultur-landwirtschaft.org\\\/wp-content\\\/uploads\\\/2022\\\/05\\\/202112oya_cnt_wd-01-philipp1.jpg\",\"width\":700,\"height\":393},{\"@type\":\"BreadcrumbList\",\"@id\":\"https:\\\/\\\/permakultur-landwirtschaft.org\\\/wachstum-aber-pronto-artikel-in-oya-zu-agroforst-vom-dezember-2021\\\/#breadcrumb\",\"itemListElement\":[{\"@type\":\"ListItem\",\"position\":1,\"name\":\"Startseite\",\"item\":\"https:\\\/\\\/permakultur-landwirtschaft.org\\\/\"},{\"@type\":\"ListItem\",\"position\":2,\"name\":\"Wachstum, aber pronto! &#8211; Artikel in Oya zu Agroforst vom Dezember 2021\"}]},{\"@type\":\"WebSite\",\"@id\":\"https:\\\/\\\/permakultur-landwirtschaft.org\\\/#website\",\"url\":\"https:\\\/\\\/permakultur-landwirtschaft.org\\\/\",\"name\":\"Permakultur-Landwirtschaft\",\"description\":\"F\u00f6rderung der Permakultur in der Landwirtschaft\",\"publisher\":{\"@id\":\"https:\\\/\\\/permakultur-landwirtschaft.org\\\/#organization\"},\"potentialAction\":[{\"@type\":\"SearchAction\",\"target\":{\"@type\":\"EntryPoint\",\"urlTemplate\":\"https:\\\/\\\/permakultur-landwirtschaft.org\\\/?s={search_term_string}\"},\"query-input\":{\"@type\":\"PropertyValueSpecification\",\"valueRequired\":true,\"valueName\":\"search_term_string\"}}],\"inLanguage\":\"fr-FR\"},{\"@type\":\"Organization\",\"@id\":\"https:\\\/\\\/permakultur-landwirtschaft.org\\\/#organization\",\"name\":\"Permakultur-Landwirtschaft\",\"alternateName\":\"Verein Permakultur-Landwirtschaft\",\"url\":\"https:\\\/\\\/permakultur-landwirtschaft.org\\\/\",\"logo\":{\"@type\":\"ImageObject\",\"inLanguage\":\"fr-FR\",\"@id\":\"https:\\\/\\\/permakultur-landwirtschaft.org\\\/#\\\/schema\\\/logo\\\/image\\\/\",\"url\":\"https:\\\/\\\/permakultur-landwirtschaft.org\\\/wp-content\\\/uploads\\\/2021\\\/11\\\/pela_1268x1269.png\",\"contentUrl\":\"https:\\\/\\\/permakultur-landwirtschaft.org\\\/wp-content\\\/uploads\\\/2021\\\/11\\\/pela_1268x1269.png\",\"width\":1298,\"height\":1269,\"caption\":\"Permakultur-Landwirtschaft\"},\"image\":{\"@id\":\"https:\\\/\\\/permakultur-landwirtschaft.org\\\/#\\\/schema\\\/logo\\\/image\\\/\"},\"sameAs\":[\"https:\\\/\\\/www.facebook.com\\\/PermakulturLandwirtschaft\",\"https:\\\/\\\/www.instagram.com\\\/permakultur_landwirtschaft\\\/\",\"https:\\\/\\\/www.flickr.com\\\/photos\\\/permakultur-landwirtschaft\",\"https:\\\/\\\/www.youtube.com\\\/@PermakulturLandwirtschaft\"]},{\"@type\":\"Person\",\"@id\":\"https:\\\/\\\/permakultur-landwirtschaft.org\\\/#\\\/schema\\\/person\\\/6b0467872f75aed3e144093f9bf4f0b0\",\"name\":\"adrian reutimann\",\"url\":\"https:\\\/\\\/permakultur-landwirtschaft.org\\\/fr\\\/author\\\/reutiadr\\\/\"}]}<\/script>\n<!-- \/ Yoast SEO plugin. -->","yoast_head_json":{"title":"Wachstum, aber pronto! - Artikel in Oya zu Agroforst vom Dezember 2021 - Permakultur-Landwirtschaft","robots":{"index":"index","follow":"follow","max-snippet":"max-snippet:-1","max-image-preview":"max-image-preview:large","max-video-preview":"max-video-preview:-1"},"canonical":"https:\/\/permakultur-landwirtschaft.org\/fr\/wachstum-aber-pronto-artikel-in-oya-zu-agroforst-vom-dezember-2021\/","og_locale":"fr_FR","og_type":"article","og_title":"Wachstum, aber pronto! - Artikel in Oya zu Agroforst vom Dezember 2021 - Permakultur-Landwirtschaft","og_description":"Text von oya-online.de:Wachstum, aber pronto!Bei der sich zur K\u00fchlung des Planeten anbietenden Wiederbegr\u00fcnung der Landfl\u00e4chen mittels Geh\u00f6lzen sollte es ausnahmsweise schnell zugehen, meint unser Autor. Hier ist sein Plan.von Philipp Gerhardt, erschienen in Ausgabe #66\/2021 Link zum Artikel bei oya online: lesen.oya-online.de\/texte\/3679-wachstum-aber-pronto.html Seite von Philipp Gerhardt: baumfeldwirtschaft.de Hier geht&#8217;s zur \u00dcbersicht aller Neuigkeiten","og_url":"https:\/\/permakultur-landwirtschaft.org\/fr\/wachstum-aber-pronto-artikel-in-oya-zu-agroforst-vom-dezember-2021\/","og_site_name":"Permakultur-Landwirtschaft","article_publisher":"https:\/\/www.facebook.com\/PermakulturLandwirtschaft","article_published_time":"2021-12-01T12:18:00+00:00","article_modified_time":"2022-05-28T11:25:27+00:00","og_image":[{"width":700,"height":393,"url":"https:\/\/permakultur-landwirtschaft.org\/wp-content\/uploads\/2022\/05\/202112oya_cnt_wd-01-philipp1.jpg","type":"image\/jpeg"}],"author":"adrian reutimann","twitter_card":"summary_large_image","twitter_misc":{"\u00c9crit par":"adrian reutimann"},"schema":{"@context":"https:\/\/schema.org","@graph":[{"@type":"Article","@id":"https:\/\/permakultur-landwirtschaft.org\/wachstum-aber-pronto-artikel-in-oya-zu-agroforst-vom-dezember-2021\/#article","isPartOf":{"@id":"https:\/\/permakultur-landwirtschaft.org\/wachstum-aber-pronto-artikel-in-oya-zu-agroforst-vom-dezember-2021\/"},"author":{"name":"adrian reutimann","@id":"https:\/\/permakultur-landwirtschaft.org\/#\/schema\/person\/6b0467872f75aed3e144093f9bf4f0b0"},"headline":"Wachstum, aber pronto! &#8211; Artikel in Oya zu Agroforst vom Dezember 2021","datePublished":"2021-12-01T12:18:00+00:00","dateModified":"2022-05-28T11:25:27+00:00","mainEntityOfPage":{"@id":"https:\/\/permakultur-landwirtschaft.org\/wachstum-aber-pronto-artikel-in-oya-zu-agroforst-vom-dezember-2021\/"},"wordCount":81,"publisher":{"@id":"https:\/\/permakultur-landwirtschaft.org\/#organization"},"image":{"@id":"https:\/\/permakultur-landwirtschaft.org\/wachstum-aber-pronto-artikel-in-oya-zu-agroforst-vom-dezember-2021\/#primaryimage"},"thumbnailUrl":"https:\/\/permakultur-landwirtschaft.org\/wp-content\/uploads\/2022\/05\/202112oya_cnt_wd-01-philipp1.jpg","articleSection":["Neuigkeit"],"inLanguage":"fr-FR"},{"@type":"WebPage","@id":"https:\/\/permakultur-landwirtschaft.org\/wachstum-aber-pronto-artikel-in-oya-zu-agroforst-vom-dezember-2021\/","url":"https:\/\/permakultur-landwirtschaft.org\/wachstum-aber-pronto-artikel-in-oya-zu-agroforst-vom-dezember-2021\/","name":"Wachstum, aber pronto! - Artikel in Oya zu Agroforst vom Dezember 2021 - Permakultur-Landwirtschaft","isPartOf":{"@id":"https:\/\/permakultur-landwirtschaft.org\/#website"},"primaryImageOfPage":{"@id":"https:\/\/permakultur-landwirtschaft.org\/wachstum-aber-pronto-artikel-in-oya-zu-agroforst-vom-dezember-2021\/#primaryimage"},"image":{"@id":"https:\/\/permakultur-landwirtschaft.org\/wachstum-aber-pronto-artikel-in-oya-zu-agroforst-vom-dezember-2021\/#primaryimage"},"thumbnailUrl":"https:\/\/permakultur-landwirtschaft.org\/wp-content\/uploads\/2022\/05\/202112oya_cnt_wd-01-philipp1.jpg","datePublished":"2021-12-01T12:18:00+00:00","dateModified":"2022-05-28T11:25:27+00:00","breadcrumb":{"@id":"https:\/\/permakultur-landwirtschaft.org\/wachstum-aber-pronto-artikel-in-oya-zu-agroforst-vom-dezember-2021\/#breadcrumb"},"inLanguage":"fr-FR","potentialAction":[{"@type":"ReadAction","target":["https:\/\/permakultur-landwirtschaft.org\/wachstum-aber-pronto-artikel-in-oya-zu-agroforst-vom-dezember-2021\/"]}]},{"@type":"ImageObject","inLanguage":"fr-FR","@id":"https:\/\/permakultur-landwirtschaft.org\/wachstum-aber-pronto-artikel-in-oya-zu-agroforst-vom-dezember-2021\/#primaryimage","url":"https:\/\/permakultur-landwirtschaft.org\/wp-content\/uploads\/2022\/05\/202112oya_cnt_wd-01-philipp1.jpg","contentUrl":"https:\/\/permakultur-landwirtschaft.org\/wp-content\/uploads\/2022\/05\/202112oya_cnt_wd-01-philipp1.jpg","width":700,"height":393},{"@type":"BreadcrumbList","@id":"https:\/\/permakultur-landwirtschaft.org\/wachstum-aber-pronto-artikel-in-oya-zu-agroforst-vom-dezember-2021\/#breadcrumb","itemListElement":[{"@type":"ListItem","position":1,"name":"Startseite","item":"https:\/\/permakultur-landwirtschaft.org\/"},{"@type":"ListItem","position":2,"name":"Wachstum, aber pronto! &#8211; Artikel in Oya zu Agroforst vom Dezember 2021"}]},{"@type":"WebSite","@id":"https:\/\/permakultur-landwirtschaft.org\/#website","url":"https:\/\/permakultur-landwirtschaft.org\/","name":"Permakultur-Landwirtschaft","description":"F\u00f6rderung der Permakultur in der Landwirtschaft","publisher":{"@id":"https:\/\/permakultur-landwirtschaft.org\/#organization"},"potentialAction":[{"@type":"SearchAction","target":{"@type":"EntryPoint","urlTemplate":"https:\/\/permakultur-landwirtschaft.org\/?s={search_term_string}"},"query-input":{"@type":"PropertyValueSpecification","valueRequired":true,"valueName":"search_term_string"}}],"inLanguage":"fr-FR"},{"@type":"Organization","@id":"https:\/\/permakultur-landwirtschaft.org\/#organization","name":"Permakultur-Landwirtschaft","alternateName":"Verein Permakultur-Landwirtschaft","url":"https:\/\/permakultur-landwirtschaft.org\/","logo":{"@type":"ImageObject","inLanguage":"fr-FR","@id":"https:\/\/permakultur-landwirtschaft.org\/#\/schema\/logo\/image\/","url":"https:\/\/permakultur-landwirtschaft.org\/wp-content\/uploads\/2021\/11\/pela_1268x1269.png","contentUrl":"https:\/\/permakultur-landwirtschaft.org\/wp-content\/uploads\/2021\/11\/pela_1268x1269.png","width":1298,"height":1269,"caption":"Permakultur-Landwirtschaft"},"image":{"@id":"https:\/\/permakultur-landwirtschaft.org\/#\/schema\/logo\/image\/"},"sameAs":["https:\/\/www.facebook.com\/PermakulturLandwirtschaft","https:\/\/www.instagram.com\/permakultur_landwirtschaft\/","https:\/\/www.flickr.com\/photos\/permakultur-landwirtschaft","https:\/\/www.youtube.com\/@PermakulturLandwirtschaft"]},{"@type":"Person","@id":"https:\/\/permakultur-landwirtschaft.org\/#\/schema\/person\/6b0467872f75aed3e144093f9bf4f0b0","name":"adrian reutimann","url":"https:\/\/permakultur-landwirtschaft.org\/fr\/author\/reutiadr\/"}]}},"_links":{"self":[{"href":"https:\/\/permakultur-landwirtschaft.org\/fr\/wp-json\/wp\/v2\/posts\/19872","targetHints":{"allow":["GET"]}}],"collection":[{"href":"https:\/\/permakultur-landwirtschaft.org\/fr\/wp-json\/wp\/v2\/posts"}],"about":[{"href":"https:\/\/permakultur-landwirtschaft.org\/fr\/wp-json\/wp\/v2\/types\/post"}],"author":[{"embeddable":true,"href":"https:\/\/permakultur-landwirtschaft.org\/fr\/wp-json\/wp\/v2\/users\/2"}],"replies":[{"embeddable":true,"href":"https:\/\/permakultur-landwirtschaft.org\/fr\/wp-json\/wp\/v2\/comments?post=19872"}],"version-history":[{"count":1,"href":"https:\/\/permakultur-landwirtschaft.org\/fr\/wp-json\/wp\/v2\/posts\/19872\/revisions"}],"predecessor-version":[{"id":19874,"href":"https:\/\/permakultur-landwirtschaft.org\/fr\/wp-json\/wp\/v2\/posts\/19872\/revisions\/19874"}],"wp:featuredmedia":[{"embeddable":true,"href":"https:\/\/permakultur-landwirtschaft.org\/fr\/wp-json\/wp\/v2\/media\/19873"}],"wp:attachment":[{"href":"https:\/\/permakultur-landwirtschaft.org\/fr\/wp-json\/wp\/v2\/media?parent=19872"}],"wp:term":[{"taxonomy":"category","embeddable":true,"href":"https:\/\/permakultur-landwirtschaft.org\/fr\/wp-json\/wp\/v2\/categories?post=19872"},{"taxonomy":"post_tag","embeddable":true,"href":"https:\/\/permakultur-landwirtschaft.org\/fr\/wp-json\/wp\/v2\/tags?post=19872"}],"curies":[{"name":"wp","href":"https:\/\/api.w.org\/{rel}","templated":true}]}}