{"id":19336,"date":"2022-05-07T08:26:00","date_gmt":"2022-05-07T06:26:00","guid":{"rendered":"https:\/\/permakultur-landwirtschaft.org\/?p=19336"},"modified":"2026-02-19T10:55:06","modified_gmt":"2026-02-19T09:55:06","slug":"bioagri-et-biovino-les-07-et-08-mai-2022","status":"publish","type":"post","link":"https:\/\/permakultur-landwirtschaft.org\/fr\/bioagri-et-biovino-les-07-et-08-mai-2022\/","title":{"rendered":"BIOAGRI et BIOVINO les 07 et 08 mai 2022"},"content":{"rendered":"<p>Texte de bio-agri.ch:<\/p>\n\n\n\n<p><strong>La Foire Agricole Suisse Bio et le Salon des Vins Suisses Bio la r\u00e9f\u00e9rence en agriculture et viticulture biologique<\/strong><br>\u200bNous sommes heureux de vous annoncer que BioAgri et BioVino continuent sur leur lanc\u00e9e en s\u2019adaptant \u00e0 nouveau aux normes sanitaires qui nous imposent de nous d\u00e9placer au c\u0153ur de la Ville de Moudon, juste \u00e0 c\u00f4t\u00e9 de la gare en bordure de rivi\u00e8re.<\/p>\n\n\n\n<p>Le grand march\u00e9 des producteurs et productrices avec ses milliers de plantons, ses produits transform\u00e9s, fromages et viandes, l\u00e9gumes, c\u00e9r\u00e9ales, plantes m\u00e9dicinales, artisans, techniciens, chercheurs et vulgarisateurs, ainsi que tout ce qui touche \u00e0 l\u2019agriculture bio vous attend.<\/p>\n\n\n\n<p>La permaculture et les micro-fermes seront \u00e0 l\u2019honneur \u00e0 BioAgri avec une \u00e9quipe de choc du Fibl et Permaculture Romande. Des mini-ateliers (th\u00e9oriques + pratiques) seront annonc\u00e9s sur le programme sur une vari\u00e9t\u00e9 de sujets li\u00e9s \u00e0 la permaculture.<\/p>\n\n\n\n<p>Les Vins Natures seront \u00e0 l\u2019honneur \u00e0 BioVino et nous vous pr\u00e9senterons la premi\u00e8re fiche de d\u00e9gustation des Vin Nature en premi\u00e8re mondiale gr\u00e2ce au concours de l&#8217;Association Suisse du Vin Nature.<\/p>\n\n\n\n<p><strong>Dates<\/strong><br>Samedi 07 et Dimanche 08 mai 2022<\/p>\n\n\n\n<p><strong>Lieu<br><\/strong>Ancienne Place d&#8217;armes, route de Siviriez 2 \u00e0 1510 Moudon VD<\/p>\n\n\n\n<p>Infos: <a rel=\"noreferrer noopener\" href=\"https:\/\/www.bio-agri.ch\/\" target=\"_blank\">www.bio-agri.ch<\/a><\/p>\n\n\n\n<p>La programme permaculture: <a href=\"https:\/\/www.bio-agri.ch\/copie-de-programme-dimanche-8\" target=\"_blank\" rel=\"noreferrer noopener\">www.bio-agri.ch\/copie-de-programme-dimanche-8<\/a><\/p>\n\n\n\n<p>La gazette: <a href=\"https:\/\/drive.google.com\/file\/d\/1XYH07-IhpX5n0kXUIBZl4pEiJ4ZKpsh3\/view\" target=\"_blank\" rel=\"noreferrer noopener\">drive.google.com\/file\/d\/1XYH07-IhpX5n0kXUIBZl4pEiJ4ZKpsh3\/view<\/a><\/p>\n\n\n\n<figure class=\"wp-block-image size-full\"><a href=\"https:\/\/www.bio-agri.ch\" target=\"_blank\" rel=\"noopener\"><img fetchpriority=\"high\" decoding=\"async\" width=\"700\" height=\"322\" src=\"https:\/\/permakultur-landwirtschaft.org\/wp-content\/uploads\/2022\/05\/bioagri2022-05-04_08-28-43.jpg\" alt=\"\" class=\"wp-image-19337\" srcset=\"https:\/\/permakultur-landwirtschaft.org\/wp-content\/uploads\/2022\/05\/bioagri2022-05-04_08-28-43.jpg 700w, https:\/\/permakultur-landwirtschaft.org\/wp-content\/uploads\/2022\/05\/bioagri2022-05-04_08-28-43-300x138.jpg 300w\" sizes=\"(max-width: 700px) 100vw, 700px\" \/><\/a><figcaption class=\"wp-element-caption\">Bild: bio-agri.ch<\/figcaption><\/figure>\n\n\n\n<hr class=\"wp-block-separator has-css-opacity\"\/>\n\n\n\n<h3 class=\"wp-block-heading\"><a href=\"https:\/\/permakultur-landwirtschaft.org\/fr\/veranstaltungen\/\">Hier geht&#8217;s zur \u00dcbersicht aktuelle Veranstaltungen<\/a><\/h3>","protected":false},"excerpt":{"rendered":"<p>Texte de bio-agri.ch: La Foire Agricole Suisse Bio et le Salon des Vins Suisses Bio la r\u00e9f\u00e9rence en agriculture et viticulture biologique\u200bNous sommes heureux de vous annoncer que BioAgri et BioVino continuent sur leur lanc\u00e9e en s\u2019adaptant \u00e0 nouveau aux normes sanitaires qui nous imposent de nous d\u00e9placer au c\u0153ur de la Ville de Moudon, [&hellip;]<\/p>\n","protected":false},"author":2,"featured_media":19338,"comment_status":"closed","ping_status":"closed","sticky":false,"template":"","format":"standard","meta":{"_acf_changed":false,"site-sidebar-layout":"default","site-content-layout":"","ast-site-content-layout":"default","site-content-style":"default","site-sidebar-style":"default","ast-global-header-display":"","ast-banner-title-visibility":"","ast-main-header-display":"","ast-hfb-above-header-display":"","ast-hfb-below-header-display":"","ast-hfb-mobile-header-display":"","site-post-title":"","ast-breadcrumbs-content":"","ast-featured-img":"","footer-sml-layout":"","ast-disable-related-posts":"","theme-transparent-header-meta":"","adv-header-id-meta":"","stick-header-meta":"","header-above-stick-meta":"","header-main-stick-meta":"","header-below-stick-meta":"","astra-migrate-meta-layouts":"set","ast-page-background-enabled":"default","ast-page-background-meta":{"desktop":{"background-color":"var(--ast-global-color-4)","background-image":"","background-repeat":"repeat","background-position":"center center","background-size":"auto","background-attachment":"scroll","background-type":"","background-media":"","overlay-type":"","overlay-color":"","overlay-opacity":"","overlay-gradient":""},"tablet":{"background-color":"","background-image":"","background-repeat":"repeat","background-position":"center center","background-size":"auto","background-attachment":"scroll","background-type":"","background-media":"","overlay-type":"","overlay-color":"","overlay-opacity":"","overlay-gradient":""},"mobile":{"background-color":"","background-image":"","background-repeat":"repeat","background-position":"center center","background-size":"auto","background-attachment":"scroll","background-type":"","background-media":"","overlay-type":"","overlay-color":"","overlay-opacity":"","overlay-gradient":""}},"ast-content-background-meta":{"desktop":{"background-color":"var(--ast-global-color-5)","background-image":"","background-repeat":"repeat","background-position":"center center","background-size":"auto","background-attachment":"scroll","background-type":"","background-media":"","overlay-type":"","overlay-color":"","overlay-opacity":"","overlay-gradient":""},"tablet":{"background-color":"var(--ast-global-color-5)","background-image":"","background-repeat":"repeat","background-position":"center center","background-size":"auto","background-attachment":"scroll","background-type":"","background-media":"","overlay-type":"","overlay-color":"","overlay-opacity":"","overlay-gradient":""},"mobile":{"background-color":"var(--ast-global-color-5)","background-image":"","background-repeat":"repeat","background-position":"center center","background-size":"auto","background-attachment":"scroll","background-type":"","background-media":"","overlay-type":"","overlay-color":"","overlay-opacity":"","overlay-gradient":""}},"footnotes":""},"categories":[21],"tags":[],"class_list":["post-19336","post","type-post","status-publish","format-standard","has-post-thumbnail","hentry","category-veranstaltungen_archiv"],"acf":[],"yoast_head":"<!-- This site is optimized with the Yoast SEO plugin v27.5 - https:\/\/yoast.com\/product\/yoast-seo-wordpress\/ -->\n<title>BIOAGRI et BIOVINO les 07 et 08 mai 2022 - Permakultur-Landwirtschaft<\/title>\n<meta name=\"robots\" content=\"index, follow, max-snippet:-1, max-image-preview:large, max-video-preview:-1\" \/>\n<link rel=\"canonical\" href=\"https:\/\/permakultur-landwirtschaft.org\/fr\/bioagri-et-biovino-les-07-et-08-mai-2022\/\" \/>\n<meta property=\"og:locale\" content=\"fr_FR\" \/>\n<meta property=\"og:type\" content=\"article\" \/>\n<meta property=\"og:title\" content=\"BIOAGRI et BIOVINO les 07 et 08 mai 2022 - Permakultur-Landwirtschaft\" \/>\n<meta property=\"og:description\" content=\"Texte de bio-agri.ch: La Foire Agricole Suisse Bio et le Salon des Vins Suisses Bio la r\u00e9f\u00e9rence en agriculture et viticulture biologique\u200bNous sommes heureux de vous annoncer que BioAgri et BioVino continuent sur leur lanc\u00e9e en s\u2019adaptant \u00e0 nouveau aux normes sanitaires qui nous imposent de nous d\u00e9placer au c\u0153ur de la Ville de Moudon, [&hellip;]\" \/>\n<meta property=\"og:url\" content=\"https:\/\/permakultur-landwirtschaft.org\/fr\/bioagri-et-biovino-les-07-et-08-mai-2022\/\" \/>\n<meta property=\"og:site_name\" content=\"Permakultur-Landwirtschaft\" \/>\n<meta property=\"article:publisher\" content=\"https:\/\/www.facebook.com\/PermakulturLandwirtschaft\" \/>\n<meta property=\"article:published_time\" content=\"2022-05-07T06:26:00+00:00\" \/>\n<meta property=\"article:modified_time\" content=\"2026-02-19T09:55:06+00:00\" \/>\n<meta property=\"og:image\" content=\"https:\/\/permakultur-landwirtschaft.org\/wp-content\/uploads\/2022\/05\/bioagri_2022-05-04_08-28-43.jpg\" \/>\n\t<meta property=\"og:image:width\" content=\"477\" \/>\n\t<meta property=\"og:image:height\" content=\"359\" \/>\n\t<meta property=\"og:image:type\" content=\"image\/jpeg\" \/>\n<meta name=\"author\" content=\"adrian reutimann\" \/>\n<meta name=\"twitter:card\" content=\"summary_large_image\" \/>\n<meta name=\"twitter:label1\" content=\"\u00c9crit par\" \/>\n\t<meta name=\"twitter:data1\" content=\"adrian reutimann\" \/>\n\t<meta name=\"twitter:label2\" content=\"Dur\u00e9e de lecture estim\u00e9e\" \/>\n\t<meta name=\"twitter:data2\" content=\"2 minutes\" \/>\n<script type=\"application\/ld+json\" class=\"yoast-schema-graph\">{\"@context\":\"https:\\\/\\\/schema.org\",\"@graph\":[{\"@type\":\"Article\",\"@id\":\"https:\\\/\\\/permakultur-landwirtschaft.org\\\/bioagri-et-biovino-les-07-et-08-mai-2022\\\/#article\",\"isPartOf\":{\"@id\":\"https:\\\/\\\/permakultur-landwirtschaft.org\\\/bioagri-et-biovino-les-07-et-08-mai-2022\\\/\"},\"author\":{\"name\":\"adrian reutimann\",\"@id\":\"https:\\\/\\\/permakultur-landwirtschaft.org\\\/#\\\/schema\\\/person\\\/6b0467872f75aed3e144093f9bf4f0b0\"},\"headline\":\"BIOAGRI et BIOVINO les 07 et 08 mai 2022\",\"datePublished\":\"2022-05-07T06:26:00+00:00\",\"dateModified\":\"2026-02-19T09:55:06+00:00\",\"mainEntityOfPage\":{\"@id\":\"https:\\\/\\\/permakultur-landwirtschaft.org\\\/bioagri-et-biovino-les-07-et-08-mai-2022\\\/\"},\"wordCount\":249,\"publisher\":{\"@id\":\"https:\\\/\\\/permakultur-landwirtschaft.org\\\/#organization\"},\"image\":{\"@id\":\"https:\\\/\\\/permakultur-landwirtschaft.org\\\/bioagri-et-biovino-les-07-et-08-mai-2022\\\/#primaryimage\"},\"thumbnailUrl\":\"https:\\\/\\\/permakultur-landwirtschaft.org\\\/wp-content\\\/uploads\\\/2022\\\/05\\\/bioagri_2022-05-04_08-28-43.jpg\",\"articleSection\":[\"Veranstaltungen_Archiv\"],\"inLanguage\":\"fr-FR\"},{\"@type\":\"WebPage\",\"@id\":\"https:\\\/\\\/permakultur-landwirtschaft.org\\\/bioagri-et-biovino-les-07-et-08-mai-2022\\\/\",\"url\":\"https:\\\/\\\/permakultur-landwirtschaft.org\\\/bioagri-et-biovino-les-07-et-08-mai-2022\\\/\",\"name\":\"BIOAGRI et BIOVINO les 07 et 08 mai 2022 - Permakultur-Landwirtschaft\",\"isPartOf\":{\"@id\":\"https:\\\/\\\/permakultur-landwirtschaft.org\\\/#website\"},\"primaryImageOfPage\":{\"@id\":\"https:\\\/\\\/permakultur-landwirtschaft.org\\\/bioagri-et-biovino-les-07-et-08-mai-2022\\\/#primaryimage\"},\"image\":{\"@id\":\"https:\\\/\\\/permakultur-landwirtschaft.org\\\/bioagri-et-biovino-les-07-et-08-mai-2022\\\/#primaryimage\"},\"thumbnailUrl\":\"https:\\\/\\\/permakultur-landwirtschaft.org\\\/wp-content\\\/uploads\\\/2022\\\/05\\\/bioagri_2022-05-04_08-28-43.jpg\",\"datePublished\":\"2022-05-07T06:26:00+00:00\",\"dateModified\":\"2026-02-19T09:55:06+00:00\",\"breadcrumb\":{\"@id\":\"https:\\\/\\\/permakultur-landwirtschaft.org\\\/bioagri-et-biovino-les-07-et-08-mai-2022\\\/#breadcrumb\"},\"inLanguage\":\"fr-FR\",\"potentialAction\":[{\"@type\":\"ReadAction\",\"target\":[\"https:\\\/\\\/permakultur-landwirtschaft.org\\\/bioagri-et-biovino-les-07-et-08-mai-2022\\\/\"]}]},{\"@type\":\"ImageObject\",\"inLanguage\":\"fr-FR\",\"@id\":\"https:\\\/\\\/permakultur-landwirtschaft.org\\\/bioagri-et-biovino-les-07-et-08-mai-2022\\\/#primaryimage\",\"url\":\"https:\\\/\\\/permakultur-landwirtschaft.org\\\/wp-content\\\/uploads\\\/2022\\\/05\\\/bioagri_2022-05-04_08-28-43.jpg\",\"contentUrl\":\"https:\\\/\\\/permakultur-landwirtschaft.org\\\/wp-content\\\/uploads\\\/2022\\\/05\\\/bioagri_2022-05-04_08-28-43.jpg\",\"width\":477,\"height\":359},{\"@type\":\"BreadcrumbList\",\"@id\":\"https:\\\/\\\/permakultur-landwirtschaft.org\\\/bioagri-et-biovino-les-07-et-08-mai-2022\\\/#breadcrumb\",\"itemListElement\":[{\"@type\":\"ListItem\",\"position\":1,\"name\":\"Startseite\",\"item\":\"https:\\\/\\\/permakultur-landwirtschaft.org\\\/\"},{\"@type\":\"ListItem\",\"position\":2,\"name\":\"BIOAGRI et BIOVINO les 07 et 08 mai 2022\"}]},{\"@type\":\"WebSite\",\"@id\":\"https:\\\/\\\/permakultur-landwirtschaft.org\\\/#website\",\"url\":\"https:\\\/\\\/permakultur-landwirtschaft.org\\\/\",\"name\":\"Permakultur-Landwirtschaft\",\"description\":\"F\u00f6rderung der Permakultur in der Landwirtschaft\",\"publisher\":{\"@id\":\"https:\\\/\\\/permakultur-landwirtschaft.org\\\/#organization\"},\"potentialAction\":[{\"@type\":\"SearchAction\",\"target\":{\"@type\":\"EntryPoint\",\"urlTemplate\":\"https:\\\/\\\/permakultur-landwirtschaft.org\\\/?s={search_term_string}\"},\"query-input\":{\"@type\":\"PropertyValueSpecification\",\"valueRequired\":true,\"valueName\":\"search_term_string\"}}],\"inLanguage\":\"fr-FR\"},{\"@type\":\"Organization\",\"@id\":\"https:\\\/\\\/permakultur-landwirtschaft.org\\\/#organization\",\"name\":\"Permakultur-Landwirtschaft\",\"alternateName\":\"Verein Permakultur-Landwirtschaft\",\"url\":\"https:\\\/\\\/permakultur-landwirtschaft.org\\\/\",\"logo\":{\"@type\":\"ImageObject\",\"inLanguage\":\"fr-FR\",\"@id\":\"https:\\\/\\\/permakultur-landwirtschaft.org\\\/#\\\/schema\\\/logo\\\/image\\\/\",\"url\":\"https:\\\/\\\/permakultur-landwirtschaft.org\\\/wp-content\\\/uploads\\\/2021\\\/11\\\/pela_1268x1269.png\",\"contentUrl\":\"https:\\\/\\\/permakultur-landwirtschaft.org\\\/wp-content\\\/uploads\\\/2021\\\/11\\\/pela_1268x1269.png\",\"width\":1298,\"height\":1269,\"caption\":\"Permakultur-Landwirtschaft\"},\"image\":{\"@id\":\"https:\\\/\\\/permakultur-landwirtschaft.org\\\/#\\\/schema\\\/logo\\\/image\\\/\"},\"sameAs\":[\"https:\\\/\\\/www.facebook.com\\\/PermakulturLandwirtschaft\",\"https:\\\/\\\/www.instagram.com\\\/permakultur_landwirtschaft\\\/\",\"https:\\\/\\\/www.flickr.com\\\/photos\\\/permakultur-landwirtschaft\",\"https:\\\/\\\/www.youtube.com\\\/@PermakulturLandwirtschaft\"]},{\"@type\":\"Person\",\"@id\":\"https:\\\/\\\/permakultur-landwirtschaft.org\\\/#\\\/schema\\\/person\\\/6b0467872f75aed3e144093f9bf4f0b0\",\"name\":\"adrian reutimann\",\"url\":\"https:\\\/\\\/permakultur-landwirtschaft.org\\\/fr\\\/author\\\/reutiadr\\\/\"}]}<\/script>\n<!-- \/ Yoast SEO plugin. -->","yoast_head_json":{"title":"BIOAGRI et BIOVINO les 07 et 08 mai 2022 - Permakultur-Landwirtschaft","robots":{"index":"index","follow":"follow","max-snippet":"max-snippet:-1","max-image-preview":"max-image-preview:large","max-video-preview":"max-video-preview:-1"},"canonical":"https:\/\/permakultur-landwirtschaft.org\/fr\/bioagri-et-biovino-les-07-et-08-mai-2022\/","og_locale":"fr_FR","og_type":"article","og_title":"BIOAGRI et BIOVINO les 07 et 08 mai 2022 - Permakultur-Landwirtschaft","og_description":"Texte de bio-agri.ch: La Foire Agricole Suisse Bio et le Salon des Vins Suisses Bio la r\u00e9f\u00e9rence en agriculture et viticulture biologique\u200bNous sommes heureux de vous annoncer que BioAgri et BioVino continuent sur leur lanc\u00e9e en s\u2019adaptant \u00e0 nouveau aux normes sanitaires qui nous imposent de nous d\u00e9placer au c\u0153ur de la Ville de Moudon, [&hellip;]","og_url":"https:\/\/permakultur-landwirtschaft.org\/fr\/bioagri-et-biovino-les-07-et-08-mai-2022\/","og_site_name":"Permakultur-Landwirtschaft","article_publisher":"https:\/\/www.facebook.com\/PermakulturLandwirtschaft","article_published_time":"2022-05-07T06:26:00+00:00","article_modified_time":"2026-02-19T09:55:06+00:00","og_image":[{"width":477,"height":359,"url":"https:\/\/permakultur-landwirtschaft.org\/wp-content\/uploads\/2022\/05\/bioagri_2022-05-04_08-28-43.jpg","type":"image\/jpeg"}],"author":"adrian reutimann","twitter_card":"summary_large_image","twitter_misc":{"\u00c9crit par":"adrian reutimann","Dur\u00e9e de lecture estim\u00e9e":"2 minutes"},"schema":{"@context":"https:\/\/schema.org","@graph":[{"@type":"Article","@id":"https:\/\/permakultur-landwirtschaft.org\/bioagri-et-biovino-les-07-et-08-mai-2022\/#article","isPartOf":{"@id":"https:\/\/permakultur-landwirtschaft.org\/bioagri-et-biovino-les-07-et-08-mai-2022\/"},"author":{"name":"adrian reutimann","@id":"https:\/\/permakultur-landwirtschaft.org\/#\/schema\/person\/6b0467872f75aed3e144093f9bf4f0b0"},"headline":"BIOAGRI et BIOVINO les 07 et 08 mai 2022","datePublished":"2022-05-07T06:26:00+00:00","dateModified":"2026-02-19T09:55:06+00:00","mainEntityOfPage":{"@id":"https:\/\/permakultur-landwirtschaft.org\/bioagri-et-biovino-les-07-et-08-mai-2022\/"},"wordCount":249,"publisher":{"@id":"https:\/\/permakultur-landwirtschaft.org\/#organization"},"image":{"@id":"https:\/\/permakultur-landwirtschaft.org\/bioagri-et-biovino-les-07-et-08-mai-2022\/#primaryimage"},"thumbnailUrl":"https:\/\/permakultur-landwirtschaft.org\/wp-content\/uploads\/2022\/05\/bioagri_2022-05-04_08-28-43.jpg","articleSection":["Veranstaltungen_Archiv"],"inLanguage":"fr-FR"},{"@type":"WebPage","@id":"https:\/\/permakultur-landwirtschaft.org\/bioagri-et-biovino-les-07-et-08-mai-2022\/","url":"https:\/\/permakultur-landwirtschaft.org\/bioagri-et-biovino-les-07-et-08-mai-2022\/","name":"BIOAGRI et BIOVINO les 07 et 08 mai 2022 - Permakultur-Landwirtschaft","isPartOf":{"@id":"https:\/\/permakultur-landwirtschaft.org\/#website"},"primaryImageOfPage":{"@id":"https:\/\/permakultur-landwirtschaft.org\/bioagri-et-biovino-les-07-et-08-mai-2022\/#primaryimage"},"image":{"@id":"https:\/\/permakultur-landwirtschaft.org\/bioagri-et-biovino-les-07-et-08-mai-2022\/#primaryimage"},"thumbnailUrl":"https:\/\/permakultur-landwirtschaft.org\/wp-content\/uploads\/2022\/05\/bioagri_2022-05-04_08-28-43.jpg","datePublished":"2022-05-07T06:26:00+00:00","dateModified":"2026-02-19T09:55:06+00:00","breadcrumb":{"@id":"https:\/\/permakultur-landwirtschaft.org\/bioagri-et-biovino-les-07-et-08-mai-2022\/#breadcrumb"},"inLanguage":"fr-FR","potentialAction":[{"@type":"ReadAction","target":["https:\/\/permakultur-landwirtschaft.org\/bioagri-et-biovino-les-07-et-08-mai-2022\/"]}]},{"@type":"ImageObject","inLanguage":"fr-FR","@id":"https:\/\/permakultur-landwirtschaft.org\/bioagri-et-biovino-les-07-et-08-mai-2022\/#primaryimage","url":"https:\/\/permakultur-landwirtschaft.org\/wp-content\/uploads\/2022\/05\/bioagri_2022-05-04_08-28-43.jpg","contentUrl":"https:\/\/permakultur-landwirtschaft.org\/wp-content\/uploads\/2022\/05\/bioagri_2022-05-04_08-28-43.jpg","width":477,"height":359},{"@type":"BreadcrumbList","@id":"https:\/\/permakultur-landwirtschaft.org\/bioagri-et-biovino-les-07-et-08-mai-2022\/#breadcrumb","itemListElement":[{"@type":"ListItem","position":1,"name":"Startseite","item":"https:\/\/permakultur-landwirtschaft.org\/"},{"@type":"ListItem","position":2,"name":"BIOAGRI et BIOVINO les 07 et 08 mai 2022"}]},{"@type":"WebSite","@id":"https:\/\/permakultur-landwirtschaft.org\/#website","url":"https:\/\/permakultur-landwirtschaft.org\/","name":"Permakultur-Landwirtschaft","description":"F\u00f6rderung der Permakultur in der Landwirtschaft","publisher":{"@id":"https:\/\/permakultur-landwirtschaft.org\/#organization"},"potentialAction":[{"@type":"SearchAction","target":{"@type":"EntryPoint","urlTemplate":"https:\/\/permakultur-landwirtschaft.org\/?s={search_term_string}"},"query-input":{"@type":"PropertyValueSpecification","valueRequired":true,"valueName":"search_term_string"}}],"inLanguage":"fr-FR"},{"@type":"Organization","@id":"https:\/\/permakultur-landwirtschaft.org\/#organization","name":"Permakultur-Landwirtschaft","alternateName":"Verein Permakultur-Landwirtschaft","url":"https:\/\/permakultur-landwirtschaft.org\/","logo":{"@type":"ImageObject","inLanguage":"fr-FR","@id":"https:\/\/permakultur-landwirtschaft.org\/#\/schema\/logo\/image\/","url":"https:\/\/permakultur-landwirtschaft.org\/wp-content\/uploads\/2021\/11\/pela_1268x1269.png","contentUrl":"https:\/\/permakultur-landwirtschaft.org\/wp-content\/uploads\/2021\/11\/pela_1268x1269.png","width":1298,"height":1269,"caption":"Permakultur-Landwirtschaft"},"image":{"@id":"https:\/\/permakultur-landwirtschaft.org\/#\/schema\/logo\/image\/"},"sameAs":["https:\/\/www.facebook.com\/PermakulturLandwirtschaft","https:\/\/www.instagram.com\/permakultur_landwirtschaft\/","https:\/\/www.flickr.com\/photos\/permakultur-landwirtschaft","https:\/\/www.youtube.com\/@PermakulturLandwirtschaft"]},{"@type":"Person","@id":"https:\/\/permakultur-landwirtschaft.org\/#\/schema\/person\/6b0467872f75aed3e144093f9bf4f0b0","name":"adrian reutimann","url":"https:\/\/permakultur-landwirtschaft.org\/fr\/author\/reutiadr\/"}]}},"_links":{"self":[{"href":"https:\/\/permakultur-landwirtschaft.org\/fr\/wp-json\/wp\/v2\/posts\/19336","targetHints":{"allow":["GET"]}}],"collection":[{"href":"https:\/\/permakultur-landwirtschaft.org\/fr\/wp-json\/wp\/v2\/posts"}],"about":[{"href":"https:\/\/permakultur-landwirtschaft.org\/fr\/wp-json\/wp\/v2\/types\/post"}],"author":[{"embeddable":true,"href":"https:\/\/permakultur-landwirtschaft.org\/fr\/wp-json\/wp\/v2\/users\/2"}],"replies":[{"embeddable":true,"href":"https:\/\/permakultur-landwirtschaft.org\/fr\/wp-json\/wp\/v2\/comments?post=19336"}],"version-history":[{"count":3,"href":"https:\/\/permakultur-landwirtschaft.org\/fr\/wp-json\/wp\/v2\/posts\/19336\/revisions"}],"predecessor-version":[{"id":37914,"href":"https:\/\/permakultur-landwirtschaft.org\/fr\/wp-json\/wp\/v2\/posts\/19336\/revisions\/37914"}],"wp:featuredmedia":[{"embeddable":true,"href":"https:\/\/permakultur-landwirtschaft.org\/fr\/wp-json\/wp\/v2\/media\/19338"}],"wp:attachment":[{"href":"https:\/\/permakultur-landwirtschaft.org\/fr\/wp-json\/wp\/v2\/media?parent=19336"}],"wp:term":[{"taxonomy":"category","embeddable":true,"href":"https:\/\/permakultur-landwirtschaft.org\/fr\/wp-json\/wp\/v2\/categories?post=19336"},{"taxonomy":"post_tag","embeddable":true,"href":"https:\/\/permakultur-landwirtschaft.org\/fr\/wp-json\/wp\/v2\/tags?post=19336"}],"curies":[{"name":"wp","href":"https:\/\/api.w.org\/{rel}","templated":true}]}}