{"id":1927,"date":"2020-08-27T11:21:04","date_gmt":"2020-08-27T09:21:04","guid":{"rendered":"http:\/\/permakultur-landwirtschaft.org\/?p=1927"},"modified":"2020-08-29T19:17:21","modified_gmt":"2020-08-29T17:17:21","slug":"klimapolitik-die-landwirtschaft-von-morgen-gestalten-am-27-und-28-august-2020","status":"publish","type":"post","link":"https:\/\/permakultur-landwirtschaft.org\/fr\/klimapolitik-die-landwirtschaft-von-morgen-gestalten-am-27-und-28-august-2020\/","title":{"rendered":"Klimapolitik: Die Landwirtschaft von morgen gestalten am 27. und 28. August 2020"},"content":{"rendered":"<p class=\"entry-title\"><strong>Schweizer Agrarpolitik Forum 2020<\/strong><\/p>\n<p>Diskutieren Sie mit Fachleuten aus Politik, Praxis und Wirtschaft \u00fcber Wege zu einer klimaneutralen Land- und Ern\u00e4hrungswirtschaft.<\/p>\n<p>Mit dem Schweizer Agrarpolitik Forum bietet die <a href=\"http:\/\/www.bfh.ch\/hafl\" target=\"_blank\" rel=\"noopener noreferrer\">BFH-HAFL<\/a> in Zusammenarbeit mit dem <a href=\"https:\/\/www.inforama.vol.be.ch\/\" target=\"_blank\" rel=\"noopener noreferrer\">INFORAMA<\/a> eine neutrale Plattform, die den offenen und konstruktiven Dialog \u00fcber aktuelle agrarpolitische Themen erm\u00f6glicht. Ein vielf\u00e4ltiger Austausch zwischen den verschiedenen Vertreterinnen und Vertreter der Landwirtschaft, Politik, Konsum, Verarbeitung, Handel und Umwelt steht dabei im Zentrum. Das Forum bietet neben einer breiten Palette spannender Inputs viel Platz zum Diskutieren.<\/p>\n<p><strong>Date<\/strong><br \/>\n27. &#8211; 28. August 2020<\/p>\n<p><strong>Lieu<\/strong><br \/>\nBFH-HAFL<br \/>\nL\u00e4nggasse 85<br \/>\n3052 Zollikofen BE<\/p>\n<p><a href=\"https:\/\/www.bfh.ch\/hafl\/de\/aktuell\/veranstaltungen\/schweizer-agrarpolitik-forum\/\" target=\"_blank\" rel=\"noopener noreferrer\">Weitere Infos hier: www.bfh.ch\/hafl\/de\/aktuell\/veranstaltungen\/schweizer-agrarpolitik-forum<\/a><\/p>\n<p><a href=\"https:\/\/www.bfh.ch\/hafl\/de\/aktuell\/veranstaltungen\/schweizer-agrarpolitik-forum\/\" target=\"_blank\" rel=\"noopener noreferrer\"><img fetchpriority=\"high\" decoding=\"async\" class=\"size-full wp-image-1928 alignnone\" src=\"https:\/\/permakultur-landwirtschaft.org\/wp-content\/uploads\/2020\/04\/hafl21.04.png\" alt=\"\" width=\"590\" height=\"434\" srcset=\"https:\/\/permakultur-landwirtschaft.org\/wp-content\/uploads\/2020\/04\/hafl21.04.png 590w, https:\/\/permakultur-landwirtschaft.org\/wp-content\/uploads\/2020\/04\/hafl21.04-300x221.png 300w\" sizes=\"(max-width: 590px) 100vw, 590px\" \/><\/a><br \/>\nBild: bfh.ch (istockphoto.com)<\/p>","protected":false},"excerpt":{"rendered":"<p>Schweizer Agrarpolitik Forum 2020 Diskutieren Sie mit Fachleuten aus Politik, Praxis und Wirtschaft \u00fcber Wege zu einer klimaneutralen Land- und Ern\u00e4hrungswirtschaft. Mit dem Schweizer Agrarpolitik Forum bietet die BFH-HAFL in Zusammenarbeit mit dem INFORAMA eine neutrale Plattform, die den offenen und konstruktiven Dialog \u00fcber aktuelle agrarpolitische Themen erm\u00f6glicht. Ein vielf\u00e4ltiger Austausch zwischen den verschiedenen Vertreterinnen [&hellip;]<\/p>\n","protected":false},"author":2,"featured_media":1928,"comment_status":"closed","ping_status":"closed","sticky":false,"template":"","format":"standard","meta":{"_acf_changed":false,"site-sidebar-layout":"default","site-content-layout":"","ast-site-content-layout":"default","site-content-style":"default","site-sidebar-style":"default","ast-global-header-display":"","ast-banner-title-visibility":"","ast-main-header-display":"","ast-hfb-above-header-display":"","ast-hfb-below-header-display":"","ast-hfb-mobile-header-display":"","site-post-title":"","ast-breadcrumbs-content":"","ast-featured-img":"","footer-sml-layout":"","ast-disable-related-posts":"","theme-transparent-header-meta":"","adv-header-id-meta":"","stick-header-meta":"","header-above-stick-meta":"","header-main-stick-meta":"","header-below-stick-meta":"","astra-migrate-meta-layouts":"default","ast-page-background-enabled":"default","ast-page-background-meta":{"desktop":{"background-color":"var(--ast-global-color-4)","background-image":"","background-repeat":"repeat","background-position":"center center","background-size":"auto","background-attachment":"scroll","background-type":"","background-media":"","overlay-type":"","overlay-color":"","overlay-opacity":"","overlay-gradient":""},"tablet":{"background-color":"","background-image":"","background-repeat":"repeat","background-position":"center center","background-size":"auto","background-attachment":"scroll","background-type":"","background-media":"","overlay-type":"","overlay-color":"","overlay-opacity":"","overlay-gradient":""},"mobile":{"background-color":"","background-image":"","background-repeat":"repeat","background-position":"center center","background-size":"auto","background-attachment":"scroll","background-type":"","background-media":"","overlay-type":"","overlay-color":"","overlay-opacity":"","overlay-gradient":""}},"ast-content-background-meta":{"desktop":{"background-color":"var(--ast-global-color-5)","background-image":"","background-repeat":"repeat","background-position":"center center","background-size":"auto","background-attachment":"scroll","background-type":"","background-media":"","overlay-type":"","overlay-color":"","overlay-opacity":"","overlay-gradient":""},"tablet":{"background-color":"var(--ast-global-color-5)","background-image":"","background-repeat":"repeat","background-position":"center center","background-size":"auto","background-attachment":"scroll","background-type":"","background-media":"","overlay-type":"","overlay-color":"","overlay-opacity":"","overlay-gradient":""},"mobile":{"background-color":"var(--ast-global-color-5)","background-image":"","background-repeat":"repeat","background-position":"center center","background-size":"auto","background-attachment":"scroll","background-type":"","background-media":"","overlay-type":"","overlay-color":"","overlay-opacity":"","overlay-gradient":""}},"footnotes":""},"categories":[21],"tags":[],"class_list":["post-1927","post","type-post","status-publish","format-standard","has-post-thumbnail","hentry","category-veranstaltungen_archiv"],"acf":[],"yoast_head":"<!-- This site is optimized with the Yoast SEO plugin v27.5 - https:\/\/yoast.com\/product\/yoast-seo-wordpress\/ -->\n<title>Klimapolitik: Die Landwirtschaft von morgen gestalten am 27. und 28. August 2020 - Permakultur-Landwirtschaft<\/title>\n<meta name=\"robots\" content=\"index, follow, max-snippet:-1, max-image-preview:large, max-video-preview:-1\" \/>\n<link rel=\"canonical\" href=\"https:\/\/permakultur-landwirtschaft.org\/fr\/klimapolitik-die-landwirtschaft-von-morgen-gestalten-am-27-und-28-august-2020\/\" \/>\n<meta property=\"og:locale\" content=\"fr_FR\" \/>\n<meta property=\"og:type\" content=\"article\" \/>\n<meta property=\"og:title\" content=\"Klimapolitik: Die Landwirtschaft von morgen gestalten am 27. und 28. August 2020 - Permakultur-Landwirtschaft\" \/>\n<meta property=\"og:description\" content=\"Schweizer Agrarpolitik Forum 2020 Diskutieren Sie mit Fachleuten aus Politik, Praxis und Wirtschaft \u00fcber Wege zu einer klimaneutralen Land- und Ern\u00e4hrungswirtschaft. Mit dem Schweizer Agrarpolitik Forum bietet die BFH-HAFL in Zusammenarbeit mit dem INFORAMA eine neutrale Plattform, die den offenen und konstruktiven Dialog \u00fcber aktuelle agrarpolitische Themen erm\u00f6glicht. Ein vielf\u00e4ltiger Austausch zwischen den verschiedenen Vertreterinnen [&hellip;]\" \/>\n<meta property=\"og:url\" content=\"https:\/\/permakultur-landwirtschaft.org\/fr\/klimapolitik-die-landwirtschaft-von-morgen-gestalten-am-27-und-28-august-2020\/\" \/>\n<meta property=\"og:site_name\" content=\"Permakultur-Landwirtschaft\" \/>\n<meta property=\"article:publisher\" content=\"https:\/\/www.facebook.com\/PermakulturLandwirtschaft\" \/>\n<meta property=\"article:published_time\" content=\"2020-08-27T09:21:04+00:00\" \/>\n<meta property=\"article:modified_time\" content=\"2020-08-29T17:17:21+00:00\" \/>\n<meta property=\"og:image\" content=\"https:\/\/permakultur-landwirtschaft.org\/wp-content\/uploads\/2020\/04\/hafl21.04.png\" \/>\n\t<meta property=\"og:image:width\" content=\"590\" \/>\n\t<meta property=\"og:image:height\" content=\"434\" \/>\n\t<meta property=\"og:image:type\" content=\"image\/png\" \/>\n<meta name=\"author\" content=\"adrian reutimann\" \/>\n<meta name=\"twitter:card\" content=\"summary_large_image\" \/>\n<meta name=\"twitter:label1\" content=\"\u00c9crit par\" \/>\n\t<meta name=\"twitter:data1\" content=\"adrian reutimann\" \/>\n\t<meta name=\"twitter:label2\" content=\"Dur\u00e9e de lecture estim\u00e9e\" \/>\n\t<meta name=\"twitter:data2\" content=\"1 minute\" \/>\n<script type=\"application\/ld+json\" class=\"yoast-schema-graph\">{\"@context\":\"https:\\\/\\\/schema.org\",\"@graph\":[{\"@type\":\"Article\",\"@id\":\"https:\\\/\\\/permakultur-landwirtschaft.org\\\/klimapolitik-die-landwirtschaft-von-morgen-gestalten-am-27-und-28-august-2020\\\/#article\",\"isPartOf\":{\"@id\":\"https:\\\/\\\/permakultur-landwirtschaft.org\\\/klimapolitik-die-landwirtschaft-von-morgen-gestalten-am-27-und-28-august-2020\\\/\"},\"author\":{\"name\":\"adrian reutimann\",\"@id\":\"https:\\\/\\\/permakultur-landwirtschaft.org\\\/#\\\/schema\\\/person\\\/6b0467872f75aed3e144093f9bf4f0b0\"},\"headline\":\"Klimapolitik: Die Landwirtschaft von morgen gestalten am 27. und 28. August 2020\",\"datePublished\":\"2020-08-27T09:21:04+00:00\",\"dateModified\":\"2020-08-29T17:17:21+00:00\",\"mainEntityOfPage\":{\"@id\":\"https:\\\/\\\/permakultur-landwirtschaft.org\\\/klimapolitik-die-landwirtschaft-von-morgen-gestalten-am-27-und-28-august-2020\\\/\"},\"wordCount\":118,\"publisher\":{\"@id\":\"https:\\\/\\\/permakultur-landwirtschaft.org\\\/#organization\"},\"image\":{\"@id\":\"https:\\\/\\\/permakultur-landwirtschaft.org\\\/klimapolitik-die-landwirtschaft-von-morgen-gestalten-am-27-und-28-august-2020\\\/#primaryimage\"},\"thumbnailUrl\":\"https:\\\/\\\/permakultur-landwirtschaft.org\\\/wp-content\\\/uploads\\\/2020\\\/04\\\/hafl21.04.png\",\"articleSection\":[\"Veranstaltungen_Archiv\"],\"inLanguage\":\"fr-FR\"},{\"@type\":\"WebPage\",\"@id\":\"https:\\\/\\\/permakultur-landwirtschaft.org\\\/klimapolitik-die-landwirtschaft-von-morgen-gestalten-am-27-und-28-august-2020\\\/\",\"url\":\"https:\\\/\\\/permakultur-landwirtschaft.org\\\/klimapolitik-die-landwirtschaft-von-morgen-gestalten-am-27-und-28-august-2020\\\/\",\"name\":\"Klimapolitik: Die Landwirtschaft von morgen gestalten am 27. und 28. August 2020 - Permakultur-Landwirtschaft\",\"isPartOf\":{\"@id\":\"https:\\\/\\\/permakultur-landwirtschaft.org\\\/#website\"},\"primaryImageOfPage\":{\"@id\":\"https:\\\/\\\/permakultur-landwirtschaft.org\\\/klimapolitik-die-landwirtschaft-von-morgen-gestalten-am-27-und-28-august-2020\\\/#primaryimage\"},\"image\":{\"@id\":\"https:\\\/\\\/permakultur-landwirtschaft.org\\\/klimapolitik-die-landwirtschaft-von-morgen-gestalten-am-27-und-28-august-2020\\\/#primaryimage\"},\"thumbnailUrl\":\"https:\\\/\\\/permakultur-landwirtschaft.org\\\/wp-content\\\/uploads\\\/2020\\\/04\\\/hafl21.04.png\",\"datePublished\":\"2020-08-27T09:21:04+00:00\",\"dateModified\":\"2020-08-29T17:17:21+00:00\",\"breadcrumb\":{\"@id\":\"https:\\\/\\\/permakultur-landwirtschaft.org\\\/klimapolitik-die-landwirtschaft-von-morgen-gestalten-am-27-und-28-august-2020\\\/#breadcrumb\"},\"inLanguage\":\"fr-FR\",\"potentialAction\":[{\"@type\":\"ReadAction\",\"target\":[\"https:\\\/\\\/permakultur-landwirtschaft.org\\\/klimapolitik-die-landwirtschaft-von-morgen-gestalten-am-27-und-28-august-2020\\\/\"]}]},{\"@type\":\"ImageObject\",\"inLanguage\":\"fr-FR\",\"@id\":\"https:\\\/\\\/permakultur-landwirtschaft.org\\\/klimapolitik-die-landwirtschaft-von-morgen-gestalten-am-27-und-28-august-2020\\\/#primaryimage\",\"url\":\"https:\\\/\\\/permakultur-landwirtschaft.org\\\/wp-content\\\/uploads\\\/2020\\\/04\\\/hafl21.04.png\",\"contentUrl\":\"https:\\\/\\\/permakultur-landwirtschaft.org\\\/wp-content\\\/uploads\\\/2020\\\/04\\\/hafl21.04.png\",\"width\":590,\"height\":434},{\"@type\":\"BreadcrumbList\",\"@id\":\"https:\\\/\\\/permakultur-landwirtschaft.org\\\/klimapolitik-die-landwirtschaft-von-morgen-gestalten-am-27-und-28-august-2020\\\/#breadcrumb\",\"itemListElement\":[{\"@type\":\"ListItem\",\"position\":1,\"name\":\"Startseite\",\"item\":\"https:\\\/\\\/permakultur-landwirtschaft.org\\\/\"},{\"@type\":\"ListItem\",\"position\":2,\"name\":\"Klimapolitik: Die Landwirtschaft von morgen gestalten am 27. und 28. August 2020\"}]},{\"@type\":\"WebSite\",\"@id\":\"https:\\\/\\\/permakultur-landwirtschaft.org\\\/#website\",\"url\":\"https:\\\/\\\/permakultur-landwirtschaft.org\\\/\",\"name\":\"Permakultur-Landwirtschaft\",\"description\":\"F\u00f6rderung der Permakultur in der Landwirtschaft\",\"publisher\":{\"@id\":\"https:\\\/\\\/permakultur-landwirtschaft.org\\\/#organization\"},\"potentialAction\":[{\"@type\":\"SearchAction\",\"target\":{\"@type\":\"EntryPoint\",\"urlTemplate\":\"https:\\\/\\\/permakultur-landwirtschaft.org\\\/?s={search_term_string}\"},\"query-input\":{\"@type\":\"PropertyValueSpecification\",\"valueRequired\":true,\"valueName\":\"search_term_string\"}}],\"inLanguage\":\"fr-FR\"},{\"@type\":\"Organization\",\"@id\":\"https:\\\/\\\/permakultur-landwirtschaft.org\\\/#organization\",\"name\":\"Permakultur-Landwirtschaft\",\"alternateName\":\"Verein Permakultur-Landwirtschaft\",\"url\":\"https:\\\/\\\/permakultur-landwirtschaft.org\\\/\",\"logo\":{\"@type\":\"ImageObject\",\"inLanguage\":\"fr-FR\",\"@id\":\"https:\\\/\\\/permakultur-landwirtschaft.org\\\/#\\\/schema\\\/logo\\\/image\\\/\",\"url\":\"https:\\\/\\\/permakultur-landwirtschaft.org\\\/wp-content\\\/uploads\\\/2021\\\/11\\\/pela_1268x1269.png\",\"contentUrl\":\"https:\\\/\\\/permakultur-landwirtschaft.org\\\/wp-content\\\/uploads\\\/2021\\\/11\\\/pela_1268x1269.png\",\"width\":1298,\"height\":1269,\"caption\":\"Permakultur-Landwirtschaft\"},\"image\":{\"@id\":\"https:\\\/\\\/permakultur-landwirtschaft.org\\\/#\\\/schema\\\/logo\\\/image\\\/\"},\"sameAs\":[\"https:\\\/\\\/www.facebook.com\\\/PermakulturLandwirtschaft\",\"https:\\\/\\\/www.instagram.com\\\/permakultur_landwirtschaft\\\/\",\"https:\\\/\\\/www.flickr.com\\\/photos\\\/permakultur-landwirtschaft\",\"https:\\\/\\\/www.youtube.com\\\/@PermakulturLandwirtschaft\"]},{\"@type\":\"Person\",\"@id\":\"https:\\\/\\\/permakultur-landwirtschaft.org\\\/#\\\/schema\\\/person\\\/6b0467872f75aed3e144093f9bf4f0b0\",\"name\":\"adrian reutimann\",\"url\":\"https:\\\/\\\/permakultur-landwirtschaft.org\\\/fr\\\/author\\\/reutiadr\\\/\"}]}<\/script>\n<!-- \/ Yoast SEO plugin. -->","yoast_head_json":{"title":"Klimapolitik: Die Landwirtschaft von morgen gestalten am 27. und 28. August 2020 - Permakultur-Landwirtschaft","robots":{"index":"index","follow":"follow","max-snippet":"max-snippet:-1","max-image-preview":"max-image-preview:large","max-video-preview":"max-video-preview:-1"},"canonical":"https:\/\/permakultur-landwirtschaft.org\/fr\/klimapolitik-die-landwirtschaft-von-morgen-gestalten-am-27-und-28-august-2020\/","og_locale":"fr_FR","og_type":"article","og_title":"Klimapolitik: Die Landwirtschaft von morgen gestalten am 27. und 28. August 2020 - Permakultur-Landwirtschaft","og_description":"Schweizer Agrarpolitik Forum 2020 Diskutieren Sie mit Fachleuten aus Politik, Praxis und Wirtschaft \u00fcber Wege zu einer klimaneutralen Land- und Ern\u00e4hrungswirtschaft. Mit dem Schweizer Agrarpolitik Forum bietet die BFH-HAFL in Zusammenarbeit mit dem INFORAMA eine neutrale Plattform, die den offenen und konstruktiven Dialog \u00fcber aktuelle agrarpolitische Themen erm\u00f6glicht. Ein vielf\u00e4ltiger Austausch zwischen den verschiedenen Vertreterinnen [&hellip;]","og_url":"https:\/\/permakultur-landwirtschaft.org\/fr\/klimapolitik-die-landwirtschaft-von-morgen-gestalten-am-27-und-28-august-2020\/","og_site_name":"Permakultur-Landwirtschaft","article_publisher":"https:\/\/www.facebook.com\/PermakulturLandwirtschaft","article_published_time":"2020-08-27T09:21:04+00:00","article_modified_time":"2020-08-29T17:17:21+00:00","og_image":[{"width":590,"height":434,"url":"https:\/\/permakultur-landwirtschaft.org\/wp-content\/uploads\/2020\/04\/hafl21.04.png","type":"image\/png"}],"author":"adrian reutimann","twitter_card":"summary_large_image","twitter_misc":{"\u00c9crit par":"adrian reutimann","Dur\u00e9e de lecture estim\u00e9e":"1 minute"},"schema":{"@context":"https:\/\/schema.org","@graph":[{"@type":"Article","@id":"https:\/\/permakultur-landwirtschaft.org\/klimapolitik-die-landwirtschaft-von-morgen-gestalten-am-27-und-28-august-2020\/#article","isPartOf":{"@id":"https:\/\/permakultur-landwirtschaft.org\/klimapolitik-die-landwirtschaft-von-morgen-gestalten-am-27-und-28-august-2020\/"},"author":{"name":"adrian reutimann","@id":"https:\/\/permakultur-landwirtschaft.org\/#\/schema\/person\/6b0467872f75aed3e144093f9bf4f0b0"},"headline":"Klimapolitik: Die Landwirtschaft von morgen gestalten am 27. und 28. August 2020","datePublished":"2020-08-27T09:21:04+00:00","dateModified":"2020-08-29T17:17:21+00:00","mainEntityOfPage":{"@id":"https:\/\/permakultur-landwirtschaft.org\/klimapolitik-die-landwirtschaft-von-morgen-gestalten-am-27-und-28-august-2020\/"},"wordCount":118,"publisher":{"@id":"https:\/\/permakultur-landwirtschaft.org\/#organization"},"image":{"@id":"https:\/\/permakultur-landwirtschaft.org\/klimapolitik-die-landwirtschaft-von-morgen-gestalten-am-27-und-28-august-2020\/#primaryimage"},"thumbnailUrl":"https:\/\/permakultur-landwirtschaft.org\/wp-content\/uploads\/2020\/04\/hafl21.04.png","articleSection":["Veranstaltungen_Archiv"],"inLanguage":"fr-FR"},{"@type":"WebPage","@id":"https:\/\/permakultur-landwirtschaft.org\/klimapolitik-die-landwirtschaft-von-morgen-gestalten-am-27-und-28-august-2020\/","url":"https:\/\/permakultur-landwirtschaft.org\/klimapolitik-die-landwirtschaft-von-morgen-gestalten-am-27-und-28-august-2020\/","name":"Klimapolitik: Die Landwirtschaft von morgen gestalten am 27. und 28. August 2020 - Permakultur-Landwirtschaft","isPartOf":{"@id":"https:\/\/permakultur-landwirtschaft.org\/#website"},"primaryImageOfPage":{"@id":"https:\/\/permakultur-landwirtschaft.org\/klimapolitik-die-landwirtschaft-von-morgen-gestalten-am-27-und-28-august-2020\/#primaryimage"},"image":{"@id":"https:\/\/permakultur-landwirtschaft.org\/klimapolitik-die-landwirtschaft-von-morgen-gestalten-am-27-und-28-august-2020\/#primaryimage"},"thumbnailUrl":"https:\/\/permakultur-landwirtschaft.org\/wp-content\/uploads\/2020\/04\/hafl21.04.png","datePublished":"2020-08-27T09:21:04+00:00","dateModified":"2020-08-29T17:17:21+00:00","breadcrumb":{"@id":"https:\/\/permakultur-landwirtschaft.org\/klimapolitik-die-landwirtschaft-von-morgen-gestalten-am-27-und-28-august-2020\/#breadcrumb"},"inLanguage":"fr-FR","potentialAction":[{"@type":"ReadAction","target":["https:\/\/permakultur-landwirtschaft.org\/klimapolitik-die-landwirtschaft-von-morgen-gestalten-am-27-und-28-august-2020\/"]}]},{"@type":"ImageObject","inLanguage":"fr-FR","@id":"https:\/\/permakultur-landwirtschaft.org\/klimapolitik-die-landwirtschaft-von-morgen-gestalten-am-27-und-28-august-2020\/#primaryimage","url":"https:\/\/permakultur-landwirtschaft.org\/wp-content\/uploads\/2020\/04\/hafl21.04.png","contentUrl":"https:\/\/permakultur-landwirtschaft.org\/wp-content\/uploads\/2020\/04\/hafl21.04.png","width":590,"height":434},{"@type":"BreadcrumbList","@id":"https:\/\/permakultur-landwirtschaft.org\/klimapolitik-die-landwirtschaft-von-morgen-gestalten-am-27-und-28-august-2020\/#breadcrumb","itemListElement":[{"@type":"ListItem","position":1,"name":"Startseite","item":"https:\/\/permakultur-landwirtschaft.org\/"},{"@type":"ListItem","position":2,"name":"Klimapolitik: Die Landwirtschaft von morgen gestalten am 27. und 28. August 2020"}]},{"@type":"WebSite","@id":"https:\/\/permakultur-landwirtschaft.org\/#website","url":"https:\/\/permakultur-landwirtschaft.org\/","name":"Permakultur-Landwirtschaft","description":"F\u00f6rderung der Permakultur in der Landwirtschaft","publisher":{"@id":"https:\/\/permakultur-landwirtschaft.org\/#organization"},"potentialAction":[{"@type":"SearchAction","target":{"@type":"EntryPoint","urlTemplate":"https:\/\/permakultur-landwirtschaft.org\/?s={search_term_string}"},"query-input":{"@type":"PropertyValueSpecification","valueRequired":true,"valueName":"search_term_string"}}],"inLanguage":"fr-FR"},{"@type":"Organization","@id":"https:\/\/permakultur-landwirtschaft.org\/#organization","name":"Permakultur-Landwirtschaft","alternateName":"Verein Permakultur-Landwirtschaft","url":"https:\/\/permakultur-landwirtschaft.org\/","logo":{"@type":"ImageObject","inLanguage":"fr-FR","@id":"https:\/\/permakultur-landwirtschaft.org\/#\/schema\/logo\/image\/","url":"https:\/\/permakultur-landwirtschaft.org\/wp-content\/uploads\/2021\/11\/pela_1268x1269.png","contentUrl":"https:\/\/permakultur-landwirtschaft.org\/wp-content\/uploads\/2021\/11\/pela_1268x1269.png","width":1298,"height":1269,"caption":"Permakultur-Landwirtschaft"},"image":{"@id":"https:\/\/permakultur-landwirtschaft.org\/#\/schema\/logo\/image\/"},"sameAs":["https:\/\/www.facebook.com\/PermakulturLandwirtschaft","https:\/\/www.instagram.com\/permakultur_landwirtschaft\/","https:\/\/www.flickr.com\/photos\/permakultur-landwirtschaft","https:\/\/www.youtube.com\/@PermakulturLandwirtschaft"]},{"@type":"Person","@id":"https:\/\/permakultur-landwirtschaft.org\/#\/schema\/person\/6b0467872f75aed3e144093f9bf4f0b0","name":"adrian reutimann","url":"https:\/\/permakultur-landwirtschaft.org\/fr\/author\/reutiadr\/"}]}},"_links":{"self":[{"href":"https:\/\/permakultur-landwirtschaft.org\/fr\/wp-json\/wp\/v2\/posts\/1927","targetHints":{"allow":["GET"]}}],"collection":[{"href":"https:\/\/permakultur-landwirtschaft.org\/fr\/wp-json\/wp\/v2\/posts"}],"about":[{"href":"https:\/\/permakultur-landwirtschaft.org\/fr\/wp-json\/wp\/v2\/types\/post"}],"author":[{"embeddable":true,"href":"https:\/\/permakultur-landwirtschaft.org\/fr\/wp-json\/wp\/v2\/users\/2"}],"replies":[{"embeddable":true,"href":"https:\/\/permakultur-landwirtschaft.org\/fr\/wp-json\/wp\/v2\/comments?post=1927"}],"version-history":[{"count":1,"href":"https:\/\/permakultur-landwirtschaft.org\/fr\/wp-json\/wp\/v2\/posts\/1927\/revisions"}],"predecessor-version":[{"id":1929,"href":"https:\/\/permakultur-landwirtschaft.org\/fr\/wp-json\/wp\/v2\/posts\/1927\/revisions\/1929"}],"wp:featuredmedia":[{"embeddable":true,"href":"https:\/\/permakultur-landwirtschaft.org\/fr\/wp-json\/wp\/v2\/media\/1928"}],"wp:attachment":[{"href":"https:\/\/permakultur-landwirtschaft.org\/fr\/wp-json\/wp\/v2\/media?parent=1927"}],"wp:term":[{"taxonomy":"category","embeddable":true,"href":"https:\/\/permakultur-landwirtschaft.org\/fr\/wp-json\/wp\/v2\/categories?post=1927"},{"taxonomy":"post_tag","embeddable":true,"href":"https:\/\/permakultur-landwirtschaft.org\/fr\/wp-json\/wp\/v2\/tags?post=1927"}],"curies":[{"name":"wp","href":"https:\/\/api.w.org\/{rel}","templated":true}]}}