{"id":19038,"date":"2022-04-04T13:10:00","date_gmt":"2022-04-04T11:10:00","guid":{"rendered":"https:\/\/permakultur-landwirtschaft.org\/?p=19038"},"modified":"2022-04-16T17:02:00","modified_gmt":"2022-04-16T15:02:00","slug":"solawi-mit-permakultur-in-teufen-ar-beitrag","status":"publish","type":"post","link":"https:\/\/permakultur-landwirtschaft.org\/fr\/solawi-mit-permakultur-in-teufen-ar-beitrag\/","title":{"rendered":"Permakultur Gem\u00fcseanbau in solidarischer Landwirtschaft in Teufen &#8211; St. Galler Tagblatt vom 04. April 2022"},"content":{"rendered":"<p>Text von tagblatt.ch:<\/p>\n\n\n\n<h2 class=\"wp-block-heading\">Bio-Blumenkohl aus der N\u00e4he: Teufen erh\u00e4lt eigene Gem\u00fcseproduktion<\/h2>\n\n\n\n<p>In Niederteufen ist ein Projekt der solidarischen Landwirtschaft entstanden. Auf dem neu gegr\u00fcndeten Battenhof k\u00f6nnen Konsumenten selber miterleben, wie ihr umweltfreundlich produziertes Gem\u00fcse w\u00e4chst.<\/p>\n\n\n\n<p>Auf dem Battenhof werden die Prinzipien der Permakultur gelebt, die eine nachhaltige Bodenfruchtbarkeit zum Ziel hat. So werden die Beete so weit wie m\u00f6glich zwischen die frisch gepflanzten oder bestehenden Hochstammobstb\u00e4ume gelegt. \u00abDies entspricht dem Prinzip des Agroforsts\u00bb, erkl\u00e4rt Thomas Roth.<\/p>\n\n\n\n<p>Link zum Beitrag im Tagblatt: <a href=\"https:\/\/www.tagblatt.ch\/ostschweiz\/appenzellerland\/teufen-bioblumenkohl-aus-der-naehe-das-appenzellerland-wird-immer-mehr-zum-gemueseland-ld.2269005\" target=\"_blank\" rel=\"noreferrer noopener\">www.tagblatt.ch\/ostschweiz\/appenzellerland\/teufen-bioblumenkohl-aus-der-naehe-das-appenzellerland-wird-immer-mehr-zum-gemueseland-ld.2269005<\/a><\/p>\n\n\n\n<figure class=\"wp-block-image size-full\"><a href=\"https:\/\/www.tagblatt.ch\/ostschweiz\/appenzellerland\/teufen-bioblumenkohl-aus-der-naehe-das-appenzellerland-wird-immer-mehr-zum-gemueseland-ld.2269005\" target=\"_blank\" rel=\"noopener\"><img fetchpriority=\"high\" decoding=\"async\" width=\"700\" height=\"466\" src=\"https:\/\/permakultur-landwirtschaft.org\/wp-content\/uploads\/2022\/04\/teufen-tagblatt.jpg\" alt=\"\" class=\"wp-image-19039\" srcset=\"https:\/\/permakultur-landwirtschaft.org\/wp-content\/uploads\/2022\/04\/teufen-tagblatt.jpg 700w, https:\/\/permakultur-landwirtschaft.org\/wp-content\/uploads\/2022\/04\/teufen-tagblatt-300x200.jpg 300w, https:\/\/permakultur-landwirtschaft.org\/wp-content\/uploads\/2022\/04\/teufen-tagblatt-272x182.jpg 272w\" sizes=\"(max-width: 700px) 100vw, 700px\" \/><\/a><figcaption>Bild: Karin Erni<\/figcaption><\/figure>\n\n\n\n<hr class=\"wp-block-separator\"\/>\n\n\n\n<h3 class=\"wp-block-heading\"><a href=\"https:\/\/permakultur-landwirtschaft.org\/fr\/medien\/\">Hier geht&#8217;s zur \u00dcbersicht aller Neuigkeiten<\/a><\/h3>","protected":false},"excerpt":{"rendered":"<p>Text von tagblatt.ch: Bio-Blumenkohl aus der N\u00e4he: Teufen erh\u00e4lt eigene Gem\u00fcseproduktion In Niederteufen ist ein Projekt der solidarischen Landwirtschaft entstanden. Auf dem neu gegr\u00fcndeten Battenhof k\u00f6nnen Konsumenten selber miterleben, wie ihr umweltfreundlich produziertes Gem\u00fcse w\u00e4chst. Auf dem Battenhof werden die Prinzipien der Permakultur gelebt, die eine nachhaltige Bodenfruchtbarkeit zum Ziel hat. So werden die Beete [&hellip;]<\/p>\n","protected":false},"author":2,"featured_media":19039,"comment_status":"closed","ping_status":"closed","sticky":false,"template":"","format":"standard","meta":{"_acf_changed":false,"site-sidebar-layout":"default","site-content-layout":"","ast-site-content-layout":"default","site-content-style":"default","site-sidebar-style":"default","ast-global-header-display":"","ast-banner-title-visibility":"","ast-main-header-display":"","ast-hfb-above-header-display":"","ast-hfb-below-header-display":"","ast-hfb-mobile-header-display":"","site-post-title":"","ast-breadcrumbs-content":"","ast-featured-img":"","footer-sml-layout":"","ast-disable-related-posts":"","theme-transparent-header-meta":"","adv-header-id-meta":"","stick-header-meta":"","header-above-stick-meta":"","header-main-stick-meta":"","header-below-stick-meta":"","astra-migrate-meta-layouts":"default","ast-page-background-enabled":"default","ast-page-background-meta":{"desktop":{"background-color":"var(--ast-global-color-4)","background-image":"","background-repeat":"repeat","background-position":"center center","background-size":"auto","background-attachment":"scroll","background-type":"","background-media":"","overlay-type":"","overlay-color":"","overlay-opacity":"","overlay-gradient":""},"tablet":{"background-color":"","background-image":"","background-repeat":"repeat","background-position":"center center","background-size":"auto","background-attachment":"scroll","background-type":"","background-media":"","overlay-type":"","overlay-color":"","overlay-opacity":"","overlay-gradient":""},"mobile":{"background-color":"","background-image":"","background-repeat":"repeat","background-position":"center center","background-size":"auto","background-attachment":"scroll","background-type":"","background-media":"","overlay-type":"","overlay-color":"","overlay-opacity":"","overlay-gradient":""}},"ast-content-background-meta":{"desktop":{"background-color":"var(--ast-global-color-5)","background-image":"","background-repeat":"repeat","background-position":"center center","background-size":"auto","background-attachment":"scroll","background-type":"","background-media":"","overlay-type":"","overlay-color":"","overlay-opacity":"","overlay-gradient":""},"tablet":{"background-color":"var(--ast-global-color-5)","background-image":"","background-repeat":"repeat","background-position":"center center","background-size":"auto","background-attachment":"scroll","background-type":"","background-media":"","overlay-type":"","overlay-color":"","overlay-opacity":"","overlay-gradient":""},"mobile":{"background-color":"var(--ast-global-color-5)","background-image":"","background-repeat":"repeat","background-position":"center center","background-size":"auto","background-attachment":"scroll","background-type":"","background-media":"","overlay-type":"","overlay-color":"","overlay-opacity":"","overlay-gradient":""}},"footnotes":""},"categories":[22],"tags":[],"class_list":["post-19038","post","type-post","status-publish","format-standard","has-post-thumbnail","hentry","category-neuigkeit"],"acf":[],"yoast_head":"<!-- This site is optimized with the Yoast SEO plugin v27.5 - https:\/\/yoast.com\/product\/yoast-seo-wordpress\/ -->\n<title>Permakultur Gem\u00fcseanbau in solidarischer Landwirtschaft in Teufen - St. Galler Tagblatt vom 04. April 2022 - Permakultur-Landwirtschaft<\/title>\n<meta name=\"robots\" content=\"index, follow, max-snippet:-1, max-image-preview:large, max-video-preview:-1\" \/>\n<link rel=\"canonical\" href=\"https:\/\/permakultur-landwirtschaft.org\/fr\/solawi-mit-permakultur-in-teufen-ar-beitrag\/\" \/>\n<meta property=\"og:locale\" content=\"fr_FR\" \/>\n<meta property=\"og:type\" content=\"article\" \/>\n<meta property=\"og:title\" content=\"Permakultur Gem\u00fcseanbau in solidarischer Landwirtschaft in Teufen - St. Galler Tagblatt vom 04. April 2022 - Permakultur-Landwirtschaft\" \/>\n<meta property=\"og:description\" content=\"Text von tagblatt.ch: Bio-Blumenkohl aus der N\u00e4he: Teufen erh\u00e4lt eigene Gem\u00fcseproduktion In Niederteufen ist ein Projekt der solidarischen Landwirtschaft entstanden. Auf dem neu gegr\u00fcndeten Battenhof k\u00f6nnen Konsumenten selber miterleben, wie ihr umweltfreundlich produziertes Gem\u00fcse w\u00e4chst. Auf dem Battenhof werden die Prinzipien der Permakultur gelebt, die eine nachhaltige Bodenfruchtbarkeit zum Ziel hat. So werden die Beete [&hellip;]\" \/>\n<meta property=\"og:url\" content=\"https:\/\/permakultur-landwirtschaft.org\/fr\/solawi-mit-permakultur-in-teufen-ar-beitrag\/\" \/>\n<meta property=\"og:site_name\" content=\"Permakultur-Landwirtschaft\" \/>\n<meta property=\"article:publisher\" content=\"https:\/\/www.facebook.com\/PermakulturLandwirtschaft\" \/>\n<meta property=\"article:published_time\" content=\"2022-04-04T11:10:00+00:00\" \/>\n<meta property=\"article:modified_time\" content=\"2022-04-16T15:02:00+00:00\" \/>\n<meta property=\"og:image\" content=\"https:\/\/permakultur-landwirtschaft.org\/wp-content\/uploads\/2022\/04\/teufen-tagblatt.jpg\" \/>\n\t<meta property=\"og:image:width\" content=\"700\" \/>\n\t<meta property=\"og:image:height\" content=\"466\" \/>\n\t<meta property=\"og:image:type\" content=\"image\/jpeg\" \/>\n<meta name=\"author\" content=\"adrian reutimann\" \/>\n<meta name=\"twitter:card\" content=\"summary_large_image\" \/>\n<meta name=\"twitter:label1\" content=\"\u00c9crit par\" \/>\n\t<meta name=\"twitter:data1\" content=\"adrian reutimann\" \/>\n\t<meta name=\"twitter:label2\" content=\"Dur\u00e9e de lecture estim\u00e9e\" \/>\n\t<meta name=\"twitter:data2\" content=\"1 minute\" \/>\n<script type=\"application\/ld+json\" class=\"yoast-schema-graph\">{\"@context\":\"https:\\\/\\\/schema.org\",\"@graph\":[{\"@type\":\"Article\",\"@id\":\"https:\\\/\\\/permakultur-landwirtschaft.org\\\/solawi-mit-permakultur-in-teufen-ar-beitrag\\\/#article\",\"isPartOf\":{\"@id\":\"https:\\\/\\\/permakultur-landwirtschaft.org\\\/solawi-mit-permakultur-in-teufen-ar-beitrag\\\/\"},\"author\":{\"name\":\"adrian reutimann\",\"@id\":\"https:\\\/\\\/permakultur-landwirtschaft.org\\\/#\\\/schema\\\/person\\\/6b0467872f75aed3e144093f9bf4f0b0\"},\"headline\":\"Permakultur Gem\u00fcseanbau in solidarischer Landwirtschaft in Teufen &#8211; St. Galler Tagblatt vom 04. April 2022\",\"datePublished\":\"2022-04-04T11:10:00+00:00\",\"dateModified\":\"2022-04-16T15:02:00+00:00\",\"mainEntityOfPage\":{\"@id\":\"https:\\\/\\\/permakultur-landwirtschaft.org\\\/solawi-mit-permakultur-in-teufen-ar-beitrag\\\/\"},\"wordCount\":122,\"publisher\":{\"@id\":\"https:\\\/\\\/permakultur-landwirtschaft.org\\\/#organization\"},\"image\":{\"@id\":\"https:\\\/\\\/permakultur-landwirtschaft.org\\\/solawi-mit-permakultur-in-teufen-ar-beitrag\\\/#primaryimage\"},\"thumbnailUrl\":\"https:\\\/\\\/permakultur-landwirtschaft.org\\\/wp-content\\\/uploads\\\/2022\\\/04\\\/teufen-tagblatt.jpg\",\"articleSection\":[\"Neuigkeit\"],\"inLanguage\":\"fr-FR\"},{\"@type\":\"WebPage\",\"@id\":\"https:\\\/\\\/permakultur-landwirtschaft.org\\\/solawi-mit-permakultur-in-teufen-ar-beitrag\\\/\",\"url\":\"https:\\\/\\\/permakultur-landwirtschaft.org\\\/solawi-mit-permakultur-in-teufen-ar-beitrag\\\/\",\"name\":\"Permakultur Gem\u00fcseanbau in solidarischer Landwirtschaft in Teufen - St. Galler Tagblatt vom 04. April 2022 - Permakultur-Landwirtschaft\",\"isPartOf\":{\"@id\":\"https:\\\/\\\/permakultur-landwirtschaft.org\\\/#website\"},\"primaryImageOfPage\":{\"@id\":\"https:\\\/\\\/permakultur-landwirtschaft.org\\\/solawi-mit-permakultur-in-teufen-ar-beitrag\\\/#primaryimage\"},\"image\":{\"@id\":\"https:\\\/\\\/permakultur-landwirtschaft.org\\\/solawi-mit-permakultur-in-teufen-ar-beitrag\\\/#primaryimage\"},\"thumbnailUrl\":\"https:\\\/\\\/permakultur-landwirtschaft.org\\\/wp-content\\\/uploads\\\/2022\\\/04\\\/teufen-tagblatt.jpg\",\"datePublished\":\"2022-04-04T11:10:00+00:00\",\"dateModified\":\"2022-04-16T15:02:00+00:00\",\"breadcrumb\":{\"@id\":\"https:\\\/\\\/permakultur-landwirtschaft.org\\\/solawi-mit-permakultur-in-teufen-ar-beitrag\\\/#breadcrumb\"},\"inLanguage\":\"fr-FR\",\"potentialAction\":[{\"@type\":\"ReadAction\",\"target\":[\"https:\\\/\\\/permakultur-landwirtschaft.org\\\/solawi-mit-permakultur-in-teufen-ar-beitrag\\\/\"]}]},{\"@type\":\"ImageObject\",\"inLanguage\":\"fr-FR\",\"@id\":\"https:\\\/\\\/permakultur-landwirtschaft.org\\\/solawi-mit-permakultur-in-teufen-ar-beitrag\\\/#primaryimage\",\"url\":\"https:\\\/\\\/permakultur-landwirtschaft.org\\\/wp-content\\\/uploads\\\/2022\\\/04\\\/teufen-tagblatt.jpg\",\"contentUrl\":\"https:\\\/\\\/permakultur-landwirtschaft.org\\\/wp-content\\\/uploads\\\/2022\\\/04\\\/teufen-tagblatt.jpg\",\"width\":700,\"height\":466},{\"@type\":\"BreadcrumbList\",\"@id\":\"https:\\\/\\\/permakultur-landwirtschaft.org\\\/solawi-mit-permakultur-in-teufen-ar-beitrag\\\/#breadcrumb\",\"itemListElement\":[{\"@type\":\"ListItem\",\"position\":1,\"name\":\"Startseite\",\"item\":\"https:\\\/\\\/permakultur-landwirtschaft.org\\\/\"},{\"@type\":\"ListItem\",\"position\":2,\"name\":\"Permakultur Gem\u00fcseanbau in solidarischer Landwirtschaft in Teufen &#8211; St. Galler Tagblatt vom 04. April 2022\"}]},{\"@type\":\"WebSite\",\"@id\":\"https:\\\/\\\/permakultur-landwirtschaft.org\\\/#website\",\"url\":\"https:\\\/\\\/permakultur-landwirtschaft.org\\\/\",\"name\":\"Permakultur-Landwirtschaft\",\"description\":\"F\u00f6rderung der Permakultur in der Landwirtschaft\",\"publisher\":{\"@id\":\"https:\\\/\\\/permakultur-landwirtschaft.org\\\/#organization\"},\"potentialAction\":[{\"@type\":\"SearchAction\",\"target\":{\"@type\":\"EntryPoint\",\"urlTemplate\":\"https:\\\/\\\/permakultur-landwirtschaft.org\\\/?s={search_term_string}\"},\"query-input\":{\"@type\":\"PropertyValueSpecification\",\"valueRequired\":true,\"valueName\":\"search_term_string\"}}],\"inLanguage\":\"fr-FR\"},{\"@type\":\"Organization\",\"@id\":\"https:\\\/\\\/permakultur-landwirtschaft.org\\\/#organization\",\"name\":\"Permakultur-Landwirtschaft\",\"alternateName\":\"Verein Permakultur-Landwirtschaft\",\"url\":\"https:\\\/\\\/permakultur-landwirtschaft.org\\\/\",\"logo\":{\"@type\":\"ImageObject\",\"inLanguage\":\"fr-FR\",\"@id\":\"https:\\\/\\\/permakultur-landwirtschaft.org\\\/#\\\/schema\\\/logo\\\/image\\\/\",\"url\":\"https:\\\/\\\/permakultur-landwirtschaft.org\\\/wp-content\\\/uploads\\\/2021\\\/11\\\/pela_1268x1269.png\",\"contentUrl\":\"https:\\\/\\\/permakultur-landwirtschaft.org\\\/wp-content\\\/uploads\\\/2021\\\/11\\\/pela_1268x1269.png\",\"width\":1298,\"height\":1269,\"caption\":\"Permakultur-Landwirtschaft\"},\"image\":{\"@id\":\"https:\\\/\\\/permakultur-landwirtschaft.org\\\/#\\\/schema\\\/logo\\\/image\\\/\"},\"sameAs\":[\"https:\\\/\\\/www.facebook.com\\\/PermakulturLandwirtschaft\",\"https:\\\/\\\/www.instagram.com\\\/permakultur_landwirtschaft\\\/\",\"https:\\\/\\\/www.flickr.com\\\/photos\\\/permakultur-landwirtschaft\",\"https:\\\/\\\/www.youtube.com\\\/@PermakulturLandwirtschaft\"]},{\"@type\":\"Person\",\"@id\":\"https:\\\/\\\/permakultur-landwirtschaft.org\\\/#\\\/schema\\\/person\\\/6b0467872f75aed3e144093f9bf4f0b0\",\"name\":\"adrian reutimann\",\"url\":\"https:\\\/\\\/permakultur-landwirtschaft.org\\\/fr\\\/author\\\/reutiadr\\\/\"}]}<\/script>\n<!-- \/ Yoast SEO plugin. -->","yoast_head_json":{"title":"Permakultur Gem\u00fcseanbau in solidarischer Landwirtschaft in Teufen - St. Galler Tagblatt vom 04. April 2022 - Permakultur-Landwirtschaft","robots":{"index":"index","follow":"follow","max-snippet":"max-snippet:-1","max-image-preview":"max-image-preview:large","max-video-preview":"max-video-preview:-1"},"canonical":"https:\/\/permakultur-landwirtschaft.org\/fr\/solawi-mit-permakultur-in-teufen-ar-beitrag\/","og_locale":"fr_FR","og_type":"article","og_title":"Permakultur Gem\u00fcseanbau in solidarischer Landwirtschaft in Teufen - St. Galler Tagblatt vom 04. April 2022 - Permakultur-Landwirtschaft","og_description":"Text von tagblatt.ch: Bio-Blumenkohl aus der N\u00e4he: Teufen erh\u00e4lt eigene Gem\u00fcseproduktion In Niederteufen ist ein Projekt der solidarischen Landwirtschaft entstanden. Auf dem neu gegr\u00fcndeten Battenhof k\u00f6nnen Konsumenten selber miterleben, wie ihr umweltfreundlich produziertes Gem\u00fcse w\u00e4chst. Auf dem Battenhof werden die Prinzipien der Permakultur gelebt, die eine nachhaltige Bodenfruchtbarkeit zum Ziel hat. So werden die Beete [&hellip;]","og_url":"https:\/\/permakultur-landwirtschaft.org\/fr\/solawi-mit-permakultur-in-teufen-ar-beitrag\/","og_site_name":"Permakultur-Landwirtschaft","article_publisher":"https:\/\/www.facebook.com\/PermakulturLandwirtschaft","article_published_time":"2022-04-04T11:10:00+00:00","article_modified_time":"2022-04-16T15:02:00+00:00","og_image":[{"width":700,"height":466,"url":"https:\/\/permakultur-landwirtschaft.org\/wp-content\/uploads\/2022\/04\/teufen-tagblatt.jpg","type":"image\/jpeg"}],"author":"adrian reutimann","twitter_card":"summary_large_image","twitter_misc":{"\u00c9crit par":"adrian reutimann","Dur\u00e9e de lecture estim\u00e9e":"1 minute"},"schema":{"@context":"https:\/\/schema.org","@graph":[{"@type":"Article","@id":"https:\/\/permakultur-landwirtschaft.org\/solawi-mit-permakultur-in-teufen-ar-beitrag\/#article","isPartOf":{"@id":"https:\/\/permakultur-landwirtschaft.org\/solawi-mit-permakultur-in-teufen-ar-beitrag\/"},"author":{"name":"adrian reutimann","@id":"https:\/\/permakultur-landwirtschaft.org\/#\/schema\/person\/6b0467872f75aed3e144093f9bf4f0b0"},"headline":"Permakultur Gem\u00fcseanbau in solidarischer Landwirtschaft in Teufen &#8211; St. Galler Tagblatt vom 04. April 2022","datePublished":"2022-04-04T11:10:00+00:00","dateModified":"2022-04-16T15:02:00+00:00","mainEntityOfPage":{"@id":"https:\/\/permakultur-landwirtschaft.org\/solawi-mit-permakultur-in-teufen-ar-beitrag\/"},"wordCount":122,"publisher":{"@id":"https:\/\/permakultur-landwirtschaft.org\/#organization"},"image":{"@id":"https:\/\/permakultur-landwirtschaft.org\/solawi-mit-permakultur-in-teufen-ar-beitrag\/#primaryimage"},"thumbnailUrl":"https:\/\/permakultur-landwirtschaft.org\/wp-content\/uploads\/2022\/04\/teufen-tagblatt.jpg","articleSection":["Neuigkeit"],"inLanguage":"fr-FR"},{"@type":"WebPage","@id":"https:\/\/permakultur-landwirtschaft.org\/solawi-mit-permakultur-in-teufen-ar-beitrag\/","url":"https:\/\/permakultur-landwirtschaft.org\/solawi-mit-permakultur-in-teufen-ar-beitrag\/","name":"Permakultur Gem\u00fcseanbau in solidarischer Landwirtschaft in Teufen - St. Galler Tagblatt vom 04. April 2022 - Permakultur-Landwirtschaft","isPartOf":{"@id":"https:\/\/permakultur-landwirtschaft.org\/#website"},"primaryImageOfPage":{"@id":"https:\/\/permakultur-landwirtschaft.org\/solawi-mit-permakultur-in-teufen-ar-beitrag\/#primaryimage"},"image":{"@id":"https:\/\/permakultur-landwirtschaft.org\/solawi-mit-permakultur-in-teufen-ar-beitrag\/#primaryimage"},"thumbnailUrl":"https:\/\/permakultur-landwirtschaft.org\/wp-content\/uploads\/2022\/04\/teufen-tagblatt.jpg","datePublished":"2022-04-04T11:10:00+00:00","dateModified":"2022-04-16T15:02:00+00:00","breadcrumb":{"@id":"https:\/\/permakultur-landwirtschaft.org\/solawi-mit-permakultur-in-teufen-ar-beitrag\/#breadcrumb"},"inLanguage":"fr-FR","potentialAction":[{"@type":"ReadAction","target":["https:\/\/permakultur-landwirtschaft.org\/solawi-mit-permakultur-in-teufen-ar-beitrag\/"]}]},{"@type":"ImageObject","inLanguage":"fr-FR","@id":"https:\/\/permakultur-landwirtschaft.org\/solawi-mit-permakultur-in-teufen-ar-beitrag\/#primaryimage","url":"https:\/\/permakultur-landwirtschaft.org\/wp-content\/uploads\/2022\/04\/teufen-tagblatt.jpg","contentUrl":"https:\/\/permakultur-landwirtschaft.org\/wp-content\/uploads\/2022\/04\/teufen-tagblatt.jpg","width":700,"height":466},{"@type":"BreadcrumbList","@id":"https:\/\/permakultur-landwirtschaft.org\/solawi-mit-permakultur-in-teufen-ar-beitrag\/#breadcrumb","itemListElement":[{"@type":"ListItem","position":1,"name":"Startseite","item":"https:\/\/permakultur-landwirtschaft.org\/"},{"@type":"ListItem","position":2,"name":"Permakultur Gem\u00fcseanbau in solidarischer Landwirtschaft in Teufen &#8211; St. Galler Tagblatt vom 04. April 2022"}]},{"@type":"WebSite","@id":"https:\/\/permakultur-landwirtschaft.org\/#website","url":"https:\/\/permakultur-landwirtschaft.org\/","name":"Permakultur-Landwirtschaft","description":"F\u00f6rderung der Permakultur in der Landwirtschaft","publisher":{"@id":"https:\/\/permakultur-landwirtschaft.org\/#organization"},"potentialAction":[{"@type":"SearchAction","target":{"@type":"EntryPoint","urlTemplate":"https:\/\/permakultur-landwirtschaft.org\/?s={search_term_string}"},"query-input":{"@type":"PropertyValueSpecification","valueRequired":true,"valueName":"search_term_string"}}],"inLanguage":"fr-FR"},{"@type":"Organization","@id":"https:\/\/permakultur-landwirtschaft.org\/#organization","name":"Permakultur-Landwirtschaft","alternateName":"Verein Permakultur-Landwirtschaft","url":"https:\/\/permakultur-landwirtschaft.org\/","logo":{"@type":"ImageObject","inLanguage":"fr-FR","@id":"https:\/\/permakultur-landwirtschaft.org\/#\/schema\/logo\/image\/","url":"https:\/\/permakultur-landwirtschaft.org\/wp-content\/uploads\/2021\/11\/pela_1268x1269.png","contentUrl":"https:\/\/permakultur-landwirtschaft.org\/wp-content\/uploads\/2021\/11\/pela_1268x1269.png","width":1298,"height":1269,"caption":"Permakultur-Landwirtschaft"},"image":{"@id":"https:\/\/permakultur-landwirtschaft.org\/#\/schema\/logo\/image\/"},"sameAs":["https:\/\/www.facebook.com\/PermakulturLandwirtschaft","https:\/\/www.instagram.com\/permakultur_landwirtschaft\/","https:\/\/www.flickr.com\/photos\/permakultur-landwirtschaft","https:\/\/www.youtube.com\/@PermakulturLandwirtschaft"]},{"@type":"Person","@id":"https:\/\/permakultur-landwirtschaft.org\/#\/schema\/person\/6b0467872f75aed3e144093f9bf4f0b0","name":"adrian reutimann","url":"https:\/\/permakultur-landwirtschaft.org\/fr\/author\/reutiadr\/"}]}},"_links":{"self":[{"href":"https:\/\/permakultur-landwirtschaft.org\/fr\/wp-json\/wp\/v2\/posts\/19038","targetHints":{"allow":["GET"]}}],"collection":[{"href":"https:\/\/permakultur-landwirtschaft.org\/fr\/wp-json\/wp\/v2\/posts"}],"about":[{"href":"https:\/\/permakultur-landwirtschaft.org\/fr\/wp-json\/wp\/v2\/types\/post"}],"author":[{"embeddable":true,"href":"https:\/\/permakultur-landwirtschaft.org\/fr\/wp-json\/wp\/v2\/users\/2"}],"replies":[{"embeddable":true,"href":"https:\/\/permakultur-landwirtschaft.org\/fr\/wp-json\/wp\/v2\/comments?post=19038"}],"version-history":[{"count":3,"href":"https:\/\/permakultur-landwirtschaft.org\/fr\/wp-json\/wp\/v2\/posts\/19038\/revisions"}],"predecessor-version":[{"id":19056,"href":"https:\/\/permakultur-landwirtschaft.org\/fr\/wp-json\/wp\/v2\/posts\/19038\/revisions\/19056"}],"wp:featuredmedia":[{"embeddable":true,"href":"https:\/\/permakultur-landwirtschaft.org\/fr\/wp-json\/wp\/v2\/media\/19039"}],"wp:attachment":[{"href":"https:\/\/permakultur-landwirtschaft.org\/fr\/wp-json\/wp\/v2\/media?parent=19038"}],"wp:term":[{"taxonomy":"category","embeddable":true,"href":"https:\/\/permakultur-landwirtschaft.org\/fr\/wp-json\/wp\/v2\/categories?post=19038"},{"taxonomy":"post_tag","embeddable":true,"href":"https:\/\/permakultur-landwirtschaft.org\/fr\/wp-json\/wp\/v2\/tags?post=19038"}],"curies":[{"name":"wp","href":"https:\/\/api.w.org\/{rel}","templated":true}]}}