{"id":19035,"date":"2022-05-04T13:03:00","date_gmt":"2022-05-04T11:03:00","guid":{"rendered":"https:\/\/permakultur-landwirtschaft.org\/?p=19035"},"modified":"2022-05-06T22:41:07","modified_gmt":"2022-05-06T20:41:07","slug":"journee-technique-probio-permaculture-arboriculture-agroforesterie-en-04-mai-2022","status":"publish","type":"post","link":"https:\/\/permakultur-landwirtschaft.org\/fr\/journee-technique-probio-permaculture-arboriculture-agroforesterie-en-04-mai-2022\/","title":{"rendered":"Journ\u00e9e technique ProBio: Permaculture &#8211; Arboriculture, agroforesterie en 04 mai 2022"},"content":{"rendered":"<p>Text von agridea.ch:<br>Aper\u00e7u d&#8217;une exploitation avec agroforesterie.<\/p>\n\n\n\n<p>Dans la mise en place de son verger en agroforesterie, Ivan s\u2019est inspir\u00e9 des principes et m\u00e9thodes de la permaculture.<\/p>\n\n\n\n<p>Son domaine int\u00e8gre l\u2019agroforesterie depuis 2014. Sur 5 hectares, 156 arbres fruitiers sont associ\u00e9s avec des grandes cultures, du mara\u00eechage, des baies. 300 poulets sont \u00e9galement \u00e9lev\u00e9s sous les arbres.<\/p>\n\n\n\n<p>A l\u2019issu de la journ\u00e9e, les participants auront la possibilit\u00e9 de mettre en place un groupe d\u2019\u00e9changes, visant \u00e0 partager connaissances th\u00e9oriques et pratiques de terrain lors de s\u00e9ances ult\u00e9rieures.<\/p>\n\n\n\n<p><strong>Dates<\/strong><br>Mercredi, 4 mai 2022<\/p>\n\n\n\n<p><strong>Lieu<br><\/strong>arboTh\u00e9voz, Route de Dompierre 6, 1773 Russy FR<\/p>\n\n\n\n<p>Infos: <a href=\"https:\/\/www.bioactualites.ch\/actualites\/agenda\/calendrier\/journee-technique-probio-permaculture-arboriculture-agroforesterie.html\" target=\"_blank\" rel=\"noreferrer noopener\">www.bioactualites.ch\/actualites\/agenda\/calendrier\/journee-technique-probio-permaculture-arboriculture-agroforesterie.html<\/a><\/p>\n\n\n\n<figure class=\"wp-block-image size-full\"><a href=\"https:\/\/www.bioactualites.ch\/actualites\/agenda\/calendrier\/journee-technique-probio-permaculture-arboriculture-agroforesterie.html\" target=\"_blank\" rel=\"noreferrer noopener\"><img fetchpriority=\"high\" decoding=\"async\" width=\"350\" height=\"263\" src=\"https:\/\/permakultur-landwirtschaft.org\/wp-content\/uploads\/2022\/04\/202205labour_3_0.jpg\" alt=\"\" class=\"wp-image-19036\" srcset=\"https:\/\/permakultur-landwirtschaft.org\/wp-content\/uploads\/2022\/04\/202205labour_3_0.jpg 350w, https:\/\/permakultur-landwirtschaft.org\/wp-content\/uploads\/2022\/04\/202205labour_3_0-300x225.jpg 300w\" sizes=\"(max-width: 350px) 100vw, 350px\" \/><\/a><figcaption>Bild: arbothevoz.ch<\/figcaption><\/figure>\n\n\n\n<hr class=\"wp-block-separator\"\/>\n\n\n\n<h3 class=\"wp-block-heading\"><a href=\"https:\/\/permakultur-landwirtschaft.org\/fr\/veranstaltungen\/\">Hier geht&#8217;s zur \u00dcbersicht aktuelle Veranstaltungen<\/a><\/h3>","protected":false},"excerpt":{"rendered":"<p>Text von agridea.ch:Aper\u00e7u d&#8217;une exploitation avec agroforesterie. Dans la mise en place de son verger en agroforesterie, Ivan s\u2019est inspir\u00e9 des principes et m\u00e9thodes de la permaculture. Son domaine int\u00e8gre l\u2019agroforesterie depuis 2014. Sur 5 hectares, 156 arbres fruitiers sont associ\u00e9s avec des grandes cultures, du mara\u00eechage, des baies. 300 poulets sont \u00e9galement \u00e9lev\u00e9s sous [&hellip;]<\/p>\n","protected":false},"author":2,"featured_media":19036,"comment_status":"closed","ping_status":"closed","sticky":false,"template":"","format":"standard","meta":{"_acf_changed":false,"site-sidebar-layout":"default","site-content-layout":"","ast-site-content-layout":"default","site-content-style":"default","site-sidebar-style":"default","ast-global-header-display":"","ast-banner-title-visibility":"","ast-main-header-display":"","ast-hfb-above-header-display":"","ast-hfb-below-header-display":"","ast-hfb-mobile-header-display":"","site-post-title":"","ast-breadcrumbs-content":"","ast-featured-img":"","footer-sml-layout":"","ast-disable-related-posts":"","theme-transparent-header-meta":"","adv-header-id-meta":"","stick-header-meta":"","header-above-stick-meta":"","header-main-stick-meta":"","header-below-stick-meta":"","astra-migrate-meta-layouts":"default","ast-page-background-enabled":"default","ast-page-background-meta":{"desktop":{"background-color":"var(--ast-global-color-4)","background-image":"","background-repeat":"repeat","background-position":"center center","background-size":"auto","background-attachment":"scroll","background-type":"","background-media":"","overlay-type":"","overlay-color":"","overlay-opacity":"","overlay-gradient":""},"tablet":{"background-color":"","background-image":"","background-repeat":"repeat","background-position":"center center","background-size":"auto","background-attachment":"scroll","background-type":"","background-media":"","overlay-type":"","overlay-color":"","overlay-opacity":"","overlay-gradient":""},"mobile":{"background-color":"","background-image":"","background-repeat":"repeat","background-position":"center center","background-size":"auto","background-attachment":"scroll","background-type":"","background-media":"","overlay-type":"","overlay-color":"","overlay-opacity":"","overlay-gradient":""}},"ast-content-background-meta":{"desktop":{"background-color":"var(--ast-global-color-5)","background-image":"","background-repeat":"repeat","background-position":"center center","background-size":"auto","background-attachment":"scroll","background-type":"","background-media":"","overlay-type":"","overlay-color":"","overlay-opacity":"","overlay-gradient":""},"tablet":{"background-color":"var(--ast-global-color-5)","background-image":"","background-repeat":"repeat","background-position":"center center","background-size":"auto","background-attachment":"scroll","background-type":"","background-media":"","overlay-type":"","overlay-color":"","overlay-opacity":"","overlay-gradient":""},"mobile":{"background-color":"var(--ast-global-color-5)","background-image":"","background-repeat":"repeat","background-position":"center center","background-size":"auto","background-attachment":"scroll","background-type":"","background-media":"","overlay-type":"","overlay-color":"","overlay-opacity":"","overlay-gradient":""}},"footnotes":""},"categories":[21],"tags":[],"class_list":["post-19035","post","type-post","status-publish","format-standard","has-post-thumbnail","hentry","category-veranstaltungen_archiv"],"acf":[],"yoast_head":"<!-- This site is optimized with the Yoast SEO plugin v27.5 - https:\/\/yoast.com\/product\/yoast-seo-wordpress\/ -->\n<title>Journ\u00e9e technique ProBio: Permaculture - Arboriculture, agroforesterie en 04 mai 2022 - Permakultur-Landwirtschaft<\/title>\n<meta name=\"robots\" content=\"index, follow, max-snippet:-1, max-image-preview:large, max-video-preview:-1\" \/>\n<link rel=\"canonical\" href=\"https:\/\/permakultur-landwirtschaft.org\/fr\/journee-technique-probio-permaculture-arboriculture-agroforesterie-en-04-mai-2022\/\" \/>\n<meta property=\"og:locale\" content=\"fr_FR\" \/>\n<meta property=\"og:type\" content=\"article\" \/>\n<meta property=\"og:title\" content=\"Journ\u00e9e technique ProBio: Permaculture - Arboriculture, agroforesterie en 04 mai 2022 - Permakultur-Landwirtschaft\" \/>\n<meta property=\"og:description\" content=\"Text von agridea.ch:Aper\u00e7u d&#8217;une exploitation avec agroforesterie. Dans la mise en place de son verger en agroforesterie, Ivan s\u2019est inspir\u00e9 des principes et m\u00e9thodes de la permaculture. Son domaine int\u00e8gre l\u2019agroforesterie depuis 2014. Sur 5 hectares, 156 arbres fruitiers sont associ\u00e9s avec des grandes cultures, du mara\u00eechage, des baies. 300 poulets sont \u00e9galement \u00e9lev\u00e9s sous [&hellip;]\" \/>\n<meta property=\"og:url\" content=\"https:\/\/permakultur-landwirtschaft.org\/fr\/journee-technique-probio-permaculture-arboriculture-agroforesterie-en-04-mai-2022\/\" \/>\n<meta property=\"og:site_name\" content=\"Permakultur-Landwirtschaft\" \/>\n<meta property=\"article:publisher\" content=\"https:\/\/www.facebook.com\/PermakulturLandwirtschaft\" \/>\n<meta property=\"article:published_time\" content=\"2022-05-04T11:03:00+00:00\" \/>\n<meta property=\"article:modified_time\" content=\"2022-05-06T20:41:07+00:00\" \/>\n<meta property=\"og:image\" content=\"https:\/\/permakultur-landwirtschaft.org\/wp-content\/uploads\/2022\/04\/202205labour_3_0.jpg\" \/>\n\t<meta property=\"og:image:width\" content=\"350\" \/>\n\t<meta property=\"og:image:height\" content=\"263\" \/>\n\t<meta property=\"og:image:type\" content=\"image\/jpeg\" \/>\n<meta name=\"author\" content=\"adrian reutimann\" \/>\n<meta name=\"twitter:card\" content=\"summary_large_image\" \/>\n<meta name=\"twitter:label1\" content=\"\u00c9crit par\" \/>\n\t<meta name=\"twitter:data1\" content=\"adrian reutimann\" \/>\n\t<meta name=\"twitter:label2\" content=\"Dur\u00e9e de lecture estim\u00e9e\" \/>\n\t<meta name=\"twitter:data2\" content=\"1 minute\" \/>\n<script type=\"application\/ld+json\" class=\"yoast-schema-graph\">{\"@context\":\"https:\\\/\\\/schema.org\",\"@graph\":[{\"@type\":\"Article\",\"@id\":\"https:\\\/\\\/permakultur-landwirtschaft.org\\\/journee-technique-probio-permaculture-arboriculture-agroforesterie-en-04-mai-2022\\\/#article\",\"isPartOf\":{\"@id\":\"https:\\\/\\\/permakultur-landwirtschaft.org\\\/journee-technique-probio-permaculture-arboriculture-agroforesterie-en-04-mai-2022\\\/\"},\"author\":{\"name\":\"adrian reutimann\",\"@id\":\"https:\\\/\\\/permakultur-landwirtschaft.org\\\/#\\\/schema\\\/person\\\/6b0467872f75aed3e144093f9bf4f0b0\"},\"headline\":\"Journ\u00e9e technique ProBio: Permaculture &#8211; Arboriculture, agroforesterie en 04 mai 2022\",\"datePublished\":\"2022-05-04T11:03:00+00:00\",\"dateModified\":\"2022-05-06T20:41:07+00:00\",\"mainEntityOfPage\":{\"@id\":\"https:\\\/\\\/permakultur-landwirtschaft.org\\\/journee-technique-probio-permaculture-arboriculture-agroforesterie-en-04-mai-2022\\\/\"},\"wordCount\":139,\"publisher\":{\"@id\":\"https:\\\/\\\/permakultur-landwirtschaft.org\\\/#organization\"},\"image\":{\"@id\":\"https:\\\/\\\/permakultur-landwirtschaft.org\\\/journee-technique-probio-permaculture-arboriculture-agroforesterie-en-04-mai-2022\\\/#primaryimage\"},\"thumbnailUrl\":\"https:\\\/\\\/permakultur-landwirtschaft.org\\\/wp-content\\\/uploads\\\/2022\\\/04\\\/202205labour_3_0.jpg\",\"articleSection\":[\"Veranstaltungen_Archiv\"],\"inLanguage\":\"fr-FR\"},{\"@type\":\"WebPage\",\"@id\":\"https:\\\/\\\/permakultur-landwirtschaft.org\\\/journee-technique-probio-permaculture-arboriculture-agroforesterie-en-04-mai-2022\\\/\",\"url\":\"https:\\\/\\\/permakultur-landwirtschaft.org\\\/journee-technique-probio-permaculture-arboriculture-agroforesterie-en-04-mai-2022\\\/\",\"name\":\"Journ\u00e9e technique ProBio: Permaculture - Arboriculture, agroforesterie en 04 mai 2022 - Permakultur-Landwirtschaft\",\"isPartOf\":{\"@id\":\"https:\\\/\\\/permakultur-landwirtschaft.org\\\/#website\"},\"primaryImageOfPage\":{\"@id\":\"https:\\\/\\\/permakultur-landwirtschaft.org\\\/journee-technique-probio-permaculture-arboriculture-agroforesterie-en-04-mai-2022\\\/#primaryimage\"},\"image\":{\"@id\":\"https:\\\/\\\/permakultur-landwirtschaft.org\\\/journee-technique-probio-permaculture-arboriculture-agroforesterie-en-04-mai-2022\\\/#primaryimage\"},\"thumbnailUrl\":\"https:\\\/\\\/permakultur-landwirtschaft.org\\\/wp-content\\\/uploads\\\/2022\\\/04\\\/202205labour_3_0.jpg\",\"datePublished\":\"2022-05-04T11:03:00+00:00\",\"dateModified\":\"2022-05-06T20:41:07+00:00\",\"breadcrumb\":{\"@id\":\"https:\\\/\\\/permakultur-landwirtschaft.org\\\/journee-technique-probio-permaculture-arboriculture-agroforesterie-en-04-mai-2022\\\/#breadcrumb\"},\"inLanguage\":\"fr-FR\",\"potentialAction\":[{\"@type\":\"ReadAction\",\"target\":[\"https:\\\/\\\/permakultur-landwirtschaft.org\\\/journee-technique-probio-permaculture-arboriculture-agroforesterie-en-04-mai-2022\\\/\"]}]},{\"@type\":\"ImageObject\",\"inLanguage\":\"fr-FR\",\"@id\":\"https:\\\/\\\/permakultur-landwirtschaft.org\\\/journee-technique-probio-permaculture-arboriculture-agroforesterie-en-04-mai-2022\\\/#primaryimage\",\"url\":\"https:\\\/\\\/permakultur-landwirtschaft.org\\\/wp-content\\\/uploads\\\/2022\\\/04\\\/202205labour_3_0.jpg\",\"contentUrl\":\"https:\\\/\\\/permakultur-landwirtschaft.org\\\/wp-content\\\/uploads\\\/2022\\\/04\\\/202205labour_3_0.jpg\",\"width\":350,\"height\":263},{\"@type\":\"BreadcrumbList\",\"@id\":\"https:\\\/\\\/permakultur-landwirtschaft.org\\\/journee-technique-probio-permaculture-arboriculture-agroforesterie-en-04-mai-2022\\\/#breadcrumb\",\"itemListElement\":[{\"@type\":\"ListItem\",\"position\":1,\"name\":\"Startseite\",\"item\":\"https:\\\/\\\/permakultur-landwirtschaft.org\\\/\"},{\"@type\":\"ListItem\",\"position\":2,\"name\":\"Journ\u00e9e technique ProBio: Permaculture &#8211; Arboriculture, agroforesterie en 04 mai 2022\"}]},{\"@type\":\"WebSite\",\"@id\":\"https:\\\/\\\/permakultur-landwirtschaft.org\\\/#website\",\"url\":\"https:\\\/\\\/permakultur-landwirtschaft.org\\\/\",\"name\":\"Permakultur-Landwirtschaft\",\"description\":\"F\u00f6rderung der Permakultur in der Landwirtschaft\",\"publisher\":{\"@id\":\"https:\\\/\\\/permakultur-landwirtschaft.org\\\/#organization\"},\"potentialAction\":[{\"@type\":\"SearchAction\",\"target\":{\"@type\":\"EntryPoint\",\"urlTemplate\":\"https:\\\/\\\/permakultur-landwirtschaft.org\\\/?s={search_term_string}\"},\"query-input\":{\"@type\":\"PropertyValueSpecification\",\"valueRequired\":true,\"valueName\":\"search_term_string\"}}],\"inLanguage\":\"fr-FR\"},{\"@type\":\"Organization\",\"@id\":\"https:\\\/\\\/permakultur-landwirtschaft.org\\\/#organization\",\"name\":\"Permakultur-Landwirtschaft\",\"alternateName\":\"Verein Permakultur-Landwirtschaft\",\"url\":\"https:\\\/\\\/permakultur-landwirtschaft.org\\\/\",\"logo\":{\"@type\":\"ImageObject\",\"inLanguage\":\"fr-FR\",\"@id\":\"https:\\\/\\\/permakultur-landwirtschaft.org\\\/#\\\/schema\\\/logo\\\/image\\\/\",\"url\":\"https:\\\/\\\/permakultur-landwirtschaft.org\\\/wp-content\\\/uploads\\\/2021\\\/11\\\/pela_1268x1269.png\",\"contentUrl\":\"https:\\\/\\\/permakultur-landwirtschaft.org\\\/wp-content\\\/uploads\\\/2021\\\/11\\\/pela_1268x1269.png\",\"width\":1298,\"height\":1269,\"caption\":\"Permakultur-Landwirtschaft\"},\"image\":{\"@id\":\"https:\\\/\\\/permakultur-landwirtschaft.org\\\/#\\\/schema\\\/logo\\\/image\\\/\"},\"sameAs\":[\"https:\\\/\\\/www.facebook.com\\\/PermakulturLandwirtschaft\",\"https:\\\/\\\/www.instagram.com\\\/permakultur_landwirtschaft\\\/\",\"https:\\\/\\\/www.flickr.com\\\/photos\\\/permakultur-landwirtschaft\",\"https:\\\/\\\/www.youtube.com\\\/@PermakulturLandwirtschaft\"]},{\"@type\":\"Person\",\"@id\":\"https:\\\/\\\/permakultur-landwirtschaft.org\\\/#\\\/schema\\\/person\\\/6b0467872f75aed3e144093f9bf4f0b0\",\"name\":\"adrian reutimann\",\"url\":\"https:\\\/\\\/permakultur-landwirtschaft.org\\\/fr\\\/author\\\/reutiadr\\\/\"}]}<\/script>\n<!-- \/ Yoast SEO plugin. -->","yoast_head_json":{"title":"Journ\u00e9e technique ProBio: Permaculture - Arboriculture, agroforesterie en 04 mai 2022 - Permakultur-Landwirtschaft","robots":{"index":"index","follow":"follow","max-snippet":"max-snippet:-1","max-image-preview":"max-image-preview:large","max-video-preview":"max-video-preview:-1"},"canonical":"https:\/\/permakultur-landwirtschaft.org\/fr\/journee-technique-probio-permaculture-arboriculture-agroforesterie-en-04-mai-2022\/","og_locale":"fr_FR","og_type":"article","og_title":"Journ\u00e9e technique ProBio: Permaculture - Arboriculture, agroforesterie en 04 mai 2022 - Permakultur-Landwirtschaft","og_description":"Text von agridea.ch:Aper\u00e7u d&#8217;une exploitation avec agroforesterie. Dans la mise en place de son verger en agroforesterie, Ivan s\u2019est inspir\u00e9 des principes et m\u00e9thodes de la permaculture. Son domaine int\u00e8gre l\u2019agroforesterie depuis 2014. Sur 5 hectares, 156 arbres fruitiers sont associ\u00e9s avec des grandes cultures, du mara\u00eechage, des baies. 300 poulets sont \u00e9galement \u00e9lev\u00e9s sous [&hellip;]","og_url":"https:\/\/permakultur-landwirtschaft.org\/fr\/journee-technique-probio-permaculture-arboriculture-agroforesterie-en-04-mai-2022\/","og_site_name":"Permakultur-Landwirtschaft","article_publisher":"https:\/\/www.facebook.com\/PermakulturLandwirtschaft","article_published_time":"2022-05-04T11:03:00+00:00","article_modified_time":"2022-05-06T20:41:07+00:00","og_image":[{"width":350,"height":263,"url":"https:\/\/permakultur-landwirtschaft.org\/wp-content\/uploads\/2022\/04\/202205labour_3_0.jpg","type":"image\/jpeg"}],"author":"adrian reutimann","twitter_card":"summary_large_image","twitter_misc":{"\u00c9crit par":"adrian reutimann","Dur\u00e9e de lecture estim\u00e9e":"1 minute"},"schema":{"@context":"https:\/\/schema.org","@graph":[{"@type":"Article","@id":"https:\/\/permakultur-landwirtschaft.org\/journee-technique-probio-permaculture-arboriculture-agroforesterie-en-04-mai-2022\/#article","isPartOf":{"@id":"https:\/\/permakultur-landwirtschaft.org\/journee-technique-probio-permaculture-arboriculture-agroforesterie-en-04-mai-2022\/"},"author":{"name":"adrian reutimann","@id":"https:\/\/permakultur-landwirtschaft.org\/#\/schema\/person\/6b0467872f75aed3e144093f9bf4f0b0"},"headline":"Journ\u00e9e technique ProBio: Permaculture &#8211; Arboriculture, agroforesterie en 04 mai 2022","datePublished":"2022-05-04T11:03:00+00:00","dateModified":"2022-05-06T20:41:07+00:00","mainEntityOfPage":{"@id":"https:\/\/permakultur-landwirtschaft.org\/journee-technique-probio-permaculture-arboriculture-agroforesterie-en-04-mai-2022\/"},"wordCount":139,"publisher":{"@id":"https:\/\/permakultur-landwirtschaft.org\/#organization"},"image":{"@id":"https:\/\/permakultur-landwirtschaft.org\/journee-technique-probio-permaculture-arboriculture-agroforesterie-en-04-mai-2022\/#primaryimage"},"thumbnailUrl":"https:\/\/permakultur-landwirtschaft.org\/wp-content\/uploads\/2022\/04\/202205labour_3_0.jpg","articleSection":["Veranstaltungen_Archiv"],"inLanguage":"fr-FR"},{"@type":"WebPage","@id":"https:\/\/permakultur-landwirtschaft.org\/journee-technique-probio-permaculture-arboriculture-agroforesterie-en-04-mai-2022\/","url":"https:\/\/permakultur-landwirtschaft.org\/journee-technique-probio-permaculture-arboriculture-agroforesterie-en-04-mai-2022\/","name":"Journ\u00e9e technique ProBio: Permaculture - Arboriculture, agroforesterie en 04 mai 2022 - Permakultur-Landwirtschaft","isPartOf":{"@id":"https:\/\/permakultur-landwirtschaft.org\/#website"},"primaryImageOfPage":{"@id":"https:\/\/permakultur-landwirtschaft.org\/journee-technique-probio-permaculture-arboriculture-agroforesterie-en-04-mai-2022\/#primaryimage"},"image":{"@id":"https:\/\/permakultur-landwirtschaft.org\/journee-technique-probio-permaculture-arboriculture-agroforesterie-en-04-mai-2022\/#primaryimage"},"thumbnailUrl":"https:\/\/permakultur-landwirtschaft.org\/wp-content\/uploads\/2022\/04\/202205labour_3_0.jpg","datePublished":"2022-05-04T11:03:00+00:00","dateModified":"2022-05-06T20:41:07+00:00","breadcrumb":{"@id":"https:\/\/permakultur-landwirtschaft.org\/journee-technique-probio-permaculture-arboriculture-agroforesterie-en-04-mai-2022\/#breadcrumb"},"inLanguage":"fr-FR","potentialAction":[{"@type":"ReadAction","target":["https:\/\/permakultur-landwirtschaft.org\/journee-technique-probio-permaculture-arboriculture-agroforesterie-en-04-mai-2022\/"]}]},{"@type":"ImageObject","inLanguage":"fr-FR","@id":"https:\/\/permakultur-landwirtschaft.org\/journee-technique-probio-permaculture-arboriculture-agroforesterie-en-04-mai-2022\/#primaryimage","url":"https:\/\/permakultur-landwirtschaft.org\/wp-content\/uploads\/2022\/04\/202205labour_3_0.jpg","contentUrl":"https:\/\/permakultur-landwirtschaft.org\/wp-content\/uploads\/2022\/04\/202205labour_3_0.jpg","width":350,"height":263},{"@type":"BreadcrumbList","@id":"https:\/\/permakultur-landwirtschaft.org\/journee-technique-probio-permaculture-arboriculture-agroforesterie-en-04-mai-2022\/#breadcrumb","itemListElement":[{"@type":"ListItem","position":1,"name":"Startseite","item":"https:\/\/permakultur-landwirtschaft.org\/"},{"@type":"ListItem","position":2,"name":"Journ\u00e9e technique ProBio: Permaculture &#8211; Arboriculture, agroforesterie en 04 mai 2022"}]},{"@type":"WebSite","@id":"https:\/\/permakultur-landwirtschaft.org\/#website","url":"https:\/\/permakultur-landwirtschaft.org\/","name":"Permakultur-Landwirtschaft","description":"F\u00f6rderung der Permakultur in der Landwirtschaft","publisher":{"@id":"https:\/\/permakultur-landwirtschaft.org\/#organization"},"potentialAction":[{"@type":"SearchAction","target":{"@type":"EntryPoint","urlTemplate":"https:\/\/permakultur-landwirtschaft.org\/?s={search_term_string}"},"query-input":{"@type":"PropertyValueSpecification","valueRequired":true,"valueName":"search_term_string"}}],"inLanguage":"fr-FR"},{"@type":"Organization","@id":"https:\/\/permakultur-landwirtschaft.org\/#organization","name":"Permakultur-Landwirtschaft","alternateName":"Verein Permakultur-Landwirtschaft","url":"https:\/\/permakultur-landwirtschaft.org\/","logo":{"@type":"ImageObject","inLanguage":"fr-FR","@id":"https:\/\/permakultur-landwirtschaft.org\/#\/schema\/logo\/image\/","url":"https:\/\/permakultur-landwirtschaft.org\/wp-content\/uploads\/2021\/11\/pela_1268x1269.png","contentUrl":"https:\/\/permakultur-landwirtschaft.org\/wp-content\/uploads\/2021\/11\/pela_1268x1269.png","width":1298,"height":1269,"caption":"Permakultur-Landwirtschaft"},"image":{"@id":"https:\/\/permakultur-landwirtschaft.org\/#\/schema\/logo\/image\/"},"sameAs":["https:\/\/www.facebook.com\/PermakulturLandwirtschaft","https:\/\/www.instagram.com\/permakultur_landwirtschaft\/","https:\/\/www.flickr.com\/photos\/permakultur-landwirtschaft","https:\/\/www.youtube.com\/@PermakulturLandwirtschaft"]},{"@type":"Person","@id":"https:\/\/permakultur-landwirtschaft.org\/#\/schema\/person\/6b0467872f75aed3e144093f9bf4f0b0","name":"adrian reutimann","url":"https:\/\/permakultur-landwirtschaft.org\/fr\/author\/reutiadr\/"}]}},"_links":{"self":[{"href":"https:\/\/permakultur-landwirtschaft.org\/fr\/wp-json\/wp\/v2\/posts\/19035","targetHints":{"allow":["GET"]}}],"collection":[{"href":"https:\/\/permakultur-landwirtschaft.org\/fr\/wp-json\/wp\/v2\/posts"}],"about":[{"href":"https:\/\/permakultur-landwirtschaft.org\/fr\/wp-json\/wp\/v2\/types\/post"}],"author":[{"embeddable":true,"href":"https:\/\/permakultur-landwirtschaft.org\/fr\/wp-json\/wp\/v2\/users\/2"}],"replies":[{"embeddable":true,"href":"https:\/\/permakultur-landwirtschaft.org\/fr\/wp-json\/wp\/v2\/comments?post=19035"}],"version-history":[{"count":1,"href":"https:\/\/permakultur-landwirtschaft.org\/fr\/wp-json\/wp\/v2\/posts\/19035\/revisions"}],"predecessor-version":[{"id":19037,"href":"https:\/\/permakultur-landwirtschaft.org\/fr\/wp-json\/wp\/v2\/posts\/19035\/revisions\/19037"}],"wp:featuredmedia":[{"embeddable":true,"href":"https:\/\/permakultur-landwirtschaft.org\/fr\/wp-json\/wp\/v2\/media\/19036"}],"wp:attachment":[{"href":"https:\/\/permakultur-landwirtschaft.org\/fr\/wp-json\/wp\/v2\/media?parent=19035"}],"wp:term":[{"taxonomy":"category","embeddable":true,"href":"https:\/\/permakultur-landwirtschaft.org\/fr\/wp-json\/wp\/v2\/categories?post=19035"},{"taxonomy":"post_tag","embeddable":true,"href":"https:\/\/permakultur-landwirtschaft.org\/fr\/wp-json\/wp\/v2\/tags?post=19035"}],"curies":[{"name":"wp","href":"https:\/\/api.w.org\/{rel}","templated":true}]}}