{"id":19028,"date":"2022-03-31T12:49:00","date_gmt":"2022-03-31T10:49:00","guid":{"rendered":"https:\/\/permakultur-landwirtschaft.org\/?p=19028"},"modified":"2022-04-16T12:56:30","modified_gmt":"2022-04-16T10:56:30","slug":"klimapositive-landwirtschaft-durch-permakultur","status":"publish","type":"post","link":"https:\/\/permakultur-landwirtschaft.org\/fr\/klimapositive-landwirtschaft-durch-permakultur\/","title":{"rendered":"Klimapositive Landwirtschaft durch Permakultur &#8211; Beitrag vom 31. M\u00e4rz 2022"},"content":{"rendered":"<p>Text von fruchtportal.de:<br>Das Bed\u00fcrfnis endlich wieder pers\u00f6nlich in Fachkreisen der Obst- und Gem\u00fcsebranche zusammen zu kommen ist in den letzten zwei Jahren kontinuierlich gewachsen. Daher nutzt lehmann natur die Gelegenheit und nimmt als Aussteller an der Fruit Logistica n\u00e4chste Woche in Berlin teil.<\/p>\n\n\n\n<p>In diesem Jahr liegt der Fokus des Meerbuscher Bio-Importeurs auf Klimapositivit\u00e4t durch Permakultur. Sie selbst erreichen das auf Ihren zwei Finkas, welche beide Demeter zertifiziert sind und nach Permakultur-Richtlinien betrieben werden. Dieses nachhaltige Konzept soll nun, da die Nachfrage der Konsument:innen nach klimaneutralen Lebensmitteln steigt, auch auf der f\u00fchrenden Fachmesse weiter kommuniziert werden.<\/p>\n\n\n\n<p>Ein neuer Stand wurde entwickelt, ganz unter dem Motto \u201eKlimapositive Landwirtschaft durch Permakultur\u201c. Um dies zu erreichen, m\u00fcssen mehrere Faktoren passen. Denn der Weg zur Klimapositivit\u00e4t und damit ein m\u00f6glicher Ausweg aus der Klimakrise, liegt in unseren B\u00f6den.<\/p>\n\n\n\n<p>Link zum Artikel bei fruchtportal.de: <a href=\"https:\/\/www.fruchtportal.de\/news\/artikel\/054215\/klimapositive-landwirtschaft-durch-permakultur\" target=\"_blank\" rel=\"noreferrer noopener\">www.fruchtportal.de\/news\/artikel\/054215\/klimapositive-landwirtschaft-durch-permakultur<\/a><\/p>\n\n\n\n<figure class=\"wp-block-image size-full\"><a href=\"https:\/\/www.fruchtportal.de\/news\/artikel\/054215\/klimapositive-landwirtschaft-durch-permakultur\" target=\"_blank\" rel=\"noopener\"><img fetchpriority=\"high\" decoding=\"async\" width=\"472\" height=\"290\" src=\"https:\/\/permakultur-landwirtschaft.org\/wp-content\/uploads\/2022\/04\/lehmann20220331.jpg\" alt=\"\" class=\"wp-image-19029\" srcset=\"https:\/\/permakultur-landwirtschaft.org\/wp-content\/uploads\/2022\/04\/lehmann20220331.jpg 472w, https:\/\/permakultur-landwirtschaft.org\/wp-content\/uploads\/2022\/04\/lehmann20220331-300x184.jpg 300w\" sizes=\"(max-width: 472px) 100vw, 472px\" \/><\/a><figcaption>Bild: fruchtportal.de<\/figcaption><\/figure>\n\n\n\n<hr class=\"wp-block-separator\"\/>\n\n\n\n<h3 class=\"wp-block-heading\"><a href=\"https:\/\/permakultur-landwirtschaft.org\/fr\/medien\/\">Hier geht&#8217;s zur \u00dcbersicht aller Neuigkeiten<\/a><\/h3>","protected":false},"excerpt":{"rendered":"<p>Text von fruchtportal.de:Das Bed\u00fcrfnis endlich wieder pers\u00f6nlich in Fachkreisen der Obst- und Gem\u00fcsebranche zusammen zu kommen ist in den letzten zwei Jahren kontinuierlich gewachsen. Daher nutzt lehmann natur die Gelegenheit und nimmt als Aussteller an der Fruit Logistica n\u00e4chste Woche in Berlin teil. In diesem Jahr liegt der Fokus des Meerbuscher Bio-Importeurs auf Klimapositivit\u00e4t durch [&hellip;]<\/p>\n","protected":false},"author":2,"featured_media":19029,"comment_status":"closed","ping_status":"closed","sticky":false,"template":"","format":"standard","meta":{"_acf_changed":false,"site-sidebar-layout":"default","site-content-layout":"","ast-site-content-layout":"default","site-content-style":"default","site-sidebar-style":"default","ast-global-header-display":"","ast-banner-title-visibility":"","ast-main-header-display":"","ast-hfb-above-header-display":"","ast-hfb-below-header-display":"","ast-hfb-mobile-header-display":"","site-post-title":"","ast-breadcrumbs-content":"","ast-featured-img":"","footer-sml-layout":"","ast-disable-related-posts":"","theme-transparent-header-meta":"","adv-header-id-meta":"","stick-header-meta":"","header-above-stick-meta":"","header-main-stick-meta":"","header-below-stick-meta":"","astra-migrate-meta-layouts":"default","ast-page-background-enabled":"default","ast-page-background-meta":{"desktop":{"background-color":"var(--ast-global-color-4)","background-image":"","background-repeat":"repeat","background-position":"center center","background-size":"auto","background-attachment":"scroll","background-type":"","background-media":"","overlay-type":"","overlay-color":"","overlay-opacity":"","overlay-gradient":""},"tablet":{"background-color":"","background-image":"","background-repeat":"repeat","background-position":"center center","background-size":"auto","background-attachment":"scroll","background-type":"","background-media":"","overlay-type":"","overlay-color":"","overlay-opacity":"","overlay-gradient":""},"mobile":{"background-color":"","background-image":"","background-repeat":"repeat","background-position":"center center","background-size":"auto","background-attachment":"scroll","background-type":"","background-media":"","overlay-type":"","overlay-color":"","overlay-opacity":"","overlay-gradient":""}},"ast-content-background-meta":{"desktop":{"background-color":"var(--ast-global-color-5)","background-image":"","background-repeat":"repeat","background-position":"center center","background-size":"auto","background-attachment":"scroll","background-type":"","background-media":"","overlay-type":"","overlay-color":"","overlay-opacity":"","overlay-gradient":""},"tablet":{"background-color":"var(--ast-global-color-5)","background-image":"","background-repeat":"repeat","background-position":"center center","background-size":"auto","background-attachment":"scroll","background-type":"","background-media":"","overlay-type":"","overlay-color":"","overlay-opacity":"","overlay-gradient":""},"mobile":{"background-color":"var(--ast-global-color-5)","background-image":"","background-repeat":"repeat","background-position":"center center","background-size":"auto","background-attachment":"scroll","background-type":"","background-media":"","overlay-type":"","overlay-color":"","overlay-opacity":"","overlay-gradient":""}},"footnotes":""},"categories":[22],"tags":[],"class_list":["post-19028","post","type-post","status-publish","format-standard","has-post-thumbnail","hentry","category-neuigkeit"],"acf":[],"yoast_head":"<!-- This site is optimized with the Yoast SEO plugin v27.5 - https:\/\/yoast.com\/product\/yoast-seo-wordpress\/ -->\n<title>Klimapositive Landwirtschaft durch Permakultur - Beitrag vom 31. M\u00e4rz 2022 - Permakultur-Landwirtschaft<\/title>\n<meta name=\"robots\" content=\"index, follow, max-snippet:-1, max-image-preview:large, max-video-preview:-1\" \/>\n<link rel=\"canonical\" href=\"https:\/\/permakultur-landwirtschaft.org\/fr\/klimapositive-landwirtschaft-durch-permakultur\/\" \/>\n<meta property=\"og:locale\" content=\"fr_FR\" \/>\n<meta property=\"og:type\" content=\"article\" \/>\n<meta property=\"og:title\" content=\"Klimapositive Landwirtschaft durch Permakultur - Beitrag vom 31. M\u00e4rz 2022 - Permakultur-Landwirtschaft\" \/>\n<meta property=\"og:description\" content=\"Text von fruchtportal.de:Das Bed\u00fcrfnis endlich wieder pers\u00f6nlich in Fachkreisen der Obst- und Gem\u00fcsebranche zusammen zu kommen ist in den letzten zwei Jahren kontinuierlich gewachsen. Daher nutzt lehmann natur die Gelegenheit und nimmt als Aussteller an der Fruit Logistica n\u00e4chste Woche in Berlin teil. In diesem Jahr liegt der Fokus des Meerbuscher Bio-Importeurs auf Klimapositivit\u00e4t durch [&hellip;]\" \/>\n<meta property=\"og:url\" content=\"https:\/\/permakultur-landwirtschaft.org\/fr\/klimapositive-landwirtschaft-durch-permakultur\/\" \/>\n<meta property=\"og:site_name\" content=\"Permakultur-Landwirtschaft\" \/>\n<meta property=\"article:publisher\" content=\"https:\/\/www.facebook.com\/PermakulturLandwirtschaft\" \/>\n<meta property=\"article:published_time\" content=\"2022-03-31T10:49:00+00:00\" \/>\n<meta property=\"article:modified_time\" content=\"2022-04-16T10:56:30+00:00\" \/>\n<meta property=\"og:image\" content=\"https:\/\/permakultur-landwirtschaft.org\/wp-content\/uploads\/2022\/04\/lehmann20220331.jpg\" \/>\n\t<meta property=\"og:image:width\" content=\"472\" \/>\n\t<meta property=\"og:image:height\" content=\"290\" \/>\n\t<meta property=\"og:image:type\" content=\"image\/jpeg\" \/>\n<meta name=\"author\" content=\"adrian reutimann\" \/>\n<meta name=\"twitter:card\" content=\"summary_large_image\" \/>\n<meta name=\"twitter:label1\" content=\"\u00c9crit par\" \/>\n\t<meta name=\"twitter:data1\" content=\"adrian reutimann\" \/>\n\t<meta name=\"twitter:label2\" content=\"Dur\u00e9e de lecture estim\u00e9e\" \/>\n\t<meta name=\"twitter:data2\" content=\"1 minute\" \/>\n<script type=\"application\/ld+json\" class=\"yoast-schema-graph\">{\"@context\":\"https:\\\/\\\/schema.org\",\"@graph\":[{\"@type\":\"Article\",\"@id\":\"https:\\\/\\\/permakultur-landwirtschaft.org\\\/klimapositive-landwirtschaft-durch-permakultur\\\/#article\",\"isPartOf\":{\"@id\":\"https:\\\/\\\/permakultur-landwirtschaft.org\\\/klimapositive-landwirtschaft-durch-permakultur\\\/\"},\"author\":{\"name\":\"adrian reutimann\",\"@id\":\"https:\\\/\\\/permakultur-landwirtschaft.org\\\/#\\\/schema\\\/person\\\/6b0467872f75aed3e144093f9bf4f0b0\"},\"headline\":\"Klimapositive Landwirtschaft durch Permakultur &#8211; Beitrag vom 31. M\u00e4rz 2022\",\"datePublished\":\"2022-03-31T10:49:00+00:00\",\"dateModified\":\"2022-04-16T10:56:30+00:00\",\"mainEntityOfPage\":{\"@id\":\"https:\\\/\\\/permakultur-landwirtschaft.org\\\/klimapositive-landwirtschaft-durch-permakultur\\\/\"},\"wordCount\":178,\"publisher\":{\"@id\":\"https:\\\/\\\/permakultur-landwirtschaft.org\\\/#organization\"},\"image\":{\"@id\":\"https:\\\/\\\/permakultur-landwirtschaft.org\\\/klimapositive-landwirtschaft-durch-permakultur\\\/#primaryimage\"},\"thumbnailUrl\":\"https:\\\/\\\/permakultur-landwirtschaft.org\\\/wp-content\\\/uploads\\\/2022\\\/04\\\/lehmann20220331.jpg\",\"articleSection\":[\"Neuigkeit\"],\"inLanguage\":\"fr-FR\"},{\"@type\":\"WebPage\",\"@id\":\"https:\\\/\\\/permakultur-landwirtschaft.org\\\/klimapositive-landwirtschaft-durch-permakultur\\\/\",\"url\":\"https:\\\/\\\/permakultur-landwirtschaft.org\\\/klimapositive-landwirtschaft-durch-permakultur\\\/\",\"name\":\"Klimapositive Landwirtschaft durch Permakultur - Beitrag vom 31. M\u00e4rz 2022 - Permakultur-Landwirtschaft\",\"isPartOf\":{\"@id\":\"https:\\\/\\\/permakultur-landwirtschaft.org\\\/#website\"},\"primaryImageOfPage\":{\"@id\":\"https:\\\/\\\/permakultur-landwirtschaft.org\\\/klimapositive-landwirtschaft-durch-permakultur\\\/#primaryimage\"},\"image\":{\"@id\":\"https:\\\/\\\/permakultur-landwirtschaft.org\\\/klimapositive-landwirtschaft-durch-permakultur\\\/#primaryimage\"},\"thumbnailUrl\":\"https:\\\/\\\/permakultur-landwirtschaft.org\\\/wp-content\\\/uploads\\\/2022\\\/04\\\/lehmann20220331.jpg\",\"datePublished\":\"2022-03-31T10:49:00+00:00\",\"dateModified\":\"2022-04-16T10:56:30+00:00\",\"breadcrumb\":{\"@id\":\"https:\\\/\\\/permakultur-landwirtschaft.org\\\/klimapositive-landwirtschaft-durch-permakultur\\\/#breadcrumb\"},\"inLanguage\":\"fr-FR\",\"potentialAction\":[{\"@type\":\"ReadAction\",\"target\":[\"https:\\\/\\\/permakultur-landwirtschaft.org\\\/klimapositive-landwirtschaft-durch-permakultur\\\/\"]}]},{\"@type\":\"ImageObject\",\"inLanguage\":\"fr-FR\",\"@id\":\"https:\\\/\\\/permakultur-landwirtschaft.org\\\/klimapositive-landwirtschaft-durch-permakultur\\\/#primaryimage\",\"url\":\"https:\\\/\\\/permakultur-landwirtschaft.org\\\/wp-content\\\/uploads\\\/2022\\\/04\\\/lehmann20220331.jpg\",\"contentUrl\":\"https:\\\/\\\/permakultur-landwirtschaft.org\\\/wp-content\\\/uploads\\\/2022\\\/04\\\/lehmann20220331.jpg\",\"width\":472,\"height\":290},{\"@type\":\"BreadcrumbList\",\"@id\":\"https:\\\/\\\/permakultur-landwirtschaft.org\\\/klimapositive-landwirtschaft-durch-permakultur\\\/#breadcrumb\",\"itemListElement\":[{\"@type\":\"ListItem\",\"position\":1,\"name\":\"Startseite\",\"item\":\"https:\\\/\\\/permakultur-landwirtschaft.org\\\/\"},{\"@type\":\"ListItem\",\"position\":2,\"name\":\"Klimapositive Landwirtschaft durch Permakultur &#8211; Beitrag vom 31. M\u00e4rz 2022\"}]},{\"@type\":\"WebSite\",\"@id\":\"https:\\\/\\\/permakultur-landwirtschaft.org\\\/#website\",\"url\":\"https:\\\/\\\/permakultur-landwirtschaft.org\\\/\",\"name\":\"Permakultur-Landwirtschaft\",\"description\":\"F\u00f6rderung der Permakultur in der Landwirtschaft\",\"publisher\":{\"@id\":\"https:\\\/\\\/permakultur-landwirtschaft.org\\\/#organization\"},\"potentialAction\":[{\"@type\":\"SearchAction\",\"target\":{\"@type\":\"EntryPoint\",\"urlTemplate\":\"https:\\\/\\\/permakultur-landwirtschaft.org\\\/?s={search_term_string}\"},\"query-input\":{\"@type\":\"PropertyValueSpecification\",\"valueRequired\":true,\"valueName\":\"search_term_string\"}}],\"inLanguage\":\"fr-FR\"},{\"@type\":\"Organization\",\"@id\":\"https:\\\/\\\/permakultur-landwirtschaft.org\\\/#organization\",\"name\":\"Permakultur-Landwirtschaft\",\"alternateName\":\"Verein Permakultur-Landwirtschaft\",\"url\":\"https:\\\/\\\/permakultur-landwirtschaft.org\\\/\",\"logo\":{\"@type\":\"ImageObject\",\"inLanguage\":\"fr-FR\",\"@id\":\"https:\\\/\\\/permakultur-landwirtschaft.org\\\/#\\\/schema\\\/logo\\\/image\\\/\",\"url\":\"https:\\\/\\\/permakultur-landwirtschaft.org\\\/wp-content\\\/uploads\\\/2021\\\/11\\\/pela_1268x1269.png\",\"contentUrl\":\"https:\\\/\\\/permakultur-landwirtschaft.org\\\/wp-content\\\/uploads\\\/2021\\\/11\\\/pela_1268x1269.png\",\"width\":1298,\"height\":1269,\"caption\":\"Permakultur-Landwirtschaft\"},\"image\":{\"@id\":\"https:\\\/\\\/permakultur-landwirtschaft.org\\\/#\\\/schema\\\/logo\\\/image\\\/\"},\"sameAs\":[\"https:\\\/\\\/www.facebook.com\\\/PermakulturLandwirtschaft\",\"https:\\\/\\\/www.instagram.com\\\/permakultur_landwirtschaft\\\/\",\"https:\\\/\\\/www.flickr.com\\\/photos\\\/permakultur-landwirtschaft\",\"https:\\\/\\\/www.youtube.com\\\/@PermakulturLandwirtschaft\"]},{\"@type\":\"Person\",\"@id\":\"https:\\\/\\\/permakultur-landwirtschaft.org\\\/#\\\/schema\\\/person\\\/6b0467872f75aed3e144093f9bf4f0b0\",\"name\":\"adrian reutimann\",\"url\":\"https:\\\/\\\/permakultur-landwirtschaft.org\\\/fr\\\/author\\\/reutiadr\\\/\"}]}<\/script>\n<!-- \/ Yoast SEO plugin. -->","yoast_head_json":{"title":"Klimapositive Landwirtschaft durch Permakultur - Beitrag vom 31. M\u00e4rz 2022 - Permakultur-Landwirtschaft","robots":{"index":"index","follow":"follow","max-snippet":"max-snippet:-1","max-image-preview":"max-image-preview:large","max-video-preview":"max-video-preview:-1"},"canonical":"https:\/\/permakultur-landwirtschaft.org\/fr\/klimapositive-landwirtschaft-durch-permakultur\/","og_locale":"fr_FR","og_type":"article","og_title":"Klimapositive Landwirtschaft durch Permakultur - Beitrag vom 31. M\u00e4rz 2022 - Permakultur-Landwirtschaft","og_description":"Text von fruchtportal.de:Das Bed\u00fcrfnis endlich wieder pers\u00f6nlich in Fachkreisen der Obst- und Gem\u00fcsebranche zusammen zu kommen ist in den letzten zwei Jahren kontinuierlich gewachsen. Daher nutzt lehmann natur die Gelegenheit und nimmt als Aussteller an der Fruit Logistica n\u00e4chste Woche in Berlin teil. In diesem Jahr liegt der Fokus des Meerbuscher Bio-Importeurs auf Klimapositivit\u00e4t durch [&hellip;]","og_url":"https:\/\/permakultur-landwirtschaft.org\/fr\/klimapositive-landwirtschaft-durch-permakultur\/","og_site_name":"Permakultur-Landwirtschaft","article_publisher":"https:\/\/www.facebook.com\/PermakulturLandwirtschaft","article_published_time":"2022-03-31T10:49:00+00:00","article_modified_time":"2022-04-16T10:56:30+00:00","og_image":[{"width":472,"height":290,"url":"https:\/\/permakultur-landwirtschaft.org\/wp-content\/uploads\/2022\/04\/lehmann20220331.jpg","type":"image\/jpeg"}],"author":"adrian reutimann","twitter_card":"summary_large_image","twitter_misc":{"\u00c9crit par":"adrian reutimann","Dur\u00e9e de lecture estim\u00e9e":"1 minute"},"schema":{"@context":"https:\/\/schema.org","@graph":[{"@type":"Article","@id":"https:\/\/permakultur-landwirtschaft.org\/klimapositive-landwirtschaft-durch-permakultur\/#article","isPartOf":{"@id":"https:\/\/permakultur-landwirtschaft.org\/klimapositive-landwirtschaft-durch-permakultur\/"},"author":{"name":"adrian reutimann","@id":"https:\/\/permakultur-landwirtschaft.org\/#\/schema\/person\/6b0467872f75aed3e144093f9bf4f0b0"},"headline":"Klimapositive Landwirtschaft durch Permakultur &#8211; Beitrag vom 31. M\u00e4rz 2022","datePublished":"2022-03-31T10:49:00+00:00","dateModified":"2022-04-16T10:56:30+00:00","mainEntityOfPage":{"@id":"https:\/\/permakultur-landwirtschaft.org\/klimapositive-landwirtschaft-durch-permakultur\/"},"wordCount":178,"publisher":{"@id":"https:\/\/permakultur-landwirtschaft.org\/#organization"},"image":{"@id":"https:\/\/permakultur-landwirtschaft.org\/klimapositive-landwirtschaft-durch-permakultur\/#primaryimage"},"thumbnailUrl":"https:\/\/permakultur-landwirtschaft.org\/wp-content\/uploads\/2022\/04\/lehmann20220331.jpg","articleSection":["Neuigkeit"],"inLanguage":"fr-FR"},{"@type":"WebPage","@id":"https:\/\/permakultur-landwirtschaft.org\/klimapositive-landwirtschaft-durch-permakultur\/","url":"https:\/\/permakultur-landwirtschaft.org\/klimapositive-landwirtschaft-durch-permakultur\/","name":"Klimapositive Landwirtschaft durch Permakultur - Beitrag vom 31. M\u00e4rz 2022 - Permakultur-Landwirtschaft","isPartOf":{"@id":"https:\/\/permakultur-landwirtschaft.org\/#website"},"primaryImageOfPage":{"@id":"https:\/\/permakultur-landwirtschaft.org\/klimapositive-landwirtschaft-durch-permakultur\/#primaryimage"},"image":{"@id":"https:\/\/permakultur-landwirtschaft.org\/klimapositive-landwirtschaft-durch-permakultur\/#primaryimage"},"thumbnailUrl":"https:\/\/permakultur-landwirtschaft.org\/wp-content\/uploads\/2022\/04\/lehmann20220331.jpg","datePublished":"2022-03-31T10:49:00+00:00","dateModified":"2022-04-16T10:56:30+00:00","breadcrumb":{"@id":"https:\/\/permakultur-landwirtschaft.org\/klimapositive-landwirtschaft-durch-permakultur\/#breadcrumb"},"inLanguage":"fr-FR","potentialAction":[{"@type":"ReadAction","target":["https:\/\/permakultur-landwirtschaft.org\/klimapositive-landwirtschaft-durch-permakultur\/"]}]},{"@type":"ImageObject","inLanguage":"fr-FR","@id":"https:\/\/permakultur-landwirtschaft.org\/klimapositive-landwirtschaft-durch-permakultur\/#primaryimage","url":"https:\/\/permakultur-landwirtschaft.org\/wp-content\/uploads\/2022\/04\/lehmann20220331.jpg","contentUrl":"https:\/\/permakultur-landwirtschaft.org\/wp-content\/uploads\/2022\/04\/lehmann20220331.jpg","width":472,"height":290},{"@type":"BreadcrumbList","@id":"https:\/\/permakultur-landwirtschaft.org\/klimapositive-landwirtschaft-durch-permakultur\/#breadcrumb","itemListElement":[{"@type":"ListItem","position":1,"name":"Startseite","item":"https:\/\/permakultur-landwirtschaft.org\/"},{"@type":"ListItem","position":2,"name":"Klimapositive Landwirtschaft durch Permakultur &#8211; Beitrag vom 31. M\u00e4rz 2022"}]},{"@type":"WebSite","@id":"https:\/\/permakultur-landwirtschaft.org\/#website","url":"https:\/\/permakultur-landwirtschaft.org\/","name":"Permakultur-Landwirtschaft","description":"F\u00f6rderung der Permakultur in der Landwirtschaft","publisher":{"@id":"https:\/\/permakultur-landwirtschaft.org\/#organization"},"potentialAction":[{"@type":"SearchAction","target":{"@type":"EntryPoint","urlTemplate":"https:\/\/permakultur-landwirtschaft.org\/?s={search_term_string}"},"query-input":{"@type":"PropertyValueSpecification","valueRequired":true,"valueName":"search_term_string"}}],"inLanguage":"fr-FR"},{"@type":"Organization","@id":"https:\/\/permakultur-landwirtschaft.org\/#organization","name":"Permakultur-Landwirtschaft","alternateName":"Verein Permakultur-Landwirtschaft","url":"https:\/\/permakultur-landwirtschaft.org\/","logo":{"@type":"ImageObject","inLanguage":"fr-FR","@id":"https:\/\/permakultur-landwirtschaft.org\/#\/schema\/logo\/image\/","url":"https:\/\/permakultur-landwirtschaft.org\/wp-content\/uploads\/2021\/11\/pela_1268x1269.png","contentUrl":"https:\/\/permakultur-landwirtschaft.org\/wp-content\/uploads\/2021\/11\/pela_1268x1269.png","width":1298,"height":1269,"caption":"Permakultur-Landwirtschaft"},"image":{"@id":"https:\/\/permakultur-landwirtschaft.org\/#\/schema\/logo\/image\/"},"sameAs":["https:\/\/www.facebook.com\/PermakulturLandwirtschaft","https:\/\/www.instagram.com\/permakultur_landwirtschaft\/","https:\/\/www.flickr.com\/photos\/permakultur-landwirtschaft","https:\/\/www.youtube.com\/@PermakulturLandwirtschaft"]},{"@type":"Person","@id":"https:\/\/permakultur-landwirtschaft.org\/#\/schema\/person\/6b0467872f75aed3e144093f9bf4f0b0","name":"adrian reutimann","url":"https:\/\/permakultur-landwirtschaft.org\/fr\/author\/reutiadr\/"}]}},"_links":{"self":[{"href":"https:\/\/permakultur-landwirtschaft.org\/fr\/wp-json\/wp\/v2\/posts\/19028","targetHints":{"allow":["GET"]}}],"collection":[{"href":"https:\/\/permakultur-landwirtschaft.org\/fr\/wp-json\/wp\/v2\/posts"}],"about":[{"href":"https:\/\/permakultur-landwirtschaft.org\/fr\/wp-json\/wp\/v2\/types\/post"}],"author":[{"embeddable":true,"href":"https:\/\/permakultur-landwirtschaft.org\/fr\/wp-json\/wp\/v2\/users\/2"}],"replies":[{"embeddable":true,"href":"https:\/\/permakultur-landwirtschaft.org\/fr\/wp-json\/wp\/v2\/comments?post=19028"}],"version-history":[{"count":2,"href":"https:\/\/permakultur-landwirtschaft.org\/fr\/wp-json\/wp\/v2\/posts\/19028\/revisions"}],"predecessor-version":[{"id":19031,"href":"https:\/\/permakultur-landwirtschaft.org\/fr\/wp-json\/wp\/v2\/posts\/19028\/revisions\/19031"}],"wp:featuredmedia":[{"embeddable":true,"href":"https:\/\/permakultur-landwirtschaft.org\/fr\/wp-json\/wp\/v2\/media\/19029"}],"wp:attachment":[{"href":"https:\/\/permakultur-landwirtschaft.org\/fr\/wp-json\/wp\/v2\/media?parent=19028"}],"wp:term":[{"taxonomy":"category","embeddable":true,"href":"https:\/\/permakultur-landwirtschaft.org\/fr\/wp-json\/wp\/v2\/categories?post=19028"},{"taxonomy":"post_tag","embeddable":true,"href":"https:\/\/permakultur-landwirtschaft.org\/fr\/wp-json\/wp\/v2\/tags?post=19028"}],"curies":[{"name":"wp","href":"https:\/\/api.w.org\/{rel}","templated":true}]}}