{"id":18432,"date":"2022-02-23T10:35:00","date_gmt":"2022-02-23T09:35:00","guid":{"rendered":"https:\/\/permakultur-landwirtschaft.org\/?p=18432"},"modified":"2022-05-24T09:56:59","modified_gmt":"2022-05-24T07:56:59","slug":"probio-programm-permakultur-in-der-landwirtschaft","status":"publish","type":"post","link":"https:\/\/permakultur-landwirtschaft.org\/fr\/probio-programm-permakultur-in-der-landwirtschaft\/","title":{"rendered":"ProBio-Programm Permakultur in der Landwirtschaft"},"content":{"rendered":"<p>Text BioAktuell:<br>Das Beratungsangebot ProBio f\u00f6rdert den Wissensaustausch unter B\u00e4uerinnen und Bauern in Arbeitskreisen und an Fachanl\u00e4ssen. Im Rahmen des ProBio-Projekts von Bio Suisse sind eine Reihe von halbt\u00e4gigen Veranstaltungen auf landwirtschaftlichen Betrieben geplant.<\/p>\n\n\n\n<p>Die Anl\u00e4sse sind offen f\u00fcr alle Permakultur-Interessierten, um \u00fcber spezifische Themen zu lernen und sich unter Kolleginnen und Kollegen auszutauschen. Vom Weinbau \u00fcber den Gem\u00fcseanbau bis hin zur Tierhaltung ist f\u00fcr jeden etwas dabei! Parallel dazu werden Permakultur-Arbeitskreise aufgebaut.<\/p>\n\n\n\n<p>Der erste Anlass findet am Dienstag, den 8. M\u00e4rz, auf dem Betrieb La P\u00e2tissi\u00e8re in Bex (VD), mit Fokus auf einem Agroforstsystem, welche Rebbau mit B\u00e4umen kombiniert. In der Deutsch-Schweiz ist der n\u00e4chste Anlass am 8. Juni geplant im Kanton Sankt-Gallen, mit dem Thema Str\u00e4ucher und B\u00e4ume im Permakultursystemen. Stefan Suter von der Biobaumschule Neckertal informiert \u00fcber Standort-, Sorten- und Artenwahl, insbesondere auch zu Wildobst und Wildstauden.<\/p>\n\n\n\n<p>Link zum Artikel bei BioAktuell: <a rel=\"noreferrer noopener\" href=\"https:\/\/www.bioactualites.ch\/actualites\/nouvelle\/probio-permaculture-en-milieu-agricole\" target=\"_blank\">www.bioaktuell.ch\/aktuell\/meldung\/probio-jahresprogramm-permakultur-in-der-landwirtschaft.html<\/a><\/p>\n\n\n\n<p>Link zu den Anl\u00e4ssen: <a href=\"https:\/\/probio.bioaktuell.ch\/agenda.html\" target=\"_blank\" rel=\"noreferrer noopener\">probio.bioaktuell.ch\/agenda.html<\/a><\/p>\n\n\n\n<figure class=\"wp-block-image size-full\"><a href=\"https:\/\/www.bioactualites.ch\/actualites\/nouvelle\/probio-permaculture-en-milieu-agricole\" target=\"_blank\" rel=\"noopener\"><img fetchpriority=\"high\" decoding=\"async\" width=\"700\" height=\"438\" src=\"https:\/\/permakultur-landwirtschaft.org\/wp-content\/uploads\/2022\/03\/20220223ProBio-Permakultur.jpg\" alt=\"\" class=\"wp-image-18433\" srcset=\"https:\/\/permakultur-landwirtschaft.org\/wp-content\/uploads\/2022\/03\/20220223ProBio-Permakultur.jpg 700w, https:\/\/permakultur-landwirtschaft.org\/wp-content\/uploads\/2022\/03\/20220223ProBio-Permakultur-300x188.jpg 300w\" sizes=\"(max-width: 700px) 100vw, 700px\" \/><\/a><figcaption>Bild: bioaktuell.ch<\/figcaption><\/figure>\n\n\n\n<hr class=\"wp-block-separator\"\/>\n\n\n\n<h3 class=\"wp-block-heading\"><a href=\"https:\/\/permakultur-landwirtschaft.org\/fr\/medien\/\">Hier geht&#8217;s zur \u00dcbersicht aller Neuigkeiten<\/a><\/h3>","protected":false},"excerpt":{"rendered":"<p>Text BioAktuell:Das Beratungsangebot ProBio f\u00f6rdert den Wissensaustausch unter B\u00e4uerinnen und Bauern in Arbeitskreisen und an Fachanl\u00e4ssen. Im Rahmen des ProBio-Projekts von Bio Suisse sind eine Reihe von halbt\u00e4gigen Veranstaltungen auf landwirtschaftlichen Betrieben geplant. Die Anl\u00e4sse sind offen f\u00fcr alle Permakultur-Interessierten, um \u00fcber spezifische Themen zu lernen und sich unter Kolleginnen und Kollegen auszutauschen. Vom Weinbau [&hellip;]<\/p>\n","protected":false},"author":2,"featured_media":18433,"comment_status":"closed","ping_status":"closed","sticky":false,"template":"","format":"standard","meta":{"_acf_changed":false,"site-sidebar-layout":"default","site-content-layout":"","ast-site-content-layout":"default","site-content-style":"default","site-sidebar-style":"default","ast-global-header-display":"","ast-banner-title-visibility":"","ast-main-header-display":"","ast-hfb-above-header-display":"","ast-hfb-below-header-display":"","ast-hfb-mobile-header-display":"","site-post-title":"","ast-breadcrumbs-content":"","ast-featured-img":"","footer-sml-layout":"","ast-disable-related-posts":"","theme-transparent-header-meta":"","adv-header-id-meta":"","stick-header-meta":"","header-above-stick-meta":"","header-main-stick-meta":"","header-below-stick-meta":"","astra-migrate-meta-layouts":"default","ast-page-background-enabled":"default","ast-page-background-meta":{"desktop":{"background-color":"var(--ast-global-color-4)","background-image":"","background-repeat":"repeat","background-position":"center center","background-size":"auto","background-attachment":"scroll","background-type":"","background-media":"","overlay-type":"","overlay-color":"","overlay-opacity":"","overlay-gradient":""},"tablet":{"background-color":"","background-image":"","background-repeat":"repeat","background-position":"center center","background-size":"auto","background-attachment":"scroll","background-type":"","background-media":"","overlay-type":"","overlay-color":"","overlay-opacity":"","overlay-gradient":""},"mobile":{"background-color":"","background-image":"","background-repeat":"repeat","background-position":"center center","background-size":"auto","background-attachment":"scroll","background-type":"","background-media":"","overlay-type":"","overlay-color":"","overlay-opacity":"","overlay-gradient":""}},"ast-content-background-meta":{"desktop":{"background-color":"var(--ast-global-color-5)","background-image":"","background-repeat":"repeat","background-position":"center center","background-size":"auto","background-attachment":"scroll","background-type":"","background-media":"","overlay-type":"","overlay-color":"","overlay-opacity":"","overlay-gradient":""},"tablet":{"background-color":"var(--ast-global-color-5)","background-image":"","background-repeat":"repeat","background-position":"center center","background-size":"auto","background-attachment":"scroll","background-type":"","background-media":"","overlay-type":"","overlay-color":"","overlay-opacity":"","overlay-gradient":""},"mobile":{"background-color":"var(--ast-global-color-5)","background-image":"","background-repeat":"repeat","background-position":"center center","background-size":"auto","background-attachment":"scroll","background-type":"","background-media":"","overlay-type":"","overlay-color":"","overlay-opacity":"","overlay-gradient":""}},"footnotes":""},"categories":[22],"tags":[],"class_list":["post-18432","post","type-post","status-publish","format-standard","has-post-thumbnail","hentry","category-neuigkeit"],"acf":[],"yoast_head":"<!-- This site is optimized with the Yoast SEO plugin v27.5 - https:\/\/yoast.com\/product\/yoast-seo-wordpress\/ -->\n<title>ProBio-Programm Permakultur in der Landwirtschaft - Permakultur-Landwirtschaft<\/title>\n<meta name=\"robots\" content=\"index, follow, max-snippet:-1, max-image-preview:large, max-video-preview:-1\" \/>\n<link rel=\"canonical\" href=\"https:\/\/permakultur-landwirtschaft.org\/fr\/probio-programm-permakultur-in-der-landwirtschaft\/\" \/>\n<meta property=\"og:locale\" content=\"fr_FR\" \/>\n<meta property=\"og:type\" content=\"article\" \/>\n<meta property=\"og:title\" content=\"ProBio-Programm Permakultur in der Landwirtschaft - Permakultur-Landwirtschaft\" \/>\n<meta property=\"og:description\" content=\"Text BioAktuell:Das Beratungsangebot ProBio f\u00f6rdert den Wissensaustausch unter B\u00e4uerinnen und Bauern in Arbeitskreisen und an Fachanl\u00e4ssen. Im Rahmen des ProBio-Projekts von Bio Suisse sind eine Reihe von halbt\u00e4gigen Veranstaltungen auf landwirtschaftlichen Betrieben geplant. Die Anl\u00e4sse sind offen f\u00fcr alle Permakultur-Interessierten, um \u00fcber spezifische Themen zu lernen und sich unter Kolleginnen und Kollegen auszutauschen. Vom Weinbau [&hellip;]\" \/>\n<meta property=\"og:url\" content=\"https:\/\/permakultur-landwirtschaft.org\/fr\/probio-programm-permakultur-in-der-landwirtschaft\/\" \/>\n<meta property=\"og:site_name\" content=\"Permakultur-Landwirtschaft\" \/>\n<meta property=\"article:publisher\" content=\"https:\/\/www.facebook.com\/PermakulturLandwirtschaft\" \/>\n<meta property=\"article:published_time\" content=\"2022-02-23T09:35:00+00:00\" \/>\n<meta property=\"article:modified_time\" content=\"2022-05-24T07:56:59+00:00\" \/>\n<meta property=\"og:image\" content=\"https:\/\/permakultur-landwirtschaft.org\/wp-content\/uploads\/2022\/03\/20220223ProBio-Permakultur.jpg\" \/>\n\t<meta property=\"og:image:width\" content=\"700\" \/>\n\t<meta property=\"og:image:height\" content=\"438\" \/>\n\t<meta property=\"og:image:type\" content=\"image\/jpeg\" \/>\n<meta name=\"author\" content=\"adrian reutimann\" \/>\n<meta name=\"twitter:card\" content=\"summary_large_image\" \/>\n<meta name=\"twitter:label1\" content=\"\u00c9crit par\" \/>\n\t<meta name=\"twitter:data1\" content=\"adrian reutimann\" \/>\n\t<meta name=\"twitter:label2\" content=\"Dur\u00e9e de lecture estim\u00e9e\" \/>\n\t<meta name=\"twitter:data2\" content=\"1 minute\" \/>\n<script type=\"application\/ld+json\" class=\"yoast-schema-graph\">{\"@context\":\"https:\\\/\\\/schema.org\",\"@graph\":[{\"@type\":\"Article\",\"@id\":\"https:\\\/\\\/permakultur-landwirtschaft.org\\\/probio-programm-permakultur-in-der-landwirtschaft\\\/#article\",\"isPartOf\":{\"@id\":\"https:\\\/\\\/permakultur-landwirtschaft.org\\\/probio-programm-permakultur-in-der-landwirtschaft\\\/\"},\"author\":{\"name\":\"adrian reutimann\",\"@id\":\"https:\\\/\\\/permakultur-landwirtschaft.org\\\/#\\\/schema\\\/person\\\/6b0467872f75aed3e144093f9bf4f0b0\"},\"headline\":\"ProBio-Programm Permakultur in der Landwirtschaft\",\"datePublished\":\"2022-02-23T09:35:00+00:00\",\"dateModified\":\"2022-05-24T07:56:59+00:00\",\"mainEntityOfPage\":{\"@id\":\"https:\\\/\\\/permakultur-landwirtschaft.org\\\/probio-programm-permakultur-in-der-landwirtschaft\\\/\"},\"wordCount\":190,\"publisher\":{\"@id\":\"https:\\\/\\\/permakultur-landwirtschaft.org\\\/#organization\"},\"image\":{\"@id\":\"https:\\\/\\\/permakultur-landwirtschaft.org\\\/probio-programm-permakultur-in-der-landwirtschaft\\\/#primaryimage\"},\"thumbnailUrl\":\"https:\\\/\\\/permakultur-landwirtschaft.org\\\/wp-content\\\/uploads\\\/2022\\\/03\\\/20220223ProBio-Permakultur.jpg\",\"articleSection\":[\"Neuigkeit\"],\"inLanguage\":\"fr-FR\"},{\"@type\":\"WebPage\",\"@id\":\"https:\\\/\\\/permakultur-landwirtschaft.org\\\/probio-programm-permakultur-in-der-landwirtschaft\\\/\",\"url\":\"https:\\\/\\\/permakultur-landwirtschaft.org\\\/probio-programm-permakultur-in-der-landwirtschaft\\\/\",\"name\":\"ProBio-Programm Permakultur in der Landwirtschaft - Permakultur-Landwirtschaft\",\"isPartOf\":{\"@id\":\"https:\\\/\\\/permakultur-landwirtschaft.org\\\/#website\"},\"primaryImageOfPage\":{\"@id\":\"https:\\\/\\\/permakultur-landwirtschaft.org\\\/probio-programm-permakultur-in-der-landwirtschaft\\\/#primaryimage\"},\"image\":{\"@id\":\"https:\\\/\\\/permakultur-landwirtschaft.org\\\/probio-programm-permakultur-in-der-landwirtschaft\\\/#primaryimage\"},\"thumbnailUrl\":\"https:\\\/\\\/permakultur-landwirtschaft.org\\\/wp-content\\\/uploads\\\/2022\\\/03\\\/20220223ProBio-Permakultur.jpg\",\"datePublished\":\"2022-02-23T09:35:00+00:00\",\"dateModified\":\"2022-05-24T07:56:59+00:00\",\"breadcrumb\":{\"@id\":\"https:\\\/\\\/permakultur-landwirtschaft.org\\\/probio-programm-permakultur-in-der-landwirtschaft\\\/#breadcrumb\"},\"inLanguage\":\"fr-FR\",\"potentialAction\":[{\"@type\":\"ReadAction\",\"target\":[\"https:\\\/\\\/permakultur-landwirtschaft.org\\\/probio-programm-permakultur-in-der-landwirtschaft\\\/\"]}]},{\"@type\":\"ImageObject\",\"inLanguage\":\"fr-FR\",\"@id\":\"https:\\\/\\\/permakultur-landwirtschaft.org\\\/probio-programm-permakultur-in-der-landwirtschaft\\\/#primaryimage\",\"url\":\"https:\\\/\\\/permakultur-landwirtschaft.org\\\/wp-content\\\/uploads\\\/2022\\\/03\\\/20220223ProBio-Permakultur.jpg\",\"contentUrl\":\"https:\\\/\\\/permakultur-landwirtschaft.org\\\/wp-content\\\/uploads\\\/2022\\\/03\\\/20220223ProBio-Permakultur.jpg\",\"width\":700,\"height\":438},{\"@type\":\"BreadcrumbList\",\"@id\":\"https:\\\/\\\/permakultur-landwirtschaft.org\\\/probio-programm-permakultur-in-der-landwirtschaft\\\/#breadcrumb\",\"itemListElement\":[{\"@type\":\"ListItem\",\"position\":1,\"name\":\"Startseite\",\"item\":\"https:\\\/\\\/permakultur-landwirtschaft.org\\\/\"},{\"@type\":\"ListItem\",\"position\":2,\"name\":\"ProBio-Programm Permakultur in der Landwirtschaft\"}]},{\"@type\":\"WebSite\",\"@id\":\"https:\\\/\\\/permakultur-landwirtschaft.org\\\/#website\",\"url\":\"https:\\\/\\\/permakultur-landwirtschaft.org\\\/\",\"name\":\"Permakultur-Landwirtschaft\",\"description\":\"F\u00f6rderung der Permakultur in der Landwirtschaft\",\"publisher\":{\"@id\":\"https:\\\/\\\/permakultur-landwirtschaft.org\\\/#organization\"},\"potentialAction\":[{\"@type\":\"SearchAction\",\"target\":{\"@type\":\"EntryPoint\",\"urlTemplate\":\"https:\\\/\\\/permakultur-landwirtschaft.org\\\/?s={search_term_string}\"},\"query-input\":{\"@type\":\"PropertyValueSpecification\",\"valueRequired\":true,\"valueName\":\"search_term_string\"}}],\"inLanguage\":\"fr-FR\"},{\"@type\":\"Organization\",\"@id\":\"https:\\\/\\\/permakultur-landwirtschaft.org\\\/#organization\",\"name\":\"Permakultur-Landwirtschaft\",\"alternateName\":\"Verein Permakultur-Landwirtschaft\",\"url\":\"https:\\\/\\\/permakultur-landwirtschaft.org\\\/\",\"logo\":{\"@type\":\"ImageObject\",\"inLanguage\":\"fr-FR\",\"@id\":\"https:\\\/\\\/permakultur-landwirtschaft.org\\\/#\\\/schema\\\/logo\\\/image\\\/\",\"url\":\"https:\\\/\\\/permakultur-landwirtschaft.org\\\/wp-content\\\/uploads\\\/2021\\\/11\\\/pela_1268x1269.png\",\"contentUrl\":\"https:\\\/\\\/permakultur-landwirtschaft.org\\\/wp-content\\\/uploads\\\/2021\\\/11\\\/pela_1268x1269.png\",\"width\":1298,\"height\":1269,\"caption\":\"Permakultur-Landwirtschaft\"},\"image\":{\"@id\":\"https:\\\/\\\/permakultur-landwirtschaft.org\\\/#\\\/schema\\\/logo\\\/image\\\/\"},\"sameAs\":[\"https:\\\/\\\/www.facebook.com\\\/PermakulturLandwirtschaft\",\"https:\\\/\\\/www.instagram.com\\\/permakultur_landwirtschaft\\\/\",\"https:\\\/\\\/www.flickr.com\\\/photos\\\/permakultur-landwirtschaft\",\"https:\\\/\\\/www.youtube.com\\\/@PermakulturLandwirtschaft\"]},{\"@type\":\"Person\",\"@id\":\"https:\\\/\\\/permakultur-landwirtschaft.org\\\/#\\\/schema\\\/person\\\/6b0467872f75aed3e144093f9bf4f0b0\",\"name\":\"adrian reutimann\",\"url\":\"https:\\\/\\\/permakultur-landwirtschaft.org\\\/fr\\\/author\\\/reutiadr\\\/\"}]}<\/script>\n<!-- \/ Yoast SEO plugin. -->","yoast_head_json":{"title":"ProBio-Programm Permakultur in der Landwirtschaft - Permakultur-Landwirtschaft","robots":{"index":"index","follow":"follow","max-snippet":"max-snippet:-1","max-image-preview":"max-image-preview:large","max-video-preview":"max-video-preview:-1"},"canonical":"https:\/\/permakultur-landwirtschaft.org\/fr\/probio-programm-permakultur-in-der-landwirtschaft\/","og_locale":"fr_FR","og_type":"article","og_title":"ProBio-Programm Permakultur in der Landwirtschaft - Permakultur-Landwirtschaft","og_description":"Text BioAktuell:Das Beratungsangebot ProBio f\u00f6rdert den Wissensaustausch unter B\u00e4uerinnen und Bauern in Arbeitskreisen und an Fachanl\u00e4ssen. Im Rahmen des ProBio-Projekts von Bio Suisse sind eine Reihe von halbt\u00e4gigen Veranstaltungen auf landwirtschaftlichen Betrieben geplant. Die Anl\u00e4sse sind offen f\u00fcr alle Permakultur-Interessierten, um \u00fcber spezifische Themen zu lernen und sich unter Kolleginnen und Kollegen auszutauschen. Vom Weinbau [&hellip;]","og_url":"https:\/\/permakultur-landwirtschaft.org\/fr\/probio-programm-permakultur-in-der-landwirtschaft\/","og_site_name":"Permakultur-Landwirtschaft","article_publisher":"https:\/\/www.facebook.com\/PermakulturLandwirtschaft","article_published_time":"2022-02-23T09:35:00+00:00","article_modified_time":"2022-05-24T07:56:59+00:00","og_image":[{"width":700,"height":438,"url":"https:\/\/permakultur-landwirtschaft.org\/wp-content\/uploads\/2022\/03\/20220223ProBio-Permakultur.jpg","type":"image\/jpeg"}],"author":"adrian reutimann","twitter_card":"summary_large_image","twitter_misc":{"\u00c9crit par":"adrian reutimann","Dur\u00e9e de lecture estim\u00e9e":"1 minute"},"schema":{"@context":"https:\/\/schema.org","@graph":[{"@type":"Article","@id":"https:\/\/permakultur-landwirtschaft.org\/probio-programm-permakultur-in-der-landwirtschaft\/#article","isPartOf":{"@id":"https:\/\/permakultur-landwirtschaft.org\/probio-programm-permakultur-in-der-landwirtschaft\/"},"author":{"name":"adrian reutimann","@id":"https:\/\/permakultur-landwirtschaft.org\/#\/schema\/person\/6b0467872f75aed3e144093f9bf4f0b0"},"headline":"ProBio-Programm Permakultur in der Landwirtschaft","datePublished":"2022-02-23T09:35:00+00:00","dateModified":"2022-05-24T07:56:59+00:00","mainEntityOfPage":{"@id":"https:\/\/permakultur-landwirtschaft.org\/probio-programm-permakultur-in-der-landwirtschaft\/"},"wordCount":190,"publisher":{"@id":"https:\/\/permakultur-landwirtschaft.org\/#organization"},"image":{"@id":"https:\/\/permakultur-landwirtschaft.org\/probio-programm-permakultur-in-der-landwirtschaft\/#primaryimage"},"thumbnailUrl":"https:\/\/permakultur-landwirtschaft.org\/wp-content\/uploads\/2022\/03\/20220223ProBio-Permakultur.jpg","articleSection":["Neuigkeit"],"inLanguage":"fr-FR"},{"@type":"WebPage","@id":"https:\/\/permakultur-landwirtschaft.org\/probio-programm-permakultur-in-der-landwirtschaft\/","url":"https:\/\/permakultur-landwirtschaft.org\/probio-programm-permakultur-in-der-landwirtschaft\/","name":"ProBio-Programm Permakultur in der Landwirtschaft - Permakultur-Landwirtschaft","isPartOf":{"@id":"https:\/\/permakultur-landwirtschaft.org\/#website"},"primaryImageOfPage":{"@id":"https:\/\/permakultur-landwirtschaft.org\/probio-programm-permakultur-in-der-landwirtschaft\/#primaryimage"},"image":{"@id":"https:\/\/permakultur-landwirtschaft.org\/probio-programm-permakultur-in-der-landwirtschaft\/#primaryimage"},"thumbnailUrl":"https:\/\/permakultur-landwirtschaft.org\/wp-content\/uploads\/2022\/03\/20220223ProBio-Permakultur.jpg","datePublished":"2022-02-23T09:35:00+00:00","dateModified":"2022-05-24T07:56:59+00:00","breadcrumb":{"@id":"https:\/\/permakultur-landwirtschaft.org\/probio-programm-permakultur-in-der-landwirtschaft\/#breadcrumb"},"inLanguage":"fr-FR","potentialAction":[{"@type":"ReadAction","target":["https:\/\/permakultur-landwirtschaft.org\/probio-programm-permakultur-in-der-landwirtschaft\/"]}]},{"@type":"ImageObject","inLanguage":"fr-FR","@id":"https:\/\/permakultur-landwirtschaft.org\/probio-programm-permakultur-in-der-landwirtschaft\/#primaryimage","url":"https:\/\/permakultur-landwirtschaft.org\/wp-content\/uploads\/2022\/03\/20220223ProBio-Permakultur.jpg","contentUrl":"https:\/\/permakultur-landwirtschaft.org\/wp-content\/uploads\/2022\/03\/20220223ProBio-Permakultur.jpg","width":700,"height":438},{"@type":"BreadcrumbList","@id":"https:\/\/permakultur-landwirtschaft.org\/probio-programm-permakultur-in-der-landwirtschaft\/#breadcrumb","itemListElement":[{"@type":"ListItem","position":1,"name":"Startseite","item":"https:\/\/permakultur-landwirtschaft.org\/"},{"@type":"ListItem","position":2,"name":"ProBio-Programm Permakultur in der Landwirtschaft"}]},{"@type":"WebSite","@id":"https:\/\/permakultur-landwirtschaft.org\/#website","url":"https:\/\/permakultur-landwirtschaft.org\/","name":"Permakultur-Landwirtschaft","description":"F\u00f6rderung der Permakultur in der Landwirtschaft","publisher":{"@id":"https:\/\/permakultur-landwirtschaft.org\/#organization"},"potentialAction":[{"@type":"SearchAction","target":{"@type":"EntryPoint","urlTemplate":"https:\/\/permakultur-landwirtschaft.org\/?s={search_term_string}"},"query-input":{"@type":"PropertyValueSpecification","valueRequired":true,"valueName":"search_term_string"}}],"inLanguage":"fr-FR"},{"@type":"Organization","@id":"https:\/\/permakultur-landwirtschaft.org\/#organization","name":"Permakultur-Landwirtschaft","alternateName":"Verein Permakultur-Landwirtschaft","url":"https:\/\/permakultur-landwirtschaft.org\/","logo":{"@type":"ImageObject","inLanguage":"fr-FR","@id":"https:\/\/permakultur-landwirtschaft.org\/#\/schema\/logo\/image\/","url":"https:\/\/permakultur-landwirtschaft.org\/wp-content\/uploads\/2021\/11\/pela_1268x1269.png","contentUrl":"https:\/\/permakultur-landwirtschaft.org\/wp-content\/uploads\/2021\/11\/pela_1268x1269.png","width":1298,"height":1269,"caption":"Permakultur-Landwirtschaft"},"image":{"@id":"https:\/\/permakultur-landwirtschaft.org\/#\/schema\/logo\/image\/"},"sameAs":["https:\/\/www.facebook.com\/PermakulturLandwirtschaft","https:\/\/www.instagram.com\/permakultur_landwirtschaft\/","https:\/\/www.flickr.com\/photos\/permakultur-landwirtschaft","https:\/\/www.youtube.com\/@PermakulturLandwirtschaft"]},{"@type":"Person","@id":"https:\/\/permakultur-landwirtschaft.org\/#\/schema\/person\/6b0467872f75aed3e144093f9bf4f0b0","name":"adrian reutimann","url":"https:\/\/permakultur-landwirtschaft.org\/fr\/author\/reutiadr\/"}]}},"_links":{"self":[{"href":"https:\/\/permakultur-landwirtschaft.org\/fr\/wp-json\/wp\/v2\/posts\/18432","targetHints":{"allow":["GET"]}}],"collection":[{"href":"https:\/\/permakultur-landwirtschaft.org\/fr\/wp-json\/wp\/v2\/posts"}],"about":[{"href":"https:\/\/permakultur-landwirtschaft.org\/fr\/wp-json\/wp\/v2\/types\/post"}],"author":[{"embeddable":true,"href":"https:\/\/permakultur-landwirtschaft.org\/fr\/wp-json\/wp\/v2\/users\/2"}],"replies":[{"embeddable":true,"href":"https:\/\/permakultur-landwirtschaft.org\/fr\/wp-json\/wp\/v2\/comments?post=18432"}],"version-history":[{"count":3,"href":"https:\/\/permakultur-landwirtschaft.org\/fr\/wp-json\/wp\/v2\/posts\/18432\/revisions"}],"predecessor-version":[{"id":19719,"href":"https:\/\/permakultur-landwirtschaft.org\/fr\/wp-json\/wp\/v2\/posts\/18432\/revisions\/19719"}],"wp:featuredmedia":[{"embeddable":true,"href":"https:\/\/permakultur-landwirtschaft.org\/fr\/wp-json\/wp\/v2\/media\/18433"}],"wp:attachment":[{"href":"https:\/\/permakultur-landwirtschaft.org\/fr\/wp-json\/wp\/v2\/media?parent=18432"}],"wp:term":[{"taxonomy":"category","embeddable":true,"href":"https:\/\/permakultur-landwirtschaft.org\/fr\/wp-json\/wp\/v2\/categories?post=18432"},{"taxonomy":"post_tag","embeddable":true,"href":"https:\/\/permakultur-landwirtschaft.org\/fr\/wp-json\/wp\/v2\/tags?post=18432"}],"curies":[{"name":"wp","href":"https:\/\/api.w.org\/{rel}","templated":true}]}}