{"id":18271,"date":"2022-02-17T10:47:00","date_gmt":"2022-02-17T09:47:00","guid":{"rendered":"https:\/\/permakultur-landwirtschaft.org\/?p=18271"},"modified":"2023-08-24T09:48:46","modified_gmt":"2023-08-24T07:48:46","slug":"betriebsleiter-in-fuer-permakulturhof-im-kanton-solothurn-gesucht","status":"publish","type":"post","link":"https:\/\/permakultur-landwirtschaft.org\/fr\/betriebsleiter-in-fuer-permakulturhof-im-kanton-solothurn-gesucht\/","title":{"rendered":"Betriebsleiter\/in f\u00fcr Permakulturhof im Kanton Solothurn gesucht"},"content":{"rendered":"<p>Text von enkeltauglich-wirtschaften.ch:<br>Wir suchen per sofort eine\/n Betriebsleiter\/in f\u00fcr den Aufbau und langfristigen Betrieb eines Permakulturhofs in einer wundersch\u00f6n gelegenen Gemeinde im Kanton Solothurn, dies in Verbindung mit der Etablierung eines Betreuungsprogramms f\u00fcr Jugendliche und junge Erwachsene, die \u201cein wenig aus dem System fallen\u201d.<\/p>\n\n\n\n<h2 class=\"wp-block-heading\">Betriebsleiter\/in f\u00fcr Permakulturhof<\/h2>\n\n\n\n<p><a href=\"https:\/\/enkeltauglich-wirtschaften.ch\/betriebsleiter-in-fuer-permakulturhof-gesucht\" target=\"_blank\" rel=\"noreferrer noopener\">Link zur Ausschreibung: enkeltauglich-wirtschaften.ch\/betriebsleiter-in-fuer-permakulturhof-gesucht<\/a><\/p>\n\n\n\n<figure class=\"wp-block-image size-full\"><a href=\"https:\/\/enkeltauglich-wirtschaften.ch\/betriebsleiter-in-fuer-permakulturhof-gesucht\/\" target=\"_blank\" rel=\"noopener\"><img fetchpriority=\"high\" decoding=\"async\" width=\"700\" height=\"393\" src=\"https:\/\/permakultur-landwirtschaft.org\/wp-content\/uploads\/2022\/02\/AdobeStock_155148766-1920x1080-2.jpg\" alt=\"\" class=\"wp-image-18273\" srcset=\"https:\/\/permakultur-landwirtschaft.org\/wp-content\/uploads\/2022\/02\/AdobeStock_155148766-1920x1080-2.jpg 700w, https:\/\/permakultur-landwirtschaft.org\/wp-content\/uploads\/2022\/02\/AdobeStock_155148766-1920x1080-2-300x168.jpg 300w\" sizes=\"(max-width: 700px) 100vw, 700px\" \/><\/a><\/figure>\n\n\n\n<h6 class=\"wp-block-heading\">Bild: <a href=\"https:\/\/enkeltauglich-wirtschaften.ch\/betriebsleiter-in-fuer-permakulturhof-gesucht\/\" target=\"_blank\" rel=\"noreferrer noopener\">enkeltauglich-wirtschaften.ch\/betriebsleiter-in-fuer-permakulturhof-gesucht<\/a><\/h6>\n\n\n\n<hr class=\"wp-block-separator has-css-opacity\"\/>\n\n\n\n<h3 class=\"wp-block-heading\"><a href=\"https:\/\/permakultur-landwirtschaft.org\/fr\/stellenangebote-im-bereich-permakultur\/\">Hier geht&#8217;s zur \u00dcbersicht aller Stellenangebote<\/a><\/h3>","protected":false},"excerpt":{"rendered":"<p>Text von enkeltauglich-wirtschaften.ch:Wir suchen per sofort eine\/n Betriebsleiter\/in f\u00fcr den Aufbau und langfristigen Betrieb eines Permakulturhofs in einer wundersch\u00f6n gelegenen Gemeinde im Kanton Solothurn, dies in Verbindung mit der Etablierung eines Betreuungsprogramms f\u00fcr Jugendliche und junge Erwachsene, die \u201cein wenig aus dem System fallen\u201d. Betriebsleiter\/in f\u00fcr Permakulturhof Link zur Ausschreibung: enkeltauglich-wirtschaften.ch\/betriebsleiter-in-fuer-permakulturhof-gesucht Bild: enkeltauglich-wirtschaften.ch\/betriebsleiter-in-fuer-permakulturhof-gesucht Hier geht&#8217;s [&hellip;]<\/p>\n","protected":false},"author":2,"featured_media":18273,"comment_status":"closed","ping_status":"closed","sticky":false,"template":"","format":"standard","meta":{"_acf_changed":false,"site-sidebar-layout":"default","site-content-layout":"","ast-site-content-layout":"default","site-content-style":"default","site-sidebar-style":"default","ast-global-header-display":"","ast-banner-title-visibility":"","ast-main-header-display":"","ast-hfb-above-header-display":"","ast-hfb-below-header-display":"","ast-hfb-mobile-header-display":"","site-post-title":"","ast-breadcrumbs-content":"","ast-featured-img":"","footer-sml-layout":"","ast-disable-related-posts":"","theme-transparent-header-meta":"","adv-header-id-meta":"","stick-header-meta":"","header-above-stick-meta":"","header-main-stick-meta":"","header-below-stick-meta":"","astra-migrate-meta-layouts":"default","ast-page-background-enabled":"default","ast-page-background-meta":{"desktop":{"background-color":"var(--ast-global-color-4)","background-image":"","background-repeat":"repeat","background-position":"center center","background-size":"auto","background-attachment":"scroll","background-type":"","background-media":"","overlay-type":"","overlay-color":"","overlay-opacity":"","overlay-gradient":""},"tablet":{"background-color":"","background-image":"","background-repeat":"repeat","background-position":"center center","background-size":"auto","background-attachment":"scroll","background-type":"","background-media":"","overlay-type":"","overlay-color":"","overlay-opacity":"","overlay-gradient":""},"mobile":{"background-color":"","background-image":"","background-repeat":"repeat","background-position":"center center","background-size":"auto","background-attachment":"scroll","background-type":"","background-media":"","overlay-type":"","overlay-color":"","overlay-opacity":"","overlay-gradient":""}},"ast-content-background-meta":{"desktop":{"background-color":"var(--ast-global-color-5)","background-image":"","background-repeat":"repeat","background-position":"center center","background-size":"auto","background-attachment":"scroll","background-type":"","background-media":"","overlay-type":"","overlay-color":"","overlay-opacity":"","overlay-gradient":""},"tablet":{"background-color":"var(--ast-global-color-5)","background-image":"","background-repeat":"repeat","background-position":"center center","background-size":"auto","background-attachment":"scroll","background-type":"","background-media":"","overlay-type":"","overlay-color":"","overlay-opacity":"","overlay-gradient":""},"mobile":{"background-color":"var(--ast-global-color-5)","background-image":"","background-repeat":"repeat","background-position":"center center","background-size":"auto","background-attachment":"scroll","background-type":"","background-media":"","overlay-type":"","overlay-color":"","overlay-opacity":"","overlay-gradient":""}},"footnotes":""},"categories":[57],"tags":[],"class_list":["post-18271","post","type-post","status-publish","format-standard","has-post-thumbnail","hentry","category-ausschreibung_archiv"],"acf":[],"yoast_head":"<!-- This site is optimized with the Yoast SEO plugin v27.5 - https:\/\/yoast.com\/product\/yoast-seo-wordpress\/ -->\n<title>Betriebsleiter\/in f\u00fcr Permakulturhof im Kanton Solothurn gesucht - Permakultur-Landwirtschaft<\/title>\n<meta name=\"robots\" content=\"index, follow, max-snippet:-1, max-image-preview:large, max-video-preview:-1\" \/>\n<link rel=\"canonical\" href=\"https:\/\/permakultur-landwirtschaft.org\/fr\/betriebsleiter-in-fuer-permakulturhof-im-kanton-solothurn-gesucht\/\" \/>\n<meta property=\"og:locale\" content=\"fr_FR\" \/>\n<meta property=\"og:type\" content=\"article\" \/>\n<meta property=\"og:title\" content=\"Betriebsleiter\/in f\u00fcr Permakulturhof im Kanton Solothurn gesucht - Permakultur-Landwirtschaft\" \/>\n<meta property=\"og:description\" content=\"Text von enkeltauglich-wirtschaften.ch:Wir suchen per sofort eine\/n Betriebsleiter\/in f\u00fcr den Aufbau und langfristigen Betrieb eines Permakulturhofs in einer wundersch\u00f6n gelegenen Gemeinde im Kanton Solothurn, dies in Verbindung mit der Etablierung eines Betreuungsprogramms f\u00fcr Jugendliche und junge Erwachsene, die \u201cein wenig aus dem System fallen\u201d. Betriebsleiter\/in f\u00fcr Permakulturhof Link zur Ausschreibung: enkeltauglich-wirtschaften.ch\/betriebsleiter-in-fuer-permakulturhof-gesucht Bild: enkeltauglich-wirtschaften.ch\/betriebsleiter-in-fuer-permakulturhof-gesucht Hier geht&#8217;s [&hellip;]\" \/>\n<meta property=\"og:url\" content=\"https:\/\/permakultur-landwirtschaft.org\/fr\/betriebsleiter-in-fuer-permakulturhof-im-kanton-solothurn-gesucht\/\" \/>\n<meta property=\"og:site_name\" content=\"Permakultur-Landwirtschaft\" \/>\n<meta property=\"article:publisher\" content=\"https:\/\/www.facebook.com\/PermakulturLandwirtschaft\" \/>\n<meta property=\"article:published_time\" content=\"2022-02-17T09:47:00+00:00\" \/>\n<meta property=\"article:modified_time\" content=\"2023-08-24T07:48:46+00:00\" \/>\n<meta property=\"og:image\" content=\"https:\/\/permakultur-landwirtschaft.org\/wp-content\/uploads\/2022\/02\/AdobeStock_155148766-1920x1080-2.jpg\" \/>\n\t<meta property=\"og:image:width\" content=\"700\" \/>\n\t<meta property=\"og:image:height\" content=\"393\" \/>\n\t<meta property=\"og:image:type\" content=\"image\/jpeg\" \/>\n<meta name=\"author\" content=\"adrian reutimann\" \/>\n<meta name=\"twitter:card\" content=\"summary_large_image\" \/>\n<meta name=\"twitter:label1\" content=\"\u00c9crit par\" \/>\n\t<meta name=\"twitter:data1\" content=\"adrian reutimann\" \/>\n\t<meta name=\"twitter:label2\" content=\"Dur\u00e9e de lecture estim\u00e9e\" \/>\n\t<meta name=\"twitter:data2\" content=\"1 minute\" \/>\n<script type=\"application\/ld+json\" class=\"yoast-schema-graph\">{\"@context\":\"https:\\\/\\\/schema.org\",\"@graph\":[{\"@type\":\"Article\",\"@id\":\"https:\\\/\\\/permakultur-landwirtschaft.org\\\/betriebsleiter-in-fuer-permakulturhof-im-kanton-solothurn-gesucht\\\/#article\",\"isPartOf\":{\"@id\":\"https:\\\/\\\/permakultur-landwirtschaft.org\\\/betriebsleiter-in-fuer-permakulturhof-im-kanton-solothurn-gesucht\\\/\"},\"author\":{\"name\":\"adrian reutimann\",\"@id\":\"https:\\\/\\\/permakultur-landwirtschaft.org\\\/#\\\/schema\\\/person\\\/6b0467872f75aed3e144093f9bf4f0b0\"},\"headline\":\"Betriebsleiter\\\/in f\u00fcr Permakulturhof im Kanton Solothurn gesucht\",\"datePublished\":\"2022-02-17T09:47:00+00:00\",\"dateModified\":\"2023-08-24T07:48:46+00:00\",\"mainEntityOfPage\":{\"@id\":\"https:\\\/\\\/permakultur-landwirtschaft.org\\\/betriebsleiter-in-fuer-permakulturhof-im-kanton-solothurn-gesucht\\\/\"},\"wordCount\":82,\"publisher\":{\"@id\":\"https:\\\/\\\/permakultur-landwirtschaft.org\\\/#organization\"},\"image\":{\"@id\":\"https:\\\/\\\/permakultur-landwirtschaft.org\\\/betriebsleiter-in-fuer-permakulturhof-im-kanton-solothurn-gesucht\\\/#primaryimage\"},\"thumbnailUrl\":\"https:\\\/\\\/permakultur-landwirtschaft.org\\\/wp-content\\\/uploads\\\/2022\\\/02\\\/AdobeStock_155148766-1920x1080-2.jpg\",\"articleSection\":[\"Ausschreibung_Archiv\"],\"inLanguage\":\"fr-FR\"},{\"@type\":\"WebPage\",\"@id\":\"https:\\\/\\\/permakultur-landwirtschaft.org\\\/betriebsleiter-in-fuer-permakulturhof-im-kanton-solothurn-gesucht\\\/\",\"url\":\"https:\\\/\\\/permakultur-landwirtschaft.org\\\/betriebsleiter-in-fuer-permakulturhof-im-kanton-solothurn-gesucht\\\/\",\"name\":\"Betriebsleiter\\\/in f\u00fcr Permakulturhof im Kanton Solothurn gesucht - Permakultur-Landwirtschaft\",\"isPartOf\":{\"@id\":\"https:\\\/\\\/permakultur-landwirtschaft.org\\\/#website\"},\"primaryImageOfPage\":{\"@id\":\"https:\\\/\\\/permakultur-landwirtschaft.org\\\/betriebsleiter-in-fuer-permakulturhof-im-kanton-solothurn-gesucht\\\/#primaryimage\"},\"image\":{\"@id\":\"https:\\\/\\\/permakultur-landwirtschaft.org\\\/betriebsleiter-in-fuer-permakulturhof-im-kanton-solothurn-gesucht\\\/#primaryimage\"},\"thumbnailUrl\":\"https:\\\/\\\/permakultur-landwirtschaft.org\\\/wp-content\\\/uploads\\\/2022\\\/02\\\/AdobeStock_155148766-1920x1080-2.jpg\",\"datePublished\":\"2022-02-17T09:47:00+00:00\",\"dateModified\":\"2023-08-24T07:48:46+00:00\",\"breadcrumb\":{\"@id\":\"https:\\\/\\\/permakultur-landwirtschaft.org\\\/betriebsleiter-in-fuer-permakulturhof-im-kanton-solothurn-gesucht\\\/#breadcrumb\"},\"inLanguage\":\"fr-FR\",\"potentialAction\":[{\"@type\":\"ReadAction\",\"target\":[\"https:\\\/\\\/permakultur-landwirtschaft.org\\\/betriebsleiter-in-fuer-permakulturhof-im-kanton-solothurn-gesucht\\\/\"]}]},{\"@type\":\"ImageObject\",\"inLanguage\":\"fr-FR\",\"@id\":\"https:\\\/\\\/permakultur-landwirtschaft.org\\\/betriebsleiter-in-fuer-permakulturhof-im-kanton-solothurn-gesucht\\\/#primaryimage\",\"url\":\"https:\\\/\\\/permakultur-landwirtschaft.org\\\/wp-content\\\/uploads\\\/2022\\\/02\\\/AdobeStock_155148766-1920x1080-2.jpg\",\"contentUrl\":\"https:\\\/\\\/permakultur-landwirtschaft.org\\\/wp-content\\\/uploads\\\/2022\\\/02\\\/AdobeStock_155148766-1920x1080-2.jpg\",\"width\":700,\"height\":393},{\"@type\":\"BreadcrumbList\",\"@id\":\"https:\\\/\\\/permakultur-landwirtschaft.org\\\/betriebsleiter-in-fuer-permakulturhof-im-kanton-solothurn-gesucht\\\/#breadcrumb\",\"itemListElement\":[{\"@type\":\"ListItem\",\"position\":1,\"name\":\"Startseite\",\"item\":\"https:\\\/\\\/permakultur-landwirtschaft.org\\\/\"},{\"@type\":\"ListItem\",\"position\":2,\"name\":\"Betriebsleiter\\\/in f\u00fcr Permakulturhof im Kanton Solothurn gesucht\"}]},{\"@type\":\"WebSite\",\"@id\":\"https:\\\/\\\/permakultur-landwirtschaft.org\\\/#website\",\"url\":\"https:\\\/\\\/permakultur-landwirtschaft.org\\\/\",\"name\":\"Permakultur-Landwirtschaft\",\"description\":\"F\u00f6rderung der Permakultur in der Landwirtschaft\",\"publisher\":{\"@id\":\"https:\\\/\\\/permakultur-landwirtschaft.org\\\/#organization\"},\"potentialAction\":[{\"@type\":\"SearchAction\",\"target\":{\"@type\":\"EntryPoint\",\"urlTemplate\":\"https:\\\/\\\/permakultur-landwirtschaft.org\\\/?s={search_term_string}\"},\"query-input\":{\"@type\":\"PropertyValueSpecification\",\"valueRequired\":true,\"valueName\":\"search_term_string\"}}],\"inLanguage\":\"fr-FR\"},{\"@type\":\"Organization\",\"@id\":\"https:\\\/\\\/permakultur-landwirtschaft.org\\\/#organization\",\"name\":\"Permakultur-Landwirtschaft\",\"alternateName\":\"Verein Permakultur-Landwirtschaft\",\"url\":\"https:\\\/\\\/permakultur-landwirtschaft.org\\\/\",\"logo\":{\"@type\":\"ImageObject\",\"inLanguage\":\"fr-FR\",\"@id\":\"https:\\\/\\\/permakultur-landwirtschaft.org\\\/#\\\/schema\\\/logo\\\/image\\\/\",\"url\":\"https:\\\/\\\/permakultur-landwirtschaft.org\\\/wp-content\\\/uploads\\\/2021\\\/11\\\/pela_1268x1269.png\",\"contentUrl\":\"https:\\\/\\\/permakultur-landwirtschaft.org\\\/wp-content\\\/uploads\\\/2021\\\/11\\\/pela_1268x1269.png\",\"width\":1298,\"height\":1269,\"caption\":\"Permakultur-Landwirtschaft\"},\"image\":{\"@id\":\"https:\\\/\\\/permakultur-landwirtschaft.org\\\/#\\\/schema\\\/logo\\\/image\\\/\"},\"sameAs\":[\"https:\\\/\\\/www.facebook.com\\\/PermakulturLandwirtschaft\",\"https:\\\/\\\/www.instagram.com\\\/permakultur_landwirtschaft\\\/\",\"https:\\\/\\\/www.flickr.com\\\/photos\\\/permakultur-landwirtschaft\",\"https:\\\/\\\/www.youtube.com\\\/@PermakulturLandwirtschaft\"]},{\"@type\":\"Person\",\"@id\":\"https:\\\/\\\/permakultur-landwirtschaft.org\\\/#\\\/schema\\\/person\\\/6b0467872f75aed3e144093f9bf4f0b0\",\"name\":\"adrian reutimann\",\"url\":\"https:\\\/\\\/permakultur-landwirtschaft.org\\\/fr\\\/author\\\/reutiadr\\\/\"}]}<\/script>\n<!-- \/ Yoast SEO plugin. -->","yoast_head_json":{"title":"Betriebsleiter\/in f\u00fcr Permakulturhof im Kanton Solothurn gesucht - Permakultur-Landwirtschaft","robots":{"index":"index","follow":"follow","max-snippet":"max-snippet:-1","max-image-preview":"max-image-preview:large","max-video-preview":"max-video-preview:-1"},"canonical":"https:\/\/permakultur-landwirtschaft.org\/fr\/betriebsleiter-in-fuer-permakulturhof-im-kanton-solothurn-gesucht\/","og_locale":"fr_FR","og_type":"article","og_title":"Betriebsleiter\/in f\u00fcr Permakulturhof im Kanton Solothurn gesucht - Permakultur-Landwirtschaft","og_description":"Text von enkeltauglich-wirtschaften.ch:Wir suchen per sofort eine\/n Betriebsleiter\/in f\u00fcr den Aufbau und langfristigen Betrieb eines Permakulturhofs in einer wundersch\u00f6n gelegenen Gemeinde im Kanton Solothurn, dies in Verbindung mit der Etablierung eines Betreuungsprogramms f\u00fcr Jugendliche und junge Erwachsene, die \u201cein wenig aus dem System fallen\u201d. Betriebsleiter\/in f\u00fcr Permakulturhof Link zur Ausschreibung: enkeltauglich-wirtschaften.ch\/betriebsleiter-in-fuer-permakulturhof-gesucht Bild: enkeltauglich-wirtschaften.ch\/betriebsleiter-in-fuer-permakulturhof-gesucht Hier geht&#8217;s [&hellip;]","og_url":"https:\/\/permakultur-landwirtschaft.org\/fr\/betriebsleiter-in-fuer-permakulturhof-im-kanton-solothurn-gesucht\/","og_site_name":"Permakultur-Landwirtschaft","article_publisher":"https:\/\/www.facebook.com\/PermakulturLandwirtschaft","article_published_time":"2022-02-17T09:47:00+00:00","article_modified_time":"2023-08-24T07:48:46+00:00","og_image":[{"width":700,"height":393,"url":"https:\/\/permakultur-landwirtschaft.org\/wp-content\/uploads\/2022\/02\/AdobeStock_155148766-1920x1080-2.jpg","type":"image\/jpeg"}],"author":"adrian reutimann","twitter_card":"summary_large_image","twitter_misc":{"\u00c9crit par":"adrian reutimann","Dur\u00e9e de lecture estim\u00e9e":"1 minute"},"schema":{"@context":"https:\/\/schema.org","@graph":[{"@type":"Article","@id":"https:\/\/permakultur-landwirtschaft.org\/betriebsleiter-in-fuer-permakulturhof-im-kanton-solothurn-gesucht\/#article","isPartOf":{"@id":"https:\/\/permakultur-landwirtschaft.org\/betriebsleiter-in-fuer-permakulturhof-im-kanton-solothurn-gesucht\/"},"author":{"name":"adrian reutimann","@id":"https:\/\/permakultur-landwirtschaft.org\/#\/schema\/person\/6b0467872f75aed3e144093f9bf4f0b0"},"headline":"Betriebsleiter\/in f\u00fcr Permakulturhof im Kanton Solothurn gesucht","datePublished":"2022-02-17T09:47:00+00:00","dateModified":"2023-08-24T07:48:46+00:00","mainEntityOfPage":{"@id":"https:\/\/permakultur-landwirtschaft.org\/betriebsleiter-in-fuer-permakulturhof-im-kanton-solothurn-gesucht\/"},"wordCount":82,"publisher":{"@id":"https:\/\/permakultur-landwirtschaft.org\/#organization"},"image":{"@id":"https:\/\/permakultur-landwirtschaft.org\/betriebsleiter-in-fuer-permakulturhof-im-kanton-solothurn-gesucht\/#primaryimage"},"thumbnailUrl":"https:\/\/permakultur-landwirtschaft.org\/wp-content\/uploads\/2022\/02\/AdobeStock_155148766-1920x1080-2.jpg","articleSection":["Ausschreibung_Archiv"],"inLanguage":"fr-FR"},{"@type":"WebPage","@id":"https:\/\/permakultur-landwirtschaft.org\/betriebsleiter-in-fuer-permakulturhof-im-kanton-solothurn-gesucht\/","url":"https:\/\/permakultur-landwirtschaft.org\/betriebsleiter-in-fuer-permakulturhof-im-kanton-solothurn-gesucht\/","name":"Betriebsleiter\/in f\u00fcr Permakulturhof im Kanton Solothurn gesucht - Permakultur-Landwirtschaft","isPartOf":{"@id":"https:\/\/permakultur-landwirtschaft.org\/#website"},"primaryImageOfPage":{"@id":"https:\/\/permakultur-landwirtschaft.org\/betriebsleiter-in-fuer-permakulturhof-im-kanton-solothurn-gesucht\/#primaryimage"},"image":{"@id":"https:\/\/permakultur-landwirtschaft.org\/betriebsleiter-in-fuer-permakulturhof-im-kanton-solothurn-gesucht\/#primaryimage"},"thumbnailUrl":"https:\/\/permakultur-landwirtschaft.org\/wp-content\/uploads\/2022\/02\/AdobeStock_155148766-1920x1080-2.jpg","datePublished":"2022-02-17T09:47:00+00:00","dateModified":"2023-08-24T07:48:46+00:00","breadcrumb":{"@id":"https:\/\/permakultur-landwirtschaft.org\/betriebsleiter-in-fuer-permakulturhof-im-kanton-solothurn-gesucht\/#breadcrumb"},"inLanguage":"fr-FR","potentialAction":[{"@type":"ReadAction","target":["https:\/\/permakultur-landwirtschaft.org\/betriebsleiter-in-fuer-permakulturhof-im-kanton-solothurn-gesucht\/"]}]},{"@type":"ImageObject","inLanguage":"fr-FR","@id":"https:\/\/permakultur-landwirtschaft.org\/betriebsleiter-in-fuer-permakulturhof-im-kanton-solothurn-gesucht\/#primaryimage","url":"https:\/\/permakultur-landwirtschaft.org\/wp-content\/uploads\/2022\/02\/AdobeStock_155148766-1920x1080-2.jpg","contentUrl":"https:\/\/permakultur-landwirtschaft.org\/wp-content\/uploads\/2022\/02\/AdobeStock_155148766-1920x1080-2.jpg","width":700,"height":393},{"@type":"BreadcrumbList","@id":"https:\/\/permakultur-landwirtschaft.org\/betriebsleiter-in-fuer-permakulturhof-im-kanton-solothurn-gesucht\/#breadcrumb","itemListElement":[{"@type":"ListItem","position":1,"name":"Startseite","item":"https:\/\/permakultur-landwirtschaft.org\/"},{"@type":"ListItem","position":2,"name":"Betriebsleiter\/in f\u00fcr Permakulturhof im Kanton Solothurn gesucht"}]},{"@type":"WebSite","@id":"https:\/\/permakultur-landwirtschaft.org\/#website","url":"https:\/\/permakultur-landwirtschaft.org\/","name":"Permakultur-Landwirtschaft","description":"F\u00f6rderung der Permakultur in der Landwirtschaft","publisher":{"@id":"https:\/\/permakultur-landwirtschaft.org\/#organization"},"potentialAction":[{"@type":"SearchAction","target":{"@type":"EntryPoint","urlTemplate":"https:\/\/permakultur-landwirtschaft.org\/?s={search_term_string}"},"query-input":{"@type":"PropertyValueSpecification","valueRequired":true,"valueName":"search_term_string"}}],"inLanguage":"fr-FR"},{"@type":"Organization","@id":"https:\/\/permakultur-landwirtschaft.org\/#organization","name":"Permakultur-Landwirtschaft","alternateName":"Verein Permakultur-Landwirtschaft","url":"https:\/\/permakultur-landwirtschaft.org\/","logo":{"@type":"ImageObject","inLanguage":"fr-FR","@id":"https:\/\/permakultur-landwirtschaft.org\/#\/schema\/logo\/image\/","url":"https:\/\/permakultur-landwirtschaft.org\/wp-content\/uploads\/2021\/11\/pela_1268x1269.png","contentUrl":"https:\/\/permakultur-landwirtschaft.org\/wp-content\/uploads\/2021\/11\/pela_1268x1269.png","width":1298,"height":1269,"caption":"Permakultur-Landwirtschaft"},"image":{"@id":"https:\/\/permakultur-landwirtschaft.org\/#\/schema\/logo\/image\/"},"sameAs":["https:\/\/www.facebook.com\/PermakulturLandwirtschaft","https:\/\/www.instagram.com\/permakultur_landwirtschaft\/","https:\/\/www.flickr.com\/photos\/permakultur-landwirtschaft","https:\/\/www.youtube.com\/@PermakulturLandwirtschaft"]},{"@type":"Person","@id":"https:\/\/permakultur-landwirtschaft.org\/#\/schema\/person\/6b0467872f75aed3e144093f9bf4f0b0","name":"adrian reutimann","url":"https:\/\/permakultur-landwirtschaft.org\/fr\/author\/reutiadr\/"}]}},"_links":{"self":[{"href":"https:\/\/permakultur-landwirtschaft.org\/fr\/wp-json\/wp\/v2\/posts\/18271","targetHints":{"allow":["GET"]}}],"collection":[{"href":"https:\/\/permakultur-landwirtschaft.org\/fr\/wp-json\/wp\/v2\/posts"}],"about":[{"href":"https:\/\/permakultur-landwirtschaft.org\/fr\/wp-json\/wp\/v2\/types\/post"}],"author":[{"embeddable":true,"href":"https:\/\/permakultur-landwirtschaft.org\/fr\/wp-json\/wp\/v2\/users\/2"}],"replies":[{"embeddable":true,"href":"https:\/\/permakultur-landwirtschaft.org\/fr\/wp-json\/wp\/v2\/comments?post=18271"}],"version-history":[{"count":3,"href":"https:\/\/permakultur-landwirtschaft.org\/fr\/wp-json\/wp\/v2\/posts\/18271\/revisions"}],"predecessor-version":[{"id":31530,"href":"https:\/\/permakultur-landwirtschaft.org\/fr\/wp-json\/wp\/v2\/posts\/18271\/revisions\/31530"}],"wp:featuredmedia":[{"embeddable":true,"href":"https:\/\/permakultur-landwirtschaft.org\/fr\/wp-json\/wp\/v2\/media\/18273"}],"wp:attachment":[{"href":"https:\/\/permakultur-landwirtschaft.org\/fr\/wp-json\/wp\/v2\/media?parent=18271"}],"wp:term":[{"taxonomy":"category","embeddable":true,"href":"https:\/\/permakultur-landwirtschaft.org\/fr\/wp-json\/wp\/v2\/categories?post=18271"},{"taxonomy":"post_tag","embeddable":true,"href":"https:\/\/permakultur-landwirtschaft.org\/fr\/wp-json\/wp\/v2\/tags?post=18271"}],"curies":[{"name":"wp","href":"https:\/\/api.w.org\/{rel}","templated":true}]}}