{"id":17593,"date":"2022-01-08T16:47:00","date_gmt":"2022-01-08T15:47:00","guid":{"rendered":"https:\/\/permakultur-landwirtschaft.org\/?p=17593"},"modified":"2022-01-25T16:59:22","modified_gmt":"2022-01-25T15:59:22","slug":"entwicklung-der-regenerativen-landwirtschaft-interview-im-schweizer-bauer-vom-08-januar-2022","status":"publish","type":"post","link":"https:\/\/permakultur-landwirtschaft.org\/fr\/entwicklung-der-regenerativen-landwirtschaft-interview-im-schweizer-bauer-vom-08-januar-2022\/","title":{"rendered":"Entwicklung der regenerativen Landwirtschaft &#8211; Interview im Schweizer Bauer vom 08. Januar 2022"},"content":{"rendered":"<p>Interview mit Daniel B\u00e4rtschi von unserem Partnerverein <a href=\"https:\/\/www.agricultura-regeneratio.ch\/\" target=\"_blank\" rel=\"noreferrer noopener\">Agricultura Regeneratio<\/a><\/p>\n\n\n\n<p>Text des Schweizer Bauers:<br>Daniel B\u00e4rtschi ist Pr\u00e4sident des Vereins Agricultura Regeneratio. Das Interesse an regenerativer Landwirtschaft sei sehr gross, sagt er und nennt die Anforderungen an die Markennutzer und sch\u00e4tzt die zuk\u00fcnftige Marktentwicklung ein.<\/p>\n\n\n\n<p><a href=\"https:\/\/permakultur-landwirtschaft.org\/documents\/artikel\/20220108_RegenerativeLandwirtschaft_SchweizerBauer_2022_19_Betriebsf\u00fchrung_betr_2_Interview.pdf\" target=\"_blank\" rel=\"noreferrer noopener\">Link zum Interview mit Daniel B\u00e4rtschi im Schweizer Bauer: permakultur-landwirtschaft.org\/documents\/artikel\/20220108_RegenerativeLandwirtschaft_SchweizerBauer_2022_19_Betriebsf\u00fchrung_betr_2_Interview.pdf<\/a><\/p>\n\n\n\n<figure class=\"wp-block-image size-full\"><a href=\"https:\/\/permakultur-landwirtschaft.org\/fr\/documents\/artikel\/20220108_RegenerativeLandwirtschaft_SchweizerBauer_2022_19_Betriebsf%C3%BChrung_betr_2_Interview.pdf\/\" target=\"_blank\" rel=\"noopener\"><img fetchpriority=\"high\" decoding=\"async\" width=\"702\" height=\"400\" src=\"https:\/\/permakultur-landwirtschaft.org\/wp-content\/uploads\/2022\/01\/20220108SchweizerBauer_RegenerativeLandwirtschaft.jpg\" alt=\"\" class=\"wp-image-17595\" srcset=\"https:\/\/permakultur-landwirtschaft.org\/wp-content\/uploads\/2022\/01\/20220108SchweizerBauer_RegenerativeLandwirtschaft.jpg 702w, https:\/\/permakultur-landwirtschaft.org\/wp-content\/uploads\/2022\/01\/20220108SchweizerBauer_RegenerativeLandwirtschaft-300x171.jpg 300w\" sizes=\"(max-width: 702px) 100vw, 702px\" \/><\/a><figcaption>Bild: zvg, Schweizer Bauer  <\/figcaption><\/figure>\n\n\n\n<hr class=\"wp-block-separator\"\/>\n\n\n\n<h3 class=\"wp-block-heading\"><a href=\"https:\/\/permakultur-landwirtschaft.org\/fr\/medien\/\">Hier geht&#8217;s zur \u00dcbersicht aller Neuigkeiten<\/a><\/h3>","protected":false},"excerpt":{"rendered":"<p>Interview mit Daniel B\u00e4rtschi von unserem Partnerverein Agricultura Regeneratio Text des Schweizer Bauers:Daniel B\u00e4rtschi ist Pr\u00e4sident des Vereins Agricultura Regeneratio. Das Interesse an regenerativer Landwirtschaft sei sehr gross, sagt er und nennt die Anforderungen an die Markennutzer und sch\u00e4tzt die zuk\u00fcnftige Marktentwicklung ein. Link zum Interview mit Daniel B\u00e4rtschi im Schweizer Bauer: permakultur-landwirtschaft.org\/documents\/artikel\/20220108_RegenerativeLandwirtschaft_SchweizerBauer_2022_19_Betriebsf\u00fchrung_betr_2_Interview.pdf Hier geht&#8217;s [&hellip;]<\/p>\n","protected":false},"author":2,"featured_media":17595,"comment_status":"closed","ping_status":"closed","sticky":false,"template":"","format":"standard","meta":{"_acf_changed":false,"site-sidebar-layout":"default","site-content-layout":"","ast-site-content-layout":"default","site-content-style":"default","site-sidebar-style":"default","ast-global-header-display":"","ast-banner-title-visibility":"","ast-main-header-display":"","ast-hfb-above-header-display":"","ast-hfb-below-header-display":"","ast-hfb-mobile-header-display":"","site-post-title":"","ast-breadcrumbs-content":"","ast-featured-img":"","footer-sml-layout":"","ast-disable-related-posts":"","theme-transparent-header-meta":"","adv-header-id-meta":"","stick-header-meta":"","header-above-stick-meta":"","header-main-stick-meta":"","header-below-stick-meta":"","astra-migrate-meta-layouts":"default","ast-page-background-enabled":"default","ast-page-background-meta":{"desktop":{"background-color":"var(--ast-global-color-4)","background-image":"","background-repeat":"repeat","background-position":"center center","background-size":"auto","background-attachment":"scroll","background-type":"","background-media":"","overlay-type":"","overlay-color":"","overlay-opacity":"","overlay-gradient":""},"tablet":{"background-color":"","background-image":"","background-repeat":"repeat","background-position":"center center","background-size":"auto","background-attachment":"scroll","background-type":"","background-media":"","overlay-type":"","overlay-color":"","overlay-opacity":"","overlay-gradient":""},"mobile":{"background-color":"","background-image":"","background-repeat":"repeat","background-position":"center center","background-size":"auto","background-attachment":"scroll","background-type":"","background-media":"","overlay-type":"","overlay-color":"","overlay-opacity":"","overlay-gradient":""}},"ast-content-background-meta":{"desktop":{"background-color":"var(--ast-global-color-5)","background-image":"","background-repeat":"repeat","background-position":"center center","background-size":"auto","background-attachment":"scroll","background-type":"","background-media":"","overlay-type":"","overlay-color":"","overlay-opacity":"","overlay-gradient":""},"tablet":{"background-color":"var(--ast-global-color-5)","background-image":"","background-repeat":"repeat","background-position":"center center","background-size":"auto","background-attachment":"scroll","background-type":"","background-media":"","overlay-type":"","overlay-color":"","overlay-opacity":"","overlay-gradient":""},"mobile":{"background-color":"var(--ast-global-color-5)","background-image":"","background-repeat":"repeat","background-position":"center center","background-size":"auto","background-attachment":"scroll","background-type":"","background-media":"","overlay-type":"","overlay-color":"","overlay-opacity":"","overlay-gradient":""}},"footnotes":""},"categories":[22],"tags":[],"class_list":["post-17593","post","type-post","status-publish","format-standard","has-post-thumbnail","hentry","category-neuigkeit"],"acf":[],"yoast_head":"<!-- This site is optimized with the Yoast SEO plugin v27.5 - https:\/\/yoast.com\/product\/yoast-seo-wordpress\/ -->\n<title>Entwicklung der regenerativen Landwirtschaft - Interview im Schweizer Bauer vom 08. Januar 2022 - Permakultur-Landwirtschaft<\/title>\n<meta name=\"robots\" content=\"index, follow, max-snippet:-1, max-image-preview:large, max-video-preview:-1\" \/>\n<link rel=\"canonical\" href=\"https:\/\/permakultur-landwirtschaft.org\/fr\/entwicklung-der-regenerativen-landwirtschaft-interview-im-schweizer-bauer-vom-08-januar-2022\/\" \/>\n<meta property=\"og:locale\" content=\"fr_FR\" \/>\n<meta property=\"og:type\" content=\"article\" \/>\n<meta property=\"og:title\" content=\"Entwicklung der regenerativen Landwirtschaft - Interview im Schweizer Bauer vom 08. Januar 2022 - Permakultur-Landwirtschaft\" \/>\n<meta property=\"og:description\" content=\"Interview mit Daniel B\u00e4rtschi von unserem Partnerverein Agricultura Regeneratio Text des Schweizer Bauers:Daniel B\u00e4rtschi ist Pr\u00e4sident des Vereins Agricultura Regeneratio. Das Interesse an regenerativer Landwirtschaft sei sehr gross, sagt er und nennt die Anforderungen an die Markennutzer und sch\u00e4tzt die zuk\u00fcnftige Marktentwicklung ein. Link zum Interview mit Daniel B\u00e4rtschi im Schweizer Bauer: permakultur-landwirtschaft.org\/documents\/artikel\/20220108_RegenerativeLandwirtschaft_SchweizerBauer_2022_19_Betriebsf\u00fchrung_betr_2_Interview.pdf Hier geht&#8217;s [&hellip;]\" \/>\n<meta property=\"og:url\" content=\"https:\/\/permakultur-landwirtschaft.org\/fr\/entwicklung-der-regenerativen-landwirtschaft-interview-im-schweizer-bauer-vom-08-januar-2022\/\" \/>\n<meta property=\"og:site_name\" content=\"Permakultur-Landwirtschaft\" \/>\n<meta property=\"article:publisher\" content=\"https:\/\/www.facebook.com\/PermakulturLandwirtschaft\" \/>\n<meta property=\"article:published_time\" content=\"2022-01-08T15:47:00+00:00\" \/>\n<meta property=\"article:modified_time\" content=\"2022-01-25T15:59:22+00:00\" \/>\n<meta property=\"og:image\" content=\"https:\/\/permakultur-landwirtschaft.org\/wp-content\/uploads\/2022\/01\/20220108SchweizerBauer_RegenerativeLandwirtschaft.jpg\" \/>\n\t<meta property=\"og:image:width\" content=\"702\" \/>\n\t<meta property=\"og:image:height\" content=\"400\" \/>\n\t<meta property=\"og:image:type\" content=\"image\/jpeg\" \/>\n<meta name=\"author\" content=\"adrian reutimann\" \/>\n<meta name=\"twitter:card\" content=\"summary_large_image\" \/>\n<meta name=\"twitter:label1\" content=\"\u00c9crit par\" \/>\n\t<meta name=\"twitter:data1\" content=\"adrian reutimann\" \/>\n<script type=\"application\/ld+json\" class=\"yoast-schema-graph\">{\"@context\":\"https:\\\/\\\/schema.org\",\"@graph\":[{\"@type\":\"Article\",\"@id\":\"https:\\\/\\\/permakultur-landwirtschaft.org\\\/entwicklung-der-regenerativen-landwirtschaft-interview-im-schweizer-bauer-vom-08-januar-2022\\\/#article\",\"isPartOf\":{\"@id\":\"https:\\\/\\\/permakultur-landwirtschaft.org\\\/entwicklung-der-regenerativen-landwirtschaft-interview-im-schweizer-bauer-vom-08-januar-2022\\\/\"},\"author\":{\"name\":\"adrian reutimann\",\"@id\":\"https:\\\/\\\/permakultur-landwirtschaft.org\\\/#\\\/schema\\\/person\\\/6b0467872f75aed3e144093f9bf4f0b0\"},\"headline\":\"Entwicklung der regenerativen Landwirtschaft &#8211; Interview im Schweizer Bauer vom 08. Januar 2022\",\"datePublished\":\"2022-01-08T15:47:00+00:00\",\"dateModified\":\"2022-01-25T15:59:22+00:00\",\"mainEntityOfPage\":{\"@id\":\"https:\\\/\\\/permakultur-landwirtschaft.org\\\/entwicklung-der-regenerativen-landwirtschaft-interview-im-schweizer-bauer-vom-08-januar-2022\\\/\"},\"wordCount\":92,\"publisher\":{\"@id\":\"https:\\\/\\\/permakultur-landwirtschaft.org\\\/#organization\"},\"image\":{\"@id\":\"https:\\\/\\\/permakultur-landwirtschaft.org\\\/entwicklung-der-regenerativen-landwirtschaft-interview-im-schweizer-bauer-vom-08-januar-2022\\\/#primaryimage\"},\"thumbnailUrl\":\"https:\\\/\\\/permakultur-landwirtschaft.org\\\/wp-content\\\/uploads\\\/2022\\\/01\\\/20220108SchweizerBauer_RegenerativeLandwirtschaft.jpg\",\"articleSection\":[\"Neuigkeit\"],\"inLanguage\":\"fr-FR\"},{\"@type\":\"WebPage\",\"@id\":\"https:\\\/\\\/permakultur-landwirtschaft.org\\\/entwicklung-der-regenerativen-landwirtschaft-interview-im-schweizer-bauer-vom-08-januar-2022\\\/\",\"url\":\"https:\\\/\\\/permakultur-landwirtschaft.org\\\/entwicklung-der-regenerativen-landwirtschaft-interview-im-schweizer-bauer-vom-08-januar-2022\\\/\",\"name\":\"Entwicklung der regenerativen Landwirtschaft - Interview im Schweizer Bauer vom 08. Januar 2022 - Permakultur-Landwirtschaft\",\"isPartOf\":{\"@id\":\"https:\\\/\\\/permakultur-landwirtschaft.org\\\/#website\"},\"primaryImageOfPage\":{\"@id\":\"https:\\\/\\\/permakultur-landwirtschaft.org\\\/entwicklung-der-regenerativen-landwirtschaft-interview-im-schweizer-bauer-vom-08-januar-2022\\\/#primaryimage\"},\"image\":{\"@id\":\"https:\\\/\\\/permakultur-landwirtschaft.org\\\/entwicklung-der-regenerativen-landwirtschaft-interview-im-schweizer-bauer-vom-08-januar-2022\\\/#primaryimage\"},\"thumbnailUrl\":\"https:\\\/\\\/permakultur-landwirtschaft.org\\\/wp-content\\\/uploads\\\/2022\\\/01\\\/20220108SchweizerBauer_RegenerativeLandwirtschaft.jpg\",\"datePublished\":\"2022-01-08T15:47:00+00:00\",\"dateModified\":\"2022-01-25T15:59:22+00:00\",\"breadcrumb\":{\"@id\":\"https:\\\/\\\/permakultur-landwirtschaft.org\\\/entwicklung-der-regenerativen-landwirtschaft-interview-im-schweizer-bauer-vom-08-januar-2022\\\/#breadcrumb\"},\"inLanguage\":\"fr-FR\",\"potentialAction\":[{\"@type\":\"ReadAction\",\"target\":[\"https:\\\/\\\/permakultur-landwirtschaft.org\\\/entwicklung-der-regenerativen-landwirtschaft-interview-im-schweizer-bauer-vom-08-januar-2022\\\/\"]}]},{\"@type\":\"ImageObject\",\"inLanguage\":\"fr-FR\",\"@id\":\"https:\\\/\\\/permakultur-landwirtschaft.org\\\/entwicklung-der-regenerativen-landwirtschaft-interview-im-schweizer-bauer-vom-08-januar-2022\\\/#primaryimage\",\"url\":\"https:\\\/\\\/permakultur-landwirtschaft.org\\\/wp-content\\\/uploads\\\/2022\\\/01\\\/20220108SchweizerBauer_RegenerativeLandwirtschaft.jpg\",\"contentUrl\":\"https:\\\/\\\/permakultur-landwirtschaft.org\\\/wp-content\\\/uploads\\\/2022\\\/01\\\/20220108SchweizerBauer_RegenerativeLandwirtschaft.jpg\",\"width\":702,\"height\":400},{\"@type\":\"BreadcrumbList\",\"@id\":\"https:\\\/\\\/permakultur-landwirtschaft.org\\\/entwicklung-der-regenerativen-landwirtschaft-interview-im-schweizer-bauer-vom-08-januar-2022\\\/#breadcrumb\",\"itemListElement\":[{\"@type\":\"ListItem\",\"position\":1,\"name\":\"Startseite\",\"item\":\"https:\\\/\\\/permakultur-landwirtschaft.org\\\/\"},{\"@type\":\"ListItem\",\"position\":2,\"name\":\"Entwicklung der regenerativen Landwirtschaft &#8211; Interview im Schweizer Bauer vom 08. Januar 2022\"}]},{\"@type\":\"WebSite\",\"@id\":\"https:\\\/\\\/permakultur-landwirtschaft.org\\\/#website\",\"url\":\"https:\\\/\\\/permakultur-landwirtschaft.org\\\/\",\"name\":\"Permakultur-Landwirtschaft\",\"description\":\"F\u00f6rderung der Permakultur in der Landwirtschaft\",\"publisher\":{\"@id\":\"https:\\\/\\\/permakultur-landwirtschaft.org\\\/#organization\"},\"potentialAction\":[{\"@type\":\"SearchAction\",\"target\":{\"@type\":\"EntryPoint\",\"urlTemplate\":\"https:\\\/\\\/permakultur-landwirtschaft.org\\\/?s={search_term_string}\"},\"query-input\":{\"@type\":\"PropertyValueSpecification\",\"valueRequired\":true,\"valueName\":\"search_term_string\"}}],\"inLanguage\":\"fr-FR\"},{\"@type\":\"Organization\",\"@id\":\"https:\\\/\\\/permakultur-landwirtschaft.org\\\/#organization\",\"name\":\"Permakultur-Landwirtschaft\",\"alternateName\":\"Verein Permakultur-Landwirtschaft\",\"url\":\"https:\\\/\\\/permakultur-landwirtschaft.org\\\/\",\"logo\":{\"@type\":\"ImageObject\",\"inLanguage\":\"fr-FR\",\"@id\":\"https:\\\/\\\/permakultur-landwirtschaft.org\\\/#\\\/schema\\\/logo\\\/image\\\/\",\"url\":\"https:\\\/\\\/permakultur-landwirtschaft.org\\\/wp-content\\\/uploads\\\/2021\\\/11\\\/pela_1268x1269.png\",\"contentUrl\":\"https:\\\/\\\/permakultur-landwirtschaft.org\\\/wp-content\\\/uploads\\\/2021\\\/11\\\/pela_1268x1269.png\",\"width\":1298,\"height\":1269,\"caption\":\"Permakultur-Landwirtschaft\"},\"image\":{\"@id\":\"https:\\\/\\\/permakultur-landwirtschaft.org\\\/#\\\/schema\\\/logo\\\/image\\\/\"},\"sameAs\":[\"https:\\\/\\\/www.facebook.com\\\/PermakulturLandwirtschaft\",\"https:\\\/\\\/www.instagram.com\\\/permakultur_landwirtschaft\\\/\",\"https:\\\/\\\/www.flickr.com\\\/photos\\\/permakultur-landwirtschaft\",\"https:\\\/\\\/www.youtube.com\\\/@PermakulturLandwirtschaft\"]},{\"@type\":\"Person\",\"@id\":\"https:\\\/\\\/permakultur-landwirtschaft.org\\\/#\\\/schema\\\/person\\\/6b0467872f75aed3e144093f9bf4f0b0\",\"name\":\"adrian reutimann\",\"url\":\"https:\\\/\\\/permakultur-landwirtschaft.org\\\/fr\\\/author\\\/reutiadr\\\/\"}]}<\/script>\n<!-- \/ Yoast SEO plugin. -->","yoast_head_json":{"title":"Entwicklung der regenerativen Landwirtschaft - Interview im Schweizer Bauer vom 08. Januar 2022 - Permakultur-Landwirtschaft","robots":{"index":"index","follow":"follow","max-snippet":"max-snippet:-1","max-image-preview":"max-image-preview:large","max-video-preview":"max-video-preview:-1"},"canonical":"https:\/\/permakultur-landwirtschaft.org\/fr\/entwicklung-der-regenerativen-landwirtschaft-interview-im-schweizer-bauer-vom-08-januar-2022\/","og_locale":"fr_FR","og_type":"article","og_title":"Entwicklung der regenerativen Landwirtschaft - Interview im Schweizer Bauer vom 08. Januar 2022 - Permakultur-Landwirtschaft","og_description":"Interview mit Daniel B\u00e4rtschi von unserem Partnerverein Agricultura Regeneratio Text des Schweizer Bauers:Daniel B\u00e4rtschi ist Pr\u00e4sident des Vereins Agricultura Regeneratio. Das Interesse an regenerativer Landwirtschaft sei sehr gross, sagt er und nennt die Anforderungen an die Markennutzer und sch\u00e4tzt die zuk\u00fcnftige Marktentwicklung ein. Link zum Interview mit Daniel B\u00e4rtschi im Schweizer Bauer: permakultur-landwirtschaft.org\/documents\/artikel\/20220108_RegenerativeLandwirtschaft_SchweizerBauer_2022_19_Betriebsf\u00fchrung_betr_2_Interview.pdf Hier geht&#8217;s [&hellip;]","og_url":"https:\/\/permakultur-landwirtschaft.org\/fr\/entwicklung-der-regenerativen-landwirtschaft-interview-im-schweizer-bauer-vom-08-januar-2022\/","og_site_name":"Permakultur-Landwirtschaft","article_publisher":"https:\/\/www.facebook.com\/PermakulturLandwirtschaft","article_published_time":"2022-01-08T15:47:00+00:00","article_modified_time":"2022-01-25T15:59:22+00:00","og_image":[{"width":702,"height":400,"url":"https:\/\/permakultur-landwirtschaft.org\/wp-content\/uploads\/2022\/01\/20220108SchweizerBauer_RegenerativeLandwirtschaft.jpg","type":"image\/jpeg"}],"author":"adrian reutimann","twitter_card":"summary_large_image","twitter_misc":{"\u00c9crit par":"adrian reutimann"},"schema":{"@context":"https:\/\/schema.org","@graph":[{"@type":"Article","@id":"https:\/\/permakultur-landwirtschaft.org\/entwicklung-der-regenerativen-landwirtschaft-interview-im-schweizer-bauer-vom-08-januar-2022\/#article","isPartOf":{"@id":"https:\/\/permakultur-landwirtschaft.org\/entwicklung-der-regenerativen-landwirtschaft-interview-im-schweizer-bauer-vom-08-januar-2022\/"},"author":{"name":"adrian reutimann","@id":"https:\/\/permakultur-landwirtschaft.org\/#\/schema\/person\/6b0467872f75aed3e144093f9bf4f0b0"},"headline":"Entwicklung der regenerativen Landwirtschaft &#8211; Interview im Schweizer Bauer vom 08. Januar 2022","datePublished":"2022-01-08T15:47:00+00:00","dateModified":"2022-01-25T15:59:22+00:00","mainEntityOfPage":{"@id":"https:\/\/permakultur-landwirtschaft.org\/entwicklung-der-regenerativen-landwirtschaft-interview-im-schweizer-bauer-vom-08-januar-2022\/"},"wordCount":92,"publisher":{"@id":"https:\/\/permakultur-landwirtschaft.org\/#organization"},"image":{"@id":"https:\/\/permakultur-landwirtschaft.org\/entwicklung-der-regenerativen-landwirtschaft-interview-im-schweizer-bauer-vom-08-januar-2022\/#primaryimage"},"thumbnailUrl":"https:\/\/permakultur-landwirtschaft.org\/wp-content\/uploads\/2022\/01\/20220108SchweizerBauer_RegenerativeLandwirtschaft.jpg","articleSection":["Neuigkeit"],"inLanguage":"fr-FR"},{"@type":"WebPage","@id":"https:\/\/permakultur-landwirtschaft.org\/entwicklung-der-regenerativen-landwirtschaft-interview-im-schweizer-bauer-vom-08-januar-2022\/","url":"https:\/\/permakultur-landwirtschaft.org\/entwicklung-der-regenerativen-landwirtschaft-interview-im-schweizer-bauer-vom-08-januar-2022\/","name":"Entwicklung der regenerativen Landwirtschaft - Interview im Schweizer Bauer vom 08. Januar 2022 - Permakultur-Landwirtschaft","isPartOf":{"@id":"https:\/\/permakultur-landwirtschaft.org\/#website"},"primaryImageOfPage":{"@id":"https:\/\/permakultur-landwirtschaft.org\/entwicklung-der-regenerativen-landwirtschaft-interview-im-schweizer-bauer-vom-08-januar-2022\/#primaryimage"},"image":{"@id":"https:\/\/permakultur-landwirtschaft.org\/entwicklung-der-regenerativen-landwirtschaft-interview-im-schweizer-bauer-vom-08-januar-2022\/#primaryimage"},"thumbnailUrl":"https:\/\/permakultur-landwirtschaft.org\/wp-content\/uploads\/2022\/01\/20220108SchweizerBauer_RegenerativeLandwirtschaft.jpg","datePublished":"2022-01-08T15:47:00+00:00","dateModified":"2022-01-25T15:59:22+00:00","breadcrumb":{"@id":"https:\/\/permakultur-landwirtschaft.org\/entwicklung-der-regenerativen-landwirtschaft-interview-im-schweizer-bauer-vom-08-januar-2022\/#breadcrumb"},"inLanguage":"fr-FR","potentialAction":[{"@type":"ReadAction","target":["https:\/\/permakultur-landwirtschaft.org\/entwicklung-der-regenerativen-landwirtschaft-interview-im-schweizer-bauer-vom-08-januar-2022\/"]}]},{"@type":"ImageObject","inLanguage":"fr-FR","@id":"https:\/\/permakultur-landwirtschaft.org\/entwicklung-der-regenerativen-landwirtschaft-interview-im-schweizer-bauer-vom-08-januar-2022\/#primaryimage","url":"https:\/\/permakultur-landwirtschaft.org\/wp-content\/uploads\/2022\/01\/20220108SchweizerBauer_RegenerativeLandwirtschaft.jpg","contentUrl":"https:\/\/permakultur-landwirtschaft.org\/wp-content\/uploads\/2022\/01\/20220108SchweizerBauer_RegenerativeLandwirtschaft.jpg","width":702,"height":400},{"@type":"BreadcrumbList","@id":"https:\/\/permakultur-landwirtschaft.org\/entwicklung-der-regenerativen-landwirtschaft-interview-im-schweizer-bauer-vom-08-januar-2022\/#breadcrumb","itemListElement":[{"@type":"ListItem","position":1,"name":"Startseite","item":"https:\/\/permakultur-landwirtschaft.org\/"},{"@type":"ListItem","position":2,"name":"Entwicklung der regenerativen Landwirtschaft &#8211; Interview im Schweizer Bauer vom 08. Januar 2022"}]},{"@type":"WebSite","@id":"https:\/\/permakultur-landwirtschaft.org\/#website","url":"https:\/\/permakultur-landwirtschaft.org\/","name":"Permakultur-Landwirtschaft","description":"F\u00f6rderung der Permakultur in der Landwirtschaft","publisher":{"@id":"https:\/\/permakultur-landwirtschaft.org\/#organization"},"potentialAction":[{"@type":"SearchAction","target":{"@type":"EntryPoint","urlTemplate":"https:\/\/permakultur-landwirtschaft.org\/?s={search_term_string}"},"query-input":{"@type":"PropertyValueSpecification","valueRequired":true,"valueName":"search_term_string"}}],"inLanguage":"fr-FR"},{"@type":"Organization","@id":"https:\/\/permakultur-landwirtschaft.org\/#organization","name":"Permakultur-Landwirtschaft","alternateName":"Verein Permakultur-Landwirtschaft","url":"https:\/\/permakultur-landwirtschaft.org\/","logo":{"@type":"ImageObject","inLanguage":"fr-FR","@id":"https:\/\/permakultur-landwirtschaft.org\/#\/schema\/logo\/image\/","url":"https:\/\/permakultur-landwirtschaft.org\/wp-content\/uploads\/2021\/11\/pela_1268x1269.png","contentUrl":"https:\/\/permakultur-landwirtschaft.org\/wp-content\/uploads\/2021\/11\/pela_1268x1269.png","width":1298,"height":1269,"caption":"Permakultur-Landwirtschaft"},"image":{"@id":"https:\/\/permakultur-landwirtschaft.org\/#\/schema\/logo\/image\/"},"sameAs":["https:\/\/www.facebook.com\/PermakulturLandwirtschaft","https:\/\/www.instagram.com\/permakultur_landwirtschaft\/","https:\/\/www.flickr.com\/photos\/permakultur-landwirtschaft","https:\/\/www.youtube.com\/@PermakulturLandwirtschaft"]},{"@type":"Person","@id":"https:\/\/permakultur-landwirtschaft.org\/#\/schema\/person\/6b0467872f75aed3e144093f9bf4f0b0","name":"adrian reutimann","url":"https:\/\/permakultur-landwirtschaft.org\/fr\/author\/reutiadr\/"}]}},"_links":{"self":[{"href":"https:\/\/permakultur-landwirtschaft.org\/fr\/wp-json\/wp\/v2\/posts\/17593","targetHints":{"allow":["GET"]}}],"collection":[{"href":"https:\/\/permakultur-landwirtschaft.org\/fr\/wp-json\/wp\/v2\/posts"}],"about":[{"href":"https:\/\/permakultur-landwirtschaft.org\/fr\/wp-json\/wp\/v2\/types\/post"}],"author":[{"embeddable":true,"href":"https:\/\/permakultur-landwirtschaft.org\/fr\/wp-json\/wp\/v2\/users\/2"}],"replies":[{"embeddable":true,"href":"https:\/\/permakultur-landwirtschaft.org\/fr\/wp-json\/wp\/v2\/comments?post=17593"}],"version-history":[{"count":3,"href":"https:\/\/permakultur-landwirtschaft.org\/fr\/wp-json\/wp\/v2\/posts\/17593\/revisions"}],"predecessor-version":[{"id":17597,"href":"https:\/\/permakultur-landwirtschaft.org\/fr\/wp-json\/wp\/v2\/posts\/17593\/revisions\/17597"}],"wp:featuredmedia":[{"embeddable":true,"href":"https:\/\/permakultur-landwirtschaft.org\/fr\/wp-json\/wp\/v2\/media\/17595"}],"wp:attachment":[{"href":"https:\/\/permakultur-landwirtschaft.org\/fr\/wp-json\/wp\/v2\/media?parent=17593"}],"wp:term":[{"taxonomy":"category","embeddable":true,"href":"https:\/\/permakultur-landwirtschaft.org\/fr\/wp-json\/wp\/v2\/categories?post=17593"},{"taxonomy":"post_tag","embeddable":true,"href":"https:\/\/permakultur-landwirtschaft.org\/fr\/wp-json\/wp\/v2\/tags?post=17593"}],"curies":[{"name":"wp","href":"https:\/\/api.w.org\/{rel}","templated":true}]}}