{"id":1744,"date":"2020-01-23T10:04:01","date_gmt":"2020-01-23T09:04:01","guid":{"rendered":"http:\/\/permakultur-landwirtschaft.org\/?p=1744"},"modified":"2020-01-27T10:01:54","modified_gmt":"2020-01-27T09:01:54","slug":"einfuehrungstag-permakultur-in-der-landwirtschaft","status":"publish","type":"post","link":"https:\/\/permakultur-landwirtschaft.org\/fr\/einfuehrungstag-permakultur-in-der-landwirtschaft\/","title":{"rendered":"Einf\u00fchrungstag Permakultur in der Landwirtschaft am 23. Januar 2020"},"content":{"rendered":"<p class=\"CxSpFirst\"><strong>Kursziel<br \/>\n<\/strong>Sie lernen die Grundlagen der Permakultur kennen. Sie erfahren, wie die Prinzipien der Permakultur in der Landwirtschaft angewandt werden k\u00f6nnen und bekommen viele Anregungen wie Sie Permakultur in ihre bestehenden Betriebe integrieren k\u00f6nnen. Sie werden \u00fcber die Chancen und Grenzen von Permakultur in der Landwirtschaft informiert.<\/p>\n<p class=\"CxSpMiddle\"><strong>Kursleitung<br \/>\n<\/strong>Beat R\u00f6lli, Permakultur-Berater<\/p>\n<p><strong>Date<\/strong><br \/>\n23. Januar 2020<\/p>\n<p><strong>Adresse<\/strong><br \/>\nPlantahof<br \/>\nKantonsstrasse 17<br \/>\nCH-7302 Landquart<\/p>\n<p><a href=\"http:\/\/www.metalogic.ch\/x\/2\/kurs_detailView.asp?ID=741\" target=\"_blank\" rel=\"noopener noreferrer\"><strong>Weitere Infos und Anmeldung unter diesem Link<\/strong><\/a><\/p>","protected":false},"excerpt":{"rendered":"<p>Kursziel Sie lernen die Grundlagen der Permakultur kennen. Sie erfahren, wie die Prinzipien der Permakultur in der Landwirtschaft angewandt werden k\u00f6nnen und bekommen viele Anregungen wie Sie Permakultur in ihre bestehenden Betriebe integrieren k\u00f6nnen. Sie werden \u00fcber die Chancen und Grenzen von Permakultur in der Landwirtschaft informiert. Kursleitung Beat R\u00f6lli, Permakultur-Berater Datum 23. Januar 2020 [&hellip;]<\/p>\n","protected":false},"author":2,"featured_media":1746,"comment_status":"closed","ping_status":"closed","sticky":false,"template":"","format":"standard","meta":{"_acf_changed":false,"site-sidebar-layout":"default","site-content-layout":"","ast-site-content-layout":"default","site-content-style":"default","site-sidebar-style":"default","ast-global-header-display":"","ast-banner-title-visibility":"","ast-main-header-display":"","ast-hfb-above-header-display":"","ast-hfb-below-header-display":"","ast-hfb-mobile-header-display":"","site-post-title":"","ast-breadcrumbs-content":"","ast-featured-img":"","footer-sml-layout":"","ast-disable-related-posts":"","theme-transparent-header-meta":"","adv-header-id-meta":"","stick-header-meta":"","header-above-stick-meta":"","header-main-stick-meta":"","header-below-stick-meta":"","astra-migrate-meta-layouts":"default","ast-page-background-enabled":"default","ast-page-background-meta":{"desktop":{"background-color":"var(--ast-global-color-4)","background-image":"","background-repeat":"repeat","background-position":"center center","background-size":"auto","background-attachment":"scroll","background-type":"","background-media":"","overlay-type":"","overlay-color":"","overlay-opacity":"","overlay-gradient":""},"tablet":{"background-color":"","background-image":"","background-repeat":"repeat","background-position":"center center","background-size":"auto","background-attachment":"scroll","background-type":"","background-media":"","overlay-type":"","overlay-color":"","overlay-opacity":"","overlay-gradient":""},"mobile":{"background-color":"","background-image":"","background-repeat":"repeat","background-position":"center center","background-size":"auto","background-attachment":"scroll","background-type":"","background-media":"","overlay-type":"","overlay-color":"","overlay-opacity":"","overlay-gradient":""}},"ast-content-background-meta":{"desktop":{"background-color":"var(--ast-global-color-5)","background-image":"","background-repeat":"repeat","background-position":"center center","background-size":"auto","background-attachment":"scroll","background-type":"","background-media":"","overlay-type":"","overlay-color":"","overlay-opacity":"","overlay-gradient":""},"tablet":{"background-color":"var(--ast-global-color-5)","background-image":"","background-repeat":"repeat","background-position":"center center","background-size":"auto","background-attachment":"scroll","background-type":"","background-media":"","overlay-type":"","overlay-color":"","overlay-opacity":"","overlay-gradient":""},"mobile":{"background-color":"var(--ast-global-color-5)","background-image":"","background-repeat":"repeat","background-position":"center center","background-size":"auto","background-attachment":"scroll","background-type":"","background-media":"","overlay-type":"","overlay-color":"","overlay-opacity":"","overlay-gradient":""}},"footnotes":""},"categories":[21],"tags":[],"class_list":["post-1744","post","type-post","status-publish","format-standard","has-post-thumbnail","hentry","category-veranstaltungen_archiv"],"acf":[],"yoast_head":"<!-- This site is optimized with the Yoast SEO plugin v27.5 - https:\/\/yoast.com\/product\/yoast-seo-wordpress\/ -->\n<title>Einf\u00fchrungstag Permakultur in der Landwirtschaft am 23. Januar 2020 - Permakultur-Landwirtschaft<\/title>\n<meta name=\"robots\" content=\"index, follow, max-snippet:-1, max-image-preview:large, max-video-preview:-1\" \/>\n<link rel=\"canonical\" href=\"https:\/\/permakultur-landwirtschaft.org\/fr\/einfuehrungstag-permakultur-in-der-landwirtschaft\/\" \/>\n<meta property=\"og:locale\" content=\"fr_FR\" \/>\n<meta property=\"og:type\" content=\"article\" \/>\n<meta property=\"og:title\" content=\"Einf\u00fchrungstag Permakultur in der Landwirtschaft am 23. Januar 2020 - Permakultur-Landwirtschaft\" \/>\n<meta property=\"og:description\" content=\"Kursziel Sie lernen die Grundlagen der Permakultur kennen. Sie erfahren, wie die Prinzipien der Permakultur in der Landwirtschaft angewandt werden k\u00f6nnen und bekommen viele Anregungen wie Sie Permakultur in ihre bestehenden Betriebe integrieren k\u00f6nnen. Sie werden \u00fcber die Chancen und Grenzen von Permakultur in der Landwirtschaft informiert. Kursleitung Beat R\u00f6lli, Permakultur-Berater Datum 23. Januar 2020 [&hellip;]\" \/>\n<meta property=\"og:url\" content=\"https:\/\/permakultur-landwirtschaft.org\/fr\/einfuehrungstag-permakultur-in-der-landwirtschaft\/\" \/>\n<meta property=\"og:site_name\" content=\"Permakultur-Landwirtschaft\" \/>\n<meta property=\"article:publisher\" content=\"https:\/\/www.facebook.com\/PermakulturLandwirtschaft\" \/>\n<meta property=\"article:published_time\" content=\"2020-01-23T09:04:01+00:00\" \/>\n<meta property=\"article:modified_time\" content=\"2020-01-27T09:01:54+00:00\" \/>\n<meta property=\"og:image\" content=\"https:\/\/permakultur-landwirtschaft.org\/wp-content\/uploads\/2019\/12\/beat_.jpg\" \/>\n\t<meta property=\"og:image:width\" content=\"313\" \/>\n\t<meta property=\"og:image:height\" content=\"305\" \/>\n\t<meta property=\"og:image:type\" content=\"image\/jpeg\" \/>\n<meta name=\"author\" content=\"adrian reutimann\" \/>\n<meta name=\"twitter:card\" content=\"summary_large_image\" \/>\n<meta name=\"twitter:label1\" content=\"\u00c9crit par\" \/>\n\t<meta name=\"twitter:data1\" content=\"adrian reutimann\" \/>\n<script type=\"application\/ld+json\" class=\"yoast-schema-graph\">{\"@context\":\"https:\\\/\\\/schema.org\",\"@graph\":[{\"@type\":\"Article\",\"@id\":\"https:\\\/\\\/permakultur-landwirtschaft.org\\\/einfuehrungstag-permakultur-in-der-landwirtschaft\\\/#article\",\"isPartOf\":{\"@id\":\"https:\\\/\\\/permakultur-landwirtschaft.org\\\/einfuehrungstag-permakultur-in-der-landwirtschaft\\\/\"},\"author\":{\"name\":\"adrian reutimann\",\"@id\":\"https:\\\/\\\/permakultur-landwirtschaft.org\\\/#\\\/schema\\\/person\\\/6b0467872f75aed3e144093f9bf4f0b0\"},\"headline\":\"Einf\u00fchrungstag Permakultur in der Landwirtschaft am 23. Januar 2020\",\"datePublished\":\"2020-01-23T09:04:01+00:00\",\"dateModified\":\"2020-01-27T09:01:54+00:00\",\"mainEntityOfPage\":{\"@id\":\"https:\\\/\\\/permakultur-landwirtschaft.org\\\/einfuehrungstag-permakultur-in-der-landwirtschaft\\\/\"},\"wordCount\":76,\"publisher\":{\"@id\":\"https:\\\/\\\/permakultur-landwirtschaft.org\\\/#organization\"},\"image\":{\"@id\":\"https:\\\/\\\/permakultur-landwirtschaft.org\\\/einfuehrungstag-permakultur-in-der-landwirtschaft\\\/#primaryimage\"},\"thumbnailUrl\":\"https:\\\/\\\/permakultur-landwirtschaft.org\\\/wp-content\\\/uploads\\\/2019\\\/12\\\/beat_.jpg\",\"articleSection\":[\"Veranstaltungen_Archiv\"],\"inLanguage\":\"fr-FR\"},{\"@type\":\"WebPage\",\"@id\":\"https:\\\/\\\/permakultur-landwirtschaft.org\\\/einfuehrungstag-permakultur-in-der-landwirtschaft\\\/\",\"url\":\"https:\\\/\\\/permakultur-landwirtschaft.org\\\/einfuehrungstag-permakultur-in-der-landwirtschaft\\\/\",\"name\":\"Einf\u00fchrungstag Permakultur in der Landwirtschaft am 23. Januar 2020 - Permakultur-Landwirtschaft\",\"isPartOf\":{\"@id\":\"https:\\\/\\\/permakultur-landwirtschaft.org\\\/#website\"},\"primaryImageOfPage\":{\"@id\":\"https:\\\/\\\/permakultur-landwirtschaft.org\\\/einfuehrungstag-permakultur-in-der-landwirtschaft\\\/#primaryimage\"},\"image\":{\"@id\":\"https:\\\/\\\/permakultur-landwirtschaft.org\\\/einfuehrungstag-permakultur-in-der-landwirtschaft\\\/#primaryimage\"},\"thumbnailUrl\":\"https:\\\/\\\/permakultur-landwirtschaft.org\\\/wp-content\\\/uploads\\\/2019\\\/12\\\/beat_.jpg\",\"datePublished\":\"2020-01-23T09:04:01+00:00\",\"dateModified\":\"2020-01-27T09:01:54+00:00\",\"breadcrumb\":{\"@id\":\"https:\\\/\\\/permakultur-landwirtschaft.org\\\/einfuehrungstag-permakultur-in-der-landwirtschaft\\\/#breadcrumb\"},\"inLanguage\":\"fr-FR\",\"potentialAction\":[{\"@type\":\"ReadAction\",\"target\":[\"https:\\\/\\\/permakultur-landwirtschaft.org\\\/einfuehrungstag-permakultur-in-der-landwirtschaft\\\/\"]}]},{\"@type\":\"ImageObject\",\"inLanguage\":\"fr-FR\",\"@id\":\"https:\\\/\\\/permakultur-landwirtschaft.org\\\/einfuehrungstag-permakultur-in-der-landwirtschaft\\\/#primaryimage\",\"url\":\"https:\\\/\\\/permakultur-landwirtschaft.org\\\/wp-content\\\/uploads\\\/2019\\\/12\\\/beat_.jpg\",\"contentUrl\":\"https:\\\/\\\/permakultur-landwirtschaft.org\\\/wp-content\\\/uploads\\\/2019\\\/12\\\/beat_.jpg\",\"width\":313,\"height\":305,\"caption\":\"Foto von Beat R\u00f6lli\"},{\"@type\":\"BreadcrumbList\",\"@id\":\"https:\\\/\\\/permakultur-landwirtschaft.org\\\/einfuehrungstag-permakultur-in-der-landwirtschaft\\\/#breadcrumb\",\"itemListElement\":[{\"@type\":\"ListItem\",\"position\":1,\"name\":\"Startseite\",\"item\":\"https:\\\/\\\/permakultur-landwirtschaft.org\\\/\"},{\"@type\":\"ListItem\",\"position\":2,\"name\":\"Einf\u00fchrungstag Permakultur in der Landwirtschaft am 23. Januar 2020\"}]},{\"@type\":\"WebSite\",\"@id\":\"https:\\\/\\\/permakultur-landwirtschaft.org\\\/#website\",\"url\":\"https:\\\/\\\/permakultur-landwirtschaft.org\\\/\",\"name\":\"Permakultur-Landwirtschaft\",\"description\":\"F\u00f6rderung der Permakultur in der Landwirtschaft\",\"publisher\":{\"@id\":\"https:\\\/\\\/permakultur-landwirtschaft.org\\\/#organization\"},\"potentialAction\":[{\"@type\":\"SearchAction\",\"target\":{\"@type\":\"EntryPoint\",\"urlTemplate\":\"https:\\\/\\\/permakultur-landwirtschaft.org\\\/?s={search_term_string}\"},\"query-input\":{\"@type\":\"PropertyValueSpecification\",\"valueRequired\":true,\"valueName\":\"search_term_string\"}}],\"inLanguage\":\"fr-FR\"},{\"@type\":\"Organization\",\"@id\":\"https:\\\/\\\/permakultur-landwirtschaft.org\\\/#organization\",\"name\":\"Permakultur-Landwirtschaft\",\"alternateName\":\"Verein Permakultur-Landwirtschaft\",\"url\":\"https:\\\/\\\/permakultur-landwirtschaft.org\\\/\",\"logo\":{\"@type\":\"ImageObject\",\"inLanguage\":\"fr-FR\",\"@id\":\"https:\\\/\\\/permakultur-landwirtschaft.org\\\/#\\\/schema\\\/logo\\\/image\\\/\",\"url\":\"https:\\\/\\\/permakultur-landwirtschaft.org\\\/wp-content\\\/uploads\\\/2021\\\/11\\\/pela_1268x1269.png\",\"contentUrl\":\"https:\\\/\\\/permakultur-landwirtschaft.org\\\/wp-content\\\/uploads\\\/2021\\\/11\\\/pela_1268x1269.png\",\"width\":1298,\"height\":1269,\"caption\":\"Permakultur-Landwirtschaft\"},\"image\":{\"@id\":\"https:\\\/\\\/permakultur-landwirtschaft.org\\\/#\\\/schema\\\/logo\\\/image\\\/\"},\"sameAs\":[\"https:\\\/\\\/www.facebook.com\\\/PermakulturLandwirtschaft\",\"https:\\\/\\\/www.instagram.com\\\/permakultur_landwirtschaft\\\/\",\"https:\\\/\\\/www.flickr.com\\\/photos\\\/permakultur-landwirtschaft\",\"https:\\\/\\\/www.youtube.com\\\/@PermakulturLandwirtschaft\"]},{\"@type\":\"Person\",\"@id\":\"https:\\\/\\\/permakultur-landwirtschaft.org\\\/#\\\/schema\\\/person\\\/6b0467872f75aed3e144093f9bf4f0b0\",\"name\":\"adrian reutimann\",\"url\":\"https:\\\/\\\/permakultur-landwirtschaft.org\\\/fr\\\/author\\\/reutiadr\\\/\"}]}<\/script>\n<!-- \/ Yoast SEO plugin. -->","yoast_head_json":{"title":"Einf\u00fchrungstag Permakultur in der Landwirtschaft am 23. Januar 2020 - Permakultur-Landwirtschaft","robots":{"index":"index","follow":"follow","max-snippet":"max-snippet:-1","max-image-preview":"max-image-preview:large","max-video-preview":"max-video-preview:-1"},"canonical":"https:\/\/permakultur-landwirtschaft.org\/fr\/einfuehrungstag-permakultur-in-der-landwirtschaft\/","og_locale":"fr_FR","og_type":"article","og_title":"Einf\u00fchrungstag Permakultur in der Landwirtschaft am 23. Januar 2020 - Permakultur-Landwirtschaft","og_description":"Kursziel Sie lernen die Grundlagen der Permakultur kennen. Sie erfahren, wie die Prinzipien der Permakultur in der Landwirtschaft angewandt werden k\u00f6nnen und bekommen viele Anregungen wie Sie Permakultur in ihre bestehenden Betriebe integrieren k\u00f6nnen. Sie werden \u00fcber die Chancen und Grenzen von Permakultur in der Landwirtschaft informiert. Kursleitung Beat R\u00f6lli, Permakultur-Berater Datum 23. Januar 2020 [&hellip;]","og_url":"https:\/\/permakultur-landwirtschaft.org\/fr\/einfuehrungstag-permakultur-in-der-landwirtschaft\/","og_site_name":"Permakultur-Landwirtschaft","article_publisher":"https:\/\/www.facebook.com\/PermakulturLandwirtschaft","article_published_time":"2020-01-23T09:04:01+00:00","article_modified_time":"2020-01-27T09:01:54+00:00","og_image":[{"width":313,"height":305,"url":"https:\/\/permakultur-landwirtschaft.org\/wp-content\/uploads\/2019\/12\/beat_.jpg","type":"image\/jpeg"}],"author":"adrian reutimann","twitter_card":"summary_large_image","twitter_misc":{"\u00c9crit par":"adrian reutimann"},"schema":{"@context":"https:\/\/schema.org","@graph":[{"@type":"Article","@id":"https:\/\/permakultur-landwirtschaft.org\/einfuehrungstag-permakultur-in-der-landwirtschaft\/#article","isPartOf":{"@id":"https:\/\/permakultur-landwirtschaft.org\/einfuehrungstag-permakultur-in-der-landwirtschaft\/"},"author":{"name":"adrian reutimann","@id":"https:\/\/permakultur-landwirtschaft.org\/#\/schema\/person\/6b0467872f75aed3e144093f9bf4f0b0"},"headline":"Einf\u00fchrungstag Permakultur in der Landwirtschaft am 23. Januar 2020","datePublished":"2020-01-23T09:04:01+00:00","dateModified":"2020-01-27T09:01:54+00:00","mainEntityOfPage":{"@id":"https:\/\/permakultur-landwirtschaft.org\/einfuehrungstag-permakultur-in-der-landwirtschaft\/"},"wordCount":76,"publisher":{"@id":"https:\/\/permakultur-landwirtschaft.org\/#organization"},"image":{"@id":"https:\/\/permakultur-landwirtschaft.org\/einfuehrungstag-permakultur-in-der-landwirtschaft\/#primaryimage"},"thumbnailUrl":"https:\/\/permakultur-landwirtschaft.org\/wp-content\/uploads\/2019\/12\/beat_.jpg","articleSection":["Veranstaltungen_Archiv"],"inLanguage":"fr-FR"},{"@type":"WebPage","@id":"https:\/\/permakultur-landwirtschaft.org\/einfuehrungstag-permakultur-in-der-landwirtschaft\/","url":"https:\/\/permakultur-landwirtschaft.org\/einfuehrungstag-permakultur-in-der-landwirtschaft\/","name":"Einf\u00fchrungstag Permakultur in der Landwirtschaft am 23. Januar 2020 - Permakultur-Landwirtschaft","isPartOf":{"@id":"https:\/\/permakultur-landwirtschaft.org\/#website"},"primaryImageOfPage":{"@id":"https:\/\/permakultur-landwirtschaft.org\/einfuehrungstag-permakultur-in-der-landwirtschaft\/#primaryimage"},"image":{"@id":"https:\/\/permakultur-landwirtschaft.org\/einfuehrungstag-permakultur-in-der-landwirtschaft\/#primaryimage"},"thumbnailUrl":"https:\/\/permakultur-landwirtschaft.org\/wp-content\/uploads\/2019\/12\/beat_.jpg","datePublished":"2020-01-23T09:04:01+00:00","dateModified":"2020-01-27T09:01:54+00:00","breadcrumb":{"@id":"https:\/\/permakultur-landwirtschaft.org\/einfuehrungstag-permakultur-in-der-landwirtschaft\/#breadcrumb"},"inLanguage":"fr-FR","potentialAction":[{"@type":"ReadAction","target":["https:\/\/permakultur-landwirtschaft.org\/einfuehrungstag-permakultur-in-der-landwirtschaft\/"]}]},{"@type":"ImageObject","inLanguage":"fr-FR","@id":"https:\/\/permakultur-landwirtschaft.org\/einfuehrungstag-permakultur-in-der-landwirtschaft\/#primaryimage","url":"https:\/\/permakultur-landwirtschaft.org\/wp-content\/uploads\/2019\/12\/beat_.jpg","contentUrl":"https:\/\/permakultur-landwirtschaft.org\/wp-content\/uploads\/2019\/12\/beat_.jpg","width":313,"height":305,"caption":"Foto von Beat R\u00f6lli"},{"@type":"BreadcrumbList","@id":"https:\/\/permakultur-landwirtschaft.org\/einfuehrungstag-permakultur-in-der-landwirtschaft\/#breadcrumb","itemListElement":[{"@type":"ListItem","position":1,"name":"Startseite","item":"https:\/\/permakultur-landwirtschaft.org\/"},{"@type":"ListItem","position":2,"name":"Einf\u00fchrungstag Permakultur in der Landwirtschaft am 23. Januar 2020"}]},{"@type":"WebSite","@id":"https:\/\/permakultur-landwirtschaft.org\/#website","url":"https:\/\/permakultur-landwirtschaft.org\/","name":"Permakultur-Landwirtschaft","description":"F\u00f6rderung der Permakultur in der Landwirtschaft","publisher":{"@id":"https:\/\/permakultur-landwirtschaft.org\/#organization"},"potentialAction":[{"@type":"SearchAction","target":{"@type":"EntryPoint","urlTemplate":"https:\/\/permakultur-landwirtschaft.org\/?s={search_term_string}"},"query-input":{"@type":"PropertyValueSpecification","valueRequired":true,"valueName":"search_term_string"}}],"inLanguage":"fr-FR"},{"@type":"Organization","@id":"https:\/\/permakultur-landwirtschaft.org\/#organization","name":"Permakultur-Landwirtschaft","alternateName":"Verein Permakultur-Landwirtschaft","url":"https:\/\/permakultur-landwirtschaft.org\/","logo":{"@type":"ImageObject","inLanguage":"fr-FR","@id":"https:\/\/permakultur-landwirtschaft.org\/#\/schema\/logo\/image\/","url":"https:\/\/permakultur-landwirtschaft.org\/wp-content\/uploads\/2021\/11\/pela_1268x1269.png","contentUrl":"https:\/\/permakultur-landwirtschaft.org\/wp-content\/uploads\/2021\/11\/pela_1268x1269.png","width":1298,"height":1269,"caption":"Permakultur-Landwirtschaft"},"image":{"@id":"https:\/\/permakultur-landwirtschaft.org\/#\/schema\/logo\/image\/"},"sameAs":["https:\/\/www.facebook.com\/PermakulturLandwirtschaft","https:\/\/www.instagram.com\/permakultur_landwirtschaft\/","https:\/\/www.flickr.com\/photos\/permakultur-landwirtschaft","https:\/\/www.youtube.com\/@PermakulturLandwirtschaft"]},{"@type":"Person","@id":"https:\/\/permakultur-landwirtschaft.org\/#\/schema\/person\/6b0467872f75aed3e144093f9bf4f0b0","name":"adrian reutimann","url":"https:\/\/permakultur-landwirtschaft.org\/fr\/author\/reutiadr\/"}]}},"_links":{"self":[{"href":"https:\/\/permakultur-landwirtschaft.org\/fr\/wp-json\/wp\/v2\/posts\/1744","targetHints":{"allow":["GET"]}}],"collection":[{"href":"https:\/\/permakultur-landwirtschaft.org\/fr\/wp-json\/wp\/v2\/posts"}],"about":[{"href":"https:\/\/permakultur-landwirtschaft.org\/fr\/wp-json\/wp\/v2\/types\/post"}],"author":[{"embeddable":true,"href":"https:\/\/permakultur-landwirtschaft.org\/fr\/wp-json\/wp\/v2\/users\/2"}],"replies":[{"embeddable":true,"href":"https:\/\/permakultur-landwirtschaft.org\/fr\/wp-json\/wp\/v2\/comments?post=1744"}],"version-history":[{"count":2,"href":"https:\/\/permakultur-landwirtschaft.org\/fr\/wp-json\/wp\/v2\/posts\/1744\/revisions"}],"predecessor-version":[{"id":1747,"href":"https:\/\/permakultur-landwirtschaft.org\/fr\/wp-json\/wp\/v2\/posts\/1744\/revisions\/1747"}],"wp:featuredmedia":[{"embeddable":true,"href":"https:\/\/permakultur-landwirtschaft.org\/fr\/wp-json\/wp\/v2\/media\/1746"}],"wp:attachment":[{"href":"https:\/\/permakultur-landwirtschaft.org\/fr\/wp-json\/wp\/v2\/media?parent=1744"}],"wp:term":[{"taxonomy":"category","embeddable":true,"href":"https:\/\/permakultur-landwirtschaft.org\/fr\/wp-json\/wp\/v2\/categories?post=1744"},{"taxonomy":"post_tag","embeddable":true,"href":"https:\/\/permakultur-landwirtschaft.org\/fr\/wp-json\/wp\/v2\/tags?post=1744"}],"curies":[{"name":"wp","href":"https:\/\/api.w.org\/{rel}","templated":true}]}}