{"id":17383,"date":"2013-02-07T11:47:00","date_gmt":"2013-02-07T10:47:00","guid":{"rendered":"https:\/\/permakultur-landwirtschaft.org\/?p=17383"},"modified":"2022-01-07T12:03:23","modified_gmt":"2022-01-07T11:03:23","slug":"die-wueste-begruenen-und-den-klimawandel-umkehren-allan-savory-von-februar-2013","status":"publish","type":"post","link":"https:\/\/permakultur-landwirtschaft.org\/fr\/die-wueste-begruenen-und-den-klimawandel-umkehren-allan-savory-von-februar-2013\/","title":{"rendered":"Die W\u00fcste begr\u00fcnen und den Klimawandel umkehren &#8211; Allan Savory von Februar 2013"},"content":{"rendered":"<p>Text von TED.com:<br>&#171;Desertifikation ist das neue Schlagwort f\u00fcr W\u00fcstenbildung.&#187; sagt Allan Savory in seinem schlicht \u00fcberzeugenden Vortrag. Erschreckenderweise geschieht dies mit zwei Dritteln der Graslandschaften der Erde, beschleunigt den Klimawandel und verursacht ein soziales Chaos in Gesellschaften, die traditionelle Weidewirtschaft betreiben. Savory hat sein Leben der L\u00f6sung dieses Problems gewidmet. Seine bisherige Arbeit zeigt: ein \u00fcberraschender Einflussfaktor kann das Grasland sch\u00fctzen und sogar ehemalige W\u00fcsten begr\u00fcnen.<\/p>\n\n\n\n<p><a href=\"https:\/\/savory.global\" target=\"_blank\" rel=\"noreferrer noopener\">Webseite von Allan Savory&#8217;s Projekt: savory.global<\/a><\/p>\n\n\n\n<p><a rel=\"noreferrer noopener\" href=\"https:\/\/www.ted.com\/talks\/allan_savory_how_to_fight_desertification_and_reverse_climate_change\" target=\"_blank\" data-type=\"URL\">Link zum Vortrag bei TED: <\/a><a href=\"https:\/\/www.ted.com\/talks\/allan_savory_how_to_fight_desertification_and_reverse_climate_change\" target=\"_blank\" rel=\"noreferrer noopener\">www.ted.com\/talks\/allan_savory_how_to_fight_desertification_and_reverse_climate_change<\/a><\/p>\n\n\n\n<figure class=\"wp-block-image size-full\"><a href=\"https:\/\/www.ted.com\/talks\/allan_savory_how_to_fight_desertification_and_reverse_climate_change\" target=\"_blank\" rel=\"noreferrer noopener\"><img fetchpriority=\"high\" decoding=\"async\" width=\"700\" height=\"437\" src=\"https:\/\/permakultur-landwirtschaft.org\/wp-content\/uploads\/2022\/01\/savory_ted07.01.jpg\" alt=\"\" class=\"wp-image-17384\" srcset=\"https:\/\/permakultur-landwirtschaft.org\/wp-content\/uploads\/2022\/01\/savory_ted07.01.jpg 700w, https:\/\/permakultur-landwirtschaft.org\/wp-content\/uploads\/2022\/01\/savory_ted07.01-300x187.jpg 300w\" sizes=\"(max-width: 700px) 100vw, 700px\" \/><\/a><figcaption>Bild: ted.com<\/figcaption><\/figure>\n\n\n\n<hr class=\"wp-block-separator\"\/>\n\n\n\n<h3 class=\"wp-block-heading\"><a href=\"https:\/\/permakultur-landwirtschaft.org\/fr\/medien\/\">Hier geht&#8217;s zur \u00dcbersicht aller Neuigkeiten<\/a><\/h3>\n\n\n\n<h3 class=\"wp-block-heading\"><a href=\"https:\/\/permakultur-landwirtschaft.org\/fr\/filme\/\">Hier geht&#8217;s zur \u00dcbersicht aller Filme und Audios<\/a><\/h3>","protected":false},"excerpt":{"rendered":"<p>Text von TED.com:&#171;Desertifikation ist das neue Schlagwort f\u00fcr W\u00fcstenbildung.&#187; sagt Allan Savory in seinem schlicht \u00fcberzeugenden Vortrag. Erschreckenderweise geschieht dies mit zwei Dritteln der Graslandschaften der Erde, beschleunigt den Klimawandel und verursacht ein soziales Chaos in Gesellschaften, die traditionelle Weidewirtschaft betreiben. Savory hat sein Leben der L\u00f6sung dieses Problems gewidmet. Seine bisherige Arbeit zeigt: ein [&hellip;]<\/p>\n","protected":false},"author":2,"featured_media":17384,"comment_status":"closed","ping_status":"closed","sticky":false,"template":"","format":"standard","meta":{"_acf_changed":false,"site-sidebar-layout":"default","site-content-layout":"","ast-site-content-layout":"default","site-content-style":"default","site-sidebar-style":"default","ast-global-header-display":"","ast-banner-title-visibility":"","ast-main-header-display":"","ast-hfb-above-header-display":"","ast-hfb-below-header-display":"","ast-hfb-mobile-header-display":"","site-post-title":"","ast-breadcrumbs-content":"","ast-featured-img":"","footer-sml-layout":"","ast-disable-related-posts":"","theme-transparent-header-meta":"","adv-header-id-meta":"","stick-header-meta":"","header-above-stick-meta":"","header-main-stick-meta":"","header-below-stick-meta":"","astra-migrate-meta-layouts":"default","ast-page-background-enabled":"default","ast-page-background-meta":{"desktop":{"background-color":"var(--ast-global-color-4)","background-image":"","background-repeat":"repeat","background-position":"center center","background-size":"auto","background-attachment":"scroll","background-type":"","background-media":"","overlay-type":"","overlay-color":"","overlay-opacity":"","overlay-gradient":""},"tablet":{"background-color":"","background-image":"","background-repeat":"repeat","background-position":"center center","background-size":"auto","background-attachment":"scroll","background-type":"","background-media":"","overlay-type":"","overlay-color":"","overlay-opacity":"","overlay-gradient":""},"mobile":{"background-color":"","background-image":"","background-repeat":"repeat","background-position":"center center","background-size":"auto","background-attachment":"scroll","background-type":"","background-media":"","overlay-type":"","overlay-color":"","overlay-opacity":"","overlay-gradient":""}},"ast-content-background-meta":{"desktop":{"background-color":"var(--ast-global-color-5)","background-image":"","background-repeat":"repeat","background-position":"center center","background-size":"auto","background-attachment":"scroll","background-type":"","background-media":"","overlay-type":"","overlay-color":"","overlay-opacity":"","overlay-gradient":""},"tablet":{"background-color":"var(--ast-global-color-5)","background-image":"","background-repeat":"repeat","background-position":"center center","background-size":"auto","background-attachment":"scroll","background-type":"","background-media":"","overlay-type":"","overlay-color":"","overlay-opacity":"","overlay-gradient":""},"mobile":{"background-color":"var(--ast-global-color-5)","background-image":"","background-repeat":"repeat","background-position":"center center","background-size":"auto","background-attachment":"scroll","background-type":"","background-media":"","overlay-type":"","overlay-color":"","overlay-opacity":"","overlay-gradient":""}},"footnotes":""},"categories":[45,22],"tags":[],"class_list":["post-17383","post","type-post","status-publish","format-standard","has-post-thumbnail","hentry","category-filme","category-neuigkeit"],"acf":[],"yoast_head":"<!-- This site is optimized with the Yoast SEO plugin v27.5 - https:\/\/yoast.com\/product\/yoast-seo-wordpress\/ -->\n<title>Die W\u00fcste begr\u00fcnen und den Klimawandel umkehren - Allan Savory von Februar 2013 - Permakultur-Landwirtschaft<\/title>\n<meta name=\"robots\" content=\"index, follow, max-snippet:-1, max-image-preview:large, max-video-preview:-1\" \/>\n<link rel=\"canonical\" href=\"https:\/\/permakultur-landwirtschaft.org\/fr\/die-wueste-begruenen-und-den-klimawandel-umkehren-allan-savory-von-februar-2013\/\" \/>\n<meta property=\"og:locale\" content=\"fr_FR\" \/>\n<meta property=\"og:type\" content=\"article\" \/>\n<meta property=\"og:title\" content=\"Die W\u00fcste begr\u00fcnen und den Klimawandel umkehren - Allan Savory von Februar 2013 - Permakultur-Landwirtschaft\" \/>\n<meta property=\"og:description\" content=\"Text von TED.com:&#171;Desertifikation ist das neue Schlagwort f\u00fcr W\u00fcstenbildung.&#187; sagt Allan Savory in seinem schlicht \u00fcberzeugenden Vortrag. Erschreckenderweise geschieht dies mit zwei Dritteln der Graslandschaften der Erde, beschleunigt den Klimawandel und verursacht ein soziales Chaos in Gesellschaften, die traditionelle Weidewirtschaft betreiben. Savory hat sein Leben der L\u00f6sung dieses Problems gewidmet. Seine bisherige Arbeit zeigt: ein [&hellip;]\" \/>\n<meta property=\"og:url\" content=\"https:\/\/permakultur-landwirtschaft.org\/fr\/die-wueste-begruenen-und-den-klimawandel-umkehren-allan-savory-von-februar-2013\/\" \/>\n<meta property=\"og:site_name\" content=\"Permakultur-Landwirtschaft\" \/>\n<meta property=\"article:publisher\" content=\"https:\/\/www.facebook.com\/PermakulturLandwirtschaft\" \/>\n<meta property=\"article:published_time\" content=\"2013-02-07T10:47:00+00:00\" \/>\n<meta property=\"article:modified_time\" content=\"2022-01-07T11:03:23+00:00\" \/>\n<meta property=\"og:image\" content=\"https:\/\/permakultur-landwirtschaft.org\/wp-content\/uploads\/2022\/01\/savory_ted07.01.jpg\" \/>\n\t<meta property=\"og:image:width\" content=\"700\" \/>\n\t<meta property=\"og:image:height\" content=\"437\" \/>\n\t<meta property=\"og:image:type\" content=\"image\/jpeg\" \/>\n<meta name=\"author\" content=\"adrian reutimann\" \/>\n<meta name=\"twitter:card\" content=\"summary_large_image\" \/>\n<meta name=\"twitter:label1\" content=\"\u00c9crit par\" \/>\n\t<meta name=\"twitter:data1\" content=\"adrian reutimann\" \/>\n\t<meta name=\"twitter:label2\" content=\"Dur\u00e9e de lecture estim\u00e9e\" \/>\n\t<meta name=\"twitter:data2\" content=\"1 minute\" \/>\n<script type=\"application\/ld+json\" class=\"yoast-schema-graph\">{\"@context\":\"https:\\\/\\\/schema.org\",\"@graph\":[{\"@type\":\"Article\",\"@id\":\"https:\\\/\\\/permakultur-landwirtschaft.org\\\/die-wueste-begruenen-und-den-klimawandel-umkehren-allan-savory-von-februar-2013\\\/#article\",\"isPartOf\":{\"@id\":\"https:\\\/\\\/permakultur-landwirtschaft.org\\\/die-wueste-begruenen-und-den-klimawandel-umkehren-allan-savory-von-februar-2013\\\/\"},\"author\":{\"name\":\"adrian reutimann\",\"@id\":\"https:\\\/\\\/permakultur-landwirtschaft.org\\\/#\\\/schema\\\/person\\\/6b0467872f75aed3e144093f9bf4f0b0\"},\"headline\":\"Die W\u00fcste begr\u00fcnen und den Klimawandel umkehren &#8211; Allan Savory von Februar 2013\",\"datePublished\":\"2013-02-07T10:47:00+00:00\",\"dateModified\":\"2022-01-07T11:03:23+00:00\",\"mainEntityOfPage\":{\"@id\":\"https:\\\/\\\/permakultur-landwirtschaft.org\\\/die-wueste-begruenen-und-den-klimawandel-umkehren-allan-savory-von-februar-2013\\\/\"},\"wordCount\":134,\"publisher\":{\"@id\":\"https:\\\/\\\/permakultur-landwirtschaft.org\\\/#organization\"},\"image\":{\"@id\":\"https:\\\/\\\/permakultur-landwirtschaft.org\\\/die-wueste-begruenen-und-den-klimawandel-umkehren-allan-savory-von-februar-2013\\\/#primaryimage\"},\"thumbnailUrl\":\"https:\\\/\\\/permakultur-landwirtschaft.org\\\/wp-content\\\/uploads\\\/2022\\\/01\\\/savory_ted07.01.jpg\",\"articleSection\":[\"Film\",\"Neuigkeit\"],\"inLanguage\":\"fr-FR\"},{\"@type\":\"WebPage\",\"@id\":\"https:\\\/\\\/permakultur-landwirtschaft.org\\\/die-wueste-begruenen-und-den-klimawandel-umkehren-allan-savory-von-februar-2013\\\/\",\"url\":\"https:\\\/\\\/permakultur-landwirtschaft.org\\\/die-wueste-begruenen-und-den-klimawandel-umkehren-allan-savory-von-februar-2013\\\/\",\"name\":\"Die W\u00fcste begr\u00fcnen und den Klimawandel umkehren - Allan Savory von Februar 2013 - Permakultur-Landwirtschaft\",\"isPartOf\":{\"@id\":\"https:\\\/\\\/permakultur-landwirtschaft.org\\\/#website\"},\"primaryImageOfPage\":{\"@id\":\"https:\\\/\\\/permakultur-landwirtschaft.org\\\/die-wueste-begruenen-und-den-klimawandel-umkehren-allan-savory-von-februar-2013\\\/#primaryimage\"},\"image\":{\"@id\":\"https:\\\/\\\/permakultur-landwirtschaft.org\\\/die-wueste-begruenen-und-den-klimawandel-umkehren-allan-savory-von-februar-2013\\\/#primaryimage\"},\"thumbnailUrl\":\"https:\\\/\\\/permakultur-landwirtschaft.org\\\/wp-content\\\/uploads\\\/2022\\\/01\\\/savory_ted07.01.jpg\",\"datePublished\":\"2013-02-07T10:47:00+00:00\",\"dateModified\":\"2022-01-07T11:03:23+00:00\",\"breadcrumb\":{\"@id\":\"https:\\\/\\\/permakultur-landwirtschaft.org\\\/die-wueste-begruenen-und-den-klimawandel-umkehren-allan-savory-von-februar-2013\\\/#breadcrumb\"},\"inLanguage\":\"fr-FR\",\"potentialAction\":[{\"@type\":\"ReadAction\",\"target\":[\"https:\\\/\\\/permakultur-landwirtschaft.org\\\/die-wueste-begruenen-und-den-klimawandel-umkehren-allan-savory-von-februar-2013\\\/\"]}]},{\"@type\":\"ImageObject\",\"inLanguage\":\"fr-FR\",\"@id\":\"https:\\\/\\\/permakultur-landwirtschaft.org\\\/die-wueste-begruenen-und-den-klimawandel-umkehren-allan-savory-von-februar-2013\\\/#primaryimage\",\"url\":\"https:\\\/\\\/permakultur-landwirtschaft.org\\\/wp-content\\\/uploads\\\/2022\\\/01\\\/savory_ted07.01.jpg\",\"contentUrl\":\"https:\\\/\\\/permakultur-landwirtschaft.org\\\/wp-content\\\/uploads\\\/2022\\\/01\\\/savory_ted07.01.jpg\",\"width\":700,\"height\":437},{\"@type\":\"BreadcrumbList\",\"@id\":\"https:\\\/\\\/permakultur-landwirtschaft.org\\\/die-wueste-begruenen-und-den-klimawandel-umkehren-allan-savory-von-februar-2013\\\/#breadcrumb\",\"itemListElement\":[{\"@type\":\"ListItem\",\"position\":1,\"name\":\"Startseite\",\"item\":\"https:\\\/\\\/permakultur-landwirtschaft.org\\\/\"},{\"@type\":\"ListItem\",\"position\":2,\"name\":\"Die W\u00fcste begr\u00fcnen und den Klimawandel umkehren &#8211; Allan Savory von Februar 2013\"}]},{\"@type\":\"WebSite\",\"@id\":\"https:\\\/\\\/permakultur-landwirtschaft.org\\\/#website\",\"url\":\"https:\\\/\\\/permakultur-landwirtschaft.org\\\/\",\"name\":\"Permakultur-Landwirtschaft\",\"description\":\"F\u00f6rderung der Permakultur in der Landwirtschaft\",\"publisher\":{\"@id\":\"https:\\\/\\\/permakultur-landwirtschaft.org\\\/#organization\"},\"potentialAction\":[{\"@type\":\"SearchAction\",\"target\":{\"@type\":\"EntryPoint\",\"urlTemplate\":\"https:\\\/\\\/permakultur-landwirtschaft.org\\\/?s={search_term_string}\"},\"query-input\":{\"@type\":\"PropertyValueSpecification\",\"valueRequired\":true,\"valueName\":\"search_term_string\"}}],\"inLanguage\":\"fr-FR\"},{\"@type\":\"Organization\",\"@id\":\"https:\\\/\\\/permakultur-landwirtschaft.org\\\/#organization\",\"name\":\"Permakultur-Landwirtschaft\",\"alternateName\":\"Verein Permakultur-Landwirtschaft\",\"url\":\"https:\\\/\\\/permakultur-landwirtschaft.org\\\/\",\"logo\":{\"@type\":\"ImageObject\",\"inLanguage\":\"fr-FR\",\"@id\":\"https:\\\/\\\/permakultur-landwirtschaft.org\\\/#\\\/schema\\\/logo\\\/image\\\/\",\"url\":\"https:\\\/\\\/permakultur-landwirtschaft.org\\\/wp-content\\\/uploads\\\/2021\\\/11\\\/pela_1268x1269.png\",\"contentUrl\":\"https:\\\/\\\/permakultur-landwirtschaft.org\\\/wp-content\\\/uploads\\\/2021\\\/11\\\/pela_1268x1269.png\",\"width\":1298,\"height\":1269,\"caption\":\"Permakultur-Landwirtschaft\"},\"image\":{\"@id\":\"https:\\\/\\\/permakultur-landwirtschaft.org\\\/#\\\/schema\\\/logo\\\/image\\\/\"},\"sameAs\":[\"https:\\\/\\\/www.facebook.com\\\/PermakulturLandwirtschaft\",\"https:\\\/\\\/www.instagram.com\\\/permakultur_landwirtschaft\\\/\",\"https:\\\/\\\/www.flickr.com\\\/photos\\\/permakultur-landwirtschaft\",\"https:\\\/\\\/www.youtube.com\\\/@PermakulturLandwirtschaft\"]},{\"@type\":\"Person\",\"@id\":\"https:\\\/\\\/permakultur-landwirtschaft.org\\\/#\\\/schema\\\/person\\\/6b0467872f75aed3e144093f9bf4f0b0\",\"name\":\"adrian reutimann\",\"url\":\"https:\\\/\\\/permakultur-landwirtschaft.org\\\/fr\\\/author\\\/reutiadr\\\/\"}]}<\/script>\n<!-- \/ Yoast SEO plugin. -->","yoast_head_json":{"title":"Die W\u00fcste begr\u00fcnen und den Klimawandel umkehren - Allan Savory von Februar 2013 - Permakultur-Landwirtschaft","robots":{"index":"index","follow":"follow","max-snippet":"max-snippet:-1","max-image-preview":"max-image-preview:large","max-video-preview":"max-video-preview:-1"},"canonical":"https:\/\/permakultur-landwirtschaft.org\/fr\/die-wueste-begruenen-und-den-klimawandel-umkehren-allan-savory-von-februar-2013\/","og_locale":"fr_FR","og_type":"article","og_title":"Die W\u00fcste begr\u00fcnen und den Klimawandel umkehren - Allan Savory von Februar 2013 - Permakultur-Landwirtschaft","og_description":"Text von TED.com:&#171;Desertifikation ist das neue Schlagwort f\u00fcr W\u00fcstenbildung.&#187; sagt Allan Savory in seinem schlicht \u00fcberzeugenden Vortrag. Erschreckenderweise geschieht dies mit zwei Dritteln der Graslandschaften der Erde, beschleunigt den Klimawandel und verursacht ein soziales Chaos in Gesellschaften, die traditionelle Weidewirtschaft betreiben. Savory hat sein Leben der L\u00f6sung dieses Problems gewidmet. Seine bisherige Arbeit zeigt: ein [&hellip;]","og_url":"https:\/\/permakultur-landwirtschaft.org\/fr\/die-wueste-begruenen-und-den-klimawandel-umkehren-allan-savory-von-februar-2013\/","og_site_name":"Permakultur-Landwirtschaft","article_publisher":"https:\/\/www.facebook.com\/PermakulturLandwirtschaft","article_published_time":"2013-02-07T10:47:00+00:00","article_modified_time":"2022-01-07T11:03:23+00:00","og_image":[{"width":700,"height":437,"url":"https:\/\/permakultur-landwirtschaft.org\/wp-content\/uploads\/2022\/01\/savory_ted07.01.jpg","type":"image\/jpeg"}],"author":"adrian reutimann","twitter_card":"summary_large_image","twitter_misc":{"\u00c9crit par":"adrian reutimann","Dur\u00e9e de lecture estim\u00e9e":"1 minute"},"schema":{"@context":"https:\/\/schema.org","@graph":[{"@type":"Article","@id":"https:\/\/permakultur-landwirtschaft.org\/die-wueste-begruenen-und-den-klimawandel-umkehren-allan-savory-von-februar-2013\/#article","isPartOf":{"@id":"https:\/\/permakultur-landwirtschaft.org\/die-wueste-begruenen-und-den-klimawandel-umkehren-allan-savory-von-februar-2013\/"},"author":{"name":"adrian reutimann","@id":"https:\/\/permakultur-landwirtschaft.org\/#\/schema\/person\/6b0467872f75aed3e144093f9bf4f0b0"},"headline":"Die W\u00fcste begr\u00fcnen und den Klimawandel umkehren &#8211; Allan Savory von Februar 2013","datePublished":"2013-02-07T10:47:00+00:00","dateModified":"2022-01-07T11:03:23+00:00","mainEntityOfPage":{"@id":"https:\/\/permakultur-landwirtschaft.org\/die-wueste-begruenen-und-den-klimawandel-umkehren-allan-savory-von-februar-2013\/"},"wordCount":134,"publisher":{"@id":"https:\/\/permakultur-landwirtschaft.org\/#organization"},"image":{"@id":"https:\/\/permakultur-landwirtschaft.org\/die-wueste-begruenen-und-den-klimawandel-umkehren-allan-savory-von-februar-2013\/#primaryimage"},"thumbnailUrl":"https:\/\/permakultur-landwirtschaft.org\/wp-content\/uploads\/2022\/01\/savory_ted07.01.jpg","articleSection":["Film","Neuigkeit"],"inLanguage":"fr-FR"},{"@type":"WebPage","@id":"https:\/\/permakultur-landwirtschaft.org\/die-wueste-begruenen-und-den-klimawandel-umkehren-allan-savory-von-februar-2013\/","url":"https:\/\/permakultur-landwirtschaft.org\/die-wueste-begruenen-und-den-klimawandel-umkehren-allan-savory-von-februar-2013\/","name":"Die W\u00fcste begr\u00fcnen und den Klimawandel umkehren - Allan Savory von Februar 2013 - Permakultur-Landwirtschaft","isPartOf":{"@id":"https:\/\/permakultur-landwirtschaft.org\/#website"},"primaryImageOfPage":{"@id":"https:\/\/permakultur-landwirtschaft.org\/die-wueste-begruenen-und-den-klimawandel-umkehren-allan-savory-von-februar-2013\/#primaryimage"},"image":{"@id":"https:\/\/permakultur-landwirtschaft.org\/die-wueste-begruenen-und-den-klimawandel-umkehren-allan-savory-von-februar-2013\/#primaryimage"},"thumbnailUrl":"https:\/\/permakultur-landwirtschaft.org\/wp-content\/uploads\/2022\/01\/savory_ted07.01.jpg","datePublished":"2013-02-07T10:47:00+00:00","dateModified":"2022-01-07T11:03:23+00:00","breadcrumb":{"@id":"https:\/\/permakultur-landwirtschaft.org\/die-wueste-begruenen-und-den-klimawandel-umkehren-allan-savory-von-februar-2013\/#breadcrumb"},"inLanguage":"fr-FR","potentialAction":[{"@type":"ReadAction","target":["https:\/\/permakultur-landwirtschaft.org\/die-wueste-begruenen-und-den-klimawandel-umkehren-allan-savory-von-februar-2013\/"]}]},{"@type":"ImageObject","inLanguage":"fr-FR","@id":"https:\/\/permakultur-landwirtschaft.org\/die-wueste-begruenen-und-den-klimawandel-umkehren-allan-savory-von-februar-2013\/#primaryimage","url":"https:\/\/permakultur-landwirtschaft.org\/wp-content\/uploads\/2022\/01\/savory_ted07.01.jpg","contentUrl":"https:\/\/permakultur-landwirtschaft.org\/wp-content\/uploads\/2022\/01\/savory_ted07.01.jpg","width":700,"height":437},{"@type":"BreadcrumbList","@id":"https:\/\/permakultur-landwirtschaft.org\/die-wueste-begruenen-und-den-klimawandel-umkehren-allan-savory-von-februar-2013\/#breadcrumb","itemListElement":[{"@type":"ListItem","position":1,"name":"Startseite","item":"https:\/\/permakultur-landwirtschaft.org\/"},{"@type":"ListItem","position":2,"name":"Die W\u00fcste begr\u00fcnen und den Klimawandel umkehren &#8211; Allan Savory von Februar 2013"}]},{"@type":"WebSite","@id":"https:\/\/permakultur-landwirtschaft.org\/#website","url":"https:\/\/permakultur-landwirtschaft.org\/","name":"Permakultur-Landwirtschaft","description":"F\u00f6rderung der Permakultur in der Landwirtschaft","publisher":{"@id":"https:\/\/permakultur-landwirtschaft.org\/#organization"},"potentialAction":[{"@type":"SearchAction","target":{"@type":"EntryPoint","urlTemplate":"https:\/\/permakultur-landwirtschaft.org\/?s={search_term_string}"},"query-input":{"@type":"PropertyValueSpecification","valueRequired":true,"valueName":"search_term_string"}}],"inLanguage":"fr-FR"},{"@type":"Organization","@id":"https:\/\/permakultur-landwirtschaft.org\/#organization","name":"Permakultur-Landwirtschaft","alternateName":"Verein Permakultur-Landwirtschaft","url":"https:\/\/permakultur-landwirtschaft.org\/","logo":{"@type":"ImageObject","inLanguage":"fr-FR","@id":"https:\/\/permakultur-landwirtschaft.org\/#\/schema\/logo\/image\/","url":"https:\/\/permakultur-landwirtschaft.org\/wp-content\/uploads\/2021\/11\/pela_1268x1269.png","contentUrl":"https:\/\/permakultur-landwirtschaft.org\/wp-content\/uploads\/2021\/11\/pela_1268x1269.png","width":1298,"height":1269,"caption":"Permakultur-Landwirtschaft"},"image":{"@id":"https:\/\/permakultur-landwirtschaft.org\/#\/schema\/logo\/image\/"},"sameAs":["https:\/\/www.facebook.com\/PermakulturLandwirtschaft","https:\/\/www.instagram.com\/permakultur_landwirtschaft\/","https:\/\/www.flickr.com\/photos\/permakultur-landwirtschaft","https:\/\/www.youtube.com\/@PermakulturLandwirtschaft"]},{"@type":"Person","@id":"https:\/\/permakultur-landwirtschaft.org\/#\/schema\/person\/6b0467872f75aed3e144093f9bf4f0b0","name":"adrian reutimann","url":"https:\/\/permakultur-landwirtschaft.org\/fr\/author\/reutiadr\/"}]}},"_links":{"self":[{"href":"https:\/\/permakultur-landwirtschaft.org\/fr\/wp-json\/wp\/v2\/posts\/17383","targetHints":{"allow":["GET"]}}],"collection":[{"href":"https:\/\/permakultur-landwirtschaft.org\/fr\/wp-json\/wp\/v2\/posts"}],"about":[{"href":"https:\/\/permakultur-landwirtschaft.org\/fr\/wp-json\/wp\/v2\/types\/post"}],"author":[{"embeddable":true,"href":"https:\/\/permakultur-landwirtschaft.org\/fr\/wp-json\/wp\/v2\/users\/2"}],"replies":[{"embeddable":true,"href":"https:\/\/permakultur-landwirtschaft.org\/fr\/wp-json\/wp\/v2\/comments?post=17383"}],"version-history":[{"count":3,"href":"https:\/\/permakultur-landwirtschaft.org\/fr\/wp-json\/wp\/v2\/posts\/17383\/revisions"}],"predecessor-version":[{"id":17388,"href":"https:\/\/permakultur-landwirtschaft.org\/fr\/wp-json\/wp\/v2\/posts\/17383\/revisions\/17388"}],"wp:featuredmedia":[{"embeddable":true,"href":"https:\/\/permakultur-landwirtschaft.org\/fr\/wp-json\/wp\/v2\/media\/17384"}],"wp:attachment":[{"href":"https:\/\/permakultur-landwirtschaft.org\/fr\/wp-json\/wp\/v2\/media?parent=17383"}],"wp:term":[{"taxonomy":"category","embeddable":true,"href":"https:\/\/permakultur-landwirtschaft.org\/fr\/wp-json\/wp\/v2\/categories?post=17383"},{"taxonomy":"post_tag","embeddable":true,"href":"https:\/\/permakultur-landwirtschaft.org\/fr\/wp-json\/wp\/v2\/tags?post=17383"}],"curies":[{"name":"wp","href":"https:\/\/api.w.org\/{rel}","templated":true}]}}