{"id":17244,"date":"2017-10-29T17:41:31","date_gmt":"2017-10-29T16:41:31","guid":{"rendered":"https:\/\/permakultur-landwirtschaft.org\/?p=17244"},"modified":"2021-12-23T17:49:04","modified_gmt":"2021-12-23T16:49:04","slug":"permakultur-die-zukunft-der-landwirtschaft-srf3-input-vom-29-oktober-2017","status":"publish","type":"post","link":"https:\/\/permakultur-landwirtschaft.org\/fr\/permakultur-die-zukunft-der-landwirtschaft-srf3-input-vom-29-oktober-2017\/","title":{"rendered":"Permakultur: Die Zukunft der Landwirtschaft? &#8211; SRF3 Input vom 29. Oktober 2017"},"content":{"rendered":"<p>Text von SRF3:<br \/>\nLorenz Kunz hat seinen Hof in Esslingen im Kanton Z\u00fcrich. Er hat den einst konventionell betriebenen Hof erst auf biologischen Landbau und dann auf Permakultur umgestellt.<\/p>\n<p>Statt Monokultur gibts Mischkulturen &#8211; auf kleinstem Raum wachsen verschiedene Gem\u00fcse und Fr\u00fcchte nebeneinander. Das macht sie robust und resistenter gegen Sch\u00e4dlinge. Pestizide und Kunstd\u00fcnger kommen nicht zum Einsatz. Um den Boden zu schonen, wird nicht mit schweren Motoren, sondern mit blossen H\u00e4nden gearbeitet. Die Natur dankt es, etwa mit bedrohten Tieren, die wieder ansiedeln.<\/p>\n<p><a href=\"https:\/\/www.srf.ch\/audio\/input\/permakultur-die-zukunft-der-landwirtschaft?id=11199915\" target=\"_blank\" rel=\"noopener noreferrer\">Link zum Beitrag bei SRF3: www.srf.ch\/audio\/input\/permakultur-die-zukunft-der-landwirtschaft?id=11199915<\/a><\/p>\n<p><a href=\"http:\/\/www.biohof-frohberg.ch\/\" target=\"_blank\" rel=\"noopener\">Link zum Biohohf Frohberg: www.biohof-frohberg.ch<\/a><\/p>\n<p><a href=\"https:\/\/www.srf.ch\/audio\/input\/permakultur-die-zukunft-der-landwirtschaft?id=11199915\" target=\"_blank\" rel=\"noopener\"><img fetchpriority=\"high\" decoding=\"async\" class=\"alignnone wp-image-17245 size-full\" src=\"https:\/\/permakultur-landwirtschaft.org\/wp-content\/uploads\/2021\/12\/lorenz_kunz_zukunft489038.titellive.jpg-.jpg\" alt=\"\" width=\"700\" height=\"393\" srcset=\"https:\/\/permakultur-landwirtschaft.org\/wp-content\/uploads\/2021\/12\/lorenz_kunz_zukunft489038.titellive.jpg-.jpg 700w, https:\/\/permakultur-landwirtschaft.org\/wp-content\/uploads\/2021\/12\/lorenz_kunz_zukunft489038.titellive.jpg--300x168.jpg 300w\" sizes=\"(max-width: 700px) 100vw, 700px\" \/><\/a><\/p>\n<h6>Bild: SRF3<span class=\"image-description__author-single\" data-v-38608a3f=\"\" data-nzz-tid=\"image-description-author\"><br \/>\n<\/span><\/h6>\n<hr \/>\n<h3><a href=\"https:\/\/permakultur-landwirtschaft.org\/fr\/medien\/\">Hier geht&#8217;s zur \u00dcbersicht aller Neuigkeiten <\/a><\/h3>\n<h3><a href=\"https:\/\/permakultur-landwirtschaft.org\/fr\/filme\/\">Hier geht&#8217;s zur \u00dcbersicht aller Filme und Audios<\/a><\/h3>\n<h1 class=\"article-title\"><span class=\"article-title__text\">\u00a0<\/span><\/h1>","protected":false},"excerpt":{"rendered":"<p>Text von SRF3: Lorenz Kunz hat seinen Hof in Esslingen im Kanton Z\u00fcrich. Er hat den einst konventionell betriebenen Hof erst auf biologischen Landbau und dann auf Permakultur umgestellt. Statt Monokultur gibts Mischkulturen &#8211; auf kleinstem Raum wachsen verschiedene Gem\u00fcse und Fr\u00fcchte nebeneinander. Das macht sie robust und resistenter gegen Sch\u00e4dlinge. Pestizide und Kunstd\u00fcnger kommen [&hellip;]<\/p>\n","protected":false},"author":2,"featured_media":17245,"comment_status":"closed","ping_status":"closed","sticky":false,"template":"","format":"standard","meta":{"_acf_changed":false,"site-sidebar-layout":"default","site-content-layout":"","ast-site-content-layout":"default","site-content-style":"default","site-sidebar-style":"default","ast-global-header-display":"","ast-banner-title-visibility":"","ast-main-header-display":"","ast-hfb-above-header-display":"","ast-hfb-below-header-display":"","ast-hfb-mobile-header-display":"","site-post-title":"","ast-breadcrumbs-content":"","ast-featured-img":"","footer-sml-layout":"","ast-disable-related-posts":"","theme-transparent-header-meta":"","adv-header-id-meta":"","stick-header-meta":"","header-above-stick-meta":"","header-main-stick-meta":"","header-below-stick-meta":"","astra-migrate-meta-layouts":"default","ast-page-background-enabled":"default","ast-page-background-meta":{"desktop":{"background-color":"var(--ast-global-color-4)","background-image":"","background-repeat":"repeat","background-position":"center center","background-size":"auto","background-attachment":"scroll","background-type":"","background-media":"","overlay-type":"","overlay-color":"","overlay-opacity":"","overlay-gradient":""},"tablet":{"background-color":"","background-image":"","background-repeat":"repeat","background-position":"center center","background-size":"auto","background-attachment":"scroll","background-type":"","background-media":"","overlay-type":"","overlay-color":"","overlay-opacity":"","overlay-gradient":""},"mobile":{"background-color":"","background-image":"","background-repeat":"repeat","background-position":"center center","background-size":"auto","background-attachment":"scroll","background-type":"","background-media":"","overlay-type":"","overlay-color":"","overlay-opacity":"","overlay-gradient":""}},"ast-content-background-meta":{"desktop":{"background-color":"var(--ast-global-color-5)","background-image":"","background-repeat":"repeat","background-position":"center center","background-size":"auto","background-attachment":"scroll","background-type":"","background-media":"","overlay-type":"","overlay-color":"","overlay-opacity":"","overlay-gradient":""},"tablet":{"background-color":"var(--ast-global-color-5)","background-image":"","background-repeat":"repeat","background-position":"center center","background-size":"auto","background-attachment":"scroll","background-type":"","background-media":"","overlay-type":"","overlay-color":"","overlay-opacity":"","overlay-gradient":""},"mobile":{"background-color":"var(--ast-global-color-5)","background-image":"","background-repeat":"repeat","background-position":"center center","background-size":"auto","background-attachment":"scroll","background-type":"","background-media":"","overlay-type":"","overlay-color":"","overlay-opacity":"","overlay-gradient":""}},"footnotes":""},"categories":[49,22],"tags":[],"class_list":["post-17244","post","type-post","status-publish","format-standard","has-post-thumbnail","hentry","category-audio","category-neuigkeit"],"acf":[],"yoast_head":"<!-- This site is optimized with the Yoast SEO plugin v27.5 - https:\/\/yoast.com\/product\/yoast-seo-wordpress\/ -->\n<title>Permakultur: Die Zukunft der Landwirtschaft? - SRF3 Input vom 29. Oktober 2017 - Permakultur-Landwirtschaft<\/title>\n<meta name=\"robots\" content=\"index, follow, max-snippet:-1, max-image-preview:large, max-video-preview:-1\" \/>\n<link rel=\"canonical\" href=\"https:\/\/permakultur-landwirtschaft.org\/fr\/permakultur-die-zukunft-der-landwirtschaft-srf3-input-vom-29-oktober-2017\/\" \/>\n<meta property=\"og:locale\" content=\"fr_FR\" \/>\n<meta property=\"og:type\" content=\"article\" \/>\n<meta property=\"og:title\" content=\"Permakultur: Die Zukunft der Landwirtschaft? - SRF3 Input vom 29. Oktober 2017 - Permakultur-Landwirtschaft\" \/>\n<meta property=\"og:description\" content=\"Text von SRF3: Lorenz Kunz hat seinen Hof in Esslingen im Kanton Z\u00fcrich. Er hat den einst konventionell betriebenen Hof erst auf biologischen Landbau und dann auf Permakultur umgestellt. Statt Monokultur gibts Mischkulturen &#8211; auf kleinstem Raum wachsen verschiedene Gem\u00fcse und Fr\u00fcchte nebeneinander. Das macht sie robust und resistenter gegen Sch\u00e4dlinge. Pestizide und Kunstd\u00fcnger kommen [&hellip;]\" \/>\n<meta property=\"og:url\" content=\"https:\/\/permakultur-landwirtschaft.org\/fr\/permakultur-die-zukunft-der-landwirtschaft-srf3-input-vom-29-oktober-2017\/\" \/>\n<meta property=\"og:site_name\" content=\"Permakultur-Landwirtschaft\" \/>\n<meta property=\"article:publisher\" content=\"https:\/\/www.facebook.com\/PermakulturLandwirtschaft\" \/>\n<meta property=\"article:published_time\" content=\"2017-10-29T16:41:31+00:00\" \/>\n<meta property=\"article:modified_time\" content=\"2021-12-23T16:49:04+00:00\" \/>\n<meta property=\"og:image\" content=\"https:\/\/permakultur-landwirtschaft.org\/wp-content\/uploads\/2021\/12\/lorenz_kunz_zukunft489038.titellive.jpg-.jpg\" \/>\n\t<meta property=\"og:image:width\" content=\"700\" \/>\n\t<meta property=\"og:image:height\" content=\"393\" \/>\n\t<meta property=\"og:image:type\" content=\"image\/jpeg\" \/>\n<meta name=\"author\" content=\"adrian reutimann\" \/>\n<meta name=\"twitter:card\" content=\"summary_large_image\" \/>\n<meta name=\"twitter:label1\" content=\"\u00c9crit par\" \/>\n\t<meta name=\"twitter:data1\" content=\"adrian reutimann\" \/>\n\t<meta name=\"twitter:label2\" content=\"Dur\u00e9e de lecture estim\u00e9e\" \/>\n\t<meta name=\"twitter:data2\" content=\"1 minute\" \/>\n<script type=\"application\/ld+json\" class=\"yoast-schema-graph\">{\"@context\":\"https:\\\/\\\/schema.org\",\"@graph\":[{\"@type\":\"Article\",\"@id\":\"https:\\\/\\\/permakultur-landwirtschaft.org\\\/permakultur-die-zukunft-der-landwirtschaft-srf3-input-vom-29-oktober-2017\\\/#article\",\"isPartOf\":{\"@id\":\"https:\\\/\\\/permakultur-landwirtschaft.org\\\/permakultur-die-zukunft-der-landwirtschaft-srf3-input-vom-29-oktober-2017\\\/\"},\"author\":{\"name\":\"adrian reutimann\",\"@id\":\"https:\\\/\\\/permakultur-landwirtschaft.org\\\/#\\\/schema\\\/person\\\/6b0467872f75aed3e144093f9bf4f0b0\"},\"headline\":\"Permakultur: Die Zukunft der Landwirtschaft? &#8211; SRF3 Input vom 29. Oktober 2017\",\"datePublished\":\"2017-10-29T16:41:31+00:00\",\"dateModified\":\"2021-12-23T16:49:04+00:00\",\"mainEntityOfPage\":{\"@id\":\"https:\\\/\\\/permakultur-landwirtschaft.org\\\/permakultur-die-zukunft-der-landwirtschaft-srf3-input-vom-29-oktober-2017\\\/\"},\"wordCount\":137,\"publisher\":{\"@id\":\"https:\\\/\\\/permakultur-landwirtschaft.org\\\/#organization\"},\"image\":{\"@id\":\"https:\\\/\\\/permakultur-landwirtschaft.org\\\/permakultur-die-zukunft-der-landwirtschaft-srf3-input-vom-29-oktober-2017\\\/#primaryimage\"},\"thumbnailUrl\":\"https:\\\/\\\/permakultur-landwirtschaft.org\\\/wp-content\\\/uploads\\\/2021\\\/12\\\/lorenz_kunz_zukunft489038.titellive.jpg-.jpg\",\"articleSection\":[\"Audio\",\"Neuigkeit\"],\"inLanguage\":\"fr-FR\"},{\"@type\":\"WebPage\",\"@id\":\"https:\\\/\\\/permakultur-landwirtschaft.org\\\/permakultur-die-zukunft-der-landwirtschaft-srf3-input-vom-29-oktober-2017\\\/\",\"url\":\"https:\\\/\\\/permakultur-landwirtschaft.org\\\/permakultur-die-zukunft-der-landwirtschaft-srf3-input-vom-29-oktober-2017\\\/\",\"name\":\"Permakultur: Die Zukunft der Landwirtschaft? - SRF3 Input vom 29. Oktober 2017 - Permakultur-Landwirtschaft\",\"isPartOf\":{\"@id\":\"https:\\\/\\\/permakultur-landwirtschaft.org\\\/#website\"},\"primaryImageOfPage\":{\"@id\":\"https:\\\/\\\/permakultur-landwirtschaft.org\\\/permakultur-die-zukunft-der-landwirtschaft-srf3-input-vom-29-oktober-2017\\\/#primaryimage\"},\"image\":{\"@id\":\"https:\\\/\\\/permakultur-landwirtschaft.org\\\/permakultur-die-zukunft-der-landwirtschaft-srf3-input-vom-29-oktober-2017\\\/#primaryimage\"},\"thumbnailUrl\":\"https:\\\/\\\/permakultur-landwirtschaft.org\\\/wp-content\\\/uploads\\\/2021\\\/12\\\/lorenz_kunz_zukunft489038.titellive.jpg-.jpg\",\"datePublished\":\"2017-10-29T16:41:31+00:00\",\"dateModified\":\"2021-12-23T16:49:04+00:00\",\"breadcrumb\":{\"@id\":\"https:\\\/\\\/permakultur-landwirtschaft.org\\\/permakultur-die-zukunft-der-landwirtschaft-srf3-input-vom-29-oktober-2017\\\/#breadcrumb\"},\"inLanguage\":\"fr-FR\",\"potentialAction\":[{\"@type\":\"ReadAction\",\"target\":[\"https:\\\/\\\/permakultur-landwirtschaft.org\\\/permakultur-die-zukunft-der-landwirtschaft-srf3-input-vom-29-oktober-2017\\\/\"]}]},{\"@type\":\"ImageObject\",\"inLanguage\":\"fr-FR\",\"@id\":\"https:\\\/\\\/permakultur-landwirtschaft.org\\\/permakultur-die-zukunft-der-landwirtschaft-srf3-input-vom-29-oktober-2017\\\/#primaryimage\",\"url\":\"https:\\\/\\\/permakultur-landwirtschaft.org\\\/wp-content\\\/uploads\\\/2021\\\/12\\\/lorenz_kunz_zukunft489038.titellive.jpg-.jpg\",\"contentUrl\":\"https:\\\/\\\/permakultur-landwirtschaft.org\\\/wp-content\\\/uploads\\\/2021\\\/12\\\/lorenz_kunz_zukunft489038.titellive.jpg-.jpg\",\"width\":700,\"height\":393},{\"@type\":\"BreadcrumbList\",\"@id\":\"https:\\\/\\\/permakultur-landwirtschaft.org\\\/permakultur-die-zukunft-der-landwirtschaft-srf3-input-vom-29-oktober-2017\\\/#breadcrumb\",\"itemListElement\":[{\"@type\":\"ListItem\",\"position\":1,\"name\":\"Startseite\",\"item\":\"https:\\\/\\\/permakultur-landwirtschaft.org\\\/\"},{\"@type\":\"ListItem\",\"position\":2,\"name\":\"Permakultur: Die Zukunft der Landwirtschaft? &#8211; SRF3 Input vom 29. Oktober 2017\"}]},{\"@type\":\"WebSite\",\"@id\":\"https:\\\/\\\/permakultur-landwirtschaft.org\\\/#website\",\"url\":\"https:\\\/\\\/permakultur-landwirtschaft.org\\\/\",\"name\":\"Permakultur-Landwirtschaft\",\"description\":\"F\u00f6rderung der Permakultur in der Landwirtschaft\",\"publisher\":{\"@id\":\"https:\\\/\\\/permakultur-landwirtschaft.org\\\/#organization\"},\"potentialAction\":[{\"@type\":\"SearchAction\",\"target\":{\"@type\":\"EntryPoint\",\"urlTemplate\":\"https:\\\/\\\/permakultur-landwirtschaft.org\\\/?s={search_term_string}\"},\"query-input\":{\"@type\":\"PropertyValueSpecification\",\"valueRequired\":true,\"valueName\":\"search_term_string\"}}],\"inLanguage\":\"fr-FR\"},{\"@type\":\"Organization\",\"@id\":\"https:\\\/\\\/permakultur-landwirtschaft.org\\\/#organization\",\"name\":\"Permakultur-Landwirtschaft\",\"alternateName\":\"Verein Permakultur-Landwirtschaft\",\"url\":\"https:\\\/\\\/permakultur-landwirtschaft.org\\\/\",\"logo\":{\"@type\":\"ImageObject\",\"inLanguage\":\"fr-FR\",\"@id\":\"https:\\\/\\\/permakultur-landwirtschaft.org\\\/#\\\/schema\\\/logo\\\/image\\\/\",\"url\":\"https:\\\/\\\/permakultur-landwirtschaft.org\\\/wp-content\\\/uploads\\\/2021\\\/11\\\/pela_1268x1269.png\",\"contentUrl\":\"https:\\\/\\\/permakultur-landwirtschaft.org\\\/wp-content\\\/uploads\\\/2021\\\/11\\\/pela_1268x1269.png\",\"width\":1298,\"height\":1269,\"caption\":\"Permakultur-Landwirtschaft\"},\"image\":{\"@id\":\"https:\\\/\\\/permakultur-landwirtschaft.org\\\/#\\\/schema\\\/logo\\\/image\\\/\"},\"sameAs\":[\"https:\\\/\\\/www.facebook.com\\\/PermakulturLandwirtschaft\",\"https:\\\/\\\/www.instagram.com\\\/permakultur_landwirtschaft\\\/\",\"https:\\\/\\\/www.flickr.com\\\/photos\\\/permakultur-landwirtschaft\",\"https:\\\/\\\/www.youtube.com\\\/@PermakulturLandwirtschaft\"]},{\"@type\":\"Person\",\"@id\":\"https:\\\/\\\/permakultur-landwirtschaft.org\\\/#\\\/schema\\\/person\\\/6b0467872f75aed3e144093f9bf4f0b0\",\"name\":\"adrian reutimann\",\"url\":\"https:\\\/\\\/permakultur-landwirtschaft.org\\\/fr\\\/author\\\/reutiadr\\\/\"}]}<\/script>\n<!-- \/ Yoast SEO plugin. -->","yoast_head_json":{"title":"Permakultur: Die Zukunft der Landwirtschaft? - SRF3 Input vom 29. Oktober 2017 - Permakultur-Landwirtschaft","robots":{"index":"index","follow":"follow","max-snippet":"max-snippet:-1","max-image-preview":"max-image-preview:large","max-video-preview":"max-video-preview:-1"},"canonical":"https:\/\/permakultur-landwirtschaft.org\/fr\/permakultur-die-zukunft-der-landwirtschaft-srf3-input-vom-29-oktober-2017\/","og_locale":"fr_FR","og_type":"article","og_title":"Permakultur: Die Zukunft der Landwirtschaft? - SRF3 Input vom 29. Oktober 2017 - Permakultur-Landwirtschaft","og_description":"Text von SRF3: Lorenz Kunz hat seinen Hof in Esslingen im Kanton Z\u00fcrich. Er hat den einst konventionell betriebenen Hof erst auf biologischen Landbau und dann auf Permakultur umgestellt. Statt Monokultur gibts Mischkulturen &#8211; auf kleinstem Raum wachsen verschiedene Gem\u00fcse und Fr\u00fcchte nebeneinander. Das macht sie robust und resistenter gegen Sch\u00e4dlinge. Pestizide und Kunstd\u00fcnger kommen [&hellip;]","og_url":"https:\/\/permakultur-landwirtschaft.org\/fr\/permakultur-die-zukunft-der-landwirtschaft-srf3-input-vom-29-oktober-2017\/","og_site_name":"Permakultur-Landwirtschaft","article_publisher":"https:\/\/www.facebook.com\/PermakulturLandwirtschaft","article_published_time":"2017-10-29T16:41:31+00:00","article_modified_time":"2021-12-23T16:49:04+00:00","og_image":[{"width":700,"height":393,"url":"https:\/\/permakultur-landwirtschaft.org\/wp-content\/uploads\/2021\/12\/lorenz_kunz_zukunft489038.titellive.jpg-.jpg","type":"image\/jpeg"}],"author":"adrian reutimann","twitter_card":"summary_large_image","twitter_misc":{"\u00c9crit par":"adrian reutimann","Dur\u00e9e de lecture estim\u00e9e":"1 minute"},"schema":{"@context":"https:\/\/schema.org","@graph":[{"@type":"Article","@id":"https:\/\/permakultur-landwirtschaft.org\/permakultur-die-zukunft-der-landwirtschaft-srf3-input-vom-29-oktober-2017\/#article","isPartOf":{"@id":"https:\/\/permakultur-landwirtschaft.org\/permakultur-die-zukunft-der-landwirtschaft-srf3-input-vom-29-oktober-2017\/"},"author":{"name":"adrian reutimann","@id":"https:\/\/permakultur-landwirtschaft.org\/#\/schema\/person\/6b0467872f75aed3e144093f9bf4f0b0"},"headline":"Permakultur: Die Zukunft der Landwirtschaft? &#8211; SRF3 Input vom 29. Oktober 2017","datePublished":"2017-10-29T16:41:31+00:00","dateModified":"2021-12-23T16:49:04+00:00","mainEntityOfPage":{"@id":"https:\/\/permakultur-landwirtschaft.org\/permakultur-die-zukunft-der-landwirtschaft-srf3-input-vom-29-oktober-2017\/"},"wordCount":137,"publisher":{"@id":"https:\/\/permakultur-landwirtschaft.org\/#organization"},"image":{"@id":"https:\/\/permakultur-landwirtschaft.org\/permakultur-die-zukunft-der-landwirtschaft-srf3-input-vom-29-oktober-2017\/#primaryimage"},"thumbnailUrl":"https:\/\/permakultur-landwirtschaft.org\/wp-content\/uploads\/2021\/12\/lorenz_kunz_zukunft489038.titellive.jpg-.jpg","articleSection":["Audio","Neuigkeit"],"inLanguage":"fr-FR"},{"@type":"WebPage","@id":"https:\/\/permakultur-landwirtschaft.org\/permakultur-die-zukunft-der-landwirtschaft-srf3-input-vom-29-oktober-2017\/","url":"https:\/\/permakultur-landwirtschaft.org\/permakultur-die-zukunft-der-landwirtschaft-srf3-input-vom-29-oktober-2017\/","name":"Permakultur: Die Zukunft der Landwirtschaft? - SRF3 Input vom 29. Oktober 2017 - Permakultur-Landwirtschaft","isPartOf":{"@id":"https:\/\/permakultur-landwirtschaft.org\/#website"},"primaryImageOfPage":{"@id":"https:\/\/permakultur-landwirtschaft.org\/permakultur-die-zukunft-der-landwirtschaft-srf3-input-vom-29-oktober-2017\/#primaryimage"},"image":{"@id":"https:\/\/permakultur-landwirtschaft.org\/permakultur-die-zukunft-der-landwirtschaft-srf3-input-vom-29-oktober-2017\/#primaryimage"},"thumbnailUrl":"https:\/\/permakultur-landwirtschaft.org\/wp-content\/uploads\/2021\/12\/lorenz_kunz_zukunft489038.titellive.jpg-.jpg","datePublished":"2017-10-29T16:41:31+00:00","dateModified":"2021-12-23T16:49:04+00:00","breadcrumb":{"@id":"https:\/\/permakultur-landwirtschaft.org\/permakultur-die-zukunft-der-landwirtschaft-srf3-input-vom-29-oktober-2017\/#breadcrumb"},"inLanguage":"fr-FR","potentialAction":[{"@type":"ReadAction","target":["https:\/\/permakultur-landwirtschaft.org\/permakultur-die-zukunft-der-landwirtschaft-srf3-input-vom-29-oktober-2017\/"]}]},{"@type":"ImageObject","inLanguage":"fr-FR","@id":"https:\/\/permakultur-landwirtschaft.org\/permakultur-die-zukunft-der-landwirtschaft-srf3-input-vom-29-oktober-2017\/#primaryimage","url":"https:\/\/permakultur-landwirtschaft.org\/wp-content\/uploads\/2021\/12\/lorenz_kunz_zukunft489038.titellive.jpg-.jpg","contentUrl":"https:\/\/permakultur-landwirtschaft.org\/wp-content\/uploads\/2021\/12\/lorenz_kunz_zukunft489038.titellive.jpg-.jpg","width":700,"height":393},{"@type":"BreadcrumbList","@id":"https:\/\/permakultur-landwirtschaft.org\/permakultur-die-zukunft-der-landwirtschaft-srf3-input-vom-29-oktober-2017\/#breadcrumb","itemListElement":[{"@type":"ListItem","position":1,"name":"Startseite","item":"https:\/\/permakultur-landwirtschaft.org\/"},{"@type":"ListItem","position":2,"name":"Permakultur: Die Zukunft der Landwirtschaft? &#8211; SRF3 Input vom 29. Oktober 2017"}]},{"@type":"WebSite","@id":"https:\/\/permakultur-landwirtschaft.org\/#website","url":"https:\/\/permakultur-landwirtschaft.org\/","name":"Permakultur-Landwirtschaft","description":"F\u00f6rderung der Permakultur in der Landwirtschaft","publisher":{"@id":"https:\/\/permakultur-landwirtschaft.org\/#organization"},"potentialAction":[{"@type":"SearchAction","target":{"@type":"EntryPoint","urlTemplate":"https:\/\/permakultur-landwirtschaft.org\/?s={search_term_string}"},"query-input":{"@type":"PropertyValueSpecification","valueRequired":true,"valueName":"search_term_string"}}],"inLanguage":"fr-FR"},{"@type":"Organization","@id":"https:\/\/permakultur-landwirtschaft.org\/#organization","name":"Permakultur-Landwirtschaft","alternateName":"Verein Permakultur-Landwirtschaft","url":"https:\/\/permakultur-landwirtschaft.org\/","logo":{"@type":"ImageObject","inLanguage":"fr-FR","@id":"https:\/\/permakultur-landwirtschaft.org\/#\/schema\/logo\/image\/","url":"https:\/\/permakultur-landwirtschaft.org\/wp-content\/uploads\/2021\/11\/pela_1268x1269.png","contentUrl":"https:\/\/permakultur-landwirtschaft.org\/wp-content\/uploads\/2021\/11\/pela_1268x1269.png","width":1298,"height":1269,"caption":"Permakultur-Landwirtschaft"},"image":{"@id":"https:\/\/permakultur-landwirtschaft.org\/#\/schema\/logo\/image\/"},"sameAs":["https:\/\/www.facebook.com\/PermakulturLandwirtschaft","https:\/\/www.instagram.com\/permakultur_landwirtschaft\/","https:\/\/www.flickr.com\/photos\/permakultur-landwirtschaft","https:\/\/www.youtube.com\/@PermakulturLandwirtschaft"]},{"@type":"Person","@id":"https:\/\/permakultur-landwirtschaft.org\/#\/schema\/person\/6b0467872f75aed3e144093f9bf4f0b0","name":"adrian reutimann","url":"https:\/\/permakultur-landwirtschaft.org\/fr\/author\/reutiadr\/"}]}},"_links":{"self":[{"href":"https:\/\/permakultur-landwirtschaft.org\/fr\/wp-json\/wp\/v2\/posts\/17244","targetHints":{"allow":["GET"]}}],"collection":[{"href":"https:\/\/permakultur-landwirtschaft.org\/fr\/wp-json\/wp\/v2\/posts"}],"about":[{"href":"https:\/\/permakultur-landwirtschaft.org\/fr\/wp-json\/wp\/v2\/types\/post"}],"author":[{"embeddable":true,"href":"https:\/\/permakultur-landwirtschaft.org\/fr\/wp-json\/wp\/v2\/users\/2"}],"replies":[{"embeddable":true,"href":"https:\/\/permakultur-landwirtschaft.org\/fr\/wp-json\/wp\/v2\/comments?post=17244"}],"version-history":[{"count":1,"href":"https:\/\/permakultur-landwirtschaft.org\/fr\/wp-json\/wp\/v2\/posts\/17244\/revisions"}],"predecessor-version":[{"id":17247,"href":"https:\/\/permakultur-landwirtschaft.org\/fr\/wp-json\/wp\/v2\/posts\/17244\/revisions\/17247"}],"wp:featuredmedia":[{"embeddable":true,"href":"https:\/\/permakultur-landwirtschaft.org\/fr\/wp-json\/wp\/v2\/media\/17245"}],"wp:attachment":[{"href":"https:\/\/permakultur-landwirtschaft.org\/fr\/wp-json\/wp\/v2\/media?parent=17244"}],"wp:term":[{"taxonomy":"category","embeddable":true,"href":"https:\/\/permakultur-landwirtschaft.org\/fr\/wp-json\/wp\/v2\/categories?post=17244"},{"taxonomy":"post_tag","embeddable":true,"href":"https:\/\/permakultur-landwirtschaft.org\/fr\/wp-json\/wp\/v2\/tags?post=17244"}],"curies":[{"name":"wp","href":"https:\/\/api.w.org\/{rel}","templated":true}]}}