{"id":17239,"date":"2015-03-31T17:29:51","date_gmt":"2015-03-31T15:29:51","guid":{"rendered":"https:\/\/permakultur-landwirtschaft.org\/?p=17239"},"modified":"2021-12-23T17:36:35","modified_gmt":"2021-12-23T16:36:35","slug":"permakultur-am-brienzersee-kreative-ideen-fuer-den-garten-srf-vom-31-maerz-2015","status":"publish","type":"post","link":"https:\/\/permakultur-landwirtschaft.org\/fr\/permakultur-am-brienzersee-kreative-ideen-fuer-den-garten-srf-vom-31-maerz-2015\/","title":{"rendered":"Permakultur am Brienzersee: Kreative Ideen f\u00fcr den Garten &#8211; SRF vom 31. M\u00e4rz 2015"},"content":{"rendered":"<p>Text von SRF:<br \/>\nAuf der Schweibenalp wird ein grosses Gel\u00e4nde nach den Grunds\u00e4tzen der Permakultur bewirtschaftet. Also m\u00f6glichst nachhaltig, mit den vor Ort vorhandenen Ressourcen. Das bedingt viel Handarbeit. Manche Ideen dieser Anbauart sind auch im Stadtgarten oder gar in der Landwirtschaft anwendbar.<\/p>\n<p><a href=\"https:\/\/www.srf.ch\/news\/regional\/bern-freiburg-wallis\/permakultur-am-brienzersee-kreative-ideen-fuer-den-garten\" target=\"_blank\" rel=\"noopener noreferrer\">Link zum Beitrag bei SRF: www.srf.ch\/news\/regional\/bern-freiburg-wallis\/permakultur-am-brienzersee-kreative-ideen-fuer-den-garten<\/a><\/p>\n<p>Link zur Alpinen Permakultur: https:\/\/www.alpine-permakultur.ch<\/p>\n<p><a href=\"https:\/\/www.srf.ch\/news\/regional\/bern-freiburg-wallis\/permakultur-am-brienzersee-kreative-ideen-fuer-den-garten\" target=\"_blank\" rel=\"noopener\"><img fetchpriority=\"high\" decoding=\"async\" class=\"alignnone wp-image-17240 size-full\" src=\"https:\/\/permakultur-landwirtschaft.org\/wp-content\/uploads\/2021\/12\/alpinecc8c47.jpg\" alt=\"\" width=\"700\" height=\"525\" srcset=\"https:\/\/permakultur-landwirtschaft.org\/wp-content\/uploads\/2021\/12\/alpinecc8c47.jpg 700w, https:\/\/permakultur-landwirtschaft.org\/wp-content\/uploads\/2021\/12\/alpinecc8c47-300x225.jpg 300w\" sizes=\"(max-width: 700px) 100vw, 700px\" \/><\/a><\/p>\n<h6>Bild: Elisa H\u00e4ni<span class=\"image-description__author-single\" data-v-38608a3f=\"\" data-nzz-tid=\"image-description-author\"><br \/>\n<\/span><\/h6>\n<hr \/>\n<h3><a href=\"https:\/\/permakultur-landwirtschaft.org\/fr\/medien\/\">Hier geht&#8217;s zur \u00dcbersicht aller Neuigkeiten <\/a><\/h3>\n<h3><a href=\"https:\/\/permakultur-landwirtschaft.org\/fr\/filme\/\">Hier geht&#8217;s zur \u00dcbersicht aller Filme und Audios<\/a><\/h3>\n<h1 class=\"article-title\"><span class=\"article-title__text\">\u00a0<\/span><\/h1>","protected":false},"excerpt":{"rendered":"<p>Text von SRF: Auf der Schweibenalp wird ein grosses Gel\u00e4nde nach den Grunds\u00e4tzen der Permakultur bewirtschaftet. Also m\u00f6glichst nachhaltig, mit den vor Ort vorhandenen Ressourcen. Das bedingt viel Handarbeit. Manche Ideen dieser Anbauart sind auch im Stadtgarten oder gar in der Landwirtschaft anwendbar. Link zum Beitrag bei SRF: www.srf.ch\/news\/regional\/bern-freiburg-wallis\/permakultur-am-brienzersee-kreative-ideen-fuer-den-garten Link zur Alpinen Permakultur: https:\/\/www.alpine-permakultur.ch Bild: [&hellip;]<\/p>\n","protected":false},"author":2,"featured_media":17240,"comment_status":"closed","ping_status":"closed","sticky":false,"template":"","format":"standard","meta":{"_acf_changed":false,"site-sidebar-layout":"default","site-content-layout":"","ast-site-content-layout":"default","site-content-style":"default","site-sidebar-style":"default","ast-global-header-display":"","ast-banner-title-visibility":"","ast-main-header-display":"","ast-hfb-above-header-display":"","ast-hfb-below-header-display":"","ast-hfb-mobile-header-display":"","site-post-title":"","ast-breadcrumbs-content":"","ast-featured-img":"","footer-sml-layout":"","ast-disable-related-posts":"","theme-transparent-header-meta":"","adv-header-id-meta":"","stick-header-meta":"","header-above-stick-meta":"","header-main-stick-meta":"","header-below-stick-meta":"","astra-migrate-meta-layouts":"default","ast-page-background-enabled":"default","ast-page-background-meta":{"desktop":{"background-color":"var(--ast-global-color-4)","background-image":"","background-repeat":"repeat","background-position":"center center","background-size":"auto","background-attachment":"scroll","background-type":"","background-media":"","overlay-type":"","overlay-color":"","overlay-opacity":"","overlay-gradient":""},"tablet":{"background-color":"","background-image":"","background-repeat":"repeat","background-position":"center center","background-size":"auto","background-attachment":"scroll","background-type":"","background-media":"","overlay-type":"","overlay-color":"","overlay-opacity":"","overlay-gradient":""},"mobile":{"background-color":"","background-image":"","background-repeat":"repeat","background-position":"center center","background-size":"auto","background-attachment":"scroll","background-type":"","background-media":"","overlay-type":"","overlay-color":"","overlay-opacity":"","overlay-gradient":""}},"ast-content-background-meta":{"desktop":{"background-color":"var(--ast-global-color-5)","background-image":"","background-repeat":"repeat","background-position":"center center","background-size":"auto","background-attachment":"scroll","background-type":"","background-media":"","overlay-type":"","overlay-color":"","overlay-opacity":"","overlay-gradient":""},"tablet":{"background-color":"var(--ast-global-color-5)","background-image":"","background-repeat":"repeat","background-position":"center center","background-size":"auto","background-attachment":"scroll","background-type":"","background-media":"","overlay-type":"","overlay-color":"","overlay-opacity":"","overlay-gradient":""},"mobile":{"background-color":"var(--ast-global-color-5)","background-image":"","background-repeat":"repeat","background-position":"center center","background-size":"auto","background-attachment":"scroll","background-type":"","background-media":"","overlay-type":"","overlay-color":"","overlay-opacity":"","overlay-gradient":""}},"footnotes":""},"categories":[49,22],"tags":[],"class_list":["post-17239","post","type-post","status-publish","format-standard","has-post-thumbnail","hentry","category-audio","category-neuigkeit"],"acf":[],"yoast_head":"<!-- This site is optimized with the Yoast SEO plugin v27.5 - https:\/\/yoast.com\/product\/yoast-seo-wordpress\/ -->\n<title>Permakultur am Brienzersee: Kreative Ideen f\u00fcr den Garten - SRF vom 31. M\u00e4rz 2015 - Permakultur-Landwirtschaft<\/title>\n<meta name=\"robots\" content=\"index, follow, max-snippet:-1, max-image-preview:large, max-video-preview:-1\" \/>\n<link rel=\"canonical\" href=\"https:\/\/permakultur-landwirtschaft.org\/fr\/permakultur-am-brienzersee-kreative-ideen-fuer-den-garten-srf-vom-31-maerz-2015\/\" \/>\n<meta property=\"og:locale\" content=\"fr_FR\" \/>\n<meta property=\"og:type\" content=\"article\" \/>\n<meta property=\"og:title\" content=\"Permakultur am Brienzersee: Kreative Ideen f\u00fcr den Garten - SRF vom 31. M\u00e4rz 2015 - Permakultur-Landwirtschaft\" \/>\n<meta property=\"og:description\" content=\"Text von SRF: Auf der Schweibenalp wird ein grosses Gel\u00e4nde nach den Grunds\u00e4tzen der Permakultur bewirtschaftet. Also m\u00f6glichst nachhaltig, mit den vor Ort vorhandenen Ressourcen. Das bedingt viel Handarbeit. Manche Ideen dieser Anbauart sind auch im Stadtgarten oder gar in der Landwirtschaft anwendbar. Link zum Beitrag bei SRF: www.srf.ch\/news\/regional\/bern-freiburg-wallis\/permakultur-am-brienzersee-kreative-ideen-fuer-den-garten Link zur Alpinen Permakultur: https:\/\/www.alpine-permakultur.ch Bild: [&hellip;]\" \/>\n<meta property=\"og:url\" content=\"https:\/\/permakultur-landwirtschaft.org\/fr\/permakultur-am-brienzersee-kreative-ideen-fuer-den-garten-srf-vom-31-maerz-2015\/\" \/>\n<meta property=\"og:site_name\" content=\"Permakultur-Landwirtschaft\" \/>\n<meta property=\"article:publisher\" content=\"https:\/\/www.facebook.com\/PermakulturLandwirtschaft\" \/>\n<meta property=\"article:published_time\" content=\"2015-03-31T15:29:51+00:00\" \/>\n<meta property=\"article:modified_time\" content=\"2021-12-23T16:36:35+00:00\" \/>\n<meta property=\"og:image\" content=\"https:\/\/permakultur-landwirtschaft.org\/wp-content\/uploads\/2021\/12\/alpinecc8c47.jpg\" \/>\n\t<meta property=\"og:image:width\" content=\"700\" \/>\n\t<meta property=\"og:image:height\" content=\"525\" \/>\n\t<meta property=\"og:image:type\" content=\"image\/jpeg\" \/>\n<meta name=\"author\" content=\"adrian reutimann\" \/>\n<meta name=\"twitter:card\" content=\"summary_large_image\" \/>\n<meta name=\"twitter:label1\" content=\"\u00c9crit par\" \/>\n\t<meta name=\"twitter:data1\" content=\"adrian reutimann\" \/>\n<script type=\"application\/ld+json\" class=\"yoast-schema-graph\">{\"@context\":\"https:\\\/\\\/schema.org\",\"@graph\":[{\"@type\":\"Article\",\"@id\":\"https:\\\/\\\/permakultur-landwirtschaft.org\\\/permakultur-am-brienzersee-kreative-ideen-fuer-den-garten-srf-vom-31-maerz-2015\\\/#article\",\"isPartOf\":{\"@id\":\"https:\\\/\\\/permakultur-landwirtschaft.org\\\/permakultur-am-brienzersee-kreative-ideen-fuer-den-garten-srf-vom-31-maerz-2015\\\/\"},\"author\":{\"name\":\"adrian reutimann\",\"@id\":\"https:\\\/\\\/permakultur-landwirtschaft.org\\\/#\\\/schema\\\/person\\\/6b0467872f75aed3e144093f9bf4f0b0\"},\"headline\":\"Permakultur am Brienzersee: Kreative Ideen f\u00fcr den Garten &#8211; SRF vom 31. M\u00e4rz 2015\",\"datePublished\":\"2015-03-31T15:29:51+00:00\",\"dateModified\":\"2021-12-23T16:36:35+00:00\",\"mainEntityOfPage\":{\"@id\":\"https:\\\/\\\/permakultur-landwirtschaft.org\\\/permakultur-am-brienzersee-kreative-ideen-fuer-den-garten-srf-vom-31-maerz-2015\\\/\"},\"wordCount\":100,\"publisher\":{\"@id\":\"https:\\\/\\\/permakultur-landwirtschaft.org\\\/#organization\"},\"image\":{\"@id\":\"https:\\\/\\\/permakultur-landwirtschaft.org\\\/permakultur-am-brienzersee-kreative-ideen-fuer-den-garten-srf-vom-31-maerz-2015\\\/#primaryimage\"},\"thumbnailUrl\":\"https:\\\/\\\/permakultur-landwirtschaft.org\\\/wp-content\\\/uploads\\\/2021\\\/12\\\/alpinecc8c47.jpg\",\"articleSection\":[\"Audio\",\"Neuigkeit\"],\"inLanguage\":\"fr-FR\"},{\"@type\":\"WebPage\",\"@id\":\"https:\\\/\\\/permakultur-landwirtschaft.org\\\/permakultur-am-brienzersee-kreative-ideen-fuer-den-garten-srf-vom-31-maerz-2015\\\/\",\"url\":\"https:\\\/\\\/permakultur-landwirtschaft.org\\\/permakultur-am-brienzersee-kreative-ideen-fuer-den-garten-srf-vom-31-maerz-2015\\\/\",\"name\":\"Permakultur am Brienzersee: Kreative Ideen f\u00fcr den Garten - SRF vom 31. M\u00e4rz 2015 - Permakultur-Landwirtschaft\",\"isPartOf\":{\"@id\":\"https:\\\/\\\/permakultur-landwirtschaft.org\\\/#website\"},\"primaryImageOfPage\":{\"@id\":\"https:\\\/\\\/permakultur-landwirtschaft.org\\\/permakultur-am-brienzersee-kreative-ideen-fuer-den-garten-srf-vom-31-maerz-2015\\\/#primaryimage\"},\"image\":{\"@id\":\"https:\\\/\\\/permakultur-landwirtschaft.org\\\/permakultur-am-brienzersee-kreative-ideen-fuer-den-garten-srf-vom-31-maerz-2015\\\/#primaryimage\"},\"thumbnailUrl\":\"https:\\\/\\\/permakultur-landwirtschaft.org\\\/wp-content\\\/uploads\\\/2021\\\/12\\\/alpinecc8c47.jpg\",\"datePublished\":\"2015-03-31T15:29:51+00:00\",\"dateModified\":\"2021-12-23T16:36:35+00:00\",\"breadcrumb\":{\"@id\":\"https:\\\/\\\/permakultur-landwirtschaft.org\\\/permakultur-am-brienzersee-kreative-ideen-fuer-den-garten-srf-vom-31-maerz-2015\\\/#breadcrumb\"},\"inLanguage\":\"fr-FR\",\"potentialAction\":[{\"@type\":\"ReadAction\",\"target\":[\"https:\\\/\\\/permakultur-landwirtschaft.org\\\/permakultur-am-brienzersee-kreative-ideen-fuer-den-garten-srf-vom-31-maerz-2015\\\/\"]}]},{\"@type\":\"ImageObject\",\"inLanguage\":\"fr-FR\",\"@id\":\"https:\\\/\\\/permakultur-landwirtschaft.org\\\/permakultur-am-brienzersee-kreative-ideen-fuer-den-garten-srf-vom-31-maerz-2015\\\/#primaryimage\",\"url\":\"https:\\\/\\\/permakultur-landwirtschaft.org\\\/wp-content\\\/uploads\\\/2021\\\/12\\\/alpinecc8c47.jpg\",\"contentUrl\":\"https:\\\/\\\/permakultur-landwirtschaft.org\\\/wp-content\\\/uploads\\\/2021\\\/12\\\/alpinecc8c47.jpg\",\"width\":700,\"height\":525},{\"@type\":\"BreadcrumbList\",\"@id\":\"https:\\\/\\\/permakultur-landwirtschaft.org\\\/permakultur-am-brienzersee-kreative-ideen-fuer-den-garten-srf-vom-31-maerz-2015\\\/#breadcrumb\",\"itemListElement\":[{\"@type\":\"ListItem\",\"position\":1,\"name\":\"Startseite\",\"item\":\"https:\\\/\\\/permakultur-landwirtschaft.org\\\/\"},{\"@type\":\"ListItem\",\"position\":2,\"name\":\"Permakultur am Brienzersee: Kreative Ideen f\u00fcr den Garten &#8211; SRF vom 31. M\u00e4rz 2015\"}]},{\"@type\":\"WebSite\",\"@id\":\"https:\\\/\\\/permakultur-landwirtschaft.org\\\/#website\",\"url\":\"https:\\\/\\\/permakultur-landwirtschaft.org\\\/\",\"name\":\"Permakultur-Landwirtschaft\",\"description\":\"F\u00f6rderung der Permakultur in der Landwirtschaft\",\"publisher\":{\"@id\":\"https:\\\/\\\/permakultur-landwirtschaft.org\\\/#organization\"},\"potentialAction\":[{\"@type\":\"SearchAction\",\"target\":{\"@type\":\"EntryPoint\",\"urlTemplate\":\"https:\\\/\\\/permakultur-landwirtschaft.org\\\/?s={search_term_string}\"},\"query-input\":{\"@type\":\"PropertyValueSpecification\",\"valueRequired\":true,\"valueName\":\"search_term_string\"}}],\"inLanguage\":\"fr-FR\"},{\"@type\":\"Organization\",\"@id\":\"https:\\\/\\\/permakultur-landwirtschaft.org\\\/#organization\",\"name\":\"Permakultur-Landwirtschaft\",\"alternateName\":\"Verein Permakultur-Landwirtschaft\",\"url\":\"https:\\\/\\\/permakultur-landwirtschaft.org\\\/\",\"logo\":{\"@type\":\"ImageObject\",\"inLanguage\":\"fr-FR\",\"@id\":\"https:\\\/\\\/permakultur-landwirtschaft.org\\\/#\\\/schema\\\/logo\\\/image\\\/\",\"url\":\"https:\\\/\\\/permakultur-landwirtschaft.org\\\/wp-content\\\/uploads\\\/2021\\\/11\\\/pela_1268x1269.png\",\"contentUrl\":\"https:\\\/\\\/permakultur-landwirtschaft.org\\\/wp-content\\\/uploads\\\/2021\\\/11\\\/pela_1268x1269.png\",\"width\":1298,\"height\":1269,\"caption\":\"Permakultur-Landwirtschaft\"},\"image\":{\"@id\":\"https:\\\/\\\/permakultur-landwirtschaft.org\\\/#\\\/schema\\\/logo\\\/image\\\/\"},\"sameAs\":[\"https:\\\/\\\/www.facebook.com\\\/PermakulturLandwirtschaft\",\"https:\\\/\\\/www.instagram.com\\\/permakultur_landwirtschaft\\\/\",\"https:\\\/\\\/www.flickr.com\\\/photos\\\/permakultur-landwirtschaft\",\"https:\\\/\\\/www.youtube.com\\\/@PermakulturLandwirtschaft\"]},{\"@type\":\"Person\",\"@id\":\"https:\\\/\\\/permakultur-landwirtschaft.org\\\/#\\\/schema\\\/person\\\/6b0467872f75aed3e144093f9bf4f0b0\",\"name\":\"adrian reutimann\",\"url\":\"https:\\\/\\\/permakultur-landwirtschaft.org\\\/fr\\\/author\\\/reutiadr\\\/\"}]}<\/script>\n<!-- \/ Yoast SEO plugin. -->","yoast_head_json":{"title":"Permakultur am Brienzersee: Kreative Ideen f\u00fcr den Garten - SRF vom 31. M\u00e4rz 2015 - Permakultur-Landwirtschaft","robots":{"index":"index","follow":"follow","max-snippet":"max-snippet:-1","max-image-preview":"max-image-preview:large","max-video-preview":"max-video-preview:-1"},"canonical":"https:\/\/permakultur-landwirtschaft.org\/fr\/permakultur-am-brienzersee-kreative-ideen-fuer-den-garten-srf-vom-31-maerz-2015\/","og_locale":"fr_FR","og_type":"article","og_title":"Permakultur am Brienzersee: Kreative Ideen f\u00fcr den Garten - SRF vom 31. M\u00e4rz 2015 - Permakultur-Landwirtschaft","og_description":"Text von SRF: Auf der Schweibenalp wird ein grosses Gel\u00e4nde nach den Grunds\u00e4tzen der Permakultur bewirtschaftet. Also m\u00f6glichst nachhaltig, mit den vor Ort vorhandenen Ressourcen. Das bedingt viel Handarbeit. Manche Ideen dieser Anbauart sind auch im Stadtgarten oder gar in der Landwirtschaft anwendbar. Link zum Beitrag bei SRF: www.srf.ch\/news\/regional\/bern-freiburg-wallis\/permakultur-am-brienzersee-kreative-ideen-fuer-den-garten Link zur Alpinen Permakultur: https:\/\/www.alpine-permakultur.ch Bild: [&hellip;]","og_url":"https:\/\/permakultur-landwirtschaft.org\/fr\/permakultur-am-brienzersee-kreative-ideen-fuer-den-garten-srf-vom-31-maerz-2015\/","og_site_name":"Permakultur-Landwirtschaft","article_publisher":"https:\/\/www.facebook.com\/PermakulturLandwirtschaft","article_published_time":"2015-03-31T15:29:51+00:00","article_modified_time":"2021-12-23T16:36:35+00:00","og_image":[{"width":700,"height":525,"url":"https:\/\/permakultur-landwirtschaft.org\/wp-content\/uploads\/2021\/12\/alpinecc8c47.jpg","type":"image\/jpeg"}],"author":"adrian reutimann","twitter_card":"summary_large_image","twitter_misc":{"\u00c9crit par":"adrian reutimann"},"schema":{"@context":"https:\/\/schema.org","@graph":[{"@type":"Article","@id":"https:\/\/permakultur-landwirtschaft.org\/permakultur-am-brienzersee-kreative-ideen-fuer-den-garten-srf-vom-31-maerz-2015\/#article","isPartOf":{"@id":"https:\/\/permakultur-landwirtschaft.org\/permakultur-am-brienzersee-kreative-ideen-fuer-den-garten-srf-vom-31-maerz-2015\/"},"author":{"name":"adrian reutimann","@id":"https:\/\/permakultur-landwirtschaft.org\/#\/schema\/person\/6b0467872f75aed3e144093f9bf4f0b0"},"headline":"Permakultur am Brienzersee: Kreative Ideen f\u00fcr den Garten &#8211; SRF vom 31. M\u00e4rz 2015","datePublished":"2015-03-31T15:29:51+00:00","dateModified":"2021-12-23T16:36:35+00:00","mainEntityOfPage":{"@id":"https:\/\/permakultur-landwirtschaft.org\/permakultur-am-brienzersee-kreative-ideen-fuer-den-garten-srf-vom-31-maerz-2015\/"},"wordCount":100,"publisher":{"@id":"https:\/\/permakultur-landwirtschaft.org\/#organization"},"image":{"@id":"https:\/\/permakultur-landwirtschaft.org\/permakultur-am-brienzersee-kreative-ideen-fuer-den-garten-srf-vom-31-maerz-2015\/#primaryimage"},"thumbnailUrl":"https:\/\/permakultur-landwirtschaft.org\/wp-content\/uploads\/2021\/12\/alpinecc8c47.jpg","articleSection":["Audio","Neuigkeit"],"inLanguage":"fr-FR"},{"@type":"WebPage","@id":"https:\/\/permakultur-landwirtschaft.org\/permakultur-am-brienzersee-kreative-ideen-fuer-den-garten-srf-vom-31-maerz-2015\/","url":"https:\/\/permakultur-landwirtschaft.org\/permakultur-am-brienzersee-kreative-ideen-fuer-den-garten-srf-vom-31-maerz-2015\/","name":"Permakultur am Brienzersee: Kreative Ideen f\u00fcr den Garten - SRF vom 31. M\u00e4rz 2015 - Permakultur-Landwirtschaft","isPartOf":{"@id":"https:\/\/permakultur-landwirtschaft.org\/#website"},"primaryImageOfPage":{"@id":"https:\/\/permakultur-landwirtschaft.org\/permakultur-am-brienzersee-kreative-ideen-fuer-den-garten-srf-vom-31-maerz-2015\/#primaryimage"},"image":{"@id":"https:\/\/permakultur-landwirtschaft.org\/permakultur-am-brienzersee-kreative-ideen-fuer-den-garten-srf-vom-31-maerz-2015\/#primaryimage"},"thumbnailUrl":"https:\/\/permakultur-landwirtschaft.org\/wp-content\/uploads\/2021\/12\/alpinecc8c47.jpg","datePublished":"2015-03-31T15:29:51+00:00","dateModified":"2021-12-23T16:36:35+00:00","breadcrumb":{"@id":"https:\/\/permakultur-landwirtschaft.org\/permakultur-am-brienzersee-kreative-ideen-fuer-den-garten-srf-vom-31-maerz-2015\/#breadcrumb"},"inLanguage":"fr-FR","potentialAction":[{"@type":"ReadAction","target":["https:\/\/permakultur-landwirtschaft.org\/permakultur-am-brienzersee-kreative-ideen-fuer-den-garten-srf-vom-31-maerz-2015\/"]}]},{"@type":"ImageObject","inLanguage":"fr-FR","@id":"https:\/\/permakultur-landwirtschaft.org\/permakultur-am-brienzersee-kreative-ideen-fuer-den-garten-srf-vom-31-maerz-2015\/#primaryimage","url":"https:\/\/permakultur-landwirtschaft.org\/wp-content\/uploads\/2021\/12\/alpinecc8c47.jpg","contentUrl":"https:\/\/permakultur-landwirtschaft.org\/wp-content\/uploads\/2021\/12\/alpinecc8c47.jpg","width":700,"height":525},{"@type":"BreadcrumbList","@id":"https:\/\/permakultur-landwirtschaft.org\/permakultur-am-brienzersee-kreative-ideen-fuer-den-garten-srf-vom-31-maerz-2015\/#breadcrumb","itemListElement":[{"@type":"ListItem","position":1,"name":"Startseite","item":"https:\/\/permakultur-landwirtschaft.org\/"},{"@type":"ListItem","position":2,"name":"Permakultur am Brienzersee: Kreative Ideen f\u00fcr den Garten &#8211; SRF vom 31. M\u00e4rz 2015"}]},{"@type":"WebSite","@id":"https:\/\/permakultur-landwirtschaft.org\/#website","url":"https:\/\/permakultur-landwirtschaft.org\/","name":"Permakultur-Landwirtschaft","description":"F\u00f6rderung der Permakultur in der Landwirtschaft","publisher":{"@id":"https:\/\/permakultur-landwirtschaft.org\/#organization"},"potentialAction":[{"@type":"SearchAction","target":{"@type":"EntryPoint","urlTemplate":"https:\/\/permakultur-landwirtschaft.org\/?s={search_term_string}"},"query-input":{"@type":"PropertyValueSpecification","valueRequired":true,"valueName":"search_term_string"}}],"inLanguage":"fr-FR"},{"@type":"Organization","@id":"https:\/\/permakultur-landwirtschaft.org\/#organization","name":"Permakultur-Landwirtschaft","alternateName":"Verein Permakultur-Landwirtschaft","url":"https:\/\/permakultur-landwirtschaft.org\/","logo":{"@type":"ImageObject","inLanguage":"fr-FR","@id":"https:\/\/permakultur-landwirtschaft.org\/#\/schema\/logo\/image\/","url":"https:\/\/permakultur-landwirtschaft.org\/wp-content\/uploads\/2021\/11\/pela_1268x1269.png","contentUrl":"https:\/\/permakultur-landwirtschaft.org\/wp-content\/uploads\/2021\/11\/pela_1268x1269.png","width":1298,"height":1269,"caption":"Permakultur-Landwirtschaft"},"image":{"@id":"https:\/\/permakultur-landwirtschaft.org\/#\/schema\/logo\/image\/"},"sameAs":["https:\/\/www.facebook.com\/PermakulturLandwirtschaft","https:\/\/www.instagram.com\/permakultur_landwirtschaft\/","https:\/\/www.flickr.com\/photos\/permakultur-landwirtschaft","https:\/\/www.youtube.com\/@PermakulturLandwirtschaft"]},{"@type":"Person","@id":"https:\/\/permakultur-landwirtschaft.org\/#\/schema\/person\/6b0467872f75aed3e144093f9bf4f0b0","name":"adrian reutimann","url":"https:\/\/permakultur-landwirtschaft.org\/fr\/author\/reutiadr\/"}]}},"_links":{"self":[{"href":"https:\/\/permakultur-landwirtschaft.org\/fr\/wp-json\/wp\/v2\/posts\/17239","targetHints":{"allow":["GET"]}}],"collection":[{"href":"https:\/\/permakultur-landwirtschaft.org\/fr\/wp-json\/wp\/v2\/posts"}],"about":[{"href":"https:\/\/permakultur-landwirtschaft.org\/fr\/wp-json\/wp\/v2\/types\/post"}],"author":[{"embeddable":true,"href":"https:\/\/permakultur-landwirtschaft.org\/fr\/wp-json\/wp\/v2\/users\/2"}],"replies":[{"embeddable":true,"href":"https:\/\/permakultur-landwirtschaft.org\/fr\/wp-json\/wp\/v2\/comments?post=17239"}],"version-history":[{"count":3,"href":"https:\/\/permakultur-landwirtschaft.org\/fr\/wp-json\/wp\/v2\/posts\/17239\/revisions"}],"predecessor-version":[{"id":17243,"href":"https:\/\/permakultur-landwirtschaft.org\/fr\/wp-json\/wp\/v2\/posts\/17239\/revisions\/17243"}],"wp:featuredmedia":[{"embeddable":true,"href":"https:\/\/permakultur-landwirtschaft.org\/fr\/wp-json\/wp\/v2\/media\/17240"}],"wp:attachment":[{"href":"https:\/\/permakultur-landwirtschaft.org\/fr\/wp-json\/wp\/v2\/media?parent=17239"}],"wp:term":[{"taxonomy":"category","embeddable":true,"href":"https:\/\/permakultur-landwirtschaft.org\/fr\/wp-json\/wp\/v2\/categories?post=17239"},{"taxonomy":"post_tag","embeddable":true,"href":"https:\/\/permakultur-landwirtschaft.org\/fr\/wp-json\/wp\/v2\/tags?post=17239"}],"curies":[{"name":"wp","href":"https:\/\/api.w.org\/{rel}","templated":true}]}}