{"id":17219,"date":"2020-07-30T16:27:32","date_gmt":"2020-07-30T14:27:32","guid":{"rendered":"https:\/\/permakultur-landwirtschaft.org\/?p=17219"},"modified":"2021-12-23T16:34:59","modified_gmt":"2021-12-23T15:34:59","slug":"jardinieres-amatrices-elles-racontent-les-succes-et-les-rates-de-leur-potager-terrenature-vom-30-juli-2020","status":"publish","type":"post","link":"https:\/\/permakultur-landwirtschaft.org\/fr\/jardinieres-amatrices-elles-racontent-les-succes-et-les-rates-de-leur-potager-terrenature-vom-30-juli-2020\/","title":{"rendered":"Jardini\u00e8res amatrices, elles racontent les succ\u00e8s et les rat\u00e9s de leur potager &#8211; Terre&#038;Nature vom 30. Juli 2020"},"content":{"rendered":"<p>Text von terrenature.ch:<br \/>\nDepuis quelques mois, deux \u00e9tudiantes documentent sur les r\u00e9seaux sociaux leur culture mara\u00eech\u00e8re, \u00e0 Reconvilier (BE). Elles exp\u00e9rimentent des techniques novatrices, afin de sensibiliser \u00e0 un jardinage plus durable.<\/p>\n<p><a href=\"https:\/\/www.terrenature.ch\/jardinieres-amatrices-elles-racontent-les-succes-et-les-rates-de-leur-potager\/\" target=\"_blank\" rel=\"noopener noreferrer\">Link zum Artikel in Terre&amp;Nature: www.terrenature.ch\/jardinieres-amatrices-elles-racontent-les-succes-et-les-rates-de-leur-potager\/<\/a><\/p>\n<p><a href=\"https:\/\/www.facebook.com\/LafermeaGagy\/\" target=\"_blank\" rel=\"noopener\">Link zu der Webseite von La ferme \u00e0 Gagy auf facebook: www.facebook.com\/LafermeaGagy<\/a><\/p>\n<p><a href=\"https:\/\/www.terrenature.ch\/jardinieres-amatrices-elles-racontent-les-succes-et-les-rates-de-leur-potager\/\" target=\"_blank\" rel=\"noopener\"><img fetchpriority=\"high\" decoding=\"async\" class=\"alignnone wp-image-17220 size-full\" src=\"https:\/\/permakultur-landwirtschaft.org\/wp-content\/uploads\/2021\/12\/terrenature11_X4I3157.jpg\" alt=\"\" width=\"700\" height=\"466\" srcset=\"https:\/\/permakultur-landwirtschaft.org\/wp-content\/uploads\/2021\/12\/terrenature11_X4I3157.jpg 700w, https:\/\/permakultur-landwirtschaft.org\/wp-content\/uploads\/2021\/12\/terrenature11_X4I3157-300x200.jpg 300w, https:\/\/permakultur-landwirtschaft.org\/wp-content\/uploads\/2021\/12\/terrenature11_X4I3157-272x182.jpg 272w\" sizes=\"(max-width: 700px) 100vw, 700px\" \/><\/a><\/p>\n<h6>Bild: terrenature.ch<span class=\"image-description__author-single\" data-v-38608a3f=\"\" data-nzz-tid=\"image-description-author\"><br \/>\n<\/span><\/h6>\n<hr \/>\n<h3><a href=\"https:\/\/permakultur-landwirtschaft.org\/fr\/medien\/\">Hier geht&#8217;s zur \u00dcbersicht aller Neuigkeiten <\/a><\/h3>","protected":false},"excerpt":{"rendered":"<p>Text von terrenature.ch: Depuis quelques mois, deux \u00e9tudiantes documentent sur les r\u00e9seaux sociaux leur culture mara\u00eech\u00e8re, \u00e0 Reconvilier (BE). Elles exp\u00e9rimentent des techniques novatrices, afin de sensibiliser \u00e0 un jardinage plus durable. Link zum Artikel in Terre&amp;Nature: www.terrenature.ch\/jardinieres-amatrices-elles-racontent-les-succes-et-les-rates-de-leur-potager\/ Link zu der Webseite von La ferme \u00e0 Gagy auf facebook: www.facebook.com\/LafermeaGagy Bild: terrenature.ch Hier geht&#8217;s zur [&hellip;]<\/p>\n","protected":false},"author":2,"featured_media":17220,"comment_status":"closed","ping_status":"closed","sticky":false,"template":"","format":"standard","meta":{"_acf_changed":false,"site-sidebar-layout":"default","site-content-layout":"","ast-site-content-layout":"default","site-content-style":"default","site-sidebar-style":"default","ast-global-header-display":"","ast-banner-title-visibility":"","ast-main-header-display":"","ast-hfb-above-header-display":"","ast-hfb-below-header-display":"","ast-hfb-mobile-header-display":"","site-post-title":"","ast-breadcrumbs-content":"","ast-featured-img":"","footer-sml-layout":"","ast-disable-related-posts":"","theme-transparent-header-meta":"","adv-header-id-meta":"","stick-header-meta":"","header-above-stick-meta":"","header-main-stick-meta":"","header-below-stick-meta":"","astra-migrate-meta-layouts":"default","ast-page-background-enabled":"default","ast-page-background-meta":{"desktop":{"background-color":"var(--ast-global-color-4)","background-image":"","background-repeat":"repeat","background-position":"center center","background-size":"auto","background-attachment":"scroll","background-type":"","background-media":"","overlay-type":"","overlay-color":"","overlay-opacity":"","overlay-gradient":""},"tablet":{"background-color":"","background-image":"","background-repeat":"repeat","background-position":"center center","background-size":"auto","background-attachment":"scroll","background-type":"","background-media":"","overlay-type":"","overlay-color":"","overlay-opacity":"","overlay-gradient":""},"mobile":{"background-color":"","background-image":"","background-repeat":"repeat","background-position":"center center","background-size":"auto","background-attachment":"scroll","background-type":"","background-media":"","overlay-type":"","overlay-color":"","overlay-opacity":"","overlay-gradient":""}},"ast-content-background-meta":{"desktop":{"background-color":"var(--ast-global-color-5)","background-image":"","background-repeat":"repeat","background-position":"center center","background-size":"auto","background-attachment":"scroll","background-type":"","background-media":"","overlay-type":"","overlay-color":"","overlay-opacity":"","overlay-gradient":""},"tablet":{"background-color":"var(--ast-global-color-5)","background-image":"","background-repeat":"repeat","background-position":"center center","background-size":"auto","background-attachment":"scroll","background-type":"","background-media":"","overlay-type":"","overlay-color":"","overlay-opacity":"","overlay-gradient":""},"mobile":{"background-color":"var(--ast-global-color-5)","background-image":"","background-repeat":"repeat","background-position":"center center","background-size":"auto","background-attachment":"scroll","background-type":"","background-media":"","overlay-type":"","overlay-color":"","overlay-opacity":"","overlay-gradient":""}},"footnotes":""},"categories":[22],"tags":[],"class_list":["post-17219","post","type-post","status-publish","format-standard","has-post-thumbnail","hentry","category-neuigkeit"],"acf":[],"yoast_head":"<!-- This site is optimized with the Yoast SEO plugin v27.5 - https:\/\/yoast.com\/product\/yoast-seo-wordpress\/ -->\n<title>Jardini\u00e8res amatrices, elles racontent les succ\u00e8s et les rat\u00e9s de leur potager - Terre&amp;Nature vom 30. Juli 2020 - Permakultur-Landwirtschaft<\/title>\n<meta name=\"robots\" content=\"index, follow, max-snippet:-1, max-image-preview:large, max-video-preview:-1\" \/>\n<link rel=\"canonical\" href=\"https:\/\/permakultur-landwirtschaft.org\/fr\/jardinieres-amatrices-elles-racontent-les-succes-et-les-rates-de-leur-potager-terrenature-vom-30-juli-2020\/\" \/>\n<meta property=\"og:locale\" content=\"fr_FR\" \/>\n<meta property=\"og:type\" content=\"article\" \/>\n<meta property=\"og:title\" content=\"Jardini\u00e8res amatrices, elles racontent les succ\u00e8s et les rat\u00e9s de leur potager - Terre&amp;Nature vom 30. Juli 2020 - Permakultur-Landwirtschaft\" \/>\n<meta property=\"og:description\" content=\"Text von terrenature.ch: Depuis quelques mois, deux \u00e9tudiantes documentent sur les r\u00e9seaux sociaux leur culture mara\u00eech\u00e8re, \u00e0 Reconvilier (BE). Elles exp\u00e9rimentent des techniques novatrices, afin de sensibiliser \u00e0 un jardinage plus durable. Link zum Artikel in Terre&amp;Nature: www.terrenature.ch\/jardinieres-amatrices-elles-racontent-les-succes-et-les-rates-de-leur-potager\/ Link zu der Webseite von La ferme \u00e0 Gagy auf facebook: www.facebook.com\/LafermeaGagy Bild: terrenature.ch Hier geht&#8217;s zur [&hellip;]\" \/>\n<meta property=\"og:url\" content=\"https:\/\/permakultur-landwirtschaft.org\/fr\/jardinieres-amatrices-elles-racontent-les-succes-et-les-rates-de-leur-potager-terrenature-vom-30-juli-2020\/\" \/>\n<meta property=\"og:site_name\" content=\"Permakultur-Landwirtschaft\" \/>\n<meta property=\"article:publisher\" content=\"https:\/\/www.facebook.com\/PermakulturLandwirtschaft\" \/>\n<meta property=\"article:published_time\" content=\"2020-07-30T14:27:32+00:00\" \/>\n<meta property=\"article:modified_time\" content=\"2021-12-23T15:34:59+00:00\" \/>\n<meta property=\"og:image\" content=\"https:\/\/permakultur-landwirtschaft.org\/wp-content\/uploads\/2021\/12\/terrenature11_X4I3157.jpg\" \/>\n\t<meta property=\"og:image:width\" content=\"700\" \/>\n\t<meta property=\"og:image:height\" content=\"466\" \/>\n\t<meta property=\"og:image:type\" content=\"image\/jpeg\" \/>\n<meta name=\"author\" content=\"adrian reutimann\" \/>\n<meta name=\"twitter:card\" content=\"summary_large_image\" \/>\n<meta name=\"twitter:label1\" content=\"\u00c9crit par\" \/>\n\t<meta name=\"twitter:data1\" content=\"adrian reutimann\" \/>\n<script type=\"application\/ld+json\" class=\"yoast-schema-graph\">{\"@context\":\"https:\\\/\\\/schema.org\",\"@graph\":[{\"@type\":\"Article\",\"@id\":\"https:\\\/\\\/permakultur-landwirtschaft.org\\\/jardinieres-amatrices-elles-racontent-les-succes-et-les-rates-de-leur-potager-terrenature-vom-30-juli-2020\\\/#article\",\"isPartOf\":{\"@id\":\"https:\\\/\\\/permakultur-landwirtschaft.org\\\/jardinieres-amatrices-elles-racontent-les-succes-et-les-rates-de-leur-potager-terrenature-vom-30-juli-2020\\\/\"},\"author\":{\"name\":\"adrian reutimann\",\"@id\":\"https:\\\/\\\/permakultur-landwirtschaft.org\\\/#\\\/schema\\\/person\\\/6b0467872f75aed3e144093f9bf4f0b0\"},\"headline\":\"Jardini\u00e8res amatrices, elles racontent les succ\u00e8s et les rat\u00e9s de leur potager &#8211; Terre&#038;Nature vom 30. Juli 2020\",\"datePublished\":\"2020-07-30T14:27:32+00:00\",\"dateModified\":\"2021-12-23T15:34:59+00:00\",\"mainEntityOfPage\":{\"@id\":\"https:\\\/\\\/permakultur-landwirtschaft.org\\\/jardinieres-amatrices-elles-racontent-les-succes-et-les-rates-de-leur-potager-terrenature-vom-30-juli-2020\\\/\"},\"wordCount\":90,\"publisher\":{\"@id\":\"https:\\\/\\\/permakultur-landwirtschaft.org\\\/#organization\"},\"image\":{\"@id\":\"https:\\\/\\\/permakultur-landwirtschaft.org\\\/jardinieres-amatrices-elles-racontent-les-succes-et-les-rates-de-leur-potager-terrenature-vom-30-juli-2020\\\/#primaryimage\"},\"thumbnailUrl\":\"https:\\\/\\\/permakultur-landwirtschaft.org\\\/wp-content\\\/uploads\\\/2021\\\/12\\\/terrenature11_X4I3157.jpg\",\"articleSection\":[\"Neuigkeit\"],\"inLanguage\":\"fr-FR\"},{\"@type\":\"WebPage\",\"@id\":\"https:\\\/\\\/permakultur-landwirtschaft.org\\\/jardinieres-amatrices-elles-racontent-les-succes-et-les-rates-de-leur-potager-terrenature-vom-30-juli-2020\\\/\",\"url\":\"https:\\\/\\\/permakultur-landwirtschaft.org\\\/jardinieres-amatrices-elles-racontent-les-succes-et-les-rates-de-leur-potager-terrenature-vom-30-juli-2020\\\/\",\"name\":\"Jardini\u00e8res amatrices, elles racontent les succ\u00e8s et les rat\u00e9s de leur potager - Terre&Nature vom 30. Juli 2020 - Permakultur-Landwirtschaft\",\"isPartOf\":{\"@id\":\"https:\\\/\\\/permakultur-landwirtschaft.org\\\/#website\"},\"primaryImageOfPage\":{\"@id\":\"https:\\\/\\\/permakultur-landwirtschaft.org\\\/jardinieres-amatrices-elles-racontent-les-succes-et-les-rates-de-leur-potager-terrenature-vom-30-juli-2020\\\/#primaryimage\"},\"image\":{\"@id\":\"https:\\\/\\\/permakultur-landwirtschaft.org\\\/jardinieres-amatrices-elles-racontent-les-succes-et-les-rates-de-leur-potager-terrenature-vom-30-juli-2020\\\/#primaryimage\"},\"thumbnailUrl\":\"https:\\\/\\\/permakultur-landwirtschaft.org\\\/wp-content\\\/uploads\\\/2021\\\/12\\\/terrenature11_X4I3157.jpg\",\"datePublished\":\"2020-07-30T14:27:32+00:00\",\"dateModified\":\"2021-12-23T15:34:59+00:00\",\"breadcrumb\":{\"@id\":\"https:\\\/\\\/permakultur-landwirtschaft.org\\\/jardinieres-amatrices-elles-racontent-les-succes-et-les-rates-de-leur-potager-terrenature-vom-30-juli-2020\\\/#breadcrumb\"},\"inLanguage\":\"fr-FR\",\"potentialAction\":[{\"@type\":\"ReadAction\",\"target\":[\"https:\\\/\\\/permakultur-landwirtschaft.org\\\/jardinieres-amatrices-elles-racontent-les-succes-et-les-rates-de-leur-potager-terrenature-vom-30-juli-2020\\\/\"]}]},{\"@type\":\"ImageObject\",\"inLanguage\":\"fr-FR\",\"@id\":\"https:\\\/\\\/permakultur-landwirtschaft.org\\\/jardinieres-amatrices-elles-racontent-les-succes-et-les-rates-de-leur-potager-terrenature-vom-30-juli-2020\\\/#primaryimage\",\"url\":\"https:\\\/\\\/permakultur-landwirtschaft.org\\\/wp-content\\\/uploads\\\/2021\\\/12\\\/terrenature11_X4I3157.jpg\",\"contentUrl\":\"https:\\\/\\\/permakultur-landwirtschaft.org\\\/wp-content\\\/uploads\\\/2021\\\/12\\\/terrenature11_X4I3157.jpg\",\"width\":700,\"height\":466},{\"@type\":\"BreadcrumbList\",\"@id\":\"https:\\\/\\\/permakultur-landwirtschaft.org\\\/jardinieres-amatrices-elles-racontent-les-succes-et-les-rates-de-leur-potager-terrenature-vom-30-juli-2020\\\/#breadcrumb\",\"itemListElement\":[{\"@type\":\"ListItem\",\"position\":1,\"name\":\"Startseite\",\"item\":\"https:\\\/\\\/permakultur-landwirtschaft.org\\\/\"},{\"@type\":\"ListItem\",\"position\":2,\"name\":\"Jardini\u00e8res amatrices, elles racontent les succ\u00e8s et les rat\u00e9s de leur potager &#8211; Terre&#038;Nature vom 30. Juli 2020\"}]},{\"@type\":\"WebSite\",\"@id\":\"https:\\\/\\\/permakultur-landwirtschaft.org\\\/#website\",\"url\":\"https:\\\/\\\/permakultur-landwirtschaft.org\\\/\",\"name\":\"Permakultur-Landwirtschaft\",\"description\":\"F\u00f6rderung der Permakultur in der Landwirtschaft\",\"publisher\":{\"@id\":\"https:\\\/\\\/permakultur-landwirtschaft.org\\\/#organization\"},\"potentialAction\":[{\"@type\":\"SearchAction\",\"target\":{\"@type\":\"EntryPoint\",\"urlTemplate\":\"https:\\\/\\\/permakultur-landwirtschaft.org\\\/?s={search_term_string}\"},\"query-input\":{\"@type\":\"PropertyValueSpecification\",\"valueRequired\":true,\"valueName\":\"search_term_string\"}}],\"inLanguage\":\"fr-FR\"},{\"@type\":\"Organization\",\"@id\":\"https:\\\/\\\/permakultur-landwirtschaft.org\\\/#organization\",\"name\":\"Permakultur-Landwirtschaft\",\"alternateName\":\"Verein Permakultur-Landwirtschaft\",\"url\":\"https:\\\/\\\/permakultur-landwirtschaft.org\\\/\",\"logo\":{\"@type\":\"ImageObject\",\"inLanguage\":\"fr-FR\",\"@id\":\"https:\\\/\\\/permakultur-landwirtschaft.org\\\/#\\\/schema\\\/logo\\\/image\\\/\",\"url\":\"https:\\\/\\\/permakultur-landwirtschaft.org\\\/wp-content\\\/uploads\\\/2021\\\/11\\\/pela_1268x1269.png\",\"contentUrl\":\"https:\\\/\\\/permakultur-landwirtschaft.org\\\/wp-content\\\/uploads\\\/2021\\\/11\\\/pela_1268x1269.png\",\"width\":1298,\"height\":1269,\"caption\":\"Permakultur-Landwirtschaft\"},\"image\":{\"@id\":\"https:\\\/\\\/permakultur-landwirtschaft.org\\\/#\\\/schema\\\/logo\\\/image\\\/\"},\"sameAs\":[\"https:\\\/\\\/www.facebook.com\\\/PermakulturLandwirtschaft\",\"https:\\\/\\\/www.instagram.com\\\/permakultur_landwirtschaft\\\/\",\"https:\\\/\\\/www.flickr.com\\\/photos\\\/permakultur-landwirtschaft\",\"https:\\\/\\\/www.youtube.com\\\/@PermakulturLandwirtschaft\"]},{\"@type\":\"Person\",\"@id\":\"https:\\\/\\\/permakultur-landwirtschaft.org\\\/#\\\/schema\\\/person\\\/6b0467872f75aed3e144093f9bf4f0b0\",\"name\":\"adrian reutimann\",\"url\":\"https:\\\/\\\/permakultur-landwirtschaft.org\\\/fr\\\/author\\\/reutiadr\\\/\"}]}<\/script>\n<!-- \/ Yoast SEO plugin. -->","yoast_head_json":{"title":"Jardini\u00e8res amatrices, elles racontent les succ\u00e8s et les rat\u00e9s de leur potager - Terre&Nature vom 30. Juli 2020 - Permakultur-Landwirtschaft","robots":{"index":"index","follow":"follow","max-snippet":"max-snippet:-1","max-image-preview":"max-image-preview:large","max-video-preview":"max-video-preview:-1"},"canonical":"https:\/\/permakultur-landwirtschaft.org\/fr\/jardinieres-amatrices-elles-racontent-les-succes-et-les-rates-de-leur-potager-terrenature-vom-30-juli-2020\/","og_locale":"fr_FR","og_type":"article","og_title":"Jardini\u00e8res amatrices, elles racontent les succ\u00e8s et les rat\u00e9s de leur potager - Terre&Nature vom 30. Juli 2020 - Permakultur-Landwirtschaft","og_description":"Text von terrenature.ch: Depuis quelques mois, deux \u00e9tudiantes documentent sur les r\u00e9seaux sociaux leur culture mara\u00eech\u00e8re, \u00e0 Reconvilier (BE). Elles exp\u00e9rimentent des techniques novatrices, afin de sensibiliser \u00e0 un jardinage plus durable. Link zum Artikel in Terre&amp;Nature: www.terrenature.ch\/jardinieres-amatrices-elles-racontent-les-succes-et-les-rates-de-leur-potager\/ Link zu der Webseite von La ferme \u00e0 Gagy auf facebook: www.facebook.com\/LafermeaGagy Bild: terrenature.ch Hier geht&#8217;s zur [&hellip;]","og_url":"https:\/\/permakultur-landwirtschaft.org\/fr\/jardinieres-amatrices-elles-racontent-les-succes-et-les-rates-de-leur-potager-terrenature-vom-30-juli-2020\/","og_site_name":"Permakultur-Landwirtschaft","article_publisher":"https:\/\/www.facebook.com\/PermakulturLandwirtschaft","article_published_time":"2020-07-30T14:27:32+00:00","article_modified_time":"2021-12-23T15:34:59+00:00","og_image":[{"width":700,"height":466,"url":"https:\/\/permakultur-landwirtschaft.org\/wp-content\/uploads\/2021\/12\/terrenature11_X4I3157.jpg","type":"image\/jpeg"}],"author":"adrian reutimann","twitter_card":"summary_large_image","twitter_misc":{"\u00c9crit par":"adrian reutimann"},"schema":{"@context":"https:\/\/schema.org","@graph":[{"@type":"Article","@id":"https:\/\/permakultur-landwirtschaft.org\/jardinieres-amatrices-elles-racontent-les-succes-et-les-rates-de-leur-potager-terrenature-vom-30-juli-2020\/#article","isPartOf":{"@id":"https:\/\/permakultur-landwirtschaft.org\/jardinieres-amatrices-elles-racontent-les-succes-et-les-rates-de-leur-potager-terrenature-vom-30-juli-2020\/"},"author":{"name":"adrian reutimann","@id":"https:\/\/permakultur-landwirtschaft.org\/#\/schema\/person\/6b0467872f75aed3e144093f9bf4f0b0"},"headline":"Jardini\u00e8res amatrices, elles racontent les succ\u00e8s et les rat\u00e9s de leur potager &#8211; Terre&#038;Nature vom 30. Juli 2020","datePublished":"2020-07-30T14:27:32+00:00","dateModified":"2021-12-23T15:34:59+00:00","mainEntityOfPage":{"@id":"https:\/\/permakultur-landwirtschaft.org\/jardinieres-amatrices-elles-racontent-les-succes-et-les-rates-de-leur-potager-terrenature-vom-30-juli-2020\/"},"wordCount":90,"publisher":{"@id":"https:\/\/permakultur-landwirtschaft.org\/#organization"},"image":{"@id":"https:\/\/permakultur-landwirtschaft.org\/jardinieres-amatrices-elles-racontent-les-succes-et-les-rates-de-leur-potager-terrenature-vom-30-juli-2020\/#primaryimage"},"thumbnailUrl":"https:\/\/permakultur-landwirtschaft.org\/wp-content\/uploads\/2021\/12\/terrenature11_X4I3157.jpg","articleSection":["Neuigkeit"],"inLanguage":"fr-FR"},{"@type":"WebPage","@id":"https:\/\/permakultur-landwirtschaft.org\/jardinieres-amatrices-elles-racontent-les-succes-et-les-rates-de-leur-potager-terrenature-vom-30-juli-2020\/","url":"https:\/\/permakultur-landwirtschaft.org\/jardinieres-amatrices-elles-racontent-les-succes-et-les-rates-de-leur-potager-terrenature-vom-30-juli-2020\/","name":"Jardini\u00e8res amatrices, elles racontent les succ\u00e8s et les rat\u00e9s de leur potager - Terre&Nature vom 30. Juli 2020 - Permakultur-Landwirtschaft","isPartOf":{"@id":"https:\/\/permakultur-landwirtschaft.org\/#website"},"primaryImageOfPage":{"@id":"https:\/\/permakultur-landwirtschaft.org\/jardinieres-amatrices-elles-racontent-les-succes-et-les-rates-de-leur-potager-terrenature-vom-30-juli-2020\/#primaryimage"},"image":{"@id":"https:\/\/permakultur-landwirtschaft.org\/jardinieres-amatrices-elles-racontent-les-succes-et-les-rates-de-leur-potager-terrenature-vom-30-juli-2020\/#primaryimage"},"thumbnailUrl":"https:\/\/permakultur-landwirtschaft.org\/wp-content\/uploads\/2021\/12\/terrenature11_X4I3157.jpg","datePublished":"2020-07-30T14:27:32+00:00","dateModified":"2021-12-23T15:34:59+00:00","breadcrumb":{"@id":"https:\/\/permakultur-landwirtschaft.org\/jardinieres-amatrices-elles-racontent-les-succes-et-les-rates-de-leur-potager-terrenature-vom-30-juli-2020\/#breadcrumb"},"inLanguage":"fr-FR","potentialAction":[{"@type":"ReadAction","target":["https:\/\/permakultur-landwirtschaft.org\/jardinieres-amatrices-elles-racontent-les-succes-et-les-rates-de-leur-potager-terrenature-vom-30-juli-2020\/"]}]},{"@type":"ImageObject","inLanguage":"fr-FR","@id":"https:\/\/permakultur-landwirtschaft.org\/jardinieres-amatrices-elles-racontent-les-succes-et-les-rates-de-leur-potager-terrenature-vom-30-juli-2020\/#primaryimage","url":"https:\/\/permakultur-landwirtschaft.org\/wp-content\/uploads\/2021\/12\/terrenature11_X4I3157.jpg","contentUrl":"https:\/\/permakultur-landwirtschaft.org\/wp-content\/uploads\/2021\/12\/terrenature11_X4I3157.jpg","width":700,"height":466},{"@type":"BreadcrumbList","@id":"https:\/\/permakultur-landwirtschaft.org\/jardinieres-amatrices-elles-racontent-les-succes-et-les-rates-de-leur-potager-terrenature-vom-30-juli-2020\/#breadcrumb","itemListElement":[{"@type":"ListItem","position":1,"name":"Startseite","item":"https:\/\/permakultur-landwirtschaft.org\/"},{"@type":"ListItem","position":2,"name":"Jardini\u00e8res amatrices, elles racontent les succ\u00e8s et les rat\u00e9s de leur potager &#8211; Terre&#038;Nature vom 30. Juli 2020"}]},{"@type":"WebSite","@id":"https:\/\/permakultur-landwirtschaft.org\/#website","url":"https:\/\/permakultur-landwirtschaft.org\/","name":"Permakultur-Landwirtschaft","description":"F\u00f6rderung der Permakultur in der Landwirtschaft","publisher":{"@id":"https:\/\/permakultur-landwirtschaft.org\/#organization"},"potentialAction":[{"@type":"SearchAction","target":{"@type":"EntryPoint","urlTemplate":"https:\/\/permakultur-landwirtschaft.org\/?s={search_term_string}"},"query-input":{"@type":"PropertyValueSpecification","valueRequired":true,"valueName":"search_term_string"}}],"inLanguage":"fr-FR"},{"@type":"Organization","@id":"https:\/\/permakultur-landwirtschaft.org\/#organization","name":"Permakultur-Landwirtschaft","alternateName":"Verein Permakultur-Landwirtschaft","url":"https:\/\/permakultur-landwirtschaft.org\/","logo":{"@type":"ImageObject","inLanguage":"fr-FR","@id":"https:\/\/permakultur-landwirtschaft.org\/#\/schema\/logo\/image\/","url":"https:\/\/permakultur-landwirtschaft.org\/wp-content\/uploads\/2021\/11\/pela_1268x1269.png","contentUrl":"https:\/\/permakultur-landwirtschaft.org\/wp-content\/uploads\/2021\/11\/pela_1268x1269.png","width":1298,"height":1269,"caption":"Permakultur-Landwirtschaft"},"image":{"@id":"https:\/\/permakultur-landwirtschaft.org\/#\/schema\/logo\/image\/"},"sameAs":["https:\/\/www.facebook.com\/PermakulturLandwirtschaft","https:\/\/www.instagram.com\/permakultur_landwirtschaft\/","https:\/\/www.flickr.com\/photos\/permakultur-landwirtschaft","https:\/\/www.youtube.com\/@PermakulturLandwirtschaft"]},{"@type":"Person","@id":"https:\/\/permakultur-landwirtschaft.org\/#\/schema\/person\/6b0467872f75aed3e144093f9bf4f0b0","name":"adrian reutimann","url":"https:\/\/permakultur-landwirtschaft.org\/fr\/author\/reutiadr\/"}]}},"_links":{"self":[{"href":"https:\/\/permakultur-landwirtschaft.org\/fr\/wp-json\/wp\/v2\/posts\/17219","targetHints":{"allow":["GET"]}}],"collection":[{"href":"https:\/\/permakultur-landwirtschaft.org\/fr\/wp-json\/wp\/v2\/posts"}],"about":[{"href":"https:\/\/permakultur-landwirtschaft.org\/fr\/wp-json\/wp\/v2\/types\/post"}],"author":[{"embeddable":true,"href":"https:\/\/permakultur-landwirtschaft.org\/fr\/wp-json\/wp\/v2\/users\/2"}],"replies":[{"embeddable":true,"href":"https:\/\/permakultur-landwirtschaft.org\/fr\/wp-json\/wp\/v2\/comments?post=17219"}],"version-history":[{"count":2,"href":"https:\/\/permakultur-landwirtschaft.org\/fr\/wp-json\/wp\/v2\/posts\/17219\/revisions"}],"predecessor-version":[{"id":17222,"href":"https:\/\/permakultur-landwirtschaft.org\/fr\/wp-json\/wp\/v2\/posts\/17219\/revisions\/17222"}],"wp:featuredmedia":[{"embeddable":true,"href":"https:\/\/permakultur-landwirtschaft.org\/fr\/wp-json\/wp\/v2\/media\/17220"}],"wp:attachment":[{"href":"https:\/\/permakultur-landwirtschaft.org\/fr\/wp-json\/wp\/v2\/media?parent=17219"}],"wp:term":[{"taxonomy":"category","embeddable":true,"href":"https:\/\/permakultur-landwirtschaft.org\/fr\/wp-json\/wp\/v2\/categories?post=17219"},{"taxonomy":"post_tag","embeddable":true,"href":"https:\/\/permakultur-landwirtschaft.org\/fr\/wp-json\/wp\/v2\/tags?post=17219"}],"curies":[{"name":"wp","href":"https:\/\/api.w.org\/{rel}","templated":true}]}}