{"id":17188,"date":"2020-07-04T22:37:58","date_gmt":"2020-07-04T20:37:58","guid":{"rendered":"https:\/\/permakultur-landwirtschaft.org\/?p=17188"},"modified":"2021-12-22T22:49:19","modified_gmt":"2021-12-22T21:49:19","slug":"interview-mit-roger-guendel-vom-birchhof-auf-schweiz5-vom-04-juli-2020","status":"publish","type":"post","link":"https:\/\/permakultur-landwirtschaft.org\/fr\/interview-mit-roger-guendel-vom-birchhof-auf-schweiz5-vom-04-juli-2020\/","title":{"rendered":"Interview mit Roger G\u00fcndel vom Birchhof auf Schweiz5 vom 04. Juli 2020"},"content":{"rendered":"<p>Interview mit Roger G\u00fcndel vom Birchhof in Oberwil-Lieli AG<\/p>\n<p>Text von &#8230;eifach M\u00f6nsch&#8230;:<br \/>\nRoger G\u00fcndel ist nicht nur eine Biobauer, er setzt auf Permakultur auf dem Birchhof. Die Natur steht bei ihm Im Zentrum und er stellt Diversit\u00e4t vor den Profit.<\/p>\n<p><a href=\"https:\/\/www.bio-birchhof.ch\/\" target=\"_blank\" rel=\"noopener\">Link zum Birchhof: www.bio-birchhof.ch<\/a><\/p>\n<p><a href=\"https:\/\/youtu.be\/WolIjy-Nxqg\" target=\"_blank\" rel=\"noopener noreferrer\">Link zum Interview bei Youtube: youtu.be\/WolIjy-Nxqg<\/a><\/p>\n<p><a href=\"https:\/\/youtu.be\/WolIjy-Nxqg\" target=\"_blank\" rel=\"noopener\"><img fetchpriority=\"high\" decoding=\"async\" class=\"alignnone wp-image-17189 size-full\" src=\"https:\/\/permakultur-landwirtschaft.org\/wp-content\/uploads\/2021\/12\/roger_guendel22.12.jpg\" alt=\"\" width=\"700\" height=\"392\" srcset=\"https:\/\/permakultur-landwirtschaft.org\/wp-content\/uploads\/2021\/12\/roger_guendel22.12.jpg 700w, https:\/\/permakultur-landwirtschaft.org\/wp-content\/uploads\/2021\/12\/roger_guendel22.12-300x168.jpg 300w\" sizes=\"(max-width: 700px) 100vw, 700px\" \/><\/a><\/p>\n<h6>Bild: schweiz5.ch<span class=\"image-description__author-single\" data-v-38608a3f=\"\" data-nzz-tid=\"image-description-author\"><br \/>\n<\/span><\/h6>\n<hr \/>\n<h3><a href=\"https:\/\/permakultur-landwirtschaft.org\/fr\/medien\/\">Hier geht&#8217;s zur \u00dcbersicht aller Neuigkeiten <\/a><\/h3>\n<h3><a href=\"https:\/\/permakultur-landwirtschaft.org\/fr\/filme\/\">Hier geht&#8217;s zur \u00dcbersicht aller Filme und Audios<\/a><\/h3>","protected":false},"excerpt":{"rendered":"<p>Interview mit Roger G\u00fcndel vom Birchhof in Oberwil-Lieli AG Text von &#8230;eifach M\u00f6nsch&#8230;: Roger G\u00fcndel ist nicht nur eine Biobauer, er setzt auf Permakultur auf dem Birchhof. Die Natur steht bei ihm Im Zentrum und er stellt Diversit\u00e4t vor den Profit. Link zum Birchhof: www.bio-birchhof.ch Link zum Interview bei Youtube: youtu.be\/WolIjy-Nxqg Bild: schweiz5.ch Hier geht&#8217;s [&hellip;]<\/p>\n","protected":false},"author":2,"featured_media":17189,"comment_status":"closed","ping_status":"closed","sticky":false,"template":"","format":"standard","meta":{"_acf_changed":false,"site-sidebar-layout":"default","site-content-layout":"","ast-site-content-layout":"default","site-content-style":"default","site-sidebar-style":"default","ast-global-header-display":"","ast-banner-title-visibility":"","ast-main-header-display":"","ast-hfb-above-header-display":"","ast-hfb-below-header-display":"","ast-hfb-mobile-header-display":"","site-post-title":"","ast-breadcrumbs-content":"","ast-featured-img":"","footer-sml-layout":"","ast-disable-related-posts":"","theme-transparent-header-meta":"","adv-header-id-meta":"","stick-header-meta":"","header-above-stick-meta":"","header-main-stick-meta":"","header-below-stick-meta":"","astra-migrate-meta-layouts":"default","ast-page-background-enabled":"default","ast-page-background-meta":{"desktop":{"background-color":"var(--ast-global-color-4)","background-image":"","background-repeat":"repeat","background-position":"center center","background-size":"auto","background-attachment":"scroll","background-type":"","background-media":"","overlay-type":"","overlay-color":"","overlay-opacity":"","overlay-gradient":""},"tablet":{"background-color":"","background-image":"","background-repeat":"repeat","background-position":"center center","background-size":"auto","background-attachment":"scroll","background-type":"","background-media":"","overlay-type":"","overlay-color":"","overlay-opacity":"","overlay-gradient":""},"mobile":{"background-color":"","background-image":"","background-repeat":"repeat","background-position":"center center","background-size":"auto","background-attachment":"scroll","background-type":"","background-media":"","overlay-type":"","overlay-color":"","overlay-opacity":"","overlay-gradient":""}},"ast-content-background-meta":{"desktop":{"background-color":"var(--ast-global-color-5)","background-image":"","background-repeat":"repeat","background-position":"center center","background-size":"auto","background-attachment":"scroll","background-type":"","background-media":"","overlay-type":"","overlay-color":"","overlay-opacity":"","overlay-gradient":""},"tablet":{"background-color":"var(--ast-global-color-5)","background-image":"","background-repeat":"repeat","background-position":"center center","background-size":"auto","background-attachment":"scroll","background-type":"","background-media":"","overlay-type":"","overlay-color":"","overlay-opacity":"","overlay-gradient":""},"mobile":{"background-color":"var(--ast-global-color-5)","background-image":"","background-repeat":"repeat","background-position":"center center","background-size":"auto","background-attachment":"scroll","background-type":"","background-media":"","overlay-type":"","overlay-color":"","overlay-opacity":"","overlay-gradient":""}},"footnotes":""},"categories":[45,22],"tags":[],"class_list":["post-17188","post","type-post","status-publish","format-standard","has-post-thumbnail","hentry","category-filme","category-neuigkeit"],"acf":[],"yoast_head":"<!-- This site is optimized with the Yoast SEO plugin v27.5 - https:\/\/yoast.com\/product\/yoast-seo-wordpress\/ -->\n<title>Interview mit Roger G\u00fcndel vom Birchhof auf Schweiz5 vom 04. Juli 2020 - Permakultur-Landwirtschaft<\/title>\n<meta name=\"robots\" content=\"index, follow, max-snippet:-1, max-image-preview:large, max-video-preview:-1\" \/>\n<link rel=\"canonical\" href=\"https:\/\/permakultur-landwirtschaft.org\/fr\/interview-mit-roger-guendel-vom-birchhof-auf-schweiz5-vom-04-juli-2020\/\" \/>\n<meta property=\"og:locale\" content=\"fr_FR\" \/>\n<meta property=\"og:type\" content=\"article\" \/>\n<meta property=\"og:title\" content=\"Interview mit Roger G\u00fcndel vom Birchhof auf Schweiz5 vom 04. Juli 2020 - Permakultur-Landwirtschaft\" \/>\n<meta property=\"og:description\" content=\"Interview mit Roger G\u00fcndel vom Birchhof in Oberwil-Lieli AG Text von &#8230;eifach M\u00f6nsch&#8230;: Roger G\u00fcndel ist nicht nur eine Biobauer, er setzt auf Permakultur auf dem Birchhof. Die Natur steht bei ihm Im Zentrum und er stellt Diversit\u00e4t vor den Profit. Link zum Birchhof: www.bio-birchhof.ch Link zum Interview bei Youtube: youtu.be\/WolIjy-Nxqg Bild: schweiz5.ch Hier geht&#8217;s [&hellip;]\" \/>\n<meta property=\"og:url\" content=\"https:\/\/permakultur-landwirtschaft.org\/fr\/interview-mit-roger-guendel-vom-birchhof-auf-schweiz5-vom-04-juli-2020\/\" \/>\n<meta property=\"og:site_name\" content=\"Permakultur-Landwirtschaft\" \/>\n<meta property=\"article:publisher\" content=\"https:\/\/www.facebook.com\/PermakulturLandwirtschaft\" \/>\n<meta property=\"article:published_time\" content=\"2020-07-04T20:37:58+00:00\" \/>\n<meta property=\"article:modified_time\" content=\"2021-12-22T21:49:19+00:00\" \/>\n<meta property=\"og:image\" content=\"https:\/\/permakultur-landwirtschaft.org\/wp-content\/uploads\/2021\/12\/roger_guendel22.12.jpg\" \/>\n\t<meta property=\"og:image:width\" content=\"700\" \/>\n\t<meta property=\"og:image:height\" content=\"392\" \/>\n\t<meta property=\"og:image:type\" content=\"image\/jpeg\" \/>\n<meta name=\"author\" content=\"adrian reutimann\" \/>\n<meta name=\"twitter:card\" content=\"summary_large_image\" \/>\n<meta name=\"twitter:label1\" content=\"\u00c9crit par\" \/>\n\t<meta name=\"twitter:data1\" content=\"adrian reutimann\" \/>\n<script type=\"application\/ld+json\" class=\"yoast-schema-graph\">{\"@context\":\"https:\\\/\\\/schema.org\",\"@graph\":[{\"@type\":\"Article\",\"@id\":\"https:\\\/\\\/permakultur-landwirtschaft.org\\\/interview-mit-roger-guendel-vom-birchhof-auf-schweiz5-vom-04-juli-2020\\\/#article\",\"isPartOf\":{\"@id\":\"https:\\\/\\\/permakultur-landwirtschaft.org\\\/interview-mit-roger-guendel-vom-birchhof-auf-schweiz5-vom-04-juli-2020\\\/\"},\"author\":{\"name\":\"adrian reutimann\",\"@id\":\"https:\\\/\\\/permakultur-landwirtschaft.org\\\/#\\\/schema\\\/person\\\/6b0467872f75aed3e144093f9bf4f0b0\"},\"headline\":\"Interview mit Roger G\u00fcndel vom Birchhof auf Schweiz5 vom 04. Juli 2020\",\"datePublished\":\"2020-07-04T20:37:58+00:00\",\"dateModified\":\"2021-12-22T21:49:19+00:00\",\"mainEntityOfPage\":{\"@id\":\"https:\\\/\\\/permakultur-landwirtschaft.org\\\/interview-mit-roger-guendel-vom-birchhof-auf-schweiz5-vom-04-juli-2020\\\/\"},\"wordCount\":89,\"publisher\":{\"@id\":\"https:\\\/\\\/permakultur-landwirtschaft.org\\\/#organization\"},\"image\":{\"@id\":\"https:\\\/\\\/permakultur-landwirtschaft.org\\\/interview-mit-roger-guendel-vom-birchhof-auf-schweiz5-vom-04-juli-2020\\\/#primaryimage\"},\"thumbnailUrl\":\"https:\\\/\\\/permakultur-landwirtschaft.org\\\/wp-content\\\/uploads\\\/2021\\\/12\\\/roger_guendel22.12.jpg\",\"articleSection\":[\"Film\",\"Neuigkeit\"],\"inLanguage\":\"fr-FR\"},{\"@type\":\"WebPage\",\"@id\":\"https:\\\/\\\/permakultur-landwirtschaft.org\\\/interview-mit-roger-guendel-vom-birchhof-auf-schweiz5-vom-04-juli-2020\\\/\",\"url\":\"https:\\\/\\\/permakultur-landwirtschaft.org\\\/interview-mit-roger-guendel-vom-birchhof-auf-schweiz5-vom-04-juli-2020\\\/\",\"name\":\"Interview mit Roger G\u00fcndel vom Birchhof auf Schweiz5 vom 04. Juli 2020 - Permakultur-Landwirtschaft\",\"isPartOf\":{\"@id\":\"https:\\\/\\\/permakultur-landwirtschaft.org\\\/#website\"},\"primaryImageOfPage\":{\"@id\":\"https:\\\/\\\/permakultur-landwirtschaft.org\\\/interview-mit-roger-guendel-vom-birchhof-auf-schweiz5-vom-04-juli-2020\\\/#primaryimage\"},\"image\":{\"@id\":\"https:\\\/\\\/permakultur-landwirtschaft.org\\\/interview-mit-roger-guendel-vom-birchhof-auf-schweiz5-vom-04-juli-2020\\\/#primaryimage\"},\"thumbnailUrl\":\"https:\\\/\\\/permakultur-landwirtschaft.org\\\/wp-content\\\/uploads\\\/2021\\\/12\\\/roger_guendel22.12.jpg\",\"datePublished\":\"2020-07-04T20:37:58+00:00\",\"dateModified\":\"2021-12-22T21:49:19+00:00\",\"breadcrumb\":{\"@id\":\"https:\\\/\\\/permakultur-landwirtschaft.org\\\/interview-mit-roger-guendel-vom-birchhof-auf-schweiz5-vom-04-juli-2020\\\/#breadcrumb\"},\"inLanguage\":\"fr-FR\",\"potentialAction\":[{\"@type\":\"ReadAction\",\"target\":[\"https:\\\/\\\/permakultur-landwirtschaft.org\\\/interview-mit-roger-guendel-vom-birchhof-auf-schweiz5-vom-04-juli-2020\\\/\"]}]},{\"@type\":\"ImageObject\",\"inLanguage\":\"fr-FR\",\"@id\":\"https:\\\/\\\/permakultur-landwirtschaft.org\\\/interview-mit-roger-guendel-vom-birchhof-auf-schweiz5-vom-04-juli-2020\\\/#primaryimage\",\"url\":\"https:\\\/\\\/permakultur-landwirtschaft.org\\\/wp-content\\\/uploads\\\/2021\\\/12\\\/roger_guendel22.12.jpg\",\"contentUrl\":\"https:\\\/\\\/permakultur-landwirtschaft.org\\\/wp-content\\\/uploads\\\/2021\\\/12\\\/roger_guendel22.12.jpg\",\"width\":700,\"height\":392},{\"@type\":\"BreadcrumbList\",\"@id\":\"https:\\\/\\\/permakultur-landwirtschaft.org\\\/interview-mit-roger-guendel-vom-birchhof-auf-schweiz5-vom-04-juli-2020\\\/#breadcrumb\",\"itemListElement\":[{\"@type\":\"ListItem\",\"position\":1,\"name\":\"Startseite\",\"item\":\"https:\\\/\\\/permakultur-landwirtschaft.org\\\/\"},{\"@type\":\"ListItem\",\"position\":2,\"name\":\"Interview mit Roger G\u00fcndel vom Birchhof auf Schweiz5 vom 04. Juli 2020\"}]},{\"@type\":\"WebSite\",\"@id\":\"https:\\\/\\\/permakultur-landwirtschaft.org\\\/#website\",\"url\":\"https:\\\/\\\/permakultur-landwirtschaft.org\\\/\",\"name\":\"Permakultur-Landwirtschaft\",\"description\":\"F\u00f6rderung der Permakultur in der Landwirtschaft\",\"publisher\":{\"@id\":\"https:\\\/\\\/permakultur-landwirtschaft.org\\\/#organization\"},\"potentialAction\":[{\"@type\":\"SearchAction\",\"target\":{\"@type\":\"EntryPoint\",\"urlTemplate\":\"https:\\\/\\\/permakultur-landwirtschaft.org\\\/?s={search_term_string}\"},\"query-input\":{\"@type\":\"PropertyValueSpecification\",\"valueRequired\":true,\"valueName\":\"search_term_string\"}}],\"inLanguage\":\"fr-FR\"},{\"@type\":\"Organization\",\"@id\":\"https:\\\/\\\/permakultur-landwirtschaft.org\\\/#organization\",\"name\":\"Permakultur-Landwirtschaft\",\"alternateName\":\"Verein Permakultur-Landwirtschaft\",\"url\":\"https:\\\/\\\/permakultur-landwirtschaft.org\\\/\",\"logo\":{\"@type\":\"ImageObject\",\"inLanguage\":\"fr-FR\",\"@id\":\"https:\\\/\\\/permakultur-landwirtschaft.org\\\/#\\\/schema\\\/logo\\\/image\\\/\",\"url\":\"https:\\\/\\\/permakultur-landwirtschaft.org\\\/wp-content\\\/uploads\\\/2021\\\/11\\\/pela_1268x1269.png\",\"contentUrl\":\"https:\\\/\\\/permakultur-landwirtschaft.org\\\/wp-content\\\/uploads\\\/2021\\\/11\\\/pela_1268x1269.png\",\"width\":1298,\"height\":1269,\"caption\":\"Permakultur-Landwirtschaft\"},\"image\":{\"@id\":\"https:\\\/\\\/permakultur-landwirtschaft.org\\\/#\\\/schema\\\/logo\\\/image\\\/\"},\"sameAs\":[\"https:\\\/\\\/www.facebook.com\\\/PermakulturLandwirtschaft\",\"https:\\\/\\\/www.instagram.com\\\/permakultur_landwirtschaft\\\/\",\"https:\\\/\\\/www.flickr.com\\\/photos\\\/permakultur-landwirtschaft\",\"https:\\\/\\\/www.youtube.com\\\/@PermakulturLandwirtschaft\"]},{\"@type\":\"Person\",\"@id\":\"https:\\\/\\\/permakultur-landwirtschaft.org\\\/#\\\/schema\\\/person\\\/6b0467872f75aed3e144093f9bf4f0b0\",\"name\":\"adrian reutimann\",\"url\":\"https:\\\/\\\/permakultur-landwirtschaft.org\\\/fr\\\/author\\\/reutiadr\\\/\"}]}<\/script>\n<!-- \/ Yoast SEO plugin. -->","yoast_head_json":{"title":"Interview mit Roger G\u00fcndel vom Birchhof auf Schweiz5 vom 04. Juli 2020 - Permakultur-Landwirtschaft","robots":{"index":"index","follow":"follow","max-snippet":"max-snippet:-1","max-image-preview":"max-image-preview:large","max-video-preview":"max-video-preview:-1"},"canonical":"https:\/\/permakultur-landwirtschaft.org\/fr\/interview-mit-roger-guendel-vom-birchhof-auf-schweiz5-vom-04-juli-2020\/","og_locale":"fr_FR","og_type":"article","og_title":"Interview mit Roger G\u00fcndel vom Birchhof auf Schweiz5 vom 04. Juli 2020 - Permakultur-Landwirtschaft","og_description":"Interview mit Roger G\u00fcndel vom Birchhof in Oberwil-Lieli AG Text von &#8230;eifach M\u00f6nsch&#8230;: Roger G\u00fcndel ist nicht nur eine Biobauer, er setzt auf Permakultur auf dem Birchhof. Die Natur steht bei ihm Im Zentrum und er stellt Diversit\u00e4t vor den Profit. Link zum Birchhof: www.bio-birchhof.ch Link zum Interview bei Youtube: youtu.be\/WolIjy-Nxqg Bild: schweiz5.ch Hier geht&#8217;s [&hellip;]","og_url":"https:\/\/permakultur-landwirtschaft.org\/fr\/interview-mit-roger-guendel-vom-birchhof-auf-schweiz5-vom-04-juli-2020\/","og_site_name":"Permakultur-Landwirtschaft","article_publisher":"https:\/\/www.facebook.com\/PermakulturLandwirtschaft","article_published_time":"2020-07-04T20:37:58+00:00","article_modified_time":"2021-12-22T21:49:19+00:00","og_image":[{"width":700,"height":392,"url":"https:\/\/permakultur-landwirtschaft.org\/wp-content\/uploads\/2021\/12\/roger_guendel22.12.jpg","type":"image\/jpeg"}],"author":"adrian reutimann","twitter_card":"summary_large_image","twitter_misc":{"\u00c9crit par":"adrian reutimann"},"schema":{"@context":"https:\/\/schema.org","@graph":[{"@type":"Article","@id":"https:\/\/permakultur-landwirtschaft.org\/interview-mit-roger-guendel-vom-birchhof-auf-schweiz5-vom-04-juli-2020\/#article","isPartOf":{"@id":"https:\/\/permakultur-landwirtschaft.org\/interview-mit-roger-guendel-vom-birchhof-auf-schweiz5-vom-04-juli-2020\/"},"author":{"name":"adrian reutimann","@id":"https:\/\/permakultur-landwirtschaft.org\/#\/schema\/person\/6b0467872f75aed3e144093f9bf4f0b0"},"headline":"Interview mit Roger G\u00fcndel vom Birchhof auf Schweiz5 vom 04. Juli 2020","datePublished":"2020-07-04T20:37:58+00:00","dateModified":"2021-12-22T21:49:19+00:00","mainEntityOfPage":{"@id":"https:\/\/permakultur-landwirtschaft.org\/interview-mit-roger-guendel-vom-birchhof-auf-schweiz5-vom-04-juli-2020\/"},"wordCount":89,"publisher":{"@id":"https:\/\/permakultur-landwirtschaft.org\/#organization"},"image":{"@id":"https:\/\/permakultur-landwirtschaft.org\/interview-mit-roger-guendel-vom-birchhof-auf-schweiz5-vom-04-juli-2020\/#primaryimage"},"thumbnailUrl":"https:\/\/permakultur-landwirtschaft.org\/wp-content\/uploads\/2021\/12\/roger_guendel22.12.jpg","articleSection":["Film","Neuigkeit"],"inLanguage":"fr-FR"},{"@type":"WebPage","@id":"https:\/\/permakultur-landwirtschaft.org\/interview-mit-roger-guendel-vom-birchhof-auf-schweiz5-vom-04-juli-2020\/","url":"https:\/\/permakultur-landwirtschaft.org\/interview-mit-roger-guendel-vom-birchhof-auf-schweiz5-vom-04-juli-2020\/","name":"Interview mit Roger G\u00fcndel vom Birchhof auf Schweiz5 vom 04. Juli 2020 - Permakultur-Landwirtschaft","isPartOf":{"@id":"https:\/\/permakultur-landwirtschaft.org\/#website"},"primaryImageOfPage":{"@id":"https:\/\/permakultur-landwirtschaft.org\/interview-mit-roger-guendel-vom-birchhof-auf-schweiz5-vom-04-juli-2020\/#primaryimage"},"image":{"@id":"https:\/\/permakultur-landwirtschaft.org\/interview-mit-roger-guendel-vom-birchhof-auf-schweiz5-vom-04-juli-2020\/#primaryimage"},"thumbnailUrl":"https:\/\/permakultur-landwirtschaft.org\/wp-content\/uploads\/2021\/12\/roger_guendel22.12.jpg","datePublished":"2020-07-04T20:37:58+00:00","dateModified":"2021-12-22T21:49:19+00:00","breadcrumb":{"@id":"https:\/\/permakultur-landwirtschaft.org\/interview-mit-roger-guendel-vom-birchhof-auf-schweiz5-vom-04-juli-2020\/#breadcrumb"},"inLanguage":"fr-FR","potentialAction":[{"@type":"ReadAction","target":["https:\/\/permakultur-landwirtschaft.org\/interview-mit-roger-guendel-vom-birchhof-auf-schweiz5-vom-04-juli-2020\/"]}]},{"@type":"ImageObject","inLanguage":"fr-FR","@id":"https:\/\/permakultur-landwirtschaft.org\/interview-mit-roger-guendel-vom-birchhof-auf-schweiz5-vom-04-juli-2020\/#primaryimage","url":"https:\/\/permakultur-landwirtschaft.org\/wp-content\/uploads\/2021\/12\/roger_guendel22.12.jpg","contentUrl":"https:\/\/permakultur-landwirtschaft.org\/wp-content\/uploads\/2021\/12\/roger_guendel22.12.jpg","width":700,"height":392},{"@type":"BreadcrumbList","@id":"https:\/\/permakultur-landwirtschaft.org\/interview-mit-roger-guendel-vom-birchhof-auf-schweiz5-vom-04-juli-2020\/#breadcrumb","itemListElement":[{"@type":"ListItem","position":1,"name":"Startseite","item":"https:\/\/permakultur-landwirtschaft.org\/"},{"@type":"ListItem","position":2,"name":"Interview mit Roger G\u00fcndel vom Birchhof auf Schweiz5 vom 04. Juli 2020"}]},{"@type":"WebSite","@id":"https:\/\/permakultur-landwirtschaft.org\/#website","url":"https:\/\/permakultur-landwirtschaft.org\/","name":"Permakultur-Landwirtschaft","description":"F\u00f6rderung der Permakultur in der Landwirtschaft","publisher":{"@id":"https:\/\/permakultur-landwirtschaft.org\/#organization"},"potentialAction":[{"@type":"SearchAction","target":{"@type":"EntryPoint","urlTemplate":"https:\/\/permakultur-landwirtschaft.org\/?s={search_term_string}"},"query-input":{"@type":"PropertyValueSpecification","valueRequired":true,"valueName":"search_term_string"}}],"inLanguage":"fr-FR"},{"@type":"Organization","@id":"https:\/\/permakultur-landwirtschaft.org\/#organization","name":"Permakultur-Landwirtschaft","alternateName":"Verein Permakultur-Landwirtschaft","url":"https:\/\/permakultur-landwirtschaft.org\/","logo":{"@type":"ImageObject","inLanguage":"fr-FR","@id":"https:\/\/permakultur-landwirtschaft.org\/#\/schema\/logo\/image\/","url":"https:\/\/permakultur-landwirtschaft.org\/wp-content\/uploads\/2021\/11\/pela_1268x1269.png","contentUrl":"https:\/\/permakultur-landwirtschaft.org\/wp-content\/uploads\/2021\/11\/pela_1268x1269.png","width":1298,"height":1269,"caption":"Permakultur-Landwirtschaft"},"image":{"@id":"https:\/\/permakultur-landwirtschaft.org\/#\/schema\/logo\/image\/"},"sameAs":["https:\/\/www.facebook.com\/PermakulturLandwirtschaft","https:\/\/www.instagram.com\/permakultur_landwirtschaft\/","https:\/\/www.flickr.com\/photos\/permakultur-landwirtschaft","https:\/\/www.youtube.com\/@PermakulturLandwirtschaft"]},{"@type":"Person","@id":"https:\/\/permakultur-landwirtschaft.org\/#\/schema\/person\/6b0467872f75aed3e144093f9bf4f0b0","name":"adrian reutimann","url":"https:\/\/permakultur-landwirtschaft.org\/fr\/author\/reutiadr\/"}]}},"_links":{"self":[{"href":"https:\/\/permakultur-landwirtschaft.org\/fr\/wp-json\/wp\/v2\/posts\/17188","targetHints":{"allow":["GET"]}}],"collection":[{"href":"https:\/\/permakultur-landwirtschaft.org\/fr\/wp-json\/wp\/v2\/posts"}],"about":[{"href":"https:\/\/permakultur-landwirtschaft.org\/fr\/wp-json\/wp\/v2\/types\/post"}],"author":[{"embeddable":true,"href":"https:\/\/permakultur-landwirtschaft.org\/fr\/wp-json\/wp\/v2\/users\/2"}],"replies":[{"embeddable":true,"href":"https:\/\/permakultur-landwirtschaft.org\/fr\/wp-json\/wp\/v2\/comments?post=17188"}],"version-history":[{"count":1,"href":"https:\/\/permakultur-landwirtschaft.org\/fr\/wp-json\/wp\/v2\/posts\/17188\/revisions"}],"predecessor-version":[{"id":17190,"href":"https:\/\/permakultur-landwirtschaft.org\/fr\/wp-json\/wp\/v2\/posts\/17188\/revisions\/17190"}],"wp:featuredmedia":[{"embeddable":true,"href":"https:\/\/permakultur-landwirtschaft.org\/fr\/wp-json\/wp\/v2\/media\/17189"}],"wp:attachment":[{"href":"https:\/\/permakultur-landwirtschaft.org\/fr\/wp-json\/wp\/v2\/media?parent=17188"}],"wp:term":[{"taxonomy":"category","embeddable":true,"href":"https:\/\/permakultur-landwirtschaft.org\/fr\/wp-json\/wp\/v2\/categories?post=17188"},{"taxonomy":"post_tag","embeddable":true,"href":"https:\/\/permakultur-landwirtschaft.org\/fr\/wp-json\/wp\/v2\/tags?post=17188"}],"curies":[{"name":"wp","href":"https:\/\/api.w.org\/{rel}","templated":true}]}}