{"id":16972,"date":"2021-11-12T16:08:45","date_gmt":"2021-11-12T15:08:45","guid":{"rendered":"https:\/\/permakultur-landwirtschaft.org\/?p=16972"},"modified":"2021-12-02T16:35:06","modified_gmt":"2021-12-02T15:35:06","slug":"fuehrung-und-interview-zum-waldgarten-an-der-hafl-bei-bern-sendungen-vom-12-november-2021","status":"publish","type":"post","link":"https:\/\/permakultur-landwirtschaft.org\/fr\/fuehrung-und-interview-zum-waldgarten-an-der-hafl-bei-bern-sendungen-vom-12-november-2021\/","title":{"rendered":"F\u00fchrung und Interview zum Waldgarten an der HAFL bei Bern &#8211; Sendungen vom 12. November 2021"},"content":{"rendered":"<p><span class=\"style-scope yt-formatted-string\" dir=\"auto\">Texte von Food Forests Global:<br \/>\n<\/span>Daniel Lis f\u00fchrt durch den Waldgarten an der Hochschule f\u00fcr Agrar-, Forst- und Lebensmittelwissenschaften HAFL in Zollikofen bei Bern. Der Waldgarten ist ein wissenschaftliches Projekt, das die Auswirkungen des regenerativen Systems auf Bodenqualit\u00e4t, Insekten, Pilze und andere Variablen untersucht.<\/p>\n<p>Food Forests Global zeigt Waldg\u00e4rten und regenerative Landwirtschaftssysteme aus ganzer Welt.<\/p>\n<p><a href=\"https:\/\/www.youtube.com\/watch?v=1aGJOlCh9DM\" target=\"_blank\" rel=\"noopener noreferrer\">Link zur F\u00fchrung von Daniel Lis: www.youtube.com\/watch?v=1aGJOlCh9DM<\/a><\/p>\n<p><a href=\"https:\/\/www.youtube.com\/watch?v=1aGJOlCh9DM\" target=\"_blank\" rel=\"noopener\"><img fetchpriority=\"high\" decoding=\"async\" class=\"alignnone wp-image-16973 size-full\" src=\"https:\/\/permakultur-landwirtschaft.org\/wp-content\/uploads\/2021\/12\/lis02.12.jpg\" alt=\"\" width=\"700\" height=\"389\" srcset=\"https:\/\/permakultur-landwirtschaft.org\/wp-content\/uploads\/2021\/12\/lis02.12.jpg 700w, https:\/\/permakultur-landwirtschaft.org\/wp-content\/uploads\/2021\/12\/lis02.12-300x167.jpg 300w\" sizes=\"(max-width: 700px) 100vw, 700px\" \/><\/a><\/p>\n<h6>Bild: Food Forests Global<\/h6>\n<p>Text from Food Forests Global:<br \/>\nFull interview with Daniel Lis, Researcher at the Bern University of Applied Sciences, School of Agricultural, Forest and Food Sciences, Switzerland. The food forest is located in the temperate climate zone on 570 meters above sea level and comprises around 1&#8217;300 square meters.<\/p>\n<p>This forest garden is a research project of the School of Agricultural, Forest and Food Sciences that will run until 2023. It examines how the forest system reacts to human intervention. The project monitors soil quality, insects, mushrooms and other variables.<\/p>\n<p><a href=\"https:\/\/www.youtube.com\/watch?v=O_H0YAXuKto\" target=\"_blank\" rel=\"noopener noreferrer\">Link zum Interview mit Daniel Lis: www.youtube.com\/watch?v=O_H0YAXuKto<\/a><\/p>\n<p><a href=\"https:\/\/www.youtube.com\/watch?v=O_H0YAXuKto\" target=\"_blank\" rel=\"noopener\"><img decoding=\"async\" class=\"alignnone wp-image-16989 size-full\" src=\"https:\/\/permakultur-landwirtschaft.org\/wp-content\/uploads\/2021\/11\/lis202.12.jpg\" alt=\"\" width=\"700\" height=\"369\" srcset=\"https:\/\/permakultur-landwirtschaft.org\/wp-content\/uploads\/2021\/11\/lis202.12.jpg 700w, https:\/\/permakultur-landwirtschaft.org\/wp-content\/uploads\/2021\/11\/lis202.12-300x158.jpg 300w\" sizes=\"(max-width: 700px) 100vw, 700px\" \/><\/a><\/p>\n<h6>Bild: Food Forests Global<\/h6>\n<p><a href=\"https:\/\/www.bfh.ch\/de\/forschung\/forschungsbereiche\/permakultur\/\" target=\"_blank\" rel=\"noopener\">Weitere Infos zum Waldgarten Projekt an der HAFL unter diesem Link: www.bfh.ch\/de\/forschung\/forschungsbereiche\/permakultur<\/a><\/p>\n<p><a href=\"https:\/\/www.bfh.ch\/de\/forschung\/forschungsbereiche\/permakultur\/\" target=\"_blank\" rel=\"noopener\"><img decoding=\"async\" class=\"alignnone wp-image-16797 size-medium\" src=\"https:\/\/permakultur-landwirtschaft.org\/wp-content\/uploads\/2021\/11\/BFH_Logo_A_de_100_RGB-205x300.png\" alt=\"\" width=\"205\" height=\"300\" srcset=\"https:\/\/permakultur-landwirtschaft.org\/wp-content\/uploads\/2021\/11\/BFH_Logo_A_de_100_RGB-205x300.png 205w, https:\/\/permakultur-landwirtschaft.org\/wp-content\/uploads\/2021\/11\/BFH_Logo_A_de_100_RGB-700x1024.png 700w, https:\/\/permakultur-landwirtschaft.org\/wp-content\/uploads\/2021\/11\/BFH_Logo_A_de_100_RGB-768x1123.png 768w, https:\/\/permakultur-landwirtschaft.org\/wp-content\/uploads\/2021\/11\/BFH_Logo_A_de_100_RGB.png 868w\" sizes=\"(max-width: 205px) 100vw, 205px\" \/><\/a><\/p>\n<h6>Bild: bfh.ch<\/h6>\n<hr \/>\n<h3><a href=\"https:\/\/permakultur-landwirtschaft.org\/fr\/medien\/\">Hier geht&#8217;s zur \u00dcbersicht aller Neuigkeiten <\/a><\/h3>\n<h3><a href=\"https:\/\/permakultur-landwirtschaft.org\/fr\/filme\/\">Hier geht&#8217;s zur \u00dcbersicht aller Filme und Audios<\/a><\/h3>","protected":false},"excerpt":{"rendered":"<p>Texte von Food Forests Global: Daniel Lis f\u00fchrt durch den Waldgarten an der Hochschule f\u00fcr Agrar-, Forst- und Lebensmittelwissenschaften HAFL in Zollikofen bei Bern. Der Waldgarten ist ein wissenschaftliches Projekt, das die Auswirkungen des regenerativen Systems auf Bodenqualit\u00e4t, Insekten, Pilze und andere Variablen untersucht. Food Forests Global zeigt Waldg\u00e4rten und regenerative Landwirtschaftssysteme aus ganzer Welt. [&hellip;]<\/p>\n","protected":false},"author":2,"featured_media":16973,"comment_status":"closed","ping_status":"closed","sticky":false,"template":"","format":"standard","meta":{"_acf_changed":false,"site-sidebar-layout":"default","site-content-layout":"","ast-site-content-layout":"default","site-content-style":"default","site-sidebar-style":"default","ast-global-header-display":"","ast-banner-title-visibility":"","ast-main-header-display":"","ast-hfb-above-header-display":"","ast-hfb-below-header-display":"","ast-hfb-mobile-header-display":"","site-post-title":"","ast-breadcrumbs-content":"","ast-featured-img":"","footer-sml-layout":"","ast-disable-related-posts":"","theme-transparent-header-meta":"","adv-header-id-meta":"","stick-header-meta":"","header-above-stick-meta":"","header-main-stick-meta":"","header-below-stick-meta":"","astra-migrate-meta-layouts":"default","ast-page-background-enabled":"default","ast-page-background-meta":{"desktop":{"background-color":"var(--ast-global-color-4)","background-image":"","background-repeat":"repeat","background-position":"center center","background-size":"auto","background-attachment":"scroll","background-type":"","background-media":"","overlay-type":"","overlay-color":"","overlay-opacity":"","overlay-gradient":""},"tablet":{"background-color":"","background-image":"","background-repeat":"repeat","background-position":"center center","background-size":"auto","background-attachment":"scroll","background-type":"","background-media":"","overlay-type":"","overlay-color":"","overlay-opacity":"","overlay-gradient":""},"mobile":{"background-color":"","background-image":"","background-repeat":"repeat","background-position":"center center","background-size":"auto","background-attachment":"scroll","background-type":"","background-media":"","overlay-type":"","overlay-color":"","overlay-opacity":"","overlay-gradient":""}},"ast-content-background-meta":{"desktop":{"background-color":"var(--ast-global-color-5)","background-image":"","background-repeat":"repeat","background-position":"center center","background-size":"auto","background-attachment":"scroll","background-type":"","background-media":"","overlay-type":"","overlay-color":"","overlay-opacity":"","overlay-gradient":""},"tablet":{"background-color":"var(--ast-global-color-5)","background-image":"","background-repeat":"repeat","background-position":"center center","background-size":"auto","background-attachment":"scroll","background-type":"","background-media":"","overlay-type":"","overlay-color":"","overlay-opacity":"","overlay-gradient":""},"mobile":{"background-color":"var(--ast-global-color-5)","background-image":"","background-repeat":"repeat","background-position":"center center","background-size":"auto","background-attachment":"scroll","background-type":"","background-media":"","overlay-type":"","overlay-color":"","overlay-opacity":"","overlay-gradient":""}},"footnotes":""},"categories":[45],"tags":[],"class_list":["post-16972","post","type-post","status-publish","format-standard","has-post-thumbnail","hentry","category-filme"],"acf":[],"yoast_head":"<!-- This site is optimized with the Yoast SEO plugin v27.5 - https:\/\/yoast.com\/product\/yoast-seo-wordpress\/ -->\n<title>F\u00fchrung und Interview zum Waldgarten an der HAFL bei Bern - Sendungen vom 12. November 2021 - Permakultur-Landwirtschaft<\/title>\n<meta name=\"robots\" content=\"index, follow, max-snippet:-1, max-image-preview:large, max-video-preview:-1\" \/>\n<link rel=\"canonical\" href=\"https:\/\/permakultur-landwirtschaft.org\/fr\/fuehrung-und-interview-zum-waldgarten-an-der-hafl-bei-bern-sendungen-vom-12-november-2021\/\" \/>\n<meta property=\"og:locale\" content=\"fr_FR\" \/>\n<meta property=\"og:type\" content=\"article\" \/>\n<meta property=\"og:title\" content=\"F\u00fchrung und Interview zum Waldgarten an der HAFL bei Bern - Sendungen vom 12. November 2021 - Permakultur-Landwirtschaft\" \/>\n<meta property=\"og:description\" content=\"Texte von Food Forests Global: Daniel Lis f\u00fchrt durch den Waldgarten an der Hochschule f\u00fcr Agrar-, Forst- und Lebensmittelwissenschaften HAFL in Zollikofen bei Bern. Der Waldgarten ist ein wissenschaftliches Projekt, das die Auswirkungen des regenerativen Systems auf Bodenqualit\u00e4t, Insekten, Pilze und andere Variablen untersucht. Food Forests Global zeigt Waldg\u00e4rten und regenerative Landwirtschaftssysteme aus ganzer Welt. [&hellip;]\" \/>\n<meta property=\"og:url\" content=\"https:\/\/permakultur-landwirtschaft.org\/fr\/fuehrung-und-interview-zum-waldgarten-an-der-hafl-bei-bern-sendungen-vom-12-november-2021\/\" \/>\n<meta property=\"og:site_name\" content=\"Permakultur-Landwirtschaft\" \/>\n<meta property=\"article:publisher\" content=\"https:\/\/www.facebook.com\/PermakulturLandwirtschaft\" \/>\n<meta property=\"article:published_time\" content=\"2021-11-12T15:08:45+00:00\" \/>\n<meta property=\"article:modified_time\" content=\"2021-12-02T15:35:06+00:00\" \/>\n<meta property=\"og:image\" content=\"https:\/\/permakultur-landwirtschaft.org\/wp-content\/uploads\/2021\/12\/lis02.12.jpg\" \/>\n\t<meta property=\"og:image:width\" content=\"700\" \/>\n\t<meta property=\"og:image:height\" content=\"389\" \/>\n\t<meta property=\"og:image:type\" content=\"image\/jpeg\" \/>\n<meta name=\"author\" content=\"adrian reutimann\" \/>\n<meta name=\"twitter:card\" content=\"summary_large_image\" \/>\n<meta name=\"twitter:label1\" content=\"\u00c9crit par\" \/>\n\t<meta name=\"twitter:data1\" content=\"adrian reutimann\" \/>\n\t<meta name=\"twitter:label2\" content=\"Dur\u00e9e de lecture estim\u00e9e\" \/>\n\t<meta name=\"twitter:data2\" content=\"1 minute\" \/>\n<script type=\"application\/ld+json\" class=\"yoast-schema-graph\">{\"@context\":\"https:\\\/\\\/schema.org\",\"@graph\":[{\"@type\":\"Article\",\"@id\":\"https:\\\/\\\/permakultur-landwirtschaft.org\\\/fuehrung-und-interview-zum-waldgarten-an-der-hafl-bei-bern-sendungen-vom-12-november-2021\\\/#article\",\"isPartOf\":{\"@id\":\"https:\\\/\\\/permakultur-landwirtschaft.org\\\/fuehrung-und-interview-zum-waldgarten-an-der-hafl-bei-bern-sendungen-vom-12-november-2021\\\/\"},\"author\":{\"name\":\"adrian reutimann\",\"@id\":\"https:\\\/\\\/permakultur-landwirtschaft.org\\\/#\\\/schema\\\/person\\\/6b0467872f75aed3e144093f9bf4f0b0\"},\"headline\":\"F\u00fchrung und Interview zum Waldgarten an der HAFL bei Bern &#8211; Sendungen vom 12. November 2021\",\"datePublished\":\"2021-11-12T15:08:45+00:00\",\"dateModified\":\"2021-12-02T15:35:06+00:00\",\"mainEntityOfPage\":{\"@id\":\"https:\\\/\\\/permakultur-landwirtschaft.org\\\/fuehrung-und-interview-zum-waldgarten-an-der-hafl-bei-bern-sendungen-vom-12-november-2021\\\/\"},\"wordCount\":233,\"publisher\":{\"@id\":\"https:\\\/\\\/permakultur-landwirtschaft.org\\\/#organization\"},\"image\":{\"@id\":\"https:\\\/\\\/permakultur-landwirtschaft.org\\\/fuehrung-und-interview-zum-waldgarten-an-der-hafl-bei-bern-sendungen-vom-12-november-2021\\\/#primaryimage\"},\"thumbnailUrl\":\"https:\\\/\\\/permakultur-landwirtschaft.org\\\/wp-content\\\/uploads\\\/2021\\\/12\\\/lis02.12.jpg\",\"articleSection\":[\"Film\"],\"inLanguage\":\"fr-FR\"},{\"@type\":\"WebPage\",\"@id\":\"https:\\\/\\\/permakultur-landwirtschaft.org\\\/fuehrung-und-interview-zum-waldgarten-an-der-hafl-bei-bern-sendungen-vom-12-november-2021\\\/\",\"url\":\"https:\\\/\\\/permakultur-landwirtschaft.org\\\/fuehrung-und-interview-zum-waldgarten-an-der-hafl-bei-bern-sendungen-vom-12-november-2021\\\/\",\"name\":\"F\u00fchrung und Interview zum Waldgarten an der HAFL bei Bern - Sendungen vom 12. November 2021 - Permakultur-Landwirtschaft\",\"isPartOf\":{\"@id\":\"https:\\\/\\\/permakultur-landwirtschaft.org\\\/#website\"},\"primaryImageOfPage\":{\"@id\":\"https:\\\/\\\/permakultur-landwirtschaft.org\\\/fuehrung-und-interview-zum-waldgarten-an-der-hafl-bei-bern-sendungen-vom-12-november-2021\\\/#primaryimage\"},\"image\":{\"@id\":\"https:\\\/\\\/permakultur-landwirtschaft.org\\\/fuehrung-und-interview-zum-waldgarten-an-der-hafl-bei-bern-sendungen-vom-12-november-2021\\\/#primaryimage\"},\"thumbnailUrl\":\"https:\\\/\\\/permakultur-landwirtschaft.org\\\/wp-content\\\/uploads\\\/2021\\\/12\\\/lis02.12.jpg\",\"datePublished\":\"2021-11-12T15:08:45+00:00\",\"dateModified\":\"2021-12-02T15:35:06+00:00\",\"breadcrumb\":{\"@id\":\"https:\\\/\\\/permakultur-landwirtschaft.org\\\/fuehrung-und-interview-zum-waldgarten-an-der-hafl-bei-bern-sendungen-vom-12-november-2021\\\/#breadcrumb\"},\"inLanguage\":\"fr-FR\",\"potentialAction\":[{\"@type\":\"ReadAction\",\"target\":[\"https:\\\/\\\/permakultur-landwirtschaft.org\\\/fuehrung-und-interview-zum-waldgarten-an-der-hafl-bei-bern-sendungen-vom-12-november-2021\\\/\"]}]},{\"@type\":\"ImageObject\",\"inLanguage\":\"fr-FR\",\"@id\":\"https:\\\/\\\/permakultur-landwirtschaft.org\\\/fuehrung-und-interview-zum-waldgarten-an-der-hafl-bei-bern-sendungen-vom-12-november-2021\\\/#primaryimage\",\"url\":\"https:\\\/\\\/permakultur-landwirtschaft.org\\\/wp-content\\\/uploads\\\/2021\\\/12\\\/lis02.12.jpg\",\"contentUrl\":\"https:\\\/\\\/permakultur-landwirtschaft.org\\\/wp-content\\\/uploads\\\/2021\\\/12\\\/lis02.12.jpg\",\"width\":700,\"height\":389},{\"@type\":\"BreadcrumbList\",\"@id\":\"https:\\\/\\\/permakultur-landwirtschaft.org\\\/fuehrung-und-interview-zum-waldgarten-an-der-hafl-bei-bern-sendungen-vom-12-november-2021\\\/#breadcrumb\",\"itemListElement\":[{\"@type\":\"ListItem\",\"position\":1,\"name\":\"Startseite\",\"item\":\"https:\\\/\\\/permakultur-landwirtschaft.org\\\/\"},{\"@type\":\"ListItem\",\"position\":2,\"name\":\"F\u00fchrung und Interview zum Waldgarten an der HAFL bei Bern &#8211; Sendungen vom 12. November 2021\"}]},{\"@type\":\"WebSite\",\"@id\":\"https:\\\/\\\/permakultur-landwirtschaft.org\\\/#website\",\"url\":\"https:\\\/\\\/permakultur-landwirtschaft.org\\\/\",\"name\":\"Permakultur-Landwirtschaft\",\"description\":\"F\u00f6rderung der Permakultur in der Landwirtschaft\",\"publisher\":{\"@id\":\"https:\\\/\\\/permakultur-landwirtschaft.org\\\/#organization\"},\"potentialAction\":[{\"@type\":\"SearchAction\",\"target\":{\"@type\":\"EntryPoint\",\"urlTemplate\":\"https:\\\/\\\/permakultur-landwirtschaft.org\\\/?s={search_term_string}\"},\"query-input\":{\"@type\":\"PropertyValueSpecification\",\"valueRequired\":true,\"valueName\":\"search_term_string\"}}],\"inLanguage\":\"fr-FR\"},{\"@type\":\"Organization\",\"@id\":\"https:\\\/\\\/permakultur-landwirtschaft.org\\\/#organization\",\"name\":\"Permakultur-Landwirtschaft\",\"alternateName\":\"Verein Permakultur-Landwirtschaft\",\"url\":\"https:\\\/\\\/permakultur-landwirtschaft.org\\\/\",\"logo\":{\"@type\":\"ImageObject\",\"inLanguage\":\"fr-FR\",\"@id\":\"https:\\\/\\\/permakultur-landwirtschaft.org\\\/#\\\/schema\\\/logo\\\/image\\\/\",\"url\":\"https:\\\/\\\/permakultur-landwirtschaft.org\\\/wp-content\\\/uploads\\\/2021\\\/11\\\/pela_1268x1269.png\",\"contentUrl\":\"https:\\\/\\\/permakultur-landwirtschaft.org\\\/wp-content\\\/uploads\\\/2021\\\/11\\\/pela_1268x1269.png\",\"width\":1298,\"height\":1269,\"caption\":\"Permakultur-Landwirtschaft\"},\"image\":{\"@id\":\"https:\\\/\\\/permakultur-landwirtschaft.org\\\/#\\\/schema\\\/logo\\\/image\\\/\"},\"sameAs\":[\"https:\\\/\\\/www.facebook.com\\\/PermakulturLandwirtschaft\",\"https:\\\/\\\/www.instagram.com\\\/permakultur_landwirtschaft\\\/\",\"https:\\\/\\\/www.flickr.com\\\/photos\\\/permakultur-landwirtschaft\",\"https:\\\/\\\/www.youtube.com\\\/@PermakulturLandwirtschaft\"]},{\"@type\":\"Person\",\"@id\":\"https:\\\/\\\/permakultur-landwirtschaft.org\\\/#\\\/schema\\\/person\\\/6b0467872f75aed3e144093f9bf4f0b0\",\"name\":\"adrian reutimann\",\"url\":\"https:\\\/\\\/permakultur-landwirtschaft.org\\\/fr\\\/author\\\/reutiadr\\\/\"}]}<\/script>\n<!-- \/ Yoast SEO plugin. -->","yoast_head_json":{"title":"F\u00fchrung und Interview zum Waldgarten an der HAFL bei Bern - Sendungen vom 12. November 2021 - Permakultur-Landwirtschaft","robots":{"index":"index","follow":"follow","max-snippet":"max-snippet:-1","max-image-preview":"max-image-preview:large","max-video-preview":"max-video-preview:-1"},"canonical":"https:\/\/permakultur-landwirtschaft.org\/fr\/fuehrung-und-interview-zum-waldgarten-an-der-hafl-bei-bern-sendungen-vom-12-november-2021\/","og_locale":"fr_FR","og_type":"article","og_title":"F\u00fchrung und Interview zum Waldgarten an der HAFL bei Bern - Sendungen vom 12. November 2021 - Permakultur-Landwirtschaft","og_description":"Texte von Food Forests Global: Daniel Lis f\u00fchrt durch den Waldgarten an der Hochschule f\u00fcr Agrar-, Forst- und Lebensmittelwissenschaften HAFL in Zollikofen bei Bern. Der Waldgarten ist ein wissenschaftliches Projekt, das die Auswirkungen des regenerativen Systems auf Bodenqualit\u00e4t, Insekten, Pilze und andere Variablen untersucht. Food Forests Global zeigt Waldg\u00e4rten und regenerative Landwirtschaftssysteme aus ganzer Welt. [&hellip;]","og_url":"https:\/\/permakultur-landwirtschaft.org\/fr\/fuehrung-und-interview-zum-waldgarten-an-der-hafl-bei-bern-sendungen-vom-12-november-2021\/","og_site_name":"Permakultur-Landwirtschaft","article_publisher":"https:\/\/www.facebook.com\/PermakulturLandwirtschaft","article_published_time":"2021-11-12T15:08:45+00:00","article_modified_time":"2021-12-02T15:35:06+00:00","og_image":[{"width":700,"height":389,"url":"https:\/\/permakultur-landwirtschaft.org\/wp-content\/uploads\/2021\/12\/lis02.12.jpg","type":"image\/jpeg"}],"author":"adrian reutimann","twitter_card":"summary_large_image","twitter_misc":{"\u00c9crit par":"adrian reutimann","Dur\u00e9e de lecture estim\u00e9e":"1 minute"},"schema":{"@context":"https:\/\/schema.org","@graph":[{"@type":"Article","@id":"https:\/\/permakultur-landwirtschaft.org\/fuehrung-und-interview-zum-waldgarten-an-der-hafl-bei-bern-sendungen-vom-12-november-2021\/#article","isPartOf":{"@id":"https:\/\/permakultur-landwirtschaft.org\/fuehrung-und-interview-zum-waldgarten-an-der-hafl-bei-bern-sendungen-vom-12-november-2021\/"},"author":{"name":"adrian reutimann","@id":"https:\/\/permakultur-landwirtschaft.org\/#\/schema\/person\/6b0467872f75aed3e144093f9bf4f0b0"},"headline":"F\u00fchrung und Interview zum Waldgarten an der HAFL bei Bern &#8211; Sendungen vom 12. November 2021","datePublished":"2021-11-12T15:08:45+00:00","dateModified":"2021-12-02T15:35:06+00:00","mainEntityOfPage":{"@id":"https:\/\/permakultur-landwirtschaft.org\/fuehrung-und-interview-zum-waldgarten-an-der-hafl-bei-bern-sendungen-vom-12-november-2021\/"},"wordCount":233,"publisher":{"@id":"https:\/\/permakultur-landwirtschaft.org\/#organization"},"image":{"@id":"https:\/\/permakultur-landwirtschaft.org\/fuehrung-und-interview-zum-waldgarten-an-der-hafl-bei-bern-sendungen-vom-12-november-2021\/#primaryimage"},"thumbnailUrl":"https:\/\/permakultur-landwirtschaft.org\/wp-content\/uploads\/2021\/12\/lis02.12.jpg","articleSection":["Film"],"inLanguage":"fr-FR"},{"@type":"WebPage","@id":"https:\/\/permakultur-landwirtschaft.org\/fuehrung-und-interview-zum-waldgarten-an-der-hafl-bei-bern-sendungen-vom-12-november-2021\/","url":"https:\/\/permakultur-landwirtschaft.org\/fuehrung-und-interview-zum-waldgarten-an-der-hafl-bei-bern-sendungen-vom-12-november-2021\/","name":"F\u00fchrung und Interview zum Waldgarten an der HAFL bei Bern - Sendungen vom 12. November 2021 - Permakultur-Landwirtschaft","isPartOf":{"@id":"https:\/\/permakultur-landwirtschaft.org\/#website"},"primaryImageOfPage":{"@id":"https:\/\/permakultur-landwirtschaft.org\/fuehrung-und-interview-zum-waldgarten-an-der-hafl-bei-bern-sendungen-vom-12-november-2021\/#primaryimage"},"image":{"@id":"https:\/\/permakultur-landwirtschaft.org\/fuehrung-und-interview-zum-waldgarten-an-der-hafl-bei-bern-sendungen-vom-12-november-2021\/#primaryimage"},"thumbnailUrl":"https:\/\/permakultur-landwirtschaft.org\/wp-content\/uploads\/2021\/12\/lis02.12.jpg","datePublished":"2021-11-12T15:08:45+00:00","dateModified":"2021-12-02T15:35:06+00:00","breadcrumb":{"@id":"https:\/\/permakultur-landwirtschaft.org\/fuehrung-und-interview-zum-waldgarten-an-der-hafl-bei-bern-sendungen-vom-12-november-2021\/#breadcrumb"},"inLanguage":"fr-FR","potentialAction":[{"@type":"ReadAction","target":["https:\/\/permakultur-landwirtschaft.org\/fuehrung-und-interview-zum-waldgarten-an-der-hafl-bei-bern-sendungen-vom-12-november-2021\/"]}]},{"@type":"ImageObject","inLanguage":"fr-FR","@id":"https:\/\/permakultur-landwirtschaft.org\/fuehrung-und-interview-zum-waldgarten-an-der-hafl-bei-bern-sendungen-vom-12-november-2021\/#primaryimage","url":"https:\/\/permakultur-landwirtschaft.org\/wp-content\/uploads\/2021\/12\/lis02.12.jpg","contentUrl":"https:\/\/permakultur-landwirtschaft.org\/wp-content\/uploads\/2021\/12\/lis02.12.jpg","width":700,"height":389},{"@type":"BreadcrumbList","@id":"https:\/\/permakultur-landwirtschaft.org\/fuehrung-und-interview-zum-waldgarten-an-der-hafl-bei-bern-sendungen-vom-12-november-2021\/#breadcrumb","itemListElement":[{"@type":"ListItem","position":1,"name":"Startseite","item":"https:\/\/permakultur-landwirtschaft.org\/"},{"@type":"ListItem","position":2,"name":"F\u00fchrung und Interview zum Waldgarten an der HAFL bei Bern &#8211; Sendungen vom 12. November 2021"}]},{"@type":"WebSite","@id":"https:\/\/permakultur-landwirtschaft.org\/#website","url":"https:\/\/permakultur-landwirtschaft.org\/","name":"Permakultur-Landwirtschaft","description":"F\u00f6rderung der Permakultur in der Landwirtschaft","publisher":{"@id":"https:\/\/permakultur-landwirtschaft.org\/#organization"},"potentialAction":[{"@type":"SearchAction","target":{"@type":"EntryPoint","urlTemplate":"https:\/\/permakultur-landwirtschaft.org\/?s={search_term_string}"},"query-input":{"@type":"PropertyValueSpecification","valueRequired":true,"valueName":"search_term_string"}}],"inLanguage":"fr-FR"},{"@type":"Organization","@id":"https:\/\/permakultur-landwirtschaft.org\/#organization","name":"Permakultur-Landwirtschaft","alternateName":"Verein Permakultur-Landwirtschaft","url":"https:\/\/permakultur-landwirtschaft.org\/","logo":{"@type":"ImageObject","inLanguage":"fr-FR","@id":"https:\/\/permakultur-landwirtschaft.org\/#\/schema\/logo\/image\/","url":"https:\/\/permakultur-landwirtschaft.org\/wp-content\/uploads\/2021\/11\/pela_1268x1269.png","contentUrl":"https:\/\/permakultur-landwirtschaft.org\/wp-content\/uploads\/2021\/11\/pela_1268x1269.png","width":1298,"height":1269,"caption":"Permakultur-Landwirtschaft"},"image":{"@id":"https:\/\/permakultur-landwirtschaft.org\/#\/schema\/logo\/image\/"},"sameAs":["https:\/\/www.facebook.com\/PermakulturLandwirtschaft","https:\/\/www.instagram.com\/permakultur_landwirtschaft\/","https:\/\/www.flickr.com\/photos\/permakultur-landwirtschaft","https:\/\/www.youtube.com\/@PermakulturLandwirtschaft"]},{"@type":"Person","@id":"https:\/\/permakultur-landwirtschaft.org\/#\/schema\/person\/6b0467872f75aed3e144093f9bf4f0b0","name":"adrian reutimann","url":"https:\/\/permakultur-landwirtschaft.org\/fr\/author\/reutiadr\/"}]}},"_links":{"self":[{"href":"https:\/\/permakultur-landwirtschaft.org\/fr\/wp-json\/wp\/v2\/posts\/16972","targetHints":{"allow":["GET"]}}],"collection":[{"href":"https:\/\/permakultur-landwirtschaft.org\/fr\/wp-json\/wp\/v2\/posts"}],"about":[{"href":"https:\/\/permakultur-landwirtschaft.org\/fr\/wp-json\/wp\/v2\/types\/post"}],"author":[{"embeddable":true,"href":"https:\/\/permakultur-landwirtschaft.org\/fr\/wp-json\/wp\/v2\/users\/2"}],"replies":[{"embeddable":true,"href":"https:\/\/permakultur-landwirtschaft.org\/fr\/wp-json\/wp\/v2\/comments?post=16972"}],"version-history":[{"count":5,"href":"https:\/\/permakultur-landwirtschaft.org\/fr\/wp-json\/wp\/v2\/posts\/16972\/revisions"}],"predecessor-version":[{"id":16990,"href":"https:\/\/permakultur-landwirtschaft.org\/fr\/wp-json\/wp\/v2\/posts\/16972\/revisions\/16990"}],"wp:featuredmedia":[{"embeddable":true,"href":"https:\/\/permakultur-landwirtschaft.org\/fr\/wp-json\/wp\/v2\/media\/16973"}],"wp:attachment":[{"href":"https:\/\/permakultur-landwirtschaft.org\/fr\/wp-json\/wp\/v2\/media?parent=16972"}],"wp:term":[{"taxonomy":"category","embeddable":true,"href":"https:\/\/permakultur-landwirtschaft.org\/fr\/wp-json\/wp\/v2\/categories?post=16972"},{"taxonomy":"post_tag","embeddable":true,"href":"https:\/\/permakultur-landwirtschaft.org\/fr\/wp-json\/wp\/v2\/tags?post=16972"}],"curies":[{"name":"wp","href":"https:\/\/api.w.org\/{rel}","templated":true}]}}