{"id":16968,"date":"2021-11-24T15:59:10","date_gmt":"2021-11-24T14:59:10","guid":{"rendered":"https:\/\/permakultur-landwirtschaft.org\/?p=16968"},"modified":"2021-12-02T16:24:55","modified_gmt":"2021-12-02T15:24:55","slug":"permakultur-vorzeigeprojekt-bei-nano-sendung-vom-24-november-2021","status":"publish","type":"post","link":"https:\/\/permakultur-landwirtschaft.org\/fr\/permakultur-vorzeigeprojekt-bei-nano-sendung-vom-24-november-2021\/","title":{"rendered":"Permakultur Vorzeigeprojekt bei NANO &#8211; Sendung vom 24. November 2021"},"content":{"rendered":"<p>Text von NANO:<br \/>\n<strong>Agrarwende <\/strong>(ab 7:13 Minuten)<\/p>\n<p>\u00dcber die H\u00e4lfte der Landfl\u00e4che in Deutschland wird landwirtschaftlich genutzt &#8211; und das so intensiv, dass es Klimawandel und Artensterben vorantreibt. Unsere Landwirtschaft muss reformiert werden. Die EU hat eine neue Agrar-Reform verabschiedet. Bis zum Jahr 2030 soll der Bio-Anbau in Europa auf 25 Prozent erh\u00f6ht werden. Kommen die neuen \u00d6ko-Regelungen wirklich kleineren Bio-Betrieben zugute?<\/p>\n<p><strong>\u00d6kochancen &#8211; Alternativen f\u00fcr eine nachhaltige Zukunft <\/strong>(ab 14:00 Minuten)<strong><br \/>\n<\/strong><\/p>\n<p>Belastung mit Pestiziden, Verschwendung von Phosphorressourcen, \u00dcberd\u00fcngung der Gew\u00e4sser, Artensterben: Die industrielle Landwirtschaft ist zum gr\u00f6\u00dften Killer f\u00fcr die \u00d6kosysteme geworden. Die Permakultur verfolgt einen radikal anderen Ansatz: Sie setzt auf Vielfalt statt auf Monokultur und verzichtet auf D\u00fcnger, Pestizide und Maschinen. Ist es m\u00f6glich, so die Menschheit zu ern\u00e4hren? Oder ist das doch eher ein Hobbyprojekt f\u00fcr den Schrebergarten? &#171;NANO&#187; besucht ein Vorzeigeprojekt der Permakultur.<\/p>\n<p>In der Sendung wird der Hof von Josef Holzer in Lungau, \u00d6sterreich portraitiert: <a href=\"https:\/\/krameterhof.at\" target=\"_blank\" rel=\"noopener\">krameterhof.at<\/a><\/p>\n<p><a href=\"https:\/\/www.zdf.de\/wissen\/nano\/211124-sendung-nano-104.html\" target=\"_blank\" rel=\"noopener noreferrer\">Link zum Beitrag bei NANO: www.zdf.de\/wissen\/nano\/211124-sendung-nano-104.html<\/a><\/p>\n<p><a href=\"https:\/\/www.zdf.de\/wissen\/nano\/211124-sendung-nano-104.html\" target=\"_blank\" rel=\"noopener\"><img fetchpriority=\"high\" decoding=\"async\" class=\"alignnone wp-image-16969 size-full\" src=\"https:\/\/permakultur-landwirtschaft.org\/wp-content\/uploads\/2021\/12\/nano02.12.png\" alt=\"\" width=\"700\" height=\"390\" srcset=\"https:\/\/permakultur-landwirtschaft.org\/wp-content\/uploads\/2021\/12\/nano02.12.png 700w, https:\/\/permakultur-landwirtschaft.org\/wp-content\/uploads\/2021\/12\/nano02.12-300x167.png 300w\" sizes=\"(max-width: 700px) 100vw, 700px\" \/><\/a><\/p>\n<h6>Bild: zdf.de<span class=\"image-description__author-single\" data-v-38608a3f=\"\" data-nzz-tid=\"image-description-author\"><br \/>\n<\/span><\/h6>\n<hr \/>\n<h3><a href=\"https:\/\/permakultur-landwirtschaft.org\/fr\/medien\/\">Hier geht&#8217;s zur \u00dcbersicht aller Neuigkeiten <\/a><\/h3>\n<h3><a href=\"https:\/\/permakultur-landwirtschaft.org\/fr\/filme\/\">Hier geht&#8217;s zur \u00dcbersicht aller Filme und Audios<\/a><\/h3>","protected":false},"excerpt":{"rendered":"<p>Text von NANO: Agrarwende (ab 7:13 Minuten) \u00dcber die H\u00e4lfte der Landfl\u00e4che in Deutschland wird landwirtschaftlich genutzt &#8211; und das so intensiv, dass es Klimawandel und Artensterben vorantreibt. Unsere Landwirtschaft muss reformiert werden. Die EU hat eine neue Agrar-Reform verabschiedet. Bis zum Jahr 2030 soll der Bio-Anbau in Europa auf 25 Prozent erh\u00f6ht werden. Kommen [&hellip;]<\/p>\n","protected":false},"author":2,"featured_media":16969,"comment_status":"closed","ping_status":"closed","sticky":false,"template":"","format":"standard","meta":{"_acf_changed":false,"site-sidebar-layout":"default","site-content-layout":"","ast-site-content-layout":"default","site-content-style":"default","site-sidebar-style":"default","ast-global-header-display":"","ast-banner-title-visibility":"","ast-main-header-display":"","ast-hfb-above-header-display":"","ast-hfb-below-header-display":"","ast-hfb-mobile-header-display":"","site-post-title":"","ast-breadcrumbs-content":"","ast-featured-img":"","footer-sml-layout":"","ast-disable-related-posts":"","theme-transparent-header-meta":"","adv-header-id-meta":"","stick-header-meta":"","header-above-stick-meta":"","header-main-stick-meta":"","header-below-stick-meta":"","astra-migrate-meta-layouts":"default","ast-page-background-enabled":"default","ast-page-background-meta":{"desktop":{"background-color":"var(--ast-global-color-4)","background-image":"","background-repeat":"repeat","background-position":"center center","background-size":"auto","background-attachment":"scroll","background-type":"","background-media":"","overlay-type":"","overlay-color":"","overlay-opacity":"","overlay-gradient":""},"tablet":{"background-color":"","background-image":"","background-repeat":"repeat","background-position":"center center","background-size":"auto","background-attachment":"scroll","background-type":"","background-media":"","overlay-type":"","overlay-color":"","overlay-opacity":"","overlay-gradient":""},"mobile":{"background-color":"","background-image":"","background-repeat":"repeat","background-position":"center center","background-size":"auto","background-attachment":"scroll","background-type":"","background-media":"","overlay-type":"","overlay-color":"","overlay-opacity":"","overlay-gradient":""}},"ast-content-background-meta":{"desktop":{"background-color":"var(--ast-global-color-5)","background-image":"","background-repeat":"repeat","background-position":"center center","background-size":"auto","background-attachment":"scroll","background-type":"","background-media":"","overlay-type":"","overlay-color":"","overlay-opacity":"","overlay-gradient":""},"tablet":{"background-color":"var(--ast-global-color-5)","background-image":"","background-repeat":"repeat","background-position":"center center","background-size":"auto","background-attachment":"scroll","background-type":"","background-media":"","overlay-type":"","overlay-color":"","overlay-opacity":"","overlay-gradient":""},"mobile":{"background-color":"var(--ast-global-color-5)","background-image":"","background-repeat":"repeat","background-position":"center center","background-size":"auto","background-attachment":"scroll","background-type":"","background-media":"","overlay-type":"","overlay-color":"","overlay-opacity":"","overlay-gradient":""}},"footnotes":""},"categories":[45,22],"tags":[],"class_list":["post-16968","post","type-post","status-publish","format-standard","has-post-thumbnail","hentry","category-filme","category-neuigkeit"],"acf":[],"yoast_head":"<!-- This site is optimized with the Yoast SEO plugin v27.5 - https:\/\/yoast.com\/product\/yoast-seo-wordpress\/ -->\n<title>Permakultur Vorzeigeprojekt bei NANO - Sendung vom 24. November 2021 - Permakultur-Landwirtschaft<\/title>\n<meta name=\"robots\" content=\"index, follow, max-snippet:-1, max-image-preview:large, max-video-preview:-1\" \/>\n<link rel=\"canonical\" href=\"https:\/\/permakultur-landwirtschaft.org\/fr\/permakultur-vorzeigeprojekt-bei-nano-sendung-vom-24-november-2021\/\" \/>\n<meta property=\"og:locale\" content=\"fr_FR\" \/>\n<meta property=\"og:type\" content=\"article\" \/>\n<meta property=\"og:title\" content=\"Permakultur Vorzeigeprojekt bei NANO - Sendung vom 24. November 2021 - Permakultur-Landwirtschaft\" \/>\n<meta property=\"og:description\" content=\"Text von NANO: Agrarwende (ab 7:13 Minuten) \u00dcber die H\u00e4lfte der Landfl\u00e4che in Deutschland wird landwirtschaftlich genutzt &#8211; und das so intensiv, dass es Klimawandel und Artensterben vorantreibt. Unsere Landwirtschaft muss reformiert werden. Die EU hat eine neue Agrar-Reform verabschiedet. Bis zum Jahr 2030 soll der Bio-Anbau in Europa auf 25 Prozent erh\u00f6ht werden. Kommen [&hellip;]\" \/>\n<meta property=\"og:url\" content=\"https:\/\/permakultur-landwirtschaft.org\/fr\/permakultur-vorzeigeprojekt-bei-nano-sendung-vom-24-november-2021\/\" \/>\n<meta property=\"og:site_name\" content=\"Permakultur-Landwirtschaft\" \/>\n<meta property=\"article:publisher\" content=\"https:\/\/www.facebook.com\/PermakulturLandwirtschaft\" \/>\n<meta property=\"article:published_time\" content=\"2021-11-24T14:59:10+00:00\" \/>\n<meta property=\"article:modified_time\" content=\"2021-12-02T15:24:55+00:00\" \/>\n<meta property=\"og:image\" content=\"https:\/\/permakultur-landwirtschaft.org\/wp-content\/uploads\/2021\/12\/nano02.12.png\" \/>\n\t<meta property=\"og:image:width\" content=\"700\" \/>\n\t<meta property=\"og:image:height\" content=\"390\" \/>\n\t<meta property=\"og:image:type\" content=\"image\/png\" \/>\n<meta name=\"author\" content=\"adrian reutimann\" \/>\n<meta name=\"twitter:card\" content=\"summary_large_image\" \/>\n<meta name=\"twitter:label1\" content=\"\u00c9crit par\" \/>\n\t<meta name=\"twitter:data1\" content=\"adrian reutimann\" \/>\n\t<meta name=\"twitter:label2\" content=\"Dur\u00e9e de lecture estim\u00e9e\" \/>\n\t<meta name=\"twitter:data2\" content=\"1 minute\" \/>\n<script type=\"application\/ld+json\" class=\"yoast-schema-graph\">{\"@context\":\"https:\\\/\\\/schema.org\",\"@graph\":[{\"@type\":\"Article\",\"@id\":\"https:\\\/\\\/permakultur-landwirtschaft.org\\\/permakultur-vorzeigeprojekt-bei-nano-sendung-vom-24-november-2021\\\/#article\",\"isPartOf\":{\"@id\":\"https:\\\/\\\/permakultur-landwirtschaft.org\\\/permakultur-vorzeigeprojekt-bei-nano-sendung-vom-24-november-2021\\\/\"},\"author\":{\"name\":\"adrian reutimann\",\"@id\":\"https:\\\/\\\/permakultur-landwirtschaft.org\\\/#\\\/schema\\\/person\\\/6b0467872f75aed3e144093f9bf4f0b0\"},\"headline\":\"Permakultur Vorzeigeprojekt bei NANO &#8211; Sendung vom 24. November 2021\",\"datePublished\":\"2021-11-24T14:59:10+00:00\",\"dateModified\":\"2021-12-02T15:24:55+00:00\",\"mainEntityOfPage\":{\"@id\":\"https:\\\/\\\/permakultur-landwirtschaft.org\\\/permakultur-vorzeigeprojekt-bei-nano-sendung-vom-24-november-2021\\\/\"},\"wordCount\":200,\"publisher\":{\"@id\":\"https:\\\/\\\/permakultur-landwirtschaft.org\\\/#organization\"},\"image\":{\"@id\":\"https:\\\/\\\/permakultur-landwirtschaft.org\\\/permakultur-vorzeigeprojekt-bei-nano-sendung-vom-24-november-2021\\\/#primaryimage\"},\"thumbnailUrl\":\"https:\\\/\\\/permakultur-landwirtschaft.org\\\/wp-content\\\/uploads\\\/2021\\\/12\\\/nano02.12.png\",\"articleSection\":[\"Film\",\"Neuigkeit\"],\"inLanguage\":\"fr-FR\"},{\"@type\":\"WebPage\",\"@id\":\"https:\\\/\\\/permakultur-landwirtschaft.org\\\/permakultur-vorzeigeprojekt-bei-nano-sendung-vom-24-november-2021\\\/\",\"url\":\"https:\\\/\\\/permakultur-landwirtschaft.org\\\/permakultur-vorzeigeprojekt-bei-nano-sendung-vom-24-november-2021\\\/\",\"name\":\"Permakultur Vorzeigeprojekt bei NANO - Sendung vom 24. November 2021 - Permakultur-Landwirtschaft\",\"isPartOf\":{\"@id\":\"https:\\\/\\\/permakultur-landwirtschaft.org\\\/#website\"},\"primaryImageOfPage\":{\"@id\":\"https:\\\/\\\/permakultur-landwirtschaft.org\\\/permakultur-vorzeigeprojekt-bei-nano-sendung-vom-24-november-2021\\\/#primaryimage\"},\"image\":{\"@id\":\"https:\\\/\\\/permakultur-landwirtschaft.org\\\/permakultur-vorzeigeprojekt-bei-nano-sendung-vom-24-november-2021\\\/#primaryimage\"},\"thumbnailUrl\":\"https:\\\/\\\/permakultur-landwirtschaft.org\\\/wp-content\\\/uploads\\\/2021\\\/12\\\/nano02.12.png\",\"datePublished\":\"2021-11-24T14:59:10+00:00\",\"dateModified\":\"2021-12-02T15:24:55+00:00\",\"breadcrumb\":{\"@id\":\"https:\\\/\\\/permakultur-landwirtschaft.org\\\/permakultur-vorzeigeprojekt-bei-nano-sendung-vom-24-november-2021\\\/#breadcrumb\"},\"inLanguage\":\"fr-FR\",\"potentialAction\":[{\"@type\":\"ReadAction\",\"target\":[\"https:\\\/\\\/permakultur-landwirtschaft.org\\\/permakultur-vorzeigeprojekt-bei-nano-sendung-vom-24-november-2021\\\/\"]}]},{\"@type\":\"ImageObject\",\"inLanguage\":\"fr-FR\",\"@id\":\"https:\\\/\\\/permakultur-landwirtschaft.org\\\/permakultur-vorzeigeprojekt-bei-nano-sendung-vom-24-november-2021\\\/#primaryimage\",\"url\":\"https:\\\/\\\/permakultur-landwirtschaft.org\\\/wp-content\\\/uploads\\\/2021\\\/12\\\/nano02.12.png\",\"contentUrl\":\"https:\\\/\\\/permakultur-landwirtschaft.org\\\/wp-content\\\/uploads\\\/2021\\\/12\\\/nano02.12.png\",\"width\":700,\"height\":390},{\"@type\":\"BreadcrumbList\",\"@id\":\"https:\\\/\\\/permakultur-landwirtschaft.org\\\/permakultur-vorzeigeprojekt-bei-nano-sendung-vom-24-november-2021\\\/#breadcrumb\",\"itemListElement\":[{\"@type\":\"ListItem\",\"position\":1,\"name\":\"Startseite\",\"item\":\"https:\\\/\\\/permakultur-landwirtschaft.org\\\/\"},{\"@type\":\"ListItem\",\"position\":2,\"name\":\"Permakultur Vorzeigeprojekt bei NANO &#8211; Sendung vom 24. November 2021\"}]},{\"@type\":\"WebSite\",\"@id\":\"https:\\\/\\\/permakultur-landwirtschaft.org\\\/#website\",\"url\":\"https:\\\/\\\/permakultur-landwirtschaft.org\\\/\",\"name\":\"Permakultur-Landwirtschaft\",\"description\":\"F\u00f6rderung der Permakultur in der Landwirtschaft\",\"publisher\":{\"@id\":\"https:\\\/\\\/permakultur-landwirtschaft.org\\\/#organization\"},\"potentialAction\":[{\"@type\":\"SearchAction\",\"target\":{\"@type\":\"EntryPoint\",\"urlTemplate\":\"https:\\\/\\\/permakultur-landwirtschaft.org\\\/?s={search_term_string}\"},\"query-input\":{\"@type\":\"PropertyValueSpecification\",\"valueRequired\":true,\"valueName\":\"search_term_string\"}}],\"inLanguage\":\"fr-FR\"},{\"@type\":\"Organization\",\"@id\":\"https:\\\/\\\/permakultur-landwirtschaft.org\\\/#organization\",\"name\":\"Permakultur-Landwirtschaft\",\"alternateName\":\"Verein Permakultur-Landwirtschaft\",\"url\":\"https:\\\/\\\/permakultur-landwirtschaft.org\\\/\",\"logo\":{\"@type\":\"ImageObject\",\"inLanguage\":\"fr-FR\",\"@id\":\"https:\\\/\\\/permakultur-landwirtschaft.org\\\/#\\\/schema\\\/logo\\\/image\\\/\",\"url\":\"https:\\\/\\\/permakultur-landwirtschaft.org\\\/wp-content\\\/uploads\\\/2021\\\/11\\\/pela_1268x1269.png\",\"contentUrl\":\"https:\\\/\\\/permakultur-landwirtschaft.org\\\/wp-content\\\/uploads\\\/2021\\\/11\\\/pela_1268x1269.png\",\"width\":1298,\"height\":1269,\"caption\":\"Permakultur-Landwirtschaft\"},\"image\":{\"@id\":\"https:\\\/\\\/permakultur-landwirtschaft.org\\\/#\\\/schema\\\/logo\\\/image\\\/\"},\"sameAs\":[\"https:\\\/\\\/www.facebook.com\\\/PermakulturLandwirtschaft\",\"https:\\\/\\\/www.instagram.com\\\/permakultur_landwirtschaft\\\/\",\"https:\\\/\\\/www.flickr.com\\\/photos\\\/permakultur-landwirtschaft\",\"https:\\\/\\\/www.youtube.com\\\/@PermakulturLandwirtschaft\"]},{\"@type\":\"Person\",\"@id\":\"https:\\\/\\\/permakultur-landwirtschaft.org\\\/#\\\/schema\\\/person\\\/6b0467872f75aed3e144093f9bf4f0b0\",\"name\":\"adrian reutimann\",\"url\":\"https:\\\/\\\/permakultur-landwirtschaft.org\\\/fr\\\/author\\\/reutiadr\\\/\"}]}<\/script>\n<!-- \/ Yoast SEO plugin. -->","yoast_head_json":{"title":"Permakultur Vorzeigeprojekt bei NANO - Sendung vom 24. November 2021 - Permakultur-Landwirtschaft","robots":{"index":"index","follow":"follow","max-snippet":"max-snippet:-1","max-image-preview":"max-image-preview:large","max-video-preview":"max-video-preview:-1"},"canonical":"https:\/\/permakultur-landwirtschaft.org\/fr\/permakultur-vorzeigeprojekt-bei-nano-sendung-vom-24-november-2021\/","og_locale":"fr_FR","og_type":"article","og_title":"Permakultur Vorzeigeprojekt bei NANO - Sendung vom 24. November 2021 - Permakultur-Landwirtschaft","og_description":"Text von NANO: Agrarwende (ab 7:13 Minuten) \u00dcber die H\u00e4lfte der Landfl\u00e4che in Deutschland wird landwirtschaftlich genutzt &#8211; und das so intensiv, dass es Klimawandel und Artensterben vorantreibt. Unsere Landwirtschaft muss reformiert werden. Die EU hat eine neue Agrar-Reform verabschiedet. Bis zum Jahr 2030 soll der Bio-Anbau in Europa auf 25 Prozent erh\u00f6ht werden. Kommen [&hellip;]","og_url":"https:\/\/permakultur-landwirtschaft.org\/fr\/permakultur-vorzeigeprojekt-bei-nano-sendung-vom-24-november-2021\/","og_site_name":"Permakultur-Landwirtschaft","article_publisher":"https:\/\/www.facebook.com\/PermakulturLandwirtschaft","article_published_time":"2021-11-24T14:59:10+00:00","article_modified_time":"2021-12-02T15:24:55+00:00","og_image":[{"width":700,"height":390,"url":"https:\/\/permakultur-landwirtschaft.org\/wp-content\/uploads\/2021\/12\/nano02.12.png","type":"image\/png"}],"author":"adrian reutimann","twitter_card":"summary_large_image","twitter_misc":{"\u00c9crit par":"adrian reutimann","Dur\u00e9e de lecture estim\u00e9e":"1 minute"},"schema":{"@context":"https:\/\/schema.org","@graph":[{"@type":"Article","@id":"https:\/\/permakultur-landwirtschaft.org\/permakultur-vorzeigeprojekt-bei-nano-sendung-vom-24-november-2021\/#article","isPartOf":{"@id":"https:\/\/permakultur-landwirtschaft.org\/permakultur-vorzeigeprojekt-bei-nano-sendung-vom-24-november-2021\/"},"author":{"name":"adrian reutimann","@id":"https:\/\/permakultur-landwirtschaft.org\/#\/schema\/person\/6b0467872f75aed3e144093f9bf4f0b0"},"headline":"Permakultur Vorzeigeprojekt bei NANO &#8211; Sendung vom 24. November 2021","datePublished":"2021-11-24T14:59:10+00:00","dateModified":"2021-12-02T15:24:55+00:00","mainEntityOfPage":{"@id":"https:\/\/permakultur-landwirtschaft.org\/permakultur-vorzeigeprojekt-bei-nano-sendung-vom-24-november-2021\/"},"wordCount":200,"publisher":{"@id":"https:\/\/permakultur-landwirtschaft.org\/#organization"},"image":{"@id":"https:\/\/permakultur-landwirtschaft.org\/permakultur-vorzeigeprojekt-bei-nano-sendung-vom-24-november-2021\/#primaryimage"},"thumbnailUrl":"https:\/\/permakultur-landwirtschaft.org\/wp-content\/uploads\/2021\/12\/nano02.12.png","articleSection":["Film","Neuigkeit"],"inLanguage":"fr-FR"},{"@type":"WebPage","@id":"https:\/\/permakultur-landwirtschaft.org\/permakultur-vorzeigeprojekt-bei-nano-sendung-vom-24-november-2021\/","url":"https:\/\/permakultur-landwirtschaft.org\/permakultur-vorzeigeprojekt-bei-nano-sendung-vom-24-november-2021\/","name":"Permakultur Vorzeigeprojekt bei NANO - Sendung vom 24. November 2021 - Permakultur-Landwirtschaft","isPartOf":{"@id":"https:\/\/permakultur-landwirtschaft.org\/#website"},"primaryImageOfPage":{"@id":"https:\/\/permakultur-landwirtschaft.org\/permakultur-vorzeigeprojekt-bei-nano-sendung-vom-24-november-2021\/#primaryimage"},"image":{"@id":"https:\/\/permakultur-landwirtschaft.org\/permakultur-vorzeigeprojekt-bei-nano-sendung-vom-24-november-2021\/#primaryimage"},"thumbnailUrl":"https:\/\/permakultur-landwirtschaft.org\/wp-content\/uploads\/2021\/12\/nano02.12.png","datePublished":"2021-11-24T14:59:10+00:00","dateModified":"2021-12-02T15:24:55+00:00","breadcrumb":{"@id":"https:\/\/permakultur-landwirtschaft.org\/permakultur-vorzeigeprojekt-bei-nano-sendung-vom-24-november-2021\/#breadcrumb"},"inLanguage":"fr-FR","potentialAction":[{"@type":"ReadAction","target":["https:\/\/permakultur-landwirtschaft.org\/permakultur-vorzeigeprojekt-bei-nano-sendung-vom-24-november-2021\/"]}]},{"@type":"ImageObject","inLanguage":"fr-FR","@id":"https:\/\/permakultur-landwirtschaft.org\/permakultur-vorzeigeprojekt-bei-nano-sendung-vom-24-november-2021\/#primaryimage","url":"https:\/\/permakultur-landwirtschaft.org\/wp-content\/uploads\/2021\/12\/nano02.12.png","contentUrl":"https:\/\/permakultur-landwirtschaft.org\/wp-content\/uploads\/2021\/12\/nano02.12.png","width":700,"height":390},{"@type":"BreadcrumbList","@id":"https:\/\/permakultur-landwirtschaft.org\/permakultur-vorzeigeprojekt-bei-nano-sendung-vom-24-november-2021\/#breadcrumb","itemListElement":[{"@type":"ListItem","position":1,"name":"Startseite","item":"https:\/\/permakultur-landwirtschaft.org\/"},{"@type":"ListItem","position":2,"name":"Permakultur Vorzeigeprojekt bei NANO &#8211; Sendung vom 24. November 2021"}]},{"@type":"WebSite","@id":"https:\/\/permakultur-landwirtschaft.org\/#website","url":"https:\/\/permakultur-landwirtschaft.org\/","name":"Permakultur-Landwirtschaft","description":"F\u00f6rderung der Permakultur in der Landwirtschaft","publisher":{"@id":"https:\/\/permakultur-landwirtschaft.org\/#organization"},"potentialAction":[{"@type":"SearchAction","target":{"@type":"EntryPoint","urlTemplate":"https:\/\/permakultur-landwirtschaft.org\/?s={search_term_string}"},"query-input":{"@type":"PropertyValueSpecification","valueRequired":true,"valueName":"search_term_string"}}],"inLanguage":"fr-FR"},{"@type":"Organization","@id":"https:\/\/permakultur-landwirtschaft.org\/#organization","name":"Permakultur-Landwirtschaft","alternateName":"Verein Permakultur-Landwirtschaft","url":"https:\/\/permakultur-landwirtschaft.org\/","logo":{"@type":"ImageObject","inLanguage":"fr-FR","@id":"https:\/\/permakultur-landwirtschaft.org\/#\/schema\/logo\/image\/","url":"https:\/\/permakultur-landwirtschaft.org\/wp-content\/uploads\/2021\/11\/pela_1268x1269.png","contentUrl":"https:\/\/permakultur-landwirtschaft.org\/wp-content\/uploads\/2021\/11\/pela_1268x1269.png","width":1298,"height":1269,"caption":"Permakultur-Landwirtschaft"},"image":{"@id":"https:\/\/permakultur-landwirtschaft.org\/#\/schema\/logo\/image\/"},"sameAs":["https:\/\/www.facebook.com\/PermakulturLandwirtschaft","https:\/\/www.instagram.com\/permakultur_landwirtschaft\/","https:\/\/www.flickr.com\/photos\/permakultur-landwirtschaft","https:\/\/www.youtube.com\/@PermakulturLandwirtschaft"]},{"@type":"Person","@id":"https:\/\/permakultur-landwirtschaft.org\/#\/schema\/person\/6b0467872f75aed3e144093f9bf4f0b0","name":"adrian reutimann","url":"https:\/\/permakultur-landwirtschaft.org\/fr\/author\/reutiadr\/"}]}},"_links":{"self":[{"href":"https:\/\/permakultur-landwirtschaft.org\/fr\/wp-json\/wp\/v2\/posts\/16968","targetHints":{"allow":["GET"]}}],"collection":[{"href":"https:\/\/permakultur-landwirtschaft.org\/fr\/wp-json\/wp\/v2\/posts"}],"about":[{"href":"https:\/\/permakultur-landwirtschaft.org\/fr\/wp-json\/wp\/v2\/types\/post"}],"author":[{"embeddable":true,"href":"https:\/\/permakultur-landwirtschaft.org\/fr\/wp-json\/wp\/v2\/users\/2"}],"replies":[{"embeddable":true,"href":"https:\/\/permakultur-landwirtschaft.org\/fr\/wp-json\/wp\/v2\/comments?post=16968"}],"version-history":[{"count":2,"href":"https:\/\/permakultur-landwirtschaft.org\/fr\/wp-json\/wp\/v2\/posts\/16968\/revisions"}],"predecessor-version":[{"id":16979,"href":"https:\/\/permakultur-landwirtschaft.org\/fr\/wp-json\/wp\/v2\/posts\/16968\/revisions\/16979"}],"wp:featuredmedia":[{"embeddable":true,"href":"https:\/\/permakultur-landwirtschaft.org\/fr\/wp-json\/wp\/v2\/media\/16969"}],"wp:attachment":[{"href":"https:\/\/permakultur-landwirtschaft.org\/fr\/wp-json\/wp\/v2\/media?parent=16968"}],"wp:term":[{"taxonomy":"category","embeddable":true,"href":"https:\/\/permakultur-landwirtschaft.org\/fr\/wp-json\/wp\/v2\/categories?post=16968"},{"taxonomy":"post_tag","embeddable":true,"href":"https:\/\/permakultur-landwirtschaft.org\/fr\/wp-json\/wp\/v2\/tags?post=16968"}],"curies":[{"name":"wp","href":"https:\/\/api.w.org\/{rel}","templated":true}]}}