{"id":16948,"date":"2021-12-01T22:54:00","date_gmt":"2021-12-01T21:54:00","guid":{"rendered":"https:\/\/permakultur-landwirtschaft.org\/?p=16948"},"modified":"2022-04-25T10:28:11","modified_gmt":"2022-04-25T08:28:11","slug":"nachhaltige-landwirtschaft-erfahren-mit-stadtlandvelo-von-dezember-2021-bis-februar-2022","status":"publish","type":"post","link":"https:\/\/permakultur-landwirtschaft.org\/fr\/nachhaltige-landwirtschaft-erfahren-mit-stadtlandvelo-von-dezember-2021-bis-februar-2022\/","title":{"rendered":"Nachhaltige Landwirtschaft erfahren mit StadtLandVelo ab Dezember 2021"},"content":{"rendered":"<p>Mit dem Velo zu Betrieben wie SlowGrow, Birchhof und Nusseria.<\/p>\n<p>Text vom StadtLandVelo:<br \/>\nWeisst du, was Permakultur oder regenerative Landwirtschaft genau bedeuten? Oder wie sich die Fruchtbarkeit der B\u00f6den in der Schweiz verbessern l\u00e4sst?<\/p>\n<p>Mit solch spannenden Fragen setzen wir uns bei StadtLandVelo auseinander und schlagen dabei eine Br\u00fccke zwischen Landwirtschaftsbetrieben und der urbanen Bev\u00f6lkerung. Gemeinsam fahren wir mit dem Velo zu Betrieben in der Region, helfen den Produzent*innen bei der t\u00e4glichen Arbeit und erfahren mehr \u00fcber Wege hin zu einer vielf\u00e4ltigen, klimapositiven Landwirtschaft.<\/p>\n<p><strong>Date<br \/>\n<\/strong>Laufend neue Daten ab 03. Dezember 2021<strong><br \/>\n<\/strong><a href=\"https:\/\/velorution.ch\/projekt\/stadt-land-velo\" target=\"_blank\" rel=\"noopener\">Alle Daten siehe hier: https:\/\/velorution.ch\/projekt\/stadt-land-velo<\/a><\/p>\n<p><strong>Lieu<\/strong><br \/>\nTreffpunkt ist meist beim POT in Z\u00fcrich<br \/>\nBirmensdorferstrasse 431<br \/>\nCH-8055 Z\u00fcrich<br \/>\n<a href=\"https:\/\/www.pot.ch\" target=\"_blank\" rel=\"noopener\">https:\/\/www.pot.ch<\/a><\/p>\n<p><strong>Infos und Anmeldung siehe Flyer<br \/>\n<\/strong><a href=\"https:\/\/velorution.ch\/projekt\/stadt-land-velo\" target=\"_blank\" rel=\"noopener\">Mehr Infos und Anmeldung zu den Ausfl\u00fcgen gibt es hier: velorution.ch\/projekt\/stadt-land-velo<\/a><\/p>\n<p><a href=\"https:\/\/velorution.ch\/projekt\/stadt-land-velo\" target=\"_blank\" rel=\"noopener\"><img fetchpriority=\"high\" decoding=\"async\" class=\"alignnone wp-image-16949 size-full\" src=\"https:\/\/permakultur-landwirtschaft.org\/wp-content\/uploads\/2021\/11\/slv-slowgrow-zwiebeln.jpeg\" alt=\"\" width=\"700\" height=\"525\" srcset=\"https:\/\/permakultur-landwirtschaft.org\/wp-content\/uploads\/2021\/11\/slv-slowgrow-zwiebeln.jpeg 700w, https:\/\/permakultur-landwirtschaft.org\/wp-content\/uploads\/2021\/11\/slv-slowgrow-zwiebeln-300x225.jpeg 300w\" sizes=\"(max-width: 700px) 100vw, 700px\" \/><\/a><\/p>\n<p>Bild: velorution.ch<\/p>\n<hr>\n<h3><a href=\"https:\/\/permakultur-landwirtschaft.org\/fr\/veranstaltungen\/\">Hier geht&#8217;s zur \u00dcbersicht aktuelle Veranstaltungen<\/a><\/h3>","protected":false},"excerpt":{"rendered":"<p>Mit dem Velo zu Betrieben wie SlowGrow, Birchhof und Nusseria. Text vom StadtLandVelo: Weisst du, was Permakultur oder regenerative Landwirtschaft genau bedeuten? Oder wie sich die Fruchtbarkeit der B\u00f6den in der Schweiz verbessern l\u00e4sst? Mit solch spannenden Fragen setzen wir uns bei StadtLandVelo auseinander und schlagen dabei eine Br\u00fccke zwischen Landwirtschaftsbetrieben und der urbanen Bev\u00f6lkerung. [&hellip;]<\/p>\n","protected":false},"author":2,"featured_media":16949,"comment_status":"closed","ping_status":"closed","sticky":false,"template":"","format":"standard","meta":{"_acf_changed":false,"site-sidebar-layout":"default","site-content-layout":"","ast-site-content-layout":"default","site-content-style":"default","site-sidebar-style":"default","ast-global-header-display":"","ast-banner-title-visibility":"","ast-main-header-display":"","ast-hfb-above-header-display":"","ast-hfb-below-header-display":"","ast-hfb-mobile-header-display":"","site-post-title":"","ast-breadcrumbs-content":"","ast-featured-img":"","footer-sml-layout":"","ast-disable-related-posts":"","theme-transparent-header-meta":"","adv-header-id-meta":"","stick-header-meta":"","header-above-stick-meta":"","header-main-stick-meta":"","header-below-stick-meta":"","astra-migrate-meta-layouts":"default","ast-page-background-enabled":"default","ast-page-background-meta":{"desktop":{"background-color":"var(--ast-global-color-4)","background-image":"","background-repeat":"repeat","background-position":"center center","background-size":"auto","background-attachment":"scroll","background-type":"","background-media":"","overlay-type":"","overlay-color":"","overlay-opacity":"","overlay-gradient":""},"tablet":{"background-color":"","background-image":"","background-repeat":"repeat","background-position":"center center","background-size":"auto","background-attachment":"scroll","background-type":"","background-media":"","overlay-type":"","overlay-color":"","overlay-opacity":"","overlay-gradient":""},"mobile":{"background-color":"","background-image":"","background-repeat":"repeat","background-position":"center center","background-size":"auto","background-attachment":"scroll","background-type":"","background-media":"","overlay-type":"","overlay-color":"","overlay-opacity":"","overlay-gradient":""}},"ast-content-background-meta":{"desktop":{"background-color":"var(--ast-global-color-5)","background-image":"","background-repeat":"repeat","background-position":"center center","background-size":"auto","background-attachment":"scroll","background-type":"","background-media":"","overlay-type":"","overlay-color":"","overlay-opacity":"","overlay-gradient":""},"tablet":{"background-color":"var(--ast-global-color-5)","background-image":"","background-repeat":"repeat","background-position":"center center","background-size":"auto","background-attachment":"scroll","background-type":"","background-media":"","overlay-type":"","overlay-color":"","overlay-opacity":"","overlay-gradient":""},"mobile":{"background-color":"var(--ast-global-color-5)","background-image":"","background-repeat":"repeat","background-position":"center center","background-size":"auto","background-attachment":"scroll","background-type":"","background-media":"","overlay-type":"","overlay-color":"","overlay-opacity":"","overlay-gradient":""}},"footnotes":""},"categories":[21],"tags":[],"class_list":["post-16948","post","type-post","status-publish","format-standard","has-post-thumbnail","hentry","category-veranstaltungen_archiv"],"acf":[],"yoast_head":"<!-- This site is optimized with the Yoast SEO plugin v27.5 - https:\/\/yoast.com\/product\/yoast-seo-wordpress\/ -->\n<title>Nachhaltige Landwirtschaft erfahren mit StadtLandVelo ab Dezember 2021 - Permakultur-Landwirtschaft<\/title>\n<meta name=\"robots\" content=\"index, follow, max-snippet:-1, max-image-preview:large, max-video-preview:-1\" \/>\n<link rel=\"canonical\" href=\"https:\/\/permakultur-landwirtschaft.org\/fr\/nachhaltige-landwirtschaft-erfahren-mit-stadtlandvelo-von-dezember-2021-bis-februar-2022\/\" \/>\n<meta property=\"og:locale\" content=\"fr_FR\" \/>\n<meta property=\"og:type\" content=\"article\" \/>\n<meta property=\"og:title\" content=\"Nachhaltige Landwirtschaft erfahren mit StadtLandVelo ab Dezember 2021 - Permakultur-Landwirtschaft\" \/>\n<meta property=\"og:description\" content=\"Mit dem Velo zu Betrieben wie SlowGrow, Birchhof und Nusseria. Text vom StadtLandVelo: Weisst du, was Permakultur oder regenerative Landwirtschaft genau bedeuten? Oder wie sich die Fruchtbarkeit der B\u00f6den in der Schweiz verbessern l\u00e4sst? Mit solch spannenden Fragen setzen wir uns bei StadtLandVelo auseinander und schlagen dabei eine Br\u00fccke zwischen Landwirtschaftsbetrieben und der urbanen Bev\u00f6lkerung. [&hellip;]\" \/>\n<meta property=\"og:url\" content=\"https:\/\/permakultur-landwirtschaft.org\/fr\/nachhaltige-landwirtschaft-erfahren-mit-stadtlandvelo-von-dezember-2021-bis-februar-2022\/\" \/>\n<meta property=\"og:site_name\" content=\"Permakultur-Landwirtschaft\" \/>\n<meta property=\"article:publisher\" content=\"https:\/\/www.facebook.com\/PermakulturLandwirtschaft\" \/>\n<meta property=\"article:published_time\" content=\"2021-12-01T21:54:00+00:00\" \/>\n<meta property=\"article:modified_time\" content=\"2022-04-25T08:28:11+00:00\" \/>\n<meta property=\"og:image\" content=\"https:\/\/permakultur-landwirtschaft.org\/wp-content\/uploads\/2021\/11\/slv-slowgrow-zwiebeln.jpeg\" \/>\n\t<meta property=\"og:image:width\" content=\"700\" \/>\n\t<meta property=\"og:image:height\" content=\"525\" \/>\n\t<meta property=\"og:image:type\" content=\"image\/jpeg\" \/>\n<meta name=\"author\" content=\"adrian reutimann\" \/>\n<meta name=\"twitter:card\" content=\"summary_large_image\" \/>\n<meta name=\"twitter:label1\" content=\"\u00c9crit par\" \/>\n\t<meta name=\"twitter:data1\" content=\"adrian reutimann\" \/>\n\t<meta name=\"twitter:label2\" content=\"Dur\u00e9e de lecture estim\u00e9e\" \/>\n\t<meta name=\"twitter:data2\" content=\"1 minute\" \/>\n<script type=\"application\/ld+json\" class=\"yoast-schema-graph\">{\"@context\":\"https:\\\/\\\/schema.org\",\"@graph\":[{\"@type\":\"Article\",\"@id\":\"https:\\\/\\\/permakultur-landwirtschaft.org\\\/nachhaltige-landwirtschaft-erfahren-mit-stadtlandvelo-von-dezember-2021-bis-februar-2022\\\/#article\",\"isPartOf\":{\"@id\":\"https:\\\/\\\/permakultur-landwirtschaft.org\\\/nachhaltige-landwirtschaft-erfahren-mit-stadtlandvelo-von-dezember-2021-bis-februar-2022\\\/\"},\"author\":{\"name\":\"adrian reutimann\",\"@id\":\"https:\\\/\\\/permakultur-landwirtschaft.org\\\/#\\\/schema\\\/person\\\/6b0467872f75aed3e144093f9bf4f0b0\"},\"headline\":\"Nachhaltige Landwirtschaft erfahren mit StadtLandVelo ab Dezember 2021\",\"datePublished\":\"2021-12-01T21:54:00+00:00\",\"dateModified\":\"2022-04-25T08:28:11+00:00\",\"mainEntityOfPage\":{\"@id\":\"https:\\\/\\\/permakultur-landwirtschaft.org\\\/nachhaltige-landwirtschaft-erfahren-mit-stadtlandvelo-von-dezember-2021-bis-februar-2022\\\/\"},\"wordCount\":160,\"publisher\":{\"@id\":\"https:\\\/\\\/permakultur-landwirtschaft.org\\\/#organization\"},\"image\":{\"@id\":\"https:\\\/\\\/permakultur-landwirtschaft.org\\\/nachhaltige-landwirtschaft-erfahren-mit-stadtlandvelo-von-dezember-2021-bis-februar-2022\\\/#primaryimage\"},\"thumbnailUrl\":\"https:\\\/\\\/permakultur-landwirtschaft.org\\\/wp-content\\\/uploads\\\/2021\\\/11\\\/slv-slowgrow-zwiebeln.jpeg\",\"articleSection\":[\"Veranstaltungen_Archiv\"],\"inLanguage\":\"fr-FR\"},{\"@type\":\"WebPage\",\"@id\":\"https:\\\/\\\/permakultur-landwirtschaft.org\\\/nachhaltige-landwirtschaft-erfahren-mit-stadtlandvelo-von-dezember-2021-bis-februar-2022\\\/\",\"url\":\"https:\\\/\\\/permakultur-landwirtschaft.org\\\/nachhaltige-landwirtschaft-erfahren-mit-stadtlandvelo-von-dezember-2021-bis-februar-2022\\\/\",\"name\":\"Nachhaltige Landwirtschaft erfahren mit StadtLandVelo ab Dezember 2021 - Permakultur-Landwirtschaft\",\"isPartOf\":{\"@id\":\"https:\\\/\\\/permakultur-landwirtschaft.org\\\/#website\"},\"primaryImageOfPage\":{\"@id\":\"https:\\\/\\\/permakultur-landwirtschaft.org\\\/nachhaltige-landwirtschaft-erfahren-mit-stadtlandvelo-von-dezember-2021-bis-februar-2022\\\/#primaryimage\"},\"image\":{\"@id\":\"https:\\\/\\\/permakultur-landwirtschaft.org\\\/nachhaltige-landwirtschaft-erfahren-mit-stadtlandvelo-von-dezember-2021-bis-februar-2022\\\/#primaryimage\"},\"thumbnailUrl\":\"https:\\\/\\\/permakultur-landwirtschaft.org\\\/wp-content\\\/uploads\\\/2021\\\/11\\\/slv-slowgrow-zwiebeln.jpeg\",\"datePublished\":\"2021-12-01T21:54:00+00:00\",\"dateModified\":\"2022-04-25T08:28:11+00:00\",\"breadcrumb\":{\"@id\":\"https:\\\/\\\/permakultur-landwirtschaft.org\\\/nachhaltige-landwirtschaft-erfahren-mit-stadtlandvelo-von-dezember-2021-bis-februar-2022\\\/#breadcrumb\"},\"inLanguage\":\"fr-FR\",\"potentialAction\":[{\"@type\":\"ReadAction\",\"target\":[\"https:\\\/\\\/permakultur-landwirtschaft.org\\\/nachhaltige-landwirtschaft-erfahren-mit-stadtlandvelo-von-dezember-2021-bis-februar-2022\\\/\"]}]},{\"@type\":\"ImageObject\",\"inLanguage\":\"fr-FR\",\"@id\":\"https:\\\/\\\/permakultur-landwirtschaft.org\\\/nachhaltige-landwirtschaft-erfahren-mit-stadtlandvelo-von-dezember-2021-bis-februar-2022\\\/#primaryimage\",\"url\":\"https:\\\/\\\/permakultur-landwirtschaft.org\\\/wp-content\\\/uploads\\\/2021\\\/11\\\/slv-slowgrow-zwiebeln.jpeg\",\"contentUrl\":\"https:\\\/\\\/permakultur-landwirtschaft.org\\\/wp-content\\\/uploads\\\/2021\\\/11\\\/slv-slowgrow-zwiebeln.jpeg\",\"width\":700,\"height\":525},{\"@type\":\"BreadcrumbList\",\"@id\":\"https:\\\/\\\/permakultur-landwirtschaft.org\\\/nachhaltige-landwirtschaft-erfahren-mit-stadtlandvelo-von-dezember-2021-bis-februar-2022\\\/#breadcrumb\",\"itemListElement\":[{\"@type\":\"ListItem\",\"position\":1,\"name\":\"Startseite\",\"item\":\"https:\\\/\\\/permakultur-landwirtschaft.org\\\/\"},{\"@type\":\"ListItem\",\"position\":2,\"name\":\"Nachhaltige Landwirtschaft erfahren mit StadtLandVelo ab Dezember 2021\"}]},{\"@type\":\"WebSite\",\"@id\":\"https:\\\/\\\/permakultur-landwirtschaft.org\\\/#website\",\"url\":\"https:\\\/\\\/permakultur-landwirtschaft.org\\\/\",\"name\":\"Permakultur-Landwirtschaft\",\"description\":\"F\u00f6rderung der Permakultur in der Landwirtschaft\",\"publisher\":{\"@id\":\"https:\\\/\\\/permakultur-landwirtschaft.org\\\/#organization\"},\"potentialAction\":[{\"@type\":\"SearchAction\",\"target\":{\"@type\":\"EntryPoint\",\"urlTemplate\":\"https:\\\/\\\/permakultur-landwirtschaft.org\\\/?s={search_term_string}\"},\"query-input\":{\"@type\":\"PropertyValueSpecification\",\"valueRequired\":true,\"valueName\":\"search_term_string\"}}],\"inLanguage\":\"fr-FR\"},{\"@type\":\"Organization\",\"@id\":\"https:\\\/\\\/permakultur-landwirtschaft.org\\\/#organization\",\"name\":\"Permakultur-Landwirtschaft\",\"alternateName\":\"Verein Permakultur-Landwirtschaft\",\"url\":\"https:\\\/\\\/permakultur-landwirtschaft.org\\\/\",\"logo\":{\"@type\":\"ImageObject\",\"inLanguage\":\"fr-FR\",\"@id\":\"https:\\\/\\\/permakultur-landwirtschaft.org\\\/#\\\/schema\\\/logo\\\/image\\\/\",\"url\":\"https:\\\/\\\/permakultur-landwirtschaft.org\\\/wp-content\\\/uploads\\\/2021\\\/11\\\/pela_1268x1269.png\",\"contentUrl\":\"https:\\\/\\\/permakultur-landwirtschaft.org\\\/wp-content\\\/uploads\\\/2021\\\/11\\\/pela_1268x1269.png\",\"width\":1298,\"height\":1269,\"caption\":\"Permakultur-Landwirtschaft\"},\"image\":{\"@id\":\"https:\\\/\\\/permakultur-landwirtschaft.org\\\/#\\\/schema\\\/logo\\\/image\\\/\"},\"sameAs\":[\"https:\\\/\\\/www.facebook.com\\\/PermakulturLandwirtschaft\",\"https:\\\/\\\/www.instagram.com\\\/permakultur_landwirtschaft\\\/\",\"https:\\\/\\\/www.flickr.com\\\/photos\\\/permakultur-landwirtschaft\",\"https:\\\/\\\/www.youtube.com\\\/@PermakulturLandwirtschaft\"]},{\"@type\":\"Person\",\"@id\":\"https:\\\/\\\/permakultur-landwirtschaft.org\\\/#\\\/schema\\\/person\\\/6b0467872f75aed3e144093f9bf4f0b0\",\"name\":\"adrian reutimann\",\"url\":\"https:\\\/\\\/permakultur-landwirtschaft.org\\\/fr\\\/author\\\/reutiadr\\\/\"}]}<\/script>\n<!-- \/ Yoast SEO plugin. -->","yoast_head_json":{"title":"Nachhaltige Landwirtschaft erfahren mit StadtLandVelo ab Dezember 2021 - Permakultur-Landwirtschaft","robots":{"index":"index","follow":"follow","max-snippet":"max-snippet:-1","max-image-preview":"max-image-preview:large","max-video-preview":"max-video-preview:-1"},"canonical":"https:\/\/permakultur-landwirtschaft.org\/fr\/nachhaltige-landwirtschaft-erfahren-mit-stadtlandvelo-von-dezember-2021-bis-februar-2022\/","og_locale":"fr_FR","og_type":"article","og_title":"Nachhaltige Landwirtschaft erfahren mit StadtLandVelo ab Dezember 2021 - Permakultur-Landwirtschaft","og_description":"Mit dem Velo zu Betrieben wie SlowGrow, Birchhof und Nusseria. Text vom StadtLandVelo: Weisst du, was Permakultur oder regenerative Landwirtschaft genau bedeuten? Oder wie sich die Fruchtbarkeit der B\u00f6den in der Schweiz verbessern l\u00e4sst? Mit solch spannenden Fragen setzen wir uns bei StadtLandVelo auseinander und schlagen dabei eine Br\u00fccke zwischen Landwirtschaftsbetrieben und der urbanen Bev\u00f6lkerung. [&hellip;]","og_url":"https:\/\/permakultur-landwirtschaft.org\/fr\/nachhaltige-landwirtschaft-erfahren-mit-stadtlandvelo-von-dezember-2021-bis-februar-2022\/","og_site_name":"Permakultur-Landwirtschaft","article_publisher":"https:\/\/www.facebook.com\/PermakulturLandwirtschaft","article_published_time":"2021-12-01T21:54:00+00:00","article_modified_time":"2022-04-25T08:28:11+00:00","og_image":[{"width":700,"height":525,"url":"https:\/\/permakultur-landwirtschaft.org\/wp-content\/uploads\/2021\/11\/slv-slowgrow-zwiebeln.jpeg","type":"image\/jpeg"}],"author":"adrian reutimann","twitter_card":"summary_large_image","twitter_misc":{"\u00c9crit par":"adrian reutimann","Dur\u00e9e de lecture estim\u00e9e":"1 minute"},"schema":{"@context":"https:\/\/schema.org","@graph":[{"@type":"Article","@id":"https:\/\/permakultur-landwirtschaft.org\/nachhaltige-landwirtschaft-erfahren-mit-stadtlandvelo-von-dezember-2021-bis-februar-2022\/#article","isPartOf":{"@id":"https:\/\/permakultur-landwirtschaft.org\/nachhaltige-landwirtschaft-erfahren-mit-stadtlandvelo-von-dezember-2021-bis-februar-2022\/"},"author":{"name":"adrian reutimann","@id":"https:\/\/permakultur-landwirtschaft.org\/#\/schema\/person\/6b0467872f75aed3e144093f9bf4f0b0"},"headline":"Nachhaltige Landwirtschaft erfahren mit StadtLandVelo ab Dezember 2021","datePublished":"2021-12-01T21:54:00+00:00","dateModified":"2022-04-25T08:28:11+00:00","mainEntityOfPage":{"@id":"https:\/\/permakultur-landwirtschaft.org\/nachhaltige-landwirtschaft-erfahren-mit-stadtlandvelo-von-dezember-2021-bis-februar-2022\/"},"wordCount":160,"publisher":{"@id":"https:\/\/permakultur-landwirtschaft.org\/#organization"},"image":{"@id":"https:\/\/permakultur-landwirtschaft.org\/nachhaltige-landwirtschaft-erfahren-mit-stadtlandvelo-von-dezember-2021-bis-februar-2022\/#primaryimage"},"thumbnailUrl":"https:\/\/permakultur-landwirtschaft.org\/wp-content\/uploads\/2021\/11\/slv-slowgrow-zwiebeln.jpeg","articleSection":["Veranstaltungen_Archiv"],"inLanguage":"fr-FR"},{"@type":"WebPage","@id":"https:\/\/permakultur-landwirtschaft.org\/nachhaltige-landwirtschaft-erfahren-mit-stadtlandvelo-von-dezember-2021-bis-februar-2022\/","url":"https:\/\/permakultur-landwirtschaft.org\/nachhaltige-landwirtschaft-erfahren-mit-stadtlandvelo-von-dezember-2021-bis-februar-2022\/","name":"Nachhaltige Landwirtschaft erfahren mit StadtLandVelo ab Dezember 2021 - Permakultur-Landwirtschaft","isPartOf":{"@id":"https:\/\/permakultur-landwirtschaft.org\/#website"},"primaryImageOfPage":{"@id":"https:\/\/permakultur-landwirtschaft.org\/nachhaltige-landwirtschaft-erfahren-mit-stadtlandvelo-von-dezember-2021-bis-februar-2022\/#primaryimage"},"image":{"@id":"https:\/\/permakultur-landwirtschaft.org\/nachhaltige-landwirtschaft-erfahren-mit-stadtlandvelo-von-dezember-2021-bis-februar-2022\/#primaryimage"},"thumbnailUrl":"https:\/\/permakultur-landwirtschaft.org\/wp-content\/uploads\/2021\/11\/slv-slowgrow-zwiebeln.jpeg","datePublished":"2021-12-01T21:54:00+00:00","dateModified":"2022-04-25T08:28:11+00:00","breadcrumb":{"@id":"https:\/\/permakultur-landwirtschaft.org\/nachhaltige-landwirtschaft-erfahren-mit-stadtlandvelo-von-dezember-2021-bis-februar-2022\/#breadcrumb"},"inLanguage":"fr-FR","potentialAction":[{"@type":"ReadAction","target":["https:\/\/permakultur-landwirtschaft.org\/nachhaltige-landwirtschaft-erfahren-mit-stadtlandvelo-von-dezember-2021-bis-februar-2022\/"]}]},{"@type":"ImageObject","inLanguage":"fr-FR","@id":"https:\/\/permakultur-landwirtschaft.org\/nachhaltige-landwirtschaft-erfahren-mit-stadtlandvelo-von-dezember-2021-bis-februar-2022\/#primaryimage","url":"https:\/\/permakultur-landwirtschaft.org\/wp-content\/uploads\/2021\/11\/slv-slowgrow-zwiebeln.jpeg","contentUrl":"https:\/\/permakultur-landwirtschaft.org\/wp-content\/uploads\/2021\/11\/slv-slowgrow-zwiebeln.jpeg","width":700,"height":525},{"@type":"BreadcrumbList","@id":"https:\/\/permakultur-landwirtschaft.org\/nachhaltige-landwirtschaft-erfahren-mit-stadtlandvelo-von-dezember-2021-bis-februar-2022\/#breadcrumb","itemListElement":[{"@type":"ListItem","position":1,"name":"Startseite","item":"https:\/\/permakultur-landwirtschaft.org\/"},{"@type":"ListItem","position":2,"name":"Nachhaltige Landwirtschaft erfahren mit StadtLandVelo ab Dezember 2021"}]},{"@type":"WebSite","@id":"https:\/\/permakultur-landwirtschaft.org\/#website","url":"https:\/\/permakultur-landwirtschaft.org\/","name":"Permakultur-Landwirtschaft","description":"F\u00f6rderung der Permakultur in der Landwirtschaft","publisher":{"@id":"https:\/\/permakultur-landwirtschaft.org\/#organization"},"potentialAction":[{"@type":"SearchAction","target":{"@type":"EntryPoint","urlTemplate":"https:\/\/permakultur-landwirtschaft.org\/?s={search_term_string}"},"query-input":{"@type":"PropertyValueSpecification","valueRequired":true,"valueName":"search_term_string"}}],"inLanguage":"fr-FR"},{"@type":"Organization","@id":"https:\/\/permakultur-landwirtschaft.org\/#organization","name":"Permakultur-Landwirtschaft","alternateName":"Verein Permakultur-Landwirtschaft","url":"https:\/\/permakultur-landwirtschaft.org\/","logo":{"@type":"ImageObject","inLanguage":"fr-FR","@id":"https:\/\/permakultur-landwirtschaft.org\/#\/schema\/logo\/image\/","url":"https:\/\/permakultur-landwirtschaft.org\/wp-content\/uploads\/2021\/11\/pela_1268x1269.png","contentUrl":"https:\/\/permakultur-landwirtschaft.org\/wp-content\/uploads\/2021\/11\/pela_1268x1269.png","width":1298,"height":1269,"caption":"Permakultur-Landwirtschaft"},"image":{"@id":"https:\/\/permakultur-landwirtschaft.org\/#\/schema\/logo\/image\/"},"sameAs":["https:\/\/www.facebook.com\/PermakulturLandwirtschaft","https:\/\/www.instagram.com\/permakultur_landwirtschaft\/","https:\/\/www.flickr.com\/photos\/permakultur-landwirtschaft","https:\/\/www.youtube.com\/@PermakulturLandwirtschaft"]},{"@type":"Person","@id":"https:\/\/permakultur-landwirtschaft.org\/#\/schema\/person\/6b0467872f75aed3e144093f9bf4f0b0","name":"adrian reutimann","url":"https:\/\/permakultur-landwirtschaft.org\/fr\/author\/reutiadr\/"}]}},"_links":{"self":[{"href":"https:\/\/permakultur-landwirtschaft.org\/fr\/wp-json\/wp\/v2\/posts\/16948","targetHints":{"allow":["GET"]}}],"collection":[{"href":"https:\/\/permakultur-landwirtschaft.org\/fr\/wp-json\/wp\/v2\/posts"}],"about":[{"href":"https:\/\/permakultur-landwirtschaft.org\/fr\/wp-json\/wp\/v2\/types\/post"}],"author":[{"embeddable":true,"href":"https:\/\/permakultur-landwirtschaft.org\/fr\/wp-json\/wp\/v2\/users\/2"}],"replies":[{"embeddable":true,"href":"https:\/\/permakultur-landwirtschaft.org\/fr\/wp-json\/wp\/v2\/comments?post=16948"}],"version-history":[{"count":4,"href":"https:\/\/permakultur-landwirtschaft.org\/fr\/wp-json\/wp\/v2\/posts\/16948\/revisions"}],"predecessor-version":[{"id":19186,"href":"https:\/\/permakultur-landwirtschaft.org\/fr\/wp-json\/wp\/v2\/posts\/16948\/revisions\/19186"}],"wp:featuredmedia":[{"embeddable":true,"href":"https:\/\/permakultur-landwirtschaft.org\/fr\/wp-json\/wp\/v2\/media\/16949"}],"wp:attachment":[{"href":"https:\/\/permakultur-landwirtschaft.org\/fr\/wp-json\/wp\/v2\/media?parent=16948"}],"wp:term":[{"taxonomy":"category","embeddable":true,"href":"https:\/\/permakultur-landwirtschaft.org\/fr\/wp-json\/wp\/v2\/categories?post=16948"},{"taxonomy":"post_tag","embeddable":true,"href":"https:\/\/permakultur-landwirtschaft.org\/fr\/wp-json\/wp\/v2\/tags?post=16948"}],"curies":[{"name":"wp","href":"https:\/\/api.w.org\/{rel}","templated":true}]}}