{"id":1692,"date":"2019-10-20T07:53:33","date_gmt":"2019-10-20T05:53:33","guid":{"rendered":"http:\/\/permakultur-landwirtschaft.org\/?p=1692"},"modified":"2020-05-07T21:31:11","modified_gmt":"2020-05-07T19:31:11","slug":"tagung-zum-welternaehrungstag-am-20-oktober-2019","status":"publish","type":"post","link":"https:\/\/permakultur-landwirtschaft.org\/fr\/tagung-zum-welternaehrungstag-am-20-oktober-2019\/","title":{"rendered":"Tagung zum Weltern\u00e4hrungstag am 20. Oktober 2019"},"content":{"rendered":"<h4>2019: Agrar\u00f6kologie \u2013 System Change in der Landwirtschaft<\/h4>\n<p>Artenschwund, Verlust von Bodenfruchtbarkeit, Klimawandel, Landraub, Bauernfamilien unter dem Existenzminimum und Hunger trotz globaler \u00dcberproduktion \u2013 im sogenannt \u00abmodernen\u00bb Agrarsystem ist der Wurm drin.<\/p>\n<p>Der diesj\u00e4hrige Weltern\u00e4hrungstag bietet Gelegenheit \u00fcber die Ursachen in Nord und S\u00fcd zu diskutieren, die Alternativen zu ergr\u00fcnden, welche die Agrar\u00f6kologie bietet, sowie Ans\u00e4tze zu entwickeln wie jede und jeder Einzelne zu einem grundlegenden Wandel in der Landwirtschaft beitragen kann.<\/p>\n<p><strong>Datum, Zeit<\/strong><br \/>\nMittwoch, 16. Oktober 2019, 9:30 \u2013 16:30<\/p>\n<p><strong>Lieu<\/strong><br \/>\nBerner Fachhochschule \u2013 Hochschule f\u00fcr Agrar-, Forst- und Lebensmittelwissenschaften HAFL<br \/>\nL\u00e4nggass 85<br \/>\n3052 Zollikofen<\/p>\n<p><a href=\"https:\/\/welternaehrungstag.ch\" target=\"_blank\" rel=\"noopener noreferrer\"><strong>Weitere Infos und Anmeldung unter diesem Link<\/strong><\/a><\/p>\n<p><a href=\"https:\/\/welternaehrungstag.ch\" target=\"_blank\" rel=\"noopener noreferrer\"><img fetchpriority=\"high\" decoding=\"async\" class=\"size-full wp-image-1645 alignnone\" src=\"https:\/\/permakultur-landwirtschaft.org\/wp-content\/uploads\/2019\/10\/ernaerungstag11.10.png\" alt=\"\" width=\"358\" height=\"382\" \/><\/a><\/p>","protected":false},"excerpt":{"rendered":"<p>2019: Agrar\u00f6kologie \u2013 System Change in der Landwirtschaft Artenschwund, Verlust von Bodenfruchtbarkeit, Klimawandel, Landraub, Bauernfamilien unter dem Existenzminimum und Hunger trotz globaler \u00dcberproduktion \u2013 im sogenannt \u00abmodernen\u00bb Agrarsystem ist der Wurm drin. Der diesj\u00e4hrige Weltern\u00e4hrungstag bietet Gelegenheit \u00fcber die Ursachen in Nord und S\u00fcd zu diskutieren, die Alternativen zu ergr\u00fcnden, welche die Agrar\u00f6kologie bietet, sowie [&hellip;]<\/p>\n","protected":false},"author":2,"featured_media":1695,"comment_status":"closed","ping_status":"closed","sticky":false,"template":"","format":"standard","meta":{"_acf_changed":false,"site-sidebar-layout":"default","site-content-layout":"","ast-site-content-layout":"default","site-content-style":"default","site-sidebar-style":"default","ast-global-header-display":"","ast-banner-title-visibility":"","ast-main-header-display":"","ast-hfb-above-header-display":"","ast-hfb-below-header-display":"","ast-hfb-mobile-header-display":"","site-post-title":"","ast-breadcrumbs-content":"","ast-featured-img":"","footer-sml-layout":"","ast-disable-related-posts":"","theme-transparent-header-meta":"","adv-header-id-meta":"","stick-header-meta":"","header-above-stick-meta":"","header-main-stick-meta":"","header-below-stick-meta":"","astra-migrate-meta-layouts":"default","ast-page-background-enabled":"default","ast-page-background-meta":{"desktop":{"background-color":"var(--ast-global-color-4)","background-image":"","background-repeat":"repeat","background-position":"center center","background-size":"auto","background-attachment":"scroll","background-type":"","background-media":"","overlay-type":"","overlay-color":"","overlay-opacity":"","overlay-gradient":""},"tablet":{"background-color":"","background-image":"","background-repeat":"repeat","background-position":"center center","background-size":"auto","background-attachment":"scroll","background-type":"","background-media":"","overlay-type":"","overlay-color":"","overlay-opacity":"","overlay-gradient":""},"mobile":{"background-color":"","background-image":"","background-repeat":"repeat","background-position":"center center","background-size":"auto","background-attachment":"scroll","background-type":"","background-media":"","overlay-type":"","overlay-color":"","overlay-opacity":"","overlay-gradient":""}},"ast-content-background-meta":{"desktop":{"background-color":"var(--ast-global-color-5)","background-image":"","background-repeat":"repeat","background-position":"center center","background-size":"auto","background-attachment":"scroll","background-type":"","background-media":"","overlay-type":"","overlay-color":"","overlay-opacity":"","overlay-gradient":""},"tablet":{"background-color":"var(--ast-global-color-5)","background-image":"","background-repeat":"repeat","background-position":"center center","background-size":"auto","background-attachment":"scroll","background-type":"","background-media":"","overlay-type":"","overlay-color":"","overlay-opacity":"","overlay-gradient":""},"mobile":{"background-color":"var(--ast-global-color-5)","background-image":"","background-repeat":"repeat","background-position":"center center","background-size":"auto","background-attachment":"scroll","background-type":"","background-media":"","overlay-type":"","overlay-color":"","overlay-opacity":"","overlay-gradient":""}},"footnotes":""},"categories":[21],"tags":[],"class_list":["post-1692","post","type-post","status-publish","format-standard","has-post-thumbnail","hentry","category-veranstaltungen_archiv"],"acf":[],"yoast_head":"<!-- This site is optimized with the Yoast SEO plugin v27.5 - https:\/\/yoast.com\/product\/yoast-seo-wordpress\/ -->\n<title>Tagung zum Weltern\u00e4hrungstag am 20. Oktober 2019 - Permakultur-Landwirtschaft<\/title>\n<meta name=\"robots\" content=\"index, follow, max-snippet:-1, max-image-preview:large, max-video-preview:-1\" \/>\n<link rel=\"canonical\" href=\"https:\/\/permakultur-landwirtschaft.org\/fr\/tagung-zum-welternaehrungstag-am-20-oktober-2019\/\" \/>\n<meta property=\"og:locale\" content=\"fr_FR\" \/>\n<meta property=\"og:type\" content=\"article\" \/>\n<meta property=\"og:title\" content=\"Tagung zum Weltern\u00e4hrungstag am 20. Oktober 2019 - Permakultur-Landwirtschaft\" \/>\n<meta property=\"og:description\" content=\"2019: Agrar\u00f6kologie \u2013 System Change in der Landwirtschaft Artenschwund, Verlust von Bodenfruchtbarkeit, Klimawandel, Landraub, Bauernfamilien unter dem Existenzminimum und Hunger trotz globaler \u00dcberproduktion \u2013 im sogenannt \u00abmodernen\u00bb Agrarsystem ist der Wurm drin. Der diesj\u00e4hrige Weltern\u00e4hrungstag bietet Gelegenheit \u00fcber die Ursachen in Nord und S\u00fcd zu diskutieren, die Alternativen zu ergr\u00fcnden, welche die Agrar\u00f6kologie bietet, sowie [&hellip;]\" \/>\n<meta property=\"og:url\" content=\"https:\/\/permakultur-landwirtschaft.org\/fr\/tagung-zum-welternaehrungstag-am-20-oktober-2019\/\" \/>\n<meta property=\"og:site_name\" content=\"Permakultur-Landwirtschaft\" \/>\n<meta property=\"article:publisher\" content=\"https:\/\/www.facebook.com\/PermakulturLandwirtschaft\" \/>\n<meta property=\"article:published_time\" content=\"2019-10-20T05:53:33+00:00\" \/>\n<meta property=\"article:modified_time\" content=\"2020-05-07T19:31:11+00:00\" \/>\n<meta property=\"og:image\" content=\"https:\/\/permakultur-landwirtschaft.org\/wp-content\/uploads\/2019\/10\/ernaerungstag11.10.png\" \/>\n\t<meta property=\"og:image:width\" content=\"358\" \/>\n\t<meta property=\"og:image:height\" content=\"382\" \/>\n\t<meta property=\"og:image:type\" content=\"image\/png\" \/>\n<meta name=\"author\" content=\"adrian reutimann\" \/>\n<meta name=\"twitter:card\" content=\"summary_large_image\" \/>\n<meta name=\"twitter:label1\" content=\"\u00c9crit par\" \/>\n\t<meta name=\"twitter:data1\" content=\"adrian reutimann\" \/>\n\t<meta name=\"twitter:label2\" content=\"Dur\u00e9e de lecture estim\u00e9e\" \/>\n\t<meta name=\"twitter:data2\" content=\"1 minute\" \/>\n<script type=\"application\/ld+json\" class=\"yoast-schema-graph\">{\"@context\":\"https:\\\/\\\/schema.org\",\"@graph\":[{\"@type\":\"Article\",\"@id\":\"https:\\\/\\\/permakultur-landwirtschaft.org\\\/tagung-zum-welternaehrungstag-am-20-oktober-2019\\\/#article\",\"isPartOf\":{\"@id\":\"https:\\\/\\\/permakultur-landwirtschaft.org\\\/tagung-zum-welternaehrungstag-am-20-oktober-2019\\\/\"},\"author\":{\"name\":\"adrian reutimann\",\"@id\":\"https:\\\/\\\/permakultur-landwirtschaft.org\\\/#\\\/schema\\\/person\\\/6b0467872f75aed3e144093f9bf4f0b0\"},\"headline\":\"Tagung zum Weltern\u00e4hrungstag am 20. Oktober 2019\",\"datePublished\":\"2019-10-20T05:53:33+00:00\",\"dateModified\":\"2020-05-07T19:31:11+00:00\",\"mainEntityOfPage\":{\"@id\":\"https:\\\/\\\/permakultur-landwirtschaft.org\\\/tagung-zum-welternaehrungstag-am-20-oktober-2019\\\/\"},\"wordCount\":107,\"publisher\":{\"@id\":\"https:\\\/\\\/permakultur-landwirtschaft.org\\\/#organization\"},\"image\":{\"@id\":\"https:\\\/\\\/permakultur-landwirtschaft.org\\\/tagung-zum-welternaehrungstag-am-20-oktober-2019\\\/#primaryimage\"},\"thumbnailUrl\":\"https:\\\/\\\/permakultur-landwirtschaft.org\\\/wp-content\\\/uploads\\\/2019\\\/10\\\/ernaerungstag11.10.png\",\"articleSection\":[\"Veranstaltungen_Archiv\"],\"inLanguage\":\"fr-FR\"},{\"@type\":\"WebPage\",\"@id\":\"https:\\\/\\\/permakultur-landwirtschaft.org\\\/tagung-zum-welternaehrungstag-am-20-oktober-2019\\\/\",\"url\":\"https:\\\/\\\/permakultur-landwirtschaft.org\\\/tagung-zum-welternaehrungstag-am-20-oktober-2019\\\/\",\"name\":\"Tagung zum Weltern\u00e4hrungstag am 20. Oktober 2019 - Permakultur-Landwirtschaft\",\"isPartOf\":{\"@id\":\"https:\\\/\\\/permakultur-landwirtschaft.org\\\/#website\"},\"primaryImageOfPage\":{\"@id\":\"https:\\\/\\\/permakultur-landwirtschaft.org\\\/tagung-zum-welternaehrungstag-am-20-oktober-2019\\\/#primaryimage\"},\"image\":{\"@id\":\"https:\\\/\\\/permakultur-landwirtschaft.org\\\/tagung-zum-welternaehrungstag-am-20-oktober-2019\\\/#primaryimage\"},\"thumbnailUrl\":\"https:\\\/\\\/permakultur-landwirtschaft.org\\\/wp-content\\\/uploads\\\/2019\\\/10\\\/ernaerungstag11.10.png\",\"datePublished\":\"2019-10-20T05:53:33+00:00\",\"dateModified\":\"2020-05-07T19:31:11+00:00\",\"breadcrumb\":{\"@id\":\"https:\\\/\\\/permakultur-landwirtschaft.org\\\/tagung-zum-welternaehrungstag-am-20-oktober-2019\\\/#breadcrumb\"},\"inLanguage\":\"fr-FR\",\"potentialAction\":[{\"@type\":\"ReadAction\",\"target\":[\"https:\\\/\\\/permakultur-landwirtschaft.org\\\/tagung-zum-welternaehrungstag-am-20-oktober-2019\\\/\"]}]},{\"@type\":\"ImageObject\",\"inLanguage\":\"fr-FR\",\"@id\":\"https:\\\/\\\/permakultur-landwirtschaft.org\\\/tagung-zum-welternaehrungstag-am-20-oktober-2019\\\/#primaryimage\",\"url\":\"https:\\\/\\\/permakultur-landwirtschaft.org\\\/wp-content\\\/uploads\\\/2019\\\/10\\\/ernaerungstag11.10.png\",\"contentUrl\":\"https:\\\/\\\/permakultur-landwirtschaft.org\\\/wp-content\\\/uploads\\\/2019\\\/10\\\/ernaerungstag11.10.png\",\"width\":358,\"height\":382},{\"@type\":\"BreadcrumbList\",\"@id\":\"https:\\\/\\\/permakultur-landwirtschaft.org\\\/tagung-zum-welternaehrungstag-am-20-oktober-2019\\\/#breadcrumb\",\"itemListElement\":[{\"@type\":\"ListItem\",\"position\":1,\"name\":\"Startseite\",\"item\":\"https:\\\/\\\/permakultur-landwirtschaft.org\\\/\"},{\"@type\":\"ListItem\",\"position\":2,\"name\":\"Tagung zum Weltern\u00e4hrungstag am 20. Oktober 2019\"}]},{\"@type\":\"WebSite\",\"@id\":\"https:\\\/\\\/permakultur-landwirtschaft.org\\\/#website\",\"url\":\"https:\\\/\\\/permakultur-landwirtschaft.org\\\/\",\"name\":\"Permakultur-Landwirtschaft\",\"description\":\"F\u00f6rderung der Permakultur in der Landwirtschaft\",\"publisher\":{\"@id\":\"https:\\\/\\\/permakultur-landwirtschaft.org\\\/#organization\"},\"potentialAction\":[{\"@type\":\"SearchAction\",\"target\":{\"@type\":\"EntryPoint\",\"urlTemplate\":\"https:\\\/\\\/permakultur-landwirtschaft.org\\\/?s={search_term_string}\"},\"query-input\":{\"@type\":\"PropertyValueSpecification\",\"valueRequired\":true,\"valueName\":\"search_term_string\"}}],\"inLanguage\":\"fr-FR\"},{\"@type\":\"Organization\",\"@id\":\"https:\\\/\\\/permakultur-landwirtschaft.org\\\/#organization\",\"name\":\"Permakultur-Landwirtschaft\",\"alternateName\":\"Verein Permakultur-Landwirtschaft\",\"url\":\"https:\\\/\\\/permakultur-landwirtschaft.org\\\/\",\"logo\":{\"@type\":\"ImageObject\",\"inLanguage\":\"fr-FR\",\"@id\":\"https:\\\/\\\/permakultur-landwirtschaft.org\\\/#\\\/schema\\\/logo\\\/image\\\/\",\"url\":\"https:\\\/\\\/permakultur-landwirtschaft.org\\\/wp-content\\\/uploads\\\/2021\\\/11\\\/pela_1268x1269.png\",\"contentUrl\":\"https:\\\/\\\/permakultur-landwirtschaft.org\\\/wp-content\\\/uploads\\\/2021\\\/11\\\/pela_1268x1269.png\",\"width\":1298,\"height\":1269,\"caption\":\"Permakultur-Landwirtschaft\"},\"image\":{\"@id\":\"https:\\\/\\\/permakultur-landwirtschaft.org\\\/#\\\/schema\\\/logo\\\/image\\\/\"},\"sameAs\":[\"https:\\\/\\\/www.facebook.com\\\/PermakulturLandwirtschaft\",\"https:\\\/\\\/www.instagram.com\\\/permakultur_landwirtschaft\\\/\",\"https:\\\/\\\/www.flickr.com\\\/photos\\\/permakultur-landwirtschaft\",\"https:\\\/\\\/www.youtube.com\\\/@PermakulturLandwirtschaft\"]},{\"@type\":\"Person\",\"@id\":\"https:\\\/\\\/permakultur-landwirtschaft.org\\\/#\\\/schema\\\/person\\\/6b0467872f75aed3e144093f9bf4f0b0\",\"name\":\"adrian reutimann\",\"url\":\"https:\\\/\\\/permakultur-landwirtschaft.org\\\/fr\\\/author\\\/reutiadr\\\/\"}]}<\/script>\n<!-- \/ Yoast SEO plugin. -->","yoast_head_json":{"title":"Tagung zum Weltern\u00e4hrungstag am 20. Oktober 2019 - Permakultur-Landwirtschaft","robots":{"index":"index","follow":"follow","max-snippet":"max-snippet:-1","max-image-preview":"max-image-preview:large","max-video-preview":"max-video-preview:-1"},"canonical":"https:\/\/permakultur-landwirtschaft.org\/fr\/tagung-zum-welternaehrungstag-am-20-oktober-2019\/","og_locale":"fr_FR","og_type":"article","og_title":"Tagung zum Weltern\u00e4hrungstag am 20. Oktober 2019 - Permakultur-Landwirtschaft","og_description":"2019: Agrar\u00f6kologie \u2013 System Change in der Landwirtschaft Artenschwund, Verlust von Bodenfruchtbarkeit, Klimawandel, Landraub, Bauernfamilien unter dem Existenzminimum und Hunger trotz globaler \u00dcberproduktion \u2013 im sogenannt \u00abmodernen\u00bb Agrarsystem ist der Wurm drin. Der diesj\u00e4hrige Weltern\u00e4hrungstag bietet Gelegenheit \u00fcber die Ursachen in Nord und S\u00fcd zu diskutieren, die Alternativen zu ergr\u00fcnden, welche die Agrar\u00f6kologie bietet, sowie [&hellip;]","og_url":"https:\/\/permakultur-landwirtschaft.org\/fr\/tagung-zum-welternaehrungstag-am-20-oktober-2019\/","og_site_name":"Permakultur-Landwirtschaft","article_publisher":"https:\/\/www.facebook.com\/PermakulturLandwirtschaft","article_published_time":"2019-10-20T05:53:33+00:00","article_modified_time":"2020-05-07T19:31:11+00:00","og_image":[{"width":358,"height":382,"url":"https:\/\/permakultur-landwirtschaft.org\/wp-content\/uploads\/2019\/10\/ernaerungstag11.10.png","type":"image\/png"}],"author":"adrian reutimann","twitter_card":"summary_large_image","twitter_misc":{"\u00c9crit par":"adrian reutimann","Dur\u00e9e de lecture estim\u00e9e":"1 minute"},"schema":{"@context":"https:\/\/schema.org","@graph":[{"@type":"Article","@id":"https:\/\/permakultur-landwirtschaft.org\/tagung-zum-welternaehrungstag-am-20-oktober-2019\/#article","isPartOf":{"@id":"https:\/\/permakultur-landwirtschaft.org\/tagung-zum-welternaehrungstag-am-20-oktober-2019\/"},"author":{"name":"adrian reutimann","@id":"https:\/\/permakultur-landwirtschaft.org\/#\/schema\/person\/6b0467872f75aed3e144093f9bf4f0b0"},"headline":"Tagung zum Weltern\u00e4hrungstag am 20. Oktober 2019","datePublished":"2019-10-20T05:53:33+00:00","dateModified":"2020-05-07T19:31:11+00:00","mainEntityOfPage":{"@id":"https:\/\/permakultur-landwirtschaft.org\/tagung-zum-welternaehrungstag-am-20-oktober-2019\/"},"wordCount":107,"publisher":{"@id":"https:\/\/permakultur-landwirtschaft.org\/#organization"},"image":{"@id":"https:\/\/permakultur-landwirtschaft.org\/tagung-zum-welternaehrungstag-am-20-oktober-2019\/#primaryimage"},"thumbnailUrl":"https:\/\/permakultur-landwirtschaft.org\/wp-content\/uploads\/2019\/10\/ernaerungstag11.10.png","articleSection":["Veranstaltungen_Archiv"],"inLanguage":"fr-FR"},{"@type":"WebPage","@id":"https:\/\/permakultur-landwirtschaft.org\/tagung-zum-welternaehrungstag-am-20-oktober-2019\/","url":"https:\/\/permakultur-landwirtschaft.org\/tagung-zum-welternaehrungstag-am-20-oktober-2019\/","name":"Tagung zum Weltern\u00e4hrungstag am 20. Oktober 2019 - Permakultur-Landwirtschaft","isPartOf":{"@id":"https:\/\/permakultur-landwirtschaft.org\/#website"},"primaryImageOfPage":{"@id":"https:\/\/permakultur-landwirtschaft.org\/tagung-zum-welternaehrungstag-am-20-oktober-2019\/#primaryimage"},"image":{"@id":"https:\/\/permakultur-landwirtschaft.org\/tagung-zum-welternaehrungstag-am-20-oktober-2019\/#primaryimage"},"thumbnailUrl":"https:\/\/permakultur-landwirtschaft.org\/wp-content\/uploads\/2019\/10\/ernaerungstag11.10.png","datePublished":"2019-10-20T05:53:33+00:00","dateModified":"2020-05-07T19:31:11+00:00","breadcrumb":{"@id":"https:\/\/permakultur-landwirtschaft.org\/tagung-zum-welternaehrungstag-am-20-oktober-2019\/#breadcrumb"},"inLanguage":"fr-FR","potentialAction":[{"@type":"ReadAction","target":["https:\/\/permakultur-landwirtschaft.org\/tagung-zum-welternaehrungstag-am-20-oktober-2019\/"]}]},{"@type":"ImageObject","inLanguage":"fr-FR","@id":"https:\/\/permakultur-landwirtschaft.org\/tagung-zum-welternaehrungstag-am-20-oktober-2019\/#primaryimage","url":"https:\/\/permakultur-landwirtschaft.org\/wp-content\/uploads\/2019\/10\/ernaerungstag11.10.png","contentUrl":"https:\/\/permakultur-landwirtschaft.org\/wp-content\/uploads\/2019\/10\/ernaerungstag11.10.png","width":358,"height":382},{"@type":"BreadcrumbList","@id":"https:\/\/permakultur-landwirtschaft.org\/tagung-zum-welternaehrungstag-am-20-oktober-2019\/#breadcrumb","itemListElement":[{"@type":"ListItem","position":1,"name":"Startseite","item":"https:\/\/permakultur-landwirtschaft.org\/"},{"@type":"ListItem","position":2,"name":"Tagung zum Weltern\u00e4hrungstag am 20. Oktober 2019"}]},{"@type":"WebSite","@id":"https:\/\/permakultur-landwirtschaft.org\/#website","url":"https:\/\/permakultur-landwirtschaft.org\/","name":"Permakultur-Landwirtschaft","description":"F\u00f6rderung der Permakultur in der Landwirtschaft","publisher":{"@id":"https:\/\/permakultur-landwirtschaft.org\/#organization"},"potentialAction":[{"@type":"SearchAction","target":{"@type":"EntryPoint","urlTemplate":"https:\/\/permakultur-landwirtschaft.org\/?s={search_term_string}"},"query-input":{"@type":"PropertyValueSpecification","valueRequired":true,"valueName":"search_term_string"}}],"inLanguage":"fr-FR"},{"@type":"Organization","@id":"https:\/\/permakultur-landwirtschaft.org\/#organization","name":"Permakultur-Landwirtschaft","alternateName":"Verein Permakultur-Landwirtschaft","url":"https:\/\/permakultur-landwirtschaft.org\/","logo":{"@type":"ImageObject","inLanguage":"fr-FR","@id":"https:\/\/permakultur-landwirtschaft.org\/#\/schema\/logo\/image\/","url":"https:\/\/permakultur-landwirtschaft.org\/wp-content\/uploads\/2021\/11\/pela_1268x1269.png","contentUrl":"https:\/\/permakultur-landwirtschaft.org\/wp-content\/uploads\/2021\/11\/pela_1268x1269.png","width":1298,"height":1269,"caption":"Permakultur-Landwirtschaft"},"image":{"@id":"https:\/\/permakultur-landwirtschaft.org\/#\/schema\/logo\/image\/"},"sameAs":["https:\/\/www.facebook.com\/PermakulturLandwirtschaft","https:\/\/www.instagram.com\/permakultur_landwirtschaft\/","https:\/\/www.flickr.com\/photos\/permakultur-landwirtschaft","https:\/\/www.youtube.com\/@PermakulturLandwirtschaft"]},{"@type":"Person","@id":"https:\/\/permakultur-landwirtschaft.org\/#\/schema\/person\/6b0467872f75aed3e144093f9bf4f0b0","name":"adrian reutimann","url":"https:\/\/permakultur-landwirtschaft.org\/fr\/author\/reutiadr\/"}]}},"_links":{"self":[{"href":"https:\/\/permakultur-landwirtschaft.org\/fr\/wp-json\/wp\/v2\/posts\/1692","targetHints":{"allow":["GET"]}}],"collection":[{"href":"https:\/\/permakultur-landwirtschaft.org\/fr\/wp-json\/wp\/v2\/posts"}],"about":[{"href":"https:\/\/permakultur-landwirtschaft.org\/fr\/wp-json\/wp\/v2\/types\/post"}],"author":[{"embeddable":true,"href":"https:\/\/permakultur-landwirtschaft.org\/fr\/wp-json\/wp\/v2\/users\/2"}],"replies":[{"embeddable":true,"href":"https:\/\/permakultur-landwirtschaft.org\/fr\/wp-json\/wp\/v2\/comments?post=1692"}],"version-history":[{"count":2,"href":"https:\/\/permakultur-landwirtschaft.org\/fr\/wp-json\/wp\/v2\/posts\/1692\/revisions"}],"predecessor-version":[{"id":1696,"href":"https:\/\/permakultur-landwirtschaft.org\/fr\/wp-json\/wp\/v2\/posts\/1692\/revisions\/1696"}],"wp:featuredmedia":[{"embeddable":true,"href":"https:\/\/permakultur-landwirtschaft.org\/fr\/wp-json\/wp\/v2\/media\/1695"}],"wp:attachment":[{"href":"https:\/\/permakultur-landwirtschaft.org\/fr\/wp-json\/wp\/v2\/media?parent=1692"}],"wp:term":[{"taxonomy":"category","embeddable":true,"href":"https:\/\/permakultur-landwirtschaft.org\/fr\/wp-json\/wp\/v2\/categories?post=1692"},{"taxonomy":"post_tag","embeddable":true,"href":"https:\/\/permakultur-landwirtschaft.org\/fr\/wp-json\/wp\/v2\/tags?post=1692"}],"curies":[{"name":"wp","href":"https:\/\/api.w.org\/{rel}","templated":true}]}}