{"id":16870,"date":"2021-11-09T10:28:13","date_gmt":"2021-11-09T09:28:13","guid":{"rendered":"https:\/\/permakultur-landwirtschaft.org\/?p=16870"},"modified":"2021-11-26T10:34:28","modified_gmt":"2021-11-26T09:34:28","slug":"kompetenzzentrum-permakultur-der-hafl-agricultura-vom-09-november-2021","status":"publish","type":"post","link":"https:\/\/permakultur-landwirtschaft.org\/fr\/kompetenzzentrum-permakultur-der-hafl-agricultura-vom-09-november-2021\/","title":{"rendered":"Kompetenzzentrum Permakultur der HAFL &#8211; Agricultura vom 09. November 2021"},"content":{"rendered":"<p><span class=\"style-scope yt-formatted-string\" dir=\"auto\">Text von kleinbauern.ch:<br \/>\nPermakultur? Der Begriff hat in den letzten Jahren viel von sich reden gemacht. Viele G\u00e4rtnerinnen interessieren sich f\u00fcr dieses Gestaltungsprinzip und wenden es im Hausgarten an. Doch ist Permakultur auch eine zukunftsversprechende Methode f\u00fcr gr\u00f6ssere Fl\u00e4chen?<br \/>\n<\/span><\/p>\n<p>F\u00fcr Professor Hans Ramseier, Dozent f\u00fcr Pflanzenschutz und \u00f6kologischen Ausgleich an der Hochschule f\u00fcr Agrar-, Forst- und Lebensmittelwissenschaften (HAFL), kann die Permakultur mit ihrem Fokus auf die Erhaltung und Wiederherstellung eines humusreichen Bodens als lebendiges \u00d6kosystem ein wichtiger Ansatz sein, den k\u00fcnftigen Herausforderungen in der Landwirtschaft zu begegnen. Gerade in der Schweiz sieht er ein grosses Potenzial f\u00fcr sie, weil viele Kriterien f\u00fcr die Permakultur g\u00fcnstig sind: die Kleinr\u00e4umigkeit der Landwirtschaft, der nach wie vor hohe Anteil gemischter Familienbetriebe, das Klima und die qualitativ gute Ausbildung der Landwirtinnen.<\/p>\n<p><a href=\"https:\/\/www.kleinbauern.ch\/ausbildung-permakultur\/\" target=\"_blank\" rel=\"noopener noreferrer\">Link zum Beitrag bei der Kleinbauern Vereinigung: www.kleinbauern.ch\/ausbildung-permakultur<\/a><\/p>\n<p><a href=\"https:\/\/www.kleinbauern.ch\/ausbildung-permakultur\/\" target=\"_blank\" rel=\"noopener\"><img fetchpriority=\"high\" decoding=\"async\" class=\"alignnone wp-image-16871 size-full\" src=\"https:\/\/permakultur-landwirtschaft.org\/wp-content\/uploads\/2021\/11\/permakultur_web-2048x1322-1.jpg\" alt=\"\" width=\"700\" height=\"451\" srcset=\"https:\/\/permakultur-landwirtschaft.org\/wp-content\/uploads\/2021\/11\/permakultur_web-2048x1322-1.jpg 700w, https:\/\/permakultur-landwirtschaft.org\/wp-content\/uploads\/2021\/11\/permakultur_web-2048x1322-1-300x193.jpg 300w\" sizes=\"(max-width: 700px) 100vw, 700px\" \/><\/a><\/p>\n<h6>Bild: <span class=\"image-description__author-single\" data-v-38608a3f=\"\" data-nzz-tid=\"image-description-author\">Marcel Kaufmann<\/span><\/h6>\n<hr \/>\n<h3><a href=\"https:\/\/permakultur-landwirtschaft.org\/fr\/medien\/\">Hier geht&#8217;s zur \u00dcbersicht aller Neuigkeiten <\/a><\/h3>\n<p>&nbsp;<\/p>","protected":false},"excerpt":{"rendered":"<p>Text von kleinbauern.ch: Permakultur? Der Begriff hat in den letzten Jahren viel von sich reden gemacht. Viele G\u00e4rtnerinnen interessieren sich f\u00fcr dieses Gestaltungsprinzip und wenden es im Hausgarten an. Doch ist Permakultur auch eine zukunftsversprechende Methode f\u00fcr gr\u00f6ssere Fl\u00e4chen? F\u00fcr Professor Hans Ramseier, Dozent f\u00fcr Pflanzenschutz und \u00f6kologischen Ausgleich an der Hochschule f\u00fcr Agrar-, Forst- [&hellip;]<\/p>\n","protected":false},"author":2,"featured_media":16871,"comment_status":"closed","ping_status":"closed","sticky":false,"template":"","format":"standard","meta":{"_acf_changed":false,"site-sidebar-layout":"default","site-content-layout":"","ast-site-content-layout":"default","site-content-style":"default","site-sidebar-style":"default","ast-global-header-display":"","ast-banner-title-visibility":"","ast-main-header-display":"","ast-hfb-above-header-display":"","ast-hfb-below-header-display":"","ast-hfb-mobile-header-display":"","site-post-title":"","ast-breadcrumbs-content":"","ast-featured-img":"","footer-sml-layout":"","ast-disable-related-posts":"","theme-transparent-header-meta":"","adv-header-id-meta":"","stick-header-meta":"","header-above-stick-meta":"","header-main-stick-meta":"","header-below-stick-meta":"","astra-migrate-meta-layouts":"default","ast-page-background-enabled":"default","ast-page-background-meta":{"desktop":{"background-color":"var(--ast-global-color-4)","background-image":"","background-repeat":"repeat","background-position":"center center","background-size":"auto","background-attachment":"scroll","background-type":"","background-media":"","overlay-type":"","overlay-color":"","overlay-opacity":"","overlay-gradient":""},"tablet":{"background-color":"","background-image":"","background-repeat":"repeat","background-position":"center center","background-size":"auto","background-attachment":"scroll","background-type":"","background-media":"","overlay-type":"","overlay-color":"","overlay-opacity":"","overlay-gradient":""},"mobile":{"background-color":"","background-image":"","background-repeat":"repeat","background-position":"center center","background-size":"auto","background-attachment":"scroll","background-type":"","background-media":"","overlay-type":"","overlay-color":"","overlay-opacity":"","overlay-gradient":""}},"ast-content-background-meta":{"desktop":{"background-color":"var(--ast-global-color-5)","background-image":"","background-repeat":"repeat","background-position":"center center","background-size":"auto","background-attachment":"scroll","background-type":"","background-media":"","overlay-type":"","overlay-color":"","overlay-opacity":"","overlay-gradient":""},"tablet":{"background-color":"var(--ast-global-color-5)","background-image":"","background-repeat":"repeat","background-position":"center center","background-size":"auto","background-attachment":"scroll","background-type":"","background-media":"","overlay-type":"","overlay-color":"","overlay-opacity":"","overlay-gradient":""},"mobile":{"background-color":"var(--ast-global-color-5)","background-image":"","background-repeat":"repeat","background-position":"center center","background-size":"auto","background-attachment":"scroll","background-type":"","background-media":"","overlay-type":"","overlay-color":"","overlay-opacity":"","overlay-gradient":""}},"footnotes":""},"categories":[22],"tags":[],"class_list":["post-16870","post","type-post","status-publish","format-standard","has-post-thumbnail","hentry","category-neuigkeit"],"acf":[],"yoast_head":"<!-- This site is optimized with the Yoast SEO plugin v27.5 - https:\/\/yoast.com\/product\/yoast-seo-wordpress\/ -->\n<title>Kompetenzzentrum Permakultur der HAFL - Agricultura vom 09. November 2021 - Permakultur-Landwirtschaft<\/title>\n<meta name=\"robots\" content=\"index, follow, max-snippet:-1, max-image-preview:large, max-video-preview:-1\" \/>\n<link rel=\"canonical\" href=\"https:\/\/permakultur-landwirtschaft.org\/fr\/kompetenzzentrum-permakultur-der-hafl-agricultura-vom-09-november-2021\/\" \/>\n<meta property=\"og:locale\" content=\"fr_FR\" \/>\n<meta property=\"og:type\" content=\"article\" \/>\n<meta property=\"og:title\" content=\"Kompetenzzentrum Permakultur der HAFL - Agricultura vom 09. November 2021 - Permakultur-Landwirtschaft\" \/>\n<meta property=\"og:description\" content=\"Text von kleinbauern.ch: Permakultur? Der Begriff hat in den letzten Jahren viel von sich reden gemacht. Viele G\u00e4rtnerinnen interessieren sich f\u00fcr dieses Gestaltungsprinzip und wenden es im Hausgarten an. Doch ist Permakultur auch eine zukunftsversprechende Methode f\u00fcr gr\u00f6ssere Fl\u00e4chen? F\u00fcr Professor Hans Ramseier, Dozent f\u00fcr Pflanzenschutz und \u00f6kologischen Ausgleich an der Hochschule f\u00fcr Agrar-, Forst- [&hellip;]\" \/>\n<meta property=\"og:url\" content=\"https:\/\/permakultur-landwirtschaft.org\/fr\/kompetenzzentrum-permakultur-der-hafl-agricultura-vom-09-november-2021\/\" \/>\n<meta property=\"og:site_name\" content=\"Permakultur-Landwirtschaft\" \/>\n<meta property=\"article:publisher\" content=\"https:\/\/www.facebook.com\/PermakulturLandwirtschaft\" \/>\n<meta property=\"article:published_time\" content=\"2021-11-09T09:28:13+00:00\" \/>\n<meta property=\"article:modified_time\" content=\"2021-11-26T09:34:28+00:00\" \/>\n<meta property=\"og:image\" content=\"https:\/\/permakultur-landwirtschaft.org\/wp-content\/uploads\/2021\/11\/permakultur_web-2048x1322-1.jpg\" \/>\n\t<meta property=\"og:image:width\" content=\"700\" \/>\n\t<meta property=\"og:image:height\" content=\"451\" \/>\n\t<meta property=\"og:image:type\" content=\"image\/jpeg\" \/>\n<meta name=\"author\" content=\"adrian reutimann\" \/>\n<meta name=\"twitter:card\" content=\"summary_large_image\" \/>\n<meta name=\"twitter:label1\" content=\"\u00c9crit par\" \/>\n\t<meta name=\"twitter:data1\" content=\"adrian reutimann\" \/>\n\t<meta name=\"twitter:label2\" content=\"Dur\u00e9e de lecture estim\u00e9e\" \/>\n\t<meta name=\"twitter:data2\" content=\"1 minute\" \/>\n<script type=\"application\/ld+json\" class=\"yoast-schema-graph\">{\"@context\":\"https:\\\/\\\/schema.org\",\"@graph\":[{\"@type\":\"Article\",\"@id\":\"https:\\\/\\\/permakultur-landwirtschaft.org\\\/kompetenzzentrum-permakultur-der-hafl-agricultura-vom-09-november-2021\\\/#article\",\"isPartOf\":{\"@id\":\"https:\\\/\\\/permakultur-landwirtschaft.org\\\/kompetenzzentrum-permakultur-der-hafl-agricultura-vom-09-november-2021\\\/\"},\"author\":{\"name\":\"adrian reutimann\",\"@id\":\"https:\\\/\\\/permakultur-landwirtschaft.org\\\/#\\\/schema\\\/person\\\/6b0467872f75aed3e144093f9bf4f0b0\"},\"headline\":\"Kompetenzzentrum Permakultur der HAFL &#8211; Agricultura vom 09. November 2021\",\"datePublished\":\"2021-11-09T09:28:13+00:00\",\"dateModified\":\"2021-11-26T09:34:28+00:00\",\"mainEntityOfPage\":{\"@id\":\"https:\\\/\\\/permakultur-landwirtschaft.org\\\/kompetenzzentrum-permakultur-der-hafl-agricultura-vom-09-november-2021\\\/\"},\"wordCount\":171,\"publisher\":{\"@id\":\"https:\\\/\\\/permakultur-landwirtschaft.org\\\/#organization\"},\"image\":{\"@id\":\"https:\\\/\\\/permakultur-landwirtschaft.org\\\/kompetenzzentrum-permakultur-der-hafl-agricultura-vom-09-november-2021\\\/#primaryimage\"},\"thumbnailUrl\":\"https:\\\/\\\/permakultur-landwirtschaft.org\\\/wp-content\\\/uploads\\\/2021\\\/11\\\/permakultur_web-2048x1322-1.jpg\",\"articleSection\":[\"Neuigkeit\"],\"inLanguage\":\"fr-FR\"},{\"@type\":\"WebPage\",\"@id\":\"https:\\\/\\\/permakultur-landwirtschaft.org\\\/kompetenzzentrum-permakultur-der-hafl-agricultura-vom-09-november-2021\\\/\",\"url\":\"https:\\\/\\\/permakultur-landwirtschaft.org\\\/kompetenzzentrum-permakultur-der-hafl-agricultura-vom-09-november-2021\\\/\",\"name\":\"Kompetenzzentrum Permakultur der HAFL - Agricultura vom 09. November 2021 - Permakultur-Landwirtschaft\",\"isPartOf\":{\"@id\":\"https:\\\/\\\/permakultur-landwirtschaft.org\\\/#website\"},\"primaryImageOfPage\":{\"@id\":\"https:\\\/\\\/permakultur-landwirtschaft.org\\\/kompetenzzentrum-permakultur-der-hafl-agricultura-vom-09-november-2021\\\/#primaryimage\"},\"image\":{\"@id\":\"https:\\\/\\\/permakultur-landwirtschaft.org\\\/kompetenzzentrum-permakultur-der-hafl-agricultura-vom-09-november-2021\\\/#primaryimage\"},\"thumbnailUrl\":\"https:\\\/\\\/permakultur-landwirtschaft.org\\\/wp-content\\\/uploads\\\/2021\\\/11\\\/permakultur_web-2048x1322-1.jpg\",\"datePublished\":\"2021-11-09T09:28:13+00:00\",\"dateModified\":\"2021-11-26T09:34:28+00:00\",\"breadcrumb\":{\"@id\":\"https:\\\/\\\/permakultur-landwirtschaft.org\\\/kompetenzzentrum-permakultur-der-hafl-agricultura-vom-09-november-2021\\\/#breadcrumb\"},\"inLanguage\":\"fr-FR\",\"potentialAction\":[{\"@type\":\"ReadAction\",\"target\":[\"https:\\\/\\\/permakultur-landwirtschaft.org\\\/kompetenzzentrum-permakultur-der-hafl-agricultura-vom-09-november-2021\\\/\"]}]},{\"@type\":\"ImageObject\",\"inLanguage\":\"fr-FR\",\"@id\":\"https:\\\/\\\/permakultur-landwirtschaft.org\\\/kompetenzzentrum-permakultur-der-hafl-agricultura-vom-09-november-2021\\\/#primaryimage\",\"url\":\"https:\\\/\\\/permakultur-landwirtschaft.org\\\/wp-content\\\/uploads\\\/2021\\\/11\\\/permakultur_web-2048x1322-1.jpg\",\"contentUrl\":\"https:\\\/\\\/permakultur-landwirtschaft.org\\\/wp-content\\\/uploads\\\/2021\\\/11\\\/permakultur_web-2048x1322-1.jpg\",\"width\":700,\"height\":451},{\"@type\":\"BreadcrumbList\",\"@id\":\"https:\\\/\\\/permakultur-landwirtschaft.org\\\/kompetenzzentrum-permakultur-der-hafl-agricultura-vom-09-november-2021\\\/#breadcrumb\",\"itemListElement\":[{\"@type\":\"ListItem\",\"position\":1,\"name\":\"Startseite\",\"item\":\"https:\\\/\\\/permakultur-landwirtschaft.org\\\/\"},{\"@type\":\"ListItem\",\"position\":2,\"name\":\"Kompetenzzentrum Permakultur der HAFL &#8211; Agricultura vom 09. November 2021\"}]},{\"@type\":\"WebSite\",\"@id\":\"https:\\\/\\\/permakultur-landwirtschaft.org\\\/#website\",\"url\":\"https:\\\/\\\/permakultur-landwirtschaft.org\\\/\",\"name\":\"Permakultur-Landwirtschaft\",\"description\":\"F\u00f6rderung der Permakultur in der Landwirtschaft\",\"publisher\":{\"@id\":\"https:\\\/\\\/permakultur-landwirtschaft.org\\\/#organization\"},\"potentialAction\":[{\"@type\":\"SearchAction\",\"target\":{\"@type\":\"EntryPoint\",\"urlTemplate\":\"https:\\\/\\\/permakultur-landwirtschaft.org\\\/?s={search_term_string}\"},\"query-input\":{\"@type\":\"PropertyValueSpecification\",\"valueRequired\":true,\"valueName\":\"search_term_string\"}}],\"inLanguage\":\"fr-FR\"},{\"@type\":\"Organization\",\"@id\":\"https:\\\/\\\/permakultur-landwirtschaft.org\\\/#organization\",\"name\":\"Permakultur-Landwirtschaft\",\"alternateName\":\"Verein Permakultur-Landwirtschaft\",\"url\":\"https:\\\/\\\/permakultur-landwirtschaft.org\\\/\",\"logo\":{\"@type\":\"ImageObject\",\"inLanguage\":\"fr-FR\",\"@id\":\"https:\\\/\\\/permakultur-landwirtschaft.org\\\/#\\\/schema\\\/logo\\\/image\\\/\",\"url\":\"https:\\\/\\\/permakultur-landwirtschaft.org\\\/wp-content\\\/uploads\\\/2021\\\/11\\\/pela_1268x1269.png\",\"contentUrl\":\"https:\\\/\\\/permakultur-landwirtschaft.org\\\/wp-content\\\/uploads\\\/2021\\\/11\\\/pela_1268x1269.png\",\"width\":1298,\"height\":1269,\"caption\":\"Permakultur-Landwirtschaft\"},\"image\":{\"@id\":\"https:\\\/\\\/permakultur-landwirtschaft.org\\\/#\\\/schema\\\/logo\\\/image\\\/\"},\"sameAs\":[\"https:\\\/\\\/www.facebook.com\\\/PermakulturLandwirtschaft\",\"https:\\\/\\\/www.instagram.com\\\/permakultur_landwirtschaft\\\/\",\"https:\\\/\\\/www.flickr.com\\\/photos\\\/permakultur-landwirtschaft\",\"https:\\\/\\\/www.youtube.com\\\/@PermakulturLandwirtschaft\"]},{\"@type\":\"Person\",\"@id\":\"https:\\\/\\\/permakultur-landwirtschaft.org\\\/#\\\/schema\\\/person\\\/6b0467872f75aed3e144093f9bf4f0b0\",\"name\":\"adrian reutimann\",\"url\":\"https:\\\/\\\/permakultur-landwirtschaft.org\\\/fr\\\/author\\\/reutiadr\\\/\"}]}<\/script>\n<!-- \/ Yoast SEO plugin. -->","yoast_head_json":{"title":"Kompetenzzentrum Permakultur der HAFL - Agricultura vom 09. November 2021 - Permakultur-Landwirtschaft","robots":{"index":"index","follow":"follow","max-snippet":"max-snippet:-1","max-image-preview":"max-image-preview:large","max-video-preview":"max-video-preview:-1"},"canonical":"https:\/\/permakultur-landwirtschaft.org\/fr\/kompetenzzentrum-permakultur-der-hafl-agricultura-vom-09-november-2021\/","og_locale":"fr_FR","og_type":"article","og_title":"Kompetenzzentrum Permakultur der HAFL - Agricultura vom 09. November 2021 - Permakultur-Landwirtschaft","og_description":"Text von kleinbauern.ch: Permakultur? Der Begriff hat in den letzten Jahren viel von sich reden gemacht. Viele G\u00e4rtnerinnen interessieren sich f\u00fcr dieses Gestaltungsprinzip und wenden es im Hausgarten an. Doch ist Permakultur auch eine zukunftsversprechende Methode f\u00fcr gr\u00f6ssere Fl\u00e4chen? F\u00fcr Professor Hans Ramseier, Dozent f\u00fcr Pflanzenschutz und \u00f6kologischen Ausgleich an der Hochschule f\u00fcr Agrar-, Forst- [&hellip;]","og_url":"https:\/\/permakultur-landwirtschaft.org\/fr\/kompetenzzentrum-permakultur-der-hafl-agricultura-vom-09-november-2021\/","og_site_name":"Permakultur-Landwirtschaft","article_publisher":"https:\/\/www.facebook.com\/PermakulturLandwirtschaft","article_published_time":"2021-11-09T09:28:13+00:00","article_modified_time":"2021-11-26T09:34:28+00:00","og_image":[{"width":700,"height":451,"url":"https:\/\/permakultur-landwirtschaft.org\/wp-content\/uploads\/2021\/11\/permakultur_web-2048x1322-1.jpg","type":"image\/jpeg"}],"author":"adrian reutimann","twitter_card":"summary_large_image","twitter_misc":{"\u00c9crit par":"adrian reutimann","Dur\u00e9e de lecture estim\u00e9e":"1 minute"},"schema":{"@context":"https:\/\/schema.org","@graph":[{"@type":"Article","@id":"https:\/\/permakultur-landwirtschaft.org\/kompetenzzentrum-permakultur-der-hafl-agricultura-vom-09-november-2021\/#article","isPartOf":{"@id":"https:\/\/permakultur-landwirtschaft.org\/kompetenzzentrum-permakultur-der-hafl-agricultura-vom-09-november-2021\/"},"author":{"name":"adrian reutimann","@id":"https:\/\/permakultur-landwirtschaft.org\/#\/schema\/person\/6b0467872f75aed3e144093f9bf4f0b0"},"headline":"Kompetenzzentrum Permakultur der HAFL &#8211; Agricultura vom 09. November 2021","datePublished":"2021-11-09T09:28:13+00:00","dateModified":"2021-11-26T09:34:28+00:00","mainEntityOfPage":{"@id":"https:\/\/permakultur-landwirtschaft.org\/kompetenzzentrum-permakultur-der-hafl-agricultura-vom-09-november-2021\/"},"wordCount":171,"publisher":{"@id":"https:\/\/permakultur-landwirtschaft.org\/#organization"},"image":{"@id":"https:\/\/permakultur-landwirtschaft.org\/kompetenzzentrum-permakultur-der-hafl-agricultura-vom-09-november-2021\/#primaryimage"},"thumbnailUrl":"https:\/\/permakultur-landwirtschaft.org\/wp-content\/uploads\/2021\/11\/permakultur_web-2048x1322-1.jpg","articleSection":["Neuigkeit"],"inLanguage":"fr-FR"},{"@type":"WebPage","@id":"https:\/\/permakultur-landwirtschaft.org\/kompetenzzentrum-permakultur-der-hafl-agricultura-vom-09-november-2021\/","url":"https:\/\/permakultur-landwirtschaft.org\/kompetenzzentrum-permakultur-der-hafl-agricultura-vom-09-november-2021\/","name":"Kompetenzzentrum Permakultur der HAFL - Agricultura vom 09. November 2021 - Permakultur-Landwirtschaft","isPartOf":{"@id":"https:\/\/permakultur-landwirtschaft.org\/#website"},"primaryImageOfPage":{"@id":"https:\/\/permakultur-landwirtschaft.org\/kompetenzzentrum-permakultur-der-hafl-agricultura-vom-09-november-2021\/#primaryimage"},"image":{"@id":"https:\/\/permakultur-landwirtschaft.org\/kompetenzzentrum-permakultur-der-hafl-agricultura-vom-09-november-2021\/#primaryimage"},"thumbnailUrl":"https:\/\/permakultur-landwirtschaft.org\/wp-content\/uploads\/2021\/11\/permakultur_web-2048x1322-1.jpg","datePublished":"2021-11-09T09:28:13+00:00","dateModified":"2021-11-26T09:34:28+00:00","breadcrumb":{"@id":"https:\/\/permakultur-landwirtschaft.org\/kompetenzzentrum-permakultur-der-hafl-agricultura-vom-09-november-2021\/#breadcrumb"},"inLanguage":"fr-FR","potentialAction":[{"@type":"ReadAction","target":["https:\/\/permakultur-landwirtschaft.org\/kompetenzzentrum-permakultur-der-hafl-agricultura-vom-09-november-2021\/"]}]},{"@type":"ImageObject","inLanguage":"fr-FR","@id":"https:\/\/permakultur-landwirtschaft.org\/kompetenzzentrum-permakultur-der-hafl-agricultura-vom-09-november-2021\/#primaryimage","url":"https:\/\/permakultur-landwirtschaft.org\/wp-content\/uploads\/2021\/11\/permakultur_web-2048x1322-1.jpg","contentUrl":"https:\/\/permakultur-landwirtschaft.org\/wp-content\/uploads\/2021\/11\/permakultur_web-2048x1322-1.jpg","width":700,"height":451},{"@type":"BreadcrumbList","@id":"https:\/\/permakultur-landwirtschaft.org\/kompetenzzentrum-permakultur-der-hafl-agricultura-vom-09-november-2021\/#breadcrumb","itemListElement":[{"@type":"ListItem","position":1,"name":"Startseite","item":"https:\/\/permakultur-landwirtschaft.org\/"},{"@type":"ListItem","position":2,"name":"Kompetenzzentrum Permakultur der HAFL &#8211; Agricultura vom 09. November 2021"}]},{"@type":"WebSite","@id":"https:\/\/permakultur-landwirtschaft.org\/#website","url":"https:\/\/permakultur-landwirtschaft.org\/","name":"Permakultur-Landwirtschaft","description":"F\u00f6rderung der Permakultur in der Landwirtschaft","publisher":{"@id":"https:\/\/permakultur-landwirtschaft.org\/#organization"},"potentialAction":[{"@type":"SearchAction","target":{"@type":"EntryPoint","urlTemplate":"https:\/\/permakultur-landwirtschaft.org\/?s={search_term_string}"},"query-input":{"@type":"PropertyValueSpecification","valueRequired":true,"valueName":"search_term_string"}}],"inLanguage":"fr-FR"},{"@type":"Organization","@id":"https:\/\/permakultur-landwirtschaft.org\/#organization","name":"Permakultur-Landwirtschaft","alternateName":"Verein Permakultur-Landwirtschaft","url":"https:\/\/permakultur-landwirtschaft.org\/","logo":{"@type":"ImageObject","inLanguage":"fr-FR","@id":"https:\/\/permakultur-landwirtschaft.org\/#\/schema\/logo\/image\/","url":"https:\/\/permakultur-landwirtschaft.org\/wp-content\/uploads\/2021\/11\/pela_1268x1269.png","contentUrl":"https:\/\/permakultur-landwirtschaft.org\/wp-content\/uploads\/2021\/11\/pela_1268x1269.png","width":1298,"height":1269,"caption":"Permakultur-Landwirtschaft"},"image":{"@id":"https:\/\/permakultur-landwirtschaft.org\/#\/schema\/logo\/image\/"},"sameAs":["https:\/\/www.facebook.com\/PermakulturLandwirtschaft","https:\/\/www.instagram.com\/permakultur_landwirtschaft\/","https:\/\/www.flickr.com\/photos\/permakultur-landwirtschaft","https:\/\/www.youtube.com\/@PermakulturLandwirtschaft"]},{"@type":"Person","@id":"https:\/\/permakultur-landwirtschaft.org\/#\/schema\/person\/6b0467872f75aed3e144093f9bf4f0b0","name":"adrian reutimann","url":"https:\/\/permakultur-landwirtschaft.org\/fr\/author\/reutiadr\/"}]}},"_links":{"self":[{"href":"https:\/\/permakultur-landwirtschaft.org\/fr\/wp-json\/wp\/v2\/posts\/16870","targetHints":{"allow":["GET"]}}],"collection":[{"href":"https:\/\/permakultur-landwirtschaft.org\/fr\/wp-json\/wp\/v2\/posts"}],"about":[{"href":"https:\/\/permakultur-landwirtschaft.org\/fr\/wp-json\/wp\/v2\/types\/post"}],"author":[{"embeddable":true,"href":"https:\/\/permakultur-landwirtschaft.org\/fr\/wp-json\/wp\/v2\/users\/2"}],"replies":[{"embeddable":true,"href":"https:\/\/permakultur-landwirtschaft.org\/fr\/wp-json\/wp\/v2\/comments?post=16870"}],"version-history":[{"count":1,"href":"https:\/\/permakultur-landwirtschaft.org\/fr\/wp-json\/wp\/v2\/posts\/16870\/revisions"}],"predecessor-version":[{"id":16872,"href":"https:\/\/permakultur-landwirtschaft.org\/fr\/wp-json\/wp\/v2\/posts\/16870\/revisions\/16872"}],"wp:featuredmedia":[{"embeddable":true,"href":"https:\/\/permakultur-landwirtschaft.org\/fr\/wp-json\/wp\/v2\/media\/16871"}],"wp:attachment":[{"href":"https:\/\/permakultur-landwirtschaft.org\/fr\/wp-json\/wp\/v2\/media?parent=16870"}],"wp:term":[{"taxonomy":"category","embeddable":true,"href":"https:\/\/permakultur-landwirtschaft.org\/fr\/wp-json\/wp\/v2\/categories?post=16870"},{"taxonomy":"post_tag","embeddable":true,"href":"https:\/\/permakultur-landwirtschaft.org\/fr\/wp-json\/wp\/v2\/tags?post=16870"}],"curies":[{"name":"wp","href":"https:\/\/api.w.org\/{rel}","templated":true}]}}