{"id":1667,"date":"2019-09-19T16:00:43","date_gmt":"2019-09-19T14:00:43","guid":{"rendered":"http:\/\/permakultur-landwirtschaft.org\/?p=1667"},"modified":"2020-05-07T21:32:16","modified_gmt":"2020-05-07T19:32:16","slug":"mehrjaehriges-gemuese-und-seltene-obstarten-am-19-september-2019","status":"publish","type":"post","link":"https:\/\/permakultur-landwirtschaft.org\/fr\/mehrjaehriges-gemuese-und-seltene-obstarten-am-19-september-2019\/","title":{"rendered":"Mehrj\u00e4hriges Gem\u00fcse und seltene Obstarten am 19. September 2019"},"content":{"rendered":"<h4>Mehrj\u00e4hriges Gem\u00fcse und seltene Obstarten<br \/>\nLandwirtschaft neu Denken<\/h4>\n<p>In Zusammenarbeit mit dem Ern\u00e4hrungsforum Z\u00fcrich h\u00e4lt Matthias Br\u00fcck einen visuellen Vortrag \u00fcber seltene Obstarten und \u00fcber mehrj\u00e4hriges Gem\u00fcse und Getreide \u2013 aus hiesigen und fernen L\u00e4ndern. Sie haben enormes Potenzial f\u00fcr den \u00f6kologischen Anbau, zur Ern\u00e4hrungssicherheit und einem gesunden Bodenaufbau in der Schweiz. Auch f\u00fcr die Nutzung und Gestaltung \u00f6ffentlicher Gr\u00fcnfl\u00e4chen sind sie wertvoll: \u201eAllmende-G\u00e4rten\u201c als Lernorte, wo man sich einen Zvieri pfl\u00fccken kann?<\/p>\n<p><a href=\"https:\/\/permakultur-landwirtschaft.org\/documents\/20190919_Event_Mehrjaehriges_Gemuuese_und_seltene_Obstarten-Landwirtschaft_neu_denken.pdf\"><br \/>\n<strong>Weitere Infos im Flyer unter diesem Link<\/strong><br \/>\n<\/a><\/p>","protected":false},"excerpt":{"rendered":"<p>Mehrj\u00e4hriges Gem\u00fcse und seltene Obstarten Landwirtschaft neu Denken In Zusammenarbeit mit dem Ern\u00e4hrungsforum Z\u00fcrich h\u00e4lt Matthias Br\u00fcck einen visuellen Vortrag \u00fcber seltene Obstarten und \u00fcber mehrj\u00e4hriges Gem\u00fcse und Getreide \u2013 aus hiesigen und fernen L\u00e4ndern. Sie haben enormes Potenzial f\u00fcr den \u00f6kologischen Anbau, zur Ern\u00e4hrungssicherheit und einem gesunden Bodenaufbau in der Schweiz. Auch f\u00fcr die [&hellip;]<\/p>\n","protected":false},"author":2,"featured_media":1669,"comment_status":"closed","ping_status":"closed","sticky":false,"template":"","format":"standard","meta":{"_acf_changed":false,"site-sidebar-layout":"default","site-content-layout":"","ast-site-content-layout":"default","site-content-style":"default","site-sidebar-style":"default","ast-global-header-display":"","ast-banner-title-visibility":"","ast-main-header-display":"","ast-hfb-above-header-display":"","ast-hfb-below-header-display":"","ast-hfb-mobile-header-display":"","site-post-title":"","ast-breadcrumbs-content":"","ast-featured-img":"","footer-sml-layout":"","ast-disable-related-posts":"","theme-transparent-header-meta":"","adv-header-id-meta":"","stick-header-meta":"","header-above-stick-meta":"","header-main-stick-meta":"","header-below-stick-meta":"","astra-migrate-meta-layouts":"default","ast-page-background-enabled":"default","ast-page-background-meta":{"desktop":{"background-color":"var(--ast-global-color-4)","background-image":"","background-repeat":"repeat","background-position":"center center","background-size":"auto","background-attachment":"scroll","background-type":"","background-media":"","overlay-type":"","overlay-color":"","overlay-opacity":"","overlay-gradient":""},"tablet":{"background-color":"","background-image":"","background-repeat":"repeat","background-position":"center center","background-size":"auto","background-attachment":"scroll","background-type":"","background-media":"","overlay-type":"","overlay-color":"","overlay-opacity":"","overlay-gradient":""},"mobile":{"background-color":"","background-image":"","background-repeat":"repeat","background-position":"center center","background-size":"auto","background-attachment":"scroll","background-type":"","background-media":"","overlay-type":"","overlay-color":"","overlay-opacity":"","overlay-gradient":""}},"ast-content-background-meta":{"desktop":{"background-color":"var(--ast-global-color-5)","background-image":"","background-repeat":"repeat","background-position":"center center","background-size":"auto","background-attachment":"scroll","background-type":"","background-media":"","overlay-type":"","overlay-color":"","overlay-opacity":"","overlay-gradient":""},"tablet":{"background-color":"var(--ast-global-color-5)","background-image":"","background-repeat":"repeat","background-position":"center center","background-size":"auto","background-attachment":"scroll","background-type":"","background-media":"","overlay-type":"","overlay-color":"","overlay-opacity":"","overlay-gradient":""},"mobile":{"background-color":"var(--ast-global-color-5)","background-image":"","background-repeat":"repeat","background-position":"center center","background-size":"auto","background-attachment":"scroll","background-type":"","background-media":"","overlay-type":"","overlay-color":"","overlay-opacity":"","overlay-gradient":""}},"footnotes":""},"categories":[21],"tags":[],"class_list":["post-1667","post","type-post","status-publish","format-standard","has-post-thumbnail","hentry","category-veranstaltungen_archiv"],"acf":[],"yoast_head":"<!-- This site is optimized with the Yoast SEO plugin v27.5 - https:\/\/yoast.com\/product\/yoast-seo-wordpress\/ -->\n<title>Mehrj\u00e4hriges Gem\u00fcse und seltene Obstarten am 19. September 2019 - Permakultur-Landwirtschaft<\/title>\n<meta name=\"robots\" content=\"index, follow, max-snippet:-1, max-image-preview:large, max-video-preview:-1\" \/>\n<link rel=\"canonical\" href=\"https:\/\/permakultur-landwirtschaft.org\/fr\/mehrjaehriges-gemuese-und-seltene-obstarten-am-19-september-2019\/\" \/>\n<meta property=\"og:locale\" content=\"fr_FR\" \/>\n<meta property=\"og:type\" content=\"article\" \/>\n<meta property=\"og:title\" content=\"Mehrj\u00e4hriges Gem\u00fcse und seltene Obstarten am 19. September 2019 - Permakultur-Landwirtschaft\" \/>\n<meta property=\"og:description\" content=\"Mehrj\u00e4hriges Gem\u00fcse und seltene Obstarten Landwirtschaft neu Denken In Zusammenarbeit mit dem Ern\u00e4hrungsforum Z\u00fcrich h\u00e4lt Matthias Br\u00fcck einen visuellen Vortrag \u00fcber seltene Obstarten und \u00fcber mehrj\u00e4hriges Gem\u00fcse und Getreide \u2013 aus hiesigen und fernen L\u00e4ndern. Sie haben enormes Potenzial f\u00fcr den \u00f6kologischen Anbau, zur Ern\u00e4hrungssicherheit und einem gesunden Bodenaufbau in der Schweiz. Auch f\u00fcr die [&hellip;]\" \/>\n<meta property=\"og:url\" content=\"https:\/\/permakultur-landwirtschaft.org\/fr\/mehrjaehriges-gemuese-und-seltene-obstarten-am-19-september-2019\/\" \/>\n<meta property=\"og:site_name\" content=\"Permakultur-Landwirtschaft\" \/>\n<meta property=\"article:publisher\" content=\"https:\/\/www.facebook.com\/PermakulturLandwirtschaft\" \/>\n<meta property=\"article:published_time\" content=\"2019-09-19T14:00:43+00:00\" \/>\n<meta property=\"article:modified_time\" content=\"2020-05-07T19:32:16+00:00\" \/>\n<meta property=\"og:image\" content=\"https:\/\/permakultur-landwirtschaft.org\/wp-content\/uploads\/2019\/07\/20190919_vortrag_matthias.png\" \/>\n\t<meta property=\"og:image:width\" content=\"339\" \/>\n\t<meta property=\"og:image:height\" content=\"367\" \/>\n\t<meta property=\"og:image:type\" content=\"image\/png\" \/>\n<meta name=\"author\" content=\"adrian reutimann\" \/>\n<meta name=\"twitter:card\" content=\"summary_large_image\" \/>\n<meta name=\"twitter:label1\" content=\"\u00c9crit par\" \/>\n\t<meta name=\"twitter:data1\" content=\"adrian reutimann\" \/>\n<script type=\"application\/ld+json\" class=\"yoast-schema-graph\">{\"@context\":\"https:\\\/\\\/schema.org\",\"@graph\":[{\"@type\":\"Article\",\"@id\":\"https:\\\/\\\/permakultur-landwirtschaft.org\\\/mehrjaehriges-gemuese-und-seltene-obstarten-am-19-september-2019\\\/#article\",\"isPartOf\":{\"@id\":\"https:\\\/\\\/permakultur-landwirtschaft.org\\\/mehrjaehriges-gemuese-und-seltene-obstarten-am-19-september-2019\\\/\"},\"author\":{\"name\":\"adrian reutimann\",\"@id\":\"https:\\\/\\\/permakultur-landwirtschaft.org\\\/#\\\/schema\\\/person\\\/6b0467872f75aed3e144093f9bf4f0b0\"},\"headline\":\"Mehrj\u00e4hriges Gem\u00fcse und seltene Obstarten am 19. September 2019\",\"datePublished\":\"2019-09-19T14:00:43+00:00\",\"dateModified\":\"2020-05-07T19:32:16+00:00\",\"mainEntityOfPage\":{\"@id\":\"https:\\\/\\\/permakultur-landwirtschaft.org\\\/mehrjaehriges-gemuese-und-seltene-obstarten-am-19-september-2019\\\/\"},\"wordCount\":104,\"publisher\":{\"@id\":\"https:\\\/\\\/permakultur-landwirtschaft.org\\\/#organization\"},\"image\":{\"@id\":\"https:\\\/\\\/permakultur-landwirtschaft.org\\\/mehrjaehriges-gemuese-und-seltene-obstarten-am-19-september-2019\\\/#primaryimage\"},\"thumbnailUrl\":\"https:\\\/\\\/permakultur-landwirtschaft.org\\\/wp-content\\\/uploads\\\/2019\\\/07\\\/20190919_vortrag_matthias.png\",\"articleSection\":[\"Veranstaltungen_Archiv\"],\"inLanguage\":\"fr-FR\"},{\"@type\":\"WebPage\",\"@id\":\"https:\\\/\\\/permakultur-landwirtschaft.org\\\/mehrjaehriges-gemuese-und-seltene-obstarten-am-19-september-2019\\\/\",\"url\":\"https:\\\/\\\/permakultur-landwirtschaft.org\\\/mehrjaehriges-gemuese-und-seltene-obstarten-am-19-september-2019\\\/\",\"name\":\"Mehrj\u00e4hriges Gem\u00fcse und seltene Obstarten am 19. September 2019 - Permakultur-Landwirtschaft\",\"isPartOf\":{\"@id\":\"https:\\\/\\\/permakultur-landwirtschaft.org\\\/#website\"},\"primaryImageOfPage\":{\"@id\":\"https:\\\/\\\/permakultur-landwirtschaft.org\\\/mehrjaehriges-gemuese-und-seltene-obstarten-am-19-september-2019\\\/#primaryimage\"},\"image\":{\"@id\":\"https:\\\/\\\/permakultur-landwirtschaft.org\\\/mehrjaehriges-gemuese-und-seltene-obstarten-am-19-september-2019\\\/#primaryimage\"},\"thumbnailUrl\":\"https:\\\/\\\/permakultur-landwirtschaft.org\\\/wp-content\\\/uploads\\\/2019\\\/07\\\/20190919_vortrag_matthias.png\",\"datePublished\":\"2019-09-19T14:00:43+00:00\",\"dateModified\":\"2020-05-07T19:32:16+00:00\",\"breadcrumb\":{\"@id\":\"https:\\\/\\\/permakultur-landwirtschaft.org\\\/mehrjaehriges-gemuese-und-seltene-obstarten-am-19-september-2019\\\/#breadcrumb\"},\"inLanguage\":\"fr-FR\",\"potentialAction\":[{\"@type\":\"ReadAction\",\"target\":[\"https:\\\/\\\/permakultur-landwirtschaft.org\\\/mehrjaehriges-gemuese-und-seltene-obstarten-am-19-september-2019\\\/\"]}]},{\"@type\":\"ImageObject\",\"inLanguage\":\"fr-FR\",\"@id\":\"https:\\\/\\\/permakultur-landwirtschaft.org\\\/mehrjaehriges-gemuese-und-seltene-obstarten-am-19-september-2019\\\/#primaryimage\",\"url\":\"https:\\\/\\\/permakultur-landwirtschaft.org\\\/wp-content\\\/uploads\\\/2019\\\/07\\\/20190919_vortrag_matthias.png\",\"contentUrl\":\"https:\\\/\\\/permakultur-landwirtschaft.org\\\/wp-content\\\/uploads\\\/2019\\\/07\\\/20190919_vortrag_matthias.png\",\"width\":339,\"height\":367},{\"@type\":\"BreadcrumbList\",\"@id\":\"https:\\\/\\\/permakultur-landwirtschaft.org\\\/mehrjaehriges-gemuese-und-seltene-obstarten-am-19-september-2019\\\/#breadcrumb\",\"itemListElement\":[{\"@type\":\"ListItem\",\"position\":1,\"name\":\"Startseite\",\"item\":\"https:\\\/\\\/permakultur-landwirtschaft.org\\\/\"},{\"@type\":\"ListItem\",\"position\":2,\"name\":\"Mehrj\u00e4hriges Gem\u00fcse und seltene Obstarten am 19. September 2019\"}]},{\"@type\":\"WebSite\",\"@id\":\"https:\\\/\\\/permakultur-landwirtschaft.org\\\/#website\",\"url\":\"https:\\\/\\\/permakultur-landwirtschaft.org\\\/\",\"name\":\"Permakultur-Landwirtschaft\",\"description\":\"F\u00f6rderung der Permakultur in der Landwirtschaft\",\"publisher\":{\"@id\":\"https:\\\/\\\/permakultur-landwirtschaft.org\\\/#organization\"},\"potentialAction\":[{\"@type\":\"SearchAction\",\"target\":{\"@type\":\"EntryPoint\",\"urlTemplate\":\"https:\\\/\\\/permakultur-landwirtschaft.org\\\/?s={search_term_string}\"},\"query-input\":{\"@type\":\"PropertyValueSpecification\",\"valueRequired\":true,\"valueName\":\"search_term_string\"}}],\"inLanguage\":\"fr-FR\"},{\"@type\":\"Organization\",\"@id\":\"https:\\\/\\\/permakultur-landwirtschaft.org\\\/#organization\",\"name\":\"Permakultur-Landwirtschaft\",\"alternateName\":\"Verein Permakultur-Landwirtschaft\",\"url\":\"https:\\\/\\\/permakultur-landwirtschaft.org\\\/\",\"logo\":{\"@type\":\"ImageObject\",\"inLanguage\":\"fr-FR\",\"@id\":\"https:\\\/\\\/permakultur-landwirtschaft.org\\\/#\\\/schema\\\/logo\\\/image\\\/\",\"url\":\"https:\\\/\\\/permakultur-landwirtschaft.org\\\/wp-content\\\/uploads\\\/2021\\\/11\\\/pela_1268x1269.png\",\"contentUrl\":\"https:\\\/\\\/permakultur-landwirtschaft.org\\\/wp-content\\\/uploads\\\/2021\\\/11\\\/pela_1268x1269.png\",\"width\":1298,\"height\":1269,\"caption\":\"Permakultur-Landwirtschaft\"},\"image\":{\"@id\":\"https:\\\/\\\/permakultur-landwirtschaft.org\\\/#\\\/schema\\\/logo\\\/image\\\/\"},\"sameAs\":[\"https:\\\/\\\/www.facebook.com\\\/PermakulturLandwirtschaft\",\"https:\\\/\\\/www.instagram.com\\\/permakultur_landwirtschaft\\\/\",\"https:\\\/\\\/www.flickr.com\\\/photos\\\/permakultur-landwirtschaft\",\"https:\\\/\\\/www.youtube.com\\\/@PermakulturLandwirtschaft\"]},{\"@type\":\"Person\",\"@id\":\"https:\\\/\\\/permakultur-landwirtschaft.org\\\/#\\\/schema\\\/person\\\/6b0467872f75aed3e144093f9bf4f0b0\",\"name\":\"adrian reutimann\",\"url\":\"https:\\\/\\\/permakultur-landwirtschaft.org\\\/fr\\\/author\\\/reutiadr\\\/\"}]}<\/script>\n<!-- \/ Yoast SEO plugin. -->","yoast_head_json":{"title":"Mehrj\u00e4hriges Gem\u00fcse und seltene Obstarten am 19. September 2019 - Permakultur-Landwirtschaft","robots":{"index":"index","follow":"follow","max-snippet":"max-snippet:-1","max-image-preview":"max-image-preview:large","max-video-preview":"max-video-preview:-1"},"canonical":"https:\/\/permakultur-landwirtschaft.org\/fr\/mehrjaehriges-gemuese-und-seltene-obstarten-am-19-september-2019\/","og_locale":"fr_FR","og_type":"article","og_title":"Mehrj\u00e4hriges Gem\u00fcse und seltene Obstarten am 19. September 2019 - Permakultur-Landwirtschaft","og_description":"Mehrj\u00e4hriges Gem\u00fcse und seltene Obstarten Landwirtschaft neu Denken In Zusammenarbeit mit dem Ern\u00e4hrungsforum Z\u00fcrich h\u00e4lt Matthias Br\u00fcck einen visuellen Vortrag \u00fcber seltene Obstarten und \u00fcber mehrj\u00e4hriges Gem\u00fcse und Getreide \u2013 aus hiesigen und fernen L\u00e4ndern. Sie haben enormes Potenzial f\u00fcr den \u00f6kologischen Anbau, zur Ern\u00e4hrungssicherheit und einem gesunden Bodenaufbau in der Schweiz. Auch f\u00fcr die [&hellip;]","og_url":"https:\/\/permakultur-landwirtschaft.org\/fr\/mehrjaehriges-gemuese-und-seltene-obstarten-am-19-september-2019\/","og_site_name":"Permakultur-Landwirtschaft","article_publisher":"https:\/\/www.facebook.com\/PermakulturLandwirtschaft","article_published_time":"2019-09-19T14:00:43+00:00","article_modified_time":"2020-05-07T19:32:16+00:00","og_image":[{"width":339,"height":367,"url":"https:\/\/permakultur-landwirtschaft.org\/wp-content\/uploads\/2019\/07\/20190919_vortrag_matthias.png","type":"image\/png"}],"author":"adrian reutimann","twitter_card":"summary_large_image","twitter_misc":{"\u00c9crit par":"adrian reutimann"},"schema":{"@context":"https:\/\/schema.org","@graph":[{"@type":"Article","@id":"https:\/\/permakultur-landwirtschaft.org\/mehrjaehriges-gemuese-und-seltene-obstarten-am-19-september-2019\/#article","isPartOf":{"@id":"https:\/\/permakultur-landwirtschaft.org\/mehrjaehriges-gemuese-und-seltene-obstarten-am-19-september-2019\/"},"author":{"name":"adrian reutimann","@id":"https:\/\/permakultur-landwirtschaft.org\/#\/schema\/person\/6b0467872f75aed3e144093f9bf4f0b0"},"headline":"Mehrj\u00e4hriges Gem\u00fcse und seltene Obstarten am 19. September 2019","datePublished":"2019-09-19T14:00:43+00:00","dateModified":"2020-05-07T19:32:16+00:00","mainEntityOfPage":{"@id":"https:\/\/permakultur-landwirtschaft.org\/mehrjaehriges-gemuese-und-seltene-obstarten-am-19-september-2019\/"},"wordCount":104,"publisher":{"@id":"https:\/\/permakultur-landwirtschaft.org\/#organization"},"image":{"@id":"https:\/\/permakultur-landwirtschaft.org\/mehrjaehriges-gemuese-und-seltene-obstarten-am-19-september-2019\/#primaryimage"},"thumbnailUrl":"https:\/\/permakultur-landwirtschaft.org\/wp-content\/uploads\/2019\/07\/20190919_vortrag_matthias.png","articleSection":["Veranstaltungen_Archiv"],"inLanguage":"fr-FR"},{"@type":"WebPage","@id":"https:\/\/permakultur-landwirtschaft.org\/mehrjaehriges-gemuese-und-seltene-obstarten-am-19-september-2019\/","url":"https:\/\/permakultur-landwirtschaft.org\/mehrjaehriges-gemuese-und-seltene-obstarten-am-19-september-2019\/","name":"Mehrj\u00e4hriges Gem\u00fcse und seltene Obstarten am 19. September 2019 - Permakultur-Landwirtschaft","isPartOf":{"@id":"https:\/\/permakultur-landwirtschaft.org\/#website"},"primaryImageOfPage":{"@id":"https:\/\/permakultur-landwirtschaft.org\/mehrjaehriges-gemuese-und-seltene-obstarten-am-19-september-2019\/#primaryimage"},"image":{"@id":"https:\/\/permakultur-landwirtschaft.org\/mehrjaehriges-gemuese-und-seltene-obstarten-am-19-september-2019\/#primaryimage"},"thumbnailUrl":"https:\/\/permakultur-landwirtschaft.org\/wp-content\/uploads\/2019\/07\/20190919_vortrag_matthias.png","datePublished":"2019-09-19T14:00:43+00:00","dateModified":"2020-05-07T19:32:16+00:00","breadcrumb":{"@id":"https:\/\/permakultur-landwirtschaft.org\/mehrjaehriges-gemuese-und-seltene-obstarten-am-19-september-2019\/#breadcrumb"},"inLanguage":"fr-FR","potentialAction":[{"@type":"ReadAction","target":["https:\/\/permakultur-landwirtschaft.org\/mehrjaehriges-gemuese-und-seltene-obstarten-am-19-september-2019\/"]}]},{"@type":"ImageObject","inLanguage":"fr-FR","@id":"https:\/\/permakultur-landwirtschaft.org\/mehrjaehriges-gemuese-und-seltene-obstarten-am-19-september-2019\/#primaryimage","url":"https:\/\/permakultur-landwirtschaft.org\/wp-content\/uploads\/2019\/07\/20190919_vortrag_matthias.png","contentUrl":"https:\/\/permakultur-landwirtschaft.org\/wp-content\/uploads\/2019\/07\/20190919_vortrag_matthias.png","width":339,"height":367},{"@type":"BreadcrumbList","@id":"https:\/\/permakultur-landwirtschaft.org\/mehrjaehriges-gemuese-und-seltene-obstarten-am-19-september-2019\/#breadcrumb","itemListElement":[{"@type":"ListItem","position":1,"name":"Startseite","item":"https:\/\/permakultur-landwirtschaft.org\/"},{"@type":"ListItem","position":2,"name":"Mehrj\u00e4hriges Gem\u00fcse und seltene Obstarten am 19. September 2019"}]},{"@type":"WebSite","@id":"https:\/\/permakultur-landwirtschaft.org\/#website","url":"https:\/\/permakultur-landwirtschaft.org\/","name":"Permakultur-Landwirtschaft","description":"F\u00f6rderung der Permakultur in der Landwirtschaft","publisher":{"@id":"https:\/\/permakultur-landwirtschaft.org\/#organization"},"potentialAction":[{"@type":"SearchAction","target":{"@type":"EntryPoint","urlTemplate":"https:\/\/permakultur-landwirtschaft.org\/?s={search_term_string}"},"query-input":{"@type":"PropertyValueSpecification","valueRequired":true,"valueName":"search_term_string"}}],"inLanguage":"fr-FR"},{"@type":"Organization","@id":"https:\/\/permakultur-landwirtschaft.org\/#organization","name":"Permakultur-Landwirtschaft","alternateName":"Verein Permakultur-Landwirtschaft","url":"https:\/\/permakultur-landwirtschaft.org\/","logo":{"@type":"ImageObject","inLanguage":"fr-FR","@id":"https:\/\/permakultur-landwirtschaft.org\/#\/schema\/logo\/image\/","url":"https:\/\/permakultur-landwirtschaft.org\/wp-content\/uploads\/2021\/11\/pela_1268x1269.png","contentUrl":"https:\/\/permakultur-landwirtschaft.org\/wp-content\/uploads\/2021\/11\/pela_1268x1269.png","width":1298,"height":1269,"caption":"Permakultur-Landwirtschaft"},"image":{"@id":"https:\/\/permakultur-landwirtschaft.org\/#\/schema\/logo\/image\/"},"sameAs":["https:\/\/www.facebook.com\/PermakulturLandwirtschaft","https:\/\/www.instagram.com\/permakultur_landwirtschaft\/","https:\/\/www.flickr.com\/photos\/permakultur-landwirtschaft","https:\/\/www.youtube.com\/@PermakulturLandwirtschaft"]},{"@type":"Person","@id":"https:\/\/permakultur-landwirtschaft.org\/#\/schema\/person\/6b0467872f75aed3e144093f9bf4f0b0","name":"adrian reutimann","url":"https:\/\/permakultur-landwirtschaft.org\/fr\/author\/reutiadr\/"}]}},"_links":{"self":[{"href":"https:\/\/permakultur-landwirtschaft.org\/fr\/wp-json\/wp\/v2\/posts\/1667","targetHints":{"allow":["GET"]}}],"collection":[{"href":"https:\/\/permakultur-landwirtschaft.org\/fr\/wp-json\/wp\/v2\/posts"}],"about":[{"href":"https:\/\/permakultur-landwirtschaft.org\/fr\/wp-json\/wp\/v2\/types\/post"}],"author":[{"embeddable":true,"href":"https:\/\/permakultur-landwirtschaft.org\/fr\/wp-json\/wp\/v2\/users\/2"}],"replies":[{"embeddable":true,"href":"https:\/\/permakultur-landwirtschaft.org\/fr\/wp-json\/wp\/v2\/comments?post=1667"}],"version-history":[{"count":2,"href":"https:\/\/permakultur-landwirtschaft.org\/fr\/wp-json\/wp\/v2\/posts\/1667\/revisions"}],"predecessor-version":[{"id":1946,"href":"https:\/\/permakultur-landwirtschaft.org\/fr\/wp-json\/wp\/v2\/posts\/1667\/revisions\/1946"}],"wp:featuredmedia":[{"embeddable":true,"href":"https:\/\/permakultur-landwirtschaft.org\/fr\/wp-json\/wp\/v2\/media\/1669"}],"wp:attachment":[{"href":"https:\/\/permakultur-landwirtschaft.org\/fr\/wp-json\/wp\/v2\/media?parent=1667"}],"wp:term":[{"taxonomy":"category","embeddable":true,"href":"https:\/\/permakultur-landwirtschaft.org\/fr\/wp-json\/wp\/v2\/categories?post=1667"},{"taxonomy":"post_tag","embeddable":true,"href":"https:\/\/permakultur-landwirtschaft.org\/fr\/wp-json\/wp\/v2\/tags?post=1667"}],"curies":[{"name":"wp","href":"https:\/\/api.w.org\/{rel}","templated":true}]}}