{"id":1643,"date":"2019-09-01T08:41:12","date_gmt":"2019-09-01T06:41:12","guid":{"rendered":"http:\/\/permakultur-landwirtschaft.org\/?p=1643"},"modified":"2020-08-25T12:19:45","modified_gmt":"2020-08-25T10:19:45","slug":"permakultur-wanderung-und-besichtigung-vom-eulenhof-am-01-september-2019","status":"publish","type":"post","link":"https:\/\/permakultur-landwirtschaft.org\/fr\/permakultur-wanderung-und-besichtigung-vom-eulenhof-am-01-september-2019\/","title":{"rendered":"Permakultur Wanderung und Besichtigung vom Eulenhof am 01. September 2019"},"content":{"rendered":"<h4>Die Vereine <a href=\"http:\/\/www.permakultur.ch\/\" target=\"_blank\" rel=\"noopener noreferrer\">Permakultur Schweiz <\/a> und Permakultur-Landwirtschaft laden alle Mitglieder und Interessierten herzlich zur dritten gemeinsamen Wanderung am Sonntag, 01. September 2019 ein.<\/h4>\n<p><a href=\"https:\/\/www.flickr.com\/photos\/135706907@N03\/albums\/72157710658082892\" target=\"_blank\" rel=\"noopener noreferrer\">Fotos vom Anlass sind hier zu finden.<\/a><\/p>\n<p>Nutze die Gelegenheit, Kontakte zu kn\u00fcpfen, bekannte Gesichter zu treffen oder die beiden Vereine besser kennen zu lernen.<\/p>\n<p>Wir werden dieses Jahr zusammen von Rheinfelden ca. 2 Stunden nach M\u00f6hlin wandern und dort den Eulenhof besuchen. Auf dem Hof gibt es ein Mittagessen und anschliessend tauchen wir ins Schaffen des Hofes ein. Die Themenschwerpunkte werden Agroforst, Permakultur und Solidarische Landwirtschaft sein.<\/p>\n<p>Wir freuen uns auf Dich!<\/p>\n<p>Unter folgenden Links einige Eindr\u00fccke der bisherigen Wanderungen: <a href=\"https:\/\/www.flickr.com\/photos\/135706907@N03\/albums\/72157689009990025\" target=\"_blank\" rel=\"noopener noreferrer\">2017<\/a>, <a href=\"https:\/\/www.flickr.com\/photos\/135706907@N03\/albums\/72157695088684670\" target=\"_blank\" rel=\"noopener noreferrer\">2018<\/a><\/p>\n<p><strong>Treffpunkt<\/strong><br \/>\n09:30 Bahnhof, Rheinfelden<\/p>\n<p><strong>Programme<\/strong><br \/>\n09:30 Eintreffen<br \/>\n09:40 Abmarsch<br \/>\nBegr\u00fcssung<br \/>\nGemeinsame Wanderung zum Eulenhof<br \/>\nMittagesse auf dem Hof<br \/>\nHof F\u00fchrung<br \/>\n16:00 Individuelle R\u00fcckreise<\/p>\n<p><strong>Adresse<\/strong><br \/>\nEulenhof M\u00f6hlin<br \/>\nSchaufelgasse 34a<br \/>\n4313 M\u00f6hlin<br \/>\n<a href=\"https:\/\/solila.ch\/\" target=\"_blank\" rel=\"noopener noreferrer\">solila.ch<\/a><\/p>\n<p><a href=\"https:\/\/solila.ch\/\" target=\"_blank\" rel=\"noopener noreferrer\"><img decoding=\"async\" class=\"size-full wp-image-1645 alignnone\" src=\"https:\/\/permakultur-landwirtschaft.org\/wp-content\/uploads\/2019\/07\/gmmgbafanajpopop.png\" alt=\"\" width=\"100\" height=\"100\" \/><\/a><\/p>\n<p><strong>Weitere Infos im Flyer:<\/strong><br \/>\n<a href=\"https:\/\/permakultur-landwirtschaft.org\/wp-content\/uploads\/2019\/07\/20190901_PelaWanderung_Flyer_small.png\"><img fetchpriority=\"high\" decoding=\"async\" class=\"alignnone wp-image-1647 size-large\" src=\"https:\/\/permakultur-landwirtschaft.org\/wp-content\/uploads\/2019\/07\/20190901_PelaWanderung_Flyer_small-717x1024.png\" alt=\"\" width=\"717\" height=\"1024\" srcset=\"https:\/\/permakultur-landwirtschaft.org\/wp-content\/uploads\/2019\/07\/20190901_PelaWanderung_Flyer_small-717x1024.png 717w, https:\/\/permakultur-landwirtschaft.org\/wp-content\/uploads\/2019\/07\/20190901_PelaWanderung_Flyer_small-210x300.png 210w, https:\/\/permakultur-landwirtschaft.org\/wp-content\/uploads\/2019\/07\/20190901_PelaWanderung_Flyer_small.png 735w\" sizes=\"(max-width: 717px) 100vw, 717px\" \/><\/a><\/p>\n<p><strong>Anmeldung unter<\/strong><br \/>\nsimon.schweizer@permakultur-landwirtschaft.org<br \/>\noder<br \/>\ncontact@permakultur-landwirtschaft.org<\/p>\n<p><strong>Co\u00fbts<\/strong><br \/>\nKollekte<\/p>\n<p>&nbsp;<\/p>","protected":false},"excerpt":{"rendered":"<p>Die Vereine Permakultur Schweiz und Permakultur-Landwirtschaft laden alle Mitglieder und Interessierten herzlich zur dritten gemeinsamen Wanderung am Sonntag, 01. September 2019 ein. Fotos vom Anlass sind hier zu finden. Nutze die Gelegenheit, Kontakte zu kn\u00fcpfen, bekannte Gesichter zu treffen oder die beiden Vereine besser kennen zu lernen. Wir werden dieses Jahr zusammen von Rheinfelden ca. [&hellip;]<\/p>\n","protected":false},"author":2,"featured_media":968,"comment_status":"closed","ping_status":"closed","sticky":false,"template":"","format":"standard","meta":{"_acf_changed":false,"site-sidebar-layout":"default","site-content-layout":"","ast-site-content-layout":"default","site-content-style":"default","site-sidebar-style":"default","ast-global-header-display":"","ast-banner-title-visibility":"","ast-main-header-display":"","ast-hfb-above-header-display":"","ast-hfb-below-header-display":"","ast-hfb-mobile-header-display":"","site-post-title":"","ast-breadcrumbs-content":"","ast-featured-img":"","footer-sml-layout":"","ast-disable-related-posts":"","theme-transparent-header-meta":"","adv-header-id-meta":"","stick-header-meta":"","header-above-stick-meta":"","header-main-stick-meta":"","header-below-stick-meta":"","astra-migrate-meta-layouts":"default","ast-page-background-enabled":"default","ast-page-background-meta":{"desktop":{"background-color":"var(--ast-global-color-4)","background-image":"","background-repeat":"repeat","background-position":"center center","background-size":"auto","background-attachment":"scroll","background-type":"","background-media":"","overlay-type":"","overlay-color":"","overlay-opacity":"","overlay-gradient":""},"tablet":{"background-color":"","background-image":"","background-repeat":"repeat","background-position":"center center","background-size":"auto","background-attachment":"scroll","background-type":"","background-media":"","overlay-type":"","overlay-color":"","overlay-opacity":"","overlay-gradient":""},"mobile":{"background-color":"","background-image":"","background-repeat":"repeat","background-position":"center center","background-size":"auto","background-attachment":"scroll","background-type":"","background-media":"","overlay-type":"","overlay-color":"","overlay-opacity":"","overlay-gradient":""}},"ast-content-background-meta":{"desktop":{"background-color":"var(--ast-global-color-5)","background-image":"","background-repeat":"repeat","background-position":"center center","background-size":"auto","background-attachment":"scroll","background-type":"","background-media":"","overlay-type":"","overlay-color":"","overlay-opacity":"","overlay-gradient":""},"tablet":{"background-color":"var(--ast-global-color-5)","background-image":"","background-repeat":"repeat","background-position":"center center","background-size":"auto","background-attachment":"scroll","background-type":"","background-media":"","overlay-type":"","overlay-color":"","overlay-opacity":"","overlay-gradient":""},"mobile":{"background-color":"var(--ast-global-color-5)","background-image":"","background-repeat":"repeat","background-position":"center center","background-size":"auto","background-attachment":"scroll","background-type":"","background-media":"","overlay-type":"","overlay-color":"","overlay-opacity":"","overlay-gradient":""}},"footnotes":""},"categories":[21],"tags":[],"class_list":["post-1643","post","type-post","status-publish","format-standard","has-post-thumbnail","hentry","category-veranstaltungen_archiv"],"acf":[],"yoast_head":"<!-- This site is optimized with the Yoast SEO plugin v27.5 - https:\/\/yoast.com\/product\/yoast-seo-wordpress\/ -->\n<title>Permakultur Wanderung und Besichtigung vom Eulenhof am 01. September 2019 - Permakultur-Landwirtschaft<\/title>\n<meta name=\"robots\" content=\"index, follow, max-snippet:-1, max-image-preview:large, max-video-preview:-1\" \/>\n<link rel=\"canonical\" href=\"https:\/\/permakultur-landwirtschaft.org\/fr\/permakultur-wanderung-und-besichtigung-vom-eulenhof-am-01-september-2019\/\" \/>\n<meta property=\"og:locale\" content=\"fr_FR\" \/>\n<meta property=\"og:type\" content=\"article\" \/>\n<meta property=\"og:title\" content=\"Permakultur Wanderung und Besichtigung vom Eulenhof am 01. September 2019 - Permakultur-Landwirtschaft\" \/>\n<meta property=\"og:description\" content=\"Die Vereine Permakultur Schweiz und Permakultur-Landwirtschaft laden alle Mitglieder und Interessierten herzlich zur dritten gemeinsamen Wanderung am Sonntag, 01. September 2019 ein. Fotos vom Anlass sind hier zu finden. Nutze die Gelegenheit, Kontakte zu kn\u00fcpfen, bekannte Gesichter zu treffen oder die beiden Vereine besser kennen zu lernen. Wir werden dieses Jahr zusammen von Rheinfelden ca. [&hellip;]\" \/>\n<meta property=\"og:url\" content=\"https:\/\/permakultur-landwirtschaft.org\/fr\/permakultur-wanderung-und-besichtigung-vom-eulenhof-am-01-september-2019\/\" \/>\n<meta property=\"og:site_name\" content=\"Permakultur-Landwirtschaft\" \/>\n<meta property=\"article:publisher\" content=\"https:\/\/www.facebook.com\/PermakulturLandwirtschaft\" \/>\n<meta property=\"article:published_time\" content=\"2019-09-01T06:41:12+00:00\" \/>\n<meta property=\"article:modified_time\" content=\"2020-08-25T10:19:45+00:00\" \/>\n<meta property=\"og:image\" content=\"https:\/\/permakultur-landwirtschaft.org\/wp-content\/uploads\/2017\/06\/wandern.jpg\" \/>\n\t<meta property=\"og:image:width\" content=\"960\" \/>\n\t<meta property=\"og:image:height\" content=\"640\" \/>\n\t<meta property=\"og:image:type\" content=\"image\/jpeg\" \/>\n<meta name=\"author\" content=\"adrian reutimann\" \/>\n<meta name=\"twitter:card\" content=\"summary_large_image\" \/>\n<meta name=\"twitter:label1\" content=\"\u00c9crit par\" \/>\n\t<meta name=\"twitter:data1\" content=\"adrian reutimann\" \/>\n\t<meta name=\"twitter:label2\" content=\"Dur\u00e9e de lecture estim\u00e9e\" \/>\n\t<meta name=\"twitter:data2\" content=\"1 minute\" \/>\n<script type=\"application\/ld+json\" class=\"yoast-schema-graph\">{\"@context\":\"https:\\\/\\\/schema.org\",\"@graph\":[{\"@type\":\"Article\",\"@id\":\"https:\\\/\\\/permakultur-landwirtschaft.org\\\/permakultur-wanderung-und-besichtigung-vom-eulenhof-am-01-september-2019\\\/#article\",\"isPartOf\":{\"@id\":\"https:\\\/\\\/permakultur-landwirtschaft.org\\\/permakultur-wanderung-und-besichtigung-vom-eulenhof-am-01-september-2019\\\/\"},\"author\":{\"name\":\"adrian reutimann\",\"@id\":\"https:\\\/\\\/permakultur-landwirtschaft.org\\\/#\\\/schema\\\/person\\\/6b0467872f75aed3e144093f9bf4f0b0\"},\"headline\":\"Permakultur Wanderung und Besichtigung vom Eulenhof am 01. September 2019\",\"datePublished\":\"2019-09-01T06:41:12+00:00\",\"dateModified\":\"2020-08-25T10:19:45+00:00\",\"mainEntityOfPage\":{\"@id\":\"https:\\\/\\\/permakultur-landwirtschaft.org\\\/permakultur-wanderung-und-besichtigung-vom-eulenhof-am-01-september-2019\\\/\"},\"wordCount\":160,\"publisher\":{\"@id\":\"https:\\\/\\\/permakultur-landwirtschaft.org\\\/#organization\"},\"image\":{\"@id\":\"https:\\\/\\\/permakultur-landwirtschaft.org\\\/permakultur-wanderung-und-besichtigung-vom-eulenhof-am-01-september-2019\\\/#primaryimage\"},\"thumbnailUrl\":\"https:\\\/\\\/permakultur-landwirtschaft.org\\\/wp-content\\\/uploads\\\/2017\\\/06\\\/wandern.jpg\",\"articleSection\":[\"Veranstaltungen_Archiv\"],\"inLanguage\":\"fr-FR\"},{\"@type\":\"WebPage\",\"@id\":\"https:\\\/\\\/permakultur-landwirtschaft.org\\\/permakultur-wanderung-und-besichtigung-vom-eulenhof-am-01-september-2019\\\/\",\"url\":\"https:\\\/\\\/permakultur-landwirtschaft.org\\\/permakultur-wanderung-und-besichtigung-vom-eulenhof-am-01-september-2019\\\/\",\"name\":\"Permakultur Wanderung und Besichtigung vom Eulenhof am 01. September 2019 - Permakultur-Landwirtschaft\",\"isPartOf\":{\"@id\":\"https:\\\/\\\/permakultur-landwirtschaft.org\\\/#website\"},\"primaryImageOfPage\":{\"@id\":\"https:\\\/\\\/permakultur-landwirtschaft.org\\\/permakultur-wanderung-und-besichtigung-vom-eulenhof-am-01-september-2019\\\/#primaryimage\"},\"image\":{\"@id\":\"https:\\\/\\\/permakultur-landwirtschaft.org\\\/permakultur-wanderung-und-besichtigung-vom-eulenhof-am-01-september-2019\\\/#primaryimage\"},\"thumbnailUrl\":\"https:\\\/\\\/permakultur-landwirtschaft.org\\\/wp-content\\\/uploads\\\/2017\\\/06\\\/wandern.jpg\",\"datePublished\":\"2019-09-01T06:41:12+00:00\",\"dateModified\":\"2020-08-25T10:19:45+00:00\",\"breadcrumb\":{\"@id\":\"https:\\\/\\\/permakultur-landwirtschaft.org\\\/permakultur-wanderung-und-besichtigung-vom-eulenhof-am-01-september-2019\\\/#breadcrumb\"},\"inLanguage\":\"fr-FR\",\"potentialAction\":[{\"@type\":\"ReadAction\",\"target\":[\"https:\\\/\\\/permakultur-landwirtschaft.org\\\/permakultur-wanderung-und-besichtigung-vom-eulenhof-am-01-september-2019\\\/\"]}]},{\"@type\":\"ImageObject\",\"inLanguage\":\"fr-FR\",\"@id\":\"https:\\\/\\\/permakultur-landwirtschaft.org\\\/permakultur-wanderung-und-besichtigung-vom-eulenhof-am-01-september-2019\\\/#primaryimage\",\"url\":\"https:\\\/\\\/permakultur-landwirtschaft.org\\\/wp-content\\\/uploads\\\/2017\\\/06\\\/wandern.jpg\",\"contentUrl\":\"https:\\\/\\\/permakultur-landwirtschaft.org\\\/wp-content\\\/uploads\\\/2017\\\/06\\\/wandern.jpg\",\"width\":960,\"height\":640},{\"@type\":\"BreadcrumbList\",\"@id\":\"https:\\\/\\\/permakultur-landwirtschaft.org\\\/permakultur-wanderung-und-besichtigung-vom-eulenhof-am-01-september-2019\\\/#breadcrumb\",\"itemListElement\":[{\"@type\":\"ListItem\",\"position\":1,\"name\":\"Startseite\",\"item\":\"https:\\\/\\\/permakultur-landwirtschaft.org\\\/\"},{\"@type\":\"ListItem\",\"position\":2,\"name\":\"Permakultur Wanderung und Besichtigung vom Eulenhof am 01. September 2019\"}]},{\"@type\":\"WebSite\",\"@id\":\"https:\\\/\\\/permakultur-landwirtschaft.org\\\/#website\",\"url\":\"https:\\\/\\\/permakultur-landwirtschaft.org\\\/\",\"name\":\"Permakultur-Landwirtschaft\",\"description\":\"F\u00f6rderung der Permakultur in der Landwirtschaft\",\"publisher\":{\"@id\":\"https:\\\/\\\/permakultur-landwirtschaft.org\\\/#organization\"},\"potentialAction\":[{\"@type\":\"SearchAction\",\"target\":{\"@type\":\"EntryPoint\",\"urlTemplate\":\"https:\\\/\\\/permakultur-landwirtschaft.org\\\/?s={search_term_string}\"},\"query-input\":{\"@type\":\"PropertyValueSpecification\",\"valueRequired\":true,\"valueName\":\"search_term_string\"}}],\"inLanguage\":\"fr-FR\"},{\"@type\":\"Organization\",\"@id\":\"https:\\\/\\\/permakultur-landwirtschaft.org\\\/#organization\",\"name\":\"Permakultur-Landwirtschaft\",\"alternateName\":\"Verein Permakultur-Landwirtschaft\",\"url\":\"https:\\\/\\\/permakultur-landwirtschaft.org\\\/\",\"logo\":{\"@type\":\"ImageObject\",\"inLanguage\":\"fr-FR\",\"@id\":\"https:\\\/\\\/permakultur-landwirtschaft.org\\\/#\\\/schema\\\/logo\\\/image\\\/\",\"url\":\"https:\\\/\\\/permakultur-landwirtschaft.org\\\/wp-content\\\/uploads\\\/2021\\\/11\\\/pela_1268x1269.png\",\"contentUrl\":\"https:\\\/\\\/permakultur-landwirtschaft.org\\\/wp-content\\\/uploads\\\/2021\\\/11\\\/pela_1268x1269.png\",\"width\":1298,\"height\":1269,\"caption\":\"Permakultur-Landwirtschaft\"},\"image\":{\"@id\":\"https:\\\/\\\/permakultur-landwirtschaft.org\\\/#\\\/schema\\\/logo\\\/image\\\/\"},\"sameAs\":[\"https:\\\/\\\/www.facebook.com\\\/PermakulturLandwirtschaft\",\"https:\\\/\\\/www.instagram.com\\\/permakultur_landwirtschaft\\\/\",\"https:\\\/\\\/www.flickr.com\\\/photos\\\/permakultur-landwirtschaft\",\"https:\\\/\\\/www.youtube.com\\\/@PermakulturLandwirtschaft\"]},{\"@type\":\"Person\",\"@id\":\"https:\\\/\\\/permakultur-landwirtschaft.org\\\/#\\\/schema\\\/person\\\/6b0467872f75aed3e144093f9bf4f0b0\",\"name\":\"adrian reutimann\",\"url\":\"https:\\\/\\\/permakultur-landwirtschaft.org\\\/fr\\\/author\\\/reutiadr\\\/\"}]}<\/script>\n<!-- \/ Yoast SEO plugin. -->","yoast_head_json":{"title":"Permakultur Wanderung und Besichtigung vom Eulenhof am 01. September 2019 - Permakultur-Landwirtschaft","robots":{"index":"index","follow":"follow","max-snippet":"max-snippet:-1","max-image-preview":"max-image-preview:large","max-video-preview":"max-video-preview:-1"},"canonical":"https:\/\/permakultur-landwirtschaft.org\/fr\/permakultur-wanderung-und-besichtigung-vom-eulenhof-am-01-september-2019\/","og_locale":"fr_FR","og_type":"article","og_title":"Permakultur Wanderung und Besichtigung vom Eulenhof am 01. September 2019 - Permakultur-Landwirtschaft","og_description":"Die Vereine Permakultur Schweiz und Permakultur-Landwirtschaft laden alle Mitglieder und Interessierten herzlich zur dritten gemeinsamen Wanderung am Sonntag, 01. September 2019 ein. Fotos vom Anlass sind hier zu finden. Nutze die Gelegenheit, Kontakte zu kn\u00fcpfen, bekannte Gesichter zu treffen oder die beiden Vereine besser kennen zu lernen. Wir werden dieses Jahr zusammen von Rheinfelden ca. [&hellip;]","og_url":"https:\/\/permakultur-landwirtschaft.org\/fr\/permakultur-wanderung-und-besichtigung-vom-eulenhof-am-01-september-2019\/","og_site_name":"Permakultur-Landwirtschaft","article_publisher":"https:\/\/www.facebook.com\/PermakulturLandwirtschaft","article_published_time":"2019-09-01T06:41:12+00:00","article_modified_time":"2020-08-25T10:19:45+00:00","og_image":[{"width":960,"height":640,"url":"https:\/\/permakultur-landwirtschaft.org\/wp-content\/uploads\/2017\/06\/wandern.jpg","type":"image\/jpeg"}],"author":"adrian reutimann","twitter_card":"summary_large_image","twitter_misc":{"\u00c9crit par":"adrian reutimann","Dur\u00e9e de lecture estim\u00e9e":"1 minute"},"schema":{"@context":"https:\/\/schema.org","@graph":[{"@type":"Article","@id":"https:\/\/permakultur-landwirtschaft.org\/permakultur-wanderung-und-besichtigung-vom-eulenhof-am-01-september-2019\/#article","isPartOf":{"@id":"https:\/\/permakultur-landwirtschaft.org\/permakultur-wanderung-und-besichtigung-vom-eulenhof-am-01-september-2019\/"},"author":{"name":"adrian reutimann","@id":"https:\/\/permakultur-landwirtschaft.org\/#\/schema\/person\/6b0467872f75aed3e144093f9bf4f0b0"},"headline":"Permakultur Wanderung und Besichtigung vom Eulenhof am 01. September 2019","datePublished":"2019-09-01T06:41:12+00:00","dateModified":"2020-08-25T10:19:45+00:00","mainEntityOfPage":{"@id":"https:\/\/permakultur-landwirtschaft.org\/permakultur-wanderung-und-besichtigung-vom-eulenhof-am-01-september-2019\/"},"wordCount":160,"publisher":{"@id":"https:\/\/permakultur-landwirtschaft.org\/#organization"},"image":{"@id":"https:\/\/permakultur-landwirtschaft.org\/permakultur-wanderung-und-besichtigung-vom-eulenhof-am-01-september-2019\/#primaryimage"},"thumbnailUrl":"https:\/\/permakultur-landwirtschaft.org\/wp-content\/uploads\/2017\/06\/wandern.jpg","articleSection":["Veranstaltungen_Archiv"],"inLanguage":"fr-FR"},{"@type":"WebPage","@id":"https:\/\/permakultur-landwirtschaft.org\/permakultur-wanderung-und-besichtigung-vom-eulenhof-am-01-september-2019\/","url":"https:\/\/permakultur-landwirtschaft.org\/permakultur-wanderung-und-besichtigung-vom-eulenhof-am-01-september-2019\/","name":"Permakultur Wanderung und Besichtigung vom Eulenhof am 01. September 2019 - Permakultur-Landwirtschaft","isPartOf":{"@id":"https:\/\/permakultur-landwirtschaft.org\/#website"},"primaryImageOfPage":{"@id":"https:\/\/permakultur-landwirtschaft.org\/permakultur-wanderung-und-besichtigung-vom-eulenhof-am-01-september-2019\/#primaryimage"},"image":{"@id":"https:\/\/permakultur-landwirtschaft.org\/permakultur-wanderung-und-besichtigung-vom-eulenhof-am-01-september-2019\/#primaryimage"},"thumbnailUrl":"https:\/\/permakultur-landwirtschaft.org\/wp-content\/uploads\/2017\/06\/wandern.jpg","datePublished":"2019-09-01T06:41:12+00:00","dateModified":"2020-08-25T10:19:45+00:00","breadcrumb":{"@id":"https:\/\/permakultur-landwirtschaft.org\/permakultur-wanderung-und-besichtigung-vom-eulenhof-am-01-september-2019\/#breadcrumb"},"inLanguage":"fr-FR","potentialAction":[{"@type":"ReadAction","target":["https:\/\/permakultur-landwirtschaft.org\/permakultur-wanderung-und-besichtigung-vom-eulenhof-am-01-september-2019\/"]}]},{"@type":"ImageObject","inLanguage":"fr-FR","@id":"https:\/\/permakultur-landwirtschaft.org\/permakultur-wanderung-und-besichtigung-vom-eulenhof-am-01-september-2019\/#primaryimage","url":"https:\/\/permakultur-landwirtschaft.org\/wp-content\/uploads\/2017\/06\/wandern.jpg","contentUrl":"https:\/\/permakultur-landwirtschaft.org\/wp-content\/uploads\/2017\/06\/wandern.jpg","width":960,"height":640},{"@type":"BreadcrumbList","@id":"https:\/\/permakultur-landwirtschaft.org\/permakultur-wanderung-und-besichtigung-vom-eulenhof-am-01-september-2019\/#breadcrumb","itemListElement":[{"@type":"ListItem","position":1,"name":"Startseite","item":"https:\/\/permakultur-landwirtschaft.org\/"},{"@type":"ListItem","position":2,"name":"Permakultur Wanderung und Besichtigung vom Eulenhof am 01. September 2019"}]},{"@type":"WebSite","@id":"https:\/\/permakultur-landwirtschaft.org\/#website","url":"https:\/\/permakultur-landwirtschaft.org\/","name":"Permakultur-Landwirtschaft","description":"F\u00f6rderung der Permakultur in der Landwirtschaft","publisher":{"@id":"https:\/\/permakultur-landwirtschaft.org\/#organization"},"potentialAction":[{"@type":"SearchAction","target":{"@type":"EntryPoint","urlTemplate":"https:\/\/permakultur-landwirtschaft.org\/?s={search_term_string}"},"query-input":{"@type":"PropertyValueSpecification","valueRequired":true,"valueName":"search_term_string"}}],"inLanguage":"fr-FR"},{"@type":"Organization","@id":"https:\/\/permakultur-landwirtschaft.org\/#organization","name":"Permakultur-Landwirtschaft","alternateName":"Verein Permakultur-Landwirtschaft","url":"https:\/\/permakultur-landwirtschaft.org\/","logo":{"@type":"ImageObject","inLanguage":"fr-FR","@id":"https:\/\/permakultur-landwirtschaft.org\/#\/schema\/logo\/image\/","url":"https:\/\/permakultur-landwirtschaft.org\/wp-content\/uploads\/2021\/11\/pela_1268x1269.png","contentUrl":"https:\/\/permakultur-landwirtschaft.org\/wp-content\/uploads\/2021\/11\/pela_1268x1269.png","width":1298,"height":1269,"caption":"Permakultur-Landwirtschaft"},"image":{"@id":"https:\/\/permakultur-landwirtschaft.org\/#\/schema\/logo\/image\/"},"sameAs":["https:\/\/www.facebook.com\/PermakulturLandwirtschaft","https:\/\/www.instagram.com\/permakultur_landwirtschaft\/","https:\/\/www.flickr.com\/photos\/permakultur-landwirtschaft","https:\/\/www.youtube.com\/@PermakulturLandwirtschaft"]},{"@type":"Person","@id":"https:\/\/permakultur-landwirtschaft.org\/#\/schema\/person\/6b0467872f75aed3e144093f9bf4f0b0","name":"adrian reutimann","url":"https:\/\/permakultur-landwirtschaft.org\/fr\/author\/reutiadr\/"}]}},"_links":{"self":[{"href":"https:\/\/permakultur-landwirtschaft.org\/fr\/wp-json\/wp\/v2\/posts\/1643","targetHints":{"allow":["GET"]}}],"collection":[{"href":"https:\/\/permakultur-landwirtschaft.org\/fr\/wp-json\/wp\/v2\/posts"}],"about":[{"href":"https:\/\/permakultur-landwirtschaft.org\/fr\/wp-json\/wp\/v2\/types\/post"}],"author":[{"embeddable":true,"href":"https:\/\/permakultur-landwirtschaft.org\/fr\/wp-json\/wp\/v2\/users\/2"}],"replies":[{"embeddable":true,"href":"https:\/\/permakultur-landwirtschaft.org\/fr\/wp-json\/wp\/v2\/comments?post=1643"}],"version-history":[{"count":8,"href":"https:\/\/permakultur-landwirtschaft.org\/fr\/wp-json\/wp\/v2\/posts\/1643\/revisions"}],"predecessor-version":[{"id":1670,"href":"https:\/\/permakultur-landwirtschaft.org\/fr\/wp-json\/wp\/v2\/posts\/1643\/revisions\/1670"}],"wp:featuredmedia":[{"embeddable":true,"href":"https:\/\/permakultur-landwirtschaft.org\/fr\/wp-json\/wp\/v2\/media\/968"}],"wp:attachment":[{"href":"https:\/\/permakultur-landwirtschaft.org\/fr\/wp-json\/wp\/v2\/media?parent=1643"}],"wp:term":[{"taxonomy":"category","embeddable":true,"href":"https:\/\/permakultur-landwirtschaft.org\/fr\/wp-json\/wp\/v2\/categories?post=1643"},{"taxonomy":"post_tag","embeddable":true,"href":"https:\/\/permakultur-landwirtschaft.org\/fr\/wp-json\/wp\/v2\/tags?post=1643"}],"curies":[{"name":"wp","href":"https:\/\/api.w.org\/{rel}","templated":true}]}}