{"id":16421,"date":"2021-11-01T00:01:21","date_gmt":"2021-10-31T23:01:21","guid":{"rendered":"https:\/\/permakultur-landwirtschaft.org\/?p=16421"},"modified":"2021-11-09T15:35:03","modified_gmt":"2021-11-09T14:35:03","slug":"tage-der-agraroekologie-vom-01-bis-06-november-2021","status":"publish","type":"post","link":"https:\/\/permakultur-landwirtschaft.org\/fr\/tage-der-agraroekologie-vom-01-bis-06-november-2021\/","title":{"rendered":"Tage der Agrar\u00f6kologie vom 01. bis 06. November 2021"},"content":{"rendered":"<p>Text von agroecologyworks.ch:<br \/>\nAgrar\u00f6kologie. Was sich hinter diesem Begriff verbirgt, wird durch die Tage der Agrar\u00f6kologie erlebt, verstanden und weitergedacht. Im Rahmen von mehreren Veranstaltungen werden seine vielf\u00e4ltigen Aspekte von verschiedenen Organisationen schweizweit breit diskutiert \u2013 f\u00fcr Laien und Expert*innen.<br \/>\nSeien auch Sie mit dabei, entdecken Sie Neues und vernetzen Sie sich mit interessanten Menschen.<\/p>\n<p>Informationen zu den jeweiligen Standorten der verschiedenen Events finden Sie auf der Webseite: <a href=\"http:\/\/agroecologyworks.ch\/\" target=\"_blank\" rel=\"noopener\">agroecologyworks.ch<\/a><\/p>\n<p><strong>Date<br \/>\n<\/strong>01. und 06. November 2021<\/p>\n<p><strong>Lieu<br \/>\n<\/strong>an diversen Orten<\/p>\n<p><strong>Infos<br \/>\n<\/strong><a href=\"http:\/\/agroecologyworks.ch\/de\/events.php\" target=\"_blank\" rel=\"noopener\">Weitere Infos zum Anlass gibt es hier: agroecologyworks.ch\/de\/events.php<\/a><\/p>\n<p><a href=\"http:\/\/agroecologyworks.ch\/de\/events.php\" target=\"_blank\" rel=\"noopener\"><img fetchpriority=\"high\" decoding=\"async\" class=\"size-full wp-image-16423 alignnone\" src=\"https:\/\/permakultur-landwirtschaft.org\/wp-content\/uploads\/2021\/10\/Logo_aeworks_long.jpg\" alt=\"\" width=\"787\" height=\"236\" srcset=\"https:\/\/permakultur-landwirtschaft.org\/wp-content\/uploads\/2021\/10\/Logo_aeworks_long.jpg 787w, https:\/\/permakultur-landwirtschaft.org\/wp-content\/uploads\/2021\/10\/Logo_aeworks_long-300x90.jpg 300w, https:\/\/permakultur-landwirtschaft.org\/wp-content\/uploads\/2021\/10\/Logo_aeworks_long-768x230.jpg 768w\" sizes=\"(max-width: 787px) 100vw, 787px\" \/><\/a><\/p>\n<p>Bild: agroecologyworks.ch<\/p>\n<hr \/>\n<h3><a href=\"https:\/\/permakultur-landwirtschaft.org\/fr\/veranstaltungen\/\">Hier geht&#8217;s zur \u00dcbersicht aktuelle Veranstaltungen<\/a><\/h3>","protected":false},"excerpt":{"rendered":"<p>Text von agroecologyworks.ch: Agrar\u00f6kologie. Was sich hinter diesem Begriff verbirgt, wird durch die Tage der Agrar\u00f6kologie erlebt, verstanden und weitergedacht. Im Rahmen von mehreren Veranstaltungen werden seine vielf\u00e4ltigen Aspekte von verschiedenen Organisationen schweizweit breit diskutiert \u2013 f\u00fcr Laien und Expert*innen. Seien auch Sie mit dabei, entdecken Sie Neues und vernetzen Sie sich mit interessanten Menschen. [&hellip;]<\/p>\n","protected":false},"author":2,"featured_media":16424,"comment_status":"closed","ping_status":"closed","sticky":false,"template":"","format":"standard","meta":{"_acf_changed":false,"site-sidebar-layout":"default","site-content-layout":"","ast-site-content-layout":"default","site-content-style":"default","site-sidebar-style":"default","ast-global-header-display":"","ast-banner-title-visibility":"","ast-main-header-display":"","ast-hfb-above-header-display":"","ast-hfb-below-header-display":"","ast-hfb-mobile-header-display":"","site-post-title":"","ast-breadcrumbs-content":"","ast-featured-img":"","footer-sml-layout":"","ast-disable-related-posts":"","theme-transparent-header-meta":"","adv-header-id-meta":"","stick-header-meta":"","header-above-stick-meta":"","header-main-stick-meta":"","header-below-stick-meta":"","astra-migrate-meta-layouts":"default","ast-page-background-enabled":"default","ast-page-background-meta":{"desktop":{"background-color":"var(--ast-global-color-4)","background-image":"","background-repeat":"repeat","background-position":"center center","background-size":"auto","background-attachment":"scroll","background-type":"","background-media":"","overlay-type":"","overlay-color":"","overlay-opacity":"","overlay-gradient":""},"tablet":{"background-color":"","background-image":"","background-repeat":"repeat","background-position":"center center","background-size":"auto","background-attachment":"scroll","background-type":"","background-media":"","overlay-type":"","overlay-color":"","overlay-opacity":"","overlay-gradient":""},"mobile":{"background-color":"","background-image":"","background-repeat":"repeat","background-position":"center center","background-size":"auto","background-attachment":"scroll","background-type":"","background-media":"","overlay-type":"","overlay-color":"","overlay-opacity":"","overlay-gradient":""}},"ast-content-background-meta":{"desktop":{"background-color":"var(--ast-global-color-5)","background-image":"","background-repeat":"repeat","background-position":"center center","background-size":"auto","background-attachment":"scroll","background-type":"","background-media":"","overlay-type":"","overlay-color":"","overlay-opacity":"","overlay-gradient":""},"tablet":{"background-color":"var(--ast-global-color-5)","background-image":"","background-repeat":"repeat","background-position":"center center","background-size":"auto","background-attachment":"scroll","background-type":"","background-media":"","overlay-type":"","overlay-color":"","overlay-opacity":"","overlay-gradient":""},"mobile":{"background-color":"var(--ast-global-color-5)","background-image":"","background-repeat":"repeat","background-position":"center center","background-size":"auto","background-attachment":"scroll","background-type":"","background-media":"","overlay-type":"","overlay-color":"","overlay-opacity":"","overlay-gradient":""}},"footnotes":""},"categories":[21],"tags":[],"class_list":["post-16421","post","type-post","status-publish","format-standard","has-post-thumbnail","hentry","category-veranstaltungen_archiv"],"acf":[],"yoast_head":"<!-- This site is optimized with the Yoast SEO plugin v27.5 - https:\/\/yoast.com\/product\/yoast-seo-wordpress\/ -->\n<title>Tage der Agrar\u00f6kologie vom 01. bis 06. November 2021 - Permakultur-Landwirtschaft<\/title>\n<meta name=\"robots\" content=\"index, follow, max-snippet:-1, max-image-preview:large, max-video-preview:-1\" \/>\n<link rel=\"canonical\" href=\"https:\/\/permakultur-landwirtschaft.org\/fr\/tage-der-agraroekologie-vom-01-bis-06-november-2021\/\" \/>\n<meta property=\"og:locale\" content=\"fr_FR\" \/>\n<meta property=\"og:type\" content=\"article\" \/>\n<meta property=\"og:title\" content=\"Tage der Agrar\u00f6kologie vom 01. bis 06. November 2021 - Permakultur-Landwirtschaft\" \/>\n<meta property=\"og:description\" content=\"Text von agroecologyworks.ch: Agrar\u00f6kologie. Was sich hinter diesem Begriff verbirgt, wird durch die Tage der Agrar\u00f6kologie erlebt, verstanden und weitergedacht. Im Rahmen von mehreren Veranstaltungen werden seine vielf\u00e4ltigen Aspekte von verschiedenen Organisationen schweizweit breit diskutiert \u2013 f\u00fcr Laien und Expert*innen. Seien auch Sie mit dabei, entdecken Sie Neues und vernetzen Sie sich mit interessanten Menschen. [&hellip;]\" \/>\n<meta property=\"og:url\" content=\"https:\/\/permakultur-landwirtschaft.org\/fr\/tage-der-agraroekologie-vom-01-bis-06-november-2021\/\" \/>\n<meta property=\"og:site_name\" content=\"Permakultur-Landwirtschaft\" \/>\n<meta property=\"article:publisher\" content=\"https:\/\/www.facebook.com\/PermakulturLandwirtschaft\" \/>\n<meta property=\"article:published_time\" content=\"2021-10-31T23:01:21+00:00\" \/>\n<meta property=\"article:modified_time\" content=\"2021-11-09T14:35:03+00:00\" \/>\n<meta property=\"og:image\" content=\"https:\/\/permakultur-landwirtschaft.org\/wp-content\/uploads\/2021\/10\/Logo_aeworks.jpg\" \/>\n\t<meta property=\"og:image:width\" content=\"236\" \/>\n\t<meta property=\"og:image:height\" content=\"236\" \/>\n\t<meta property=\"og:image:type\" content=\"image\/jpeg\" \/>\n<meta name=\"author\" content=\"adrian reutimann\" \/>\n<meta name=\"twitter:card\" content=\"summary_large_image\" \/>\n<meta name=\"twitter:label1\" content=\"\u00c9crit par\" \/>\n\t<meta name=\"twitter:data1\" content=\"adrian reutimann\" \/>\n\t<meta name=\"twitter:label2\" content=\"Dur\u00e9e de lecture estim\u00e9e\" \/>\n\t<meta name=\"twitter:data2\" content=\"1 minute\" \/>\n<script type=\"application\/ld+json\" class=\"yoast-schema-graph\">{\"@context\":\"https:\\\/\\\/schema.org\",\"@graph\":[{\"@type\":\"Article\",\"@id\":\"https:\\\/\\\/permakultur-landwirtschaft.org\\\/tage-der-agraroekologie-vom-01-bis-06-november-2021\\\/#article\",\"isPartOf\":{\"@id\":\"https:\\\/\\\/permakultur-landwirtschaft.org\\\/tage-der-agraroekologie-vom-01-bis-06-november-2021\\\/\"},\"author\":{\"name\":\"adrian reutimann\",\"@id\":\"https:\\\/\\\/permakultur-landwirtschaft.org\\\/#\\\/schema\\\/person\\\/6b0467872f75aed3e144093f9bf4f0b0\"},\"headline\":\"Tage der Agrar\u00f6kologie vom 01. bis 06. November 2021\",\"datePublished\":\"2021-10-31T23:01:21+00:00\",\"dateModified\":\"2021-11-09T14:35:03+00:00\",\"mainEntityOfPage\":{\"@id\":\"https:\\\/\\\/permakultur-landwirtschaft.org\\\/tage-der-agraroekologie-vom-01-bis-06-november-2021\\\/\"},\"wordCount\":112,\"publisher\":{\"@id\":\"https:\\\/\\\/permakultur-landwirtschaft.org\\\/#organization\"},\"image\":{\"@id\":\"https:\\\/\\\/permakultur-landwirtschaft.org\\\/tage-der-agraroekologie-vom-01-bis-06-november-2021\\\/#primaryimage\"},\"thumbnailUrl\":\"https:\\\/\\\/permakultur-landwirtschaft.org\\\/wp-content\\\/uploads\\\/2021\\\/10\\\/Logo_aeworks.jpg\",\"articleSection\":[\"Veranstaltungen_Archiv\"],\"inLanguage\":\"fr-FR\"},{\"@type\":\"WebPage\",\"@id\":\"https:\\\/\\\/permakultur-landwirtschaft.org\\\/tage-der-agraroekologie-vom-01-bis-06-november-2021\\\/\",\"url\":\"https:\\\/\\\/permakultur-landwirtschaft.org\\\/tage-der-agraroekologie-vom-01-bis-06-november-2021\\\/\",\"name\":\"Tage der Agrar\u00f6kologie vom 01. bis 06. November 2021 - Permakultur-Landwirtschaft\",\"isPartOf\":{\"@id\":\"https:\\\/\\\/permakultur-landwirtschaft.org\\\/#website\"},\"primaryImageOfPage\":{\"@id\":\"https:\\\/\\\/permakultur-landwirtschaft.org\\\/tage-der-agraroekologie-vom-01-bis-06-november-2021\\\/#primaryimage\"},\"image\":{\"@id\":\"https:\\\/\\\/permakultur-landwirtschaft.org\\\/tage-der-agraroekologie-vom-01-bis-06-november-2021\\\/#primaryimage\"},\"thumbnailUrl\":\"https:\\\/\\\/permakultur-landwirtschaft.org\\\/wp-content\\\/uploads\\\/2021\\\/10\\\/Logo_aeworks.jpg\",\"datePublished\":\"2021-10-31T23:01:21+00:00\",\"dateModified\":\"2021-11-09T14:35:03+00:00\",\"breadcrumb\":{\"@id\":\"https:\\\/\\\/permakultur-landwirtschaft.org\\\/tage-der-agraroekologie-vom-01-bis-06-november-2021\\\/#breadcrumb\"},\"inLanguage\":\"fr-FR\",\"potentialAction\":[{\"@type\":\"ReadAction\",\"target\":[\"https:\\\/\\\/permakultur-landwirtschaft.org\\\/tage-der-agraroekologie-vom-01-bis-06-november-2021\\\/\"]}]},{\"@type\":\"ImageObject\",\"inLanguage\":\"fr-FR\",\"@id\":\"https:\\\/\\\/permakultur-landwirtschaft.org\\\/tage-der-agraroekologie-vom-01-bis-06-november-2021\\\/#primaryimage\",\"url\":\"https:\\\/\\\/permakultur-landwirtschaft.org\\\/wp-content\\\/uploads\\\/2021\\\/10\\\/Logo_aeworks.jpg\",\"contentUrl\":\"https:\\\/\\\/permakultur-landwirtschaft.org\\\/wp-content\\\/uploads\\\/2021\\\/10\\\/Logo_aeworks.jpg\",\"width\":236,\"height\":236},{\"@type\":\"BreadcrumbList\",\"@id\":\"https:\\\/\\\/permakultur-landwirtschaft.org\\\/tage-der-agraroekologie-vom-01-bis-06-november-2021\\\/#breadcrumb\",\"itemListElement\":[{\"@type\":\"ListItem\",\"position\":1,\"name\":\"Startseite\",\"item\":\"https:\\\/\\\/permakultur-landwirtschaft.org\\\/\"},{\"@type\":\"ListItem\",\"position\":2,\"name\":\"Tage der Agrar\u00f6kologie vom 01. bis 06. November 2021\"}]},{\"@type\":\"WebSite\",\"@id\":\"https:\\\/\\\/permakultur-landwirtschaft.org\\\/#website\",\"url\":\"https:\\\/\\\/permakultur-landwirtschaft.org\\\/\",\"name\":\"Permakultur-Landwirtschaft\",\"description\":\"F\u00f6rderung der Permakultur in der Landwirtschaft\",\"publisher\":{\"@id\":\"https:\\\/\\\/permakultur-landwirtschaft.org\\\/#organization\"},\"potentialAction\":[{\"@type\":\"SearchAction\",\"target\":{\"@type\":\"EntryPoint\",\"urlTemplate\":\"https:\\\/\\\/permakultur-landwirtschaft.org\\\/?s={search_term_string}\"},\"query-input\":{\"@type\":\"PropertyValueSpecification\",\"valueRequired\":true,\"valueName\":\"search_term_string\"}}],\"inLanguage\":\"fr-FR\"},{\"@type\":\"Organization\",\"@id\":\"https:\\\/\\\/permakultur-landwirtschaft.org\\\/#organization\",\"name\":\"Permakultur-Landwirtschaft\",\"alternateName\":\"Verein Permakultur-Landwirtschaft\",\"url\":\"https:\\\/\\\/permakultur-landwirtschaft.org\\\/\",\"logo\":{\"@type\":\"ImageObject\",\"inLanguage\":\"fr-FR\",\"@id\":\"https:\\\/\\\/permakultur-landwirtschaft.org\\\/#\\\/schema\\\/logo\\\/image\\\/\",\"url\":\"https:\\\/\\\/permakultur-landwirtschaft.org\\\/wp-content\\\/uploads\\\/2021\\\/11\\\/pela_1268x1269.png\",\"contentUrl\":\"https:\\\/\\\/permakultur-landwirtschaft.org\\\/wp-content\\\/uploads\\\/2021\\\/11\\\/pela_1268x1269.png\",\"width\":1298,\"height\":1269,\"caption\":\"Permakultur-Landwirtschaft\"},\"image\":{\"@id\":\"https:\\\/\\\/permakultur-landwirtschaft.org\\\/#\\\/schema\\\/logo\\\/image\\\/\"},\"sameAs\":[\"https:\\\/\\\/www.facebook.com\\\/PermakulturLandwirtschaft\",\"https:\\\/\\\/www.instagram.com\\\/permakultur_landwirtschaft\\\/\",\"https:\\\/\\\/www.flickr.com\\\/photos\\\/permakultur-landwirtschaft\",\"https:\\\/\\\/www.youtube.com\\\/@PermakulturLandwirtschaft\"]},{\"@type\":\"Person\",\"@id\":\"https:\\\/\\\/permakultur-landwirtschaft.org\\\/#\\\/schema\\\/person\\\/6b0467872f75aed3e144093f9bf4f0b0\",\"name\":\"adrian reutimann\",\"url\":\"https:\\\/\\\/permakultur-landwirtschaft.org\\\/fr\\\/author\\\/reutiadr\\\/\"}]}<\/script>\n<!-- \/ Yoast SEO plugin. -->","yoast_head_json":{"title":"Tage der Agrar\u00f6kologie vom 01. bis 06. November 2021 - Permakultur-Landwirtschaft","robots":{"index":"index","follow":"follow","max-snippet":"max-snippet:-1","max-image-preview":"max-image-preview:large","max-video-preview":"max-video-preview:-1"},"canonical":"https:\/\/permakultur-landwirtschaft.org\/fr\/tage-der-agraroekologie-vom-01-bis-06-november-2021\/","og_locale":"fr_FR","og_type":"article","og_title":"Tage der Agrar\u00f6kologie vom 01. bis 06. November 2021 - Permakultur-Landwirtschaft","og_description":"Text von agroecologyworks.ch: Agrar\u00f6kologie. Was sich hinter diesem Begriff verbirgt, wird durch die Tage der Agrar\u00f6kologie erlebt, verstanden und weitergedacht. Im Rahmen von mehreren Veranstaltungen werden seine vielf\u00e4ltigen Aspekte von verschiedenen Organisationen schweizweit breit diskutiert \u2013 f\u00fcr Laien und Expert*innen. Seien auch Sie mit dabei, entdecken Sie Neues und vernetzen Sie sich mit interessanten Menschen. [&hellip;]","og_url":"https:\/\/permakultur-landwirtschaft.org\/fr\/tage-der-agraroekologie-vom-01-bis-06-november-2021\/","og_site_name":"Permakultur-Landwirtschaft","article_publisher":"https:\/\/www.facebook.com\/PermakulturLandwirtschaft","article_published_time":"2021-10-31T23:01:21+00:00","article_modified_time":"2021-11-09T14:35:03+00:00","og_image":[{"width":236,"height":236,"url":"https:\/\/permakultur-landwirtschaft.org\/wp-content\/uploads\/2021\/10\/Logo_aeworks.jpg","type":"image\/jpeg"}],"author":"adrian reutimann","twitter_card":"summary_large_image","twitter_misc":{"\u00c9crit par":"adrian reutimann","Dur\u00e9e de lecture estim\u00e9e":"1 minute"},"schema":{"@context":"https:\/\/schema.org","@graph":[{"@type":"Article","@id":"https:\/\/permakultur-landwirtschaft.org\/tage-der-agraroekologie-vom-01-bis-06-november-2021\/#article","isPartOf":{"@id":"https:\/\/permakultur-landwirtschaft.org\/tage-der-agraroekologie-vom-01-bis-06-november-2021\/"},"author":{"name":"adrian reutimann","@id":"https:\/\/permakultur-landwirtschaft.org\/#\/schema\/person\/6b0467872f75aed3e144093f9bf4f0b0"},"headline":"Tage der Agrar\u00f6kologie vom 01. bis 06. November 2021","datePublished":"2021-10-31T23:01:21+00:00","dateModified":"2021-11-09T14:35:03+00:00","mainEntityOfPage":{"@id":"https:\/\/permakultur-landwirtschaft.org\/tage-der-agraroekologie-vom-01-bis-06-november-2021\/"},"wordCount":112,"publisher":{"@id":"https:\/\/permakultur-landwirtschaft.org\/#organization"},"image":{"@id":"https:\/\/permakultur-landwirtschaft.org\/tage-der-agraroekologie-vom-01-bis-06-november-2021\/#primaryimage"},"thumbnailUrl":"https:\/\/permakultur-landwirtschaft.org\/wp-content\/uploads\/2021\/10\/Logo_aeworks.jpg","articleSection":["Veranstaltungen_Archiv"],"inLanguage":"fr-FR"},{"@type":"WebPage","@id":"https:\/\/permakultur-landwirtschaft.org\/tage-der-agraroekologie-vom-01-bis-06-november-2021\/","url":"https:\/\/permakultur-landwirtschaft.org\/tage-der-agraroekologie-vom-01-bis-06-november-2021\/","name":"Tage der Agrar\u00f6kologie vom 01. bis 06. November 2021 - Permakultur-Landwirtschaft","isPartOf":{"@id":"https:\/\/permakultur-landwirtschaft.org\/#website"},"primaryImageOfPage":{"@id":"https:\/\/permakultur-landwirtschaft.org\/tage-der-agraroekologie-vom-01-bis-06-november-2021\/#primaryimage"},"image":{"@id":"https:\/\/permakultur-landwirtschaft.org\/tage-der-agraroekologie-vom-01-bis-06-november-2021\/#primaryimage"},"thumbnailUrl":"https:\/\/permakultur-landwirtschaft.org\/wp-content\/uploads\/2021\/10\/Logo_aeworks.jpg","datePublished":"2021-10-31T23:01:21+00:00","dateModified":"2021-11-09T14:35:03+00:00","breadcrumb":{"@id":"https:\/\/permakultur-landwirtschaft.org\/tage-der-agraroekologie-vom-01-bis-06-november-2021\/#breadcrumb"},"inLanguage":"fr-FR","potentialAction":[{"@type":"ReadAction","target":["https:\/\/permakultur-landwirtschaft.org\/tage-der-agraroekologie-vom-01-bis-06-november-2021\/"]}]},{"@type":"ImageObject","inLanguage":"fr-FR","@id":"https:\/\/permakultur-landwirtschaft.org\/tage-der-agraroekologie-vom-01-bis-06-november-2021\/#primaryimage","url":"https:\/\/permakultur-landwirtschaft.org\/wp-content\/uploads\/2021\/10\/Logo_aeworks.jpg","contentUrl":"https:\/\/permakultur-landwirtschaft.org\/wp-content\/uploads\/2021\/10\/Logo_aeworks.jpg","width":236,"height":236},{"@type":"BreadcrumbList","@id":"https:\/\/permakultur-landwirtschaft.org\/tage-der-agraroekologie-vom-01-bis-06-november-2021\/#breadcrumb","itemListElement":[{"@type":"ListItem","position":1,"name":"Startseite","item":"https:\/\/permakultur-landwirtschaft.org\/"},{"@type":"ListItem","position":2,"name":"Tage der Agrar\u00f6kologie vom 01. bis 06. November 2021"}]},{"@type":"WebSite","@id":"https:\/\/permakultur-landwirtschaft.org\/#website","url":"https:\/\/permakultur-landwirtschaft.org\/","name":"Permakultur-Landwirtschaft","description":"F\u00f6rderung der Permakultur in der Landwirtschaft","publisher":{"@id":"https:\/\/permakultur-landwirtschaft.org\/#organization"},"potentialAction":[{"@type":"SearchAction","target":{"@type":"EntryPoint","urlTemplate":"https:\/\/permakultur-landwirtschaft.org\/?s={search_term_string}"},"query-input":{"@type":"PropertyValueSpecification","valueRequired":true,"valueName":"search_term_string"}}],"inLanguage":"fr-FR"},{"@type":"Organization","@id":"https:\/\/permakultur-landwirtschaft.org\/#organization","name":"Permakultur-Landwirtschaft","alternateName":"Verein Permakultur-Landwirtschaft","url":"https:\/\/permakultur-landwirtschaft.org\/","logo":{"@type":"ImageObject","inLanguage":"fr-FR","@id":"https:\/\/permakultur-landwirtschaft.org\/#\/schema\/logo\/image\/","url":"https:\/\/permakultur-landwirtschaft.org\/wp-content\/uploads\/2021\/11\/pela_1268x1269.png","contentUrl":"https:\/\/permakultur-landwirtschaft.org\/wp-content\/uploads\/2021\/11\/pela_1268x1269.png","width":1298,"height":1269,"caption":"Permakultur-Landwirtschaft"},"image":{"@id":"https:\/\/permakultur-landwirtschaft.org\/#\/schema\/logo\/image\/"},"sameAs":["https:\/\/www.facebook.com\/PermakulturLandwirtschaft","https:\/\/www.instagram.com\/permakultur_landwirtschaft\/","https:\/\/www.flickr.com\/photos\/permakultur-landwirtschaft","https:\/\/www.youtube.com\/@PermakulturLandwirtschaft"]},{"@type":"Person","@id":"https:\/\/permakultur-landwirtschaft.org\/#\/schema\/person\/6b0467872f75aed3e144093f9bf4f0b0","name":"adrian reutimann","url":"https:\/\/permakultur-landwirtschaft.org\/fr\/author\/reutiadr\/"}]}},"_links":{"self":[{"href":"https:\/\/permakultur-landwirtschaft.org\/fr\/wp-json\/wp\/v2\/posts\/16421","targetHints":{"allow":["GET"]}}],"collection":[{"href":"https:\/\/permakultur-landwirtschaft.org\/fr\/wp-json\/wp\/v2\/posts"}],"about":[{"href":"https:\/\/permakultur-landwirtschaft.org\/fr\/wp-json\/wp\/v2\/types\/post"}],"author":[{"embeddable":true,"href":"https:\/\/permakultur-landwirtschaft.org\/fr\/wp-json\/wp\/v2\/users\/2"}],"replies":[{"embeddable":true,"href":"https:\/\/permakultur-landwirtschaft.org\/fr\/wp-json\/wp\/v2\/comments?post=16421"}],"version-history":[{"count":3,"href":"https:\/\/permakultur-landwirtschaft.org\/fr\/wp-json\/wp\/v2\/posts\/16421\/revisions"}],"predecessor-version":[{"id":16426,"href":"https:\/\/permakultur-landwirtschaft.org\/fr\/wp-json\/wp\/v2\/posts\/16421\/revisions\/16426"}],"wp:featuredmedia":[{"embeddable":true,"href":"https:\/\/permakultur-landwirtschaft.org\/fr\/wp-json\/wp\/v2\/media\/16424"}],"wp:attachment":[{"href":"https:\/\/permakultur-landwirtschaft.org\/fr\/wp-json\/wp\/v2\/media?parent=16421"}],"wp:term":[{"taxonomy":"category","embeddable":true,"href":"https:\/\/permakultur-landwirtschaft.org\/fr\/wp-json\/wp\/v2\/categories?post=16421"},{"taxonomy":"post_tag","embeddable":true,"href":"https:\/\/permakultur-landwirtschaft.org\/fr\/wp-json\/wp\/v2\/tags?post=16421"}],"curies":[{"name":"wp","href":"https:\/\/api.w.org\/{rel}","templated":true}]}}