{"id":16381,"date":"2021-10-02T23:12:52","date_gmt":"2021-10-02T21:12:52","guid":{"rendered":"https:\/\/permakultur-landwirtschaft.org\/?p=16381"},"modified":"2021-10-18T23:16:45","modified_gmt":"2021-10-18T21:16:45","slug":"nachhaltige-permakultur-hat-huerden-schweizer-bauer-vom-02-oktober-2021","status":"publish","type":"post","link":"https:\/\/permakultur-landwirtschaft.org\/fr\/nachhaltige-permakultur-hat-huerden-schweizer-bauer-vom-02-oktober-2021\/","title":{"rendered":"Nachhaltige Permakultur hat H\u00fcrden &#8211; Schweizer Bauer vom 02. Oktober 2021"},"content":{"rendered":"<p>Text vom Schweizer Bauer:<br \/>\nEine Landwirtschaft im Sinne der Permakultur schafft und arbeitet mit vernetzten \u00d6kosystemen und setzt auf kleinr\u00e4umige und standortangepasste Anbausysteme und gilt als besonders nachhaltig. Um eine gr\u00f6ssere Verbreitung zu erreichen, m\u00fcssen allerdings noch ein paar H\u00fcrden fallen.<\/p>\n<p><a href=\"https:\/\/www.schweizerbauer.ch\/pflanzen\/ackerbau\/nachhaltige-permakultur-mit-huerden\/\" target=\"_blank\" rel=\"noopener noreferrer\">Link zum Beitrag beim Schweizer Bauer: www.schweizerbauer.ch\/pflanzen\/ackerbau\/nachhaltige-permakultur-mit-huerden<\/a><\/p>\n<figure id=\"attachment_16382\" aria-describedby=\"caption-attachment-16382\" style=\"width: 400px\" class=\"wp-caption alignnone\"><a href=\"https:\/\/www.schweizerbauer.ch\/pflanzen\/ackerbau\/nachhaltige-permakultur-mit-huerden\/\" target=\"_blank\" rel=\"noopener\"><img fetchpriority=\"high\" decoding=\"async\" class=\"size-full wp-image-16382\" src=\"https:\/\/permakultur-landwirtschaft.org\/wp-content\/uploads\/2021\/10\/nachhaltige_pkb7ed1e8d-2329-ee13-dafe-008af5ea7413-58459.jpeg\" alt=\"\" width=\"400\" height=\"240\" srcset=\"https:\/\/permakultur-landwirtschaft.org\/wp-content\/uploads\/2021\/10\/nachhaltige_pkb7ed1e8d-2329-ee13-dafe-008af5ea7413-58459.jpeg 400w, https:\/\/permakultur-landwirtschaft.org\/wp-content\/uploads\/2021\/10\/nachhaltige_pkb7ed1e8d-2329-ee13-dafe-008af5ea7413-58459-300x180.jpeg 300w\" sizes=\"(max-width: 400px) 100vw, 400px\" \/><\/a><figcaption id=\"caption-attachment-16382\" class=\"wp-caption-text\">An der HAFL wird mit einem Feld- und einem Waldgarten im Bereich Permakultur geforscht.<\/figcaption><\/figure>\n<h6>Bild: Renate Hodel<span class=\"image-description__author-single\" data-v-38608a3f=\"\" data-nzz-tid=\"image-description-author\"><br \/>\n<\/span><\/h6>\n<hr \/>\n<h3><a href=\"https:\/\/permakultur-landwirtschaft.org\/fr\/medien\/\">Hier geht&#8217;s zur \u00dcbersicht aller Neuigkeiten <\/a><\/h3>\n<p>&nbsp;<\/p>","protected":false},"excerpt":{"rendered":"<p>Text vom Schweizer Bauer: Eine Landwirtschaft im Sinne der Permakultur schafft und arbeitet mit vernetzten \u00d6kosystemen und setzt auf kleinr\u00e4umige und standortangepasste Anbausysteme und gilt als besonders nachhaltig. Um eine gr\u00f6ssere Verbreitung zu erreichen, m\u00fcssen allerdings noch ein paar H\u00fcrden fallen. Link zum Beitrag beim Schweizer Bauer: www.schweizerbauer.ch\/pflanzen\/ackerbau\/nachhaltige-permakultur-mit-huerden Bild: Renate Hodel Hier geht&#8217;s zur \u00dcbersicht [&hellip;]<\/p>\n","protected":false},"author":2,"featured_media":16382,"comment_status":"closed","ping_status":"closed","sticky":false,"template":"","format":"standard","meta":{"_acf_changed":false,"site-sidebar-layout":"default","site-content-layout":"","ast-site-content-layout":"default","site-content-style":"default","site-sidebar-style":"default","ast-global-header-display":"","ast-banner-title-visibility":"","ast-main-header-display":"","ast-hfb-above-header-display":"","ast-hfb-below-header-display":"","ast-hfb-mobile-header-display":"","site-post-title":"","ast-breadcrumbs-content":"","ast-featured-img":"","footer-sml-layout":"","ast-disable-related-posts":"","theme-transparent-header-meta":"","adv-header-id-meta":"","stick-header-meta":"","header-above-stick-meta":"","header-main-stick-meta":"","header-below-stick-meta":"","astra-migrate-meta-layouts":"default","ast-page-background-enabled":"default","ast-page-background-meta":{"desktop":{"background-color":"var(--ast-global-color-4)","background-image":"","background-repeat":"repeat","background-position":"center center","background-size":"auto","background-attachment":"scroll","background-type":"","background-media":"","overlay-type":"","overlay-color":"","overlay-opacity":"","overlay-gradient":""},"tablet":{"background-color":"","background-image":"","background-repeat":"repeat","background-position":"center center","background-size":"auto","background-attachment":"scroll","background-type":"","background-media":"","overlay-type":"","overlay-color":"","overlay-opacity":"","overlay-gradient":""},"mobile":{"background-color":"","background-image":"","background-repeat":"repeat","background-position":"center center","background-size":"auto","background-attachment":"scroll","background-type":"","background-media":"","overlay-type":"","overlay-color":"","overlay-opacity":"","overlay-gradient":""}},"ast-content-background-meta":{"desktop":{"background-color":"var(--ast-global-color-5)","background-image":"","background-repeat":"repeat","background-position":"center center","background-size":"auto","background-attachment":"scroll","background-type":"","background-media":"","overlay-type":"","overlay-color":"","overlay-opacity":"","overlay-gradient":""},"tablet":{"background-color":"var(--ast-global-color-5)","background-image":"","background-repeat":"repeat","background-position":"center center","background-size":"auto","background-attachment":"scroll","background-type":"","background-media":"","overlay-type":"","overlay-color":"","overlay-opacity":"","overlay-gradient":""},"mobile":{"background-color":"var(--ast-global-color-5)","background-image":"","background-repeat":"repeat","background-position":"center center","background-size":"auto","background-attachment":"scroll","background-type":"","background-media":"","overlay-type":"","overlay-color":"","overlay-opacity":"","overlay-gradient":""}},"footnotes":""},"categories":[22],"tags":[],"class_list":["post-16381","post","type-post","status-publish","format-standard","has-post-thumbnail","hentry","category-neuigkeit"],"acf":[],"yoast_head":"<!-- This site is optimized with the Yoast SEO plugin v27.5 - https:\/\/yoast.com\/product\/yoast-seo-wordpress\/ -->\n<title>Nachhaltige Permakultur hat H\u00fcrden - Schweizer Bauer vom 02. Oktober 2021 - Permakultur-Landwirtschaft<\/title>\n<meta name=\"robots\" content=\"index, follow, max-snippet:-1, max-image-preview:large, max-video-preview:-1\" \/>\n<link rel=\"canonical\" href=\"https:\/\/permakultur-landwirtschaft.org\/fr\/nachhaltige-permakultur-hat-huerden-schweizer-bauer-vom-02-oktober-2021\/\" \/>\n<meta property=\"og:locale\" content=\"fr_FR\" \/>\n<meta property=\"og:type\" content=\"article\" \/>\n<meta property=\"og:title\" content=\"Nachhaltige Permakultur hat H\u00fcrden - Schweizer Bauer vom 02. Oktober 2021 - Permakultur-Landwirtschaft\" \/>\n<meta property=\"og:description\" content=\"Text vom Schweizer Bauer: Eine Landwirtschaft im Sinne der Permakultur schafft und arbeitet mit vernetzten \u00d6kosystemen und setzt auf kleinr\u00e4umige und standortangepasste Anbausysteme und gilt als besonders nachhaltig. Um eine gr\u00f6ssere Verbreitung zu erreichen, m\u00fcssen allerdings noch ein paar H\u00fcrden fallen. Link zum Beitrag beim Schweizer Bauer: www.schweizerbauer.ch\/pflanzen\/ackerbau\/nachhaltige-permakultur-mit-huerden Bild: Renate Hodel Hier geht&#8217;s zur \u00dcbersicht [&hellip;]\" \/>\n<meta property=\"og:url\" content=\"https:\/\/permakultur-landwirtschaft.org\/fr\/nachhaltige-permakultur-hat-huerden-schweizer-bauer-vom-02-oktober-2021\/\" \/>\n<meta property=\"og:site_name\" content=\"Permakultur-Landwirtschaft\" \/>\n<meta property=\"article:publisher\" content=\"https:\/\/www.facebook.com\/PermakulturLandwirtschaft\" \/>\n<meta property=\"article:published_time\" content=\"2021-10-02T21:12:52+00:00\" \/>\n<meta property=\"article:modified_time\" content=\"2021-10-18T21:16:45+00:00\" \/>\n<meta property=\"og:image\" content=\"https:\/\/permakultur-landwirtschaft.org\/wp-content\/uploads\/2021\/10\/nachhaltige_pkb7ed1e8d-2329-ee13-dafe-008af5ea7413-58459.jpeg\" \/>\n\t<meta property=\"og:image:width\" content=\"400\" \/>\n\t<meta property=\"og:image:height\" content=\"240\" \/>\n\t<meta property=\"og:image:type\" content=\"image\/jpeg\" \/>\n<meta name=\"author\" content=\"adrian reutimann\" \/>\n<meta name=\"twitter:card\" content=\"summary_large_image\" \/>\n<meta name=\"twitter:label1\" content=\"\u00c9crit par\" \/>\n\t<meta name=\"twitter:data1\" content=\"adrian reutimann\" \/>\n<script type=\"application\/ld+json\" class=\"yoast-schema-graph\">{\"@context\":\"https:\\\/\\\/schema.org\",\"@graph\":[{\"@type\":\"Article\",\"@id\":\"https:\\\/\\\/permakultur-landwirtschaft.org\\\/nachhaltige-permakultur-hat-huerden-schweizer-bauer-vom-02-oktober-2021\\\/#article\",\"isPartOf\":{\"@id\":\"https:\\\/\\\/permakultur-landwirtschaft.org\\\/nachhaltige-permakultur-hat-huerden-schweizer-bauer-vom-02-oktober-2021\\\/\"},\"author\":{\"name\":\"adrian reutimann\",\"@id\":\"https:\\\/\\\/permakultur-landwirtschaft.org\\\/#\\\/schema\\\/person\\\/6b0467872f75aed3e144093f9bf4f0b0\"},\"headline\":\"Nachhaltige Permakultur hat H\u00fcrden &#8211; Schweizer Bauer vom 02. Oktober 2021\",\"datePublished\":\"2021-10-02T21:12:52+00:00\",\"dateModified\":\"2021-10-18T21:16:45+00:00\",\"mainEntityOfPage\":{\"@id\":\"https:\\\/\\\/permakultur-landwirtschaft.org\\\/nachhaltige-permakultur-hat-huerden-schweizer-bauer-vom-02-oktober-2021\\\/\"},\"wordCount\":99,\"publisher\":{\"@id\":\"https:\\\/\\\/permakultur-landwirtschaft.org\\\/#organization\"},\"image\":{\"@id\":\"https:\\\/\\\/permakultur-landwirtschaft.org\\\/nachhaltige-permakultur-hat-huerden-schweizer-bauer-vom-02-oktober-2021\\\/#primaryimage\"},\"thumbnailUrl\":\"https:\\\/\\\/permakultur-landwirtschaft.org\\\/wp-content\\\/uploads\\\/2021\\\/10\\\/nachhaltige_pkb7ed1e8d-2329-ee13-dafe-008af5ea7413-58459.jpeg\",\"articleSection\":[\"Neuigkeit\"],\"inLanguage\":\"fr-FR\"},{\"@type\":\"WebPage\",\"@id\":\"https:\\\/\\\/permakultur-landwirtschaft.org\\\/nachhaltige-permakultur-hat-huerden-schweizer-bauer-vom-02-oktober-2021\\\/\",\"url\":\"https:\\\/\\\/permakultur-landwirtschaft.org\\\/nachhaltige-permakultur-hat-huerden-schweizer-bauer-vom-02-oktober-2021\\\/\",\"name\":\"Nachhaltige Permakultur hat H\u00fcrden - Schweizer Bauer vom 02. Oktober 2021 - Permakultur-Landwirtschaft\",\"isPartOf\":{\"@id\":\"https:\\\/\\\/permakultur-landwirtschaft.org\\\/#website\"},\"primaryImageOfPage\":{\"@id\":\"https:\\\/\\\/permakultur-landwirtschaft.org\\\/nachhaltige-permakultur-hat-huerden-schweizer-bauer-vom-02-oktober-2021\\\/#primaryimage\"},\"image\":{\"@id\":\"https:\\\/\\\/permakultur-landwirtschaft.org\\\/nachhaltige-permakultur-hat-huerden-schweizer-bauer-vom-02-oktober-2021\\\/#primaryimage\"},\"thumbnailUrl\":\"https:\\\/\\\/permakultur-landwirtschaft.org\\\/wp-content\\\/uploads\\\/2021\\\/10\\\/nachhaltige_pkb7ed1e8d-2329-ee13-dafe-008af5ea7413-58459.jpeg\",\"datePublished\":\"2021-10-02T21:12:52+00:00\",\"dateModified\":\"2021-10-18T21:16:45+00:00\",\"breadcrumb\":{\"@id\":\"https:\\\/\\\/permakultur-landwirtschaft.org\\\/nachhaltige-permakultur-hat-huerden-schweizer-bauer-vom-02-oktober-2021\\\/#breadcrumb\"},\"inLanguage\":\"fr-FR\",\"potentialAction\":[{\"@type\":\"ReadAction\",\"target\":[\"https:\\\/\\\/permakultur-landwirtschaft.org\\\/nachhaltige-permakultur-hat-huerden-schweizer-bauer-vom-02-oktober-2021\\\/\"]}]},{\"@type\":\"ImageObject\",\"inLanguage\":\"fr-FR\",\"@id\":\"https:\\\/\\\/permakultur-landwirtschaft.org\\\/nachhaltige-permakultur-hat-huerden-schweizer-bauer-vom-02-oktober-2021\\\/#primaryimage\",\"url\":\"https:\\\/\\\/permakultur-landwirtschaft.org\\\/wp-content\\\/uploads\\\/2021\\\/10\\\/nachhaltige_pkb7ed1e8d-2329-ee13-dafe-008af5ea7413-58459.jpeg\",\"contentUrl\":\"https:\\\/\\\/permakultur-landwirtschaft.org\\\/wp-content\\\/uploads\\\/2021\\\/10\\\/nachhaltige_pkb7ed1e8d-2329-ee13-dafe-008af5ea7413-58459.jpeg\",\"width\":400,\"height\":240,\"caption\":\"An der HAFL wird mit einem Feld- und einem Waldgarten im Bereich Permakultur geforscht.\"},{\"@type\":\"BreadcrumbList\",\"@id\":\"https:\\\/\\\/permakultur-landwirtschaft.org\\\/nachhaltige-permakultur-hat-huerden-schweizer-bauer-vom-02-oktober-2021\\\/#breadcrumb\",\"itemListElement\":[{\"@type\":\"ListItem\",\"position\":1,\"name\":\"Startseite\",\"item\":\"https:\\\/\\\/permakultur-landwirtschaft.org\\\/\"},{\"@type\":\"ListItem\",\"position\":2,\"name\":\"Nachhaltige Permakultur hat H\u00fcrden &#8211; Schweizer Bauer vom 02. Oktober 2021\"}]},{\"@type\":\"WebSite\",\"@id\":\"https:\\\/\\\/permakultur-landwirtschaft.org\\\/#website\",\"url\":\"https:\\\/\\\/permakultur-landwirtschaft.org\\\/\",\"name\":\"Permakultur-Landwirtschaft\",\"description\":\"F\u00f6rderung der Permakultur in der Landwirtschaft\",\"publisher\":{\"@id\":\"https:\\\/\\\/permakultur-landwirtschaft.org\\\/#organization\"},\"potentialAction\":[{\"@type\":\"SearchAction\",\"target\":{\"@type\":\"EntryPoint\",\"urlTemplate\":\"https:\\\/\\\/permakultur-landwirtschaft.org\\\/?s={search_term_string}\"},\"query-input\":{\"@type\":\"PropertyValueSpecification\",\"valueRequired\":true,\"valueName\":\"search_term_string\"}}],\"inLanguage\":\"fr-FR\"},{\"@type\":\"Organization\",\"@id\":\"https:\\\/\\\/permakultur-landwirtschaft.org\\\/#organization\",\"name\":\"Permakultur-Landwirtschaft\",\"alternateName\":\"Verein Permakultur-Landwirtschaft\",\"url\":\"https:\\\/\\\/permakultur-landwirtschaft.org\\\/\",\"logo\":{\"@type\":\"ImageObject\",\"inLanguage\":\"fr-FR\",\"@id\":\"https:\\\/\\\/permakultur-landwirtschaft.org\\\/#\\\/schema\\\/logo\\\/image\\\/\",\"url\":\"https:\\\/\\\/permakultur-landwirtschaft.org\\\/wp-content\\\/uploads\\\/2021\\\/11\\\/pela_1268x1269.png\",\"contentUrl\":\"https:\\\/\\\/permakultur-landwirtschaft.org\\\/wp-content\\\/uploads\\\/2021\\\/11\\\/pela_1268x1269.png\",\"width\":1298,\"height\":1269,\"caption\":\"Permakultur-Landwirtschaft\"},\"image\":{\"@id\":\"https:\\\/\\\/permakultur-landwirtschaft.org\\\/#\\\/schema\\\/logo\\\/image\\\/\"},\"sameAs\":[\"https:\\\/\\\/www.facebook.com\\\/PermakulturLandwirtschaft\",\"https:\\\/\\\/www.instagram.com\\\/permakultur_landwirtschaft\\\/\",\"https:\\\/\\\/www.flickr.com\\\/photos\\\/permakultur-landwirtschaft\",\"https:\\\/\\\/www.youtube.com\\\/@PermakulturLandwirtschaft\"]},{\"@type\":\"Person\",\"@id\":\"https:\\\/\\\/permakultur-landwirtschaft.org\\\/#\\\/schema\\\/person\\\/6b0467872f75aed3e144093f9bf4f0b0\",\"name\":\"adrian reutimann\",\"url\":\"https:\\\/\\\/permakultur-landwirtschaft.org\\\/fr\\\/author\\\/reutiadr\\\/\"}]}<\/script>\n<!-- \/ Yoast SEO plugin. -->","yoast_head_json":{"title":"Nachhaltige Permakultur hat H\u00fcrden - Schweizer Bauer vom 02. Oktober 2021 - Permakultur-Landwirtschaft","robots":{"index":"index","follow":"follow","max-snippet":"max-snippet:-1","max-image-preview":"max-image-preview:large","max-video-preview":"max-video-preview:-1"},"canonical":"https:\/\/permakultur-landwirtschaft.org\/fr\/nachhaltige-permakultur-hat-huerden-schweizer-bauer-vom-02-oktober-2021\/","og_locale":"fr_FR","og_type":"article","og_title":"Nachhaltige Permakultur hat H\u00fcrden - Schweizer Bauer vom 02. Oktober 2021 - Permakultur-Landwirtschaft","og_description":"Text vom Schweizer Bauer: Eine Landwirtschaft im Sinne der Permakultur schafft und arbeitet mit vernetzten \u00d6kosystemen und setzt auf kleinr\u00e4umige und standortangepasste Anbausysteme und gilt als besonders nachhaltig. Um eine gr\u00f6ssere Verbreitung zu erreichen, m\u00fcssen allerdings noch ein paar H\u00fcrden fallen. Link zum Beitrag beim Schweizer Bauer: www.schweizerbauer.ch\/pflanzen\/ackerbau\/nachhaltige-permakultur-mit-huerden Bild: Renate Hodel Hier geht&#8217;s zur \u00dcbersicht [&hellip;]","og_url":"https:\/\/permakultur-landwirtschaft.org\/fr\/nachhaltige-permakultur-hat-huerden-schweizer-bauer-vom-02-oktober-2021\/","og_site_name":"Permakultur-Landwirtschaft","article_publisher":"https:\/\/www.facebook.com\/PermakulturLandwirtschaft","article_published_time":"2021-10-02T21:12:52+00:00","article_modified_time":"2021-10-18T21:16:45+00:00","og_image":[{"width":400,"height":240,"url":"https:\/\/permakultur-landwirtschaft.org\/wp-content\/uploads\/2021\/10\/nachhaltige_pkb7ed1e8d-2329-ee13-dafe-008af5ea7413-58459.jpeg","type":"image\/jpeg"}],"author":"adrian reutimann","twitter_card":"summary_large_image","twitter_misc":{"\u00c9crit par":"adrian reutimann"},"schema":{"@context":"https:\/\/schema.org","@graph":[{"@type":"Article","@id":"https:\/\/permakultur-landwirtschaft.org\/nachhaltige-permakultur-hat-huerden-schweizer-bauer-vom-02-oktober-2021\/#article","isPartOf":{"@id":"https:\/\/permakultur-landwirtschaft.org\/nachhaltige-permakultur-hat-huerden-schweizer-bauer-vom-02-oktober-2021\/"},"author":{"name":"adrian reutimann","@id":"https:\/\/permakultur-landwirtschaft.org\/#\/schema\/person\/6b0467872f75aed3e144093f9bf4f0b0"},"headline":"Nachhaltige Permakultur hat H\u00fcrden &#8211; Schweizer Bauer vom 02. Oktober 2021","datePublished":"2021-10-02T21:12:52+00:00","dateModified":"2021-10-18T21:16:45+00:00","mainEntityOfPage":{"@id":"https:\/\/permakultur-landwirtschaft.org\/nachhaltige-permakultur-hat-huerden-schweizer-bauer-vom-02-oktober-2021\/"},"wordCount":99,"publisher":{"@id":"https:\/\/permakultur-landwirtschaft.org\/#organization"},"image":{"@id":"https:\/\/permakultur-landwirtschaft.org\/nachhaltige-permakultur-hat-huerden-schweizer-bauer-vom-02-oktober-2021\/#primaryimage"},"thumbnailUrl":"https:\/\/permakultur-landwirtschaft.org\/wp-content\/uploads\/2021\/10\/nachhaltige_pkb7ed1e8d-2329-ee13-dafe-008af5ea7413-58459.jpeg","articleSection":["Neuigkeit"],"inLanguage":"fr-FR"},{"@type":"WebPage","@id":"https:\/\/permakultur-landwirtschaft.org\/nachhaltige-permakultur-hat-huerden-schweizer-bauer-vom-02-oktober-2021\/","url":"https:\/\/permakultur-landwirtschaft.org\/nachhaltige-permakultur-hat-huerden-schweizer-bauer-vom-02-oktober-2021\/","name":"Nachhaltige Permakultur hat H\u00fcrden - Schweizer Bauer vom 02. Oktober 2021 - Permakultur-Landwirtschaft","isPartOf":{"@id":"https:\/\/permakultur-landwirtschaft.org\/#website"},"primaryImageOfPage":{"@id":"https:\/\/permakultur-landwirtschaft.org\/nachhaltige-permakultur-hat-huerden-schweizer-bauer-vom-02-oktober-2021\/#primaryimage"},"image":{"@id":"https:\/\/permakultur-landwirtschaft.org\/nachhaltige-permakultur-hat-huerden-schweizer-bauer-vom-02-oktober-2021\/#primaryimage"},"thumbnailUrl":"https:\/\/permakultur-landwirtschaft.org\/wp-content\/uploads\/2021\/10\/nachhaltige_pkb7ed1e8d-2329-ee13-dafe-008af5ea7413-58459.jpeg","datePublished":"2021-10-02T21:12:52+00:00","dateModified":"2021-10-18T21:16:45+00:00","breadcrumb":{"@id":"https:\/\/permakultur-landwirtschaft.org\/nachhaltige-permakultur-hat-huerden-schweizer-bauer-vom-02-oktober-2021\/#breadcrumb"},"inLanguage":"fr-FR","potentialAction":[{"@type":"ReadAction","target":["https:\/\/permakultur-landwirtschaft.org\/nachhaltige-permakultur-hat-huerden-schweizer-bauer-vom-02-oktober-2021\/"]}]},{"@type":"ImageObject","inLanguage":"fr-FR","@id":"https:\/\/permakultur-landwirtschaft.org\/nachhaltige-permakultur-hat-huerden-schweizer-bauer-vom-02-oktober-2021\/#primaryimage","url":"https:\/\/permakultur-landwirtschaft.org\/wp-content\/uploads\/2021\/10\/nachhaltige_pkb7ed1e8d-2329-ee13-dafe-008af5ea7413-58459.jpeg","contentUrl":"https:\/\/permakultur-landwirtschaft.org\/wp-content\/uploads\/2021\/10\/nachhaltige_pkb7ed1e8d-2329-ee13-dafe-008af5ea7413-58459.jpeg","width":400,"height":240,"caption":"An der HAFL wird mit einem Feld- und einem Waldgarten im Bereich Permakultur geforscht."},{"@type":"BreadcrumbList","@id":"https:\/\/permakultur-landwirtschaft.org\/nachhaltige-permakultur-hat-huerden-schweizer-bauer-vom-02-oktober-2021\/#breadcrumb","itemListElement":[{"@type":"ListItem","position":1,"name":"Startseite","item":"https:\/\/permakultur-landwirtschaft.org\/"},{"@type":"ListItem","position":2,"name":"Nachhaltige Permakultur hat H\u00fcrden &#8211; Schweizer Bauer vom 02. Oktober 2021"}]},{"@type":"WebSite","@id":"https:\/\/permakultur-landwirtschaft.org\/#website","url":"https:\/\/permakultur-landwirtschaft.org\/","name":"Permakultur-Landwirtschaft","description":"F\u00f6rderung der Permakultur in der Landwirtschaft","publisher":{"@id":"https:\/\/permakultur-landwirtschaft.org\/#organization"},"potentialAction":[{"@type":"SearchAction","target":{"@type":"EntryPoint","urlTemplate":"https:\/\/permakultur-landwirtschaft.org\/?s={search_term_string}"},"query-input":{"@type":"PropertyValueSpecification","valueRequired":true,"valueName":"search_term_string"}}],"inLanguage":"fr-FR"},{"@type":"Organization","@id":"https:\/\/permakultur-landwirtschaft.org\/#organization","name":"Permakultur-Landwirtschaft","alternateName":"Verein Permakultur-Landwirtschaft","url":"https:\/\/permakultur-landwirtschaft.org\/","logo":{"@type":"ImageObject","inLanguage":"fr-FR","@id":"https:\/\/permakultur-landwirtschaft.org\/#\/schema\/logo\/image\/","url":"https:\/\/permakultur-landwirtschaft.org\/wp-content\/uploads\/2021\/11\/pela_1268x1269.png","contentUrl":"https:\/\/permakultur-landwirtschaft.org\/wp-content\/uploads\/2021\/11\/pela_1268x1269.png","width":1298,"height":1269,"caption":"Permakultur-Landwirtschaft"},"image":{"@id":"https:\/\/permakultur-landwirtschaft.org\/#\/schema\/logo\/image\/"},"sameAs":["https:\/\/www.facebook.com\/PermakulturLandwirtschaft","https:\/\/www.instagram.com\/permakultur_landwirtschaft\/","https:\/\/www.flickr.com\/photos\/permakultur-landwirtschaft","https:\/\/www.youtube.com\/@PermakulturLandwirtschaft"]},{"@type":"Person","@id":"https:\/\/permakultur-landwirtschaft.org\/#\/schema\/person\/6b0467872f75aed3e144093f9bf4f0b0","name":"adrian reutimann","url":"https:\/\/permakultur-landwirtschaft.org\/fr\/author\/reutiadr\/"}]}},"_links":{"self":[{"href":"https:\/\/permakultur-landwirtschaft.org\/fr\/wp-json\/wp\/v2\/posts\/16381","targetHints":{"allow":["GET"]}}],"collection":[{"href":"https:\/\/permakultur-landwirtschaft.org\/fr\/wp-json\/wp\/v2\/posts"}],"about":[{"href":"https:\/\/permakultur-landwirtschaft.org\/fr\/wp-json\/wp\/v2\/types\/post"}],"author":[{"embeddable":true,"href":"https:\/\/permakultur-landwirtschaft.org\/fr\/wp-json\/wp\/v2\/users\/2"}],"replies":[{"embeddable":true,"href":"https:\/\/permakultur-landwirtschaft.org\/fr\/wp-json\/wp\/v2\/comments?post=16381"}],"version-history":[{"count":3,"href":"https:\/\/permakultur-landwirtschaft.org\/fr\/wp-json\/wp\/v2\/posts\/16381\/revisions"}],"predecessor-version":[{"id":16385,"href":"https:\/\/permakultur-landwirtschaft.org\/fr\/wp-json\/wp\/v2\/posts\/16381\/revisions\/16385"}],"wp:featuredmedia":[{"embeddable":true,"href":"https:\/\/permakultur-landwirtschaft.org\/fr\/wp-json\/wp\/v2\/media\/16382"}],"wp:attachment":[{"href":"https:\/\/permakultur-landwirtschaft.org\/fr\/wp-json\/wp\/v2\/media?parent=16381"}],"wp:term":[{"taxonomy":"category","embeddable":true,"href":"https:\/\/permakultur-landwirtschaft.org\/fr\/wp-json\/wp\/v2\/categories?post=16381"},{"taxonomy":"post_tag","embeddable":true,"href":"https:\/\/permakultur-landwirtschaft.org\/fr\/wp-json\/wp\/v2\/tags?post=16381"}],"curies":[{"name":"wp","href":"https:\/\/api.w.org\/{rel}","templated":true}]}}