{"id":16376,"date":"2021-10-13T23:08:47","date_gmt":"2021-10-13T21:08:47","guid":{"rendered":"https:\/\/permakultur-landwirtschaft.org\/?p=16376"},"modified":"2021-10-18T23:12:01","modified_gmt":"2021-10-18T21:12:01","slug":"permakultur-option-fuer-ihren-betrieb-schweizer-bauer-vom-13-oktober-2021","status":"publish","type":"post","link":"https:\/\/permakultur-landwirtschaft.org\/fr\/permakultur-option-fuer-ihren-betrieb-schweizer-bauer-vom-13-oktober-2021\/","title":{"rendered":"Permakultur: Option f\u00fcr Ihren Betrieb? &#8211; Schweizer Bauer vom 13. Oktober 2021"},"content":{"rendered":"<p>Text vom Schweizer Bauer:<br \/>\nPermakultur k\u00f6nnte die nachhaltige und \u00f6kologische Zukunft der Landwirtschaft sein. Sie weist eine hohe Fl\u00e4chenproduktivit\u00e4t aus, doch es fehlt noch an der Wirtschaftlichkeit. W\u00e4re Permakultur ein Produktionssystem f\u00fcr Ihren Betrieb? Oder kommt das f\u00fcr Sie nicht infrage. Abstimmen und mitdiskutieren.<\/p>\n<p><a href=\"https:\/\/www.schweizerbauer.ch\/politik-wirtschaft\/betriebsfuehrung\/permakultur-option-fur-ihren-betrieb\/\" target=\"_blank\" rel=\"noopener noreferrer\">Link zum Beitrag beim Schweizer Bauer: www.schweizerbauer.ch\/politik-wirtschaft\/betriebsfuehrung\/permakultur-option-fur-ihren-betrieb<\/a><\/p>\n<h6><a href=\"https:\/\/www.schweizerbauer.ch\/politik-wirtschaft\/betriebsfuehrung\/permakultur-option-fur-ihren-betrieb\/\" target=\"_blank\" rel=\"noopener\"><img fetchpriority=\"high\" decoding=\"async\" class=\"size-full wp-image-16379 alignnone\" src=\"https:\/\/permakultur-landwirtschaft.org\/wp-content\/uploads\/2021\/10\/Permakultur_eine_option_abac1bea-80f5-b506-2aa0-c966927601df-60018-scaled-1.jpeg\" alt=\"\" width=\"400\" height=\"266\" srcset=\"https:\/\/permakultur-landwirtschaft.org\/wp-content\/uploads\/2021\/10\/Permakultur_eine_option_abac1bea-80f5-b506-2aa0-c966927601df-60018-scaled-1.jpeg 400w, https:\/\/permakultur-landwirtschaft.org\/wp-content\/uploads\/2021\/10\/Permakultur_eine_option_abac1bea-80f5-b506-2aa0-c966927601df-60018-scaled-1-300x200.jpeg 300w, https:\/\/permakultur-landwirtschaft.org\/wp-content\/uploads\/2021\/10\/Permakultur_eine_option_abac1bea-80f5-b506-2aa0-c966927601df-60018-scaled-1-272x182.jpeg 272w\" sizes=\"(max-width: 400px) 100vw, 400px\" \/><\/a><br \/>\nBild: Anja Tschannen<span class=\"image-description__author-single\" data-v-38608a3f=\"\" data-nzz-tid=\"image-description-author\"><br \/>\n<\/span><\/h6>\n<hr \/>\n<h3><a href=\"https:\/\/permakultur-landwirtschaft.org\/fr\/medien\/\">Hier geht&#8217;s zur \u00dcbersicht aller Neuigkeiten <\/a><\/h3>\n<p>&nbsp;<\/p>","protected":false},"excerpt":{"rendered":"<p>Text vom Schweizer Bauer: Permakultur k\u00f6nnte die nachhaltige und \u00f6kologische Zukunft der Landwirtschaft sein. Sie weist eine hohe Fl\u00e4chenproduktivit\u00e4t aus, doch es fehlt noch an der Wirtschaftlichkeit. W\u00e4re Permakultur ein Produktionssystem f\u00fcr Ihren Betrieb? Oder kommt das f\u00fcr Sie nicht infrage. Abstimmen und mitdiskutieren. Link zum Beitrag beim Schweizer Bauer: www.schweizerbauer.ch\/politik-wirtschaft\/betriebsfuehrung\/permakultur-option-fur-ihren-betrieb Bild: Anja Tschannen Hier [&hellip;]<\/p>\n","protected":false},"author":2,"featured_media":16379,"comment_status":"closed","ping_status":"closed","sticky":false,"template":"","format":"standard","meta":{"_acf_changed":false,"site-sidebar-layout":"default","site-content-layout":"","ast-site-content-layout":"default","site-content-style":"default","site-sidebar-style":"default","ast-global-header-display":"","ast-banner-title-visibility":"","ast-main-header-display":"","ast-hfb-above-header-display":"","ast-hfb-below-header-display":"","ast-hfb-mobile-header-display":"","site-post-title":"","ast-breadcrumbs-content":"","ast-featured-img":"","footer-sml-layout":"","ast-disable-related-posts":"","theme-transparent-header-meta":"","adv-header-id-meta":"","stick-header-meta":"","header-above-stick-meta":"","header-main-stick-meta":"","header-below-stick-meta":"","astra-migrate-meta-layouts":"default","ast-page-background-enabled":"default","ast-page-background-meta":{"desktop":{"background-color":"var(--ast-global-color-4)","background-image":"","background-repeat":"repeat","background-position":"center center","background-size":"auto","background-attachment":"scroll","background-type":"","background-media":"","overlay-type":"","overlay-color":"","overlay-opacity":"","overlay-gradient":""},"tablet":{"background-color":"","background-image":"","background-repeat":"repeat","background-position":"center center","background-size":"auto","background-attachment":"scroll","background-type":"","background-media":"","overlay-type":"","overlay-color":"","overlay-opacity":"","overlay-gradient":""},"mobile":{"background-color":"","background-image":"","background-repeat":"repeat","background-position":"center center","background-size":"auto","background-attachment":"scroll","background-type":"","background-media":"","overlay-type":"","overlay-color":"","overlay-opacity":"","overlay-gradient":""}},"ast-content-background-meta":{"desktop":{"background-color":"var(--ast-global-color-5)","background-image":"","background-repeat":"repeat","background-position":"center center","background-size":"auto","background-attachment":"scroll","background-type":"","background-media":"","overlay-type":"","overlay-color":"","overlay-opacity":"","overlay-gradient":""},"tablet":{"background-color":"var(--ast-global-color-5)","background-image":"","background-repeat":"repeat","background-position":"center center","background-size":"auto","background-attachment":"scroll","background-type":"","background-media":"","overlay-type":"","overlay-color":"","overlay-opacity":"","overlay-gradient":""},"mobile":{"background-color":"var(--ast-global-color-5)","background-image":"","background-repeat":"repeat","background-position":"center center","background-size":"auto","background-attachment":"scroll","background-type":"","background-media":"","overlay-type":"","overlay-color":"","overlay-opacity":"","overlay-gradient":""}},"footnotes":""},"categories":[22],"tags":[],"class_list":["post-16376","post","type-post","status-publish","format-standard","has-post-thumbnail","hentry","category-neuigkeit"],"acf":[],"yoast_head":"<!-- This site is optimized with the Yoast SEO plugin v27.5 - https:\/\/yoast.com\/product\/yoast-seo-wordpress\/ -->\n<title>Permakultur: Option f\u00fcr Ihren Betrieb? - Schweizer Bauer vom 13. Oktober 2021 - Permakultur-Landwirtschaft<\/title>\n<meta name=\"robots\" content=\"index, follow, max-snippet:-1, max-image-preview:large, max-video-preview:-1\" \/>\n<link rel=\"canonical\" href=\"https:\/\/permakultur-landwirtschaft.org\/fr\/permakultur-option-fuer-ihren-betrieb-schweizer-bauer-vom-13-oktober-2021\/\" \/>\n<meta property=\"og:locale\" content=\"fr_FR\" \/>\n<meta property=\"og:type\" content=\"article\" \/>\n<meta property=\"og:title\" content=\"Permakultur: Option f\u00fcr Ihren Betrieb? - Schweizer Bauer vom 13. Oktober 2021 - Permakultur-Landwirtschaft\" \/>\n<meta property=\"og:description\" content=\"Text vom Schweizer Bauer: Permakultur k\u00f6nnte die nachhaltige und \u00f6kologische Zukunft der Landwirtschaft sein. Sie weist eine hohe Fl\u00e4chenproduktivit\u00e4t aus, doch es fehlt noch an der Wirtschaftlichkeit. W\u00e4re Permakultur ein Produktionssystem f\u00fcr Ihren Betrieb? Oder kommt das f\u00fcr Sie nicht infrage. Abstimmen und mitdiskutieren. Link zum Beitrag beim Schweizer Bauer: www.schweizerbauer.ch\/politik-wirtschaft\/betriebsfuehrung\/permakultur-option-fur-ihren-betrieb Bild: Anja Tschannen Hier [&hellip;]\" \/>\n<meta property=\"og:url\" content=\"https:\/\/permakultur-landwirtschaft.org\/fr\/permakultur-option-fuer-ihren-betrieb-schweizer-bauer-vom-13-oktober-2021\/\" \/>\n<meta property=\"og:site_name\" content=\"Permakultur-Landwirtschaft\" \/>\n<meta property=\"article:publisher\" content=\"https:\/\/www.facebook.com\/PermakulturLandwirtschaft\" \/>\n<meta property=\"article:published_time\" content=\"2021-10-13T21:08:47+00:00\" \/>\n<meta property=\"article:modified_time\" content=\"2021-10-18T21:12:01+00:00\" \/>\n<meta property=\"og:image\" content=\"https:\/\/permakultur-landwirtschaft.org\/wp-content\/uploads\/2021\/10\/Permakultur_eine_option_abac1bea-80f5-b506-2aa0-c966927601df-60018-scaled-1.jpeg\" \/>\n\t<meta property=\"og:image:width\" content=\"400\" \/>\n\t<meta property=\"og:image:height\" content=\"266\" \/>\n\t<meta property=\"og:image:type\" content=\"image\/jpeg\" \/>\n<meta name=\"author\" content=\"adrian reutimann\" \/>\n<meta name=\"twitter:card\" content=\"summary_large_image\" \/>\n<meta name=\"twitter:label1\" content=\"\u00c9crit par\" \/>\n\t<meta name=\"twitter:data1\" content=\"adrian reutimann\" \/>\n<script type=\"application\/ld+json\" class=\"yoast-schema-graph\">{\"@context\":\"https:\\\/\\\/schema.org\",\"@graph\":[{\"@type\":\"Article\",\"@id\":\"https:\\\/\\\/permakultur-landwirtschaft.org\\\/permakultur-option-fuer-ihren-betrieb-schweizer-bauer-vom-13-oktober-2021\\\/#article\",\"isPartOf\":{\"@id\":\"https:\\\/\\\/permakultur-landwirtschaft.org\\\/permakultur-option-fuer-ihren-betrieb-schweizer-bauer-vom-13-oktober-2021\\\/\"},\"author\":{\"name\":\"adrian reutimann\",\"@id\":\"https:\\\/\\\/permakultur-landwirtschaft.org\\\/#\\\/schema\\\/person\\\/6b0467872f75aed3e144093f9bf4f0b0\"},\"headline\":\"Permakultur: Option f\u00fcr Ihren Betrieb? &#8211; Schweizer Bauer vom 13. Oktober 2021\",\"datePublished\":\"2021-10-13T21:08:47+00:00\",\"dateModified\":\"2021-10-18T21:12:01+00:00\",\"mainEntityOfPage\":{\"@id\":\"https:\\\/\\\/permakultur-landwirtschaft.org\\\/permakultur-option-fuer-ihren-betrieb-schweizer-bauer-vom-13-oktober-2021\\\/\"},\"wordCount\":84,\"publisher\":{\"@id\":\"https:\\\/\\\/permakultur-landwirtschaft.org\\\/#organization\"},\"image\":{\"@id\":\"https:\\\/\\\/permakultur-landwirtschaft.org\\\/permakultur-option-fuer-ihren-betrieb-schweizer-bauer-vom-13-oktober-2021\\\/#primaryimage\"},\"thumbnailUrl\":\"https:\\\/\\\/permakultur-landwirtschaft.org\\\/wp-content\\\/uploads\\\/2021\\\/10\\\/Permakultur_eine_option_abac1bea-80f5-b506-2aa0-c966927601df-60018-scaled-1.jpeg\",\"articleSection\":[\"Neuigkeit\"],\"inLanguage\":\"fr-FR\"},{\"@type\":\"WebPage\",\"@id\":\"https:\\\/\\\/permakultur-landwirtschaft.org\\\/permakultur-option-fuer-ihren-betrieb-schweizer-bauer-vom-13-oktober-2021\\\/\",\"url\":\"https:\\\/\\\/permakultur-landwirtschaft.org\\\/permakultur-option-fuer-ihren-betrieb-schweizer-bauer-vom-13-oktober-2021\\\/\",\"name\":\"Permakultur: Option f\u00fcr Ihren Betrieb? - Schweizer Bauer vom 13. Oktober 2021 - Permakultur-Landwirtschaft\",\"isPartOf\":{\"@id\":\"https:\\\/\\\/permakultur-landwirtschaft.org\\\/#website\"},\"primaryImageOfPage\":{\"@id\":\"https:\\\/\\\/permakultur-landwirtschaft.org\\\/permakultur-option-fuer-ihren-betrieb-schweizer-bauer-vom-13-oktober-2021\\\/#primaryimage\"},\"image\":{\"@id\":\"https:\\\/\\\/permakultur-landwirtschaft.org\\\/permakultur-option-fuer-ihren-betrieb-schweizer-bauer-vom-13-oktober-2021\\\/#primaryimage\"},\"thumbnailUrl\":\"https:\\\/\\\/permakultur-landwirtschaft.org\\\/wp-content\\\/uploads\\\/2021\\\/10\\\/Permakultur_eine_option_abac1bea-80f5-b506-2aa0-c966927601df-60018-scaled-1.jpeg\",\"datePublished\":\"2021-10-13T21:08:47+00:00\",\"dateModified\":\"2021-10-18T21:12:01+00:00\",\"breadcrumb\":{\"@id\":\"https:\\\/\\\/permakultur-landwirtschaft.org\\\/permakultur-option-fuer-ihren-betrieb-schweizer-bauer-vom-13-oktober-2021\\\/#breadcrumb\"},\"inLanguage\":\"fr-FR\",\"potentialAction\":[{\"@type\":\"ReadAction\",\"target\":[\"https:\\\/\\\/permakultur-landwirtschaft.org\\\/permakultur-option-fuer-ihren-betrieb-schweizer-bauer-vom-13-oktober-2021\\\/\"]}]},{\"@type\":\"ImageObject\",\"inLanguage\":\"fr-FR\",\"@id\":\"https:\\\/\\\/permakultur-landwirtschaft.org\\\/permakultur-option-fuer-ihren-betrieb-schweizer-bauer-vom-13-oktober-2021\\\/#primaryimage\",\"url\":\"https:\\\/\\\/permakultur-landwirtschaft.org\\\/wp-content\\\/uploads\\\/2021\\\/10\\\/Permakultur_eine_option_abac1bea-80f5-b506-2aa0-c966927601df-60018-scaled-1.jpeg\",\"contentUrl\":\"https:\\\/\\\/permakultur-landwirtschaft.org\\\/wp-content\\\/uploads\\\/2021\\\/10\\\/Permakultur_eine_option_abac1bea-80f5-b506-2aa0-c966927601df-60018-scaled-1.jpeg\",\"width\":400,\"height\":266},{\"@type\":\"BreadcrumbList\",\"@id\":\"https:\\\/\\\/permakultur-landwirtschaft.org\\\/permakultur-option-fuer-ihren-betrieb-schweizer-bauer-vom-13-oktober-2021\\\/#breadcrumb\",\"itemListElement\":[{\"@type\":\"ListItem\",\"position\":1,\"name\":\"Startseite\",\"item\":\"https:\\\/\\\/permakultur-landwirtschaft.org\\\/\"},{\"@type\":\"ListItem\",\"position\":2,\"name\":\"Permakultur: Option f\u00fcr Ihren Betrieb? &#8211; Schweizer Bauer vom 13. Oktober 2021\"}]},{\"@type\":\"WebSite\",\"@id\":\"https:\\\/\\\/permakultur-landwirtschaft.org\\\/#website\",\"url\":\"https:\\\/\\\/permakultur-landwirtschaft.org\\\/\",\"name\":\"Permakultur-Landwirtschaft\",\"description\":\"F\u00f6rderung der Permakultur in der Landwirtschaft\",\"publisher\":{\"@id\":\"https:\\\/\\\/permakultur-landwirtschaft.org\\\/#organization\"},\"potentialAction\":[{\"@type\":\"SearchAction\",\"target\":{\"@type\":\"EntryPoint\",\"urlTemplate\":\"https:\\\/\\\/permakultur-landwirtschaft.org\\\/?s={search_term_string}\"},\"query-input\":{\"@type\":\"PropertyValueSpecification\",\"valueRequired\":true,\"valueName\":\"search_term_string\"}}],\"inLanguage\":\"fr-FR\"},{\"@type\":\"Organization\",\"@id\":\"https:\\\/\\\/permakultur-landwirtschaft.org\\\/#organization\",\"name\":\"Permakultur-Landwirtschaft\",\"alternateName\":\"Verein Permakultur-Landwirtschaft\",\"url\":\"https:\\\/\\\/permakultur-landwirtschaft.org\\\/\",\"logo\":{\"@type\":\"ImageObject\",\"inLanguage\":\"fr-FR\",\"@id\":\"https:\\\/\\\/permakultur-landwirtschaft.org\\\/#\\\/schema\\\/logo\\\/image\\\/\",\"url\":\"https:\\\/\\\/permakultur-landwirtschaft.org\\\/wp-content\\\/uploads\\\/2021\\\/11\\\/pela_1268x1269.png\",\"contentUrl\":\"https:\\\/\\\/permakultur-landwirtschaft.org\\\/wp-content\\\/uploads\\\/2021\\\/11\\\/pela_1268x1269.png\",\"width\":1298,\"height\":1269,\"caption\":\"Permakultur-Landwirtschaft\"},\"image\":{\"@id\":\"https:\\\/\\\/permakultur-landwirtschaft.org\\\/#\\\/schema\\\/logo\\\/image\\\/\"},\"sameAs\":[\"https:\\\/\\\/www.facebook.com\\\/PermakulturLandwirtschaft\",\"https:\\\/\\\/www.instagram.com\\\/permakultur_landwirtschaft\\\/\",\"https:\\\/\\\/www.flickr.com\\\/photos\\\/permakultur-landwirtschaft\",\"https:\\\/\\\/www.youtube.com\\\/@PermakulturLandwirtschaft\"]},{\"@type\":\"Person\",\"@id\":\"https:\\\/\\\/permakultur-landwirtschaft.org\\\/#\\\/schema\\\/person\\\/6b0467872f75aed3e144093f9bf4f0b0\",\"name\":\"adrian reutimann\",\"url\":\"https:\\\/\\\/permakultur-landwirtschaft.org\\\/fr\\\/author\\\/reutiadr\\\/\"}]}<\/script>\n<!-- \/ Yoast SEO plugin. -->","yoast_head_json":{"title":"Permakultur: Option f\u00fcr Ihren Betrieb? - Schweizer Bauer vom 13. Oktober 2021 - Permakultur-Landwirtschaft","robots":{"index":"index","follow":"follow","max-snippet":"max-snippet:-1","max-image-preview":"max-image-preview:large","max-video-preview":"max-video-preview:-1"},"canonical":"https:\/\/permakultur-landwirtschaft.org\/fr\/permakultur-option-fuer-ihren-betrieb-schweizer-bauer-vom-13-oktober-2021\/","og_locale":"fr_FR","og_type":"article","og_title":"Permakultur: Option f\u00fcr Ihren Betrieb? - Schweizer Bauer vom 13. Oktober 2021 - Permakultur-Landwirtschaft","og_description":"Text vom Schweizer Bauer: Permakultur k\u00f6nnte die nachhaltige und \u00f6kologische Zukunft der Landwirtschaft sein. Sie weist eine hohe Fl\u00e4chenproduktivit\u00e4t aus, doch es fehlt noch an der Wirtschaftlichkeit. W\u00e4re Permakultur ein Produktionssystem f\u00fcr Ihren Betrieb? Oder kommt das f\u00fcr Sie nicht infrage. Abstimmen und mitdiskutieren. Link zum Beitrag beim Schweizer Bauer: www.schweizerbauer.ch\/politik-wirtschaft\/betriebsfuehrung\/permakultur-option-fur-ihren-betrieb Bild: Anja Tschannen Hier [&hellip;]","og_url":"https:\/\/permakultur-landwirtschaft.org\/fr\/permakultur-option-fuer-ihren-betrieb-schweizer-bauer-vom-13-oktober-2021\/","og_site_name":"Permakultur-Landwirtschaft","article_publisher":"https:\/\/www.facebook.com\/PermakulturLandwirtschaft","article_published_time":"2021-10-13T21:08:47+00:00","article_modified_time":"2021-10-18T21:12:01+00:00","og_image":[{"width":400,"height":266,"url":"https:\/\/permakultur-landwirtschaft.org\/wp-content\/uploads\/2021\/10\/Permakultur_eine_option_abac1bea-80f5-b506-2aa0-c966927601df-60018-scaled-1.jpeg","type":"image\/jpeg"}],"author":"adrian reutimann","twitter_card":"summary_large_image","twitter_misc":{"\u00c9crit par":"adrian reutimann"},"schema":{"@context":"https:\/\/schema.org","@graph":[{"@type":"Article","@id":"https:\/\/permakultur-landwirtschaft.org\/permakultur-option-fuer-ihren-betrieb-schweizer-bauer-vom-13-oktober-2021\/#article","isPartOf":{"@id":"https:\/\/permakultur-landwirtschaft.org\/permakultur-option-fuer-ihren-betrieb-schweizer-bauer-vom-13-oktober-2021\/"},"author":{"name":"adrian reutimann","@id":"https:\/\/permakultur-landwirtschaft.org\/#\/schema\/person\/6b0467872f75aed3e144093f9bf4f0b0"},"headline":"Permakultur: Option f\u00fcr Ihren Betrieb? &#8211; Schweizer Bauer vom 13. Oktober 2021","datePublished":"2021-10-13T21:08:47+00:00","dateModified":"2021-10-18T21:12:01+00:00","mainEntityOfPage":{"@id":"https:\/\/permakultur-landwirtschaft.org\/permakultur-option-fuer-ihren-betrieb-schweizer-bauer-vom-13-oktober-2021\/"},"wordCount":84,"publisher":{"@id":"https:\/\/permakultur-landwirtschaft.org\/#organization"},"image":{"@id":"https:\/\/permakultur-landwirtschaft.org\/permakultur-option-fuer-ihren-betrieb-schweizer-bauer-vom-13-oktober-2021\/#primaryimage"},"thumbnailUrl":"https:\/\/permakultur-landwirtschaft.org\/wp-content\/uploads\/2021\/10\/Permakultur_eine_option_abac1bea-80f5-b506-2aa0-c966927601df-60018-scaled-1.jpeg","articleSection":["Neuigkeit"],"inLanguage":"fr-FR"},{"@type":"WebPage","@id":"https:\/\/permakultur-landwirtschaft.org\/permakultur-option-fuer-ihren-betrieb-schweizer-bauer-vom-13-oktober-2021\/","url":"https:\/\/permakultur-landwirtschaft.org\/permakultur-option-fuer-ihren-betrieb-schweizer-bauer-vom-13-oktober-2021\/","name":"Permakultur: Option f\u00fcr Ihren Betrieb? - Schweizer Bauer vom 13. Oktober 2021 - Permakultur-Landwirtschaft","isPartOf":{"@id":"https:\/\/permakultur-landwirtschaft.org\/#website"},"primaryImageOfPage":{"@id":"https:\/\/permakultur-landwirtschaft.org\/permakultur-option-fuer-ihren-betrieb-schweizer-bauer-vom-13-oktober-2021\/#primaryimage"},"image":{"@id":"https:\/\/permakultur-landwirtschaft.org\/permakultur-option-fuer-ihren-betrieb-schweizer-bauer-vom-13-oktober-2021\/#primaryimage"},"thumbnailUrl":"https:\/\/permakultur-landwirtschaft.org\/wp-content\/uploads\/2021\/10\/Permakultur_eine_option_abac1bea-80f5-b506-2aa0-c966927601df-60018-scaled-1.jpeg","datePublished":"2021-10-13T21:08:47+00:00","dateModified":"2021-10-18T21:12:01+00:00","breadcrumb":{"@id":"https:\/\/permakultur-landwirtschaft.org\/permakultur-option-fuer-ihren-betrieb-schweizer-bauer-vom-13-oktober-2021\/#breadcrumb"},"inLanguage":"fr-FR","potentialAction":[{"@type":"ReadAction","target":["https:\/\/permakultur-landwirtschaft.org\/permakultur-option-fuer-ihren-betrieb-schweizer-bauer-vom-13-oktober-2021\/"]}]},{"@type":"ImageObject","inLanguage":"fr-FR","@id":"https:\/\/permakultur-landwirtschaft.org\/permakultur-option-fuer-ihren-betrieb-schweizer-bauer-vom-13-oktober-2021\/#primaryimage","url":"https:\/\/permakultur-landwirtschaft.org\/wp-content\/uploads\/2021\/10\/Permakultur_eine_option_abac1bea-80f5-b506-2aa0-c966927601df-60018-scaled-1.jpeg","contentUrl":"https:\/\/permakultur-landwirtschaft.org\/wp-content\/uploads\/2021\/10\/Permakultur_eine_option_abac1bea-80f5-b506-2aa0-c966927601df-60018-scaled-1.jpeg","width":400,"height":266},{"@type":"BreadcrumbList","@id":"https:\/\/permakultur-landwirtschaft.org\/permakultur-option-fuer-ihren-betrieb-schweizer-bauer-vom-13-oktober-2021\/#breadcrumb","itemListElement":[{"@type":"ListItem","position":1,"name":"Startseite","item":"https:\/\/permakultur-landwirtschaft.org\/"},{"@type":"ListItem","position":2,"name":"Permakultur: Option f\u00fcr Ihren Betrieb? &#8211; Schweizer Bauer vom 13. Oktober 2021"}]},{"@type":"WebSite","@id":"https:\/\/permakultur-landwirtschaft.org\/#website","url":"https:\/\/permakultur-landwirtschaft.org\/","name":"Permakultur-Landwirtschaft","description":"F\u00f6rderung der Permakultur in der Landwirtschaft","publisher":{"@id":"https:\/\/permakultur-landwirtschaft.org\/#organization"},"potentialAction":[{"@type":"SearchAction","target":{"@type":"EntryPoint","urlTemplate":"https:\/\/permakultur-landwirtschaft.org\/?s={search_term_string}"},"query-input":{"@type":"PropertyValueSpecification","valueRequired":true,"valueName":"search_term_string"}}],"inLanguage":"fr-FR"},{"@type":"Organization","@id":"https:\/\/permakultur-landwirtschaft.org\/#organization","name":"Permakultur-Landwirtschaft","alternateName":"Verein Permakultur-Landwirtschaft","url":"https:\/\/permakultur-landwirtschaft.org\/","logo":{"@type":"ImageObject","inLanguage":"fr-FR","@id":"https:\/\/permakultur-landwirtschaft.org\/#\/schema\/logo\/image\/","url":"https:\/\/permakultur-landwirtschaft.org\/wp-content\/uploads\/2021\/11\/pela_1268x1269.png","contentUrl":"https:\/\/permakultur-landwirtschaft.org\/wp-content\/uploads\/2021\/11\/pela_1268x1269.png","width":1298,"height":1269,"caption":"Permakultur-Landwirtschaft"},"image":{"@id":"https:\/\/permakultur-landwirtschaft.org\/#\/schema\/logo\/image\/"},"sameAs":["https:\/\/www.facebook.com\/PermakulturLandwirtschaft","https:\/\/www.instagram.com\/permakultur_landwirtschaft\/","https:\/\/www.flickr.com\/photos\/permakultur-landwirtschaft","https:\/\/www.youtube.com\/@PermakulturLandwirtschaft"]},{"@type":"Person","@id":"https:\/\/permakultur-landwirtschaft.org\/#\/schema\/person\/6b0467872f75aed3e144093f9bf4f0b0","name":"adrian reutimann","url":"https:\/\/permakultur-landwirtschaft.org\/fr\/author\/reutiadr\/"}]}},"_links":{"self":[{"href":"https:\/\/permakultur-landwirtschaft.org\/fr\/wp-json\/wp\/v2\/posts\/16376","targetHints":{"allow":["GET"]}}],"collection":[{"href":"https:\/\/permakultur-landwirtschaft.org\/fr\/wp-json\/wp\/v2\/posts"}],"about":[{"href":"https:\/\/permakultur-landwirtschaft.org\/fr\/wp-json\/wp\/v2\/types\/post"}],"author":[{"embeddable":true,"href":"https:\/\/permakultur-landwirtschaft.org\/fr\/wp-json\/wp\/v2\/users\/2"}],"replies":[{"embeddable":true,"href":"https:\/\/permakultur-landwirtschaft.org\/fr\/wp-json\/wp\/v2\/comments?post=16376"}],"version-history":[{"count":2,"href":"https:\/\/permakultur-landwirtschaft.org\/fr\/wp-json\/wp\/v2\/posts\/16376\/revisions"}],"predecessor-version":[{"id":16380,"href":"https:\/\/permakultur-landwirtschaft.org\/fr\/wp-json\/wp\/v2\/posts\/16376\/revisions\/16380"}],"wp:featuredmedia":[{"embeddable":true,"href":"https:\/\/permakultur-landwirtschaft.org\/fr\/wp-json\/wp\/v2\/media\/16379"}],"wp:attachment":[{"href":"https:\/\/permakultur-landwirtschaft.org\/fr\/wp-json\/wp\/v2\/media?parent=16376"}],"wp:term":[{"taxonomy":"category","embeddable":true,"href":"https:\/\/permakultur-landwirtschaft.org\/fr\/wp-json\/wp\/v2\/categories?post=16376"},{"taxonomy":"post_tag","embeddable":true,"href":"https:\/\/permakultur-landwirtschaft.org\/fr\/wp-json\/wp\/v2\/tags?post=16376"}],"curies":[{"name":"wp","href":"https:\/\/api.w.org\/{rel}","templated":true}]}}