{"id":16361,"date":"2021-11-19T13:48:27","date_gmt":"2021-11-19T12:48:27","guid":{"rendered":"https:\/\/permakultur-landwirtschaft.org\/?p=16361"},"modified":"2021-11-23T14:32:42","modified_gmt":"2021-11-23T13:32:42","slug":"filme-fuer-die-erde-festival-19-und-21-november-2021","status":"publish","type":"post","link":"https:\/\/permakultur-landwirtschaft.org\/fr\/filme-fuer-die-erde-festival-19-und-21-november-2021\/","title":{"rendered":"Filme f\u00fcr die Erde Festival 19. und 21. November 2021"},"content":{"rendered":"<p>Text von Filme f\u00fcr die Erde:<br \/>\n<span class=\"\">Am 19. &amp; 21. November zeigt das Filme f\u00fcr die Erde Festival ausgew\u00e4hlte Dokumentarfilme rund um die Themen Konsum, nachhaltige Landwirtschaft und Ern\u00e4hrung in 17 Schweizer St\u00e4dten. In Kinos und Kulturlocations sind Filme zu sehen, die die Geschichten hinter unseren Alltagsprodukten erz\u00e4hlen und \u00f6kologische Fragen beleuchten. Darunter auch eine Schweizer Filmpremiere und Kurzfilme. Ob Ausstellungsst\u00e4nde, Repair Caf\u00e9s, Workshops oder Diskussionen \u2013 auch das Rahmenprogramm ist vielf\u00e4ltig.<br \/>\n<\/span><\/p>\n<p><strong>Date<br \/>\n<\/strong>19. und 21. November 2021<\/p>\n<p><strong>Lieu<br \/>\n<\/strong>in 17 Schweizer St\u00e4dten<\/p>\n<p><strong>Co\u00fbts<br \/>\n<\/strong><span class=\"\">Der Eintritt ist kostenlos<\/span><\/p>\n<p><strong>Infos<br \/>\n<\/strong><a href=\"https:\/\/festival.filmefuerdieerde.org\/\" target=\"_blank\" rel=\"noopener\">Weitere Infos zum Filme f\u00fcr die Erde Festival gibt es hier: festival.filmefuerdieerde.org<\/a><\/p>\n<p><a href=\"https:\/\/festival.filmefuerdieerde.org\/\" target=\"_blank\" rel=\"noopener\"><img fetchpriority=\"high\" decoding=\"async\" class=\"size-full wp-image-16363 alignnone\" src=\"https:\/\/permakultur-landwirtschaft.org\/wp-content\/uploads\/2021\/10\/Piece_of_Cake_1200x800.jpg\" alt=\"\" width=\"400\" height=\"266\" srcset=\"https:\/\/permakultur-landwirtschaft.org\/wp-content\/uploads\/2021\/10\/Piece_of_Cake_1200x800.jpg 400w, https:\/\/permakultur-landwirtschaft.org\/wp-content\/uploads\/2021\/10\/Piece_of_Cake_1200x800-300x200.jpg 300w, https:\/\/permakultur-landwirtschaft.org\/wp-content\/uploads\/2021\/10\/Piece_of_Cake_1200x800-272x182.jpg 272w\" sizes=\"(max-width: 400px) 100vw, 400px\" \/><\/a><\/p>\n<p>Bild: Eduardo Vald\u00e9s-Hevia<\/p>\n<hr \/>\n<h3><a href=\"https:\/\/permakultur-landwirtschaft.org\/fr\/veranstaltungen\/\">Hier geht&#8217;s zur \u00dcbersicht aktuelle Veranstaltungen<\/a><\/h3>","protected":false},"excerpt":{"rendered":"<p>Text von Filme f\u00fcr die Erde: Am 19. &amp; 21. November zeigt das Filme f\u00fcr die Erde Festival ausgew\u00e4hlte Dokumentarfilme rund um die Themen Konsum, nachhaltige Landwirtschaft und Ern\u00e4hrung in 17 Schweizer St\u00e4dten. In Kinos und Kulturlocations sind Filme zu sehen, die die Geschichten hinter unseren Alltagsprodukten erz\u00e4hlen und \u00f6kologische Fragen beleuchten. Darunter auch eine [&hellip;]<\/p>\n","protected":false},"author":2,"featured_media":16363,"comment_status":"closed","ping_status":"closed","sticky":false,"template":"","format":"standard","meta":{"_acf_changed":false,"site-sidebar-layout":"default","site-content-layout":"","ast-site-content-layout":"default","site-content-style":"default","site-sidebar-style":"default","ast-global-header-display":"","ast-banner-title-visibility":"","ast-main-header-display":"","ast-hfb-above-header-display":"","ast-hfb-below-header-display":"","ast-hfb-mobile-header-display":"","site-post-title":"","ast-breadcrumbs-content":"","ast-featured-img":"","footer-sml-layout":"","ast-disable-related-posts":"","theme-transparent-header-meta":"","adv-header-id-meta":"","stick-header-meta":"","header-above-stick-meta":"","header-main-stick-meta":"","header-below-stick-meta":"","astra-migrate-meta-layouts":"default","ast-page-background-enabled":"default","ast-page-background-meta":{"desktop":{"background-color":"var(--ast-global-color-4)","background-image":"","background-repeat":"repeat","background-position":"center center","background-size":"auto","background-attachment":"scroll","background-type":"","background-media":"","overlay-type":"","overlay-color":"","overlay-opacity":"","overlay-gradient":""},"tablet":{"background-color":"","background-image":"","background-repeat":"repeat","background-position":"center center","background-size":"auto","background-attachment":"scroll","background-type":"","background-media":"","overlay-type":"","overlay-color":"","overlay-opacity":"","overlay-gradient":""},"mobile":{"background-color":"","background-image":"","background-repeat":"repeat","background-position":"center center","background-size":"auto","background-attachment":"scroll","background-type":"","background-media":"","overlay-type":"","overlay-color":"","overlay-opacity":"","overlay-gradient":""}},"ast-content-background-meta":{"desktop":{"background-color":"var(--ast-global-color-5)","background-image":"","background-repeat":"repeat","background-position":"center center","background-size":"auto","background-attachment":"scroll","background-type":"","background-media":"","overlay-type":"","overlay-color":"","overlay-opacity":"","overlay-gradient":""},"tablet":{"background-color":"var(--ast-global-color-5)","background-image":"","background-repeat":"repeat","background-position":"center center","background-size":"auto","background-attachment":"scroll","background-type":"","background-media":"","overlay-type":"","overlay-color":"","overlay-opacity":"","overlay-gradient":""},"mobile":{"background-color":"var(--ast-global-color-5)","background-image":"","background-repeat":"repeat","background-position":"center center","background-size":"auto","background-attachment":"scroll","background-type":"","background-media":"","overlay-type":"","overlay-color":"","overlay-opacity":"","overlay-gradient":""}},"footnotes":""},"categories":[21],"tags":[],"class_list":["post-16361","post","type-post","status-publish","format-standard","has-post-thumbnail","hentry","category-veranstaltungen_archiv"],"acf":[],"yoast_head":"<!-- This site is optimized with the Yoast SEO plugin v27.5 - https:\/\/yoast.com\/product\/yoast-seo-wordpress\/ -->\n<title>Filme f\u00fcr die Erde Festival 19. und 21. November 2021 - Permakultur-Landwirtschaft<\/title>\n<meta name=\"robots\" content=\"index, follow, max-snippet:-1, max-image-preview:large, max-video-preview:-1\" \/>\n<link rel=\"canonical\" href=\"https:\/\/permakultur-landwirtschaft.org\/fr\/filme-fuer-die-erde-festival-19-und-21-november-2021\/\" \/>\n<meta property=\"og:locale\" content=\"fr_FR\" \/>\n<meta property=\"og:type\" content=\"article\" \/>\n<meta property=\"og:title\" content=\"Filme f\u00fcr die Erde Festival 19. und 21. November 2021 - Permakultur-Landwirtschaft\" \/>\n<meta property=\"og:description\" content=\"Text von Filme f\u00fcr die Erde: Am 19. &amp; 21. November zeigt das Filme f\u00fcr die Erde Festival ausgew\u00e4hlte Dokumentarfilme rund um die Themen Konsum, nachhaltige Landwirtschaft und Ern\u00e4hrung in 17 Schweizer St\u00e4dten. In Kinos und Kulturlocations sind Filme zu sehen, die die Geschichten hinter unseren Alltagsprodukten erz\u00e4hlen und \u00f6kologische Fragen beleuchten. Darunter auch eine [&hellip;]\" \/>\n<meta property=\"og:url\" content=\"https:\/\/permakultur-landwirtschaft.org\/fr\/filme-fuer-die-erde-festival-19-und-21-november-2021\/\" \/>\n<meta property=\"og:site_name\" content=\"Permakultur-Landwirtschaft\" \/>\n<meta property=\"article:publisher\" content=\"https:\/\/www.facebook.com\/PermakulturLandwirtschaft\" \/>\n<meta property=\"article:published_time\" content=\"2021-11-19T12:48:27+00:00\" \/>\n<meta property=\"article:modified_time\" content=\"2021-11-23T13:32:42+00:00\" \/>\n<meta property=\"og:image\" content=\"https:\/\/permakultur-landwirtschaft.org\/wp-content\/uploads\/2021\/10\/Piece_of_Cake_1200x800.jpg\" \/>\n\t<meta property=\"og:image:width\" content=\"400\" \/>\n\t<meta property=\"og:image:height\" content=\"266\" \/>\n\t<meta property=\"og:image:type\" content=\"image\/jpeg\" \/>\n<meta name=\"author\" content=\"adrian reutimann\" \/>\n<meta name=\"twitter:card\" content=\"summary_large_image\" \/>\n<meta name=\"twitter:label1\" content=\"\u00c9crit par\" \/>\n\t<meta name=\"twitter:data1\" content=\"adrian reutimann\" \/>\n\t<meta name=\"twitter:label2\" content=\"Dur\u00e9e de lecture estim\u00e9e\" \/>\n\t<meta name=\"twitter:data2\" content=\"1 minute\" \/>\n<script type=\"application\/ld+json\" class=\"yoast-schema-graph\">{\"@context\":\"https:\\\/\\\/schema.org\",\"@graph\":[{\"@type\":\"Article\",\"@id\":\"https:\\\/\\\/permakultur-landwirtschaft.org\\\/filme-fuer-die-erde-festival-19-und-21-november-2021\\\/#article\",\"isPartOf\":{\"@id\":\"https:\\\/\\\/permakultur-landwirtschaft.org\\\/filme-fuer-die-erde-festival-19-und-21-november-2021\\\/\"},\"author\":{\"name\":\"adrian reutimann\",\"@id\":\"https:\\\/\\\/permakultur-landwirtschaft.org\\\/#\\\/schema\\\/person\\\/6b0467872f75aed3e144093f9bf4f0b0\"},\"headline\":\"Filme f\u00fcr die Erde Festival 19. und 21. November 2021\",\"datePublished\":\"2021-11-19T12:48:27+00:00\",\"dateModified\":\"2021-11-23T13:32:42+00:00\",\"mainEntityOfPage\":{\"@id\":\"https:\\\/\\\/permakultur-landwirtschaft.org\\\/filme-fuer-die-erde-festival-19-und-21-november-2021\\\/\"},\"wordCount\":125,\"publisher\":{\"@id\":\"https:\\\/\\\/permakultur-landwirtschaft.org\\\/#organization\"},\"image\":{\"@id\":\"https:\\\/\\\/permakultur-landwirtschaft.org\\\/filme-fuer-die-erde-festival-19-und-21-november-2021\\\/#primaryimage\"},\"thumbnailUrl\":\"https:\\\/\\\/permakultur-landwirtschaft.org\\\/wp-content\\\/uploads\\\/2021\\\/10\\\/Piece_of_Cake_1200x800.jpg\",\"articleSection\":[\"Veranstaltungen_Archiv\"],\"inLanguage\":\"fr-FR\"},{\"@type\":\"WebPage\",\"@id\":\"https:\\\/\\\/permakultur-landwirtschaft.org\\\/filme-fuer-die-erde-festival-19-und-21-november-2021\\\/\",\"url\":\"https:\\\/\\\/permakultur-landwirtschaft.org\\\/filme-fuer-die-erde-festival-19-und-21-november-2021\\\/\",\"name\":\"Filme f\u00fcr die Erde Festival 19. und 21. November 2021 - Permakultur-Landwirtschaft\",\"isPartOf\":{\"@id\":\"https:\\\/\\\/permakultur-landwirtschaft.org\\\/#website\"},\"primaryImageOfPage\":{\"@id\":\"https:\\\/\\\/permakultur-landwirtschaft.org\\\/filme-fuer-die-erde-festival-19-und-21-november-2021\\\/#primaryimage\"},\"image\":{\"@id\":\"https:\\\/\\\/permakultur-landwirtschaft.org\\\/filme-fuer-die-erde-festival-19-und-21-november-2021\\\/#primaryimage\"},\"thumbnailUrl\":\"https:\\\/\\\/permakultur-landwirtschaft.org\\\/wp-content\\\/uploads\\\/2021\\\/10\\\/Piece_of_Cake_1200x800.jpg\",\"datePublished\":\"2021-11-19T12:48:27+00:00\",\"dateModified\":\"2021-11-23T13:32:42+00:00\",\"breadcrumb\":{\"@id\":\"https:\\\/\\\/permakultur-landwirtschaft.org\\\/filme-fuer-die-erde-festival-19-und-21-november-2021\\\/#breadcrumb\"},\"inLanguage\":\"fr-FR\",\"potentialAction\":[{\"@type\":\"ReadAction\",\"target\":[\"https:\\\/\\\/permakultur-landwirtschaft.org\\\/filme-fuer-die-erde-festival-19-und-21-november-2021\\\/\"]}]},{\"@type\":\"ImageObject\",\"inLanguage\":\"fr-FR\",\"@id\":\"https:\\\/\\\/permakultur-landwirtschaft.org\\\/filme-fuer-die-erde-festival-19-und-21-november-2021\\\/#primaryimage\",\"url\":\"https:\\\/\\\/permakultur-landwirtschaft.org\\\/wp-content\\\/uploads\\\/2021\\\/10\\\/Piece_of_Cake_1200x800.jpg\",\"contentUrl\":\"https:\\\/\\\/permakultur-landwirtschaft.org\\\/wp-content\\\/uploads\\\/2021\\\/10\\\/Piece_of_Cake_1200x800.jpg\",\"width\":400,\"height\":266},{\"@type\":\"BreadcrumbList\",\"@id\":\"https:\\\/\\\/permakultur-landwirtschaft.org\\\/filme-fuer-die-erde-festival-19-und-21-november-2021\\\/#breadcrumb\",\"itemListElement\":[{\"@type\":\"ListItem\",\"position\":1,\"name\":\"Startseite\",\"item\":\"https:\\\/\\\/permakultur-landwirtschaft.org\\\/\"},{\"@type\":\"ListItem\",\"position\":2,\"name\":\"Filme f\u00fcr die Erde Festival 19. und 21. November 2021\"}]},{\"@type\":\"WebSite\",\"@id\":\"https:\\\/\\\/permakultur-landwirtschaft.org\\\/#website\",\"url\":\"https:\\\/\\\/permakultur-landwirtschaft.org\\\/\",\"name\":\"Permakultur-Landwirtschaft\",\"description\":\"F\u00f6rderung der Permakultur in der Landwirtschaft\",\"publisher\":{\"@id\":\"https:\\\/\\\/permakultur-landwirtschaft.org\\\/#organization\"},\"potentialAction\":[{\"@type\":\"SearchAction\",\"target\":{\"@type\":\"EntryPoint\",\"urlTemplate\":\"https:\\\/\\\/permakultur-landwirtschaft.org\\\/?s={search_term_string}\"},\"query-input\":{\"@type\":\"PropertyValueSpecification\",\"valueRequired\":true,\"valueName\":\"search_term_string\"}}],\"inLanguage\":\"fr-FR\"},{\"@type\":\"Organization\",\"@id\":\"https:\\\/\\\/permakultur-landwirtschaft.org\\\/#organization\",\"name\":\"Permakultur-Landwirtschaft\",\"alternateName\":\"Verein Permakultur-Landwirtschaft\",\"url\":\"https:\\\/\\\/permakultur-landwirtschaft.org\\\/\",\"logo\":{\"@type\":\"ImageObject\",\"inLanguage\":\"fr-FR\",\"@id\":\"https:\\\/\\\/permakultur-landwirtschaft.org\\\/#\\\/schema\\\/logo\\\/image\\\/\",\"url\":\"https:\\\/\\\/permakultur-landwirtschaft.org\\\/wp-content\\\/uploads\\\/2021\\\/11\\\/pela_1268x1269.png\",\"contentUrl\":\"https:\\\/\\\/permakultur-landwirtschaft.org\\\/wp-content\\\/uploads\\\/2021\\\/11\\\/pela_1268x1269.png\",\"width\":1298,\"height\":1269,\"caption\":\"Permakultur-Landwirtschaft\"},\"image\":{\"@id\":\"https:\\\/\\\/permakultur-landwirtschaft.org\\\/#\\\/schema\\\/logo\\\/image\\\/\"},\"sameAs\":[\"https:\\\/\\\/www.facebook.com\\\/PermakulturLandwirtschaft\",\"https:\\\/\\\/www.instagram.com\\\/permakultur_landwirtschaft\\\/\",\"https:\\\/\\\/www.flickr.com\\\/photos\\\/permakultur-landwirtschaft\",\"https:\\\/\\\/www.youtube.com\\\/@PermakulturLandwirtschaft\"]},{\"@type\":\"Person\",\"@id\":\"https:\\\/\\\/permakultur-landwirtschaft.org\\\/#\\\/schema\\\/person\\\/6b0467872f75aed3e144093f9bf4f0b0\",\"name\":\"adrian reutimann\",\"url\":\"https:\\\/\\\/permakultur-landwirtschaft.org\\\/fr\\\/author\\\/reutiadr\\\/\"}]}<\/script>\n<!-- \/ Yoast SEO plugin. -->","yoast_head_json":{"title":"Filme f\u00fcr die Erde Festival 19. und 21. November 2021 - Permakultur-Landwirtschaft","robots":{"index":"index","follow":"follow","max-snippet":"max-snippet:-1","max-image-preview":"max-image-preview:large","max-video-preview":"max-video-preview:-1"},"canonical":"https:\/\/permakultur-landwirtschaft.org\/fr\/filme-fuer-die-erde-festival-19-und-21-november-2021\/","og_locale":"fr_FR","og_type":"article","og_title":"Filme f\u00fcr die Erde Festival 19. und 21. November 2021 - Permakultur-Landwirtschaft","og_description":"Text von Filme f\u00fcr die Erde: Am 19. &amp; 21. November zeigt das Filme f\u00fcr die Erde Festival ausgew\u00e4hlte Dokumentarfilme rund um die Themen Konsum, nachhaltige Landwirtschaft und Ern\u00e4hrung in 17 Schweizer St\u00e4dten. In Kinos und Kulturlocations sind Filme zu sehen, die die Geschichten hinter unseren Alltagsprodukten erz\u00e4hlen und \u00f6kologische Fragen beleuchten. Darunter auch eine [&hellip;]","og_url":"https:\/\/permakultur-landwirtschaft.org\/fr\/filme-fuer-die-erde-festival-19-und-21-november-2021\/","og_site_name":"Permakultur-Landwirtschaft","article_publisher":"https:\/\/www.facebook.com\/PermakulturLandwirtschaft","article_published_time":"2021-11-19T12:48:27+00:00","article_modified_time":"2021-11-23T13:32:42+00:00","og_image":[{"width":400,"height":266,"url":"https:\/\/permakultur-landwirtschaft.org\/wp-content\/uploads\/2021\/10\/Piece_of_Cake_1200x800.jpg","type":"image\/jpeg"}],"author":"adrian reutimann","twitter_card":"summary_large_image","twitter_misc":{"\u00c9crit par":"adrian reutimann","Dur\u00e9e de lecture estim\u00e9e":"1 minute"},"schema":{"@context":"https:\/\/schema.org","@graph":[{"@type":"Article","@id":"https:\/\/permakultur-landwirtschaft.org\/filme-fuer-die-erde-festival-19-und-21-november-2021\/#article","isPartOf":{"@id":"https:\/\/permakultur-landwirtschaft.org\/filme-fuer-die-erde-festival-19-und-21-november-2021\/"},"author":{"name":"adrian reutimann","@id":"https:\/\/permakultur-landwirtschaft.org\/#\/schema\/person\/6b0467872f75aed3e144093f9bf4f0b0"},"headline":"Filme f\u00fcr die Erde Festival 19. und 21. November 2021","datePublished":"2021-11-19T12:48:27+00:00","dateModified":"2021-11-23T13:32:42+00:00","mainEntityOfPage":{"@id":"https:\/\/permakultur-landwirtschaft.org\/filme-fuer-die-erde-festival-19-und-21-november-2021\/"},"wordCount":125,"publisher":{"@id":"https:\/\/permakultur-landwirtschaft.org\/#organization"},"image":{"@id":"https:\/\/permakultur-landwirtschaft.org\/filme-fuer-die-erde-festival-19-und-21-november-2021\/#primaryimage"},"thumbnailUrl":"https:\/\/permakultur-landwirtschaft.org\/wp-content\/uploads\/2021\/10\/Piece_of_Cake_1200x800.jpg","articleSection":["Veranstaltungen_Archiv"],"inLanguage":"fr-FR"},{"@type":"WebPage","@id":"https:\/\/permakultur-landwirtschaft.org\/filme-fuer-die-erde-festival-19-und-21-november-2021\/","url":"https:\/\/permakultur-landwirtschaft.org\/filme-fuer-die-erde-festival-19-und-21-november-2021\/","name":"Filme f\u00fcr die Erde Festival 19. und 21. November 2021 - Permakultur-Landwirtschaft","isPartOf":{"@id":"https:\/\/permakultur-landwirtschaft.org\/#website"},"primaryImageOfPage":{"@id":"https:\/\/permakultur-landwirtschaft.org\/filme-fuer-die-erde-festival-19-und-21-november-2021\/#primaryimage"},"image":{"@id":"https:\/\/permakultur-landwirtschaft.org\/filme-fuer-die-erde-festival-19-und-21-november-2021\/#primaryimage"},"thumbnailUrl":"https:\/\/permakultur-landwirtschaft.org\/wp-content\/uploads\/2021\/10\/Piece_of_Cake_1200x800.jpg","datePublished":"2021-11-19T12:48:27+00:00","dateModified":"2021-11-23T13:32:42+00:00","breadcrumb":{"@id":"https:\/\/permakultur-landwirtschaft.org\/filme-fuer-die-erde-festival-19-und-21-november-2021\/#breadcrumb"},"inLanguage":"fr-FR","potentialAction":[{"@type":"ReadAction","target":["https:\/\/permakultur-landwirtschaft.org\/filme-fuer-die-erde-festival-19-und-21-november-2021\/"]}]},{"@type":"ImageObject","inLanguage":"fr-FR","@id":"https:\/\/permakultur-landwirtschaft.org\/filme-fuer-die-erde-festival-19-und-21-november-2021\/#primaryimage","url":"https:\/\/permakultur-landwirtschaft.org\/wp-content\/uploads\/2021\/10\/Piece_of_Cake_1200x800.jpg","contentUrl":"https:\/\/permakultur-landwirtschaft.org\/wp-content\/uploads\/2021\/10\/Piece_of_Cake_1200x800.jpg","width":400,"height":266},{"@type":"BreadcrumbList","@id":"https:\/\/permakultur-landwirtschaft.org\/filme-fuer-die-erde-festival-19-und-21-november-2021\/#breadcrumb","itemListElement":[{"@type":"ListItem","position":1,"name":"Startseite","item":"https:\/\/permakultur-landwirtschaft.org\/"},{"@type":"ListItem","position":2,"name":"Filme f\u00fcr die Erde Festival 19. und 21. November 2021"}]},{"@type":"WebSite","@id":"https:\/\/permakultur-landwirtschaft.org\/#website","url":"https:\/\/permakultur-landwirtschaft.org\/","name":"Permakultur-Landwirtschaft","description":"F\u00f6rderung der Permakultur in der Landwirtschaft","publisher":{"@id":"https:\/\/permakultur-landwirtschaft.org\/#organization"},"potentialAction":[{"@type":"SearchAction","target":{"@type":"EntryPoint","urlTemplate":"https:\/\/permakultur-landwirtschaft.org\/?s={search_term_string}"},"query-input":{"@type":"PropertyValueSpecification","valueRequired":true,"valueName":"search_term_string"}}],"inLanguage":"fr-FR"},{"@type":"Organization","@id":"https:\/\/permakultur-landwirtschaft.org\/#organization","name":"Permakultur-Landwirtschaft","alternateName":"Verein Permakultur-Landwirtschaft","url":"https:\/\/permakultur-landwirtschaft.org\/","logo":{"@type":"ImageObject","inLanguage":"fr-FR","@id":"https:\/\/permakultur-landwirtschaft.org\/#\/schema\/logo\/image\/","url":"https:\/\/permakultur-landwirtschaft.org\/wp-content\/uploads\/2021\/11\/pela_1268x1269.png","contentUrl":"https:\/\/permakultur-landwirtschaft.org\/wp-content\/uploads\/2021\/11\/pela_1268x1269.png","width":1298,"height":1269,"caption":"Permakultur-Landwirtschaft"},"image":{"@id":"https:\/\/permakultur-landwirtschaft.org\/#\/schema\/logo\/image\/"},"sameAs":["https:\/\/www.facebook.com\/PermakulturLandwirtschaft","https:\/\/www.instagram.com\/permakultur_landwirtschaft\/","https:\/\/www.flickr.com\/photos\/permakultur-landwirtschaft","https:\/\/www.youtube.com\/@PermakulturLandwirtschaft"]},{"@type":"Person","@id":"https:\/\/permakultur-landwirtschaft.org\/#\/schema\/person\/6b0467872f75aed3e144093f9bf4f0b0","name":"adrian reutimann","url":"https:\/\/permakultur-landwirtschaft.org\/fr\/author\/reutiadr\/"}]}},"_links":{"self":[{"href":"https:\/\/permakultur-landwirtschaft.org\/fr\/wp-json\/wp\/v2\/posts\/16361","targetHints":{"allow":["GET"]}}],"collection":[{"href":"https:\/\/permakultur-landwirtschaft.org\/fr\/wp-json\/wp\/v2\/posts"}],"about":[{"href":"https:\/\/permakultur-landwirtschaft.org\/fr\/wp-json\/wp\/v2\/types\/post"}],"author":[{"embeddable":true,"href":"https:\/\/permakultur-landwirtschaft.org\/fr\/wp-json\/wp\/v2\/users\/2"}],"replies":[{"embeddable":true,"href":"https:\/\/permakultur-landwirtschaft.org\/fr\/wp-json\/wp\/v2\/comments?post=16361"}],"version-history":[{"count":6,"href":"https:\/\/permakultur-landwirtschaft.org\/fr\/wp-json\/wp\/v2\/posts\/16361\/revisions"}],"predecessor-version":[{"id":16368,"href":"https:\/\/permakultur-landwirtschaft.org\/fr\/wp-json\/wp\/v2\/posts\/16361\/revisions\/16368"}],"wp:featuredmedia":[{"embeddable":true,"href":"https:\/\/permakultur-landwirtschaft.org\/fr\/wp-json\/wp\/v2\/media\/16363"}],"wp:attachment":[{"href":"https:\/\/permakultur-landwirtschaft.org\/fr\/wp-json\/wp\/v2\/media?parent=16361"}],"wp:term":[{"taxonomy":"category","embeddable":true,"href":"https:\/\/permakultur-landwirtschaft.org\/fr\/wp-json\/wp\/v2\/categories?post=16361"},{"taxonomy":"post_tag","embeddable":true,"href":"https:\/\/permakultur-landwirtschaft.org\/fr\/wp-json\/wp\/v2\/tags?post=16361"}],"curies":[{"name":"wp","href":"https:\/\/api.w.org\/{rel}","templated":true}]}}