{"id":16308,"date":"2021-10-29T18:15:32","date_gmt":"2021-10-29T16:15:32","guid":{"rendered":"https:\/\/permakultur-landwirtschaft.org\/?p=16308"},"modified":"2021-10-29T20:22:19","modified_gmt":"2021-10-29T18:22:19","slug":"kurs-zu-agroforstwirtschaft-am-inforama-vom-29-oktober-2021","status":"publish","type":"post","link":"https:\/\/permakultur-landwirtschaft.org\/fr\/kurs-zu-agroforstwirtschaft-am-inforama-vom-29-oktober-2021\/","title":{"rendered":"Kurs zu Agroforstwirtschaft am INFORAMA vom 29. Oktober 2021"},"content":{"rendered":"<p>Text vom INFORAMA:<br \/>\nAgroforstwirtschaft &#8211; Eine M\u00f6glichkeit sich an die Herausforderungen des Klimawandels anzupassen<\/p>\n<p>Wie kann sich die Landwirtschaft das vielf\u00e4ltige Potential der B\u00e4ume zunutze machen?<br \/>\nWas muss ich f\u00fcr die erfolgreiche Umsetzung eines Agroforstsystems auf meinem Betrieb beachten?<\/p>\n<p>Mit den sich \u00e4ndernden Rahmenbedingungen f\u00fcr die Landwirtschaft, haben sich innovative Landnutzungsformen wie die Agroforstwirtschaft europaweit weiterentwickelt.<br \/>\nDer Begriff Agroforst bedeutet eine Kombination von B\u00e4umen mit landwirtschaftlichen Unterkulturen auf derselben Fl\u00e4che.<br \/>\nIn den letzten Jahren konnten in der Schweiz wertvolle Erfahrungen mit Agroforstsystemen gesammelt werden. Das vielf\u00e4ltige Potenzial der B\u00e4ume wurde seit jeher gesch\u00e4tzt und die zentrale Rolle bez\u00fcglich Erosionsschutz, Verminderung der N\u00e4hrstoffauswaschung sowie die positiven Auswirkungen auf das Mikrolima der Parzelle erkannt. Wie k\u00f6nnen diese Vorteile optimal genutzt werden, wenn B\u00e4ume systematisch in Ackerbau- und Futterbaufl\u00e4chen integriert werden? Anhand von Praxisbeispielen werden Chancen und Risiken aufgezeigt, sowie agrarpolitische Rahmenbedingungen vermittelt. Konkret werden auch Pflegemassnahmen und wirtschaftliche \u00dcberlegungen ausf\u00fchrlich thematisiert.<\/p>\n<p><strong>Referentinnen<br \/>\n<\/strong>Schoop Johanna, Agroforstberaterin Agridea<br \/>\nJ\u00e4ger Mareike, Dozentin zhaw<\/p>\n<p><strong>Date<br \/>\n<\/strong>29. Oktober 2021, 09:00 &#8211; 16:15<\/p>\n<p><strong>Teilnahmegeb\u00fchr<br \/>\n<\/strong>CHF 100.-<\/p>\n<p><strong>Lieu<\/strong><br \/>\nINFORAMA Bio-Schule<br \/>\nSchwand 2<br \/>\n3110 M\u00fcnsingen BE<\/p>\n<p><strong>Infos und Anmeldung<br \/>\n<\/strong><a href=\"https:\/\/www.inforama.ch\/kurse#\/weiterbildung\/acker__und_futterbau\/24609\" target=\"_blank\" rel=\"noopener noreferrer\">Infos zum Impulstag unter diesem Link: www.inforama.ch\/kurse#\/weiterbildung\/acker__und_futterbau\/24609<\/a><\/p>\n<p>&nbsp;<\/p>\n<p><img fetchpriority=\"high\" decoding=\"async\" class=\"size-full wp-image-16321 alignnone\" src=\"https:\/\/permakultur-landwirtschaft.org\/wp-content\/uploads\/2021\/10\/20211029_agroforst_DSC03082.jpg\" alt=\"\" width=\"400\" height=\"266\" srcset=\"https:\/\/permakultur-landwirtschaft.org\/wp-content\/uploads\/2021\/10\/20211029_agroforst_DSC03082.jpg 400w, https:\/\/permakultur-landwirtschaft.org\/wp-content\/uploads\/2021\/10\/20211029_agroforst_DSC03082-300x200.jpg 300w, https:\/\/permakultur-landwirtschaft.org\/wp-content\/uploads\/2021\/10\/20211029_agroforst_DSC03082-272x182.jpg 272w\" sizes=\"(max-width: 400px) 100vw, 400px\" \/><\/p>\n<p>Bild: INFORAMA<\/p>\n<hr \/>\n<h3><a href=\"https:\/\/permakultur-landwirtschaft.org\/fr\/veranstaltungen\/\">Hier geht&#8217;s zur \u00dcbersicht aktuelle Veranstaltungen<\/a><\/h3>\n<p>&nbsp;<\/p>","protected":false},"excerpt":{"rendered":"<p>Text vom INFORAMA: Agroforstwirtschaft &#8211; Eine M\u00f6glichkeit sich an die Herausforderungen des Klimawandels anzupassen Wie kann sich die Landwirtschaft das vielf\u00e4ltige Potential der B\u00e4ume zunutze machen? Was muss ich f\u00fcr die erfolgreiche Umsetzung eines Agroforstsystems auf meinem Betrieb beachten? Mit den sich \u00e4ndernden Rahmenbedingungen f\u00fcr die Landwirtschaft, haben sich innovative Landnutzungsformen wie die Agroforstwirtschaft europaweit [&hellip;]<\/p>\n","protected":false},"author":2,"featured_media":16321,"comment_status":"closed","ping_status":"closed","sticky":false,"template":"","format":"standard","meta":{"_acf_changed":false,"site-sidebar-layout":"default","site-content-layout":"","ast-site-content-layout":"default","site-content-style":"default","site-sidebar-style":"default","ast-global-header-display":"","ast-banner-title-visibility":"","ast-main-header-display":"","ast-hfb-above-header-display":"","ast-hfb-below-header-display":"","ast-hfb-mobile-header-display":"","site-post-title":"","ast-breadcrumbs-content":"","ast-featured-img":"","footer-sml-layout":"","ast-disable-related-posts":"","theme-transparent-header-meta":"","adv-header-id-meta":"","stick-header-meta":"","header-above-stick-meta":"","header-main-stick-meta":"","header-below-stick-meta":"","astra-migrate-meta-layouts":"default","ast-page-background-enabled":"default","ast-page-background-meta":{"desktop":{"background-color":"var(--ast-global-color-4)","background-image":"","background-repeat":"repeat","background-position":"center center","background-size":"auto","background-attachment":"scroll","background-type":"","background-media":"","overlay-type":"","overlay-color":"","overlay-opacity":"","overlay-gradient":""},"tablet":{"background-color":"","background-image":"","background-repeat":"repeat","background-position":"center center","background-size":"auto","background-attachment":"scroll","background-type":"","background-media":"","overlay-type":"","overlay-color":"","overlay-opacity":"","overlay-gradient":""},"mobile":{"background-color":"","background-image":"","background-repeat":"repeat","background-position":"center center","background-size":"auto","background-attachment":"scroll","background-type":"","background-media":"","overlay-type":"","overlay-color":"","overlay-opacity":"","overlay-gradient":""}},"ast-content-background-meta":{"desktop":{"background-color":"var(--ast-global-color-5)","background-image":"","background-repeat":"repeat","background-position":"center center","background-size":"auto","background-attachment":"scroll","background-type":"","background-media":"","overlay-type":"","overlay-color":"","overlay-opacity":"","overlay-gradient":""},"tablet":{"background-color":"var(--ast-global-color-5)","background-image":"","background-repeat":"repeat","background-position":"center center","background-size":"auto","background-attachment":"scroll","background-type":"","background-media":"","overlay-type":"","overlay-color":"","overlay-opacity":"","overlay-gradient":""},"mobile":{"background-color":"var(--ast-global-color-5)","background-image":"","background-repeat":"repeat","background-position":"center center","background-size":"auto","background-attachment":"scroll","background-type":"","background-media":"","overlay-type":"","overlay-color":"","overlay-opacity":"","overlay-gradient":""}},"footnotes":""},"categories":[21],"tags":[],"class_list":["post-16308","post","type-post","status-publish","format-standard","has-post-thumbnail","hentry","category-veranstaltungen_archiv"],"acf":[],"yoast_head":"<!-- This site is optimized with the Yoast SEO plugin v27.5 - https:\/\/yoast.com\/product\/yoast-seo-wordpress\/ -->\n<title>Kurs zu Agroforstwirtschaft am INFORAMA vom 29. Oktober 2021 - Permakultur-Landwirtschaft<\/title>\n<meta name=\"robots\" content=\"index, follow, max-snippet:-1, max-image-preview:large, max-video-preview:-1\" \/>\n<link rel=\"canonical\" href=\"https:\/\/permakultur-landwirtschaft.org\/fr\/kurs-zu-agroforstwirtschaft-am-inforama-vom-29-oktober-2021\/\" \/>\n<meta property=\"og:locale\" content=\"fr_FR\" \/>\n<meta property=\"og:type\" content=\"article\" \/>\n<meta property=\"og:title\" content=\"Kurs zu Agroforstwirtschaft am INFORAMA vom 29. Oktober 2021 - Permakultur-Landwirtschaft\" \/>\n<meta property=\"og:description\" content=\"Text vom INFORAMA: Agroforstwirtschaft &#8211; Eine M\u00f6glichkeit sich an die Herausforderungen des Klimawandels anzupassen Wie kann sich die Landwirtschaft das vielf\u00e4ltige Potential der B\u00e4ume zunutze machen? Was muss ich f\u00fcr die erfolgreiche Umsetzung eines Agroforstsystems auf meinem Betrieb beachten? Mit den sich \u00e4ndernden Rahmenbedingungen f\u00fcr die Landwirtschaft, haben sich innovative Landnutzungsformen wie die Agroforstwirtschaft europaweit [&hellip;]\" \/>\n<meta property=\"og:url\" content=\"https:\/\/permakultur-landwirtschaft.org\/fr\/kurs-zu-agroforstwirtschaft-am-inforama-vom-29-oktober-2021\/\" \/>\n<meta property=\"og:site_name\" content=\"Permakultur-Landwirtschaft\" \/>\n<meta property=\"article:publisher\" content=\"https:\/\/www.facebook.com\/PermakulturLandwirtschaft\" \/>\n<meta property=\"article:published_time\" content=\"2021-10-29T16:15:32+00:00\" \/>\n<meta property=\"article:modified_time\" content=\"2021-10-29T18:22:19+00:00\" \/>\n<meta property=\"og:image\" content=\"https:\/\/permakultur-landwirtschaft.org\/wp-content\/uploads\/2021\/10\/20211029_agroforst_DSC03082.jpg\" \/>\n\t<meta property=\"og:image:width\" content=\"400\" \/>\n\t<meta property=\"og:image:height\" content=\"266\" \/>\n\t<meta property=\"og:image:type\" content=\"image\/jpeg\" \/>\n<meta name=\"author\" content=\"adrian reutimann\" \/>\n<meta name=\"twitter:card\" content=\"summary_large_image\" \/>\n<meta name=\"twitter:label1\" content=\"\u00c9crit par\" \/>\n\t<meta name=\"twitter:data1\" content=\"adrian reutimann\" \/>\n\t<meta name=\"twitter:label2\" content=\"Dur\u00e9e de lecture estim\u00e9e\" \/>\n\t<meta name=\"twitter:data2\" content=\"1 minute\" \/>\n<script type=\"application\/ld+json\" class=\"yoast-schema-graph\">{\"@context\":\"https:\\\/\\\/schema.org\",\"@graph\":[{\"@type\":\"Article\",\"@id\":\"https:\\\/\\\/permakultur-landwirtschaft.org\\\/kurs-zu-agroforstwirtschaft-am-inforama-vom-29-oktober-2021\\\/#article\",\"isPartOf\":{\"@id\":\"https:\\\/\\\/permakultur-landwirtschaft.org\\\/kurs-zu-agroforstwirtschaft-am-inforama-vom-29-oktober-2021\\\/\"},\"author\":{\"name\":\"adrian reutimann\",\"@id\":\"https:\\\/\\\/permakultur-landwirtschaft.org\\\/#\\\/schema\\\/person\\\/6b0467872f75aed3e144093f9bf4f0b0\"},\"headline\":\"Kurs zu Agroforstwirtschaft am INFORAMA vom 29. Oktober 2021\",\"datePublished\":\"2021-10-29T16:15:32+00:00\",\"dateModified\":\"2021-10-29T18:22:19+00:00\",\"mainEntityOfPage\":{\"@id\":\"https:\\\/\\\/permakultur-landwirtschaft.org\\\/kurs-zu-agroforstwirtschaft-am-inforama-vom-29-oktober-2021\\\/\"},\"wordCount\":224,\"publisher\":{\"@id\":\"https:\\\/\\\/permakultur-landwirtschaft.org\\\/#organization\"},\"image\":{\"@id\":\"https:\\\/\\\/permakultur-landwirtschaft.org\\\/kurs-zu-agroforstwirtschaft-am-inforama-vom-29-oktober-2021\\\/#primaryimage\"},\"thumbnailUrl\":\"https:\\\/\\\/permakultur-landwirtschaft.org\\\/wp-content\\\/uploads\\\/2021\\\/10\\\/20211029_agroforst_DSC03082.jpg\",\"articleSection\":[\"Veranstaltungen_Archiv\"],\"inLanguage\":\"fr-FR\"},{\"@type\":\"WebPage\",\"@id\":\"https:\\\/\\\/permakultur-landwirtschaft.org\\\/kurs-zu-agroforstwirtschaft-am-inforama-vom-29-oktober-2021\\\/\",\"url\":\"https:\\\/\\\/permakultur-landwirtschaft.org\\\/kurs-zu-agroforstwirtschaft-am-inforama-vom-29-oktober-2021\\\/\",\"name\":\"Kurs zu Agroforstwirtschaft am INFORAMA vom 29. Oktober 2021 - Permakultur-Landwirtschaft\",\"isPartOf\":{\"@id\":\"https:\\\/\\\/permakultur-landwirtschaft.org\\\/#website\"},\"primaryImageOfPage\":{\"@id\":\"https:\\\/\\\/permakultur-landwirtschaft.org\\\/kurs-zu-agroforstwirtschaft-am-inforama-vom-29-oktober-2021\\\/#primaryimage\"},\"image\":{\"@id\":\"https:\\\/\\\/permakultur-landwirtschaft.org\\\/kurs-zu-agroforstwirtschaft-am-inforama-vom-29-oktober-2021\\\/#primaryimage\"},\"thumbnailUrl\":\"https:\\\/\\\/permakultur-landwirtschaft.org\\\/wp-content\\\/uploads\\\/2021\\\/10\\\/20211029_agroforst_DSC03082.jpg\",\"datePublished\":\"2021-10-29T16:15:32+00:00\",\"dateModified\":\"2021-10-29T18:22:19+00:00\",\"breadcrumb\":{\"@id\":\"https:\\\/\\\/permakultur-landwirtschaft.org\\\/kurs-zu-agroforstwirtschaft-am-inforama-vom-29-oktober-2021\\\/#breadcrumb\"},\"inLanguage\":\"fr-FR\",\"potentialAction\":[{\"@type\":\"ReadAction\",\"target\":[\"https:\\\/\\\/permakultur-landwirtschaft.org\\\/kurs-zu-agroforstwirtschaft-am-inforama-vom-29-oktober-2021\\\/\"]}]},{\"@type\":\"ImageObject\",\"inLanguage\":\"fr-FR\",\"@id\":\"https:\\\/\\\/permakultur-landwirtschaft.org\\\/kurs-zu-agroforstwirtschaft-am-inforama-vom-29-oktober-2021\\\/#primaryimage\",\"url\":\"https:\\\/\\\/permakultur-landwirtschaft.org\\\/wp-content\\\/uploads\\\/2021\\\/10\\\/20211029_agroforst_DSC03082.jpg\",\"contentUrl\":\"https:\\\/\\\/permakultur-landwirtschaft.org\\\/wp-content\\\/uploads\\\/2021\\\/10\\\/20211029_agroforst_DSC03082.jpg\",\"width\":400,\"height\":266},{\"@type\":\"BreadcrumbList\",\"@id\":\"https:\\\/\\\/permakultur-landwirtschaft.org\\\/kurs-zu-agroforstwirtschaft-am-inforama-vom-29-oktober-2021\\\/#breadcrumb\",\"itemListElement\":[{\"@type\":\"ListItem\",\"position\":1,\"name\":\"Startseite\",\"item\":\"https:\\\/\\\/permakultur-landwirtschaft.org\\\/\"},{\"@type\":\"ListItem\",\"position\":2,\"name\":\"Kurs zu Agroforstwirtschaft am INFORAMA vom 29. Oktober 2021\"}]},{\"@type\":\"WebSite\",\"@id\":\"https:\\\/\\\/permakultur-landwirtschaft.org\\\/#website\",\"url\":\"https:\\\/\\\/permakultur-landwirtschaft.org\\\/\",\"name\":\"Permakultur-Landwirtschaft\",\"description\":\"F\u00f6rderung der Permakultur in der Landwirtschaft\",\"publisher\":{\"@id\":\"https:\\\/\\\/permakultur-landwirtschaft.org\\\/#organization\"},\"potentialAction\":[{\"@type\":\"SearchAction\",\"target\":{\"@type\":\"EntryPoint\",\"urlTemplate\":\"https:\\\/\\\/permakultur-landwirtschaft.org\\\/?s={search_term_string}\"},\"query-input\":{\"@type\":\"PropertyValueSpecification\",\"valueRequired\":true,\"valueName\":\"search_term_string\"}}],\"inLanguage\":\"fr-FR\"},{\"@type\":\"Organization\",\"@id\":\"https:\\\/\\\/permakultur-landwirtschaft.org\\\/#organization\",\"name\":\"Permakultur-Landwirtschaft\",\"alternateName\":\"Verein Permakultur-Landwirtschaft\",\"url\":\"https:\\\/\\\/permakultur-landwirtschaft.org\\\/\",\"logo\":{\"@type\":\"ImageObject\",\"inLanguage\":\"fr-FR\",\"@id\":\"https:\\\/\\\/permakultur-landwirtschaft.org\\\/#\\\/schema\\\/logo\\\/image\\\/\",\"url\":\"https:\\\/\\\/permakultur-landwirtschaft.org\\\/wp-content\\\/uploads\\\/2021\\\/11\\\/pela_1268x1269.png\",\"contentUrl\":\"https:\\\/\\\/permakultur-landwirtschaft.org\\\/wp-content\\\/uploads\\\/2021\\\/11\\\/pela_1268x1269.png\",\"width\":1298,\"height\":1269,\"caption\":\"Permakultur-Landwirtschaft\"},\"image\":{\"@id\":\"https:\\\/\\\/permakultur-landwirtschaft.org\\\/#\\\/schema\\\/logo\\\/image\\\/\"},\"sameAs\":[\"https:\\\/\\\/www.facebook.com\\\/PermakulturLandwirtschaft\",\"https:\\\/\\\/www.instagram.com\\\/permakultur_landwirtschaft\\\/\",\"https:\\\/\\\/www.flickr.com\\\/photos\\\/permakultur-landwirtschaft\",\"https:\\\/\\\/www.youtube.com\\\/@PermakulturLandwirtschaft\"]},{\"@type\":\"Person\",\"@id\":\"https:\\\/\\\/permakultur-landwirtschaft.org\\\/#\\\/schema\\\/person\\\/6b0467872f75aed3e144093f9bf4f0b0\",\"name\":\"adrian reutimann\",\"url\":\"https:\\\/\\\/permakultur-landwirtschaft.org\\\/fr\\\/author\\\/reutiadr\\\/\"}]}<\/script>\n<!-- \/ Yoast SEO plugin. -->","yoast_head_json":{"title":"Kurs zu Agroforstwirtschaft am INFORAMA vom 29. Oktober 2021 - Permakultur-Landwirtschaft","robots":{"index":"index","follow":"follow","max-snippet":"max-snippet:-1","max-image-preview":"max-image-preview:large","max-video-preview":"max-video-preview:-1"},"canonical":"https:\/\/permakultur-landwirtschaft.org\/fr\/kurs-zu-agroforstwirtschaft-am-inforama-vom-29-oktober-2021\/","og_locale":"fr_FR","og_type":"article","og_title":"Kurs zu Agroforstwirtschaft am INFORAMA vom 29. Oktober 2021 - Permakultur-Landwirtschaft","og_description":"Text vom INFORAMA: Agroforstwirtschaft &#8211; Eine M\u00f6glichkeit sich an die Herausforderungen des Klimawandels anzupassen Wie kann sich die Landwirtschaft das vielf\u00e4ltige Potential der B\u00e4ume zunutze machen? Was muss ich f\u00fcr die erfolgreiche Umsetzung eines Agroforstsystems auf meinem Betrieb beachten? Mit den sich \u00e4ndernden Rahmenbedingungen f\u00fcr die Landwirtschaft, haben sich innovative Landnutzungsformen wie die Agroforstwirtschaft europaweit [&hellip;]","og_url":"https:\/\/permakultur-landwirtschaft.org\/fr\/kurs-zu-agroforstwirtschaft-am-inforama-vom-29-oktober-2021\/","og_site_name":"Permakultur-Landwirtschaft","article_publisher":"https:\/\/www.facebook.com\/PermakulturLandwirtschaft","article_published_time":"2021-10-29T16:15:32+00:00","article_modified_time":"2021-10-29T18:22:19+00:00","og_image":[{"width":400,"height":266,"url":"https:\/\/permakultur-landwirtschaft.org\/wp-content\/uploads\/2021\/10\/20211029_agroforst_DSC03082.jpg","type":"image\/jpeg"}],"author":"adrian reutimann","twitter_card":"summary_large_image","twitter_misc":{"\u00c9crit par":"adrian reutimann","Dur\u00e9e de lecture estim\u00e9e":"1 minute"},"schema":{"@context":"https:\/\/schema.org","@graph":[{"@type":"Article","@id":"https:\/\/permakultur-landwirtschaft.org\/kurs-zu-agroforstwirtschaft-am-inforama-vom-29-oktober-2021\/#article","isPartOf":{"@id":"https:\/\/permakultur-landwirtschaft.org\/kurs-zu-agroforstwirtschaft-am-inforama-vom-29-oktober-2021\/"},"author":{"name":"adrian reutimann","@id":"https:\/\/permakultur-landwirtschaft.org\/#\/schema\/person\/6b0467872f75aed3e144093f9bf4f0b0"},"headline":"Kurs zu Agroforstwirtschaft am INFORAMA vom 29. Oktober 2021","datePublished":"2021-10-29T16:15:32+00:00","dateModified":"2021-10-29T18:22:19+00:00","mainEntityOfPage":{"@id":"https:\/\/permakultur-landwirtschaft.org\/kurs-zu-agroforstwirtschaft-am-inforama-vom-29-oktober-2021\/"},"wordCount":224,"publisher":{"@id":"https:\/\/permakultur-landwirtschaft.org\/#organization"},"image":{"@id":"https:\/\/permakultur-landwirtschaft.org\/kurs-zu-agroforstwirtschaft-am-inforama-vom-29-oktober-2021\/#primaryimage"},"thumbnailUrl":"https:\/\/permakultur-landwirtschaft.org\/wp-content\/uploads\/2021\/10\/20211029_agroforst_DSC03082.jpg","articleSection":["Veranstaltungen_Archiv"],"inLanguage":"fr-FR"},{"@type":"WebPage","@id":"https:\/\/permakultur-landwirtschaft.org\/kurs-zu-agroforstwirtschaft-am-inforama-vom-29-oktober-2021\/","url":"https:\/\/permakultur-landwirtschaft.org\/kurs-zu-agroforstwirtschaft-am-inforama-vom-29-oktober-2021\/","name":"Kurs zu Agroforstwirtschaft am INFORAMA vom 29. Oktober 2021 - Permakultur-Landwirtschaft","isPartOf":{"@id":"https:\/\/permakultur-landwirtschaft.org\/#website"},"primaryImageOfPage":{"@id":"https:\/\/permakultur-landwirtschaft.org\/kurs-zu-agroforstwirtschaft-am-inforama-vom-29-oktober-2021\/#primaryimage"},"image":{"@id":"https:\/\/permakultur-landwirtschaft.org\/kurs-zu-agroforstwirtschaft-am-inforama-vom-29-oktober-2021\/#primaryimage"},"thumbnailUrl":"https:\/\/permakultur-landwirtschaft.org\/wp-content\/uploads\/2021\/10\/20211029_agroforst_DSC03082.jpg","datePublished":"2021-10-29T16:15:32+00:00","dateModified":"2021-10-29T18:22:19+00:00","breadcrumb":{"@id":"https:\/\/permakultur-landwirtschaft.org\/kurs-zu-agroforstwirtschaft-am-inforama-vom-29-oktober-2021\/#breadcrumb"},"inLanguage":"fr-FR","potentialAction":[{"@type":"ReadAction","target":["https:\/\/permakultur-landwirtschaft.org\/kurs-zu-agroforstwirtschaft-am-inforama-vom-29-oktober-2021\/"]}]},{"@type":"ImageObject","inLanguage":"fr-FR","@id":"https:\/\/permakultur-landwirtschaft.org\/kurs-zu-agroforstwirtschaft-am-inforama-vom-29-oktober-2021\/#primaryimage","url":"https:\/\/permakultur-landwirtschaft.org\/wp-content\/uploads\/2021\/10\/20211029_agroforst_DSC03082.jpg","contentUrl":"https:\/\/permakultur-landwirtschaft.org\/wp-content\/uploads\/2021\/10\/20211029_agroforst_DSC03082.jpg","width":400,"height":266},{"@type":"BreadcrumbList","@id":"https:\/\/permakultur-landwirtschaft.org\/kurs-zu-agroforstwirtschaft-am-inforama-vom-29-oktober-2021\/#breadcrumb","itemListElement":[{"@type":"ListItem","position":1,"name":"Startseite","item":"https:\/\/permakultur-landwirtschaft.org\/"},{"@type":"ListItem","position":2,"name":"Kurs zu Agroforstwirtschaft am INFORAMA vom 29. Oktober 2021"}]},{"@type":"WebSite","@id":"https:\/\/permakultur-landwirtschaft.org\/#website","url":"https:\/\/permakultur-landwirtschaft.org\/","name":"Permakultur-Landwirtschaft","description":"F\u00f6rderung der Permakultur in der Landwirtschaft","publisher":{"@id":"https:\/\/permakultur-landwirtschaft.org\/#organization"},"potentialAction":[{"@type":"SearchAction","target":{"@type":"EntryPoint","urlTemplate":"https:\/\/permakultur-landwirtschaft.org\/?s={search_term_string}"},"query-input":{"@type":"PropertyValueSpecification","valueRequired":true,"valueName":"search_term_string"}}],"inLanguage":"fr-FR"},{"@type":"Organization","@id":"https:\/\/permakultur-landwirtschaft.org\/#organization","name":"Permakultur-Landwirtschaft","alternateName":"Verein Permakultur-Landwirtschaft","url":"https:\/\/permakultur-landwirtschaft.org\/","logo":{"@type":"ImageObject","inLanguage":"fr-FR","@id":"https:\/\/permakultur-landwirtschaft.org\/#\/schema\/logo\/image\/","url":"https:\/\/permakultur-landwirtschaft.org\/wp-content\/uploads\/2021\/11\/pela_1268x1269.png","contentUrl":"https:\/\/permakultur-landwirtschaft.org\/wp-content\/uploads\/2021\/11\/pela_1268x1269.png","width":1298,"height":1269,"caption":"Permakultur-Landwirtschaft"},"image":{"@id":"https:\/\/permakultur-landwirtschaft.org\/#\/schema\/logo\/image\/"},"sameAs":["https:\/\/www.facebook.com\/PermakulturLandwirtschaft","https:\/\/www.instagram.com\/permakultur_landwirtschaft\/","https:\/\/www.flickr.com\/photos\/permakultur-landwirtschaft","https:\/\/www.youtube.com\/@PermakulturLandwirtschaft"]},{"@type":"Person","@id":"https:\/\/permakultur-landwirtschaft.org\/#\/schema\/person\/6b0467872f75aed3e144093f9bf4f0b0","name":"adrian reutimann","url":"https:\/\/permakultur-landwirtschaft.org\/fr\/author\/reutiadr\/"}]}},"_links":{"self":[{"href":"https:\/\/permakultur-landwirtschaft.org\/fr\/wp-json\/wp\/v2\/posts\/16308","targetHints":{"allow":["GET"]}}],"collection":[{"href":"https:\/\/permakultur-landwirtschaft.org\/fr\/wp-json\/wp\/v2\/posts"}],"about":[{"href":"https:\/\/permakultur-landwirtschaft.org\/fr\/wp-json\/wp\/v2\/types\/post"}],"author":[{"embeddable":true,"href":"https:\/\/permakultur-landwirtschaft.org\/fr\/wp-json\/wp\/v2\/users\/2"}],"replies":[{"embeddable":true,"href":"https:\/\/permakultur-landwirtschaft.org\/fr\/wp-json\/wp\/v2\/comments?post=16308"}],"version-history":[{"count":3,"href":"https:\/\/permakultur-landwirtschaft.org\/fr\/wp-json\/wp\/v2\/posts\/16308\/revisions"}],"predecessor-version":[{"id":16322,"href":"https:\/\/permakultur-landwirtschaft.org\/fr\/wp-json\/wp\/v2\/posts\/16308\/revisions\/16322"}],"wp:featuredmedia":[{"embeddable":true,"href":"https:\/\/permakultur-landwirtschaft.org\/fr\/wp-json\/wp\/v2\/media\/16321"}],"wp:attachment":[{"href":"https:\/\/permakultur-landwirtschaft.org\/fr\/wp-json\/wp\/v2\/media?parent=16308"}],"wp:term":[{"taxonomy":"category","embeddable":true,"href":"https:\/\/permakultur-landwirtschaft.org\/fr\/wp-json\/wp\/v2\/categories?post=16308"},{"taxonomy":"post_tag","embeddable":true,"href":"https:\/\/permakultur-landwirtschaft.org\/fr\/wp-json\/wp\/v2\/tags?post=16308"}],"curies":[{"name":"wp","href":"https:\/\/api.w.org\/{rel}","templated":true}]}}