{"id":16303,"date":"2022-01-17T18:02:00","date_gmt":"2022-01-17T17:02:00","guid":{"rendered":"https:\/\/permakultur-landwirtschaft.org\/?p=16303"},"modified":"2022-01-18T16:18:00","modified_gmt":"2022-01-18T15:18:00","slug":"permakultur-in-der-landwirtschaft-impulstag-am-inforama-vom-17-januar-2022","status":"publish","type":"post","link":"https:\/\/permakultur-landwirtschaft.org\/fr\/permakultur-in-der-landwirtschaft-impulstag-am-inforama-vom-17-januar-2022\/","title":{"rendered":"Permakultur in der Landwirtschaft &#8211; Impulstag am Inforama vom 17. Januar 2022"},"content":{"rendered":"<p>Text vom INFORAMA:<\/p>\n<p>Verschiedene Referent*innen mit praktischen und theoretischen Hintergr\u00fcnden erm\u00f6glichen uns eine spannende Sicht auf das Thema Permakultur. Sie lernen Theorien und Konzepte der Permakultur kennen, erfahren \u00fcber die aktuelle Forschung und h\u00f6ren von Praktikern, wie sie mit ihren Bewirtschaftungsformen (haupts\u00e4chlich Gem\u00fcse) den Ideen der Permakultur gerecht werden.<\/p>\n<p><strong>Date <\/strong><br \/>\n17. Januar 2022, 09:00 &#8211; 16:30<\/p>\n<p><strong>Co\u00fbts<br \/>\n<\/strong>CHF 60.-<strong><br \/>\n<\/strong><\/p>\n<p><strong>Lieu<\/strong><br \/>\nINFORAMA R\u00fctti<br \/>\n3052 Zollikofen<\/p>\n<p><a href=\"https:\/\/www.inforama.ch\/kurse#\/weiterbildung\/biolandbau\/24505\" target=\"_blank\" rel=\"noopener noreferrer\">Infos zum Impulstag unter diesem Link: www.inforama.ch\/kurse#\/weiterbildung\/biolandbau\/24505<\/a><\/p>\n<p><img fetchpriority=\"high\" decoding=\"async\" class=\"size-full wp-image-16305 alignnone\" src=\"https:\/\/permakultur-landwirtschaft.org\/wp-content\/uploads\/2021\/10\/20220117_Impulstagpklw.jpg\" alt=\"\" width=\"500\" height=\"250\" srcset=\"https:\/\/permakultur-landwirtschaft.org\/wp-content\/uploads\/2021\/10\/20220117_Impulstagpklw.jpg 500w, https:\/\/permakultur-landwirtschaft.org\/wp-content\/uploads\/2021\/10\/20220117_Impulstagpklw-300x150.jpg 300w\" sizes=\"(max-width: 500px) 100vw, 500px\" \/><\/p>\n<p>Bild: <a href=\"https:\/\/www.inforama.ch\/kurse#\/weiterbildung\" target=\"_blank\" rel=\"noopener noreferrer\">www.inforama.ch<\/a><\/p>\n<hr>\n<h3><a href=\"https:\/\/permakultur-landwirtschaft.org\/fr\/veranstaltungen\/\">Hier geht&#8217;s zur \u00dcbersicht aktuelle Veranstaltungen<\/a><\/h3>","protected":false},"excerpt":{"rendered":"<p>Text vom INFORAMA: Verschiedene Referent*innen mit praktischen und theoretischen Hintergr\u00fcnden erm\u00f6glichen uns eine spannende Sicht auf das Thema Permakultur. Sie lernen Theorien und Konzepte der Permakultur kennen, erfahren \u00fcber die aktuelle Forschung und h\u00f6ren von Praktikern, wie sie mit ihren Bewirtschaftungsformen (haupts\u00e4chlich Gem\u00fcse) den Ideen der Permakultur gerecht werden. Datum 17. Januar 2022, 09:00 &#8211; [&hellip;]<\/p>\n","protected":false},"author":2,"featured_media":16305,"comment_status":"closed","ping_status":"closed","sticky":false,"template":"","format":"standard","meta":{"_acf_changed":false,"site-sidebar-layout":"default","site-content-layout":"","ast-site-content-layout":"default","site-content-style":"default","site-sidebar-style":"default","ast-global-header-display":"","ast-banner-title-visibility":"","ast-main-header-display":"","ast-hfb-above-header-display":"","ast-hfb-below-header-display":"","ast-hfb-mobile-header-display":"","site-post-title":"","ast-breadcrumbs-content":"","ast-featured-img":"","footer-sml-layout":"","ast-disable-related-posts":"","theme-transparent-header-meta":"","adv-header-id-meta":"","stick-header-meta":"","header-above-stick-meta":"","header-main-stick-meta":"","header-below-stick-meta":"","astra-migrate-meta-layouts":"default","ast-page-background-enabled":"default","ast-page-background-meta":{"desktop":{"background-color":"var(--ast-global-color-4)","background-image":"","background-repeat":"repeat","background-position":"center center","background-size":"auto","background-attachment":"scroll","background-type":"","background-media":"","overlay-type":"","overlay-color":"","overlay-opacity":"","overlay-gradient":""},"tablet":{"background-color":"","background-image":"","background-repeat":"repeat","background-position":"center center","background-size":"auto","background-attachment":"scroll","background-type":"","background-media":"","overlay-type":"","overlay-color":"","overlay-opacity":"","overlay-gradient":""},"mobile":{"background-color":"","background-image":"","background-repeat":"repeat","background-position":"center center","background-size":"auto","background-attachment":"scroll","background-type":"","background-media":"","overlay-type":"","overlay-color":"","overlay-opacity":"","overlay-gradient":""}},"ast-content-background-meta":{"desktop":{"background-color":"var(--ast-global-color-5)","background-image":"","background-repeat":"repeat","background-position":"center center","background-size":"auto","background-attachment":"scroll","background-type":"","background-media":"","overlay-type":"","overlay-color":"","overlay-opacity":"","overlay-gradient":""},"tablet":{"background-color":"var(--ast-global-color-5)","background-image":"","background-repeat":"repeat","background-position":"center center","background-size":"auto","background-attachment":"scroll","background-type":"","background-media":"","overlay-type":"","overlay-color":"","overlay-opacity":"","overlay-gradient":""},"mobile":{"background-color":"var(--ast-global-color-5)","background-image":"","background-repeat":"repeat","background-position":"center center","background-size":"auto","background-attachment":"scroll","background-type":"","background-media":"","overlay-type":"","overlay-color":"","overlay-opacity":"","overlay-gradient":""}},"footnotes":""},"categories":[21],"tags":[],"class_list":["post-16303","post","type-post","status-publish","format-standard","has-post-thumbnail","hentry","category-veranstaltungen_archiv"],"acf":[],"yoast_head":"<!-- This site is optimized with the Yoast SEO plugin v27.5 - https:\/\/yoast.com\/product\/yoast-seo-wordpress\/ -->\n<title>Permakultur in der Landwirtschaft - Impulstag am Inforama vom 17. Januar 2022 - Permakultur-Landwirtschaft<\/title>\n<meta name=\"robots\" content=\"index, follow, max-snippet:-1, max-image-preview:large, max-video-preview:-1\" \/>\n<link rel=\"canonical\" href=\"https:\/\/permakultur-landwirtschaft.org\/fr\/permakultur-in-der-landwirtschaft-impulstag-am-inforama-vom-17-januar-2022\/\" \/>\n<meta property=\"og:locale\" content=\"fr_FR\" \/>\n<meta property=\"og:type\" content=\"article\" \/>\n<meta property=\"og:title\" content=\"Permakultur in der Landwirtschaft - Impulstag am Inforama vom 17. Januar 2022 - Permakultur-Landwirtschaft\" \/>\n<meta property=\"og:description\" content=\"Text vom INFORAMA: Verschiedene Referent*innen mit praktischen und theoretischen Hintergr\u00fcnden erm\u00f6glichen uns eine spannende Sicht auf das Thema Permakultur. Sie lernen Theorien und Konzepte der Permakultur kennen, erfahren \u00fcber die aktuelle Forschung und h\u00f6ren von Praktikern, wie sie mit ihren Bewirtschaftungsformen (haupts\u00e4chlich Gem\u00fcse) den Ideen der Permakultur gerecht werden. Datum 17. Januar 2022, 09:00 &#8211; [&hellip;]\" \/>\n<meta property=\"og:url\" content=\"https:\/\/permakultur-landwirtschaft.org\/fr\/permakultur-in-der-landwirtschaft-impulstag-am-inforama-vom-17-januar-2022\/\" \/>\n<meta property=\"og:site_name\" content=\"Permakultur-Landwirtschaft\" \/>\n<meta property=\"article:publisher\" content=\"https:\/\/www.facebook.com\/PermakulturLandwirtschaft\" \/>\n<meta property=\"article:published_time\" content=\"2022-01-17T17:02:00+00:00\" \/>\n<meta property=\"article:modified_time\" content=\"2022-01-18T15:18:00+00:00\" \/>\n<meta property=\"og:image\" content=\"https:\/\/permakultur-landwirtschaft.org\/wp-content\/uploads\/2021\/10\/20220117_Impulstagpklw.jpg\" \/>\n\t<meta property=\"og:image:width\" content=\"500\" \/>\n\t<meta property=\"og:image:height\" content=\"250\" \/>\n\t<meta property=\"og:image:type\" content=\"image\/jpeg\" \/>\n<meta name=\"author\" content=\"adrian reutimann\" \/>\n<meta name=\"twitter:card\" content=\"summary_large_image\" \/>\n<meta name=\"twitter:label1\" content=\"\u00c9crit par\" \/>\n\t<meta name=\"twitter:data1\" content=\"adrian reutimann\" \/>\n<script type=\"application\/ld+json\" class=\"yoast-schema-graph\">{\"@context\":\"https:\\\/\\\/schema.org\",\"@graph\":[{\"@type\":\"Article\",\"@id\":\"https:\\\/\\\/permakultur-landwirtschaft.org\\\/permakultur-in-der-landwirtschaft-impulstag-am-inforama-vom-17-januar-2022\\\/#article\",\"isPartOf\":{\"@id\":\"https:\\\/\\\/permakultur-landwirtschaft.org\\\/permakultur-in-der-landwirtschaft-impulstag-am-inforama-vom-17-januar-2022\\\/\"},\"author\":{\"name\":\"adrian reutimann\",\"@id\":\"https:\\\/\\\/permakultur-landwirtschaft.org\\\/#\\\/schema\\\/person\\\/6b0467872f75aed3e144093f9bf4f0b0\"},\"headline\":\"Permakultur in der Landwirtschaft &#8211; Impulstag am Inforama vom 17. Januar 2022\",\"datePublished\":\"2022-01-17T17:02:00+00:00\",\"dateModified\":\"2022-01-18T15:18:00+00:00\",\"mainEntityOfPage\":{\"@id\":\"https:\\\/\\\/permakultur-landwirtschaft.org\\\/permakultur-in-der-landwirtschaft-impulstag-am-inforama-vom-17-januar-2022\\\/\"},\"wordCount\":99,\"publisher\":{\"@id\":\"https:\\\/\\\/permakultur-landwirtschaft.org\\\/#organization\"},\"image\":{\"@id\":\"https:\\\/\\\/permakultur-landwirtschaft.org\\\/permakultur-in-der-landwirtschaft-impulstag-am-inforama-vom-17-januar-2022\\\/#primaryimage\"},\"thumbnailUrl\":\"https:\\\/\\\/permakultur-landwirtschaft.org\\\/wp-content\\\/uploads\\\/2021\\\/10\\\/20220117_Impulstagpklw.jpg\",\"articleSection\":[\"Veranstaltungen_Archiv\"],\"inLanguage\":\"fr-FR\"},{\"@type\":\"WebPage\",\"@id\":\"https:\\\/\\\/permakultur-landwirtschaft.org\\\/permakultur-in-der-landwirtschaft-impulstag-am-inforama-vom-17-januar-2022\\\/\",\"url\":\"https:\\\/\\\/permakultur-landwirtschaft.org\\\/permakultur-in-der-landwirtschaft-impulstag-am-inforama-vom-17-januar-2022\\\/\",\"name\":\"Permakultur in der Landwirtschaft - Impulstag am Inforama vom 17. Januar 2022 - Permakultur-Landwirtschaft\",\"isPartOf\":{\"@id\":\"https:\\\/\\\/permakultur-landwirtschaft.org\\\/#website\"},\"primaryImageOfPage\":{\"@id\":\"https:\\\/\\\/permakultur-landwirtschaft.org\\\/permakultur-in-der-landwirtschaft-impulstag-am-inforama-vom-17-januar-2022\\\/#primaryimage\"},\"image\":{\"@id\":\"https:\\\/\\\/permakultur-landwirtschaft.org\\\/permakultur-in-der-landwirtschaft-impulstag-am-inforama-vom-17-januar-2022\\\/#primaryimage\"},\"thumbnailUrl\":\"https:\\\/\\\/permakultur-landwirtschaft.org\\\/wp-content\\\/uploads\\\/2021\\\/10\\\/20220117_Impulstagpklw.jpg\",\"datePublished\":\"2022-01-17T17:02:00+00:00\",\"dateModified\":\"2022-01-18T15:18:00+00:00\",\"breadcrumb\":{\"@id\":\"https:\\\/\\\/permakultur-landwirtschaft.org\\\/permakultur-in-der-landwirtschaft-impulstag-am-inforama-vom-17-januar-2022\\\/#breadcrumb\"},\"inLanguage\":\"fr-FR\",\"potentialAction\":[{\"@type\":\"ReadAction\",\"target\":[\"https:\\\/\\\/permakultur-landwirtschaft.org\\\/permakultur-in-der-landwirtschaft-impulstag-am-inforama-vom-17-januar-2022\\\/\"]}]},{\"@type\":\"ImageObject\",\"inLanguage\":\"fr-FR\",\"@id\":\"https:\\\/\\\/permakultur-landwirtschaft.org\\\/permakultur-in-der-landwirtschaft-impulstag-am-inforama-vom-17-januar-2022\\\/#primaryimage\",\"url\":\"https:\\\/\\\/permakultur-landwirtschaft.org\\\/wp-content\\\/uploads\\\/2021\\\/10\\\/20220117_Impulstagpklw.jpg\",\"contentUrl\":\"https:\\\/\\\/permakultur-landwirtschaft.org\\\/wp-content\\\/uploads\\\/2021\\\/10\\\/20220117_Impulstagpklw.jpg\",\"width\":500,\"height\":250},{\"@type\":\"BreadcrumbList\",\"@id\":\"https:\\\/\\\/permakultur-landwirtschaft.org\\\/permakultur-in-der-landwirtschaft-impulstag-am-inforama-vom-17-januar-2022\\\/#breadcrumb\",\"itemListElement\":[{\"@type\":\"ListItem\",\"position\":1,\"name\":\"Startseite\",\"item\":\"https:\\\/\\\/permakultur-landwirtschaft.org\\\/\"},{\"@type\":\"ListItem\",\"position\":2,\"name\":\"Permakultur in der Landwirtschaft &#8211; Impulstag am Inforama vom 17. Januar 2022\"}]},{\"@type\":\"WebSite\",\"@id\":\"https:\\\/\\\/permakultur-landwirtschaft.org\\\/#website\",\"url\":\"https:\\\/\\\/permakultur-landwirtschaft.org\\\/\",\"name\":\"Permakultur-Landwirtschaft\",\"description\":\"F\u00f6rderung der Permakultur in der Landwirtschaft\",\"publisher\":{\"@id\":\"https:\\\/\\\/permakultur-landwirtschaft.org\\\/#organization\"},\"potentialAction\":[{\"@type\":\"SearchAction\",\"target\":{\"@type\":\"EntryPoint\",\"urlTemplate\":\"https:\\\/\\\/permakultur-landwirtschaft.org\\\/?s={search_term_string}\"},\"query-input\":{\"@type\":\"PropertyValueSpecification\",\"valueRequired\":true,\"valueName\":\"search_term_string\"}}],\"inLanguage\":\"fr-FR\"},{\"@type\":\"Organization\",\"@id\":\"https:\\\/\\\/permakultur-landwirtschaft.org\\\/#organization\",\"name\":\"Permakultur-Landwirtschaft\",\"alternateName\":\"Verein Permakultur-Landwirtschaft\",\"url\":\"https:\\\/\\\/permakultur-landwirtschaft.org\\\/\",\"logo\":{\"@type\":\"ImageObject\",\"inLanguage\":\"fr-FR\",\"@id\":\"https:\\\/\\\/permakultur-landwirtschaft.org\\\/#\\\/schema\\\/logo\\\/image\\\/\",\"url\":\"https:\\\/\\\/permakultur-landwirtschaft.org\\\/wp-content\\\/uploads\\\/2021\\\/11\\\/pela_1268x1269.png\",\"contentUrl\":\"https:\\\/\\\/permakultur-landwirtschaft.org\\\/wp-content\\\/uploads\\\/2021\\\/11\\\/pela_1268x1269.png\",\"width\":1298,\"height\":1269,\"caption\":\"Permakultur-Landwirtschaft\"},\"image\":{\"@id\":\"https:\\\/\\\/permakultur-landwirtschaft.org\\\/#\\\/schema\\\/logo\\\/image\\\/\"},\"sameAs\":[\"https:\\\/\\\/www.facebook.com\\\/PermakulturLandwirtschaft\",\"https:\\\/\\\/www.instagram.com\\\/permakultur_landwirtschaft\\\/\",\"https:\\\/\\\/www.flickr.com\\\/photos\\\/permakultur-landwirtschaft\",\"https:\\\/\\\/www.youtube.com\\\/@PermakulturLandwirtschaft\"]},{\"@type\":\"Person\",\"@id\":\"https:\\\/\\\/permakultur-landwirtschaft.org\\\/#\\\/schema\\\/person\\\/6b0467872f75aed3e144093f9bf4f0b0\",\"name\":\"adrian reutimann\",\"url\":\"https:\\\/\\\/permakultur-landwirtschaft.org\\\/fr\\\/author\\\/reutiadr\\\/\"}]}<\/script>\n<!-- \/ Yoast SEO plugin. -->","yoast_head_json":{"title":"Permakultur in der Landwirtschaft - Impulstag am Inforama vom 17. Januar 2022 - Permakultur-Landwirtschaft","robots":{"index":"index","follow":"follow","max-snippet":"max-snippet:-1","max-image-preview":"max-image-preview:large","max-video-preview":"max-video-preview:-1"},"canonical":"https:\/\/permakultur-landwirtschaft.org\/fr\/permakultur-in-der-landwirtschaft-impulstag-am-inforama-vom-17-januar-2022\/","og_locale":"fr_FR","og_type":"article","og_title":"Permakultur in der Landwirtschaft - Impulstag am Inforama vom 17. Januar 2022 - Permakultur-Landwirtschaft","og_description":"Text vom INFORAMA: Verschiedene Referent*innen mit praktischen und theoretischen Hintergr\u00fcnden erm\u00f6glichen uns eine spannende Sicht auf das Thema Permakultur. Sie lernen Theorien und Konzepte der Permakultur kennen, erfahren \u00fcber die aktuelle Forschung und h\u00f6ren von Praktikern, wie sie mit ihren Bewirtschaftungsformen (haupts\u00e4chlich Gem\u00fcse) den Ideen der Permakultur gerecht werden. Datum 17. Januar 2022, 09:00 &#8211; [&hellip;]","og_url":"https:\/\/permakultur-landwirtschaft.org\/fr\/permakultur-in-der-landwirtschaft-impulstag-am-inforama-vom-17-januar-2022\/","og_site_name":"Permakultur-Landwirtschaft","article_publisher":"https:\/\/www.facebook.com\/PermakulturLandwirtschaft","article_published_time":"2022-01-17T17:02:00+00:00","article_modified_time":"2022-01-18T15:18:00+00:00","og_image":[{"width":500,"height":250,"url":"https:\/\/permakultur-landwirtschaft.org\/wp-content\/uploads\/2021\/10\/20220117_Impulstagpklw.jpg","type":"image\/jpeg"}],"author":"adrian reutimann","twitter_card":"summary_large_image","twitter_misc":{"\u00c9crit par":"adrian reutimann"},"schema":{"@context":"https:\/\/schema.org","@graph":[{"@type":"Article","@id":"https:\/\/permakultur-landwirtschaft.org\/permakultur-in-der-landwirtschaft-impulstag-am-inforama-vom-17-januar-2022\/#article","isPartOf":{"@id":"https:\/\/permakultur-landwirtschaft.org\/permakultur-in-der-landwirtschaft-impulstag-am-inforama-vom-17-januar-2022\/"},"author":{"name":"adrian reutimann","@id":"https:\/\/permakultur-landwirtschaft.org\/#\/schema\/person\/6b0467872f75aed3e144093f9bf4f0b0"},"headline":"Permakultur in der Landwirtschaft &#8211; Impulstag am Inforama vom 17. Januar 2022","datePublished":"2022-01-17T17:02:00+00:00","dateModified":"2022-01-18T15:18:00+00:00","mainEntityOfPage":{"@id":"https:\/\/permakultur-landwirtschaft.org\/permakultur-in-der-landwirtschaft-impulstag-am-inforama-vom-17-januar-2022\/"},"wordCount":99,"publisher":{"@id":"https:\/\/permakultur-landwirtschaft.org\/#organization"},"image":{"@id":"https:\/\/permakultur-landwirtschaft.org\/permakultur-in-der-landwirtschaft-impulstag-am-inforama-vom-17-januar-2022\/#primaryimage"},"thumbnailUrl":"https:\/\/permakultur-landwirtschaft.org\/wp-content\/uploads\/2021\/10\/20220117_Impulstagpklw.jpg","articleSection":["Veranstaltungen_Archiv"],"inLanguage":"fr-FR"},{"@type":"WebPage","@id":"https:\/\/permakultur-landwirtschaft.org\/permakultur-in-der-landwirtschaft-impulstag-am-inforama-vom-17-januar-2022\/","url":"https:\/\/permakultur-landwirtschaft.org\/permakultur-in-der-landwirtschaft-impulstag-am-inforama-vom-17-januar-2022\/","name":"Permakultur in der Landwirtschaft - Impulstag am Inforama vom 17. Januar 2022 - Permakultur-Landwirtschaft","isPartOf":{"@id":"https:\/\/permakultur-landwirtschaft.org\/#website"},"primaryImageOfPage":{"@id":"https:\/\/permakultur-landwirtschaft.org\/permakultur-in-der-landwirtschaft-impulstag-am-inforama-vom-17-januar-2022\/#primaryimage"},"image":{"@id":"https:\/\/permakultur-landwirtschaft.org\/permakultur-in-der-landwirtschaft-impulstag-am-inforama-vom-17-januar-2022\/#primaryimage"},"thumbnailUrl":"https:\/\/permakultur-landwirtschaft.org\/wp-content\/uploads\/2021\/10\/20220117_Impulstagpklw.jpg","datePublished":"2022-01-17T17:02:00+00:00","dateModified":"2022-01-18T15:18:00+00:00","breadcrumb":{"@id":"https:\/\/permakultur-landwirtschaft.org\/permakultur-in-der-landwirtschaft-impulstag-am-inforama-vom-17-januar-2022\/#breadcrumb"},"inLanguage":"fr-FR","potentialAction":[{"@type":"ReadAction","target":["https:\/\/permakultur-landwirtschaft.org\/permakultur-in-der-landwirtschaft-impulstag-am-inforama-vom-17-januar-2022\/"]}]},{"@type":"ImageObject","inLanguage":"fr-FR","@id":"https:\/\/permakultur-landwirtschaft.org\/permakultur-in-der-landwirtschaft-impulstag-am-inforama-vom-17-januar-2022\/#primaryimage","url":"https:\/\/permakultur-landwirtschaft.org\/wp-content\/uploads\/2021\/10\/20220117_Impulstagpklw.jpg","contentUrl":"https:\/\/permakultur-landwirtschaft.org\/wp-content\/uploads\/2021\/10\/20220117_Impulstagpklw.jpg","width":500,"height":250},{"@type":"BreadcrumbList","@id":"https:\/\/permakultur-landwirtschaft.org\/permakultur-in-der-landwirtschaft-impulstag-am-inforama-vom-17-januar-2022\/#breadcrumb","itemListElement":[{"@type":"ListItem","position":1,"name":"Startseite","item":"https:\/\/permakultur-landwirtschaft.org\/"},{"@type":"ListItem","position":2,"name":"Permakultur in der Landwirtschaft &#8211; Impulstag am Inforama vom 17. Januar 2022"}]},{"@type":"WebSite","@id":"https:\/\/permakultur-landwirtschaft.org\/#website","url":"https:\/\/permakultur-landwirtschaft.org\/","name":"Permakultur-Landwirtschaft","description":"F\u00f6rderung der Permakultur in der Landwirtschaft","publisher":{"@id":"https:\/\/permakultur-landwirtschaft.org\/#organization"},"potentialAction":[{"@type":"SearchAction","target":{"@type":"EntryPoint","urlTemplate":"https:\/\/permakultur-landwirtschaft.org\/?s={search_term_string}"},"query-input":{"@type":"PropertyValueSpecification","valueRequired":true,"valueName":"search_term_string"}}],"inLanguage":"fr-FR"},{"@type":"Organization","@id":"https:\/\/permakultur-landwirtschaft.org\/#organization","name":"Permakultur-Landwirtschaft","alternateName":"Verein Permakultur-Landwirtschaft","url":"https:\/\/permakultur-landwirtschaft.org\/","logo":{"@type":"ImageObject","inLanguage":"fr-FR","@id":"https:\/\/permakultur-landwirtschaft.org\/#\/schema\/logo\/image\/","url":"https:\/\/permakultur-landwirtschaft.org\/wp-content\/uploads\/2021\/11\/pela_1268x1269.png","contentUrl":"https:\/\/permakultur-landwirtschaft.org\/wp-content\/uploads\/2021\/11\/pela_1268x1269.png","width":1298,"height":1269,"caption":"Permakultur-Landwirtschaft"},"image":{"@id":"https:\/\/permakultur-landwirtschaft.org\/#\/schema\/logo\/image\/"},"sameAs":["https:\/\/www.facebook.com\/PermakulturLandwirtschaft","https:\/\/www.instagram.com\/permakultur_landwirtschaft\/","https:\/\/www.flickr.com\/photos\/permakultur-landwirtschaft","https:\/\/www.youtube.com\/@PermakulturLandwirtschaft"]},{"@type":"Person","@id":"https:\/\/permakultur-landwirtschaft.org\/#\/schema\/person\/6b0467872f75aed3e144093f9bf4f0b0","name":"adrian reutimann","url":"https:\/\/permakultur-landwirtschaft.org\/fr\/author\/reutiadr\/"}]}},"_links":{"self":[{"href":"https:\/\/permakultur-landwirtschaft.org\/fr\/wp-json\/wp\/v2\/posts\/16303","targetHints":{"allow":["GET"]}}],"collection":[{"href":"https:\/\/permakultur-landwirtschaft.org\/fr\/wp-json\/wp\/v2\/posts"}],"about":[{"href":"https:\/\/permakultur-landwirtschaft.org\/fr\/wp-json\/wp\/v2\/types\/post"}],"author":[{"embeddable":true,"href":"https:\/\/permakultur-landwirtschaft.org\/fr\/wp-json\/wp\/v2\/users\/2"}],"replies":[{"embeddable":true,"href":"https:\/\/permakultur-landwirtschaft.org\/fr\/wp-json\/wp\/v2\/comments?post=16303"}],"version-history":[{"count":4,"href":"https:\/\/permakultur-landwirtschaft.org\/fr\/wp-json\/wp\/v2\/posts\/16303\/revisions"}],"predecessor-version":[{"id":17513,"href":"https:\/\/permakultur-landwirtschaft.org\/fr\/wp-json\/wp\/v2\/posts\/16303\/revisions\/17513"}],"wp:featuredmedia":[{"embeddable":true,"href":"https:\/\/permakultur-landwirtschaft.org\/fr\/wp-json\/wp\/v2\/media\/16305"}],"wp:attachment":[{"href":"https:\/\/permakultur-landwirtschaft.org\/fr\/wp-json\/wp\/v2\/media?parent=16303"}],"wp:term":[{"taxonomy":"category","embeddable":true,"href":"https:\/\/permakultur-landwirtschaft.org\/fr\/wp-json\/wp\/v2\/categories?post=16303"},{"taxonomy":"post_tag","embeddable":true,"href":"https:\/\/permakultur-landwirtschaft.org\/fr\/wp-json\/wp\/v2\/tags?post=16303"}],"curies":[{"name":"wp","href":"https:\/\/api.w.org\/{rel}","templated":true}]}}