{"id":16294,"date":"2021-11-20T17:53:15","date_gmt":"2021-11-20T16:53:15","guid":{"rendered":"https:\/\/permakultur-landwirtschaft.org\/?p=16294"},"modified":"2021-11-23T14:32:59","modified_gmt":"2021-11-23T13:32:59","slug":"infoanlass-zu-neuem-probio-arbeitskreis-permakultur-am-20-november-2021","status":"publish","type":"post","link":"https:\/\/permakultur-landwirtschaft.org\/fr\/infoanlass-zu-neuem-probio-arbeitskreis-permakultur-am-20-november-2021\/","title":{"rendered":"Online Infoanlass zu neuem ProBio-Arbeitskreis Permakultur am 20. November 2021"},"content":{"rendered":"<p>Text vom INFORAMA:<br \/>\nAn diesem November-Samstag treffen sich Permakultur interessierte Landwirt*innen. Neben einem Fachinput zu Permakultur in der Landwirtschaft und Informationen zum neuen ProBio-Arbeitskreis, steht der Austausch und das Kennenlernen von Gleichgesinnten im Zentrum.<br \/>\nDas Ziel des neuen ProBio-Arbeitskreis Permakultur ist, dass sich Landwirt*innen zu ihren Erfahrungen rund um die Permakultur austauschen und gemeinsam lernen k\u00f6nnen. Konkrete Umsetzungen werden besprochen und reale Betriebe und Betriebsleitende mit \u00e4hnlichen Ideen und Zielen kommen in Kontakt. So kann auch das Wissen mehrerer Praktiker*innen in die Weiterentwicklung des eigenen Betriebes einfliessen.<br \/>\nEin m\u00f6glicher Ausgangspunkt f\u00fcr den Austausch im ProBio-Arbeitskreis kann die Fl\u00e4chenbezeichnung \u00ab725 Permakultur\u00bb der Direktzahlungsverordnung sein. Ein ProBio-Arbeitskreis besteht aus 6 bis 10 Personen und trifft sich rund 4 bis 6 Mal im Jahr. Zeitlich ist ein solcher Kreis nicht begrenzt. Mehr Informationen zu ProBio und INFORAMA Arbeitskreisen finden sich hier: probio.bioaktuell.ch\/arbeits-kreise &amp; www.inforama.ch\/beratung\/arbeitskreise<br \/>\nIm Anschluss an den Fachinput von Mila Laager und die Informationen zum ProBio-Arbeitskreis, werden Interessent*innen f\u00fcr die Gr\u00fcndung eines Arbeitskreises zum Thema Permakultur zusammengef\u00fchrt.<\/p>\n<p><strong>Date<br \/>\n<\/strong>neu: 20. November 2021, 14:00 &#8211; 16:00<br \/>\n<del>20. November 2021, 13:30 &#8211; 16:30<\/del><\/p>\n<p><strong>Teilnahmegeb\u00fchr<br \/>\n<\/strong>Gratuit<\/p>\n<p><strong>Lieu<br \/>\n<\/strong>neu: online<br \/>\n<del>INFORAMA Bio-Schule<\/del><br \/>\n<del>Schwand 2<\/del><br \/>\n<del>3110 M\u00fcnsingen BE<\/del><\/p>\n<p><strong>Infos und Anmeldung siehe Flyer<br \/>\n<\/strong><a href=\"https:\/\/permakultur-landwirtschaft.org\/documents\/events\/20211120_Einladung_Informationsanlass_Arbeitskreis_Permakultur_digital.pdf\" target=\"_blank\" rel=\"noopener\">Den Flyer zum Anlass gibt es hier: permakultur-landwirtschaft.org\/documents\/events\/20211120_Einladung_Informationsanlass_Arbeitskreis_Permakultur_digital.pdf<\/a><\/p>\n<p>&nbsp;<\/p>\n<p><a href=\"https:\/\/permakultur-landwirtschaft.org\/documents\/events\/20211120_Einladung_Informationsanlass_Arbeitskreis_Permakultur_digital.pdf\" target=\"_blank\" rel=\"noopener\"><img fetchpriority=\"high\" decoding=\"async\" class=\"size-full wp-image-16298 alignnone\" src=\"https:\/\/permakultur-landwirtschaft.org\/wp-content\/uploads\/2021\/10\/probio17.10.jpg\" alt=\"\" width=\"400\" height=\"162\" srcset=\"https:\/\/permakultur-landwirtschaft.org\/wp-content\/uploads\/2021\/10\/probio17.10.jpg 400w, https:\/\/permakultur-landwirtschaft.org\/wp-content\/uploads\/2021\/10\/probio17.10-300x122.jpg 300w\" sizes=\"(max-width: 400px) 100vw, 400px\" \/><\/a><\/p>\n<p>Bild: aus Flyer<\/p>\n<hr \/>\n<h3><a href=\"https:\/\/permakultur-landwirtschaft.org\/fr\/veranstaltungen\/\">Hier geht&#8217;s zur \u00dcbersicht aktuelle Veranstaltungen<\/a><\/h3>","protected":false},"excerpt":{"rendered":"<p>Text vom INFORAMA: An diesem November-Samstag treffen sich Permakultur interessierte Landwirt*innen. Neben einem Fachinput zu Permakultur in der Landwirtschaft und Informationen zum neuen ProBio-Arbeitskreis, steht der Austausch und das Kennenlernen von Gleichgesinnten im Zentrum. Das Ziel des neuen ProBio-Arbeitskreis Permakultur ist, dass sich Landwirt*innen zu ihren Erfahrungen rund um die Permakultur austauschen und gemeinsam lernen [&hellip;]<\/p>\n","protected":false},"author":2,"featured_media":16298,"comment_status":"closed","ping_status":"closed","sticky":false,"template":"","format":"standard","meta":{"_acf_changed":false,"site-sidebar-layout":"default","site-content-layout":"","ast-site-content-layout":"default","site-content-style":"default","site-sidebar-style":"default","ast-global-header-display":"","ast-banner-title-visibility":"","ast-main-header-display":"","ast-hfb-above-header-display":"","ast-hfb-below-header-display":"","ast-hfb-mobile-header-display":"","site-post-title":"","ast-breadcrumbs-content":"","ast-featured-img":"","footer-sml-layout":"","ast-disable-related-posts":"","theme-transparent-header-meta":"","adv-header-id-meta":"","stick-header-meta":"","header-above-stick-meta":"","header-main-stick-meta":"","header-below-stick-meta":"","astra-migrate-meta-layouts":"default","ast-page-background-enabled":"default","ast-page-background-meta":{"desktop":{"background-color":"var(--ast-global-color-4)","background-image":"","background-repeat":"repeat","background-position":"center center","background-size":"auto","background-attachment":"scroll","background-type":"","background-media":"","overlay-type":"","overlay-color":"","overlay-opacity":"","overlay-gradient":""},"tablet":{"background-color":"","background-image":"","background-repeat":"repeat","background-position":"center center","background-size":"auto","background-attachment":"scroll","background-type":"","background-media":"","overlay-type":"","overlay-color":"","overlay-opacity":"","overlay-gradient":""},"mobile":{"background-color":"","background-image":"","background-repeat":"repeat","background-position":"center center","background-size":"auto","background-attachment":"scroll","background-type":"","background-media":"","overlay-type":"","overlay-color":"","overlay-opacity":"","overlay-gradient":""}},"ast-content-background-meta":{"desktop":{"background-color":"var(--ast-global-color-5)","background-image":"","background-repeat":"repeat","background-position":"center center","background-size":"auto","background-attachment":"scroll","background-type":"","background-media":"","overlay-type":"","overlay-color":"","overlay-opacity":"","overlay-gradient":""},"tablet":{"background-color":"var(--ast-global-color-5)","background-image":"","background-repeat":"repeat","background-position":"center center","background-size":"auto","background-attachment":"scroll","background-type":"","background-media":"","overlay-type":"","overlay-color":"","overlay-opacity":"","overlay-gradient":""},"mobile":{"background-color":"var(--ast-global-color-5)","background-image":"","background-repeat":"repeat","background-position":"center center","background-size":"auto","background-attachment":"scroll","background-type":"","background-media":"","overlay-type":"","overlay-color":"","overlay-opacity":"","overlay-gradient":""}},"footnotes":""},"categories":[21],"tags":[],"class_list":["post-16294","post","type-post","status-publish","format-standard","has-post-thumbnail","hentry","category-veranstaltungen_archiv"],"acf":[],"yoast_head":"<!-- This site is optimized with the Yoast SEO plugin v27.5 - https:\/\/yoast.com\/product\/yoast-seo-wordpress\/ -->\n<title>Online Infoanlass zu neuem ProBio-Arbeitskreis Permakultur am 20. November 2021 - Permakultur-Landwirtschaft<\/title>\n<meta name=\"robots\" content=\"index, follow, max-snippet:-1, max-image-preview:large, max-video-preview:-1\" \/>\n<link rel=\"canonical\" href=\"https:\/\/permakultur-landwirtschaft.org\/fr\/infoanlass-zu-neuem-probio-arbeitskreis-permakultur-am-20-november-2021\/\" \/>\n<meta property=\"og:locale\" content=\"fr_FR\" \/>\n<meta property=\"og:type\" content=\"article\" \/>\n<meta property=\"og:title\" content=\"Online Infoanlass zu neuem ProBio-Arbeitskreis Permakultur am 20. November 2021 - Permakultur-Landwirtschaft\" \/>\n<meta property=\"og:description\" content=\"Text vom INFORAMA: An diesem November-Samstag treffen sich Permakultur interessierte Landwirt*innen. Neben einem Fachinput zu Permakultur in der Landwirtschaft und Informationen zum neuen ProBio-Arbeitskreis, steht der Austausch und das Kennenlernen von Gleichgesinnten im Zentrum. Das Ziel des neuen ProBio-Arbeitskreis Permakultur ist, dass sich Landwirt*innen zu ihren Erfahrungen rund um die Permakultur austauschen und gemeinsam lernen [&hellip;]\" \/>\n<meta property=\"og:url\" content=\"https:\/\/permakultur-landwirtschaft.org\/fr\/infoanlass-zu-neuem-probio-arbeitskreis-permakultur-am-20-november-2021\/\" \/>\n<meta property=\"og:site_name\" content=\"Permakultur-Landwirtschaft\" \/>\n<meta property=\"article:publisher\" content=\"https:\/\/www.facebook.com\/PermakulturLandwirtschaft\" \/>\n<meta property=\"article:published_time\" content=\"2021-11-20T16:53:15+00:00\" \/>\n<meta property=\"article:modified_time\" content=\"2021-11-23T13:32:59+00:00\" \/>\n<meta property=\"og:image\" content=\"https:\/\/permakultur-landwirtschaft.org\/wp-content\/uploads\/2021\/10\/probio17.10.jpg\" \/>\n\t<meta property=\"og:image:width\" content=\"400\" \/>\n\t<meta property=\"og:image:height\" content=\"162\" \/>\n\t<meta property=\"og:image:type\" content=\"image\/jpeg\" \/>\n<meta name=\"author\" content=\"adrian reutimann\" \/>\n<meta name=\"twitter:card\" content=\"summary_large_image\" \/>\n<meta name=\"twitter:label1\" content=\"\u00c9crit par\" \/>\n\t<meta name=\"twitter:data1\" content=\"adrian reutimann\" \/>\n\t<meta name=\"twitter:label2\" content=\"Dur\u00e9e de lecture estim\u00e9e\" \/>\n\t<meta name=\"twitter:data2\" content=\"1 minute\" \/>\n<script type=\"application\/ld+json\" class=\"yoast-schema-graph\">{\"@context\":\"https:\\\/\\\/schema.org\",\"@graph\":[{\"@type\":\"Article\",\"@id\":\"https:\\\/\\\/permakultur-landwirtschaft.org\\\/infoanlass-zu-neuem-probio-arbeitskreis-permakultur-am-20-november-2021\\\/#article\",\"isPartOf\":{\"@id\":\"https:\\\/\\\/permakultur-landwirtschaft.org\\\/infoanlass-zu-neuem-probio-arbeitskreis-permakultur-am-20-november-2021\\\/\"},\"author\":{\"name\":\"adrian reutimann\",\"@id\":\"https:\\\/\\\/permakultur-landwirtschaft.org\\\/#\\\/schema\\\/person\\\/6b0467872f75aed3e144093f9bf4f0b0\"},\"headline\":\"Online Infoanlass zu neuem ProBio-Arbeitskreis Permakultur am 20. November 2021\",\"datePublished\":\"2021-11-20T16:53:15+00:00\",\"dateModified\":\"2021-11-23T13:32:59+00:00\",\"mainEntityOfPage\":{\"@id\":\"https:\\\/\\\/permakultur-landwirtschaft.org\\\/infoanlass-zu-neuem-probio-arbeitskreis-permakultur-am-20-november-2021\\\/\"},\"wordCount\":237,\"publisher\":{\"@id\":\"https:\\\/\\\/permakultur-landwirtschaft.org\\\/#organization\"},\"image\":{\"@id\":\"https:\\\/\\\/permakultur-landwirtschaft.org\\\/infoanlass-zu-neuem-probio-arbeitskreis-permakultur-am-20-november-2021\\\/#primaryimage\"},\"thumbnailUrl\":\"https:\\\/\\\/permakultur-landwirtschaft.org\\\/wp-content\\\/uploads\\\/2021\\\/10\\\/probio17.10.jpg\",\"articleSection\":[\"Veranstaltungen_Archiv\"],\"inLanguage\":\"fr-FR\"},{\"@type\":\"WebPage\",\"@id\":\"https:\\\/\\\/permakultur-landwirtschaft.org\\\/infoanlass-zu-neuem-probio-arbeitskreis-permakultur-am-20-november-2021\\\/\",\"url\":\"https:\\\/\\\/permakultur-landwirtschaft.org\\\/infoanlass-zu-neuem-probio-arbeitskreis-permakultur-am-20-november-2021\\\/\",\"name\":\"Online Infoanlass zu neuem ProBio-Arbeitskreis Permakultur am 20. November 2021 - Permakultur-Landwirtschaft\",\"isPartOf\":{\"@id\":\"https:\\\/\\\/permakultur-landwirtschaft.org\\\/#website\"},\"primaryImageOfPage\":{\"@id\":\"https:\\\/\\\/permakultur-landwirtschaft.org\\\/infoanlass-zu-neuem-probio-arbeitskreis-permakultur-am-20-november-2021\\\/#primaryimage\"},\"image\":{\"@id\":\"https:\\\/\\\/permakultur-landwirtschaft.org\\\/infoanlass-zu-neuem-probio-arbeitskreis-permakultur-am-20-november-2021\\\/#primaryimage\"},\"thumbnailUrl\":\"https:\\\/\\\/permakultur-landwirtschaft.org\\\/wp-content\\\/uploads\\\/2021\\\/10\\\/probio17.10.jpg\",\"datePublished\":\"2021-11-20T16:53:15+00:00\",\"dateModified\":\"2021-11-23T13:32:59+00:00\",\"breadcrumb\":{\"@id\":\"https:\\\/\\\/permakultur-landwirtschaft.org\\\/infoanlass-zu-neuem-probio-arbeitskreis-permakultur-am-20-november-2021\\\/#breadcrumb\"},\"inLanguage\":\"fr-FR\",\"potentialAction\":[{\"@type\":\"ReadAction\",\"target\":[\"https:\\\/\\\/permakultur-landwirtschaft.org\\\/infoanlass-zu-neuem-probio-arbeitskreis-permakultur-am-20-november-2021\\\/\"]}]},{\"@type\":\"ImageObject\",\"inLanguage\":\"fr-FR\",\"@id\":\"https:\\\/\\\/permakultur-landwirtschaft.org\\\/infoanlass-zu-neuem-probio-arbeitskreis-permakultur-am-20-november-2021\\\/#primaryimage\",\"url\":\"https:\\\/\\\/permakultur-landwirtschaft.org\\\/wp-content\\\/uploads\\\/2021\\\/10\\\/probio17.10.jpg\",\"contentUrl\":\"https:\\\/\\\/permakultur-landwirtschaft.org\\\/wp-content\\\/uploads\\\/2021\\\/10\\\/probio17.10.jpg\",\"width\":400,\"height\":162},{\"@type\":\"BreadcrumbList\",\"@id\":\"https:\\\/\\\/permakultur-landwirtschaft.org\\\/infoanlass-zu-neuem-probio-arbeitskreis-permakultur-am-20-november-2021\\\/#breadcrumb\",\"itemListElement\":[{\"@type\":\"ListItem\",\"position\":1,\"name\":\"Startseite\",\"item\":\"https:\\\/\\\/permakultur-landwirtschaft.org\\\/\"},{\"@type\":\"ListItem\",\"position\":2,\"name\":\"Online Infoanlass zu neuem ProBio-Arbeitskreis Permakultur am 20. November 2021\"}]},{\"@type\":\"WebSite\",\"@id\":\"https:\\\/\\\/permakultur-landwirtschaft.org\\\/#website\",\"url\":\"https:\\\/\\\/permakultur-landwirtschaft.org\\\/\",\"name\":\"Permakultur-Landwirtschaft\",\"description\":\"F\u00f6rderung der Permakultur in der Landwirtschaft\",\"publisher\":{\"@id\":\"https:\\\/\\\/permakultur-landwirtschaft.org\\\/#organization\"},\"potentialAction\":[{\"@type\":\"SearchAction\",\"target\":{\"@type\":\"EntryPoint\",\"urlTemplate\":\"https:\\\/\\\/permakultur-landwirtschaft.org\\\/?s={search_term_string}\"},\"query-input\":{\"@type\":\"PropertyValueSpecification\",\"valueRequired\":true,\"valueName\":\"search_term_string\"}}],\"inLanguage\":\"fr-FR\"},{\"@type\":\"Organization\",\"@id\":\"https:\\\/\\\/permakultur-landwirtschaft.org\\\/#organization\",\"name\":\"Permakultur-Landwirtschaft\",\"alternateName\":\"Verein Permakultur-Landwirtschaft\",\"url\":\"https:\\\/\\\/permakultur-landwirtschaft.org\\\/\",\"logo\":{\"@type\":\"ImageObject\",\"inLanguage\":\"fr-FR\",\"@id\":\"https:\\\/\\\/permakultur-landwirtschaft.org\\\/#\\\/schema\\\/logo\\\/image\\\/\",\"url\":\"https:\\\/\\\/permakultur-landwirtschaft.org\\\/wp-content\\\/uploads\\\/2021\\\/11\\\/pela_1268x1269.png\",\"contentUrl\":\"https:\\\/\\\/permakultur-landwirtschaft.org\\\/wp-content\\\/uploads\\\/2021\\\/11\\\/pela_1268x1269.png\",\"width\":1298,\"height\":1269,\"caption\":\"Permakultur-Landwirtschaft\"},\"image\":{\"@id\":\"https:\\\/\\\/permakultur-landwirtschaft.org\\\/#\\\/schema\\\/logo\\\/image\\\/\"},\"sameAs\":[\"https:\\\/\\\/www.facebook.com\\\/PermakulturLandwirtschaft\",\"https:\\\/\\\/www.instagram.com\\\/permakultur_landwirtschaft\\\/\",\"https:\\\/\\\/www.flickr.com\\\/photos\\\/permakultur-landwirtschaft\",\"https:\\\/\\\/www.youtube.com\\\/@PermakulturLandwirtschaft\"]},{\"@type\":\"Person\",\"@id\":\"https:\\\/\\\/permakultur-landwirtschaft.org\\\/#\\\/schema\\\/person\\\/6b0467872f75aed3e144093f9bf4f0b0\",\"name\":\"adrian reutimann\",\"url\":\"https:\\\/\\\/permakultur-landwirtschaft.org\\\/fr\\\/author\\\/reutiadr\\\/\"}]}<\/script>\n<!-- \/ Yoast SEO plugin. -->","yoast_head_json":{"title":"Online Infoanlass zu neuem ProBio-Arbeitskreis Permakultur am 20. November 2021 - Permakultur-Landwirtschaft","robots":{"index":"index","follow":"follow","max-snippet":"max-snippet:-1","max-image-preview":"max-image-preview:large","max-video-preview":"max-video-preview:-1"},"canonical":"https:\/\/permakultur-landwirtschaft.org\/fr\/infoanlass-zu-neuem-probio-arbeitskreis-permakultur-am-20-november-2021\/","og_locale":"fr_FR","og_type":"article","og_title":"Online Infoanlass zu neuem ProBio-Arbeitskreis Permakultur am 20. November 2021 - Permakultur-Landwirtschaft","og_description":"Text vom INFORAMA: An diesem November-Samstag treffen sich Permakultur interessierte Landwirt*innen. Neben einem Fachinput zu Permakultur in der Landwirtschaft und Informationen zum neuen ProBio-Arbeitskreis, steht der Austausch und das Kennenlernen von Gleichgesinnten im Zentrum. Das Ziel des neuen ProBio-Arbeitskreis Permakultur ist, dass sich Landwirt*innen zu ihren Erfahrungen rund um die Permakultur austauschen und gemeinsam lernen [&hellip;]","og_url":"https:\/\/permakultur-landwirtschaft.org\/fr\/infoanlass-zu-neuem-probio-arbeitskreis-permakultur-am-20-november-2021\/","og_site_name":"Permakultur-Landwirtschaft","article_publisher":"https:\/\/www.facebook.com\/PermakulturLandwirtschaft","article_published_time":"2021-11-20T16:53:15+00:00","article_modified_time":"2021-11-23T13:32:59+00:00","og_image":[{"width":400,"height":162,"url":"https:\/\/permakultur-landwirtschaft.org\/wp-content\/uploads\/2021\/10\/probio17.10.jpg","type":"image\/jpeg"}],"author":"adrian reutimann","twitter_card":"summary_large_image","twitter_misc":{"\u00c9crit par":"adrian reutimann","Dur\u00e9e de lecture estim\u00e9e":"1 minute"},"schema":{"@context":"https:\/\/schema.org","@graph":[{"@type":"Article","@id":"https:\/\/permakultur-landwirtschaft.org\/infoanlass-zu-neuem-probio-arbeitskreis-permakultur-am-20-november-2021\/#article","isPartOf":{"@id":"https:\/\/permakultur-landwirtschaft.org\/infoanlass-zu-neuem-probio-arbeitskreis-permakultur-am-20-november-2021\/"},"author":{"name":"adrian reutimann","@id":"https:\/\/permakultur-landwirtschaft.org\/#\/schema\/person\/6b0467872f75aed3e144093f9bf4f0b0"},"headline":"Online Infoanlass zu neuem ProBio-Arbeitskreis Permakultur am 20. November 2021","datePublished":"2021-11-20T16:53:15+00:00","dateModified":"2021-11-23T13:32:59+00:00","mainEntityOfPage":{"@id":"https:\/\/permakultur-landwirtschaft.org\/infoanlass-zu-neuem-probio-arbeitskreis-permakultur-am-20-november-2021\/"},"wordCount":237,"publisher":{"@id":"https:\/\/permakultur-landwirtschaft.org\/#organization"},"image":{"@id":"https:\/\/permakultur-landwirtschaft.org\/infoanlass-zu-neuem-probio-arbeitskreis-permakultur-am-20-november-2021\/#primaryimage"},"thumbnailUrl":"https:\/\/permakultur-landwirtschaft.org\/wp-content\/uploads\/2021\/10\/probio17.10.jpg","articleSection":["Veranstaltungen_Archiv"],"inLanguage":"fr-FR"},{"@type":"WebPage","@id":"https:\/\/permakultur-landwirtschaft.org\/infoanlass-zu-neuem-probio-arbeitskreis-permakultur-am-20-november-2021\/","url":"https:\/\/permakultur-landwirtschaft.org\/infoanlass-zu-neuem-probio-arbeitskreis-permakultur-am-20-november-2021\/","name":"Online Infoanlass zu neuem ProBio-Arbeitskreis Permakultur am 20. November 2021 - Permakultur-Landwirtschaft","isPartOf":{"@id":"https:\/\/permakultur-landwirtschaft.org\/#website"},"primaryImageOfPage":{"@id":"https:\/\/permakultur-landwirtschaft.org\/infoanlass-zu-neuem-probio-arbeitskreis-permakultur-am-20-november-2021\/#primaryimage"},"image":{"@id":"https:\/\/permakultur-landwirtschaft.org\/infoanlass-zu-neuem-probio-arbeitskreis-permakultur-am-20-november-2021\/#primaryimage"},"thumbnailUrl":"https:\/\/permakultur-landwirtschaft.org\/wp-content\/uploads\/2021\/10\/probio17.10.jpg","datePublished":"2021-11-20T16:53:15+00:00","dateModified":"2021-11-23T13:32:59+00:00","breadcrumb":{"@id":"https:\/\/permakultur-landwirtschaft.org\/infoanlass-zu-neuem-probio-arbeitskreis-permakultur-am-20-november-2021\/#breadcrumb"},"inLanguage":"fr-FR","potentialAction":[{"@type":"ReadAction","target":["https:\/\/permakultur-landwirtschaft.org\/infoanlass-zu-neuem-probio-arbeitskreis-permakultur-am-20-november-2021\/"]}]},{"@type":"ImageObject","inLanguage":"fr-FR","@id":"https:\/\/permakultur-landwirtschaft.org\/infoanlass-zu-neuem-probio-arbeitskreis-permakultur-am-20-november-2021\/#primaryimage","url":"https:\/\/permakultur-landwirtschaft.org\/wp-content\/uploads\/2021\/10\/probio17.10.jpg","contentUrl":"https:\/\/permakultur-landwirtschaft.org\/wp-content\/uploads\/2021\/10\/probio17.10.jpg","width":400,"height":162},{"@type":"BreadcrumbList","@id":"https:\/\/permakultur-landwirtschaft.org\/infoanlass-zu-neuem-probio-arbeitskreis-permakultur-am-20-november-2021\/#breadcrumb","itemListElement":[{"@type":"ListItem","position":1,"name":"Startseite","item":"https:\/\/permakultur-landwirtschaft.org\/"},{"@type":"ListItem","position":2,"name":"Online Infoanlass zu neuem ProBio-Arbeitskreis Permakultur am 20. November 2021"}]},{"@type":"WebSite","@id":"https:\/\/permakultur-landwirtschaft.org\/#website","url":"https:\/\/permakultur-landwirtschaft.org\/","name":"Permakultur-Landwirtschaft","description":"F\u00f6rderung der Permakultur in der Landwirtschaft","publisher":{"@id":"https:\/\/permakultur-landwirtschaft.org\/#organization"},"potentialAction":[{"@type":"SearchAction","target":{"@type":"EntryPoint","urlTemplate":"https:\/\/permakultur-landwirtschaft.org\/?s={search_term_string}"},"query-input":{"@type":"PropertyValueSpecification","valueRequired":true,"valueName":"search_term_string"}}],"inLanguage":"fr-FR"},{"@type":"Organization","@id":"https:\/\/permakultur-landwirtschaft.org\/#organization","name":"Permakultur-Landwirtschaft","alternateName":"Verein Permakultur-Landwirtschaft","url":"https:\/\/permakultur-landwirtschaft.org\/","logo":{"@type":"ImageObject","inLanguage":"fr-FR","@id":"https:\/\/permakultur-landwirtschaft.org\/#\/schema\/logo\/image\/","url":"https:\/\/permakultur-landwirtschaft.org\/wp-content\/uploads\/2021\/11\/pela_1268x1269.png","contentUrl":"https:\/\/permakultur-landwirtschaft.org\/wp-content\/uploads\/2021\/11\/pela_1268x1269.png","width":1298,"height":1269,"caption":"Permakultur-Landwirtschaft"},"image":{"@id":"https:\/\/permakultur-landwirtschaft.org\/#\/schema\/logo\/image\/"},"sameAs":["https:\/\/www.facebook.com\/PermakulturLandwirtschaft","https:\/\/www.instagram.com\/permakultur_landwirtschaft\/","https:\/\/www.flickr.com\/photos\/permakultur-landwirtschaft","https:\/\/www.youtube.com\/@PermakulturLandwirtschaft"]},{"@type":"Person","@id":"https:\/\/permakultur-landwirtschaft.org\/#\/schema\/person\/6b0467872f75aed3e144093f9bf4f0b0","name":"adrian reutimann","url":"https:\/\/permakultur-landwirtschaft.org\/fr\/author\/reutiadr\/"}]}},"_links":{"self":[{"href":"https:\/\/permakultur-landwirtschaft.org\/fr\/wp-json\/wp\/v2\/posts\/16294","targetHints":{"allow":["GET"]}}],"collection":[{"href":"https:\/\/permakultur-landwirtschaft.org\/fr\/wp-json\/wp\/v2\/posts"}],"about":[{"href":"https:\/\/permakultur-landwirtschaft.org\/fr\/wp-json\/wp\/v2\/types\/post"}],"author":[{"embeddable":true,"href":"https:\/\/permakultur-landwirtschaft.org\/fr\/wp-json\/wp\/v2\/users\/2"}],"replies":[{"embeddable":true,"href":"https:\/\/permakultur-landwirtschaft.org\/fr\/wp-json\/wp\/v2\/comments?post=16294"}],"version-history":[{"count":5,"href":"https:\/\/permakultur-landwirtschaft.org\/fr\/wp-json\/wp\/v2\/posts\/16294\/revisions"}],"predecessor-version":[{"id":16534,"href":"https:\/\/permakultur-landwirtschaft.org\/fr\/wp-json\/wp\/v2\/posts\/16294\/revisions\/16534"}],"wp:featuredmedia":[{"embeddable":true,"href":"https:\/\/permakultur-landwirtschaft.org\/fr\/wp-json\/wp\/v2\/media\/16298"}],"wp:attachment":[{"href":"https:\/\/permakultur-landwirtschaft.org\/fr\/wp-json\/wp\/v2\/media?parent=16294"}],"wp:term":[{"taxonomy":"category","embeddable":true,"href":"https:\/\/permakultur-landwirtschaft.org\/fr\/wp-json\/wp\/v2\/categories?post=16294"},{"taxonomy":"post_tag","embeddable":true,"href":"https:\/\/permakultur-landwirtschaft.org\/fr\/wp-json\/wp\/v2\/tags?post=16294"}],"curies":[{"name":"wp","href":"https:\/\/api.w.org\/{rel}","templated":true}]}}