{"id":16103,"date":"2021-07-12T21:50:27","date_gmt":"2021-07-12T19:50:27","guid":{"rendered":"https:\/\/permakultur-landwirtschaft.org\/?p=16103"},"modified":"2021-12-02T16:26:14","modified_gmt":"2021-12-02T15:26:14","slug":"planning-and-designing-holistically-with-darren-doherty-podcast-vom-12-juli-2021","status":"publish","type":"post","link":"https:\/\/permakultur-landwirtschaft.org\/fr\/planning-and-designing-holistically-with-darren-doherty-podcast-vom-12-juli-2021\/","title":{"rendered":"Planning and designing holistically with Darren Doherty &#8211; Podcast vom 12. Juli 2021"},"content":{"rendered":"<p><span class=\"style-scope yt-formatted-string\" dir=\"auto\">Text und Podcast von <a href=\"https:\/\/www.regenerativeagroforestry.org\" target=\"_blank\" rel=\"noopener\">The Regenerative Agroforestry<\/a>:<br \/>\n<\/span><\/p>\n<p>Farms are an expression of a climate, soil and farmer&#8217;s potential. All need to be considered in order to create holistically functional systems. Reaching this depth is a complex task, but thanks to the work of innovators like Darren Doherty we have tools and techniques that help us make smarter decisions.<\/p>\n<p>This episode deals with the big picture: the patterns, the behaviours and the context that are vital to any farmer and his &#8218;whole under management&#8216;. Too often, planning is not given enough emphasis, causing huge losses in resources. Darren bring his vast experience to the table, in an interview that we hope will make you think as much as it made us!<\/p>\n<p><a href=\"https:\/\/www.regenerativeagroforestry.org\/episodes\/episode\/68c32b57\/24-planning-and-designing-holistically-with-darren-doherty\" target=\"_blank\" rel=\"noopener noreferrer\">Link zum Podcast bei Regenerative Agroforestry: www.regenerativeagroforestry.org\/episodes\/episode\/68c32b57\/24-planning-and-designing-holistically-with-darren-doherty<\/a><\/p>\n<p><a href=\"https:\/\/www.regenerativeagroforestry.org\/episodes\/episode\/68c32b57\/24-planning-and-designing-holistically-with-darren-doherty\" target=\"_blank\" rel=\"noopener\"><img fetchpriority=\"high\" decoding=\"async\" class=\"size-full wp-image-16104 alignnone\" src=\"https:\/\/permakultur-landwirtschaft.org\/wp-content\/uploads\/2021\/09\/doherty_podcast24.09.jpg\" alt=\"\" width=\"659\" height=\"632\" srcset=\"https:\/\/permakultur-landwirtschaft.org\/wp-content\/uploads\/2021\/09\/doherty_podcast24.09.jpg 659w, https:\/\/permakultur-landwirtschaft.org\/wp-content\/uploads\/2021\/09\/doherty_podcast24.09-300x288.jpg 300w\" sizes=\"(max-width: 659px) 100vw, 659px\" \/><\/a><\/p>\n<h6>Bild: <a href=\"https:\/\/www.regenerativeagroforestry.org\" target=\"_blank\" rel=\"noopener\">regenerativeagroforestry.org<\/a><span class=\"image-description__author-single\" data-v-38608a3f=\"\" data-nzz-tid=\"image-description-author\"><br \/>\n<\/span><\/h6>\n<p><a href=\"https:\/\/www.regenerativeagroforestry.org\/episodes\" target=\"_blank\" rel=\"noopener\">Weitere interessante Podcasts von The Regenerative Agroforst unter diesem Link: www.regenerativeagroforestry.org\/episodes<\/a><\/p>\n<hr \/>\n<h3><a href=\"https:\/\/permakultur-landwirtschaft.org\/fr\/medien\/\">Hier geht&#8217;s zur \u00dcbersicht aller Neuigkeiten <\/a><\/h3>\n<h3><a href=\"https:\/\/permakultur-landwirtschaft.org\/fr\/filme\/\">Hier geht&#8217;s zur \u00dcbersicht aller Filme und Audios<\/a><\/h3>","protected":false},"excerpt":{"rendered":"<p>Text und Podcast von The Regenerative Agroforestry: Farms are an expression of a climate, soil and farmer&#8217;s potential. All need to be considered in order to create holistically functional systems. Reaching this depth is a complex task, but thanks to the work of innovators like Darren Doherty we have tools and techniques that help us [&hellip;]<\/p>\n","protected":false},"author":2,"featured_media":16104,"comment_status":"closed","ping_status":"closed","sticky":false,"template":"","format":"standard","meta":{"_acf_changed":false,"site-sidebar-layout":"default","site-content-layout":"","ast-site-content-layout":"default","site-content-style":"default","site-sidebar-style":"default","ast-global-header-display":"","ast-banner-title-visibility":"","ast-main-header-display":"","ast-hfb-above-header-display":"","ast-hfb-below-header-display":"","ast-hfb-mobile-header-display":"","site-post-title":"","ast-breadcrumbs-content":"","ast-featured-img":"","footer-sml-layout":"","ast-disable-related-posts":"","theme-transparent-header-meta":"","adv-header-id-meta":"","stick-header-meta":"","header-above-stick-meta":"","header-main-stick-meta":"","header-below-stick-meta":"","astra-migrate-meta-layouts":"default","ast-page-background-enabled":"default","ast-page-background-meta":{"desktop":{"background-color":"var(--ast-global-color-4)","background-image":"","background-repeat":"repeat","background-position":"center center","background-size":"auto","background-attachment":"scroll","background-type":"","background-media":"","overlay-type":"","overlay-color":"","overlay-opacity":"","overlay-gradient":""},"tablet":{"background-color":"","background-image":"","background-repeat":"repeat","background-position":"center center","background-size":"auto","background-attachment":"scroll","background-type":"","background-media":"","overlay-type":"","overlay-color":"","overlay-opacity":"","overlay-gradient":""},"mobile":{"background-color":"","background-image":"","background-repeat":"repeat","background-position":"center center","background-size":"auto","background-attachment":"scroll","background-type":"","background-media":"","overlay-type":"","overlay-color":"","overlay-opacity":"","overlay-gradient":""}},"ast-content-background-meta":{"desktop":{"background-color":"var(--ast-global-color-5)","background-image":"","background-repeat":"repeat","background-position":"center center","background-size":"auto","background-attachment":"scroll","background-type":"","background-media":"","overlay-type":"","overlay-color":"","overlay-opacity":"","overlay-gradient":""},"tablet":{"background-color":"var(--ast-global-color-5)","background-image":"","background-repeat":"repeat","background-position":"center center","background-size":"auto","background-attachment":"scroll","background-type":"","background-media":"","overlay-type":"","overlay-color":"","overlay-opacity":"","overlay-gradient":""},"mobile":{"background-color":"var(--ast-global-color-5)","background-image":"","background-repeat":"repeat","background-position":"center center","background-size":"auto","background-attachment":"scroll","background-type":"","background-media":"","overlay-type":"","overlay-color":"","overlay-opacity":"","overlay-gradient":""}},"footnotes":""},"categories":[49],"tags":[],"class_list":["post-16103","post","type-post","status-publish","format-standard","has-post-thumbnail","hentry","category-audio"],"acf":[],"yoast_head":"<!-- This site is optimized with the Yoast SEO plugin v27.5 - https:\/\/yoast.com\/product\/yoast-seo-wordpress\/ -->\n<title>Planning and designing holistically with Darren Doherty - Podcast vom 12. Juli 2021 - Permakultur-Landwirtschaft<\/title>\n<meta name=\"robots\" content=\"index, follow, max-snippet:-1, max-image-preview:large, max-video-preview:-1\" \/>\n<link rel=\"canonical\" href=\"https:\/\/permakultur-landwirtschaft.org\/fr\/planning-and-designing-holistically-with-darren-doherty-podcast-vom-12-juli-2021\/\" \/>\n<meta property=\"og:locale\" content=\"fr_FR\" \/>\n<meta property=\"og:type\" content=\"article\" \/>\n<meta property=\"og:title\" content=\"Planning and designing holistically with Darren Doherty - Podcast vom 12. Juli 2021 - Permakultur-Landwirtschaft\" \/>\n<meta property=\"og:description\" content=\"Text und Podcast von The Regenerative Agroforestry: Farms are an expression of a climate, soil and farmer&#8217;s potential. All need to be considered in order to create holistically functional systems. Reaching this depth is a complex task, but thanks to the work of innovators like Darren Doherty we have tools and techniques that help us [&hellip;]\" \/>\n<meta property=\"og:url\" content=\"https:\/\/permakultur-landwirtschaft.org\/fr\/planning-and-designing-holistically-with-darren-doherty-podcast-vom-12-juli-2021\/\" \/>\n<meta property=\"og:site_name\" content=\"Permakultur-Landwirtschaft\" \/>\n<meta property=\"article:publisher\" content=\"https:\/\/www.facebook.com\/PermakulturLandwirtschaft\" \/>\n<meta property=\"article:published_time\" content=\"2021-07-12T19:50:27+00:00\" \/>\n<meta property=\"article:modified_time\" content=\"2021-12-02T15:26:14+00:00\" \/>\n<meta property=\"og:image\" content=\"https:\/\/permakultur-landwirtschaft.org\/wp-content\/uploads\/2021\/09\/doherty_podcast24.09.jpg\" \/>\n\t<meta property=\"og:image:width\" content=\"659\" \/>\n\t<meta property=\"og:image:height\" content=\"632\" \/>\n\t<meta property=\"og:image:type\" content=\"image\/jpeg\" \/>\n<meta name=\"author\" content=\"adrian reutimann\" \/>\n<meta name=\"twitter:card\" content=\"summary_large_image\" \/>\n<meta name=\"twitter:label1\" content=\"\u00c9crit par\" \/>\n\t<meta name=\"twitter:data1\" content=\"adrian reutimann\" \/>\n\t<meta name=\"twitter:label2\" content=\"Dur\u00e9e de lecture estim\u00e9e\" \/>\n\t<meta name=\"twitter:data2\" content=\"1 minute\" \/>\n<script type=\"application\/ld+json\" class=\"yoast-schema-graph\">{\"@context\":\"https:\\\/\\\/schema.org\",\"@graph\":[{\"@type\":\"Article\",\"@id\":\"https:\\\/\\\/permakultur-landwirtschaft.org\\\/planning-and-designing-holistically-with-darren-doherty-podcast-vom-12-juli-2021\\\/#article\",\"isPartOf\":{\"@id\":\"https:\\\/\\\/permakultur-landwirtschaft.org\\\/planning-and-designing-holistically-with-darren-doherty-podcast-vom-12-juli-2021\\\/\"},\"author\":{\"name\":\"adrian reutimann\",\"@id\":\"https:\\\/\\\/permakultur-landwirtschaft.org\\\/#\\\/schema\\\/person\\\/6b0467872f75aed3e144093f9bf4f0b0\"},\"headline\":\"Planning and designing holistically with Darren Doherty &#8211; Podcast vom 12. Juli 2021\",\"datePublished\":\"2021-07-12T19:50:27+00:00\",\"dateModified\":\"2021-12-02T15:26:14+00:00\",\"mainEntityOfPage\":{\"@id\":\"https:\\\/\\\/permakultur-landwirtschaft.org\\\/planning-and-designing-holistically-with-darren-doherty-podcast-vom-12-juli-2021\\\/\"},\"wordCount\":179,\"publisher\":{\"@id\":\"https:\\\/\\\/permakultur-landwirtschaft.org\\\/#organization\"},\"image\":{\"@id\":\"https:\\\/\\\/permakultur-landwirtschaft.org\\\/planning-and-designing-holistically-with-darren-doherty-podcast-vom-12-juli-2021\\\/#primaryimage\"},\"thumbnailUrl\":\"https:\\\/\\\/permakultur-landwirtschaft.org\\\/wp-content\\\/uploads\\\/2021\\\/09\\\/doherty_podcast24.09.jpg\",\"articleSection\":[\"Audio\"],\"inLanguage\":\"fr-FR\"},{\"@type\":\"WebPage\",\"@id\":\"https:\\\/\\\/permakultur-landwirtschaft.org\\\/planning-and-designing-holistically-with-darren-doherty-podcast-vom-12-juli-2021\\\/\",\"url\":\"https:\\\/\\\/permakultur-landwirtschaft.org\\\/planning-and-designing-holistically-with-darren-doherty-podcast-vom-12-juli-2021\\\/\",\"name\":\"Planning and designing holistically with Darren Doherty - Podcast vom 12. Juli 2021 - Permakultur-Landwirtschaft\",\"isPartOf\":{\"@id\":\"https:\\\/\\\/permakultur-landwirtschaft.org\\\/#website\"},\"primaryImageOfPage\":{\"@id\":\"https:\\\/\\\/permakultur-landwirtschaft.org\\\/planning-and-designing-holistically-with-darren-doherty-podcast-vom-12-juli-2021\\\/#primaryimage\"},\"image\":{\"@id\":\"https:\\\/\\\/permakultur-landwirtschaft.org\\\/planning-and-designing-holistically-with-darren-doherty-podcast-vom-12-juli-2021\\\/#primaryimage\"},\"thumbnailUrl\":\"https:\\\/\\\/permakultur-landwirtschaft.org\\\/wp-content\\\/uploads\\\/2021\\\/09\\\/doherty_podcast24.09.jpg\",\"datePublished\":\"2021-07-12T19:50:27+00:00\",\"dateModified\":\"2021-12-02T15:26:14+00:00\",\"breadcrumb\":{\"@id\":\"https:\\\/\\\/permakultur-landwirtschaft.org\\\/planning-and-designing-holistically-with-darren-doherty-podcast-vom-12-juli-2021\\\/#breadcrumb\"},\"inLanguage\":\"fr-FR\",\"potentialAction\":[{\"@type\":\"ReadAction\",\"target\":[\"https:\\\/\\\/permakultur-landwirtschaft.org\\\/planning-and-designing-holistically-with-darren-doherty-podcast-vom-12-juli-2021\\\/\"]}]},{\"@type\":\"ImageObject\",\"inLanguage\":\"fr-FR\",\"@id\":\"https:\\\/\\\/permakultur-landwirtschaft.org\\\/planning-and-designing-holistically-with-darren-doherty-podcast-vom-12-juli-2021\\\/#primaryimage\",\"url\":\"https:\\\/\\\/permakultur-landwirtschaft.org\\\/wp-content\\\/uploads\\\/2021\\\/09\\\/doherty_podcast24.09.jpg\",\"contentUrl\":\"https:\\\/\\\/permakultur-landwirtschaft.org\\\/wp-content\\\/uploads\\\/2021\\\/09\\\/doherty_podcast24.09.jpg\",\"width\":659,\"height\":632},{\"@type\":\"BreadcrumbList\",\"@id\":\"https:\\\/\\\/permakultur-landwirtschaft.org\\\/planning-and-designing-holistically-with-darren-doherty-podcast-vom-12-juli-2021\\\/#breadcrumb\",\"itemListElement\":[{\"@type\":\"ListItem\",\"position\":1,\"name\":\"Startseite\",\"item\":\"https:\\\/\\\/permakultur-landwirtschaft.org\\\/\"},{\"@type\":\"ListItem\",\"position\":2,\"name\":\"Planning and designing holistically with Darren Doherty &#8211; Podcast vom 12. Juli 2021\"}]},{\"@type\":\"WebSite\",\"@id\":\"https:\\\/\\\/permakultur-landwirtschaft.org\\\/#website\",\"url\":\"https:\\\/\\\/permakultur-landwirtschaft.org\\\/\",\"name\":\"Permakultur-Landwirtschaft\",\"description\":\"F\u00f6rderung der Permakultur in der Landwirtschaft\",\"publisher\":{\"@id\":\"https:\\\/\\\/permakultur-landwirtschaft.org\\\/#organization\"},\"potentialAction\":[{\"@type\":\"SearchAction\",\"target\":{\"@type\":\"EntryPoint\",\"urlTemplate\":\"https:\\\/\\\/permakultur-landwirtschaft.org\\\/?s={search_term_string}\"},\"query-input\":{\"@type\":\"PropertyValueSpecification\",\"valueRequired\":true,\"valueName\":\"search_term_string\"}}],\"inLanguage\":\"fr-FR\"},{\"@type\":\"Organization\",\"@id\":\"https:\\\/\\\/permakultur-landwirtschaft.org\\\/#organization\",\"name\":\"Permakultur-Landwirtschaft\",\"alternateName\":\"Verein Permakultur-Landwirtschaft\",\"url\":\"https:\\\/\\\/permakultur-landwirtschaft.org\\\/\",\"logo\":{\"@type\":\"ImageObject\",\"inLanguage\":\"fr-FR\",\"@id\":\"https:\\\/\\\/permakultur-landwirtschaft.org\\\/#\\\/schema\\\/logo\\\/image\\\/\",\"url\":\"https:\\\/\\\/permakultur-landwirtschaft.org\\\/wp-content\\\/uploads\\\/2021\\\/11\\\/pela_1268x1269.png\",\"contentUrl\":\"https:\\\/\\\/permakultur-landwirtschaft.org\\\/wp-content\\\/uploads\\\/2021\\\/11\\\/pela_1268x1269.png\",\"width\":1298,\"height\":1269,\"caption\":\"Permakultur-Landwirtschaft\"},\"image\":{\"@id\":\"https:\\\/\\\/permakultur-landwirtschaft.org\\\/#\\\/schema\\\/logo\\\/image\\\/\"},\"sameAs\":[\"https:\\\/\\\/www.facebook.com\\\/PermakulturLandwirtschaft\",\"https:\\\/\\\/www.instagram.com\\\/permakultur_landwirtschaft\\\/\",\"https:\\\/\\\/www.flickr.com\\\/photos\\\/permakultur-landwirtschaft\",\"https:\\\/\\\/www.youtube.com\\\/@PermakulturLandwirtschaft\"]},{\"@type\":\"Person\",\"@id\":\"https:\\\/\\\/permakultur-landwirtschaft.org\\\/#\\\/schema\\\/person\\\/6b0467872f75aed3e144093f9bf4f0b0\",\"name\":\"adrian reutimann\",\"url\":\"https:\\\/\\\/permakultur-landwirtschaft.org\\\/fr\\\/author\\\/reutiadr\\\/\"}]}<\/script>\n<!-- \/ Yoast SEO plugin. -->","yoast_head_json":{"title":"Planning and designing holistically with Darren Doherty - Podcast vom 12. Juli 2021 - Permakultur-Landwirtschaft","robots":{"index":"index","follow":"follow","max-snippet":"max-snippet:-1","max-image-preview":"max-image-preview:large","max-video-preview":"max-video-preview:-1"},"canonical":"https:\/\/permakultur-landwirtschaft.org\/fr\/planning-and-designing-holistically-with-darren-doherty-podcast-vom-12-juli-2021\/","og_locale":"fr_FR","og_type":"article","og_title":"Planning and designing holistically with Darren Doherty - Podcast vom 12. Juli 2021 - Permakultur-Landwirtschaft","og_description":"Text und Podcast von The Regenerative Agroforestry: Farms are an expression of a climate, soil and farmer&#8217;s potential. All need to be considered in order to create holistically functional systems. Reaching this depth is a complex task, but thanks to the work of innovators like Darren Doherty we have tools and techniques that help us [&hellip;]","og_url":"https:\/\/permakultur-landwirtschaft.org\/fr\/planning-and-designing-holistically-with-darren-doherty-podcast-vom-12-juli-2021\/","og_site_name":"Permakultur-Landwirtschaft","article_publisher":"https:\/\/www.facebook.com\/PermakulturLandwirtschaft","article_published_time":"2021-07-12T19:50:27+00:00","article_modified_time":"2021-12-02T15:26:14+00:00","og_image":[{"width":659,"height":632,"url":"https:\/\/permakultur-landwirtschaft.org\/wp-content\/uploads\/2021\/09\/doherty_podcast24.09.jpg","type":"image\/jpeg"}],"author":"adrian reutimann","twitter_card":"summary_large_image","twitter_misc":{"\u00c9crit par":"adrian reutimann","Dur\u00e9e de lecture estim\u00e9e":"1 minute"},"schema":{"@context":"https:\/\/schema.org","@graph":[{"@type":"Article","@id":"https:\/\/permakultur-landwirtschaft.org\/planning-and-designing-holistically-with-darren-doherty-podcast-vom-12-juli-2021\/#article","isPartOf":{"@id":"https:\/\/permakultur-landwirtschaft.org\/planning-and-designing-holistically-with-darren-doherty-podcast-vom-12-juli-2021\/"},"author":{"name":"adrian reutimann","@id":"https:\/\/permakultur-landwirtschaft.org\/#\/schema\/person\/6b0467872f75aed3e144093f9bf4f0b0"},"headline":"Planning and designing holistically with Darren Doherty &#8211; Podcast vom 12. Juli 2021","datePublished":"2021-07-12T19:50:27+00:00","dateModified":"2021-12-02T15:26:14+00:00","mainEntityOfPage":{"@id":"https:\/\/permakultur-landwirtschaft.org\/planning-and-designing-holistically-with-darren-doherty-podcast-vom-12-juli-2021\/"},"wordCount":179,"publisher":{"@id":"https:\/\/permakultur-landwirtschaft.org\/#organization"},"image":{"@id":"https:\/\/permakultur-landwirtschaft.org\/planning-and-designing-holistically-with-darren-doherty-podcast-vom-12-juli-2021\/#primaryimage"},"thumbnailUrl":"https:\/\/permakultur-landwirtschaft.org\/wp-content\/uploads\/2021\/09\/doherty_podcast24.09.jpg","articleSection":["Audio"],"inLanguage":"fr-FR"},{"@type":"WebPage","@id":"https:\/\/permakultur-landwirtschaft.org\/planning-and-designing-holistically-with-darren-doherty-podcast-vom-12-juli-2021\/","url":"https:\/\/permakultur-landwirtschaft.org\/planning-and-designing-holistically-with-darren-doherty-podcast-vom-12-juli-2021\/","name":"Planning and designing holistically with Darren Doherty - Podcast vom 12. Juli 2021 - Permakultur-Landwirtschaft","isPartOf":{"@id":"https:\/\/permakultur-landwirtschaft.org\/#website"},"primaryImageOfPage":{"@id":"https:\/\/permakultur-landwirtschaft.org\/planning-and-designing-holistically-with-darren-doherty-podcast-vom-12-juli-2021\/#primaryimage"},"image":{"@id":"https:\/\/permakultur-landwirtschaft.org\/planning-and-designing-holistically-with-darren-doherty-podcast-vom-12-juli-2021\/#primaryimage"},"thumbnailUrl":"https:\/\/permakultur-landwirtschaft.org\/wp-content\/uploads\/2021\/09\/doherty_podcast24.09.jpg","datePublished":"2021-07-12T19:50:27+00:00","dateModified":"2021-12-02T15:26:14+00:00","breadcrumb":{"@id":"https:\/\/permakultur-landwirtschaft.org\/planning-and-designing-holistically-with-darren-doherty-podcast-vom-12-juli-2021\/#breadcrumb"},"inLanguage":"fr-FR","potentialAction":[{"@type":"ReadAction","target":["https:\/\/permakultur-landwirtschaft.org\/planning-and-designing-holistically-with-darren-doherty-podcast-vom-12-juli-2021\/"]}]},{"@type":"ImageObject","inLanguage":"fr-FR","@id":"https:\/\/permakultur-landwirtschaft.org\/planning-and-designing-holistically-with-darren-doherty-podcast-vom-12-juli-2021\/#primaryimage","url":"https:\/\/permakultur-landwirtschaft.org\/wp-content\/uploads\/2021\/09\/doherty_podcast24.09.jpg","contentUrl":"https:\/\/permakultur-landwirtschaft.org\/wp-content\/uploads\/2021\/09\/doherty_podcast24.09.jpg","width":659,"height":632},{"@type":"BreadcrumbList","@id":"https:\/\/permakultur-landwirtschaft.org\/planning-and-designing-holistically-with-darren-doherty-podcast-vom-12-juli-2021\/#breadcrumb","itemListElement":[{"@type":"ListItem","position":1,"name":"Startseite","item":"https:\/\/permakultur-landwirtschaft.org\/"},{"@type":"ListItem","position":2,"name":"Planning and designing holistically with Darren Doherty &#8211; Podcast vom 12. Juli 2021"}]},{"@type":"WebSite","@id":"https:\/\/permakultur-landwirtschaft.org\/#website","url":"https:\/\/permakultur-landwirtschaft.org\/","name":"Permakultur-Landwirtschaft","description":"F\u00f6rderung der Permakultur in der Landwirtschaft","publisher":{"@id":"https:\/\/permakultur-landwirtschaft.org\/#organization"},"potentialAction":[{"@type":"SearchAction","target":{"@type":"EntryPoint","urlTemplate":"https:\/\/permakultur-landwirtschaft.org\/?s={search_term_string}"},"query-input":{"@type":"PropertyValueSpecification","valueRequired":true,"valueName":"search_term_string"}}],"inLanguage":"fr-FR"},{"@type":"Organization","@id":"https:\/\/permakultur-landwirtschaft.org\/#organization","name":"Permakultur-Landwirtschaft","alternateName":"Verein Permakultur-Landwirtschaft","url":"https:\/\/permakultur-landwirtschaft.org\/","logo":{"@type":"ImageObject","inLanguage":"fr-FR","@id":"https:\/\/permakultur-landwirtschaft.org\/#\/schema\/logo\/image\/","url":"https:\/\/permakultur-landwirtschaft.org\/wp-content\/uploads\/2021\/11\/pela_1268x1269.png","contentUrl":"https:\/\/permakultur-landwirtschaft.org\/wp-content\/uploads\/2021\/11\/pela_1268x1269.png","width":1298,"height":1269,"caption":"Permakultur-Landwirtschaft"},"image":{"@id":"https:\/\/permakultur-landwirtschaft.org\/#\/schema\/logo\/image\/"},"sameAs":["https:\/\/www.facebook.com\/PermakulturLandwirtschaft","https:\/\/www.instagram.com\/permakultur_landwirtschaft\/","https:\/\/www.flickr.com\/photos\/permakultur-landwirtschaft","https:\/\/www.youtube.com\/@PermakulturLandwirtschaft"]},{"@type":"Person","@id":"https:\/\/permakultur-landwirtschaft.org\/#\/schema\/person\/6b0467872f75aed3e144093f9bf4f0b0","name":"adrian reutimann","url":"https:\/\/permakultur-landwirtschaft.org\/fr\/author\/reutiadr\/"}]}},"_links":{"self":[{"href":"https:\/\/permakultur-landwirtschaft.org\/fr\/wp-json\/wp\/v2\/posts\/16103","targetHints":{"allow":["GET"]}}],"collection":[{"href":"https:\/\/permakultur-landwirtschaft.org\/fr\/wp-json\/wp\/v2\/posts"}],"about":[{"href":"https:\/\/permakultur-landwirtschaft.org\/fr\/wp-json\/wp\/v2\/types\/post"}],"author":[{"embeddable":true,"href":"https:\/\/permakultur-landwirtschaft.org\/fr\/wp-json\/wp\/v2\/users\/2"}],"replies":[{"embeddable":true,"href":"https:\/\/permakultur-landwirtschaft.org\/fr\/wp-json\/wp\/v2\/comments?post=16103"}],"version-history":[{"count":3,"href":"https:\/\/permakultur-landwirtschaft.org\/fr\/wp-json\/wp\/v2\/posts\/16103\/revisions"}],"predecessor-version":[{"id":16983,"href":"https:\/\/permakultur-landwirtschaft.org\/fr\/wp-json\/wp\/v2\/posts\/16103\/revisions\/16983"}],"wp:featuredmedia":[{"embeddable":true,"href":"https:\/\/permakultur-landwirtschaft.org\/fr\/wp-json\/wp\/v2\/media\/16104"}],"wp:attachment":[{"href":"https:\/\/permakultur-landwirtschaft.org\/fr\/wp-json\/wp\/v2\/media?parent=16103"}],"wp:term":[{"taxonomy":"category","embeddable":true,"href":"https:\/\/permakultur-landwirtschaft.org\/fr\/wp-json\/wp\/v2\/categories?post=16103"},{"taxonomy":"post_tag","embeddable":true,"href":"https:\/\/permakultur-landwirtschaft.org\/fr\/wp-json\/wp\/v2\/tags?post=16103"}],"curies":[{"name":"wp","href":"https:\/\/api.w.org\/{rel}","templated":true}]}}