{"id":16052,"date":"2021-09-23T01:59:23","date_gmt":"2021-09-22T23:59:23","guid":{"rendered":"https:\/\/permakultur-landwirtschaft.org\/?p=16052"},"modified":"2021-09-24T22:08:41","modified_gmt":"2021-09-24T20:08:41","slug":"cello-konzert-in-permakultur-waldgarten-am-23-september-2021","status":"publish","type":"post","link":"https:\/\/permakultur-landwirtschaft.org\/fr\/cello-konzert-in-permakultur-waldgarten-am-23-september-2021\/","title":{"rendered":"Cello Konzert in Permakultur-Waldgarten am 23. September 2021"},"content":{"rendered":"<p>Bach &amp; Pflanzen, Cello Konzert mit Raphael Heggendorn im Permakultur-Waldgarten an der HAFL.<\/p>\n<p>Text der bfh.ch:<br \/>\nBach &amp; Pflanzen ist ein interaktives Programm des Berner Cellisten Raphael Heggendorn. Dabei kommen Solosuiten von Johann Sebastian Bach und Improvisationen zum Erklingen. Unter freiem Himmel oder im geschlossenen Raum, das Programm kann an jedem Ort stattfinden und wird von der Umgebung, der Jahreszeit, dem Wetter und dem Publikum mitgestaltet.<\/p>\n<p><strong>Date <\/strong><br \/>\n23. September 2021, 19:00 \u2010 20:00<\/p>\n<p><strong>Lieu<\/strong><br \/>\nPermakultur-Waldgarten an der HAFL<br \/>\nL\u00e4nggasse 85<br \/>\n3052 Zollikofen<\/p>\n<p><strong><span class=\"infolist-title\">Co\u00fbts<\/span><br \/>\n<\/strong>Eintritt frei (Kollekte)<\/p>\n<p><a href=\"https:\/\/www.bfh.ch\/hafl\/de\/aktuell\/kulturelle-veranstaltungen\/bach-und-pflanzen-cello-konzert\/\" target=\"_blank\" rel=\"noopener noreferrer\">Infos zum Konzert unter diesem Link: www.bfh.ch\/hafl\/de\/aktuell\/kulturelle-veranstaltungen\/bach-und-pflanzen-cello-konzert<\/a><\/p>\n<p><a href=\"https:\/\/www.bfh.ch\/hafl\/de\/aktuell\/kulturelle-veranstaltungen\/bach-und-pflanzen-cello-konzert\/\" target=\"_blank\" rel=\"noopener\"><img fetchpriority=\"high\" decoding=\"async\" class=\"alignleft size-full wp-image-16054\" src=\"https:\/\/permakultur-landwirtschaft.org\/wp-content\/uploads\/2021\/08\/raphael-heggendorn-2zu1.jpg\" alt=\"\" width=\"2560\" height=\"1280\" \/><\/a><\/p>\n<p>Bild: bfh.ch<\/p>\n<hr \/>\n<h3><a href=\"https:\/\/permakultur-landwirtschaft.org\/fr\/veranstaltungen\/\">Hier geht&#8217;s zur \u00dcbersicht aktuelle Veranstaltungen<\/a><\/h3>","protected":false},"excerpt":{"rendered":"<p>Bach &amp; Pflanzen, Cello Konzert mit Raphael Heggendorn im Permakultur-Waldgarten an der HAFL. Text der bfh.ch: Bach &amp; Pflanzen ist ein interaktives Programm des Berner Cellisten Raphael Heggendorn. Dabei kommen Solosuiten von Johann Sebastian Bach und Improvisationen zum Erklingen. Unter freiem Himmel oder im geschlossenen Raum, das Programm kann an jedem Ort stattfinden und wird [&hellip;]<\/p>\n","protected":false},"author":2,"featured_media":16054,"comment_status":"closed","ping_status":"closed","sticky":false,"template":"","format":"standard","meta":{"_acf_changed":false,"site-sidebar-layout":"default","site-content-layout":"","ast-site-content-layout":"default","site-content-style":"default","site-sidebar-style":"default","ast-global-header-display":"","ast-banner-title-visibility":"","ast-main-header-display":"","ast-hfb-above-header-display":"","ast-hfb-below-header-display":"","ast-hfb-mobile-header-display":"","site-post-title":"","ast-breadcrumbs-content":"","ast-featured-img":"","footer-sml-layout":"","ast-disable-related-posts":"","theme-transparent-header-meta":"","adv-header-id-meta":"","stick-header-meta":"","header-above-stick-meta":"","header-main-stick-meta":"","header-below-stick-meta":"","astra-migrate-meta-layouts":"default","ast-page-background-enabled":"default","ast-page-background-meta":{"desktop":{"background-color":"var(--ast-global-color-4)","background-image":"","background-repeat":"repeat","background-position":"center center","background-size":"auto","background-attachment":"scroll","background-type":"","background-media":"","overlay-type":"","overlay-color":"","overlay-opacity":"","overlay-gradient":""},"tablet":{"background-color":"","background-image":"","background-repeat":"repeat","background-position":"center center","background-size":"auto","background-attachment":"scroll","background-type":"","background-media":"","overlay-type":"","overlay-color":"","overlay-opacity":"","overlay-gradient":""},"mobile":{"background-color":"","background-image":"","background-repeat":"repeat","background-position":"center center","background-size":"auto","background-attachment":"scroll","background-type":"","background-media":"","overlay-type":"","overlay-color":"","overlay-opacity":"","overlay-gradient":""}},"ast-content-background-meta":{"desktop":{"background-color":"var(--ast-global-color-5)","background-image":"","background-repeat":"repeat","background-position":"center center","background-size":"auto","background-attachment":"scroll","background-type":"","background-media":"","overlay-type":"","overlay-color":"","overlay-opacity":"","overlay-gradient":""},"tablet":{"background-color":"var(--ast-global-color-5)","background-image":"","background-repeat":"repeat","background-position":"center center","background-size":"auto","background-attachment":"scroll","background-type":"","background-media":"","overlay-type":"","overlay-color":"","overlay-opacity":"","overlay-gradient":""},"mobile":{"background-color":"var(--ast-global-color-5)","background-image":"","background-repeat":"repeat","background-position":"center center","background-size":"auto","background-attachment":"scroll","background-type":"","background-media":"","overlay-type":"","overlay-color":"","overlay-opacity":"","overlay-gradient":""}},"footnotes":""},"categories":[21],"tags":[],"class_list":["post-16052","post","type-post","status-publish","format-standard","has-post-thumbnail","hentry","category-veranstaltungen_archiv"],"acf":[],"yoast_head":"<!-- This site is optimized with the Yoast SEO plugin v27.5 - https:\/\/yoast.com\/product\/yoast-seo-wordpress\/ -->\n<title>Cello Konzert in Permakultur-Waldgarten am 23. September 2021 - Permakultur-Landwirtschaft<\/title>\n<meta name=\"robots\" content=\"index, follow, max-snippet:-1, max-image-preview:large, max-video-preview:-1\" \/>\n<link rel=\"canonical\" href=\"https:\/\/permakultur-landwirtschaft.org\/fr\/cello-konzert-in-permakultur-waldgarten-am-23-september-2021\/\" \/>\n<meta property=\"og:locale\" content=\"fr_FR\" \/>\n<meta property=\"og:type\" content=\"article\" \/>\n<meta property=\"og:title\" content=\"Cello Konzert in Permakultur-Waldgarten am 23. September 2021 - Permakultur-Landwirtschaft\" \/>\n<meta property=\"og:description\" content=\"Bach &amp; Pflanzen, Cello Konzert mit Raphael Heggendorn im Permakultur-Waldgarten an der HAFL. Text der bfh.ch: Bach &amp; Pflanzen ist ein interaktives Programm des Berner Cellisten Raphael Heggendorn. Dabei kommen Solosuiten von Johann Sebastian Bach und Improvisationen zum Erklingen. Unter freiem Himmel oder im geschlossenen Raum, das Programm kann an jedem Ort stattfinden und wird [&hellip;]\" \/>\n<meta property=\"og:url\" content=\"https:\/\/permakultur-landwirtschaft.org\/fr\/cello-konzert-in-permakultur-waldgarten-am-23-september-2021\/\" \/>\n<meta property=\"og:site_name\" content=\"Permakultur-Landwirtschaft\" \/>\n<meta property=\"article:publisher\" content=\"https:\/\/www.facebook.com\/PermakulturLandwirtschaft\" \/>\n<meta property=\"article:published_time\" content=\"2021-09-22T23:59:23+00:00\" \/>\n<meta property=\"article:modified_time\" content=\"2021-09-24T20:08:41+00:00\" \/>\n<meta property=\"og:image\" content=\"https:\/\/permakultur-landwirtschaft.org\/wp-content\/uploads\/2021\/08\/raphael-heggendorn-2zu1.jpg\" \/>\n\t<meta property=\"og:image:width\" content=\"300\" \/>\n\t<meta property=\"og:image:height\" content=\"150\" \/>\n\t<meta property=\"og:image:type\" content=\"image\/jpeg\" \/>\n<meta name=\"author\" content=\"adrian reutimann\" \/>\n<meta name=\"twitter:card\" content=\"summary_large_image\" \/>\n<meta name=\"twitter:label1\" content=\"\u00c9crit par\" \/>\n\t<meta name=\"twitter:data1\" content=\"adrian reutimann\" \/>\n\t<meta name=\"twitter:label2\" content=\"Dur\u00e9e de lecture estim\u00e9e\" \/>\n\t<meta name=\"twitter:data2\" content=\"1 minute\" \/>\n<script type=\"application\/ld+json\" class=\"yoast-schema-graph\">{\"@context\":\"https:\\\/\\\/schema.org\",\"@graph\":[{\"@type\":\"Article\",\"@id\":\"https:\\\/\\\/permakultur-landwirtschaft.org\\\/cello-konzert-in-permakultur-waldgarten-am-23-september-2021\\\/#article\",\"isPartOf\":{\"@id\":\"https:\\\/\\\/permakultur-landwirtschaft.org\\\/cello-konzert-in-permakultur-waldgarten-am-23-september-2021\\\/\"},\"author\":{\"name\":\"adrian reutimann\",\"@id\":\"https:\\\/\\\/permakultur-landwirtschaft.org\\\/#\\\/schema\\\/person\\\/6b0467872f75aed3e144093f9bf4f0b0\"},\"headline\":\"Cello Konzert in Permakultur-Waldgarten am 23. September 2021\",\"datePublished\":\"2021-09-22T23:59:23+00:00\",\"dateModified\":\"2021-09-24T20:08:41+00:00\",\"mainEntityOfPage\":{\"@id\":\"https:\\\/\\\/permakultur-landwirtschaft.org\\\/cello-konzert-in-permakultur-waldgarten-am-23-september-2021\\\/\"},\"wordCount\":111,\"publisher\":{\"@id\":\"https:\\\/\\\/permakultur-landwirtschaft.org\\\/#organization\"},\"image\":{\"@id\":\"https:\\\/\\\/permakultur-landwirtschaft.org\\\/cello-konzert-in-permakultur-waldgarten-am-23-september-2021\\\/#primaryimage\"},\"thumbnailUrl\":\"https:\\\/\\\/permakultur-landwirtschaft.org\\\/wp-content\\\/uploads\\\/2021\\\/08\\\/raphael-heggendorn-2zu1-scaled-e1631970602579.jpg\",\"articleSection\":[\"Veranstaltungen_Archiv\"],\"inLanguage\":\"fr-FR\"},{\"@type\":\"WebPage\",\"@id\":\"https:\\\/\\\/permakultur-landwirtschaft.org\\\/cello-konzert-in-permakultur-waldgarten-am-23-september-2021\\\/\",\"url\":\"https:\\\/\\\/permakultur-landwirtschaft.org\\\/cello-konzert-in-permakultur-waldgarten-am-23-september-2021\\\/\",\"name\":\"Cello Konzert in Permakultur-Waldgarten am 23. September 2021 - Permakultur-Landwirtschaft\",\"isPartOf\":{\"@id\":\"https:\\\/\\\/permakultur-landwirtschaft.org\\\/#website\"},\"primaryImageOfPage\":{\"@id\":\"https:\\\/\\\/permakultur-landwirtschaft.org\\\/cello-konzert-in-permakultur-waldgarten-am-23-september-2021\\\/#primaryimage\"},\"image\":{\"@id\":\"https:\\\/\\\/permakultur-landwirtschaft.org\\\/cello-konzert-in-permakultur-waldgarten-am-23-september-2021\\\/#primaryimage\"},\"thumbnailUrl\":\"https:\\\/\\\/permakultur-landwirtschaft.org\\\/wp-content\\\/uploads\\\/2021\\\/08\\\/raphael-heggendorn-2zu1-scaled-e1631970602579.jpg\",\"datePublished\":\"2021-09-22T23:59:23+00:00\",\"dateModified\":\"2021-09-24T20:08:41+00:00\",\"breadcrumb\":{\"@id\":\"https:\\\/\\\/permakultur-landwirtschaft.org\\\/cello-konzert-in-permakultur-waldgarten-am-23-september-2021\\\/#breadcrumb\"},\"inLanguage\":\"fr-FR\",\"potentialAction\":[{\"@type\":\"ReadAction\",\"target\":[\"https:\\\/\\\/permakultur-landwirtschaft.org\\\/cello-konzert-in-permakultur-waldgarten-am-23-september-2021\\\/\"]}]},{\"@type\":\"ImageObject\",\"inLanguage\":\"fr-FR\",\"@id\":\"https:\\\/\\\/permakultur-landwirtschaft.org\\\/cello-konzert-in-permakultur-waldgarten-am-23-september-2021\\\/#primaryimage\",\"url\":\"https:\\\/\\\/permakultur-landwirtschaft.org\\\/wp-content\\\/uploads\\\/2021\\\/08\\\/raphael-heggendorn-2zu1-scaled-e1631970602579.jpg\",\"contentUrl\":\"https:\\\/\\\/permakultur-landwirtschaft.org\\\/wp-content\\\/uploads\\\/2021\\\/08\\\/raphael-heggendorn-2zu1-scaled-e1631970602579.jpg\",\"width\":300,\"height\":150},{\"@type\":\"BreadcrumbList\",\"@id\":\"https:\\\/\\\/permakultur-landwirtschaft.org\\\/cello-konzert-in-permakultur-waldgarten-am-23-september-2021\\\/#breadcrumb\",\"itemListElement\":[{\"@type\":\"ListItem\",\"position\":1,\"name\":\"Startseite\",\"item\":\"https:\\\/\\\/permakultur-landwirtschaft.org\\\/\"},{\"@type\":\"ListItem\",\"position\":2,\"name\":\"Cello Konzert in Permakultur-Waldgarten am 23. September 2021\"}]},{\"@type\":\"WebSite\",\"@id\":\"https:\\\/\\\/permakultur-landwirtschaft.org\\\/#website\",\"url\":\"https:\\\/\\\/permakultur-landwirtschaft.org\\\/\",\"name\":\"Permakultur-Landwirtschaft\",\"description\":\"F\u00f6rderung der Permakultur in der Landwirtschaft\",\"publisher\":{\"@id\":\"https:\\\/\\\/permakultur-landwirtschaft.org\\\/#organization\"},\"potentialAction\":[{\"@type\":\"SearchAction\",\"target\":{\"@type\":\"EntryPoint\",\"urlTemplate\":\"https:\\\/\\\/permakultur-landwirtschaft.org\\\/?s={search_term_string}\"},\"query-input\":{\"@type\":\"PropertyValueSpecification\",\"valueRequired\":true,\"valueName\":\"search_term_string\"}}],\"inLanguage\":\"fr-FR\"},{\"@type\":\"Organization\",\"@id\":\"https:\\\/\\\/permakultur-landwirtschaft.org\\\/#organization\",\"name\":\"Permakultur-Landwirtschaft\",\"alternateName\":\"Verein Permakultur-Landwirtschaft\",\"url\":\"https:\\\/\\\/permakultur-landwirtschaft.org\\\/\",\"logo\":{\"@type\":\"ImageObject\",\"inLanguage\":\"fr-FR\",\"@id\":\"https:\\\/\\\/permakultur-landwirtschaft.org\\\/#\\\/schema\\\/logo\\\/image\\\/\",\"url\":\"https:\\\/\\\/permakultur-landwirtschaft.org\\\/wp-content\\\/uploads\\\/2021\\\/11\\\/pela_1268x1269.png\",\"contentUrl\":\"https:\\\/\\\/permakultur-landwirtschaft.org\\\/wp-content\\\/uploads\\\/2021\\\/11\\\/pela_1268x1269.png\",\"width\":1298,\"height\":1269,\"caption\":\"Permakultur-Landwirtschaft\"},\"image\":{\"@id\":\"https:\\\/\\\/permakultur-landwirtschaft.org\\\/#\\\/schema\\\/logo\\\/image\\\/\"},\"sameAs\":[\"https:\\\/\\\/www.facebook.com\\\/PermakulturLandwirtschaft\",\"https:\\\/\\\/www.instagram.com\\\/permakultur_landwirtschaft\\\/\",\"https:\\\/\\\/www.flickr.com\\\/photos\\\/permakultur-landwirtschaft\",\"https:\\\/\\\/www.youtube.com\\\/@PermakulturLandwirtschaft\"]},{\"@type\":\"Person\",\"@id\":\"https:\\\/\\\/permakultur-landwirtschaft.org\\\/#\\\/schema\\\/person\\\/6b0467872f75aed3e144093f9bf4f0b0\",\"name\":\"adrian reutimann\",\"url\":\"https:\\\/\\\/permakultur-landwirtschaft.org\\\/fr\\\/author\\\/reutiadr\\\/\"}]}<\/script>\n<!-- \/ Yoast SEO plugin. -->","yoast_head_json":{"title":"Cello Konzert in Permakultur-Waldgarten am 23. September 2021 - Permakultur-Landwirtschaft","robots":{"index":"index","follow":"follow","max-snippet":"max-snippet:-1","max-image-preview":"max-image-preview:large","max-video-preview":"max-video-preview:-1"},"canonical":"https:\/\/permakultur-landwirtschaft.org\/fr\/cello-konzert-in-permakultur-waldgarten-am-23-september-2021\/","og_locale":"fr_FR","og_type":"article","og_title":"Cello Konzert in Permakultur-Waldgarten am 23. September 2021 - Permakultur-Landwirtschaft","og_description":"Bach &amp; Pflanzen, Cello Konzert mit Raphael Heggendorn im Permakultur-Waldgarten an der HAFL. Text der bfh.ch: Bach &amp; Pflanzen ist ein interaktives Programm des Berner Cellisten Raphael Heggendorn. Dabei kommen Solosuiten von Johann Sebastian Bach und Improvisationen zum Erklingen. Unter freiem Himmel oder im geschlossenen Raum, das Programm kann an jedem Ort stattfinden und wird [&hellip;]","og_url":"https:\/\/permakultur-landwirtschaft.org\/fr\/cello-konzert-in-permakultur-waldgarten-am-23-september-2021\/","og_site_name":"Permakultur-Landwirtschaft","article_publisher":"https:\/\/www.facebook.com\/PermakulturLandwirtschaft","article_published_time":"2021-09-22T23:59:23+00:00","article_modified_time":"2021-09-24T20:08:41+00:00","og_image":[{"width":300,"height":150,"url":"https:\/\/permakultur-landwirtschaft.org\/wp-content\/uploads\/2021\/08\/raphael-heggendorn-2zu1.jpg","type":"image\/jpeg"}],"author":"adrian reutimann","twitter_card":"summary_large_image","twitter_misc":{"\u00c9crit par":"adrian reutimann","Dur\u00e9e de lecture estim\u00e9e":"1 minute"},"schema":{"@context":"https:\/\/schema.org","@graph":[{"@type":"Article","@id":"https:\/\/permakultur-landwirtschaft.org\/cello-konzert-in-permakultur-waldgarten-am-23-september-2021\/#article","isPartOf":{"@id":"https:\/\/permakultur-landwirtschaft.org\/cello-konzert-in-permakultur-waldgarten-am-23-september-2021\/"},"author":{"name":"adrian reutimann","@id":"https:\/\/permakultur-landwirtschaft.org\/#\/schema\/person\/6b0467872f75aed3e144093f9bf4f0b0"},"headline":"Cello Konzert in Permakultur-Waldgarten am 23. September 2021","datePublished":"2021-09-22T23:59:23+00:00","dateModified":"2021-09-24T20:08:41+00:00","mainEntityOfPage":{"@id":"https:\/\/permakultur-landwirtschaft.org\/cello-konzert-in-permakultur-waldgarten-am-23-september-2021\/"},"wordCount":111,"publisher":{"@id":"https:\/\/permakultur-landwirtschaft.org\/#organization"},"image":{"@id":"https:\/\/permakultur-landwirtschaft.org\/cello-konzert-in-permakultur-waldgarten-am-23-september-2021\/#primaryimage"},"thumbnailUrl":"https:\/\/permakultur-landwirtschaft.org\/wp-content\/uploads\/2021\/08\/raphael-heggendorn-2zu1-scaled-e1631970602579.jpg","articleSection":["Veranstaltungen_Archiv"],"inLanguage":"fr-FR"},{"@type":"WebPage","@id":"https:\/\/permakultur-landwirtschaft.org\/cello-konzert-in-permakultur-waldgarten-am-23-september-2021\/","url":"https:\/\/permakultur-landwirtschaft.org\/cello-konzert-in-permakultur-waldgarten-am-23-september-2021\/","name":"Cello Konzert in Permakultur-Waldgarten am 23. September 2021 - Permakultur-Landwirtschaft","isPartOf":{"@id":"https:\/\/permakultur-landwirtschaft.org\/#website"},"primaryImageOfPage":{"@id":"https:\/\/permakultur-landwirtschaft.org\/cello-konzert-in-permakultur-waldgarten-am-23-september-2021\/#primaryimage"},"image":{"@id":"https:\/\/permakultur-landwirtschaft.org\/cello-konzert-in-permakultur-waldgarten-am-23-september-2021\/#primaryimage"},"thumbnailUrl":"https:\/\/permakultur-landwirtschaft.org\/wp-content\/uploads\/2021\/08\/raphael-heggendorn-2zu1-scaled-e1631970602579.jpg","datePublished":"2021-09-22T23:59:23+00:00","dateModified":"2021-09-24T20:08:41+00:00","breadcrumb":{"@id":"https:\/\/permakultur-landwirtschaft.org\/cello-konzert-in-permakultur-waldgarten-am-23-september-2021\/#breadcrumb"},"inLanguage":"fr-FR","potentialAction":[{"@type":"ReadAction","target":["https:\/\/permakultur-landwirtschaft.org\/cello-konzert-in-permakultur-waldgarten-am-23-september-2021\/"]}]},{"@type":"ImageObject","inLanguage":"fr-FR","@id":"https:\/\/permakultur-landwirtschaft.org\/cello-konzert-in-permakultur-waldgarten-am-23-september-2021\/#primaryimage","url":"https:\/\/permakultur-landwirtschaft.org\/wp-content\/uploads\/2021\/08\/raphael-heggendorn-2zu1-scaled-e1631970602579.jpg","contentUrl":"https:\/\/permakultur-landwirtschaft.org\/wp-content\/uploads\/2021\/08\/raphael-heggendorn-2zu1-scaled-e1631970602579.jpg","width":300,"height":150},{"@type":"BreadcrumbList","@id":"https:\/\/permakultur-landwirtschaft.org\/cello-konzert-in-permakultur-waldgarten-am-23-september-2021\/#breadcrumb","itemListElement":[{"@type":"ListItem","position":1,"name":"Startseite","item":"https:\/\/permakultur-landwirtschaft.org\/"},{"@type":"ListItem","position":2,"name":"Cello Konzert in Permakultur-Waldgarten am 23. September 2021"}]},{"@type":"WebSite","@id":"https:\/\/permakultur-landwirtschaft.org\/#website","url":"https:\/\/permakultur-landwirtschaft.org\/","name":"Permakultur-Landwirtschaft","description":"F\u00f6rderung der Permakultur in der Landwirtschaft","publisher":{"@id":"https:\/\/permakultur-landwirtschaft.org\/#organization"},"potentialAction":[{"@type":"SearchAction","target":{"@type":"EntryPoint","urlTemplate":"https:\/\/permakultur-landwirtschaft.org\/?s={search_term_string}"},"query-input":{"@type":"PropertyValueSpecification","valueRequired":true,"valueName":"search_term_string"}}],"inLanguage":"fr-FR"},{"@type":"Organization","@id":"https:\/\/permakultur-landwirtschaft.org\/#organization","name":"Permakultur-Landwirtschaft","alternateName":"Verein Permakultur-Landwirtschaft","url":"https:\/\/permakultur-landwirtschaft.org\/","logo":{"@type":"ImageObject","inLanguage":"fr-FR","@id":"https:\/\/permakultur-landwirtschaft.org\/#\/schema\/logo\/image\/","url":"https:\/\/permakultur-landwirtschaft.org\/wp-content\/uploads\/2021\/11\/pela_1268x1269.png","contentUrl":"https:\/\/permakultur-landwirtschaft.org\/wp-content\/uploads\/2021\/11\/pela_1268x1269.png","width":1298,"height":1269,"caption":"Permakultur-Landwirtschaft"},"image":{"@id":"https:\/\/permakultur-landwirtschaft.org\/#\/schema\/logo\/image\/"},"sameAs":["https:\/\/www.facebook.com\/PermakulturLandwirtschaft","https:\/\/www.instagram.com\/permakultur_landwirtschaft\/","https:\/\/www.flickr.com\/photos\/permakultur-landwirtschaft","https:\/\/www.youtube.com\/@PermakulturLandwirtschaft"]},{"@type":"Person","@id":"https:\/\/permakultur-landwirtschaft.org\/#\/schema\/person\/6b0467872f75aed3e144093f9bf4f0b0","name":"adrian reutimann","url":"https:\/\/permakultur-landwirtschaft.org\/fr\/author\/reutiadr\/"}]}},"_links":{"self":[{"href":"https:\/\/permakultur-landwirtschaft.org\/fr\/wp-json\/wp\/v2\/posts\/16052","targetHints":{"allow":["GET"]}}],"collection":[{"href":"https:\/\/permakultur-landwirtschaft.org\/fr\/wp-json\/wp\/v2\/posts"}],"about":[{"href":"https:\/\/permakultur-landwirtschaft.org\/fr\/wp-json\/wp\/v2\/types\/post"}],"author":[{"embeddable":true,"href":"https:\/\/permakultur-landwirtschaft.org\/fr\/wp-json\/wp\/v2\/users\/2"}],"replies":[{"embeddable":true,"href":"https:\/\/permakultur-landwirtschaft.org\/fr\/wp-json\/wp\/v2\/comments?post=16052"}],"version-history":[{"count":2,"href":"https:\/\/permakultur-landwirtschaft.org\/fr\/wp-json\/wp\/v2\/posts\/16052\/revisions"}],"predecessor-version":[{"id":16055,"href":"https:\/\/permakultur-landwirtschaft.org\/fr\/wp-json\/wp\/v2\/posts\/16052\/revisions\/16055"}],"wp:featuredmedia":[{"embeddable":true,"href":"https:\/\/permakultur-landwirtschaft.org\/fr\/wp-json\/wp\/v2\/media\/16054"}],"wp:attachment":[{"href":"https:\/\/permakultur-landwirtschaft.org\/fr\/wp-json\/wp\/v2\/media?parent=16052"}],"wp:term":[{"taxonomy":"category","embeddable":true,"href":"https:\/\/permakultur-landwirtschaft.org\/fr\/wp-json\/wp\/v2\/categories?post=16052"},{"taxonomy":"post_tag","embeddable":true,"href":"https:\/\/permakultur-landwirtschaft.org\/fr\/wp-json\/wp\/v2\/tags?post=16052"}],"curies":[{"name":"wp","href":"https:\/\/api.w.org\/{rel}","templated":true}]}}