{"id":15918,"date":"2021-09-18T23:53:12","date_gmt":"2021-09-18T21:53:12","guid":{"rendered":"https:\/\/permakultur-landwirtschaft.org\/?p=15918"},"modified":"2021-09-23T18:52:06","modified_gmt":"2021-09-23T16:52:06","slug":"die-kuh-das-klima-und-der-boden-am-18-september-2021","status":"publish","type":"post","link":"https:\/\/permakultur-landwirtschaft.org\/fr\/die-kuh-das-klima-und-der-boden-am-18-september-2021\/","title":{"rendered":"Die Kuh, das Klima und der Boden am 18. September 2021"},"content":{"rendered":"<p>Wie gelingt eine positive Entwicklung?<\/p>\n<p>Text von bioforumschweiz.ch:<br \/>\nDas Bioforum Schweiz l\u00e4dt ein zu Vortrag und Diskussion mit Anita Idel. Die Tier\u00e4rztin und Mediatorin wirkte u.a. als Leadautorin des Weltagrarberichts und wurde durch ihr Buch \u201eDie Kuh ist kein Klima-Killer!\u201c bekannt.<br \/>\nK\u00fche als Klimasch\u00fctzer? Ja, K\u00fche r\u00fclpsen Methan, das 25mal klimasch\u00e4dlicher ist als CO2. Warum sie dennoch unverzichtbar f\u00fcr die Weltern\u00e4hrung und die Artenvielfalt sind und \u201enebenbei\u201c das Klima sch\u00fctzen, erl\u00e4utert die Referentin Dr. Anita Idel.<br \/>\nDie heute noch fruchtbarsten \u201eKornkammern\u201c der Welt sind meist ehemalige Steppenb\u00f6den \u2013 entstanden in Jahrtausende langer Koevolution von Grasland und Weidetieren. Dauergrasland ist immer das fl\u00e4chenm\u00e4ssg gr\u00f6sste Biom und die gr\u00f6sste Perma- und Mischkultur. In nachhaltiger Weidehaltung f\u00f6rdern K\u00fche die Entstehung von Humus. Der erh\u00f6ht die Wasserspeicherf\u00e4higkeit, die Bodenfruchtbarkeit und entlastet gleichzeitig das Klima: Jede zus\u00e4tzliche Tonne Humus entzieht der Atmosph\u00e4re mehr als 1,8 Tonnen CO2. Wenig bekannt ist, dass die B\u00f6den unter dem weltweiten Grasland insgesamt 50 Prozent mehr Kohlenstoff speichern als die Waldb\u00f6den.<\/p>\n<p><strong>Date <\/strong><br \/>\nSa 18. September 2021, 09:30 \u2010 16:30<\/p>\n<p><strong>Lieu<br \/>\n<\/strong>Bioschwand<\/p>\n<p><a href=\"https:\/\/www.bioforumschweiz.ch\/agenda\/\" target=\"_blank\" rel=\"noopener noreferrer\">Infos zum Anlass unter diesem Link: www.bioforumschweiz.ch\/agenda\/<\/a><\/p>\n<p><a href=\"https:\/\/www.bioforumschweiz.ch\/agenda\/\" target=\"_blank\" rel=\"noopener\"><img decoding=\"async\" class=\"size-full wp-image-15919 alignnone\" src=\"https:\/\/permakultur-landwirtschaft.org\/wp-content\/uploads\/2021\/08\/kuh_idel_image.jpg\" alt=\"\" width=\"180\" height=\"180\" srcset=\"https:\/\/permakultur-landwirtschaft.org\/wp-content\/uploads\/2021\/08\/kuh_idel_image.jpg 180w, https:\/\/permakultur-landwirtschaft.org\/wp-content\/uploads\/2021\/08\/kuh_idel_image-150x150.jpg 150w\" sizes=\"(max-width: 180px) 100vw, 180px\" \/><\/a><\/p>\n<p>Bild: bioforumschweiz.ch<\/p>\n<hr \/>\n<h3><a href=\"https:\/\/permakultur-landwirtschaft.org\/fr\/veranstaltungen\/\">Hier geht&#8217;s zur \u00dcbersicht aktuelle Veranstaltungen<\/a><\/h3>","protected":false},"excerpt":{"rendered":"<p>Wie gelingt eine positive Entwicklung? Text von bioforumschweiz.ch: Das Bioforum Schweiz l\u00e4dt ein zu Vortrag und Diskussion mit Anita Idel. Die Tier\u00e4rztin und Mediatorin wirkte u.a. als Leadautorin des Weltagrarberichts und wurde durch ihr Buch \u201eDie Kuh ist kein Klima-Killer!\u201c bekannt. K\u00fche als Klimasch\u00fctzer? Ja, K\u00fche r\u00fclpsen Methan, das 25mal klimasch\u00e4dlicher ist als CO2. Warum [&hellip;]<\/p>\n","protected":false},"author":2,"featured_media":15919,"comment_status":"closed","ping_status":"closed","sticky":false,"template":"","format":"standard","meta":{"_acf_changed":false,"site-sidebar-layout":"default","site-content-layout":"","ast-site-content-layout":"default","site-content-style":"default","site-sidebar-style":"default","ast-global-header-display":"","ast-banner-title-visibility":"","ast-main-header-display":"","ast-hfb-above-header-display":"","ast-hfb-below-header-display":"","ast-hfb-mobile-header-display":"","site-post-title":"","ast-breadcrumbs-content":"","ast-featured-img":"","footer-sml-layout":"","ast-disable-related-posts":"","theme-transparent-header-meta":"","adv-header-id-meta":"","stick-header-meta":"","header-above-stick-meta":"","header-main-stick-meta":"","header-below-stick-meta":"","astra-migrate-meta-layouts":"default","ast-page-background-enabled":"default","ast-page-background-meta":{"desktop":{"background-color":"var(--ast-global-color-4)","background-image":"","background-repeat":"repeat","background-position":"center center","background-size":"auto","background-attachment":"scroll","background-type":"","background-media":"","overlay-type":"","overlay-color":"","overlay-opacity":"","overlay-gradient":""},"tablet":{"background-color":"","background-image":"","background-repeat":"repeat","background-position":"center center","background-size":"auto","background-attachment":"scroll","background-type":"","background-media":"","overlay-type":"","overlay-color":"","overlay-opacity":"","overlay-gradient":""},"mobile":{"background-color":"","background-image":"","background-repeat":"repeat","background-position":"center center","background-size":"auto","background-attachment":"scroll","background-type":"","background-media":"","overlay-type":"","overlay-color":"","overlay-opacity":"","overlay-gradient":""}},"ast-content-background-meta":{"desktop":{"background-color":"var(--ast-global-color-5)","background-image":"","background-repeat":"repeat","background-position":"center center","background-size":"auto","background-attachment":"scroll","background-type":"","background-media":"","overlay-type":"","overlay-color":"","overlay-opacity":"","overlay-gradient":""},"tablet":{"background-color":"var(--ast-global-color-5)","background-image":"","background-repeat":"repeat","background-position":"center center","background-size":"auto","background-attachment":"scroll","background-type":"","background-media":"","overlay-type":"","overlay-color":"","overlay-opacity":"","overlay-gradient":""},"mobile":{"background-color":"var(--ast-global-color-5)","background-image":"","background-repeat":"repeat","background-position":"center center","background-size":"auto","background-attachment":"scroll","background-type":"","background-media":"","overlay-type":"","overlay-color":"","overlay-opacity":"","overlay-gradient":""}},"footnotes":""},"categories":[21],"tags":[],"class_list":["post-15918","post","type-post","status-publish","format-standard","has-post-thumbnail","hentry","category-veranstaltungen_archiv"],"acf":[],"yoast_head":"<!-- This site is optimized with the Yoast SEO plugin v27.5 - https:\/\/yoast.com\/product\/yoast-seo-wordpress\/ -->\n<title>Die Kuh, das Klima und der Boden am 18. September 2021 - Permakultur-Landwirtschaft<\/title>\n<meta name=\"robots\" content=\"index, follow, max-snippet:-1, max-image-preview:large, max-video-preview:-1\" \/>\n<link rel=\"canonical\" href=\"https:\/\/permakultur-landwirtschaft.org\/fr\/die-kuh-das-klima-und-der-boden-am-18-september-2021\/\" \/>\n<meta property=\"og:locale\" content=\"fr_FR\" \/>\n<meta property=\"og:type\" content=\"article\" \/>\n<meta property=\"og:title\" content=\"Die Kuh, das Klima und der Boden am 18. September 2021 - Permakultur-Landwirtschaft\" \/>\n<meta property=\"og:description\" content=\"Wie gelingt eine positive Entwicklung? Text von bioforumschweiz.ch: Das Bioforum Schweiz l\u00e4dt ein zu Vortrag und Diskussion mit Anita Idel. Die Tier\u00e4rztin und Mediatorin wirkte u.a. als Leadautorin des Weltagrarberichts und wurde durch ihr Buch \u201eDie Kuh ist kein Klima-Killer!\u201c bekannt. K\u00fche als Klimasch\u00fctzer? Ja, K\u00fche r\u00fclpsen Methan, das 25mal klimasch\u00e4dlicher ist als CO2. Warum [&hellip;]\" \/>\n<meta property=\"og:url\" content=\"https:\/\/permakultur-landwirtschaft.org\/fr\/die-kuh-das-klima-und-der-boden-am-18-september-2021\/\" \/>\n<meta property=\"og:site_name\" content=\"Permakultur-Landwirtschaft\" \/>\n<meta property=\"article:publisher\" content=\"https:\/\/www.facebook.com\/PermakulturLandwirtschaft\" \/>\n<meta property=\"article:published_time\" content=\"2021-09-18T21:53:12+00:00\" \/>\n<meta property=\"article:modified_time\" content=\"2021-09-23T16:52:06+00:00\" \/>\n<meta property=\"og:image\" content=\"https:\/\/permakultur-landwirtschaft.org\/wp-content\/uploads\/2021\/08\/kuh_idel_image.jpg\" \/>\n\t<meta property=\"og:image:width\" content=\"180\" \/>\n\t<meta property=\"og:image:height\" content=\"180\" \/>\n\t<meta property=\"og:image:type\" content=\"image\/jpeg\" \/>\n<meta name=\"author\" content=\"adrian reutimann\" \/>\n<meta name=\"twitter:card\" content=\"summary_large_image\" \/>\n<meta name=\"twitter:label1\" content=\"\u00c9crit par\" \/>\n\t<meta name=\"twitter:data1\" content=\"adrian reutimann\" \/>\n\t<meta name=\"twitter:label2\" content=\"Dur\u00e9e de lecture estim\u00e9e\" \/>\n\t<meta name=\"twitter:data2\" content=\"1 minute\" \/>\n<script type=\"application\/ld+json\" class=\"yoast-schema-graph\">{\"@context\":\"https:\\\/\\\/schema.org\",\"@graph\":[{\"@type\":\"Article\",\"@id\":\"https:\\\/\\\/permakultur-landwirtschaft.org\\\/die-kuh-das-klima-und-der-boden-am-18-september-2021\\\/#article\",\"isPartOf\":{\"@id\":\"https:\\\/\\\/permakultur-landwirtschaft.org\\\/die-kuh-das-klima-und-der-boden-am-18-september-2021\\\/\"},\"author\":{\"name\":\"adrian reutimann\",\"@id\":\"https:\\\/\\\/permakultur-landwirtschaft.org\\\/#\\\/schema\\\/person\\\/6b0467872f75aed3e144093f9bf4f0b0\"},\"headline\":\"Die Kuh, das Klima und der Boden am 18. September 2021\",\"datePublished\":\"2021-09-18T21:53:12+00:00\",\"dateModified\":\"2021-09-23T16:52:06+00:00\",\"mainEntityOfPage\":{\"@id\":\"https:\\\/\\\/permakultur-landwirtschaft.org\\\/die-kuh-das-klima-und-der-boden-am-18-september-2021\\\/\"},\"wordCount\":218,\"publisher\":{\"@id\":\"https:\\\/\\\/permakultur-landwirtschaft.org\\\/#organization\"},\"image\":{\"@id\":\"https:\\\/\\\/permakultur-landwirtschaft.org\\\/die-kuh-das-klima-und-der-boden-am-18-september-2021\\\/#primaryimage\"},\"thumbnailUrl\":\"https:\\\/\\\/permakultur-landwirtschaft.org\\\/wp-content\\\/uploads\\\/2021\\\/08\\\/kuh_idel_image.jpg\",\"articleSection\":[\"Veranstaltungen_Archiv\"],\"inLanguage\":\"fr-FR\"},{\"@type\":\"WebPage\",\"@id\":\"https:\\\/\\\/permakultur-landwirtschaft.org\\\/die-kuh-das-klima-und-der-boden-am-18-september-2021\\\/\",\"url\":\"https:\\\/\\\/permakultur-landwirtschaft.org\\\/die-kuh-das-klima-und-der-boden-am-18-september-2021\\\/\",\"name\":\"Die Kuh, das Klima und der Boden am 18. September 2021 - Permakultur-Landwirtschaft\",\"isPartOf\":{\"@id\":\"https:\\\/\\\/permakultur-landwirtschaft.org\\\/#website\"},\"primaryImageOfPage\":{\"@id\":\"https:\\\/\\\/permakultur-landwirtschaft.org\\\/die-kuh-das-klima-und-der-boden-am-18-september-2021\\\/#primaryimage\"},\"image\":{\"@id\":\"https:\\\/\\\/permakultur-landwirtschaft.org\\\/die-kuh-das-klima-und-der-boden-am-18-september-2021\\\/#primaryimage\"},\"thumbnailUrl\":\"https:\\\/\\\/permakultur-landwirtschaft.org\\\/wp-content\\\/uploads\\\/2021\\\/08\\\/kuh_idel_image.jpg\",\"datePublished\":\"2021-09-18T21:53:12+00:00\",\"dateModified\":\"2021-09-23T16:52:06+00:00\",\"breadcrumb\":{\"@id\":\"https:\\\/\\\/permakultur-landwirtschaft.org\\\/die-kuh-das-klima-und-der-boden-am-18-september-2021\\\/#breadcrumb\"},\"inLanguage\":\"fr-FR\",\"potentialAction\":[{\"@type\":\"ReadAction\",\"target\":[\"https:\\\/\\\/permakultur-landwirtschaft.org\\\/die-kuh-das-klima-und-der-boden-am-18-september-2021\\\/\"]}]},{\"@type\":\"ImageObject\",\"inLanguage\":\"fr-FR\",\"@id\":\"https:\\\/\\\/permakultur-landwirtschaft.org\\\/die-kuh-das-klima-und-der-boden-am-18-september-2021\\\/#primaryimage\",\"url\":\"https:\\\/\\\/permakultur-landwirtschaft.org\\\/wp-content\\\/uploads\\\/2021\\\/08\\\/kuh_idel_image.jpg\",\"contentUrl\":\"https:\\\/\\\/permakultur-landwirtschaft.org\\\/wp-content\\\/uploads\\\/2021\\\/08\\\/kuh_idel_image.jpg\",\"width\":180,\"height\":180},{\"@type\":\"BreadcrumbList\",\"@id\":\"https:\\\/\\\/permakultur-landwirtschaft.org\\\/die-kuh-das-klima-und-der-boden-am-18-september-2021\\\/#breadcrumb\",\"itemListElement\":[{\"@type\":\"ListItem\",\"position\":1,\"name\":\"Startseite\",\"item\":\"https:\\\/\\\/permakultur-landwirtschaft.org\\\/\"},{\"@type\":\"ListItem\",\"position\":2,\"name\":\"Die Kuh, das Klima und der Boden am 18. September 2021\"}]},{\"@type\":\"WebSite\",\"@id\":\"https:\\\/\\\/permakultur-landwirtschaft.org\\\/#website\",\"url\":\"https:\\\/\\\/permakultur-landwirtschaft.org\\\/\",\"name\":\"Permakultur-Landwirtschaft\",\"description\":\"F\u00f6rderung der Permakultur in der Landwirtschaft\",\"publisher\":{\"@id\":\"https:\\\/\\\/permakultur-landwirtschaft.org\\\/#organization\"},\"potentialAction\":[{\"@type\":\"SearchAction\",\"target\":{\"@type\":\"EntryPoint\",\"urlTemplate\":\"https:\\\/\\\/permakultur-landwirtschaft.org\\\/?s={search_term_string}\"},\"query-input\":{\"@type\":\"PropertyValueSpecification\",\"valueRequired\":true,\"valueName\":\"search_term_string\"}}],\"inLanguage\":\"fr-FR\"},{\"@type\":\"Organization\",\"@id\":\"https:\\\/\\\/permakultur-landwirtschaft.org\\\/#organization\",\"name\":\"Permakultur-Landwirtschaft\",\"alternateName\":\"Verein Permakultur-Landwirtschaft\",\"url\":\"https:\\\/\\\/permakultur-landwirtschaft.org\\\/\",\"logo\":{\"@type\":\"ImageObject\",\"inLanguage\":\"fr-FR\",\"@id\":\"https:\\\/\\\/permakultur-landwirtschaft.org\\\/#\\\/schema\\\/logo\\\/image\\\/\",\"url\":\"https:\\\/\\\/permakultur-landwirtschaft.org\\\/wp-content\\\/uploads\\\/2021\\\/11\\\/pela_1268x1269.png\",\"contentUrl\":\"https:\\\/\\\/permakultur-landwirtschaft.org\\\/wp-content\\\/uploads\\\/2021\\\/11\\\/pela_1268x1269.png\",\"width\":1298,\"height\":1269,\"caption\":\"Permakultur-Landwirtschaft\"},\"image\":{\"@id\":\"https:\\\/\\\/permakultur-landwirtschaft.org\\\/#\\\/schema\\\/logo\\\/image\\\/\"},\"sameAs\":[\"https:\\\/\\\/www.facebook.com\\\/PermakulturLandwirtschaft\",\"https:\\\/\\\/www.instagram.com\\\/permakultur_landwirtschaft\\\/\",\"https:\\\/\\\/www.flickr.com\\\/photos\\\/permakultur-landwirtschaft\",\"https:\\\/\\\/www.youtube.com\\\/@PermakulturLandwirtschaft\"]},{\"@type\":\"Person\",\"@id\":\"https:\\\/\\\/permakultur-landwirtschaft.org\\\/#\\\/schema\\\/person\\\/6b0467872f75aed3e144093f9bf4f0b0\",\"name\":\"adrian reutimann\",\"url\":\"https:\\\/\\\/permakultur-landwirtschaft.org\\\/fr\\\/author\\\/reutiadr\\\/\"}]}<\/script>\n<!-- \/ Yoast SEO plugin. -->","yoast_head_json":{"title":"Die Kuh, das Klima und der Boden am 18. September 2021 - Permakultur-Landwirtschaft","robots":{"index":"index","follow":"follow","max-snippet":"max-snippet:-1","max-image-preview":"max-image-preview:large","max-video-preview":"max-video-preview:-1"},"canonical":"https:\/\/permakultur-landwirtschaft.org\/fr\/die-kuh-das-klima-und-der-boden-am-18-september-2021\/","og_locale":"fr_FR","og_type":"article","og_title":"Die Kuh, das Klima und der Boden am 18. September 2021 - Permakultur-Landwirtschaft","og_description":"Wie gelingt eine positive Entwicklung? Text von bioforumschweiz.ch: Das Bioforum Schweiz l\u00e4dt ein zu Vortrag und Diskussion mit Anita Idel. Die Tier\u00e4rztin und Mediatorin wirkte u.a. als Leadautorin des Weltagrarberichts und wurde durch ihr Buch \u201eDie Kuh ist kein Klima-Killer!\u201c bekannt. K\u00fche als Klimasch\u00fctzer? Ja, K\u00fche r\u00fclpsen Methan, das 25mal klimasch\u00e4dlicher ist als CO2. Warum [&hellip;]","og_url":"https:\/\/permakultur-landwirtschaft.org\/fr\/die-kuh-das-klima-und-der-boden-am-18-september-2021\/","og_site_name":"Permakultur-Landwirtschaft","article_publisher":"https:\/\/www.facebook.com\/PermakulturLandwirtschaft","article_published_time":"2021-09-18T21:53:12+00:00","article_modified_time":"2021-09-23T16:52:06+00:00","og_image":[{"width":180,"height":180,"url":"https:\/\/permakultur-landwirtschaft.org\/wp-content\/uploads\/2021\/08\/kuh_idel_image.jpg","type":"image\/jpeg"}],"author":"adrian reutimann","twitter_card":"summary_large_image","twitter_misc":{"\u00c9crit par":"adrian reutimann","Dur\u00e9e de lecture estim\u00e9e":"1 minute"},"schema":{"@context":"https:\/\/schema.org","@graph":[{"@type":"Article","@id":"https:\/\/permakultur-landwirtschaft.org\/die-kuh-das-klima-und-der-boden-am-18-september-2021\/#article","isPartOf":{"@id":"https:\/\/permakultur-landwirtschaft.org\/die-kuh-das-klima-und-der-boden-am-18-september-2021\/"},"author":{"name":"adrian reutimann","@id":"https:\/\/permakultur-landwirtschaft.org\/#\/schema\/person\/6b0467872f75aed3e144093f9bf4f0b0"},"headline":"Die Kuh, das Klima und der Boden am 18. September 2021","datePublished":"2021-09-18T21:53:12+00:00","dateModified":"2021-09-23T16:52:06+00:00","mainEntityOfPage":{"@id":"https:\/\/permakultur-landwirtschaft.org\/die-kuh-das-klima-und-der-boden-am-18-september-2021\/"},"wordCount":218,"publisher":{"@id":"https:\/\/permakultur-landwirtschaft.org\/#organization"},"image":{"@id":"https:\/\/permakultur-landwirtschaft.org\/die-kuh-das-klima-und-der-boden-am-18-september-2021\/#primaryimage"},"thumbnailUrl":"https:\/\/permakultur-landwirtschaft.org\/wp-content\/uploads\/2021\/08\/kuh_idel_image.jpg","articleSection":["Veranstaltungen_Archiv"],"inLanguage":"fr-FR"},{"@type":"WebPage","@id":"https:\/\/permakultur-landwirtschaft.org\/die-kuh-das-klima-und-der-boden-am-18-september-2021\/","url":"https:\/\/permakultur-landwirtschaft.org\/die-kuh-das-klima-und-der-boden-am-18-september-2021\/","name":"Die Kuh, das Klima und der Boden am 18. September 2021 - Permakultur-Landwirtschaft","isPartOf":{"@id":"https:\/\/permakultur-landwirtschaft.org\/#website"},"primaryImageOfPage":{"@id":"https:\/\/permakultur-landwirtschaft.org\/die-kuh-das-klima-und-der-boden-am-18-september-2021\/#primaryimage"},"image":{"@id":"https:\/\/permakultur-landwirtschaft.org\/die-kuh-das-klima-und-der-boden-am-18-september-2021\/#primaryimage"},"thumbnailUrl":"https:\/\/permakultur-landwirtschaft.org\/wp-content\/uploads\/2021\/08\/kuh_idel_image.jpg","datePublished":"2021-09-18T21:53:12+00:00","dateModified":"2021-09-23T16:52:06+00:00","breadcrumb":{"@id":"https:\/\/permakultur-landwirtschaft.org\/die-kuh-das-klima-und-der-boden-am-18-september-2021\/#breadcrumb"},"inLanguage":"fr-FR","potentialAction":[{"@type":"ReadAction","target":["https:\/\/permakultur-landwirtschaft.org\/die-kuh-das-klima-und-der-boden-am-18-september-2021\/"]}]},{"@type":"ImageObject","inLanguage":"fr-FR","@id":"https:\/\/permakultur-landwirtschaft.org\/die-kuh-das-klima-und-der-boden-am-18-september-2021\/#primaryimage","url":"https:\/\/permakultur-landwirtschaft.org\/wp-content\/uploads\/2021\/08\/kuh_idel_image.jpg","contentUrl":"https:\/\/permakultur-landwirtschaft.org\/wp-content\/uploads\/2021\/08\/kuh_idel_image.jpg","width":180,"height":180},{"@type":"BreadcrumbList","@id":"https:\/\/permakultur-landwirtschaft.org\/die-kuh-das-klima-und-der-boden-am-18-september-2021\/#breadcrumb","itemListElement":[{"@type":"ListItem","position":1,"name":"Startseite","item":"https:\/\/permakultur-landwirtschaft.org\/"},{"@type":"ListItem","position":2,"name":"Die Kuh, das Klima und der Boden am 18. September 2021"}]},{"@type":"WebSite","@id":"https:\/\/permakultur-landwirtschaft.org\/#website","url":"https:\/\/permakultur-landwirtschaft.org\/","name":"Permakultur-Landwirtschaft","description":"F\u00f6rderung der Permakultur in der Landwirtschaft","publisher":{"@id":"https:\/\/permakultur-landwirtschaft.org\/#organization"},"potentialAction":[{"@type":"SearchAction","target":{"@type":"EntryPoint","urlTemplate":"https:\/\/permakultur-landwirtschaft.org\/?s={search_term_string}"},"query-input":{"@type":"PropertyValueSpecification","valueRequired":true,"valueName":"search_term_string"}}],"inLanguage":"fr-FR"},{"@type":"Organization","@id":"https:\/\/permakultur-landwirtschaft.org\/#organization","name":"Permakultur-Landwirtschaft","alternateName":"Verein Permakultur-Landwirtschaft","url":"https:\/\/permakultur-landwirtschaft.org\/","logo":{"@type":"ImageObject","inLanguage":"fr-FR","@id":"https:\/\/permakultur-landwirtschaft.org\/#\/schema\/logo\/image\/","url":"https:\/\/permakultur-landwirtschaft.org\/wp-content\/uploads\/2021\/11\/pela_1268x1269.png","contentUrl":"https:\/\/permakultur-landwirtschaft.org\/wp-content\/uploads\/2021\/11\/pela_1268x1269.png","width":1298,"height":1269,"caption":"Permakultur-Landwirtschaft"},"image":{"@id":"https:\/\/permakultur-landwirtschaft.org\/#\/schema\/logo\/image\/"},"sameAs":["https:\/\/www.facebook.com\/PermakulturLandwirtschaft","https:\/\/www.instagram.com\/permakultur_landwirtschaft\/","https:\/\/www.flickr.com\/photos\/permakultur-landwirtschaft","https:\/\/www.youtube.com\/@PermakulturLandwirtschaft"]},{"@type":"Person","@id":"https:\/\/permakultur-landwirtschaft.org\/#\/schema\/person\/6b0467872f75aed3e144093f9bf4f0b0","name":"adrian reutimann","url":"https:\/\/permakultur-landwirtschaft.org\/fr\/author\/reutiadr\/"}]}},"_links":{"self":[{"href":"https:\/\/permakultur-landwirtschaft.org\/fr\/wp-json\/wp\/v2\/posts\/15918","targetHints":{"allow":["GET"]}}],"collection":[{"href":"https:\/\/permakultur-landwirtschaft.org\/fr\/wp-json\/wp\/v2\/posts"}],"about":[{"href":"https:\/\/permakultur-landwirtschaft.org\/fr\/wp-json\/wp\/v2\/types\/post"}],"author":[{"embeddable":true,"href":"https:\/\/permakultur-landwirtschaft.org\/fr\/wp-json\/wp\/v2\/users\/2"}],"replies":[{"embeddable":true,"href":"https:\/\/permakultur-landwirtschaft.org\/fr\/wp-json\/wp\/v2\/comments?post=15918"}],"version-history":[{"count":1,"href":"https:\/\/permakultur-landwirtschaft.org\/fr\/wp-json\/wp\/v2\/posts\/15918\/revisions"}],"predecessor-version":[{"id":15920,"href":"https:\/\/permakultur-landwirtschaft.org\/fr\/wp-json\/wp\/v2\/posts\/15918\/revisions\/15920"}],"wp:featuredmedia":[{"embeddable":true,"href":"https:\/\/permakultur-landwirtschaft.org\/fr\/wp-json\/wp\/v2\/media\/15919"}],"wp:attachment":[{"href":"https:\/\/permakultur-landwirtschaft.org\/fr\/wp-json\/wp\/v2\/media?parent=15918"}],"wp:term":[{"taxonomy":"category","embeddable":true,"href":"https:\/\/permakultur-landwirtschaft.org\/fr\/wp-json\/wp\/v2\/categories?post=15918"},{"taxonomy":"post_tag","embeddable":true,"href":"https:\/\/permakultur-landwirtschaft.org\/fr\/wp-json\/wp\/v2\/tags?post=15918"}],"curies":[{"name":"wp","href":"https:\/\/api.w.org\/{rel}","templated":true}]}}