{"id":15857,"date":"2021-10-27T20:08:30","date_gmt":"2021-10-27T18:08:30","guid":{"rendered":"https:\/\/permakultur-landwirtschaft.org\/?p=15857"},"modified":"2021-10-29T12:54:51","modified_gmt":"2021-10-29T10:54:51","slug":"permakultur-erleben-auf-dem-birchhof-in-oberwil-lieli-am-27-oktober-2021","status":"publish","type":"post","link":"https:\/\/permakultur-landwirtschaft.org\/fr\/permakultur-erleben-auf-dem-birchhof-in-oberwil-lieli-am-27-oktober-2021\/","title":{"rendered":"Permakultur erleben auf dem Birchhof in Oberwil-Lieli am 27. Oktober 2021"},"content":{"rendered":"<p>Text vom INFORAMA:<br \/>\nDie Permakultur-Pionierfl\u00e4che auf dem Birchhof kennenlernen<\/p>\n<p>An diesem Kurstag haben wir die M\u00f6glichkeit, Permakultur mit allen Sinnen zu erleben. Wir werden Bereiche wie Humusaufbau, N\u00fctzlinge &amp; Agroforst f\u00fchlend, riechend, beobachtend erkunden und uns dar\u00fcber austauschen. Neben der Sinneserfahrung erz\u00e4hlen Roger G\u00fcndel, der Betriebsleiter des Birchhofs und Sabrina Volkart, die Bewirtschafterin und H\u00fcterin der Permakultur-Pionierfl\u00e4che, \u00fcber ihre Zusammenarbeit, Methoden und Erfahrungen auf dem Weg, einen bestehenden Hof sukzessive in eine Permakultur \u00fcberzuf\u00fchren. Dazu geh\u00f6ren auch Informationen zur Art der Bewirtschaftung, erschaffen von sozialen Netzwerken, die Formen der Direktvermarktung und viel Raum f\u00fcr eure mitgebrachten Fragen. Auf dem Birchhof wurde 2013 eine Fl\u00e4che von rund 1ha als Permakultur Pionier-Fl\u00e4che definiert, mit dem Ziel das erfahrene Wissen auf dem ganzen Betrieb zu integrieren. Unterdessen ern\u00e4hrt die F\u00fclle des entstehenden Waldgartens eine Person finaziell, ist Oase und f\u00fcr viele Menschen die Permakultur praktisch lernen m\u00f6chten und bietet Lebensraum f\u00fcr unz\u00e4hlige Tiere. Der gesamte bio-dynamische Birchhof umfasst insgesamt 14ha. Wir werden anschliessend gemeinsam dar\u00fcber diskutieren, was Permakultur sein kann und welche Potenziale sie f\u00fcr die Landwirtschaft der Schweiz beinhaltet. Wir freuen uns auf dich und deinen Beitrag.<\/p>\n<p><strong>Date<br \/>\n<\/strong>27. Oktober 2021, 09:00 &#8211; 16:15<\/p>\n<p><strong>Lieu<br \/>\n<\/strong>Birchhof<br \/>\nBirchhaustrasse 593<br \/>\n8966 Oberwil-Lieli<\/p>\n<p><strong>Co\u00fbts<br \/>\n<\/strong>CHF 60.-<\/p>\n<p><strong>Infos<br \/>\n<\/strong><a id=\"LPNoLPOWALinkPreview\" href=\"https:\/\/www.permakultur-jetzt.ch\/fachanlaesse\" target=\"_blank\" rel=\"noopener\">https:\/\/www.permakultur-jetzt.ch\/fachanlaesse<\/a><br \/>\n<a id=\"LPNoLPOWALinkPreview_1\" href=\"https:\/\/www.inforama.ch\/kurse#\/weiterbildung\/biolandbau\/24501\" target=\"_blank\" rel=\"noopener\">https:\/\/www.inforama.ch\/kurse#\/weiterbildung\/biolandbau\/24501<\/a><br \/>\nMila Laager, <a href=\"mailto:mila.laager@outlook.com\">mila.laager@outlook.com<\/a>, 077 492 55 86<\/p>\n<div><strong>Inscription<\/strong><\/div>\n<div>INFORAMA Kurs Sekretariat, 031 636 41 00<\/div>\n<div><a href=\"https:\/\/www.inforama.ch\/kurse\" target=\"_blank\" rel=\"noopener\">www.inforama.ch\/kurse<\/a> (nach stichwort Permakultur suchen)<\/div>\n<div>Corona: Da der Anlass draussen stattfindet, besteht keine Zertifikatspflicht.<\/div>\n<p><a href=\"https:\/\/permakultur-landwirtschaft.org\/documents\/events\/20211027_Kurs_Birchhof_Ausschreibung_Okt.pdf\">Flyer zum Anlass gibt es hier: permakultur-landwirtschaft.org\/documents\/events\/20211027_Kurs_Birchhof_Ausschreibung_Okt.pdf<\/a><\/p>\n<p><img decoding=\"async\" class=\"size-full wp-image-1835 alignnone\" src=\"https:\/\/permakultur-landwirtschaft.org\/wp-content\/uploads\/2020\/02\/bio-birchhof-logo.png\" alt=\"\" width=\"165\" height=\"84\" \/><\/p>\n<p><img fetchpriority=\"high\" decoding=\"async\" class=\"size-full wp-image-15915 alignnone\" src=\"https:\/\/permakultur-landwirtschaft.org\/wp-content\/uploads\/2020\/11\/Birchhof_Aug.20.jpg\" alt=\"\" width=\"350\" height=\"196\" srcset=\"https:\/\/permakultur-landwirtschaft.org\/wp-content\/uploads\/2020\/11\/Birchhof_Aug.20.jpg 350w, https:\/\/permakultur-landwirtschaft.org\/wp-content\/uploads\/2020\/11\/Birchhof_Aug.20-300x168.jpg 300w\" sizes=\"(max-width: 350px) 100vw, 350px\" \/><\/p>\n<p>Bilder: Bio-Birchhof<\/p>\n<hr \/>\n<h3><a href=\"https:\/\/permakultur-landwirtschaft.org\/fr\/veranstaltungen\/\">Hier geht&#8217;s zur \u00dcbersicht aktuelle Veranstaltungen<\/a><\/h3>","protected":false},"excerpt":{"rendered":"<p>Text vom INFORAMA: Die Permakultur-Pionierfl\u00e4che auf dem Birchhof kennenlernen An diesem Kurstag haben wir die M\u00f6glichkeit, Permakultur mit allen Sinnen zu erleben. Wir werden Bereiche wie Humusaufbau, N\u00fctzlinge &amp; Agroforst f\u00fchlend, riechend, beobachtend erkunden und uns dar\u00fcber austauschen. Neben der Sinneserfahrung erz\u00e4hlen Roger G\u00fcndel, der Betriebsleiter des Birchhofs und Sabrina Volkart, die Bewirtschafterin und H\u00fcterin [&hellip;]<\/p>\n","protected":false},"author":2,"featured_media":15915,"comment_status":"closed","ping_status":"closed","sticky":false,"template":"","format":"standard","meta":{"_acf_changed":false,"site-sidebar-layout":"default","site-content-layout":"","ast-site-content-layout":"default","site-content-style":"default","site-sidebar-style":"default","ast-global-header-display":"","ast-banner-title-visibility":"","ast-main-header-display":"","ast-hfb-above-header-display":"","ast-hfb-below-header-display":"","ast-hfb-mobile-header-display":"","site-post-title":"","ast-breadcrumbs-content":"","ast-featured-img":"","footer-sml-layout":"","ast-disable-related-posts":"","theme-transparent-header-meta":"","adv-header-id-meta":"","stick-header-meta":"","header-above-stick-meta":"","header-main-stick-meta":"","header-below-stick-meta":"","astra-migrate-meta-layouts":"default","ast-page-background-enabled":"default","ast-page-background-meta":{"desktop":{"background-color":"var(--ast-global-color-4)","background-image":"","background-repeat":"repeat","background-position":"center center","background-size":"auto","background-attachment":"scroll","background-type":"","background-media":"","overlay-type":"","overlay-color":"","overlay-opacity":"","overlay-gradient":""},"tablet":{"background-color":"","background-image":"","background-repeat":"repeat","background-position":"center center","background-size":"auto","background-attachment":"scroll","background-type":"","background-media":"","overlay-type":"","overlay-color":"","overlay-opacity":"","overlay-gradient":""},"mobile":{"background-color":"","background-image":"","background-repeat":"repeat","background-position":"center center","background-size":"auto","background-attachment":"scroll","background-type":"","background-media":"","overlay-type":"","overlay-color":"","overlay-opacity":"","overlay-gradient":""}},"ast-content-background-meta":{"desktop":{"background-color":"var(--ast-global-color-5)","background-image":"","background-repeat":"repeat","background-position":"center center","background-size":"auto","background-attachment":"scroll","background-type":"","background-media":"","overlay-type":"","overlay-color":"","overlay-opacity":"","overlay-gradient":""},"tablet":{"background-color":"var(--ast-global-color-5)","background-image":"","background-repeat":"repeat","background-position":"center center","background-size":"auto","background-attachment":"scroll","background-type":"","background-media":"","overlay-type":"","overlay-color":"","overlay-opacity":"","overlay-gradient":""},"mobile":{"background-color":"var(--ast-global-color-5)","background-image":"","background-repeat":"repeat","background-position":"center center","background-size":"auto","background-attachment":"scroll","background-type":"","background-media":"","overlay-type":"","overlay-color":"","overlay-opacity":"","overlay-gradient":""}},"footnotes":""},"categories":[21],"tags":[],"class_list":["post-15857","post","type-post","status-publish","format-standard","has-post-thumbnail","hentry","category-veranstaltungen_archiv"],"acf":[],"yoast_head":"<!-- This site is optimized with the Yoast SEO plugin v27.5 - https:\/\/yoast.com\/product\/yoast-seo-wordpress\/ -->\n<title>Permakultur erleben auf dem Birchhof in Oberwil-Lieli am 27. Oktober 2021 - Permakultur-Landwirtschaft<\/title>\n<meta name=\"robots\" content=\"index, follow, max-snippet:-1, max-image-preview:large, max-video-preview:-1\" \/>\n<link rel=\"canonical\" href=\"https:\/\/permakultur-landwirtschaft.org\/fr\/permakultur-erleben-auf-dem-birchhof-in-oberwil-lieli-am-27-oktober-2021\/\" \/>\n<meta property=\"og:locale\" content=\"fr_FR\" \/>\n<meta property=\"og:type\" content=\"article\" \/>\n<meta property=\"og:title\" content=\"Permakultur erleben auf dem Birchhof in Oberwil-Lieli am 27. Oktober 2021 - Permakultur-Landwirtschaft\" \/>\n<meta property=\"og:description\" content=\"Text vom INFORAMA: Die Permakultur-Pionierfl\u00e4che auf dem Birchhof kennenlernen An diesem Kurstag haben wir die M\u00f6glichkeit, Permakultur mit allen Sinnen zu erleben. Wir werden Bereiche wie Humusaufbau, N\u00fctzlinge &amp; Agroforst f\u00fchlend, riechend, beobachtend erkunden und uns dar\u00fcber austauschen. Neben der Sinneserfahrung erz\u00e4hlen Roger G\u00fcndel, der Betriebsleiter des Birchhofs und Sabrina Volkart, die Bewirtschafterin und H\u00fcterin [&hellip;]\" \/>\n<meta property=\"og:url\" content=\"https:\/\/permakultur-landwirtschaft.org\/fr\/permakultur-erleben-auf-dem-birchhof-in-oberwil-lieli-am-27-oktober-2021\/\" \/>\n<meta property=\"og:site_name\" content=\"Permakultur-Landwirtschaft\" \/>\n<meta property=\"article:publisher\" content=\"https:\/\/www.facebook.com\/PermakulturLandwirtschaft\" \/>\n<meta property=\"article:published_time\" content=\"2021-10-27T18:08:30+00:00\" \/>\n<meta property=\"article:modified_time\" content=\"2021-10-29T10:54:51+00:00\" \/>\n<meta property=\"og:image\" content=\"https:\/\/permakultur-landwirtschaft.org\/wp-content\/uploads\/2020\/11\/Birchhof_Aug.20.jpg\" \/>\n\t<meta property=\"og:image:width\" content=\"350\" \/>\n\t<meta property=\"og:image:height\" content=\"196\" \/>\n\t<meta property=\"og:image:type\" content=\"image\/jpeg\" \/>\n<meta name=\"author\" content=\"adrian reutimann\" \/>\n<meta name=\"twitter:card\" content=\"summary_large_image\" \/>\n<meta name=\"twitter:label1\" content=\"\u00c9crit par\" \/>\n\t<meta name=\"twitter:data1\" content=\"adrian reutimann\" \/>\n\t<meta name=\"twitter:label2\" content=\"Dur\u00e9e de lecture estim\u00e9e\" \/>\n\t<meta name=\"twitter:data2\" content=\"1 minute\" \/>\n<script type=\"application\/ld+json\" class=\"yoast-schema-graph\">{\"@context\":\"https:\\\/\\\/schema.org\",\"@graph\":[{\"@type\":\"Article\",\"@id\":\"https:\\\/\\\/permakultur-landwirtschaft.org\\\/permakultur-erleben-auf-dem-birchhof-in-oberwil-lieli-am-27-oktober-2021\\\/#article\",\"isPartOf\":{\"@id\":\"https:\\\/\\\/permakultur-landwirtschaft.org\\\/permakultur-erleben-auf-dem-birchhof-in-oberwil-lieli-am-27-oktober-2021\\\/\"},\"author\":{\"name\":\"adrian reutimann\",\"@id\":\"https:\\\/\\\/permakultur-landwirtschaft.org\\\/#\\\/schema\\\/person\\\/6b0467872f75aed3e144093f9bf4f0b0\"},\"headline\":\"Permakultur erleben auf dem Birchhof in Oberwil-Lieli am 27. Oktober 2021\",\"datePublished\":\"2021-10-27T18:08:30+00:00\",\"dateModified\":\"2021-10-29T10:54:51+00:00\",\"mainEntityOfPage\":{\"@id\":\"https:\\\/\\\/permakultur-landwirtschaft.org\\\/permakultur-erleben-auf-dem-birchhof-in-oberwil-lieli-am-27-oktober-2021\\\/\"},\"wordCount\":289,\"publisher\":{\"@id\":\"https:\\\/\\\/permakultur-landwirtschaft.org\\\/#organization\"},\"image\":{\"@id\":\"https:\\\/\\\/permakultur-landwirtschaft.org\\\/permakultur-erleben-auf-dem-birchhof-in-oberwil-lieli-am-27-oktober-2021\\\/#primaryimage\"},\"thumbnailUrl\":\"https:\\\/\\\/permakultur-landwirtschaft.org\\\/wp-content\\\/uploads\\\/2020\\\/11\\\/Birchhof_Aug.20.jpg\",\"articleSection\":[\"Veranstaltungen_Archiv\"],\"inLanguage\":\"fr-FR\"},{\"@type\":\"WebPage\",\"@id\":\"https:\\\/\\\/permakultur-landwirtschaft.org\\\/permakultur-erleben-auf-dem-birchhof-in-oberwil-lieli-am-27-oktober-2021\\\/\",\"url\":\"https:\\\/\\\/permakultur-landwirtschaft.org\\\/permakultur-erleben-auf-dem-birchhof-in-oberwil-lieli-am-27-oktober-2021\\\/\",\"name\":\"Permakultur erleben auf dem Birchhof in Oberwil-Lieli am 27. Oktober 2021 - Permakultur-Landwirtschaft\",\"isPartOf\":{\"@id\":\"https:\\\/\\\/permakultur-landwirtschaft.org\\\/#website\"},\"primaryImageOfPage\":{\"@id\":\"https:\\\/\\\/permakultur-landwirtschaft.org\\\/permakultur-erleben-auf-dem-birchhof-in-oberwil-lieli-am-27-oktober-2021\\\/#primaryimage\"},\"image\":{\"@id\":\"https:\\\/\\\/permakultur-landwirtschaft.org\\\/permakultur-erleben-auf-dem-birchhof-in-oberwil-lieli-am-27-oktober-2021\\\/#primaryimage\"},\"thumbnailUrl\":\"https:\\\/\\\/permakultur-landwirtschaft.org\\\/wp-content\\\/uploads\\\/2020\\\/11\\\/Birchhof_Aug.20.jpg\",\"datePublished\":\"2021-10-27T18:08:30+00:00\",\"dateModified\":\"2021-10-29T10:54:51+00:00\",\"breadcrumb\":{\"@id\":\"https:\\\/\\\/permakultur-landwirtschaft.org\\\/permakultur-erleben-auf-dem-birchhof-in-oberwil-lieli-am-27-oktober-2021\\\/#breadcrumb\"},\"inLanguage\":\"fr-FR\",\"potentialAction\":[{\"@type\":\"ReadAction\",\"target\":[\"https:\\\/\\\/permakultur-landwirtschaft.org\\\/permakultur-erleben-auf-dem-birchhof-in-oberwil-lieli-am-27-oktober-2021\\\/\"]}]},{\"@type\":\"ImageObject\",\"inLanguage\":\"fr-FR\",\"@id\":\"https:\\\/\\\/permakultur-landwirtschaft.org\\\/permakultur-erleben-auf-dem-birchhof-in-oberwil-lieli-am-27-oktober-2021\\\/#primaryimage\",\"url\":\"https:\\\/\\\/permakultur-landwirtschaft.org\\\/wp-content\\\/uploads\\\/2020\\\/11\\\/Birchhof_Aug.20.jpg\",\"contentUrl\":\"https:\\\/\\\/permakultur-landwirtschaft.org\\\/wp-content\\\/uploads\\\/2020\\\/11\\\/Birchhof_Aug.20.jpg\",\"width\":350,\"height\":196},{\"@type\":\"BreadcrumbList\",\"@id\":\"https:\\\/\\\/permakultur-landwirtschaft.org\\\/permakultur-erleben-auf-dem-birchhof-in-oberwil-lieli-am-27-oktober-2021\\\/#breadcrumb\",\"itemListElement\":[{\"@type\":\"ListItem\",\"position\":1,\"name\":\"Startseite\",\"item\":\"https:\\\/\\\/permakultur-landwirtschaft.org\\\/\"},{\"@type\":\"ListItem\",\"position\":2,\"name\":\"Permakultur erleben auf dem Birchhof in Oberwil-Lieli am 27. Oktober 2021\"}]},{\"@type\":\"WebSite\",\"@id\":\"https:\\\/\\\/permakultur-landwirtschaft.org\\\/#website\",\"url\":\"https:\\\/\\\/permakultur-landwirtschaft.org\\\/\",\"name\":\"Permakultur-Landwirtschaft\",\"description\":\"F\u00f6rderung der Permakultur in der Landwirtschaft\",\"publisher\":{\"@id\":\"https:\\\/\\\/permakultur-landwirtschaft.org\\\/#organization\"},\"potentialAction\":[{\"@type\":\"SearchAction\",\"target\":{\"@type\":\"EntryPoint\",\"urlTemplate\":\"https:\\\/\\\/permakultur-landwirtschaft.org\\\/?s={search_term_string}\"},\"query-input\":{\"@type\":\"PropertyValueSpecification\",\"valueRequired\":true,\"valueName\":\"search_term_string\"}}],\"inLanguage\":\"fr-FR\"},{\"@type\":\"Organization\",\"@id\":\"https:\\\/\\\/permakultur-landwirtschaft.org\\\/#organization\",\"name\":\"Permakultur-Landwirtschaft\",\"alternateName\":\"Verein Permakultur-Landwirtschaft\",\"url\":\"https:\\\/\\\/permakultur-landwirtschaft.org\\\/\",\"logo\":{\"@type\":\"ImageObject\",\"inLanguage\":\"fr-FR\",\"@id\":\"https:\\\/\\\/permakultur-landwirtschaft.org\\\/#\\\/schema\\\/logo\\\/image\\\/\",\"url\":\"https:\\\/\\\/permakultur-landwirtschaft.org\\\/wp-content\\\/uploads\\\/2021\\\/11\\\/pela_1268x1269.png\",\"contentUrl\":\"https:\\\/\\\/permakultur-landwirtschaft.org\\\/wp-content\\\/uploads\\\/2021\\\/11\\\/pela_1268x1269.png\",\"width\":1298,\"height\":1269,\"caption\":\"Permakultur-Landwirtschaft\"},\"image\":{\"@id\":\"https:\\\/\\\/permakultur-landwirtschaft.org\\\/#\\\/schema\\\/logo\\\/image\\\/\"},\"sameAs\":[\"https:\\\/\\\/www.facebook.com\\\/PermakulturLandwirtschaft\",\"https:\\\/\\\/www.instagram.com\\\/permakultur_landwirtschaft\\\/\",\"https:\\\/\\\/www.flickr.com\\\/photos\\\/permakultur-landwirtschaft\",\"https:\\\/\\\/www.youtube.com\\\/@PermakulturLandwirtschaft\"]},{\"@type\":\"Person\",\"@id\":\"https:\\\/\\\/permakultur-landwirtschaft.org\\\/#\\\/schema\\\/person\\\/6b0467872f75aed3e144093f9bf4f0b0\",\"name\":\"adrian reutimann\",\"url\":\"https:\\\/\\\/permakultur-landwirtschaft.org\\\/fr\\\/author\\\/reutiadr\\\/\"}]}<\/script>\n<!-- \/ Yoast SEO plugin. -->","yoast_head_json":{"title":"Permakultur erleben auf dem Birchhof in Oberwil-Lieli am 27. Oktober 2021 - Permakultur-Landwirtschaft","robots":{"index":"index","follow":"follow","max-snippet":"max-snippet:-1","max-image-preview":"max-image-preview:large","max-video-preview":"max-video-preview:-1"},"canonical":"https:\/\/permakultur-landwirtschaft.org\/fr\/permakultur-erleben-auf-dem-birchhof-in-oberwil-lieli-am-27-oktober-2021\/","og_locale":"fr_FR","og_type":"article","og_title":"Permakultur erleben auf dem Birchhof in Oberwil-Lieli am 27. Oktober 2021 - Permakultur-Landwirtschaft","og_description":"Text vom INFORAMA: Die Permakultur-Pionierfl\u00e4che auf dem Birchhof kennenlernen An diesem Kurstag haben wir die M\u00f6glichkeit, Permakultur mit allen Sinnen zu erleben. Wir werden Bereiche wie Humusaufbau, N\u00fctzlinge &amp; Agroforst f\u00fchlend, riechend, beobachtend erkunden und uns dar\u00fcber austauschen. Neben der Sinneserfahrung erz\u00e4hlen Roger G\u00fcndel, der Betriebsleiter des Birchhofs und Sabrina Volkart, die Bewirtschafterin und H\u00fcterin [&hellip;]","og_url":"https:\/\/permakultur-landwirtschaft.org\/fr\/permakultur-erleben-auf-dem-birchhof-in-oberwil-lieli-am-27-oktober-2021\/","og_site_name":"Permakultur-Landwirtschaft","article_publisher":"https:\/\/www.facebook.com\/PermakulturLandwirtschaft","article_published_time":"2021-10-27T18:08:30+00:00","article_modified_time":"2021-10-29T10:54:51+00:00","og_image":[{"width":350,"height":196,"url":"https:\/\/permakultur-landwirtschaft.org\/wp-content\/uploads\/2020\/11\/Birchhof_Aug.20.jpg","type":"image\/jpeg"}],"author":"adrian reutimann","twitter_card":"summary_large_image","twitter_misc":{"\u00c9crit par":"adrian reutimann","Dur\u00e9e de lecture estim\u00e9e":"1 minute"},"schema":{"@context":"https:\/\/schema.org","@graph":[{"@type":"Article","@id":"https:\/\/permakultur-landwirtschaft.org\/permakultur-erleben-auf-dem-birchhof-in-oberwil-lieli-am-27-oktober-2021\/#article","isPartOf":{"@id":"https:\/\/permakultur-landwirtschaft.org\/permakultur-erleben-auf-dem-birchhof-in-oberwil-lieli-am-27-oktober-2021\/"},"author":{"name":"adrian reutimann","@id":"https:\/\/permakultur-landwirtschaft.org\/#\/schema\/person\/6b0467872f75aed3e144093f9bf4f0b0"},"headline":"Permakultur erleben auf dem Birchhof in Oberwil-Lieli am 27. Oktober 2021","datePublished":"2021-10-27T18:08:30+00:00","dateModified":"2021-10-29T10:54:51+00:00","mainEntityOfPage":{"@id":"https:\/\/permakultur-landwirtschaft.org\/permakultur-erleben-auf-dem-birchhof-in-oberwil-lieli-am-27-oktober-2021\/"},"wordCount":289,"publisher":{"@id":"https:\/\/permakultur-landwirtschaft.org\/#organization"},"image":{"@id":"https:\/\/permakultur-landwirtschaft.org\/permakultur-erleben-auf-dem-birchhof-in-oberwil-lieli-am-27-oktober-2021\/#primaryimage"},"thumbnailUrl":"https:\/\/permakultur-landwirtschaft.org\/wp-content\/uploads\/2020\/11\/Birchhof_Aug.20.jpg","articleSection":["Veranstaltungen_Archiv"],"inLanguage":"fr-FR"},{"@type":"WebPage","@id":"https:\/\/permakultur-landwirtschaft.org\/permakultur-erleben-auf-dem-birchhof-in-oberwil-lieli-am-27-oktober-2021\/","url":"https:\/\/permakultur-landwirtschaft.org\/permakultur-erleben-auf-dem-birchhof-in-oberwil-lieli-am-27-oktober-2021\/","name":"Permakultur erleben auf dem Birchhof in Oberwil-Lieli am 27. Oktober 2021 - Permakultur-Landwirtschaft","isPartOf":{"@id":"https:\/\/permakultur-landwirtschaft.org\/#website"},"primaryImageOfPage":{"@id":"https:\/\/permakultur-landwirtschaft.org\/permakultur-erleben-auf-dem-birchhof-in-oberwil-lieli-am-27-oktober-2021\/#primaryimage"},"image":{"@id":"https:\/\/permakultur-landwirtschaft.org\/permakultur-erleben-auf-dem-birchhof-in-oberwil-lieli-am-27-oktober-2021\/#primaryimage"},"thumbnailUrl":"https:\/\/permakultur-landwirtschaft.org\/wp-content\/uploads\/2020\/11\/Birchhof_Aug.20.jpg","datePublished":"2021-10-27T18:08:30+00:00","dateModified":"2021-10-29T10:54:51+00:00","breadcrumb":{"@id":"https:\/\/permakultur-landwirtschaft.org\/permakultur-erleben-auf-dem-birchhof-in-oberwil-lieli-am-27-oktober-2021\/#breadcrumb"},"inLanguage":"fr-FR","potentialAction":[{"@type":"ReadAction","target":["https:\/\/permakultur-landwirtschaft.org\/permakultur-erleben-auf-dem-birchhof-in-oberwil-lieli-am-27-oktober-2021\/"]}]},{"@type":"ImageObject","inLanguage":"fr-FR","@id":"https:\/\/permakultur-landwirtschaft.org\/permakultur-erleben-auf-dem-birchhof-in-oberwil-lieli-am-27-oktober-2021\/#primaryimage","url":"https:\/\/permakultur-landwirtschaft.org\/wp-content\/uploads\/2020\/11\/Birchhof_Aug.20.jpg","contentUrl":"https:\/\/permakultur-landwirtschaft.org\/wp-content\/uploads\/2020\/11\/Birchhof_Aug.20.jpg","width":350,"height":196},{"@type":"BreadcrumbList","@id":"https:\/\/permakultur-landwirtschaft.org\/permakultur-erleben-auf-dem-birchhof-in-oberwil-lieli-am-27-oktober-2021\/#breadcrumb","itemListElement":[{"@type":"ListItem","position":1,"name":"Startseite","item":"https:\/\/permakultur-landwirtschaft.org\/"},{"@type":"ListItem","position":2,"name":"Permakultur erleben auf dem Birchhof in Oberwil-Lieli am 27. Oktober 2021"}]},{"@type":"WebSite","@id":"https:\/\/permakultur-landwirtschaft.org\/#website","url":"https:\/\/permakultur-landwirtschaft.org\/","name":"Permakultur-Landwirtschaft","description":"F\u00f6rderung der Permakultur in der Landwirtschaft","publisher":{"@id":"https:\/\/permakultur-landwirtschaft.org\/#organization"},"potentialAction":[{"@type":"SearchAction","target":{"@type":"EntryPoint","urlTemplate":"https:\/\/permakultur-landwirtschaft.org\/?s={search_term_string}"},"query-input":{"@type":"PropertyValueSpecification","valueRequired":true,"valueName":"search_term_string"}}],"inLanguage":"fr-FR"},{"@type":"Organization","@id":"https:\/\/permakultur-landwirtschaft.org\/#organization","name":"Permakultur-Landwirtschaft","alternateName":"Verein Permakultur-Landwirtschaft","url":"https:\/\/permakultur-landwirtschaft.org\/","logo":{"@type":"ImageObject","inLanguage":"fr-FR","@id":"https:\/\/permakultur-landwirtschaft.org\/#\/schema\/logo\/image\/","url":"https:\/\/permakultur-landwirtschaft.org\/wp-content\/uploads\/2021\/11\/pela_1268x1269.png","contentUrl":"https:\/\/permakultur-landwirtschaft.org\/wp-content\/uploads\/2021\/11\/pela_1268x1269.png","width":1298,"height":1269,"caption":"Permakultur-Landwirtschaft"},"image":{"@id":"https:\/\/permakultur-landwirtschaft.org\/#\/schema\/logo\/image\/"},"sameAs":["https:\/\/www.facebook.com\/PermakulturLandwirtschaft","https:\/\/www.instagram.com\/permakultur_landwirtschaft\/","https:\/\/www.flickr.com\/photos\/permakultur-landwirtschaft","https:\/\/www.youtube.com\/@PermakulturLandwirtschaft"]},{"@type":"Person","@id":"https:\/\/permakultur-landwirtschaft.org\/#\/schema\/person\/6b0467872f75aed3e144093f9bf4f0b0","name":"adrian reutimann","url":"https:\/\/permakultur-landwirtschaft.org\/fr\/author\/reutiadr\/"}]}},"_links":{"self":[{"href":"https:\/\/permakultur-landwirtschaft.org\/fr\/wp-json\/wp\/v2\/posts\/15857","targetHints":{"allow":["GET"]}}],"collection":[{"href":"https:\/\/permakultur-landwirtschaft.org\/fr\/wp-json\/wp\/v2\/posts"}],"about":[{"href":"https:\/\/permakultur-landwirtschaft.org\/fr\/wp-json\/wp\/v2\/types\/post"}],"author":[{"embeddable":true,"href":"https:\/\/permakultur-landwirtschaft.org\/fr\/wp-json\/wp\/v2\/users\/2"}],"replies":[{"embeddable":true,"href":"https:\/\/permakultur-landwirtschaft.org\/fr\/wp-json\/wp\/v2\/comments?post=15857"}],"version-history":[{"count":5,"href":"https:\/\/permakultur-landwirtschaft.org\/fr\/wp-json\/wp\/v2\/posts\/15857\/revisions"}],"predecessor-version":[{"id":24084,"href":"https:\/\/permakultur-landwirtschaft.org\/fr\/wp-json\/wp\/v2\/posts\/15857\/revisions\/24084"}],"wp:featuredmedia":[{"embeddable":true,"href":"https:\/\/permakultur-landwirtschaft.org\/fr\/wp-json\/wp\/v2\/media\/15915"}],"wp:attachment":[{"href":"https:\/\/permakultur-landwirtschaft.org\/fr\/wp-json\/wp\/v2\/media?parent=15857"}],"wp:term":[{"taxonomy":"category","embeddable":true,"href":"https:\/\/permakultur-landwirtschaft.org\/fr\/wp-json\/wp\/v2\/categories?post=15857"},{"taxonomy":"post_tag","embeddable":true,"href":"https:\/\/permakultur-landwirtschaft.org\/fr\/wp-json\/wp\/v2\/tags?post=15857"}],"curies":[{"name":"wp","href":"https:\/\/api.w.org\/{rel}","templated":true}]}}