{"id":15849,"date":"2021-09-24T19:39:47","date_gmt":"2021-09-24T17:39:47","guid":{"rendered":"https:\/\/permakultur-landwirtschaft.org\/?p=15849"},"modified":"2021-09-24T22:08:18","modified_gmt":"2021-09-24T20:08:18","slug":"permakultur-und-gemuese-kurs-an-der-gaertnerei-stiftung-baechtelen-am-24-september-2021","status":"publish","type":"post","link":"https:\/\/permakultur-landwirtschaft.org\/fr\/permakultur-und-gemuese-kurs-an-der-gaertnerei-stiftung-baechtelen-am-24-september-2021\/","title":{"rendered":"Permakultur und Gem\u00fcse Kurs an der G\u00e4rtnerei Stiftung B\u00e4chtelen am 24. September 2021"},"content":{"rendered":"<p>Text vom INFORAMA:<\/p>\n<p>Ein interdisziplin\u00e4res G\u00e4rtnerteam zeigt uns ihr Reich. Von der Aussaat bis zur Ernte teilen sie ihr Wissen und geben uns einen Einblick in ihren Alltag. Dieser besteht aus einer eher extensiven Gem\u00fcseproduktion f\u00fcrs Abo und aus diversen Strategien f\u00fcr eine m\u00f6glichst nachhaltige Produktion, Umgebungsgestaltung und -pflege. Die G\u00e4rtnerei ist zudem Ausbildungsort f\u00fcr Jugendliche mit erschwertem Zugang zum Arbeitsmarkt. Es gibt Unkonventionelles zu entdecken: begr\u00fcnte Wege, eine neue Benjes Hecke und Versuche mit Pflanzenkohle, die von der HAFL begleitet werden. Sabrina Furrer kann als angehende Permakultur Designerin aufzeigen, wie die Systeme ineinandergreifen und welches die permakulturellen Gedanken dahinter sind.<\/p>\n<p><strong>Date<br \/>\n<\/strong>Freitag 24. September 2021, 09:00 &#8211; 16:30<\/p>\n<p><strong>Teilnahmegeb\u00fchr<br \/>\n<\/strong>CHF 135.-<\/p>\n<p><strong>Lieu<\/strong><br \/>\nStiftung B\u00e4chtelen<br \/>\nGr\u00fcnaustrasse 53<br \/>\n3084 Wabern<\/p>\n<p><strong>Infos und Anmeldung<br \/>\n<\/strong><a href=\"https:\/\/www.inforama.ch\/kurse\" target=\"_blank\" rel=\"noopener\">Infos zum Kurs unter diesem Link: www.inforama.ch\/kurse<\/a><\/p>\n<p><a href=\"https:\/\/permakultur-landwirtschaft.org\/documents\/events\/20210924_Permakutur_und_Gemuese_Ausschreibung.pdf\" target=\"_blank\" rel=\"noopener\">Flyer zum Anlass unter diesem Link: permakultur-landwirtschaft.org\/documents\/events\/20210924_Permakutur_und_Gemuese_Ausschreibung.pdf<\/a><\/p>\n<p><img fetchpriority=\"high\" decoding=\"async\" class=\"size-full wp-image-15827 alignnone\" src=\"https:\/\/permakultur-landwirtschaft.org\/wp-content\/uploads\/2021\/08\/scheunenacker_baechtelen.jpg\" alt=\"\" width=\"500\" height=\"375\" srcset=\"https:\/\/permakultur-landwirtschaft.org\/wp-content\/uploads\/2021\/08\/scheunenacker_baechtelen.jpg 500w, https:\/\/permakultur-landwirtschaft.org\/wp-content\/uploads\/2021\/08\/scheunenacker_baechtelen-300x225.jpg 300w\" sizes=\"(max-width: 500px) 100vw, 500px\" \/><\/p>\n<p>Bild: Stiftung B\u00e4chtelen<\/p>\n<hr \/>\n<h3><a href=\"https:\/\/permakultur-landwirtschaft.org\/fr\/veranstaltungen\/\">Hier geht&#8217;s zur \u00dcbersicht aktuelle Veranstaltungen<\/a><\/h3>","protected":false},"excerpt":{"rendered":"<p>Text vom INFORAMA: Ein interdisziplin\u00e4res G\u00e4rtnerteam zeigt uns ihr Reich. Von der Aussaat bis zur Ernte teilen sie ihr Wissen und geben uns einen Einblick in ihren Alltag. Dieser besteht aus einer eher extensiven Gem\u00fcseproduktion f\u00fcrs Abo und aus diversen Strategien f\u00fcr eine m\u00f6glichst nachhaltige Produktion, Umgebungsgestaltung und -pflege. Die G\u00e4rtnerei ist zudem Ausbildungsort f\u00fcr [&hellip;]<\/p>\n","protected":false},"author":2,"featured_media":15827,"comment_status":"closed","ping_status":"closed","sticky":false,"template":"","format":"standard","meta":{"_acf_changed":false,"site-sidebar-layout":"default","site-content-layout":"","ast-site-content-layout":"default","site-content-style":"default","site-sidebar-style":"default","ast-global-header-display":"","ast-banner-title-visibility":"","ast-main-header-display":"","ast-hfb-above-header-display":"","ast-hfb-below-header-display":"","ast-hfb-mobile-header-display":"","site-post-title":"","ast-breadcrumbs-content":"","ast-featured-img":"","footer-sml-layout":"","ast-disable-related-posts":"","theme-transparent-header-meta":"","adv-header-id-meta":"","stick-header-meta":"","header-above-stick-meta":"","header-main-stick-meta":"","header-below-stick-meta":"","astra-migrate-meta-layouts":"default","ast-page-background-enabled":"default","ast-page-background-meta":{"desktop":{"background-color":"var(--ast-global-color-4)","background-image":"","background-repeat":"repeat","background-position":"center center","background-size":"auto","background-attachment":"scroll","background-type":"","background-media":"","overlay-type":"","overlay-color":"","overlay-opacity":"","overlay-gradient":""},"tablet":{"background-color":"","background-image":"","background-repeat":"repeat","background-position":"center center","background-size":"auto","background-attachment":"scroll","background-type":"","background-media":"","overlay-type":"","overlay-color":"","overlay-opacity":"","overlay-gradient":""},"mobile":{"background-color":"","background-image":"","background-repeat":"repeat","background-position":"center center","background-size":"auto","background-attachment":"scroll","background-type":"","background-media":"","overlay-type":"","overlay-color":"","overlay-opacity":"","overlay-gradient":""}},"ast-content-background-meta":{"desktop":{"background-color":"var(--ast-global-color-5)","background-image":"","background-repeat":"repeat","background-position":"center center","background-size":"auto","background-attachment":"scroll","background-type":"","background-media":"","overlay-type":"","overlay-color":"","overlay-opacity":"","overlay-gradient":""},"tablet":{"background-color":"var(--ast-global-color-5)","background-image":"","background-repeat":"repeat","background-position":"center center","background-size":"auto","background-attachment":"scroll","background-type":"","background-media":"","overlay-type":"","overlay-color":"","overlay-opacity":"","overlay-gradient":""},"mobile":{"background-color":"var(--ast-global-color-5)","background-image":"","background-repeat":"repeat","background-position":"center center","background-size":"auto","background-attachment":"scroll","background-type":"","background-media":"","overlay-type":"","overlay-color":"","overlay-opacity":"","overlay-gradient":""}},"footnotes":""},"categories":[21],"tags":[],"class_list":["post-15849","post","type-post","status-publish","format-standard","has-post-thumbnail","hentry","category-veranstaltungen_archiv"],"acf":[],"yoast_head":"<!-- This site is optimized with the Yoast SEO plugin v27.5 - https:\/\/yoast.com\/product\/yoast-seo-wordpress\/ -->\n<title>Permakultur und Gem\u00fcse Kurs an der G\u00e4rtnerei Stiftung B\u00e4chtelen am 24. September 2021 - Permakultur-Landwirtschaft<\/title>\n<meta name=\"robots\" content=\"index, follow, max-snippet:-1, max-image-preview:large, max-video-preview:-1\" \/>\n<link rel=\"canonical\" href=\"https:\/\/permakultur-landwirtschaft.org\/fr\/permakultur-und-gemuese-kurs-an-der-gaertnerei-stiftung-baechtelen-am-24-september-2021\/\" \/>\n<meta property=\"og:locale\" content=\"fr_FR\" \/>\n<meta property=\"og:type\" content=\"article\" \/>\n<meta property=\"og:title\" content=\"Permakultur und Gem\u00fcse Kurs an der G\u00e4rtnerei Stiftung B\u00e4chtelen am 24. September 2021 - Permakultur-Landwirtschaft\" \/>\n<meta property=\"og:description\" content=\"Text vom INFORAMA: Ein interdisziplin\u00e4res G\u00e4rtnerteam zeigt uns ihr Reich. Von der Aussaat bis zur Ernte teilen sie ihr Wissen und geben uns einen Einblick in ihren Alltag. Dieser besteht aus einer eher extensiven Gem\u00fcseproduktion f\u00fcrs Abo und aus diversen Strategien f\u00fcr eine m\u00f6glichst nachhaltige Produktion, Umgebungsgestaltung und -pflege. Die G\u00e4rtnerei ist zudem Ausbildungsort f\u00fcr [&hellip;]\" \/>\n<meta property=\"og:url\" content=\"https:\/\/permakultur-landwirtschaft.org\/fr\/permakultur-und-gemuese-kurs-an-der-gaertnerei-stiftung-baechtelen-am-24-september-2021\/\" \/>\n<meta property=\"og:site_name\" content=\"Permakultur-Landwirtschaft\" \/>\n<meta property=\"article:publisher\" content=\"https:\/\/www.facebook.com\/PermakulturLandwirtschaft\" \/>\n<meta property=\"article:published_time\" content=\"2021-09-24T17:39:47+00:00\" \/>\n<meta property=\"article:modified_time\" content=\"2021-09-24T20:08:18+00:00\" \/>\n<meta property=\"og:image\" content=\"https:\/\/permakultur-landwirtschaft.org\/wp-content\/uploads\/2021\/08\/scheunenacker_baechtelen.jpg\" \/>\n\t<meta property=\"og:image:width\" content=\"500\" \/>\n\t<meta property=\"og:image:height\" content=\"375\" \/>\n\t<meta property=\"og:image:type\" content=\"image\/jpeg\" \/>\n<meta name=\"author\" content=\"adrian reutimann\" \/>\n<meta name=\"twitter:card\" content=\"summary_large_image\" \/>\n<meta name=\"twitter:label1\" content=\"\u00c9crit par\" \/>\n\t<meta name=\"twitter:data1\" content=\"adrian reutimann\" \/>\n\t<meta name=\"twitter:label2\" content=\"Dur\u00e9e de lecture estim\u00e9e\" \/>\n\t<meta name=\"twitter:data2\" content=\"1 minute\" \/>\n<script type=\"application\/ld+json\" class=\"yoast-schema-graph\">{\"@context\":\"https:\\\/\\\/schema.org\",\"@graph\":[{\"@type\":\"Article\",\"@id\":\"https:\\\/\\\/permakultur-landwirtschaft.org\\\/permakultur-und-gemuese-kurs-an-der-gaertnerei-stiftung-baechtelen-am-24-september-2021\\\/#article\",\"isPartOf\":{\"@id\":\"https:\\\/\\\/permakultur-landwirtschaft.org\\\/permakultur-und-gemuese-kurs-an-der-gaertnerei-stiftung-baechtelen-am-24-september-2021\\\/\"},\"author\":{\"name\":\"adrian reutimann\",\"@id\":\"https:\\\/\\\/permakultur-landwirtschaft.org\\\/#\\\/schema\\\/person\\\/6b0467872f75aed3e144093f9bf4f0b0\"},\"headline\":\"Permakultur und Gem\u00fcse Kurs an der G\u00e4rtnerei Stiftung B\u00e4chtelen am 24. September 2021\",\"datePublished\":\"2021-09-24T17:39:47+00:00\",\"dateModified\":\"2021-09-24T20:08:18+00:00\",\"mainEntityOfPage\":{\"@id\":\"https:\\\/\\\/permakultur-landwirtschaft.org\\\/permakultur-und-gemuese-kurs-an-der-gaertnerei-stiftung-baechtelen-am-24-september-2021\\\/\"},\"wordCount\":178,\"publisher\":{\"@id\":\"https:\\\/\\\/permakultur-landwirtschaft.org\\\/#organization\"},\"image\":{\"@id\":\"https:\\\/\\\/permakultur-landwirtschaft.org\\\/permakultur-und-gemuese-kurs-an-der-gaertnerei-stiftung-baechtelen-am-24-september-2021\\\/#primaryimage\"},\"thumbnailUrl\":\"https:\\\/\\\/permakultur-landwirtschaft.org\\\/wp-content\\\/uploads\\\/2021\\\/08\\\/scheunenacker_baechtelen.jpg\",\"articleSection\":[\"Veranstaltungen_Archiv\"],\"inLanguage\":\"fr-FR\"},{\"@type\":\"WebPage\",\"@id\":\"https:\\\/\\\/permakultur-landwirtschaft.org\\\/permakultur-und-gemuese-kurs-an-der-gaertnerei-stiftung-baechtelen-am-24-september-2021\\\/\",\"url\":\"https:\\\/\\\/permakultur-landwirtschaft.org\\\/permakultur-und-gemuese-kurs-an-der-gaertnerei-stiftung-baechtelen-am-24-september-2021\\\/\",\"name\":\"Permakultur und Gem\u00fcse Kurs an der G\u00e4rtnerei Stiftung B\u00e4chtelen am 24. September 2021 - Permakultur-Landwirtschaft\",\"isPartOf\":{\"@id\":\"https:\\\/\\\/permakultur-landwirtschaft.org\\\/#website\"},\"primaryImageOfPage\":{\"@id\":\"https:\\\/\\\/permakultur-landwirtschaft.org\\\/permakultur-und-gemuese-kurs-an-der-gaertnerei-stiftung-baechtelen-am-24-september-2021\\\/#primaryimage\"},\"image\":{\"@id\":\"https:\\\/\\\/permakultur-landwirtschaft.org\\\/permakultur-und-gemuese-kurs-an-der-gaertnerei-stiftung-baechtelen-am-24-september-2021\\\/#primaryimage\"},\"thumbnailUrl\":\"https:\\\/\\\/permakultur-landwirtschaft.org\\\/wp-content\\\/uploads\\\/2021\\\/08\\\/scheunenacker_baechtelen.jpg\",\"datePublished\":\"2021-09-24T17:39:47+00:00\",\"dateModified\":\"2021-09-24T20:08:18+00:00\",\"breadcrumb\":{\"@id\":\"https:\\\/\\\/permakultur-landwirtschaft.org\\\/permakultur-und-gemuese-kurs-an-der-gaertnerei-stiftung-baechtelen-am-24-september-2021\\\/#breadcrumb\"},\"inLanguage\":\"fr-FR\",\"potentialAction\":[{\"@type\":\"ReadAction\",\"target\":[\"https:\\\/\\\/permakultur-landwirtschaft.org\\\/permakultur-und-gemuese-kurs-an-der-gaertnerei-stiftung-baechtelen-am-24-september-2021\\\/\"]}]},{\"@type\":\"ImageObject\",\"inLanguage\":\"fr-FR\",\"@id\":\"https:\\\/\\\/permakultur-landwirtschaft.org\\\/permakultur-und-gemuese-kurs-an-der-gaertnerei-stiftung-baechtelen-am-24-september-2021\\\/#primaryimage\",\"url\":\"https:\\\/\\\/permakultur-landwirtschaft.org\\\/wp-content\\\/uploads\\\/2021\\\/08\\\/scheunenacker_baechtelen.jpg\",\"contentUrl\":\"https:\\\/\\\/permakultur-landwirtschaft.org\\\/wp-content\\\/uploads\\\/2021\\\/08\\\/scheunenacker_baechtelen.jpg\",\"width\":500,\"height\":375,\"caption\":\"Scheunenacker B\u00e4chtelen\"},{\"@type\":\"BreadcrumbList\",\"@id\":\"https:\\\/\\\/permakultur-landwirtschaft.org\\\/permakultur-und-gemuese-kurs-an-der-gaertnerei-stiftung-baechtelen-am-24-september-2021\\\/#breadcrumb\",\"itemListElement\":[{\"@type\":\"ListItem\",\"position\":1,\"name\":\"Startseite\",\"item\":\"https:\\\/\\\/permakultur-landwirtschaft.org\\\/\"},{\"@type\":\"ListItem\",\"position\":2,\"name\":\"Permakultur und Gem\u00fcse Kurs an der G\u00e4rtnerei Stiftung B\u00e4chtelen am 24. September 2021\"}]},{\"@type\":\"WebSite\",\"@id\":\"https:\\\/\\\/permakultur-landwirtschaft.org\\\/#website\",\"url\":\"https:\\\/\\\/permakultur-landwirtschaft.org\\\/\",\"name\":\"Permakultur-Landwirtschaft\",\"description\":\"F\u00f6rderung der Permakultur in der Landwirtschaft\",\"publisher\":{\"@id\":\"https:\\\/\\\/permakultur-landwirtschaft.org\\\/#organization\"},\"potentialAction\":[{\"@type\":\"SearchAction\",\"target\":{\"@type\":\"EntryPoint\",\"urlTemplate\":\"https:\\\/\\\/permakultur-landwirtschaft.org\\\/?s={search_term_string}\"},\"query-input\":{\"@type\":\"PropertyValueSpecification\",\"valueRequired\":true,\"valueName\":\"search_term_string\"}}],\"inLanguage\":\"fr-FR\"},{\"@type\":\"Organization\",\"@id\":\"https:\\\/\\\/permakultur-landwirtschaft.org\\\/#organization\",\"name\":\"Permakultur-Landwirtschaft\",\"alternateName\":\"Verein Permakultur-Landwirtschaft\",\"url\":\"https:\\\/\\\/permakultur-landwirtschaft.org\\\/\",\"logo\":{\"@type\":\"ImageObject\",\"inLanguage\":\"fr-FR\",\"@id\":\"https:\\\/\\\/permakultur-landwirtschaft.org\\\/#\\\/schema\\\/logo\\\/image\\\/\",\"url\":\"https:\\\/\\\/permakultur-landwirtschaft.org\\\/wp-content\\\/uploads\\\/2021\\\/11\\\/pela_1268x1269.png\",\"contentUrl\":\"https:\\\/\\\/permakultur-landwirtschaft.org\\\/wp-content\\\/uploads\\\/2021\\\/11\\\/pela_1268x1269.png\",\"width\":1298,\"height\":1269,\"caption\":\"Permakultur-Landwirtschaft\"},\"image\":{\"@id\":\"https:\\\/\\\/permakultur-landwirtschaft.org\\\/#\\\/schema\\\/logo\\\/image\\\/\"},\"sameAs\":[\"https:\\\/\\\/www.facebook.com\\\/PermakulturLandwirtschaft\",\"https:\\\/\\\/www.instagram.com\\\/permakultur_landwirtschaft\\\/\",\"https:\\\/\\\/www.flickr.com\\\/photos\\\/permakultur-landwirtschaft\",\"https:\\\/\\\/www.youtube.com\\\/@PermakulturLandwirtschaft\"]},{\"@type\":\"Person\",\"@id\":\"https:\\\/\\\/permakultur-landwirtschaft.org\\\/#\\\/schema\\\/person\\\/6b0467872f75aed3e144093f9bf4f0b0\",\"name\":\"adrian reutimann\",\"url\":\"https:\\\/\\\/permakultur-landwirtschaft.org\\\/fr\\\/author\\\/reutiadr\\\/\"}]}<\/script>\n<!-- \/ Yoast SEO plugin. -->","yoast_head_json":{"title":"Permakultur und Gem\u00fcse Kurs an der G\u00e4rtnerei Stiftung B\u00e4chtelen am 24. September 2021 - Permakultur-Landwirtschaft","robots":{"index":"index","follow":"follow","max-snippet":"max-snippet:-1","max-image-preview":"max-image-preview:large","max-video-preview":"max-video-preview:-1"},"canonical":"https:\/\/permakultur-landwirtschaft.org\/fr\/permakultur-und-gemuese-kurs-an-der-gaertnerei-stiftung-baechtelen-am-24-september-2021\/","og_locale":"fr_FR","og_type":"article","og_title":"Permakultur und Gem\u00fcse Kurs an der G\u00e4rtnerei Stiftung B\u00e4chtelen am 24. September 2021 - Permakultur-Landwirtschaft","og_description":"Text vom INFORAMA: Ein interdisziplin\u00e4res G\u00e4rtnerteam zeigt uns ihr Reich. Von der Aussaat bis zur Ernte teilen sie ihr Wissen und geben uns einen Einblick in ihren Alltag. Dieser besteht aus einer eher extensiven Gem\u00fcseproduktion f\u00fcrs Abo und aus diversen Strategien f\u00fcr eine m\u00f6glichst nachhaltige Produktion, Umgebungsgestaltung und -pflege. Die G\u00e4rtnerei ist zudem Ausbildungsort f\u00fcr [&hellip;]","og_url":"https:\/\/permakultur-landwirtschaft.org\/fr\/permakultur-und-gemuese-kurs-an-der-gaertnerei-stiftung-baechtelen-am-24-september-2021\/","og_site_name":"Permakultur-Landwirtschaft","article_publisher":"https:\/\/www.facebook.com\/PermakulturLandwirtschaft","article_published_time":"2021-09-24T17:39:47+00:00","article_modified_time":"2021-09-24T20:08:18+00:00","og_image":[{"width":500,"height":375,"url":"https:\/\/permakultur-landwirtschaft.org\/wp-content\/uploads\/2021\/08\/scheunenacker_baechtelen.jpg","type":"image\/jpeg"}],"author":"adrian reutimann","twitter_card":"summary_large_image","twitter_misc":{"\u00c9crit par":"adrian reutimann","Dur\u00e9e de lecture estim\u00e9e":"1 minute"},"schema":{"@context":"https:\/\/schema.org","@graph":[{"@type":"Article","@id":"https:\/\/permakultur-landwirtschaft.org\/permakultur-und-gemuese-kurs-an-der-gaertnerei-stiftung-baechtelen-am-24-september-2021\/#article","isPartOf":{"@id":"https:\/\/permakultur-landwirtschaft.org\/permakultur-und-gemuese-kurs-an-der-gaertnerei-stiftung-baechtelen-am-24-september-2021\/"},"author":{"name":"adrian reutimann","@id":"https:\/\/permakultur-landwirtschaft.org\/#\/schema\/person\/6b0467872f75aed3e144093f9bf4f0b0"},"headline":"Permakultur und Gem\u00fcse Kurs an der G\u00e4rtnerei Stiftung B\u00e4chtelen am 24. September 2021","datePublished":"2021-09-24T17:39:47+00:00","dateModified":"2021-09-24T20:08:18+00:00","mainEntityOfPage":{"@id":"https:\/\/permakultur-landwirtschaft.org\/permakultur-und-gemuese-kurs-an-der-gaertnerei-stiftung-baechtelen-am-24-september-2021\/"},"wordCount":178,"publisher":{"@id":"https:\/\/permakultur-landwirtschaft.org\/#organization"},"image":{"@id":"https:\/\/permakultur-landwirtschaft.org\/permakultur-und-gemuese-kurs-an-der-gaertnerei-stiftung-baechtelen-am-24-september-2021\/#primaryimage"},"thumbnailUrl":"https:\/\/permakultur-landwirtschaft.org\/wp-content\/uploads\/2021\/08\/scheunenacker_baechtelen.jpg","articleSection":["Veranstaltungen_Archiv"],"inLanguage":"fr-FR"},{"@type":"WebPage","@id":"https:\/\/permakultur-landwirtschaft.org\/permakultur-und-gemuese-kurs-an-der-gaertnerei-stiftung-baechtelen-am-24-september-2021\/","url":"https:\/\/permakultur-landwirtschaft.org\/permakultur-und-gemuese-kurs-an-der-gaertnerei-stiftung-baechtelen-am-24-september-2021\/","name":"Permakultur und Gem\u00fcse Kurs an der G\u00e4rtnerei Stiftung B\u00e4chtelen am 24. September 2021 - Permakultur-Landwirtschaft","isPartOf":{"@id":"https:\/\/permakultur-landwirtschaft.org\/#website"},"primaryImageOfPage":{"@id":"https:\/\/permakultur-landwirtschaft.org\/permakultur-und-gemuese-kurs-an-der-gaertnerei-stiftung-baechtelen-am-24-september-2021\/#primaryimage"},"image":{"@id":"https:\/\/permakultur-landwirtschaft.org\/permakultur-und-gemuese-kurs-an-der-gaertnerei-stiftung-baechtelen-am-24-september-2021\/#primaryimage"},"thumbnailUrl":"https:\/\/permakultur-landwirtschaft.org\/wp-content\/uploads\/2021\/08\/scheunenacker_baechtelen.jpg","datePublished":"2021-09-24T17:39:47+00:00","dateModified":"2021-09-24T20:08:18+00:00","breadcrumb":{"@id":"https:\/\/permakultur-landwirtschaft.org\/permakultur-und-gemuese-kurs-an-der-gaertnerei-stiftung-baechtelen-am-24-september-2021\/#breadcrumb"},"inLanguage":"fr-FR","potentialAction":[{"@type":"ReadAction","target":["https:\/\/permakultur-landwirtschaft.org\/permakultur-und-gemuese-kurs-an-der-gaertnerei-stiftung-baechtelen-am-24-september-2021\/"]}]},{"@type":"ImageObject","inLanguage":"fr-FR","@id":"https:\/\/permakultur-landwirtschaft.org\/permakultur-und-gemuese-kurs-an-der-gaertnerei-stiftung-baechtelen-am-24-september-2021\/#primaryimage","url":"https:\/\/permakultur-landwirtschaft.org\/wp-content\/uploads\/2021\/08\/scheunenacker_baechtelen.jpg","contentUrl":"https:\/\/permakultur-landwirtschaft.org\/wp-content\/uploads\/2021\/08\/scheunenacker_baechtelen.jpg","width":500,"height":375,"caption":"Scheunenacker B\u00e4chtelen"},{"@type":"BreadcrumbList","@id":"https:\/\/permakultur-landwirtschaft.org\/permakultur-und-gemuese-kurs-an-der-gaertnerei-stiftung-baechtelen-am-24-september-2021\/#breadcrumb","itemListElement":[{"@type":"ListItem","position":1,"name":"Startseite","item":"https:\/\/permakultur-landwirtschaft.org\/"},{"@type":"ListItem","position":2,"name":"Permakultur und Gem\u00fcse Kurs an der G\u00e4rtnerei Stiftung B\u00e4chtelen am 24. September 2021"}]},{"@type":"WebSite","@id":"https:\/\/permakultur-landwirtschaft.org\/#website","url":"https:\/\/permakultur-landwirtschaft.org\/","name":"Permakultur-Landwirtschaft","description":"F\u00f6rderung der Permakultur in der Landwirtschaft","publisher":{"@id":"https:\/\/permakultur-landwirtschaft.org\/#organization"},"potentialAction":[{"@type":"SearchAction","target":{"@type":"EntryPoint","urlTemplate":"https:\/\/permakultur-landwirtschaft.org\/?s={search_term_string}"},"query-input":{"@type":"PropertyValueSpecification","valueRequired":true,"valueName":"search_term_string"}}],"inLanguage":"fr-FR"},{"@type":"Organization","@id":"https:\/\/permakultur-landwirtschaft.org\/#organization","name":"Permakultur-Landwirtschaft","alternateName":"Verein Permakultur-Landwirtschaft","url":"https:\/\/permakultur-landwirtschaft.org\/","logo":{"@type":"ImageObject","inLanguage":"fr-FR","@id":"https:\/\/permakultur-landwirtschaft.org\/#\/schema\/logo\/image\/","url":"https:\/\/permakultur-landwirtschaft.org\/wp-content\/uploads\/2021\/11\/pela_1268x1269.png","contentUrl":"https:\/\/permakultur-landwirtschaft.org\/wp-content\/uploads\/2021\/11\/pela_1268x1269.png","width":1298,"height":1269,"caption":"Permakultur-Landwirtschaft"},"image":{"@id":"https:\/\/permakultur-landwirtschaft.org\/#\/schema\/logo\/image\/"},"sameAs":["https:\/\/www.facebook.com\/PermakulturLandwirtschaft","https:\/\/www.instagram.com\/permakultur_landwirtschaft\/","https:\/\/www.flickr.com\/photos\/permakultur-landwirtschaft","https:\/\/www.youtube.com\/@PermakulturLandwirtschaft"]},{"@type":"Person","@id":"https:\/\/permakultur-landwirtschaft.org\/#\/schema\/person\/6b0467872f75aed3e144093f9bf4f0b0","name":"adrian reutimann","url":"https:\/\/permakultur-landwirtschaft.org\/fr\/author\/reutiadr\/"}]}},"_links":{"self":[{"href":"https:\/\/permakultur-landwirtschaft.org\/fr\/wp-json\/wp\/v2\/posts\/15849","targetHints":{"allow":["GET"]}}],"collection":[{"href":"https:\/\/permakultur-landwirtschaft.org\/fr\/wp-json\/wp\/v2\/posts"}],"about":[{"href":"https:\/\/permakultur-landwirtschaft.org\/fr\/wp-json\/wp\/v2\/types\/post"}],"author":[{"embeddable":true,"href":"https:\/\/permakultur-landwirtschaft.org\/fr\/wp-json\/wp\/v2\/users\/2"}],"replies":[{"embeddable":true,"href":"https:\/\/permakultur-landwirtschaft.org\/fr\/wp-json\/wp\/v2\/comments?post=15849"}],"version-history":[{"count":3,"href":"https:\/\/permakultur-landwirtschaft.org\/fr\/wp-json\/wp\/v2\/posts\/15849\/revisions"}],"predecessor-version":[{"id":15852,"href":"https:\/\/permakultur-landwirtschaft.org\/fr\/wp-json\/wp\/v2\/posts\/15849\/revisions\/15852"}],"wp:featuredmedia":[{"embeddable":true,"href":"https:\/\/permakultur-landwirtschaft.org\/fr\/wp-json\/wp\/v2\/media\/15827"}],"wp:attachment":[{"href":"https:\/\/permakultur-landwirtschaft.org\/fr\/wp-json\/wp\/v2\/media?parent=15849"}],"wp:term":[{"taxonomy":"category","embeddable":true,"href":"https:\/\/permakultur-landwirtschaft.org\/fr\/wp-json\/wp\/v2\/categories?post=15849"},{"taxonomy":"post_tag","embeddable":true,"href":"https:\/\/permakultur-landwirtschaft.org\/fr\/wp-json\/wp\/v2\/tags?post=15849"}],"curies":[{"name":"wp","href":"https:\/\/api.w.org\/{rel}","templated":true}]}}