{"id":15533,"date":"2021-08-25T11:08:47","date_gmt":"2021-08-25T09:08:47","guid":{"rendered":"https:\/\/permakultur-landwirtschaft.org\/?p=15533"},"modified":"2021-08-26T19:38:45","modified_gmt":"2021-08-26T17:38:45","slug":"workshop-zu-imkern-in-permakulturgaerten-in-zollikofen-am-25-august-2021","status":"publish","type":"post","link":"https:\/\/permakultur-landwirtschaft.org\/fr\/workshop-zu-imkern-in-permakulturgaerten-in-zollikofen-am-25-august-2021\/","title":{"rendered":"Workshop zu Imkern in der Permakultur in Zollikofen BE am 25. August 2021"},"content":{"rendered":"<p>Bienen in der Permakultur: Kurze Einf\u00fchrung zum Wesen der Biene und ihr Platz in der Permakultur<\/p>\n<p>Die Permakultur bietet mit ihrer Pflanzengemeinschaft und bl\u00fchenden Pflanzen wertvolles Futter, unter anderem f\u00fcr Bienen. Dieser Kurs soll verschiedene Haltungssysteme der Biene aufzeigen, ihren Jahreszyklus beleuchten und wo ihr Platz in der Permakultur sein k\u00f6nnte. Ziel des Kurses soll sein, dass sich die Kursteilnehmer bewusst werden, welchen Arbeitsaufwand ein Bienenvolk ben\u00f6tigt, ob die Biene auch Teil der eigenen Permakultur sein kann und\/oder wie man gezielt diesem Insekt Futterangebot schaffen kann.<\/p>\n<p>Geleitet wird der Kurs von Dominik F\u00fcglistaller, Wissenschaftlicher Mitarbeiter und Imker, BFH-HAFL.<\/p>\n<p><strong>Date <\/strong><br \/>\n25. August 2021, 14:00 &#8211; 17:00<\/p>\n<p><strong>Teilnahmegeb\u00fchr<br \/>\n<\/strong>CHF 25.-<strong><br \/>\n<\/strong><\/p>\n<p><strong>Inscription<br \/>\n<\/strong><a href=\"mailto:daniel.lis@bfh.ch?subject=Anmeldung%20Imkern%20Permakultur\">daniel.lis@bfh.ch<\/a><\/p>\n<p><strong>Lieu<\/strong><br \/>\nPermakultur G\u00e4rten<br \/>\nHaute \u00e9cole des sciences Agronomiques, Foresti\u00e8res et Alimentaires (HAFL)<br \/>\nL\u00e4nggasse 85<br \/>\n3052 Zollikofen<\/p>\n<p>&nbsp;<\/p>\n<p><img fetchpriority=\"high\" decoding=\"async\" class=\"size-full wp-image-15536 alignnone\" src=\"https:\/\/permakultur-landwirtschaft.org\/wp-content\/uploads\/2021\/07\/2021-01-19_bienen_ws_hafl.jpg\" alt=\"\" width=\"350\" height=\"466\" srcset=\"https:\/\/permakultur-landwirtschaft.org\/wp-content\/uploads\/2021\/07\/2021-01-19_bienen_ws_hafl.jpg 350w, https:\/\/permakultur-landwirtschaft.org\/wp-content\/uploads\/2021\/07\/2021-01-19_bienen_ws_hafl-225x300.jpg 225w\" sizes=\"(max-width: 350px) 100vw, 350px\" \/><\/p>\n<p>Bild: Dominik F\u00fcglistaller<\/p>\n<hr \/>\n<h3><a href=\"https:\/\/permakultur-landwirtschaft.org\/fr\/veranstaltungen\/\">Hier geht&#8217;s zur \u00dcbersicht aktuelle Veranstaltungen<\/a><\/h3>","protected":false},"excerpt":{"rendered":"<p>Bienen in der Permakultur: Kurze Einf\u00fchrung zum Wesen der Biene und ihr Platz in der Permakultur Die Permakultur bietet mit ihrer Pflanzengemeinschaft und bl\u00fchenden Pflanzen wertvolles Futter, unter anderem f\u00fcr Bienen. Dieser Kurs soll verschiedene Haltungssysteme der Biene aufzeigen, ihren Jahreszyklus beleuchten und wo ihr Platz in der Permakultur sein k\u00f6nnte. Ziel des Kurses soll [&hellip;]<\/p>\n","protected":false},"author":2,"featured_media":15536,"comment_status":"closed","ping_status":"closed","sticky":false,"template":"","format":"standard","meta":{"_acf_changed":false,"site-sidebar-layout":"default","site-content-layout":"","ast-site-content-layout":"default","site-content-style":"default","site-sidebar-style":"default","ast-global-header-display":"","ast-banner-title-visibility":"","ast-main-header-display":"","ast-hfb-above-header-display":"","ast-hfb-below-header-display":"","ast-hfb-mobile-header-display":"","site-post-title":"","ast-breadcrumbs-content":"","ast-featured-img":"","footer-sml-layout":"","ast-disable-related-posts":"","theme-transparent-header-meta":"","adv-header-id-meta":"","stick-header-meta":"","header-above-stick-meta":"","header-main-stick-meta":"","header-below-stick-meta":"","astra-migrate-meta-layouts":"default","ast-page-background-enabled":"default","ast-page-background-meta":{"desktop":{"background-color":"var(--ast-global-color-4)","background-image":"","background-repeat":"repeat","background-position":"center center","background-size":"auto","background-attachment":"scroll","background-type":"","background-media":"","overlay-type":"","overlay-color":"","overlay-opacity":"","overlay-gradient":""},"tablet":{"background-color":"","background-image":"","background-repeat":"repeat","background-position":"center center","background-size":"auto","background-attachment":"scroll","background-type":"","background-media":"","overlay-type":"","overlay-color":"","overlay-opacity":"","overlay-gradient":""},"mobile":{"background-color":"","background-image":"","background-repeat":"repeat","background-position":"center center","background-size":"auto","background-attachment":"scroll","background-type":"","background-media":"","overlay-type":"","overlay-color":"","overlay-opacity":"","overlay-gradient":""}},"ast-content-background-meta":{"desktop":{"background-color":"var(--ast-global-color-5)","background-image":"","background-repeat":"repeat","background-position":"center center","background-size":"auto","background-attachment":"scroll","background-type":"","background-media":"","overlay-type":"","overlay-color":"","overlay-opacity":"","overlay-gradient":""},"tablet":{"background-color":"var(--ast-global-color-5)","background-image":"","background-repeat":"repeat","background-position":"center center","background-size":"auto","background-attachment":"scroll","background-type":"","background-media":"","overlay-type":"","overlay-color":"","overlay-opacity":"","overlay-gradient":""},"mobile":{"background-color":"var(--ast-global-color-5)","background-image":"","background-repeat":"repeat","background-position":"center center","background-size":"auto","background-attachment":"scroll","background-type":"","background-media":"","overlay-type":"","overlay-color":"","overlay-opacity":"","overlay-gradient":""}},"footnotes":""},"categories":[21],"tags":[47,48],"class_list":["post-15533","post","type-post","status-publish","format-standard","has-post-thumbnail","hentry","category-veranstaltungen_archiv","tag-bienen","tag-imker"],"acf":[],"yoast_head":"<!-- This site is optimized with the Yoast SEO plugin v27.5 - https:\/\/yoast.com\/product\/yoast-seo-wordpress\/ -->\n<title>Workshop zu Imkern in der Permakultur in Zollikofen BE am 25. August 2021 - Permakultur-Landwirtschaft<\/title>\n<meta name=\"robots\" content=\"index, follow, max-snippet:-1, max-image-preview:large, max-video-preview:-1\" \/>\n<link rel=\"canonical\" href=\"https:\/\/permakultur-landwirtschaft.org\/fr\/workshop-zu-imkern-in-permakulturgaerten-in-zollikofen-am-25-august-2021\/\" \/>\n<meta property=\"og:locale\" content=\"fr_FR\" \/>\n<meta property=\"og:type\" content=\"article\" \/>\n<meta property=\"og:title\" content=\"Workshop zu Imkern in der Permakultur in Zollikofen BE am 25. August 2021 - Permakultur-Landwirtschaft\" \/>\n<meta property=\"og:description\" content=\"Bienen in der Permakultur: Kurze Einf\u00fchrung zum Wesen der Biene und ihr Platz in der Permakultur Die Permakultur bietet mit ihrer Pflanzengemeinschaft und bl\u00fchenden Pflanzen wertvolles Futter, unter anderem f\u00fcr Bienen. Dieser Kurs soll verschiedene Haltungssysteme der Biene aufzeigen, ihren Jahreszyklus beleuchten und wo ihr Platz in der Permakultur sein k\u00f6nnte. Ziel des Kurses soll [&hellip;]\" \/>\n<meta property=\"og:url\" content=\"https:\/\/permakultur-landwirtschaft.org\/fr\/workshop-zu-imkern-in-permakulturgaerten-in-zollikofen-am-25-august-2021\/\" \/>\n<meta property=\"og:site_name\" content=\"Permakultur-Landwirtschaft\" \/>\n<meta property=\"article:publisher\" content=\"https:\/\/www.facebook.com\/PermakulturLandwirtschaft\" \/>\n<meta property=\"article:published_time\" content=\"2021-08-25T09:08:47+00:00\" \/>\n<meta property=\"article:modified_time\" content=\"2021-08-26T17:38:45+00:00\" \/>\n<meta property=\"og:image\" content=\"https:\/\/permakultur-landwirtschaft.org\/wp-content\/uploads\/2021\/07\/2021-01-19_bienen_ws_hafl.jpg\" \/>\n\t<meta property=\"og:image:width\" content=\"350\" \/>\n\t<meta property=\"og:image:height\" content=\"466\" \/>\n\t<meta property=\"og:image:type\" content=\"image\/jpeg\" \/>\n<meta name=\"author\" content=\"adrian reutimann\" \/>\n<meta name=\"twitter:card\" content=\"summary_large_image\" \/>\n<meta name=\"twitter:label1\" content=\"\u00c9crit par\" \/>\n\t<meta name=\"twitter:data1\" content=\"adrian reutimann\" \/>\n\t<meta name=\"twitter:label2\" content=\"Dur\u00e9e de lecture estim\u00e9e\" \/>\n\t<meta name=\"twitter:data2\" content=\"1 minute\" \/>\n<script type=\"application\/ld+json\" class=\"yoast-schema-graph\">{\"@context\":\"https:\\\/\\\/schema.org\",\"@graph\":[{\"@type\":\"Article\",\"@id\":\"https:\\\/\\\/permakultur-landwirtschaft.org\\\/workshop-zu-imkern-in-permakulturgaerten-in-zollikofen-am-25-august-2021\\\/#article\",\"isPartOf\":{\"@id\":\"https:\\\/\\\/permakultur-landwirtschaft.org\\\/workshop-zu-imkern-in-permakulturgaerten-in-zollikofen-am-25-august-2021\\\/\"},\"author\":{\"name\":\"adrian reutimann\",\"@id\":\"https:\\\/\\\/permakultur-landwirtschaft.org\\\/#\\\/schema\\\/person\\\/6b0467872f75aed3e144093f9bf4f0b0\"},\"headline\":\"Workshop zu Imkern in der Permakultur in Zollikofen BE am 25. August 2021\",\"datePublished\":\"2021-08-25T09:08:47+00:00\",\"dateModified\":\"2021-08-26T17:38:45+00:00\",\"mainEntityOfPage\":{\"@id\":\"https:\\\/\\\/permakultur-landwirtschaft.org\\\/workshop-zu-imkern-in-permakulturgaerten-in-zollikofen-am-25-august-2021\\\/\"},\"wordCount\":155,\"publisher\":{\"@id\":\"https:\\\/\\\/permakultur-landwirtschaft.org\\\/#organization\"},\"image\":{\"@id\":\"https:\\\/\\\/permakultur-landwirtschaft.org\\\/workshop-zu-imkern-in-permakulturgaerten-in-zollikofen-am-25-august-2021\\\/#primaryimage\"},\"thumbnailUrl\":\"https:\\\/\\\/permakultur-landwirtschaft.org\\\/wp-content\\\/uploads\\\/2021\\\/07\\\/2021-01-19_bienen_ws_hafl.jpg\",\"keywords\":[\"Bienen\",\"Imker\"],\"articleSection\":[\"Veranstaltungen_Archiv\"],\"inLanguage\":\"fr-FR\"},{\"@type\":\"WebPage\",\"@id\":\"https:\\\/\\\/permakultur-landwirtschaft.org\\\/workshop-zu-imkern-in-permakulturgaerten-in-zollikofen-am-25-august-2021\\\/\",\"url\":\"https:\\\/\\\/permakultur-landwirtschaft.org\\\/workshop-zu-imkern-in-permakulturgaerten-in-zollikofen-am-25-august-2021\\\/\",\"name\":\"Workshop zu Imkern in der Permakultur in Zollikofen BE am 25. August 2021 - Permakultur-Landwirtschaft\",\"isPartOf\":{\"@id\":\"https:\\\/\\\/permakultur-landwirtschaft.org\\\/#website\"},\"primaryImageOfPage\":{\"@id\":\"https:\\\/\\\/permakultur-landwirtschaft.org\\\/workshop-zu-imkern-in-permakulturgaerten-in-zollikofen-am-25-august-2021\\\/#primaryimage\"},\"image\":{\"@id\":\"https:\\\/\\\/permakultur-landwirtschaft.org\\\/workshop-zu-imkern-in-permakulturgaerten-in-zollikofen-am-25-august-2021\\\/#primaryimage\"},\"thumbnailUrl\":\"https:\\\/\\\/permakultur-landwirtschaft.org\\\/wp-content\\\/uploads\\\/2021\\\/07\\\/2021-01-19_bienen_ws_hafl.jpg\",\"datePublished\":\"2021-08-25T09:08:47+00:00\",\"dateModified\":\"2021-08-26T17:38:45+00:00\",\"breadcrumb\":{\"@id\":\"https:\\\/\\\/permakultur-landwirtschaft.org\\\/workshop-zu-imkern-in-permakulturgaerten-in-zollikofen-am-25-august-2021\\\/#breadcrumb\"},\"inLanguage\":\"fr-FR\",\"potentialAction\":[{\"@type\":\"ReadAction\",\"target\":[\"https:\\\/\\\/permakultur-landwirtschaft.org\\\/workshop-zu-imkern-in-permakulturgaerten-in-zollikofen-am-25-august-2021\\\/\"]}]},{\"@type\":\"ImageObject\",\"inLanguage\":\"fr-FR\",\"@id\":\"https:\\\/\\\/permakultur-landwirtschaft.org\\\/workshop-zu-imkern-in-permakulturgaerten-in-zollikofen-am-25-august-2021\\\/#primaryimage\",\"url\":\"https:\\\/\\\/permakultur-landwirtschaft.org\\\/wp-content\\\/uploads\\\/2021\\\/07\\\/2021-01-19_bienen_ws_hafl.jpg\",\"contentUrl\":\"https:\\\/\\\/permakultur-landwirtschaft.org\\\/wp-content\\\/uploads\\\/2021\\\/07\\\/2021-01-19_bienen_ws_hafl.jpg\",\"width\":350,\"height\":466},{\"@type\":\"BreadcrumbList\",\"@id\":\"https:\\\/\\\/permakultur-landwirtschaft.org\\\/workshop-zu-imkern-in-permakulturgaerten-in-zollikofen-am-25-august-2021\\\/#breadcrumb\",\"itemListElement\":[{\"@type\":\"ListItem\",\"position\":1,\"name\":\"Startseite\",\"item\":\"https:\\\/\\\/permakultur-landwirtschaft.org\\\/\"},{\"@type\":\"ListItem\",\"position\":2,\"name\":\"Workshop zu Imkern in der Permakultur in Zollikofen BE am 25. August 2021\"}]},{\"@type\":\"WebSite\",\"@id\":\"https:\\\/\\\/permakultur-landwirtschaft.org\\\/#website\",\"url\":\"https:\\\/\\\/permakultur-landwirtschaft.org\\\/\",\"name\":\"Permakultur-Landwirtschaft\",\"description\":\"F\u00f6rderung der Permakultur in der Landwirtschaft\",\"publisher\":{\"@id\":\"https:\\\/\\\/permakultur-landwirtschaft.org\\\/#organization\"},\"potentialAction\":[{\"@type\":\"SearchAction\",\"target\":{\"@type\":\"EntryPoint\",\"urlTemplate\":\"https:\\\/\\\/permakultur-landwirtschaft.org\\\/?s={search_term_string}\"},\"query-input\":{\"@type\":\"PropertyValueSpecification\",\"valueRequired\":true,\"valueName\":\"search_term_string\"}}],\"inLanguage\":\"fr-FR\"},{\"@type\":\"Organization\",\"@id\":\"https:\\\/\\\/permakultur-landwirtschaft.org\\\/#organization\",\"name\":\"Permakultur-Landwirtschaft\",\"alternateName\":\"Verein Permakultur-Landwirtschaft\",\"url\":\"https:\\\/\\\/permakultur-landwirtschaft.org\\\/\",\"logo\":{\"@type\":\"ImageObject\",\"inLanguage\":\"fr-FR\",\"@id\":\"https:\\\/\\\/permakultur-landwirtschaft.org\\\/#\\\/schema\\\/logo\\\/image\\\/\",\"url\":\"https:\\\/\\\/permakultur-landwirtschaft.org\\\/wp-content\\\/uploads\\\/2021\\\/11\\\/pela_1268x1269.png\",\"contentUrl\":\"https:\\\/\\\/permakultur-landwirtschaft.org\\\/wp-content\\\/uploads\\\/2021\\\/11\\\/pela_1268x1269.png\",\"width\":1298,\"height\":1269,\"caption\":\"Permakultur-Landwirtschaft\"},\"image\":{\"@id\":\"https:\\\/\\\/permakultur-landwirtschaft.org\\\/#\\\/schema\\\/logo\\\/image\\\/\"},\"sameAs\":[\"https:\\\/\\\/www.facebook.com\\\/PermakulturLandwirtschaft\",\"https:\\\/\\\/www.instagram.com\\\/permakultur_landwirtschaft\\\/\",\"https:\\\/\\\/www.flickr.com\\\/photos\\\/permakultur-landwirtschaft\",\"https:\\\/\\\/www.youtube.com\\\/@PermakulturLandwirtschaft\"]},{\"@type\":\"Person\",\"@id\":\"https:\\\/\\\/permakultur-landwirtschaft.org\\\/#\\\/schema\\\/person\\\/6b0467872f75aed3e144093f9bf4f0b0\",\"name\":\"adrian reutimann\",\"url\":\"https:\\\/\\\/permakultur-landwirtschaft.org\\\/fr\\\/author\\\/reutiadr\\\/\"}]}<\/script>\n<!-- \/ Yoast SEO plugin. -->","yoast_head_json":{"title":"Workshop zu Imkern in der Permakultur in Zollikofen BE am 25. August 2021 - Permakultur-Landwirtschaft","robots":{"index":"index","follow":"follow","max-snippet":"max-snippet:-1","max-image-preview":"max-image-preview:large","max-video-preview":"max-video-preview:-1"},"canonical":"https:\/\/permakultur-landwirtschaft.org\/fr\/workshop-zu-imkern-in-permakulturgaerten-in-zollikofen-am-25-august-2021\/","og_locale":"fr_FR","og_type":"article","og_title":"Workshop zu Imkern in der Permakultur in Zollikofen BE am 25. August 2021 - Permakultur-Landwirtschaft","og_description":"Bienen in der Permakultur: Kurze Einf\u00fchrung zum Wesen der Biene und ihr Platz in der Permakultur Die Permakultur bietet mit ihrer Pflanzengemeinschaft und bl\u00fchenden Pflanzen wertvolles Futter, unter anderem f\u00fcr Bienen. Dieser Kurs soll verschiedene Haltungssysteme der Biene aufzeigen, ihren Jahreszyklus beleuchten und wo ihr Platz in der Permakultur sein k\u00f6nnte. Ziel des Kurses soll [&hellip;]","og_url":"https:\/\/permakultur-landwirtschaft.org\/fr\/workshop-zu-imkern-in-permakulturgaerten-in-zollikofen-am-25-august-2021\/","og_site_name":"Permakultur-Landwirtschaft","article_publisher":"https:\/\/www.facebook.com\/PermakulturLandwirtschaft","article_published_time":"2021-08-25T09:08:47+00:00","article_modified_time":"2021-08-26T17:38:45+00:00","og_image":[{"width":350,"height":466,"url":"https:\/\/permakultur-landwirtschaft.org\/wp-content\/uploads\/2021\/07\/2021-01-19_bienen_ws_hafl.jpg","type":"image\/jpeg"}],"author":"adrian reutimann","twitter_card":"summary_large_image","twitter_misc":{"\u00c9crit par":"adrian reutimann","Dur\u00e9e de lecture estim\u00e9e":"1 minute"},"schema":{"@context":"https:\/\/schema.org","@graph":[{"@type":"Article","@id":"https:\/\/permakultur-landwirtschaft.org\/workshop-zu-imkern-in-permakulturgaerten-in-zollikofen-am-25-august-2021\/#article","isPartOf":{"@id":"https:\/\/permakultur-landwirtschaft.org\/workshop-zu-imkern-in-permakulturgaerten-in-zollikofen-am-25-august-2021\/"},"author":{"name":"adrian reutimann","@id":"https:\/\/permakultur-landwirtschaft.org\/#\/schema\/person\/6b0467872f75aed3e144093f9bf4f0b0"},"headline":"Workshop zu Imkern in der Permakultur in Zollikofen BE am 25. August 2021","datePublished":"2021-08-25T09:08:47+00:00","dateModified":"2021-08-26T17:38:45+00:00","mainEntityOfPage":{"@id":"https:\/\/permakultur-landwirtschaft.org\/workshop-zu-imkern-in-permakulturgaerten-in-zollikofen-am-25-august-2021\/"},"wordCount":155,"publisher":{"@id":"https:\/\/permakultur-landwirtschaft.org\/#organization"},"image":{"@id":"https:\/\/permakultur-landwirtschaft.org\/workshop-zu-imkern-in-permakulturgaerten-in-zollikofen-am-25-august-2021\/#primaryimage"},"thumbnailUrl":"https:\/\/permakultur-landwirtschaft.org\/wp-content\/uploads\/2021\/07\/2021-01-19_bienen_ws_hafl.jpg","keywords":["Bienen","Imker"],"articleSection":["Veranstaltungen_Archiv"],"inLanguage":"fr-FR"},{"@type":"WebPage","@id":"https:\/\/permakultur-landwirtschaft.org\/workshop-zu-imkern-in-permakulturgaerten-in-zollikofen-am-25-august-2021\/","url":"https:\/\/permakultur-landwirtschaft.org\/workshop-zu-imkern-in-permakulturgaerten-in-zollikofen-am-25-august-2021\/","name":"Workshop zu Imkern in der Permakultur in Zollikofen BE am 25. August 2021 - Permakultur-Landwirtschaft","isPartOf":{"@id":"https:\/\/permakultur-landwirtschaft.org\/#website"},"primaryImageOfPage":{"@id":"https:\/\/permakultur-landwirtschaft.org\/workshop-zu-imkern-in-permakulturgaerten-in-zollikofen-am-25-august-2021\/#primaryimage"},"image":{"@id":"https:\/\/permakultur-landwirtschaft.org\/workshop-zu-imkern-in-permakulturgaerten-in-zollikofen-am-25-august-2021\/#primaryimage"},"thumbnailUrl":"https:\/\/permakultur-landwirtschaft.org\/wp-content\/uploads\/2021\/07\/2021-01-19_bienen_ws_hafl.jpg","datePublished":"2021-08-25T09:08:47+00:00","dateModified":"2021-08-26T17:38:45+00:00","breadcrumb":{"@id":"https:\/\/permakultur-landwirtschaft.org\/workshop-zu-imkern-in-permakulturgaerten-in-zollikofen-am-25-august-2021\/#breadcrumb"},"inLanguage":"fr-FR","potentialAction":[{"@type":"ReadAction","target":["https:\/\/permakultur-landwirtschaft.org\/workshop-zu-imkern-in-permakulturgaerten-in-zollikofen-am-25-august-2021\/"]}]},{"@type":"ImageObject","inLanguage":"fr-FR","@id":"https:\/\/permakultur-landwirtschaft.org\/workshop-zu-imkern-in-permakulturgaerten-in-zollikofen-am-25-august-2021\/#primaryimage","url":"https:\/\/permakultur-landwirtschaft.org\/wp-content\/uploads\/2021\/07\/2021-01-19_bienen_ws_hafl.jpg","contentUrl":"https:\/\/permakultur-landwirtschaft.org\/wp-content\/uploads\/2021\/07\/2021-01-19_bienen_ws_hafl.jpg","width":350,"height":466},{"@type":"BreadcrumbList","@id":"https:\/\/permakultur-landwirtschaft.org\/workshop-zu-imkern-in-permakulturgaerten-in-zollikofen-am-25-august-2021\/#breadcrumb","itemListElement":[{"@type":"ListItem","position":1,"name":"Startseite","item":"https:\/\/permakultur-landwirtschaft.org\/"},{"@type":"ListItem","position":2,"name":"Workshop zu Imkern in der Permakultur in Zollikofen BE am 25. August 2021"}]},{"@type":"WebSite","@id":"https:\/\/permakultur-landwirtschaft.org\/#website","url":"https:\/\/permakultur-landwirtschaft.org\/","name":"Permakultur-Landwirtschaft","description":"F\u00f6rderung der Permakultur in der Landwirtschaft","publisher":{"@id":"https:\/\/permakultur-landwirtschaft.org\/#organization"},"potentialAction":[{"@type":"SearchAction","target":{"@type":"EntryPoint","urlTemplate":"https:\/\/permakultur-landwirtschaft.org\/?s={search_term_string}"},"query-input":{"@type":"PropertyValueSpecification","valueRequired":true,"valueName":"search_term_string"}}],"inLanguage":"fr-FR"},{"@type":"Organization","@id":"https:\/\/permakultur-landwirtschaft.org\/#organization","name":"Permakultur-Landwirtschaft","alternateName":"Verein Permakultur-Landwirtschaft","url":"https:\/\/permakultur-landwirtschaft.org\/","logo":{"@type":"ImageObject","inLanguage":"fr-FR","@id":"https:\/\/permakultur-landwirtschaft.org\/#\/schema\/logo\/image\/","url":"https:\/\/permakultur-landwirtschaft.org\/wp-content\/uploads\/2021\/11\/pela_1268x1269.png","contentUrl":"https:\/\/permakultur-landwirtschaft.org\/wp-content\/uploads\/2021\/11\/pela_1268x1269.png","width":1298,"height":1269,"caption":"Permakultur-Landwirtschaft"},"image":{"@id":"https:\/\/permakultur-landwirtschaft.org\/#\/schema\/logo\/image\/"},"sameAs":["https:\/\/www.facebook.com\/PermakulturLandwirtschaft","https:\/\/www.instagram.com\/permakultur_landwirtschaft\/","https:\/\/www.flickr.com\/photos\/permakultur-landwirtschaft","https:\/\/www.youtube.com\/@PermakulturLandwirtschaft"]},{"@type":"Person","@id":"https:\/\/permakultur-landwirtschaft.org\/#\/schema\/person\/6b0467872f75aed3e144093f9bf4f0b0","name":"adrian reutimann","url":"https:\/\/permakultur-landwirtschaft.org\/fr\/author\/reutiadr\/"}]}},"_links":{"self":[{"href":"https:\/\/permakultur-landwirtschaft.org\/fr\/wp-json\/wp\/v2\/posts\/15533","targetHints":{"allow":["GET"]}}],"collection":[{"href":"https:\/\/permakultur-landwirtschaft.org\/fr\/wp-json\/wp\/v2\/posts"}],"about":[{"href":"https:\/\/permakultur-landwirtschaft.org\/fr\/wp-json\/wp\/v2\/types\/post"}],"author":[{"embeddable":true,"href":"https:\/\/permakultur-landwirtschaft.org\/fr\/wp-json\/wp\/v2\/users\/2"}],"replies":[{"embeddable":true,"href":"https:\/\/permakultur-landwirtschaft.org\/fr\/wp-json\/wp\/v2\/comments?post=15533"}],"version-history":[{"count":5,"href":"https:\/\/permakultur-landwirtschaft.org\/fr\/wp-json\/wp\/v2\/posts\/15533\/revisions"}],"predecessor-version":[{"id":15595,"href":"https:\/\/permakultur-landwirtschaft.org\/fr\/wp-json\/wp\/v2\/posts\/15533\/revisions\/15595"}],"wp:featuredmedia":[{"embeddable":true,"href":"https:\/\/permakultur-landwirtschaft.org\/fr\/wp-json\/wp\/v2\/media\/15536"}],"wp:attachment":[{"href":"https:\/\/permakultur-landwirtschaft.org\/fr\/wp-json\/wp\/v2\/media?parent=15533"}],"wp:term":[{"taxonomy":"category","embeddable":true,"href":"https:\/\/permakultur-landwirtschaft.org\/fr\/wp-json\/wp\/v2\/categories?post=15533"},{"taxonomy":"post_tag","embeddable":true,"href":"https:\/\/permakultur-landwirtschaft.org\/fr\/wp-json\/wp\/v2\/tags?post=15533"}],"curies":[{"name":"wp","href":"https:\/\/api.w.org\/{rel}","templated":true}]}}