{"id":15522,"date":"2021-07-30T07:13:44","date_gmt":"2021-07-30T05:13:44","guid":{"rendered":"https:\/\/permakultur-landwirtschaft.org\/?p=15522"},"modified":"2021-07-30T07:14:12","modified_gmt":"2021-07-30T05:14:12","slug":"prix-climat-klimafreundliche-landwirtschaft","status":"publish","type":"post","link":"https:\/\/permakultur-landwirtschaft.org\/fr\/prix-climat-klimafreundliche-landwirtschaft\/","title":{"rendered":"Prix Climat f\u00fcr eine Klimafreundliche Landwirtschaft &#8211; jetzt bewerben"},"content":{"rendered":"<p><span dir=\"ltr\">Text von <a href=\"https:\/\/www.klima-allianz.ch\/kampagnen\/prixclimat\/\" target=\"_blank\" rel=\"noopener\">klima-allianz.ch:<\/a><\/span><\/p>\n<p><span dir=\"ltr\">Der \u201cPrix Climat\u201d wird im Fr\u00fchjahr 2022 an klimafreundliche Landwirt*innen vergeben. Wir erz\u00e4hlen im Rahmen der Kampagne die Geschichten von Menschen, die nachhaltige Landwirtschaft betreiben. In atmosph\u00e4rischen Videos wird nebst den Entscheidungen, Erlebnissen, Fr\u00fcsten und Erfolgen dieser Pionier*innen beil\u00e4ufig interessantes Wissen \u00fcber klimafreundliche Landwirtschaft vermittelt.<\/span><\/p>\n<p><span dir=\"ltr\">Die Klima-Allianz zeigt mit dem Prix Climat auf: Klimafreundliche Landwirtschaft existiert bereits \u2013 sie ist m\u00f6glich &amp; rentabel. Die Landwirtschaft kann und muss ihren Teil dazu beitragen, um der gef\u00e4hrlichen Klimaerhitzung entgegenzuwirken.<\/span><\/p>\n<p><span dir=\"ltr\"><br \/>\n<\/span><a href=\"https:\/\/www.klima-allianz.ch\/kampagnen\/prixclimat\/\" target=\"_blank\" rel=\"noopener noreferrer\">Link zu Infos und Anmeldung zum Prix Climat: www.klima-allianz.ch\/kampagnen\/prixclimat<\/a><\/p>\n<h6><a href=\"https:\/\/www.klima-allianz.ch\/kampagnen\/prixclimat\/\" target=\"_blank\" rel=\"noopener\"><img fetchpriority=\"high\" decoding=\"async\" class=\"size-full wp-image-15523 alignnone\" src=\"https:\/\/permakultur-landwirtschaft.org\/wp-content\/uploads\/2021\/07\/tomasz-filipek-CUWC-6MRcNg-unsplash-1121x1536-1.jpg\" alt=\"\" width=\"1121\" height=\"1536\" \/><\/a><br \/>\nBild: klima-allianz.ch \/ Tomasz Filipek<span class=\"image-description__author-single\" data-v-38608a3f=\"\" data-nzz-tid=\"image-description-author\"><br \/>\n<\/span><\/h6>\n<hr \/>\n<h3><a href=\"https:\/\/permakultur-landwirtschaft.org\/fr\/medien\/\">Hier geht&#8217;s zur \u00dcbersicht aller Neuigkeiten <\/a><\/h3>\n<p>&nbsp;<\/p>","protected":false},"excerpt":{"rendered":"<p>Text von klima-allianz.ch: Der \u201cPrix Climat\u201d wird im Fr\u00fchjahr 2022 an klimafreundliche Landwirt*innen vergeben. Wir erz\u00e4hlen im Rahmen der Kampagne die Geschichten von Menschen, die nachhaltige Landwirtschaft betreiben. In atmosph\u00e4rischen Videos wird nebst den Entscheidungen, Erlebnissen, Fr\u00fcsten und Erfolgen dieser Pionier*innen beil\u00e4ufig interessantes Wissen \u00fcber klimafreundliche Landwirtschaft vermittelt. Die Klima-Allianz zeigt mit dem Prix Climat [&hellip;]<\/p>\n","protected":false},"author":2,"featured_media":15523,"comment_status":"closed","ping_status":"closed","sticky":false,"template":"","format":"standard","meta":{"_acf_changed":false,"site-sidebar-layout":"default","site-content-layout":"","ast-site-content-layout":"default","site-content-style":"default","site-sidebar-style":"default","ast-global-header-display":"","ast-banner-title-visibility":"","ast-main-header-display":"","ast-hfb-above-header-display":"","ast-hfb-below-header-display":"","ast-hfb-mobile-header-display":"","site-post-title":"","ast-breadcrumbs-content":"","ast-featured-img":"","footer-sml-layout":"","ast-disable-related-posts":"","theme-transparent-header-meta":"","adv-header-id-meta":"","stick-header-meta":"","header-above-stick-meta":"","header-main-stick-meta":"","header-below-stick-meta":"","astra-migrate-meta-layouts":"default","ast-page-background-enabled":"default","ast-page-background-meta":{"desktop":{"background-color":"var(--ast-global-color-4)","background-image":"","background-repeat":"repeat","background-position":"center center","background-size":"auto","background-attachment":"scroll","background-type":"","background-media":"","overlay-type":"","overlay-color":"","overlay-opacity":"","overlay-gradient":""},"tablet":{"background-color":"","background-image":"","background-repeat":"repeat","background-position":"center center","background-size":"auto","background-attachment":"scroll","background-type":"","background-media":"","overlay-type":"","overlay-color":"","overlay-opacity":"","overlay-gradient":""},"mobile":{"background-color":"","background-image":"","background-repeat":"repeat","background-position":"center center","background-size":"auto","background-attachment":"scroll","background-type":"","background-media":"","overlay-type":"","overlay-color":"","overlay-opacity":"","overlay-gradient":""}},"ast-content-background-meta":{"desktop":{"background-color":"var(--ast-global-color-5)","background-image":"","background-repeat":"repeat","background-position":"center center","background-size":"auto","background-attachment":"scroll","background-type":"","background-media":"","overlay-type":"","overlay-color":"","overlay-opacity":"","overlay-gradient":""},"tablet":{"background-color":"var(--ast-global-color-5)","background-image":"","background-repeat":"repeat","background-position":"center center","background-size":"auto","background-attachment":"scroll","background-type":"","background-media":"","overlay-type":"","overlay-color":"","overlay-opacity":"","overlay-gradient":""},"mobile":{"background-color":"var(--ast-global-color-5)","background-image":"","background-repeat":"repeat","background-position":"center center","background-size":"auto","background-attachment":"scroll","background-type":"","background-media":"","overlay-type":"","overlay-color":"","overlay-opacity":"","overlay-gradient":""}},"footnotes":""},"categories":[22],"tags":[],"class_list":["post-15522","post","type-post","status-publish","format-standard","has-post-thumbnail","hentry","category-neuigkeit"],"acf":[],"yoast_head":"<!-- This site is optimized with the Yoast SEO plugin v27.5 - https:\/\/yoast.com\/product\/yoast-seo-wordpress\/ -->\n<title>Prix Climat f\u00fcr eine Klimafreundliche Landwirtschaft - jetzt bewerben - Permakultur-Landwirtschaft<\/title>\n<meta name=\"robots\" content=\"index, follow, max-snippet:-1, max-image-preview:large, max-video-preview:-1\" \/>\n<link rel=\"canonical\" href=\"https:\/\/permakultur-landwirtschaft.org\/fr\/prix-climat-klimafreundliche-landwirtschaft\/\" \/>\n<meta property=\"og:locale\" content=\"fr_FR\" \/>\n<meta property=\"og:type\" content=\"article\" \/>\n<meta property=\"og:title\" content=\"Prix Climat f\u00fcr eine Klimafreundliche Landwirtschaft - jetzt bewerben - Permakultur-Landwirtschaft\" \/>\n<meta property=\"og:description\" content=\"Text von klima-allianz.ch: Der \u201cPrix Climat\u201d wird im Fr\u00fchjahr 2022 an klimafreundliche Landwirt*innen vergeben. Wir erz\u00e4hlen im Rahmen der Kampagne die Geschichten von Menschen, die nachhaltige Landwirtschaft betreiben. In atmosph\u00e4rischen Videos wird nebst den Entscheidungen, Erlebnissen, Fr\u00fcsten und Erfolgen dieser Pionier*innen beil\u00e4ufig interessantes Wissen \u00fcber klimafreundliche Landwirtschaft vermittelt. Die Klima-Allianz zeigt mit dem Prix Climat [&hellip;]\" \/>\n<meta property=\"og:url\" content=\"https:\/\/permakultur-landwirtschaft.org\/fr\/prix-climat-klimafreundliche-landwirtschaft\/\" \/>\n<meta property=\"og:site_name\" content=\"Permakultur-Landwirtschaft\" \/>\n<meta property=\"article:publisher\" content=\"https:\/\/www.facebook.com\/PermakulturLandwirtschaft\" \/>\n<meta property=\"article:published_time\" content=\"2021-07-30T05:13:44+00:00\" \/>\n<meta property=\"article:modified_time\" content=\"2021-07-30T05:14:12+00:00\" \/>\n<meta property=\"og:image\" content=\"http:\/\/permakultur-landwirtschaft.org\/wp-content\/uploads\/2021\/07\/tomasz-filipek-CUWC-6MRcNg-unsplash-1121x1536-1.jpg\" \/>\n\t<meta property=\"og:image:width\" content=\"350\" \/>\n\t<meta property=\"og:image:height\" content=\"480\" \/>\n\t<meta property=\"og:image:type\" content=\"image\/jpeg\" \/>\n<meta name=\"author\" content=\"adrian reutimann\" \/>\n<meta name=\"twitter:card\" content=\"summary_large_image\" \/>\n<meta name=\"twitter:label1\" content=\"\u00c9crit par\" \/>\n\t<meta name=\"twitter:data1\" content=\"adrian reutimann\" \/>\n\t<meta name=\"twitter:label2\" content=\"Dur\u00e9e de lecture estim\u00e9e\" \/>\n\t<meta name=\"twitter:data2\" content=\"1 minute\" \/>\n<script type=\"application\/ld+json\" class=\"yoast-schema-graph\">{\"@context\":\"https:\\\/\\\/schema.org\",\"@graph\":[{\"@type\":\"Article\",\"@id\":\"https:\\\/\\\/permakultur-landwirtschaft.org\\\/prix-climat-klimafreundliche-landwirtschaft\\\/#article\",\"isPartOf\":{\"@id\":\"https:\\\/\\\/permakultur-landwirtschaft.org\\\/prix-climat-klimafreundliche-landwirtschaft\\\/\"},\"author\":{\"name\":\"adrian reutimann\",\"@id\":\"https:\\\/\\\/permakultur-landwirtschaft.org\\\/#\\\/schema\\\/person\\\/6b0467872f75aed3e144093f9bf4f0b0\"},\"headline\":\"Prix Climat f\u00fcr eine Klimafreundliche Landwirtschaft &#8211; jetzt bewerben\",\"datePublished\":\"2021-07-30T05:13:44+00:00\",\"dateModified\":\"2021-07-30T05:14:12+00:00\",\"mainEntityOfPage\":{\"@id\":\"https:\\\/\\\/permakultur-landwirtschaft.org\\\/prix-climat-klimafreundliche-landwirtschaft\\\/\"},\"wordCount\":124,\"publisher\":{\"@id\":\"https:\\\/\\\/permakultur-landwirtschaft.org\\\/#organization\"},\"image\":{\"@id\":\"https:\\\/\\\/permakultur-landwirtschaft.org\\\/prix-climat-klimafreundliche-landwirtschaft\\\/#primaryimage\"},\"thumbnailUrl\":\"https:\\\/\\\/permakultur-landwirtschaft.org\\\/wp-content\\\/uploads\\\/2021\\\/07\\\/tomasz-filipek-CUWC-6MRcNg-unsplash-1121x1536-1-e1627621707353.jpg\",\"articleSection\":[\"Neuigkeit\"],\"inLanguage\":\"fr-FR\"},{\"@type\":\"WebPage\",\"@id\":\"https:\\\/\\\/permakultur-landwirtschaft.org\\\/prix-climat-klimafreundliche-landwirtschaft\\\/\",\"url\":\"https:\\\/\\\/permakultur-landwirtschaft.org\\\/prix-climat-klimafreundliche-landwirtschaft\\\/\",\"name\":\"Prix Climat f\u00fcr eine Klimafreundliche Landwirtschaft - jetzt bewerben - Permakultur-Landwirtschaft\",\"isPartOf\":{\"@id\":\"https:\\\/\\\/permakultur-landwirtschaft.org\\\/#website\"},\"primaryImageOfPage\":{\"@id\":\"https:\\\/\\\/permakultur-landwirtschaft.org\\\/prix-climat-klimafreundliche-landwirtschaft\\\/#primaryimage\"},\"image\":{\"@id\":\"https:\\\/\\\/permakultur-landwirtschaft.org\\\/prix-climat-klimafreundliche-landwirtschaft\\\/#primaryimage\"},\"thumbnailUrl\":\"https:\\\/\\\/permakultur-landwirtschaft.org\\\/wp-content\\\/uploads\\\/2021\\\/07\\\/tomasz-filipek-CUWC-6MRcNg-unsplash-1121x1536-1-e1627621707353.jpg\",\"datePublished\":\"2021-07-30T05:13:44+00:00\",\"dateModified\":\"2021-07-30T05:14:12+00:00\",\"breadcrumb\":{\"@id\":\"https:\\\/\\\/permakultur-landwirtschaft.org\\\/prix-climat-klimafreundliche-landwirtschaft\\\/#breadcrumb\"},\"inLanguage\":\"fr-FR\",\"potentialAction\":[{\"@type\":\"ReadAction\",\"target\":[\"https:\\\/\\\/permakultur-landwirtschaft.org\\\/prix-climat-klimafreundliche-landwirtschaft\\\/\"]}]},{\"@type\":\"ImageObject\",\"inLanguage\":\"fr-FR\",\"@id\":\"https:\\\/\\\/permakultur-landwirtschaft.org\\\/prix-climat-klimafreundliche-landwirtschaft\\\/#primaryimage\",\"url\":\"https:\\\/\\\/permakultur-landwirtschaft.org\\\/wp-content\\\/uploads\\\/2021\\\/07\\\/tomasz-filipek-CUWC-6MRcNg-unsplash-1121x1536-1-e1627621707353.jpg\",\"contentUrl\":\"https:\\\/\\\/permakultur-landwirtschaft.org\\\/wp-content\\\/uploads\\\/2021\\\/07\\\/tomasz-filipek-CUWC-6MRcNg-unsplash-1121x1536-1-e1627621707353.jpg\",\"width\":350,\"height\":480},{\"@type\":\"BreadcrumbList\",\"@id\":\"https:\\\/\\\/permakultur-landwirtschaft.org\\\/prix-climat-klimafreundliche-landwirtschaft\\\/#breadcrumb\",\"itemListElement\":[{\"@type\":\"ListItem\",\"position\":1,\"name\":\"Startseite\",\"item\":\"https:\\\/\\\/permakultur-landwirtschaft.org\\\/\"},{\"@type\":\"ListItem\",\"position\":2,\"name\":\"Prix Climat f\u00fcr eine Klimafreundliche Landwirtschaft &#8211; jetzt bewerben\"}]},{\"@type\":\"WebSite\",\"@id\":\"https:\\\/\\\/permakultur-landwirtschaft.org\\\/#website\",\"url\":\"https:\\\/\\\/permakultur-landwirtschaft.org\\\/\",\"name\":\"Permakultur-Landwirtschaft\",\"description\":\"F\u00f6rderung der Permakultur in der Landwirtschaft\",\"publisher\":{\"@id\":\"https:\\\/\\\/permakultur-landwirtschaft.org\\\/#organization\"},\"potentialAction\":[{\"@type\":\"SearchAction\",\"target\":{\"@type\":\"EntryPoint\",\"urlTemplate\":\"https:\\\/\\\/permakultur-landwirtschaft.org\\\/?s={search_term_string}\"},\"query-input\":{\"@type\":\"PropertyValueSpecification\",\"valueRequired\":true,\"valueName\":\"search_term_string\"}}],\"inLanguage\":\"fr-FR\"},{\"@type\":\"Organization\",\"@id\":\"https:\\\/\\\/permakultur-landwirtschaft.org\\\/#organization\",\"name\":\"Permakultur-Landwirtschaft\",\"alternateName\":\"Verein Permakultur-Landwirtschaft\",\"url\":\"https:\\\/\\\/permakultur-landwirtschaft.org\\\/\",\"logo\":{\"@type\":\"ImageObject\",\"inLanguage\":\"fr-FR\",\"@id\":\"https:\\\/\\\/permakultur-landwirtschaft.org\\\/#\\\/schema\\\/logo\\\/image\\\/\",\"url\":\"https:\\\/\\\/permakultur-landwirtschaft.org\\\/wp-content\\\/uploads\\\/2021\\\/11\\\/pela_1268x1269.png\",\"contentUrl\":\"https:\\\/\\\/permakultur-landwirtschaft.org\\\/wp-content\\\/uploads\\\/2021\\\/11\\\/pela_1268x1269.png\",\"width\":1298,\"height\":1269,\"caption\":\"Permakultur-Landwirtschaft\"},\"image\":{\"@id\":\"https:\\\/\\\/permakultur-landwirtschaft.org\\\/#\\\/schema\\\/logo\\\/image\\\/\"},\"sameAs\":[\"https:\\\/\\\/www.facebook.com\\\/PermakulturLandwirtschaft\",\"https:\\\/\\\/www.instagram.com\\\/permakultur_landwirtschaft\\\/\",\"https:\\\/\\\/www.flickr.com\\\/photos\\\/permakultur-landwirtschaft\",\"https:\\\/\\\/www.youtube.com\\\/@PermakulturLandwirtschaft\"]},{\"@type\":\"Person\",\"@id\":\"https:\\\/\\\/permakultur-landwirtschaft.org\\\/#\\\/schema\\\/person\\\/6b0467872f75aed3e144093f9bf4f0b0\",\"name\":\"adrian reutimann\",\"url\":\"https:\\\/\\\/permakultur-landwirtschaft.org\\\/fr\\\/author\\\/reutiadr\\\/\"}]}<\/script>\n<!-- \/ Yoast SEO plugin. -->","yoast_head_json":{"title":"Prix Climat f\u00fcr eine Klimafreundliche Landwirtschaft - jetzt bewerben - Permakultur-Landwirtschaft","robots":{"index":"index","follow":"follow","max-snippet":"max-snippet:-1","max-image-preview":"max-image-preview:large","max-video-preview":"max-video-preview:-1"},"canonical":"https:\/\/permakultur-landwirtschaft.org\/fr\/prix-climat-klimafreundliche-landwirtschaft\/","og_locale":"fr_FR","og_type":"article","og_title":"Prix Climat f\u00fcr eine Klimafreundliche Landwirtschaft - jetzt bewerben - Permakultur-Landwirtschaft","og_description":"Text von klima-allianz.ch: Der \u201cPrix Climat\u201d wird im Fr\u00fchjahr 2022 an klimafreundliche Landwirt*innen vergeben. Wir erz\u00e4hlen im Rahmen der Kampagne die Geschichten von Menschen, die nachhaltige Landwirtschaft betreiben. In atmosph\u00e4rischen Videos wird nebst den Entscheidungen, Erlebnissen, Fr\u00fcsten und Erfolgen dieser Pionier*innen beil\u00e4ufig interessantes Wissen \u00fcber klimafreundliche Landwirtschaft vermittelt. Die Klima-Allianz zeigt mit dem Prix Climat [&hellip;]","og_url":"https:\/\/permakultur-landwirtschaft.org\/fr\/prix-climat-klimafreundliche-landwirtschaft\/","og_site_name":"Permakultur-Landwirtschaft","article_publisher":"https:\/\/www.facebook.com\/PermakulturLandwirtschaft","article_published_time":"2021-07-30T05:13:44+00:00","article_modified_time":"2021-07-30T05:14:12+00:00","og_image":[{"width":350,"height":480,"url":"http:\/\/permakultur-landwirtschaft.org\/wp-content\/uploads\/2021\/07\/tomasz-filipek-CUWC-6MRcNg-unsplash-1121x1536-1.jpg","type":"image\/jpeg"}],"author":"adrian reutimann","twitter_card":"summary_large_image","twitter_misc":{"\u00c9crit par":"adrian reutimann","Dur\u00e9e de lecture estim\u00e9e":"1 minute"},"schema":{"@context":"https:\/\/schema.org","@graph":[{"@type":"Article","@id":"https:\/\/permakultur-landwirtschaft.org\/prix-climat-klimafreundliche-landwirtschaft\/#article","isPartOf":{"@id":"https:\/\/permakultur-landwirtschaft.org\/prix-climat-klimafreundliche-landwirtschaft\/"},"author":{"name":"adrian reutimann","@id":"https:\/\/permakultur-landwirtschaft.org\/#\/schema\/person\/6b0467872f75aed3e144093f9bf4f0b0"},"headline":"Prix Climat f\u00fcr eine Klimafreundliche Landwirtschaft &#8211; jetzt bewerben","datePublished":"2021-07-30T05:13:44+00:00","dateModified":"2021-07-30T05:14:12+00:00","mainEntityOfPage":{"@id":"https:\/\/permakultur-landwirtschaft.org\/prix-climat-klimafreundliche-landwirtschaft\/"},"wordCount":124,"publisher":{"@id":"https:\/\/permakultur-landwirtschaft.org\/#organization"},"image":{"@id":"https:\/\/permakultur-landwirtschaft.org\/prix-climat-klimafreundliche-landwirtschaft\/#primaryimage"},"thumbnailUrl":"https:\/\/permakultur-landwirtschaft.org\/wp-content\/uploads\/2021\/07\/tomasz-filipek-CUWC-6MRcNg-unsplash-1121x1536-1-e1627621707353.jpg","articleSection":["Neuigkeit"],"inLanguage":"fr-FR"},{"@type":"WebPage","@id":"https:\/\/permakultur-landwirtschaft.org\/prix-climat-klimafreundliche-landwirtschaft\/","url":"https:\/\/permakultur-landwirtschaft.org\/prix-climat-klimafreundliche-landwirtschaft\/","name":"Prix Climat f\u00fcr eine Klimafreundliche Landwirtschaft - jetzt bewerben - Permakultur-Landwirtschaft","isPartOf":{"@id":"https:\/\/permakultur-landwirtschaft.org\/#website"},"primaryImageOfPage":{"@id":"https:\/\/permakultur-landwirtschaft.org\/prix-climat-klimafreundliche-landwirtschaft\/#primaryimage"},"image":{"@id":"https:\/\/permakultur-landwirtschaft.org\/prix-climat-klimafreundliche-landwirtschaft\/#primaryimage"},"thumbnailUrl":"https:\/\/permakultur-landwirtschaft.org\/wp-content\/uploads\/2021\/07\/tomasz-filipek-CUWC-6MRcNg-unsplash-1121x1536-1-e1627621707353.jpg","datePublished":"2021-07-30T05:13:44+00:00","dateModified":"2021-07-30T05:14:12+00:00","breadcrumb":{"@id":"https:\/\/permakultur-landwirtschaft.org\/prix-climat-klimafreundliche-landwirtschaft\/#breadcrumb"},"inLanguage":"fr-FR","potentialAction":[{"@type":"ReadAction","target":["https:\/\/permakultur-landwirtschaft.org\/prix-climat-klimafreundliche-landwirtschaft\/"]}]},{"@type":"ImageObject","inLanguage":"fr-FR","@id":"https:\/\/permakultur-landwirtschaft.org\/prix-climat-klimafreundliche-landwirtschaft\/#primaryimage","url":"https:\/\/permakultur-landwirtschaft.org\/wp-content\/uploads\/2021\/07\/tomasz-filipek-CUWC-6MRcNg-unsplash-1121x1536-1-e1627621707353.jpg","contentUrl":"https:\/\/permakultur-landwirtschaft.org\/wp-content\/uploads\/2021\/07\/tomasz-filipek-CUWC-6MRcNg-unsplash-1121x1536-1-e1627621707353.jpg","width":350,"height":480},{"@type":"BreadcrumbList","@id":"https:\/\/permakultur-landwirtschaft.org\/prix-climat-klimafreundliche-landwirtschaft\/#breadcrumb","itemListElement":[{"@type":"ListItem","position":1,"name":"Startseite","item":"https:\/\/permakultur-landwirtschaft.org\/"},{"@type":"ListItem","position":2,"name":"Prix Climat f\u00fcr eine Klimafreundliche Landwirtschaft &#8211; jetzt bewerben"}]},{"@type":"WebSite","@id":"https:\/\/permakultur-landwirtschaft.org\/#website","url":"https:\/\/permakultur-landwirtschaft.org\/","name":"Permakultur-Landwirtschaft","description":"F\u00f6rderung der Permakultur in der Landwirtschaft","publisher":{"@id":"https:\/\/permakultur-landwirtschaft.org\/#organization"},"potentialAction":[{"@type":"SearchAction","target":{"@type":"EntryPoint","urlTemplate":"https:\/\/permakultur-landwirtschaft.org\/?s={search_term_string}"},"query-input":{"@type":"PropertyValueSpecification","valueRequired":true,"valueName":"search_term_string"}}],"inLanguage":"fr-FR"},{"@type":"Organization","@id":"https:\/\/permakultur-landwirtschaft.org\/#organization","name":"Permakultur-Landwirtschaft","alternateName":"Verein Permakultur-Landwirtschaft","url":"https:\/\/permakultur-landwirtschaft.org\/","logo":{"@type":"ImageObject","inLanguage":"fr-FR","@id":"https:\/\/permakultur-landwirtschaft.org\/#\/schema\/logo\/image\/","url":"https:\/\/permakultur-landwirtschaft.org\/wp-content\/uploads\/2021\/11\/pela_1268x1269.png","contentUrl":"https:\/\/permakultur-landwirtschaft.org\/wp-content\/uploads\/2021\/11\/pela_1268x1269.png","width":1298,"height":1269,"caption":"Permakultur-Landwirtschaft"},"image":{"@id":"https:\/\/permakultur-landwirtschaft.org\/#\/schema\/logo\/image\/"},"sameAs":["https:\/\/www.facebook.com\/PermakulturLandwirtschaft","https:\/\/www.instagram.com\/permakultur_landwirtschaft\/","https:\/\/www.flickr.com\/photos\/permakultur-landwirtschaft","https:\/\/www.youtube.com\/@PermakulturLandwirtschaft"]},{"@type":"Person","@id":"https:\/\/permakultur-landwirtschaft.org\/#\/schema\/person\/6b0467872f75aed3e144093f9bf4f0b0","name":"adrian reutimann","url":"https:\/\/permakultur-landwirtschaft.org\/fr\/author\/reutiadr\/"}]}},"_links":{"self":[{"href":"https:\/\/permakultur-landwirtschaft.org\/fr\/wp-json\/wp\/v2\/posts\/15522","targetHints":{"allow":["GET"]}}],"collection":[{"href":"https:\/\/permakultur-landwirtschaft.org\/fr\/wp-json\/wp\/v2\/posts"}],"about":[{"href":"https:\/\/permakultur-landwirtschaft.org\/fr\/wp-json\/wp\/v2\/types\/post"}],"author":[{"embeddable":true,"href":"https:\/\/permakultur-landwirtschaft.org\/fr\/wp-json\/wp\/v2\/users\/2"}],"replies":[{"embeddable":true,"href":"https:\/\/permakultur-landwirtschaft.org\/fr\/wp-json\/wp\/v2\/comments?post=15522"}],"version-history":[{"count":2,"href":"https:\/\/permakultur-landwirtschaft.org\/fr\/wp-json\/wp\/v2\/posts\/15522\/revisions"}],"predecessor-version":[{"id":15525,"href":"https:\/\/permakultur-landwirtschaft.org\/fr\/wp-json\/wp\/v2\/posts\/15522\/revisions\/15525"}],"wp:featuredmedia":[{"embeddable":true,"href":"https:\/\/permakultur-landwirtschaft.org\/fr\/wp-json\/wp\/v2\/media\/15523"}],"wp:attachment":[{"href":"https:\/\/permakultur-landwirtschaft.org\/fr\/wp-json\/wp\/v2\/media?parent=15522"}],"wp:term":[{"taxonomy":"category","embeddable":true,"href":"https:\/\/permakultur-landwirtschaft.org\/fr\/wp-json\/wp\/v2\/categories?post=15522"},{"taxonomy":"post_tag","embeddable":true,"href":"https:\/\/permakultur-landwirtschaft.org\/fr\/wp-json\/wp\/v2\/tags?post=15522"}],"curies":[{"name":"wp","href":"https:\/\/api.w.org\/{rel}","templated":true}]}}