{"id":15511,"date":"2021-08-31T05:37:36","date_gmt":"2021-08-31T03:37:36","guid":{"rendered":"https:\/\/permakultur-landwirtschaft.org\/?p=15511"},"modified":"2021-08-31T23:32:33","modified_gmt":"2021-08-31T21:32:33","slug":"dynamischer-agroforst-vortrag-von-noemi-stadler-kaulich-in-zuerich-am-31-august-2021","status":"publish","type":"post","link":"https:\/\/permakultur-landwirtschaft.org\/fr\/dynamischer-agroforst-vortrag-von-noemi-stadler-kaulich-in-zuerich-am-31-august-2021\/","title":{"rendered":"Dynamischer Agroforst Vortrag von Noemi Stadler-Kaulich am 31. August 2021"},"content":{"rendered":"<p>Text von kulturpark.ch:<\/p>\n<p>Klima, Wasser, Boden und Biodiversit\u00e4t &#8211; Fundamente unseres Lebens sind gef\u00e4hrdet. Dynamischer Agroforst bietet L\u00f6sungsm\u00f6glichkeiten gem\u00e4ss den Prinzipien der Natur. Geh\u00f6lze auf landwirtschaftlich genutzten Fl\u00e4chen sch\u00fctzen den Boden vor Wind, Wasser und Sonne, mindern Bodenabtrag, verbessern Bodenfruchtbarkeit und Wasserhaushalt. Artenvielfalt f\u00fchrt zu \u00f6kologischem Gleichgewicht, reduziert den Einsatz synthetischer Agrarhilfsmittel und bietet gef\u00e4hrdete Arten Lebensraum. B\u00e4ume und Hecken sind CO2-Senken, zu Pflanzenkohle transformiert sch\u00fctzen sie das Klima zus\u00e4tzlich. Es ist erwiesen &#8211; Agroforst ist rentabler als Reinkultur.<\/p>\n<p>Noemi Stadler-Kaulich, mehr als 20 Jahre Erfahrung mit Dynamischen Agroforst in den Tropen, gem\u00e4ssigten Breiten, Trockenregionen und bis auf 4&#8217;000 H\u00f6henmeter erl\u00e4utert diese Landnutzungsmethode und erkl\u00e4rt ihre Anwendung in Landwirtschaft, Gem\u00fcsebau und Garten.<\/p>\n<p><a href=\"https:\/\/www.mollesnejta.org\/\" target=\"_blank\" rel=\"noopener\">Mollesnejta &#8211; Institut f\u00fcr Andine Agroforstwirtschaft<\/a><\/p>\n<p><strong>Date <\/strong><br \/>\nDi 31. August 2021, 18:30 \u2010 20:00<\/p>\n<p><strong>Teilnahmegeb\u00fchr <\/strong><br \/>\nCHF 22.-<\/p>\n<p><strong>Lieu<\/strong><br \/>\nKulturpark<br \/>\nPfingstweidstr. 16<br \/>\nZ\u00fcrich<\/p>\n<p><a href=\"https:\/\/www.kulturpark.ch\/veranstaltungen?course=21-08-31\" target=\"_blank\" rel=\"noopener noreferrer\">Infos zum Vortrag unter diesem Link: www.kulturpark.ch\/veranstaltungen?course=21-08-31<\/a><\/p>\n<p><img fetchpriority=\"high\" decoding=\"async\" class=\"size-full wp-image-15512 alignnone\" src=\"https:\/\/permakultur-landwirtschaft.org\/wp-content\/uploads\/2021\/07\/21-08-31_1_Agroforst.jpg\" alt=\"\" width=\"794\" height=\"654\" \/><\/p>\n<p>Bild: Noemi Stadler-Kaulich<\/p>\n<hr \/>\n<h3><a href=\"https:\/\/permakultur-landwirtschaft.org\/fr\/veranstaltungen\/\">Hier geht&#8217;s zur \u00dcbersicht aktuelle Veranstaltungen<\/a><\/h3>","protected":false},"excerpt":{"rendered":"<p>Text von kulturpark.ch: Klima, Wasser, Boden und Biodiversit\u00e4t &#8211; Fundamente unseres Lebens sind gef\u00e4hrdet. Dynamischer Agroforst bietet L\u00f6sungsm\u00f6glichkeiten gem\u00e4ss den Prinzipien der Natur. Geh\u00f6lze auf landwirtschaftlich genutzten Fl\u00e4chen sch\u00fctzen den Boden vor Wind, Wasser und Sonne, mindern Bodenabtrag, verbessern Bodenfruchtbarkeit und Wasserhaushalt. Artenvielfalt f\u00fchrt zu \u00f6kologischem Gleichgewicht, reduziert den Einsatz synthetischer Agrarhilfsmittel und bietet gef\u00e4hrdete [&hellip;]<\/p>\n","protected":false},"author":2,"featured_media":15512,"comment_status":"closed","ping_status":"closed","sticky":false,"template":"","format":"standard","meta":{"_acf_changed":false,"site-sidebar-layout":"default","site-content-layout":"","ast-site-content-layout":"default","site-content-style":"default","site-sidebar-style":"default","ast-global-header-display":"","ast-banner-title-visibility":"","ast-main-header-display":"","ast-hfb-above-header-display":"","ast-hfb-below-header-display":"","ast-hfb-mobile-header-display":"","site-post-title":"","ast-breadcrumbs-content":"","ast-featured-img":"","footer-sml-layout":"","ast-disable-related-posts":"","theme-transparent-header-meta":"","adv-header-id-meta":"","stick-header-meta":"","header-above-stick-meta":"","header-main-stick-meta":"","header-below-stick-meta":"","astra-migrate-meta-layouts":"default","ast-page-background-enabled":"default","ast-page-background-meta":{"desktop":{"background-color":"var(--ast-global-color-4)","background-image":"","background-repeat":"repeat","background-position":"center center","background-size":"auto","background-attachment":"scroll","background-type":"","background-media":"","overlay-type":"","overlay-color":"","overlay-opacity":"","overlay-gradient":""},"tablet":{"background-color":"","background-image":"","background-repeat":"repeat","background-position":"center center","background-size":"auto","background-attachment":"scroll","background-type":"","background-media":"","overlay-type":"","overlay-color":"","overlay-opacity":"","overlay-gradient":""},"mobile":{"background-color":"","background-image":"","background-repeat":"repeat","background-position":"center center","background-size":"auto","background-attachment":"scroll","background-type":"","background-media":"","overlay-type":"","overlay-color":"","overlay-opacity":"","overlay-gradient":""}},"ast-content-background-meta":{"desktop":{"background-color":"var(--ast-global-color-5)","background-image":"","background-repeat":"repeat","background-position":"center center","background-size":"auto","background-attachment":"scroll","background-type":"","background-media":"","overlay-type":"","overlay-color":"","overlay-opacity":"","overlay-gradient":""},"tablet":{"background-color":"var(--ast-global-color-5)","background-image":"","background-repeat":"repeat","background-position":"center center","background-size":"auto","background-attachment":"scroll","background-type":"","background-media":"","overlay-type":"","overlay-color":"","overlay-opacity":"","overlay-gradient":""},"mobile":{"background-color":"var(--ast-global-color-5)","background-image":"","background-repeat":"repeat","background-position":"center center","background-size":"auto","background-attachment":"scroll","background-type":"","background-media":"","overlay-type":"","overlay-color":"","overlay-opacity":"","overlay-gradient":""}},"footnotes":""},"categories":[21],"tags":[],"class_list":["post-15511","post","type-post","status-publish","format-standard","has-post-thumbnail","hentry","category-veranstaltungen_archiv"],"acf":[],"yoast_head":"<!-- This site is optimized with the Yoast SEO plugin v27.5 - https:\/\/yoast.com\/product\/yoast-seo-wordpress\/ -->\n<title>Dynamischer Agroforst Vortrag von Noemi Stadler-Kaulich am 31. August 2021 - Permakultur-Landwirtschaft<\/title>\n<meta name=\"robots\" content=\"index, follow, max-snippet:-1, max-image-preview:large, max-video-preview:-1\" \/>\n<link rel=\"canonical\" href=\"https:\/\/permakultur-landwirtschaft.org\/fr\/dynamischer-agroforst-vortrag-von-noemi-stadler-kaulich-in-zuerich-am-31-august-2021\/\" \/>\n<meta property=\"og:locale\" content=\"fr_FR\" \/>\n<meta property=\"og:type\" content=\"article\" \/>\n<meta property=\"og:title\" content=\"Dynamischer Agroforst Vortrag von Noemi Stadler-Kaulich am 31. August 2021 - Permakultur-Landwirtschaft\" \/>\n<meta property=\"og:description\" content=\"Text von kulturpark.ch: Klima, Wasser, Boden und Biodiversit\u00e4t &#8211; Fundamente unseres Lebens sind gef\u00e4hrdet. Dynamischer Agroforst bietet L\u00f6sungsm\u00f6glichkeiten gem\u00e4ss den Prinzipien der Natur. Geh\u00f6lze auf landwirtschaftlich genutzten Fl\u00e4chen sch\u00fctzen den Boden vor Wind, Wasser und Sonne, mindern Bodenabtrag, verbessern Bodenfruchtbarkeit und Wasserhaushalt. Artenvielfalt f\u00fchrt zu \u00f6kologischem Gleichgewicht, reduziert den Einsatz synthetischer Agrarhilfsmittel und bietet gef\u00e4hrdete [&hellip;]\" \/>\n<meta property=\"og:url\" content=\"https:\/\/permakultur-landwirtschaft.org\/fr\/dynamischer-agroforst-vortrag-von-noemi-stadler-kaulich-in-zuerich-am-31-august-2021\/\" \/>\n<meta property=\"og:site_name\" content=\"Permakultur-Landwirtschaft\" \/>\n<meta property=\"article:publisher\" content=\"https:\/\/www.facebook.com\/PermakulturLandwirtschaft\" \/>\n<meta property=\"article:published_time\" content=\"2021-08-31T03:37:36+00:00\" \/>\n<meta property=\"article:modified_time\" content=\"2021-08-31T21:32:33+00:00\" \/>\n<meta property=\"og:image\" content=\"http:\/\/permakultur-landwirtschaft.org\/wp-content\/uploads\/2021\/07\/21-08-31_1_Agroforst.jpg\" \/>\n\t<meta property=\"og:image:width\" content=\"350\" \/>\n\t<meta property=\"og:image:height\" content=\"288\" \/>\n\t<meta property=\"og:image:type\" content=\"image\/jpeg\" \/>\n<meta name=\"author\" content=\"adrian reutimann\" \/>\n<meta name=\"twitter:card\" content=\"summary_large_image\" \/>\n<meta name=\"twitter:label1\" content=\"\u00c9crit par\" \/>\n\t<meta name=\"twitter:data1\" content=\"adrian reutimann\" \/>\n\t<meta name=\"twitter:label2\" content=\"Dur\u00e9e de lecture estim\u00e9e\" \/>\n\t<meta name=\"twitter:data2\" content=\"1 minute\" \/>\n<script type=\"application\/ld+json\" class=\"yoast-schema-graph\">{\"@context\":\"https:\\\/\\\/schema.org\",\"@graph\":[{\"@type\":\"Article\",\"@id\":\"https:\\\/\\\/permakultur-landwirtschaft.org\\\/dynamischer-agroforst-vortrag-von-noemi-stadler-kaulich-in-zuerich-am-31-august-2021\\\/#article\",\"isPartOf\":{\"@id\":\"https:\\\/\\\/permakultur-landwirtschaft.org\\\/dynamischer-agroforst-vortrag-von-noemi-stadler-kaulich-in-zuerich-am-31-august-2021\\\/\"},\"author\":{\"name\":\"adrian reutimann\",\"@id\":\"https:\\\/\\\/permakultur-landwirtschaft.org\\\/#\\\/schema\\\/person\\\/6b0467872f75aed3e144093f9bf4f0b0\"},\"headline\":\"Dynamischer Agroforst Vortrag von Noemi Stadler-Kaulich am 31. August 2021\",\"datePublished\":\"2021-08-31T03:37:36+00:00\",\"dateModified\":\"2021-08-31T21:32:33+00:00\",\"mainEntityOfPage\":{\"@id\":\"https:\\\/\\\/permakultur-landwirtschaft.org\\\/dynamischer-agroforst-vortrag-von-noemi-stadler-kaulich-in-zuerich-am-31-august-2021\\\/\"},\"wordCount\":180,\"publisher\":{\"@id\":\"https:\\\/\\\/permakultur-landwirtschaft.org\\\/#organization\"},\"image\":{\"@id\":\"https:\\\/\\\/permakultur-landwirtschaft.org\\\/dynamischer-agroforst-vortrag-von-noemi-stadler-kaulich-in-zuerich-am-31-august-2021\\\/#primaryimage\"},\"thumbnailUrl\":\"https:\\\/\\\/permakultur-landwirtschaft.org\\\/wp-content\\\/uploads\\\/2021\\\/07\\\/21-08-31_1_Agroforst-e1627616597882.jpg\",\"articleSection\":[\"Veranstaltungen_Archiv\"],\"inLanguage\":\"fr-FR\"},{\"@type\":\"WebPage\",\"@id\":\"https:\\\/\\\/permakultur-landwirtschaft.org\\\/dynamischer-agroforst-vortrag-von-noemi-stadler-kaulich-in-zuerich-am-31-august-2021\\\/\",\"url\":\"https:\\\/\\\/permakultur-landwirtschaft.org\\\/dynamischer-agroforst-vortrag-von-noemi-stadler-kaulich-in-zuerich-am-31-august-2021\\\/\",\"name\":\"Dynamischer Agroforst Vortrag von Noemi Stadler-Kaulich am 31. August 2021 - Permakultur-Landwirtschaft\",\"isPartOf\":{\"@id\":\"https:\\\/\\\/permakultur-landwirtschaft.org\\\/#website\"},\"primaryImageOfPage\":{\"@id\":\"https:\\\/\\\/permakultur-landwirtschaft.org\\\/dynamischer-agroforst-vortrag-von-noemi-stadler-kaulich-in-zuerich-am-31-august-2021\\\/#primaryimage\"},\"image\":{\"@id\":\"https:\\\/\\\/permakultur-landwirtschaft.org\\\/dynamischer-agroforst-vortrag-von-noemi-stadler-kaulich-in-zuerich-am-31-august-2021\\\/#primaryimage\"},\"thumbnailUrl\":\"https:\\\/\\\/permakultur-landwirtschaft.org\\\/wp-content\\\/uploads\\\/2021\\\/07\\\/21-08-31_1_Agroforst-e1627616597882.jpg\",\"datePublished\":\"2021-08-31T03:37:36+00:00\",\"dateModified\":\"2021-08-31T21:32:33+00:00\",\"breadcrumb\":{\"@id\":\"https:\\\/\\\/permakultur-landwirtschaft.org\\\/dynamischer-agroforst-vortrag-von-noemi-stadler-kaulich-in-zuerich-am-31-august-2021\\\/#breadcrumb\"},\"inLanguage\":\"fr-FR\",\"potentialAction\":[{\"@type\":\"ReadAction\",\"target\":[\"https:\\\/\\\/permakultur-landwirtschaft.org\\\/dynamischer-agroforst-vortrag-von-noemi-stadler-kaulich-in-zuerich-am-31-august-2021\\\/\"]}]},{\"@type\":\"ImageObject\",\"inLanguage\":\"fr-FR\",\"@id\":\"https:\\\/\\\/permakultur-landwirtschaft.org\\\/dynamischer-agroforst-vortrag-von-noemi-stadler-kaulich-in-zuerich-am-31-august-2021\\\/#primaryimage\",\"url\":\"https:\\\/\\\/permakultur-landwirtschaft.org\\\/wp-content\\\/uploads\\\/2021\\\/07\\\/21-08-31_1_Agroforst-e1627616597882.jpg\",\"contentUrl\":\"https:\\\/\\\/permakultur-landwirtschaft.org\\\/wp-content\\\/uploads\\\/2021\\\/07\\\/21-08-31_1_Agroforst-e1627616597882.jpg\",\"width\":350,\"height\":288},{\"@type\":\"BreadcrumbList\",\"@id\":\"https:\\\/\\\/permakultur-landwirtschaft.org\\\/dynamischer-agroforst-vortrag-von-noemi-stadler-kaulich-in-zuerich-am-31-august-2021\\\/#breadcrumb\",\"itemListElement\":[{\"@type\":\"ListItem\",\"position\":1,\"name\":\"Startseite\",\"item\":\"https:\\\/\\\/permakultur-landwirtschaft.org\\\/\"},{\"@type\":\"ListItem\",\"position\":2,\"name\":\"Dynamischer Agroforst Vortrag von Noemi Stadler-Kaulich am 31. August 2021\"}]},{\"@type\":\"WebSite\",\"@id\":\"https:\\\/\\\/permakultur-landwirtschaft.org\\\/#website\",\"url\":\"https:\\\/\\\/permakultur-landwirtschaft.org\\\/\",\"name\":\"Permakultur-Landwirtschaft\",\"description\":\"F\u00f6rderung der Permakultur in der Landwirtschaft\",\"publisher\":{\"@id\":\"https:\\\/\\\/permakultur-landwirtschaft.org\\\/#organization\"},\"potentialAction\":[{\"@type\":\"SearchAction\",\"target\":{\"@type\":\"EntryPoint\",\"urlTemplate\":\"https:\\\/\\\/permakultur-landwirtschaft.org\\\/?s={search_term_string}\"},\"query-input\":{\"@type\":\"PropertyValueSpecification\",\"valueRequired\":true,\"valueName\":\"search_term_string\"}}],\"inLanguage\":\"fr-FR\"},{\"@type\":\"Organization\",\"@id\":\"https:\\\/\\\/permakultur-landwirtschaft.org\\\/#organization\",\"name\":\"Permakultur-Landwirtschaft\",\"alternateName\":\"Verein Permakultur-Landwirtschaft\",\"url\":\"https:\\\/\\\/permakultur-landwirtschaft.org\\\/\",\"logo\":{\"@type\":\"ImageObject\",\"inLanguage\":\"fr-FR\",\"@id\":\"https:\\\/\\\/permakultur-landwirtschaft.org\\\/#\\\/schema\\\/logo\\\/image\\\/\",\"url\":\"https:\\\/\\\/permakultur-landwirtschaft.org\\\/wp-content\\\/uploads\\\/2021\\\/11\\\/pela_1268x1269.png\",\"contentUrl\":\"https:\\\/\\\/permakultur-landwirtschaft.org\\\/wp-content\\\/uploads\\\/2021\\\/11\\\/pela_1268x1269.png\",\"width\":1298,\"height\":1269,\"caption\":\"Permakultur-Landwirtschaft\"},\"image\":{\"@id\":\"https:\\\/\\\/permakultur-landwirtschaft.org\\\/#\\\/schema\\\/logo\\\/image\\\/\"},\"sameAs\":[\"https:\\\/\\\/www.facebook.com\\\/PermakulturLandwirtschaft\",\"https:\\\/\\\/www.instagram.com\\\/permakultur_landwirtschaft\\\/\",\"https:\\\/\\\/www.flickr.com\\\/photos\\\/permakultur-landwirtschaft\",\"https:\\\/\\\/www.youtube.com\\\/@PermakulturLandwirtschaft\"]},{\"@type\":\"Person\",\"@id\":\"https:\\\/\\\/permakultur-landwirtschaft.org\\\/#\\\/schema\\\/person\\\/6b0467872f75aed3e144093f9bf4f0b0\",\"name\":\"adrian reutimann\",\"url\":\"https:\\\/\\\/permakultur-landwirtschaft.org\\\/fr\\\/author\\\/reutiadr\\\/\"}]}<\/script>\n<!-- \/ Yoast SEO plugin. -->","yoast_head_json":{"title":"Dynamischer Agroforst Vortrag von Noemi Stadler-Kaulich am 31. August 2021 - Permakultur-Landwirtschaft","robots":{"index":"index","follow":"follow","max-snippet":"max-snippet:-1","max-image-preview":"max-image-preview:large","max-video-preview":"max-video-preview:-1"},"canonical":"https:\/\/permakultur-landwirtschaft.org\/fr\/dynamischer-agroforst-vortrag-von-noemi-stadler-kaulich-in-zuerich-am-31-august-2021\/","og_locale":"fr_FR","og_type":"article","og_title":"Dynamischer Agroforst Vortrag von Noemi Stadler-Kaulich am 31. August 2021 - Permakultur-Landwirtschaft","og_description":"Text von kulturpark.ch: Klima, Wasser, Boden und Biodiversit\u00e4t &#8211; Fundamente unseres Lebens sind gef\u00e4hrdet. Dynamischer Agroforst bietet L\u00f6sungsm\u00f6glichkeiten gem\u00e4ss den Prinzipien der Natur. Geh\u00f6lze auf landwirtschaftlich genutzten Fl\u00e4chen sch\u00fctzen den Boden vor Wind, Wasser und Sonne, mindern Bodenabtrag, verbessern Bodenfruchtbarkeit und Wasserhaushalt. Artenvielfalt f\u00fchrt zu \u00f6kologischem Gleichgewicht, reduziert den Einsatz synthetischer Agrarhilfsmittel und bietet gef\u00e4hrdete [&hellip;]","og_url":"https:\/\/permakultur-landwirtschaft.org\/fr\/dynamischer-agroforst-vortrag-von-noemi-stadler-kaulich-in-zuerich-am-31-august-2021\/","og_site_name":"Permakultur-Landwirtschaft","article_publisher":"https:\/\/www.facebook.com\/PermakulturLandwirtschaft","article_published_time":"2021-08-31T03:37:36+00:00","article_modified_time":"2021-08-31T21:32:33+00:00","og_image":[{"width":350,"height":288,"url":"http:\/\/permakultur-landwirtschaft.org\/wp-content\/uploads\/2021\/07\/21-08-31_1_Agroforst.jpg","type":"image\/jpeg"}],"author":"adrian reutimann","twitter_card":"summary_large_image","twitter_misc":{"\u00c9crit par":"adrian reutimann","Dur\u00e9e de lecture estim\u00e9e":"1 minute"},"schema":{"@context":"https:\/\/schema.org","@graph":[{"@type":"Article","@id":"https:\/\/permakultur-landwirtschaft.org\/dynamischer-agroforst-vortrag-von-noemi-stadler-kaulich-in-zuerich-am-31-august-2021\/#article","isPartOf":{"@id":"https:\/\/permakultur-landwirtschaft.org\/dynamischer-agroforst-vortrag-von-noemi-stadler-kaulich-in-zuerich-am-31-august-2021\/"},"author":{"name":"adrian reutimann","@id":"https:\/\/permakultur-landwirtschaft.org\/#\/schema\/person\/6b0467872f75aed3e144093f9bf4f0b0"},"headline":"Dynamischer Agroforst Vortrag von Noemi Stadler-Kaulich am 31. August 2021","datePublished":"2021-08-31T03:37:36+00:00","dateModified":"2021-08-31T21:32:33+00:00","mainEntityOfPage":{"@id":"https:\/\/permakultur-landwirtschaft.org\/dynamischer-agroforst-vortrag-von-noemi-stadler-kaulich-in-zuerich-am-31-august-2021\/"},"wordCount":180,"publisher":{"@id":"https:\/\/permakultur-landwirtschaft.org\/#organization"},"image":{"@id":"https:\/\/permakultur-landwirtschaft.org\/dynamischer-agroforst-vortrag-von-noemi-stadler-kaulich-in-zuerich-am-31-august-2021\/#primaryimage"},"thumbnailUrl":"https:\/\/permakultur-landwirtschaft.org\/wp-content\/uploads\/2021\/07\/21-08-31_1_Agroforst-e1627616597882.jpg","articleSection":["Veranstaltungen_Archiv"],"inLanguage":"fr-FR"},{"@type":"WebPage","@id":"https:\/\/permakultur-landwirtschaft.org\/dynamischer-agroforst-vortrag-von-noemi-stadler-kaulich-in-zuerich-am-31-august-2021\/","url":"https:\/\/permakultur-landwirtschaft.org\/dynamischer-agroforst-vortrag-von-noemi-stadler-kaulich-in-zuerich-am-31-august-2021\/","name":"Dynamischer Agroforst Vortrag von Noemi Stadler-Kaulich am 31. August 2021 - Permakultur-Landwirtschaft","isPartOf":{"@id":"https:\/\/permakultur-landwirtschaft.org\/#website"},"primaryImageOfPage":{"@id":"https:\/\/permakultur-landwirtschaft.org\/dynamischer-agroforst-vortrag-von-noemi-stadler-kaulich-in-zuerich-am-31-august-2021\/#primaryimage"},"image":{"@id":"https:\/\/permakultur-landwirtschaft.org\/dynamischer-agroforst-vortrag-von-noemi-stadler-kaulich-in-zuerich-am-31-august-2021\/#primaryimage"},"thumbnailUrl":"https:\/\/permakultur-landwirtschaft.org\/wp-content\/uploads\/2021\/07\/21-08-31_1_Agroforst-e1627616597882.jpg","datePublished":"2021-08-31T03:37:36+00:00","dateModified":"2021-08-31T21:32:33+00:00","breadcrumb":{"@id":"https:\/\/permakultur-landwirtschaft.org\/dynamischer-agroforst-vortrag-von-noemi-stadler-kaulich-in-zuerich-am-31-august-2021\/#breadcrumb"},"inLanguage":"fr-FR","potentialAction":[{"@type":"ReadAction","target":["https:\/\/permakultur-landwirtschaft.org\/dynamischer-agroforst-vortrag-von-noemi-stadler-kaulich-in-zuerich-am-31-august-2021\/"]}]},{"@type":"ImageObject","inLanguage":"fr-FR","@id":"https:\/\/permakultur-landwirtschaft.org\/dynamischer-agroforst-vortrag-von-noemi-stadler-kaulich-in-zuerich-am-31-august-2021\/#primaryimage","url":"https:\/\/permakultur-landwirtschaft.org\/wp-content\/uploads\/2021\/07\/21-08-31_1_Agroforst-e1627616597882.jpg","contentUrl":"https:\/\/permakultur-landwirtschaft.org\/wp-content\/uploads\/2021\/07\/21-08-31_1_Agroforst-e1627616597882.jpg","width":350,"height":288},{"@type":"BreadcrumbList","@id":"https:\/\/permakultur-landwirtschaft.org\/dynamischer-agroforst-vortrag-von-noemi-stadler-kaulich-in-zuerich-am-31-august-2021\/#breadcrumb","itemListElement":[{"@type":"ListItem","position":1,"name":"Startseite","item":"https:\/\/permakultur-landwirtschaft.org\/"},{"@type":"ListItem","position":2,"name":"Dynamischer Agroforst Vortrag von Noemi Stadler-Kaulich am 31. August 2021"}]},{"@type":"WebSite","@id":"https:\/\/permakultur-landwirtschaft.org\/#website","url":"https:\/\/permakultur-landwirtschaft.org\/","name":"Permakultur-Landwirtschaft","description":"F\u00f6rderung der Permakultur in der Landwirtschaft","publisher":{"@id":"https:\/\/permakultur-landwirtschaft.org\/#organization"},"potentialAction":[{"@type":"SearchAction","target":{"@type":"EntryPoint","urlTemplate":"https:\/\/permakultur-landwirtschaft.org\/?s={search_term_string}"},"query-input":{"@type":"PropertyValueSpecification","valueRequired":true,"valueName":"search_term_string"}}],"inLanguage":"fr-FR"},{"@type":"Organization","@id":"https:\/\/permakultur-landwirtschaft.org\/#organization","name":"Permakultur-Landwirtschaft","alternateName":"Verein Permakultur-Landwirtschaft","url":"https:\/\/permakultur-landwirtschaft.org\/","logo":{"@type":"ImageObject","inLanguage":"fr-FR","@id":"https:\/\/permakultur-landwirtschaft.org\/#\/schema\/logo\/image\/","url":"https:\/\/permakultur-landwirtschaft.org\/wp-content\/uploads\/2021\/11\/pela_1268x1269.png","contentUrl":"https:\/\/permakultur-landwirtschaft.org\/wp-content\/uploads\/2021\/11\/pela_1268x1269.png","width":1298,"height":1269,"caption":"Permakultur-Landwirtschaft"},"image":{"@id":"https:\/\/permakultur-landwirtschaft.org\/#\/schema\/logo\/image\/"},"sameAs":["https:\/\/www.facebook.com\/PermakulturLandwirtschaft","https:\/\/www.instagram.com\/permakultur_landwirtschaft\/","https:\/\/www.flickr.com\/photos\/permakultur-landwirtschaft","https:\/\/www.youtube.com\/@PermakulturLandwirtschaft"]},{"@type":"Person","@id":"https:\/\/permakultur-landwirtschaft.org\/#\/schema\/person\/6b0467872f75aed3e144093f9bf4f0b0","name":"adrian reutimann","url":"https:\/\/permakultur-landwirtschaft.org\/fr\/author\/reutiadr\/"}]}},"_links":{"self":[{"href":"https:\/\/permakultur-landwirtschaft.org\/fr\/wp-json\/wp\/v2\/posts\/15511","targetHints":{"allow":["GET"]}}],"collection":[{"href":"https:\/\/permakultur-landwirtschaft.org\/fr\/wp-json\/wp\/v2\/posts"}],"about":[{"href":"https:\/\/permakultur-landwirtschaft.org\/fr\/wp-json\/wp\/v2\/types\/post"}],"author":[{"embeddable":true,"href":"https:\/\/permakultur-landwirtschaft.org\/fr\/wp-json\/wp\/v2\/users\/2"}],"replies":[{"embeddable":true,"href":"https:\/\/permakultur-landwirtschaft.org\/fr\/wp-json\/wp\/v2\/comments?post=15511"}],"version-history":[{"count":6,"href":"https:\/\/permakultur-landwirtschaft.org\/fr\/wp-json\/wp\/v2\/posts\/15511\/revisions"}],"predecessor-version":[{"id":15829,"href":"https:\/\/permakultur-landwirtschaft.org\/fr\/wp-json\/wp\/v2\/posts\/15511\/revisions\/15829"}],"wp:featuredmedia":[{"embeddable":true,"href":"https:\/\/permakultur-landwirtschaft.org\/fr\/wp-json\/wp\/v2\/media\/15512"}],"wp:attachment":[{"href":"https:\/\/permakultur-landwirtschaft.org\/fr\/wp-json\/wp\/v2\/media?parent=15511"}],"wp:term":[{"taxonomy":"category","embeddable":true,"href":"https:\/\/permakultur-landwirtschaft.org\/fr\/wp-json\/wp\/v2\/categories?post=15511"},{"taxonomy":"post_tag","embeddable":true,"href":"https:\/\/permakultur-landwirtschaft.org\/fr\/wp-json\/wp\/v2\/tags?post=15511"}],"curies":[{"name":"wp","href":"https:\/\/api.w.org\/{rel}","templated":true}]}}