{"id":15508,"date":"2021-08-12T05:28:53","date_gmt":"2021-08-12T03:28:53","guid":{"rendered":"https:\/\/permakultur-landwirtschaft.org\/?p=15508"},"modified":"2021-08-16T22:38:10","modified_gmt":"2021-08-16T20:38:10","slug":"tag-der-begegnung-und-entdeckung-im-perma-jardin-in-marcelin-am-12-august-2021","status":"publish","type":"post","link":"https:\/\/permakultur-landwirtschaft.org\/fr\/tag-der-begegnung-und-entdeckung-im-perma-jardin-in-marcelin-am-12-august-2021\/","title":{"rendered":"Tag der Begegnung und Entdeckung im Perma-Jardin in Marcelin am 12. August 2021"},"content":{"rendered":"<p>Text von permakultur.ch:<\/p>\n<p><strong>Besuch in der Romandie zum Thema Microf\u00e9rmes: Tag der Begegnung und Entdeckung im Perma-Jardin, Marcelin (Morges)<br \/>\n<\/strong><\/p>\n<p>Der Verein Permakultur Schweiz und Permaculture Romande spannen zusammen, um euch einen Entdeckungstag im Perma-Jardin zu erm\u00f6glichen: Wir besuchen eine durch die Permakultur inpirierte Mikrofarm (2.4 Hektaren) in Marcelin (Morges, VD). Die Mikrofarm in Marcelin ist das Ergebnis einer Zusammenarbeit durch Victor Bovy, biologisch produzierender Landwirt, und H\u00e9l\u00e8ne Bougoin, Abteilung \u00abAlternative Landwirtschaftssysteme\u00bb des FIBL und der Landwirtschaftsdirektion, Abteilung Weinbau des Kantons Waat (DGAV) (hoffe, habe dies richtig \u00fcbersetzt):-).<\/p>\n<p>Auf dem Tagesprogramm stehen ein Vortrag von Victor Bovy, gefolgt von einer Gespr\u00e4chsrunde mit H\u00e9l\u00e9ne Bougoin und Leila Chakroun ((Unil\/Vorstand Permaculture Romande). Im Anschluss werden wir an einem Praxisworkshop teilnehmen und ein Tour durch den BioDiVerger (Agroforst und Waldgarten) in Marcelin erhalten.<\/p>\n<p>Die Anzahl der Teilnehmenden ist beschr\u00e4nkt auf 30 Personen. Die Teilnahme kostet 15.- CHF f\u00fcr Mitglieder (von Permakultur Schweiz) und 20.- CHF f\u00fcr Nichtmitglieder. (Es gibt die M\u00f6glichkeit vor Ort Mitglied zu werden).<\/p>\n<p>Anmeldung per E-Mail auf: <a href=\"mailto:koordination@permakultur.ch\">koordination@permakultur.ch<\/a>. Anmeldeschluss: 6. August. N\u00e4here Information werden den Angemeldeten am 9. August per E-Mail mitgeteilt.<\/p>\n<p><a href=\"https:\/\/fermepremartin.ch\" target=\"_blank\" rel=\"noopener\">fermepremartin.ch<\/a><\/p>\n<p><strong>Date <\/strong><br \/>\n12. August 2021, 10.30 &#8211; 15.30<\/p>\n<p><strong>Lieu<\/strong><br \/>\nMarcelin bei Morges VD<\/p>\n<p><img fetchpriority=\"high\" decoding=\"async\" class=\"alignleft wp-image-15509 size-full\" src=\"https:\/\/permakultur-landwirtschaft.org\/wp-content\/uploads\/2021\/07\/PermaJardinLeilaChakroun.jpg\" alt=\"\" width=\"2560\" height=\"1707\" \/><\/p>\n<p>Bild: Leila Chakroun<\/p>\n<hr \/>\n<h3><a href=\"https:\/\/permakultur-landwirtschaft.org\/fr\/veranstaltungen\/\">Hier geht&#8217;s zur \u00dcbersicht aktuelle Veranstaltungen<\/a><\/h3>","protected":false},"excerpt":{"rendered":"<p>Text von permakultur.ch: Besuch in der Romandie zum Thema Microf\u00e9rmes: Tag der Begegnung und Entdeckung im Perma-Jardin, Marcelin (Morges) Der Verein Permakultur Schweiz und Permaculture Romande spannen zusammen, um euch einen Entdeckungstag im Perma-Jardin zu erm\u00f6glichen: Wir besuchen eine durch die Permakultur inpirierte Mikrofarm (2.4 Hektaren) in Marcelin (Morges, VD). Die Mikrofarm in Marcelin ist [&hellip;]<\/p>\n","protected":false},"author":2,"featured_media":15509,"comment_status":"closed","ping_status":"closed","sticky":false,"template":"","format":"standard","meta":{"_acf_changed":false,"site-sidebar-layout":"default","site-content-layout":"","ast-site-content-layout":"default","site-content-style":"default","site-sidebar-style":"default","ast-global-header-display":"","ast-banner-title-visibility":"","ast-main-header-display":"","ast-hfb-above-header-display":"","ast-hfb-below-header-display":"","ast-hfb-mobile-header-display":"","site-post-title":"","ast-breadcrumbs-content":"","ast-featured-img":"","footer-sml-layout":"","ast-disable-related-posts":"","theme-transparent-header-meta":"","adv-header-id-meta":"","stick-header-meta":"","header-above-stick-meta":"","header-main-stick-meta":"","header-below-stick-meta":"","astra-migrate-meta-layouts":"default","ast-page-background-enabled":"default","ast-page-background-meta":{"desktop":{"background-color":"var(--ast-global-color-4)","background-image":"","background-repeat":"repeat","background-position":"center center","background-size":"auto","background-attachment":"scroll","background-type":"","background-media":"","overlay-type":"","overlay-color":"","overlay-opacity":"","overlay-gradient":""},"tablet":{"background-color":"","background-image":"","background-repeat":"repeat","background-position":"center center","background-size":"auto","background-attachment":"scroll","background-type":"","background-media":"","overlay-type":"","overlay-color":"","overlay-opacity":"","overlay-gradient":""},"mobile":{"background-color":"","background-image":"","background-repeat":"repeat","background-position":"center center","background-size":"auto","background-attachment":"scroll","background-type":"","background-media":"","overlay-type":"","overlay-color":"","overlay-opacity":"","overlay-gradient":""}},"ast-content-background-meta":{"desktop":{"background-color":"var(--ast-global-color-5)","background-image":"","background-repeat":"repeat","background-position":"center center","background-size":"auto","background-attachment":"scroll","background-type":"","background-media":"","overlay-type":"","overlay-color":"","overlay-opacity":"","overlay-gradient":""},"tablet":{"background-color":"var(--ast-global-color-5)","background-image":"","background-repeat":"repeat","background-position":"center center","background-size":"auto","background-attachment":"scroll","background-type":"","background-media":"","overlay-type":"","overlay-color":"","overlay-opacity":"","overlay-gradient":""},"mobile":{"background-color":"var(--ast-global-color-5)","background-image":"","background-repeat":"repeat","background-position":"center center","background-size":"auto","background-attachment":"scroll","background-type":"","background-media":"","overlay-type":"","overlay-color":"","overlay-opacity":"","overlay-gradient":""}},"footnotes":""},"categories":[21],"tags":[],"class_list":["post-15508","post","type-post","status-publish","format-standard","has-post-thumbnail","hentry","category-veranstaltungen_archiv"],"acf":[],"yoast_head":"<!-- This site is optimized with the Yoast SEO plugin v27.5 - https:\/\/yoast.com\/product\/yoast-seo-wordpress\/ -->\n<title>Tag der Begegnung und Entdeckung im Perma-Jardin in Marcelin am 12. August 2021 - Permakultur-Landwirtschaft<\/title>\n<meta name=\"robots\" content=\"index, follow, max-snippet:-1, max-image-preview:large, max-video-preview:-1\" \/>\n<link rel=\"canonical\" href=\"https:\/\/permakultur-landwirtschaft.org\/fr\/tag-der-begegnung-und-entdeckung-im-perma-jardin-in-marcelin-am-12-august-2021\/\" \/>\n<meta property=\"og:locale\" content=\"fr_FR\" \/>\n<meta property=\"og:type\" content=\"article\" \/>\n<meta property=\"og:title\" content=\"Tag der Begegnung und Entdeckung im Perma-Jardin in Marcelin am 12. August 2021 - Permakultur-Landwirtschaft\" \/>\n<meta property=\"og:description\" content=\"Text von permakultur.ch: Besuch in der Romandie zum Thema Microf\u00e9rmes: Tag der Begegnung und Entdeckung im Perma-Jardin, Marcelin (Morges) Der Verein Permakultur Schweiz und Permaculture Romande spannen zusammen, um euch einen Entdeckungstag im Perma-Jardin zu erm\u00f6glichen: Wir besuchen eine durch die Permakultur inpirierte Mikrofarm (2.4 Hektaren) in Marcelin (Morges, VD). Die Mikrofarm in Marcelin ist [&hellip;]\" \/>\n<meta property=\"og:url\" content=\"https:\/\/permakultur-landwirtschaft.org\/fr\/tag-der-begegnung-und-entdeckung-im-perma-jardin-in-marcelin-am-12-august-2021\/\" \/>\n<meta property=\"og:site_name\" content=\"Permakultur-Landwirtschaft\" \/>\n<meta property=\"article:publisher\" content=\"https:\/\/www.facebook.com\/PermakulturLandwirtschaft\" \/>\n<meta property=\"article:published_time\" content=\"2021-08-12T03:28:53+00:00\" \/>\n<meta property=\"article:modified_time\" content=\"2021-08-16T20:38:10+00:00\" \/>\n<meta property=\"og:image\" content=\"http:\/\/permakultur-landwirtschaft.org\/wp-content\/uploads\/2021\/07\/PermaJardinLeilaChakroun.jpg\" \/>\n\t<meta property=\"og:image:width\" content=\"350\" \/>\n\t<meta property=\"og:image:height\" content=\"233\" \/>\n\t<meta property=\"og:image:type\" content=\"image\/jpeg\" \/>\n<meta name=\"author\" content=\"adrian reutimann\" \/>\n<meta name=\"twitter:card\" content=\"summary_large_image\" \/>\n<meta name=\"twitter:label1\" content=\"\u00c9crit par\" \/>\n\t<meta name=\"twitter:data1\" content=\"adrian reutimann\" \/>\n\t<meta name=\"twitter:label2\" content=\"Dur\u00e9e de lecture estim\u00e9e\" \/>\n\t<meta name=\"twitter:data2\" content=\"1 minute\" \/>\n<script type=\"application\/ld+json\" class=\"yoast-schema-graph\">{\"@context\":\"https:\\\/\\\/schema.org\",\"@graph\":[{\"@type\":\"Article\",\"@id\":\"https:\\\/\\\/permakultur-landwirtschaft.org\\\/tag-der-begegnung-und-entdeckung-im-perma-jardin-in-marcelin-am-12-august-2021\\\/#article\",\"isPartOf\":{\"@id\":\"https:\\\/\\\/permakultur-landwirtschaft.org\\\/tag-der-begegnung-und-entdeckung-im-perma-jardin-in-marcelin-am-12-august-2021\\\/\"},\"author\":{\"name\":\"adrian reutimann\",\"@id\":\"https:\\\/\\\/permakultur-landwirtschaft.org\\\/#\\\/schema\\\/person\\\/6b0467872f75aed3e144093f9bf4f0b0\"},\"headline\":\"Tag der Begegnung und Entdeckung im Perma-Jardin in Marcelin am 12. August 2021\",\"datePublished\":\"2021-08-12T03:28:53+00:00\",\"dateModified\":\"2021-08-16T20:38:10+00:00\",\"mainEntityOfPage\":{\"@id\":\"https:\\\/\\\/permakultur-landwirtschaft.org\\\/tag-der-begegnung-und-entdeckung-im-perma-jardin-in-marcelin-am-12-august-2021\\\/\"},\"wordCount\":225,\"publisher\":{\"@id\":\"https:\\\/\\\/permakultur-landwirtschaft.org\\\/#organization\"},\"image\":{\"@id\":\"https:\\\/\\\/permakultur-landwirtschaft.org\\\/tag-der-begegnung-und-entdeckung-im-perma-jardin-in-marcelin-am-12-august-2021\\\/#primaryimage\"},\"thumbnailUrl\":\"https:\\\/\\\/permakultur-landwirtschaft.org\\\/wp-content\\\/uploads\\\/2021\\\/07\\\/PermaJardinLeilaChakroun-scaled-e1627616022815.jpg\",\"articleSection\":[\"Veranstaltungen_Archiv\"],\"inLanguage\":\"fr-FR\"},{\"@type\":\"WebPage\",\"@id\":\"https:\\\/\\\/permakultur-landwirtschaft.org\\\/tag-der-begegnung-und-entdeckung-im-perma-jardin-in-marcelin-am-12-august-2021\\\/\",\"url\":\"https:\\\/\\\/permakultur-landwirtschaft.org\\\/tag-der-begegnung-und-entdeckung-im-perma-jardin-in-marcelin-am-12-august-2021\\\/\",\"name\":\"Tag der Begegnung und Entdeckung im Perma-Jardin in Marcelin am 12. August 2021 - Permakultur-Landwirtschaft\",\"isPartOf\":{\"@id\":\"https:\\\/\\\/permakultur-landwirtschaft.org\\\/#website\"},\"primaryImageOfPage\":{\"@id\":\"https:\\\/\\\/permakultur-landwirtschaft.org\\\/tag-der-begegnung-und-entdeckung-im-perma-jardin-in-marcelin-am-12-august-2021\\\/#primaryimage\"},\"image\":{\"@id\":\"https:\\\/\\\/permakultur-landwirtschaft.org\\\/tag-der-begegnung-und-entdeckung-im-perma-jardin-in-marcelin-am-12-august-2021\\\/#primaryimage\"},\"thumbnailUrl\":\"https:\\\/\\\/permakultur-landwirtschaft.org\\\/wp-content\\\/uploads\\\/2021\\\/07\\\/PermaJardinLeilaChakroun-scaled-e1627616022815.jpg\",\"datePublished\":\"2021-08-12T03:28:53+00:00\",\"dateModified\":\"2021-08-16T20:38:10+00:00\",\"breadcrumb\":{\"@id\":\"https:\\\/\\\/permakultur-landwirtschaft.org\\\/tag-der-begegnung-und-entdeckung-im-perma-jardin-in-marcelin-am-12-august-2021\\\/#breadcrumb\"},\"inLanguage\":\"fr-FR\",\"potentialAction\":[{\"@type\":\"ReadAction\",\"target\":[\"https:\\\/\\\/permakultur-landwirtschaft.org\\\/tag-der-begegnung-und-entdeckung-im-perma-jardin-in-marcelin-am-12-august-2021\\\/\"]}]},{\"@type\":\"ImageObject\",\"inLanguage\":\"fr-FR\",\"@id\":\"https:\\\/\\\/permakultur-landwirtschaft.org\\\/tag-der-begegnung-und-entdeckung-im-perma-jardin-in-marcelin-am-12-august-2021\\\/#primaryimage\",\"url\":\"https:\\\/\\\/permakultur-landwirtschaft.org\\\/wp-content\\\/uploads\\\/2021\\\/07\\\/PermaJardinLeilaChakroun-scaled-e1627616022815.jpg\",\"contentUrl\":\"https:\\\/\\\/permakultur-landwirtschaft.org\\\/wp-content\\\/uploads\\\/2021\\\/07\\\/PermaJardinLeilaChakroun-scaled-e1627616022815.jpg\",\"width\":350,\"height\":233},{\"@type\":\"BreadcrumbList\",\"@id\":\"https:\\\/\\\/permakultur-landwirtschaft.org\\\/tag-der-begegnung-und-entdeckung-im-perma-jardin-in-marcelin-am-12-august-2021\\\/#breadcrumb\",\"itemListElement\":[{\"@type\":\"ListItem\",\"position\":1,\"name\":\"Startseite\",\"item\":\"https:\\\/\\\/permakultur-landwirtschaft.org\\\/\"},{\"@type\":\"ListItem\",\"position\":2,\"name\":\"Tag der Begegnung und Entdeckung im Perma-Jardin in Marcelin am 12. August 2021\"}]},{\"@type\":\"WebSite\",\"@id\":\"https:\\\/\\\/permakultur-landwirtschaft.org\\\/#website\",\"url\":\"https:\\\/\\\/permakultur-landwirtschaft.org\\\/\",\"name\":\"Permakultur-Landwirtschaft\",\"description\":\"F\u00f6rderung der Permakultur in der Landwirtschaft\",\"publisher\":{\"@id\":\"https:\\\/\\\/permakultur-landwirtschaft.org\\\/#organization\"},\"potentialAction\":[{\"@type\":\"SearchAction\",\"target\":{\"@type\":\"EntryPoint\",\"urlTemplate\":\"https:\\\/\\\/permakultur-landwirtschaft.org\\\/?s={search_term_string}\"},\"query-input\":{\"@type\":\"PropertyValueSpecification\",\"valueRequired\":true,\"valueName\":\"search_term_string\"}}],\"inLanguage\":\"fr-FR\"},{\"@type\":\"Organization\",\"@id\":\"https:\\\/\\\/permakultur-landwirtschaft.org\\\/#organization\",\"name\":\"Permakultur-Landwirtschaft\",\"alternateName\":\"Verein Permakultur-Landwirtschaft\",\"url\":\"https:\\\/\\\/permakultur-landwirtschaft.org\\\/\",\"logo\":{\"@type\":\"ImageObject\",\"inLanguage\":\"fr-FR\",\"@id\":\"https:\\\/\\\/permakultur-landwirtschaft.org\\\/#\\\/schema\\\/logo\\\/image\\\/\",\"url\":\"https:\\\/\\\/permakultur-landwirtschaft.org\\\/wp-content\\\/uploads\\\/2021\\\/11\\\/pela_1268x1269.png\",\"contentUrl\":\"https:\\\/\\\/permakultur-landwirtschaft.org\\\/wp-content\\\/uploads\\\/2021\\\/11\\\/pela_1268x1269.png\",\"width\":1298,\"height\":1269,\"caption\":\"Permakultur-Landwirtschaft\"},\"image\":{\"@id\":\"https:\\\/\\\/permakultur-landwirtschaft.org\\\/#\\\/schema\\\/logo\\\/image\\\/\"},\"sameAs\":[\"https:\\\/\\\/www.facebook.com\\\/PermakulturLandwirtschaft\",\"https:\\\/\\\/www.instagram.com\\\/permakultur_landwirtschaft\\\/\",\"https:\\\/\\\/www.flickr.com\\\/photos\\\/permakultur-landwirtschaft\",\"https:\\\/\\\/www.youtube.com\\\/@PermakulturLandwirtschaft\"]},{\"@type\":\"Person\",\"@id\":\"https:\\\/\\\/permakultur-landwirtschaft.org\\\/#\\\/schema\\\/person\\\/6b0467872f75aed3e144093f9bf4f0b0\",\"name\":\"adrian reutimann\",\"url\":\"https:\\\/\\\/permakultur-landwirtschaft.org\\\/fr\\\/author\\\/reutiadr\\\/\"}]}<\/script>\n<!-- \/ Yoast SEO plugin. -->","yoast_head_json":{"title":"Tag der Begegnung und Entdeckung im Perma-Jardin in Marcelin am 12. August 2021 - Permakultur-Landwirtschaft","robots":{"index":"index","follow":"follow","max-snippet":"max-snippet:-1","max-image-preview":"max-image-preview:large","max-video-preview":"max-video-preview:-1"},"canonical":"https:\/\/permakultur-landwirtschaft.org\/fr\/tag-der-begegnung-und-entdeckung-im-perma-jardin-in-marcelin-am-12-august-2021\/","og_locale":"fr_FR","og_type":"article","og_title":"Tag der Begegnung und Entdeckung im Perma-Jardin in Marcelin am 12. August 2021 - Permakultur-Landwirtschaft","og_description":"Text von permakultur.ch: Besuch in der Romandie zum Thema Microf\u00e9rmes: Tag der Begegnung und Entdeckung im Perma-Jardin, Marcelin (Morges) Der Verein Permakultur Schweiz und Permaculture Romande spannen zusammen, um euch einen Entdeckungstag im Perma-Jardin zu erm\u00f6glichen: Wir besuchen eine durch die Permakultur inpirierte Mikrofarm (2.4 Hektaren) in Marcelin (Morges, VD). Die Mikrofarm in Marcelin ist [&hellip;]","og_url":"https:\/\/permakultur-landwirtschaft.org\/fr\/tag-der-begegnung-und-entdeckung-im-perma-jardin-in-marcelin-am-12-august-2021\/","og_site_name":"Permakultur-Landwirtschaft","article_publisher":"https:\/\/www.facebook.com\/PermakulturLandwirtschaft","article_published_time":"2021-08-12T03:28:53+00:00","article_modified_time":"2021-08-16T20:38:10+00:00","og_image":[{"width":350,"height":233,"url":"http:\/\/permakultur-landwirtschaft.org\/wp-content\/uploads\/2021\/07\/PermaJardinLeilaChakroun.jpg","type":"image\/jpeg"}],"author":"adrian reutimann","twitter_card":"summary_large_image","twitter_misc":{"\u00c9crit par":"adrian reutimann","Dur\u00e9e de lecture estim\u00e9e":"1 minute"},"schema":{"@context":"https:\/\/schema.org","@graph":[{"@type":"Article","@id":"https:\/\/permakultur-landwirtschaft.org\/tag-der-begegnung-und-entdeckung-im-perma-jardin-in-marcelin-am-12-august-2021\/#article","isPartOf":{"@id":"https:\/\/permakultur-landwirtschaft.org\/tag-der-begegnung-und-entdeckung-im-perma-jardin-in-marcelin-am-12-august-2021\/"},"author":{"name":"adrian reutimann","@id":"https:\/\/permakultur-landwirtschaft.org\/#\/schema\/person\/6b0467872f75aed3e144093f9bf4f0b0"},"headline":"Tag der Begegnung und Entdeckung im Perma-Jardin in Marcelin am 12. August 2021","datePublished":"2021-08-12T03:28:53+00:00","dateModified":"2021-08-16T20:38:10+00:00","mainEntityOfPage":{"@id":"https:\/\/permakultur-landwirtschaft.org\/tag-der-begegnung-und-entdeckung-im-perma-jardin-in-marcelin-am-12-august-2021\/"},"wordCount":225,"publisher":{"@id":"https:\/\/permakultur-landwirtschaft.org\/#organization"},"image":{"@id":"https:\/\/permakultur-landwirtschaft.org\/tag-der-begegnung-und-entdeckung-im-perma-jardin-in-marcelin-am-12-august-2021\/#primaryimage"},"thumbnailUrl":"https:\/\/permakultur-landwirtschaft.org\/wp-content\/uploads\/2021\/07\/PermaJardinLeilaChakroun-scaled-e1627616022815.jpg","articleSection":["Veranstaltungen_Archiv"],"inLanguage":"fr-FR"},{"@type":"WebPage","@id":"https:\/\/permakultur-landwirtschaft.org\/tag-der-begegnung-und-entdeckung-im-perma-jardin-in-marcelin-am-12-august-2021\/","url":"https:\/\/permakultur-landwirtschaft.org\/tag-der-begegnung-und-entdeckung-im-perma-jardin-in-marcelin-am-12-august-2021\/","name":"Tag der Begegnung und Entdeckung im Perma-Jardin in Marcelin am 12. August 2021 - Permakultur-Landwirtschaft","isPartOf":{"@id":"https:\/\/permakultur-landwirtschaft.org\/#website"},"primaryImageOfPage":{"@id":"https:\/\/permakultur-landwirtschaft.org\/tag-der-begegnung-und-entdeckung-im-perma-jardin-in-marcelin-am-12-august-2021\/#primaryimage"},"image":{"@id":"https:\/\/permakultur-landwirtschaft.org\/tag-der-begegnung-und-entdeckung-im-perma-jardin-in-marcelin-am-12-august-2021\/#primaryimage"},"thumbnailUrl":"https:\/\/permakultur-landwirtschaft.org\/wp-content\/uploads\/2021\/07\/PermaJardinLeilaChakroun-scaled-e1627616022815.jpg","datePublished":"2021-08-12T03:28:53+00:00","dateModified":"2021-08-16T20:38:10+00:00","breadcrumb":{"@id":"https:\/\/permakultur-landwirtschaft.org\/tag-der-begegnung-und-entdeckung-im-perma-jardin-in-marcelin-am-12-august-2021\/#breadcrumb"},"inLanguage":"fr-FR","potentialAction":[{"@type":"ReadAction","target":["https:\/\/permakultur-landwirtschaft.org\/tag-der-begegnung-und-entdeckung-im-perma-jardin-in-marcelin-am-12-august-2021\/"]}]},{"@type":"ImageObject","inLanguage":"fr-FR","@id":"https:\/\/permakultur-landwirtschaft.org\/tag-der-begegnung-und-entdeckung-im-perma-jardin-in-marcelin-am-12-august-2021\/#primaryimage","url":"https:\/\/permakultur-landwirtschaft.org\/wp-content\/uploads\/2021\/07\/PermaJardinLeilaChakroun-scaled-e1627616022815.jpg","contentUrl":"https:\/\/permakultur-landwirtschaft.org\/wp-content\/uploads\/2021\/07\/PermaJardinLeilaChakroun-scaled-e1627616022815.jpg","width":350,"height":233},{"@type":"BreadcrumbList","@id":"https:\/\/permakultur-landwirtschaft.org\/tag-der-begegnung-und-entdeckung-im-perma-jardin-in-marcelin-am-12-august-2021\/#breadcrumb","itemListElement":[{"@type":"ListItem","position":1,"name":"Startseite","item":"https:\/\/permakultur-landwirtschaft.org\/"},{"@type":"ListItem","position":2,"name":"Tag der Begegnung und Entdeckung im Perma-Jardin in Marcelin am 12. August 2021"}]},{"@type":"WebSite","@id":"https:\/\/permakultur-landwirtschaft.org\/#website","url":"https:\/\/permakultur-landwirtschaft.org\/","name":"Permakultur-Landwirtschaft","description":"F\u00f6rderung der Permakultur in der Landwirtschaft","publisher":{"@id":"https:\/\/permakultur-landwirtschaft.org\/#organization"},"potentialAction":[{"@type":"SearchAction","target":{"@type":"EntryPoint","urlTemplate":"https:\/\/permakultur-landwirtschaft.org\/?s={search_term_string}"},"query-input":{"@type":"PropertyValueSpecification","valueRequired":true,"valueName":"search_term_string"}}],"inLanguage":"fr-FR"},{"@type":"Organization","@id":"https:\/\/permakultur-landwirtschaft.org\/#organization","name":"Permakultur-Landwirtschaft","alternateName":"Verein Permakultur-Landwirtschaft","url":"https:\/\/permakultur-landwirtschaft.org\/","logo":{"@type":"ImageObject","inLanguage":"fr-FR","@id":"https:\/\/permakultur-landwirtschaft.org\/#\/schema\/logo\/image\/","url":"https:\/\/permakultur-landwirtschaft.org\/wp-content\/uploads\/2021\/11\/pela_1268x1269.png","contentUrl":"https:\/\/permakultur-landwirtschaft.org\/wp-content\/uploads\/2021\/11\/pela_1268x1269.png","width":1298,"height":1269,"caption":"Permakultur-Landwirtschaft"},"image":{"@id":"https:\/\/permakultur-landwirtschaft.org\/#\/schema\/logo\/image\/"},"sameAs":["https:\/\/www.facebook.com\/PermakulturLandwirtschaft","https:\/\/www.instagram.com\/permakultur_landwirtschaft\/","https:\/\/www.flickr.com\/photos\/permakultur-landwirtschaft","https:\/\/www.youtube.com\/@PermakulturLandwirtschaft"]},{"@type":"Person","@id":"https:\/\/permakultur-landwirtschaft.org\/#\/schema\/person\/6b0467872f75aed3e144093f9bf4f0b0","name":"adrian reutimann","url":"https:\/\/permakultur-landwirtschaft.org\/fr\/author\/reutiadr\/"}]}},"_links":{"self":[{"href":"https:\/\/permakultur-landwirtschaft.org\/fr\/wp-json\/wp\/v2\/posts\/15508","targetHints":{"allow":["GET"]}}],"collection":[{"href":"https:\/\/permakultur-landwirtschaft.org\/fr\/wp-json\/wp\/v2\/posts"}],"about":[{"href":"https:\/\/permakultur-landwirtschaft.org\/fr\/wp-json\/wp\/v2\/types\/post"}],"author":[{"embeddable":true,"href":"https:\/\/permakultur-landwirtschaft.org\/fr\/wp-json\/wp\/v2\/users\/2"}],"replies":[{"embeddable":true,"href":"https:\/\/permakultur-landwirtschaft.org\/fr\/wp-json\/wp\/v2\/comments?post=15508"}],"version-history":[{"count":1,"href":"https:\/\/permakultur-landwirtschaft.org\/fr\/wp-json\/wp\/v2\/posts\/15508\/revisions"}],"predecessor-version":[{"id":15510,"href":"https:\/\/permakultur-landwirtschaft.org\/fr\/wp-json\/wp\/v2\/posts\/15508\/revisions\/15510"}],"wp:featuredmedia":[{"embeddable":true,"href":"https:\/\/permakultur-landwirtschaft.org\/fr\/wp-json\/wp\/v2\/media\/15509"}],"wp:attachment":[{"href":"https:\/\/permakultur-landwirtschaft.org\/fr\/wp-json\/wp\/v2\/media?parent=15508"}],"wp:term":[{"taxonomy":"category","embeddable":true,"href":"https:\/\/permakultur-landwirtschaft.org\/fr\/wp-json\/wp\/v2\/categories?post=15508"},{"taxonomy":"post_tag","embeddable":true,"href":"https:\/\/permakultur-landwirtschaft.org\/fr\/wp-json\/wp\/v2\/tags?post=15508"}],"curies":[{"name":"wp","href":"https:\/\/api.w.org\/{rel}","templated":true}]}}