{"id":15452,"date":"2021-08-10T15:15:35","date_gmt":"2021-08-10T13:15:35","guid":{"rendered":"https:\/\/permakultur-landwirtschaft.org\/?p=15452"},"modified":"2021-08-16T22:38:25","modified_gmt":"2021-08-16T20:38:25","slug":"abendkurs-solardoerrofen-vom-inforama-auf-dem-gummehof-am-10-august-2021","status":"publish","type":"post","link":"https:\/\/permakultur-landwirtschaft.org\/fr\/abendkurs-solardoerrofen-vom-inforama-auf-dem-gummehof-am-10-august-2021\/","title":{"rendered":"Abendkurs Solard\u00f6rrofen vom Inforama auf dem Gummehof am 10. August 2021"},"content":{"rendered":"<p>Text vom Inforama:<\/p>\n<p>Mit Sonnenenergie D\u00f6rren. 24 Stunden, dank einem Solard\u00f6rrofen, der an einen solarthermisch geheizten Warmwasserboiler gekoppelt ist.<\/p>\n<p>An diesem Abendkurs wird uns Thomas auf dem Biohof Gumme seinen Solard\u00f6rrofen zeigen und uns die Funktionsweise erkl\u00e4ren. Uns erwarten Angaben zur Energie, Investition, D\u00f6rrzeiten, Temperatur und Luftfeuchtigkeit f\u00fcr den optimalen D\u00f6rrprozess. Anschliessend gibt es genug Zeit, um noch auf Fragen einzugehen.<\/p>\n<p>Du solltest nach diesem Kurs eine Einsch\u00e4tzung machen k\u00f6nnen, ob ein solches System f\u00fcr deinen Betrieb spannend ist und was es dabei zu beachten g\u00e4be<\/p>\n<p><strong>Date <\/strong><br \/>\n10. August 2021, 18:45 &#8211; 20:00<\/p>\n<p><strong>Lieu<\/strong><br \/>\nBiohof Gumme<br \/>\nGummenstrasse 31<br \/>\n3174 Th\u00f6rishaus<\/p>\n<p><a href=\"https:\/\/www.inforama.ch\/kurse#\/weiterbildung\/biolandbau\/24039\" target=\"_blank\" rel=\"noopener noreferrer\">Infos zum Kurs unter diesem Link: www.inforama.ch\/kurse#\/weiterbildung\/biolandbau\/24039<\/a> (Der Link vom Inforama funktioniert leider nicht in jedem Browser)<\/p>\n<p><a href=\"https:\/\/www.inforama.ch\/kurse#\/weiterbildung\/biolandbau\/24039\" target=\"_blank\" rel=\"noopener\"><img fetchpriority=\"high\" decoding=\"async\" class=\"size-full wp-image-15453 alignnone\" src=\"https:\/\/permakultur-landwirtschaft.org\/wp-content\/uploads\/2021\/07\/solardoerrofen.jpg\" alt=\"\" width=\"350\" height=\"262\" srcset=\"https:\/\/permakultur-landwirtschaft.org\/wp-content\/uploads\/2021\/07\/solardoerrofen.jpg 350w, https:\/\/permakultur-landwirtschaft.org\/wp-content\/uploads\/2021\/07\/solardoerrofen-300x225.jpg 300w\" sizes=\"(max-width: 350px) 100vw, 350px\" \/><\/a><\/p>\n<p>Bild: inforama.ch<\/p>\n<hr \/>\n<h3><a href=\"https:\/\/permakultur-landwirtschaft.org\/fr\/veranstaltungen\/\">Hier geht&#8217;s zur \u00dcbersicht aktuelle Veranstaltungen<\/a><\/h3>","protected":false},"excerpt":{"rendered":"<p>Text vom Inforama: Mit Sonnenenergie D\u00f6rren. 24 Stunden, dank einem Solard\u00f6rrofen, der an einen solarthermisch geheizten Warmwasserboiler gekoppelt ist. An diesem Abendkurs wird uns Thomas auf dem Biohof Gumme seinen Solard\u00f6rrofen zeigen und uns die Funktionsweise erkl\u00e4ren. Uns erwarten Angaben zur Energie, Investition, D\u00f6rrzeiten, Temperatur und Luftfeuchtigkeit f\u00fcr den optimalen D\u00f6rrprozess. Anschliessend gibt es genug [&hellip;]<\/p>\n","protected":false},"author":2,"featured_media":15453,"comment_status":"closed","ping_status":"closed","sticky":false,"template":"","format":"standard","meta":{"_acf_changed":false,"site-sidebar-layout":"default","site-content-layout":"","ast-site-content-layout":"default","site-content-style":"default","site-sidebar-style":"default","ast-global-header-display":"","ast-banner-title-visibility":"","ast-main-header-display":"","ast-hfb-above-header-display":"","ast-hfb-below-header-display":"","ast-hfb-mobile-header-display":"","site-post-title":"","ast-breadcrumbs-content":"","ast-featured-img":"","footer-sml-layout":"","ast-disable-related-posts":"","theme-transparent-header-meta":"","adv-header-id-meta":"","stick-header-meta":"","header-above-stick-meta":"","header-main-stick-meta":"","header-below-stick-meta":"","astra-migrate-meta-layouts":"default","ast-page-background-enabled":"default","ast-page-background-meta":{"desktop":{"background-color":"var(--ast-global-color-4)","background-image":"","background-repeat":"repeat","background-position":"center center","background-size":"auto","background-attachment":"scroll","background-type":"","background-media":"","overlay-type":"","overlay-color":"","overlay-opacity":"","overlay-gradient":""},"tablet":{"background-color":"","background-image":"","background-repeat":"repeat","background-position":"center center","background-size":"auto","background-attachment":"scroll","background-type":"","background-media":"","overlay-type":"","overlay-color":"","overlay-opacity":"","overlay-gradient":""},"mobile":{"background-color":"","background-image":"","background-repeat":"repeat","background-position":"center center","background-size":"auto","background-attachment":"scroll","background-type":"","background-media":"","overlay-type":"","overlay-color":"","overlay-opacity":"","overlay-gradient":""}},"ast-content-background-meta":{"desktop":{"background-color":"var(--ast-global-color-5)","background-image":"","background-repeat":"repeat","background-position":"center center","background-size":"auto","background-attachment":"scroll","background-type":"","background-media":"","overlay-type":"","overlay-color":"","overlay-opacity":"","overlay-gradient":""},"tablet":{"background-color":"var(--ast-global-color-5)","background-image":"","background-repeat":"repeat","background-position":"center center","background-size":"auto","background-attachment":"scroll","background-type":"","background-media":"","overlay-type":"","overlay-color":"","overlay-opacity":"","overlay-gradient":""},"mobile":{"background-color":"var(--ast-global-color-5)","background-image":"","background-repeat":"repeat","background-position":"center center","background-size":"auto","background-attachment":"scroll","background-type":"","background-media":"","overlay-type":"","overlay-color":"","overlay-opacity":"","overlay-gradient":""}},"footnotes":""},"categories":[21],"tags":[],"class_list":["post-15452","post","type-post","status-publish","format-standard","has-post-thumbnail","hentry","category-veranstaltungen_archiv"],"acf":[],"yoast_head":"<!-- This site is optimized with the Yoast SEO plugin v27.5 - https:\/\/yoast.com\/product\/yoast-seo-wordpress\/ -->\n<title>Abendkurs Solard\u00f6rrofen vom Inforama auf dem Gummehof am 10. August 2021 - Permakultur-Landwirtschaft<\/title>\n<meta name=\"robots\" content=\"index, follow, max-snippet:-1, max-image-preview:large, max-video-preview:-1\" \/>\n<link rel=\"canonical\" href=\"https:\/\/permakultur-landwirtschaft.org\/fr\/abendkurs-solardoerrofen-vom-inforama-auf-dem-gummehof-am-10-august-2021\/\" \/>\n<meta property=\"og:locale\" content=\"fr_FR\" \/>\n<meta property=\"og:type\" content=\"article\" \/>\n<meta property=\"og:title\" content=\"Abendkurs Solard\u00f6rrofen vom Inforama auf dem Gummehof am 10. August 2021 - Permakultur-Landwirtschaft\" \/>\n<meta property=\"og:description\" content=\"Text vom Inforama: Mit Sonnenenergie D\u00f6rren. 24 Stunden, dank einem Solard\u00f6rrofen, der an einen solarthermisch geheizten Warmwasserboiler gekoppelt ist. An diesem Abendkurs wird uns Thomas auf dem Biohof Gumme seinen Solard\u00f6rrofen zeigen und uns die Funktionsweise erkl\u00e4ren. Uns erwarten Angaben zur Energie, Investition, D\u00f6rrzeiten, Temperatur und Luftfeuchtigkeit f\u00fcr den optimalen D\u00f6rrprozess. Anschliessend gibt es genug [&hellip;]\" \/>\n<meta property=\"og:url\" content=\"https:\/\/permakultur-landwirtschaft.org\/fr\/abendkurs-solardoerrofen-vom-inforama-auf-dem-gummehof-am-10-august-2021\/\" \/>\n<meta property=\"og:site_name\" content=\"Permakultur-Landwirtschaft\" \/>\n<meta property=\"article:publisher\" content=\"https:\/\/www.facebook.com\/PermakulturLandwirtschaft\" \/>\n<meta property=\"article:published_time\" content=\"2021-08-10T13:15:35+00:00\" \/>\n<meta property=\"article:modified_time\" content=\"2021-08-16T20:38:25+00:00\" \/>\n<meta property=\"og:image\" content=\"https:\/\/permakultur-landwirtschaft.org\/wp-content\/uploads\/2021\/07\/solardoerrofen.jpg\" \/>\n\t<meta property=\"og:image:width\" content=\"350\" \/>\n\t<meta property=\"og:image:height\" content=\"262\" \/>\n\t<meta property=\"og:image:type\" content=\"image\/jpeg\" \/>\n<meta name=\"author\" content=\"adrian reutimann\" \/>\n<meta name=\"twitter:card\" content=\"summary_large_image\" \/>\n<meta name=\"twitter:label1\" content=\"\u00c9crit par\" \/>\n\t<meta name=\"twitter:data1\" content=\"adrian reutimann\" \/>\n\t<meta name=\"twitter:label2\" content=\"Dur\u00e9e de lecture estim\u00e9e\" \/>\n\t<meta name=\"twitter:data2\" content=\"1 minute\" \/>\n<script type=\"application\/ld+json\" class=\"yoast-schema-graph\">{\"@context\":\"https:\\\/\\\/schema.org\",\"@graph\":[{\"@type\":\"Article\",\"@id\":\"https:\\\/\\\/permakultur-landwirtschaft.org\\\/abendkurs-solardoerrofen-vom-inforama-auf-dem-gummehof-am-10-august-2021\\\/#article\",\"isPartOf\":{\"@id\":\"https:\\\/\\\/permakultur-landwirtschaft.org\\\/abendkurs-solardoerrofen-vom-inforama-auf-dem-gummehof-am-10-august-2021\\\/\"},\"author\":{\"name\":\"adrian reutimann\",\"@id\":\"https:\\\/\\\/permakultur-landwirtschaft.org\\\/#\\\/schema\\\/person\\\/6b0467872f75aed3e144093f9bf4f0b0\"},\"headline\":\"Abendkurs Solard\u00f6rrofen vom Inforama auf dem Gummehof am 10. August 2021\",\"datePublished\":\"2021-08-10T13:15:35+00:00\",\"dateModified\":\"2021-08-16T20:38:25+00:00\",\"mainEntityOfPage\":{\"@id\":\"https:\\\/\\\/permakultur-landwirtschaft.org\\\/abendkurs-solardoerrofen-vom-inforama-auf-dem-gummehof-am-10-august-2021\\\/\"},\"wordCount\":147,\"publisher\":{\"@id\":\"https:\\\/\\\/permakultur-landwirtschaft.org\\\/#organization\"},\"image\":{\"@id\":\"https:\\\/\\\/permakultur-landwirtschaft.org\\\/abendkurs-solardoerrofen-vom-inforama-auf-dem-gummehof-am-10-august-2021\\\/#primaryimage\"},\"thumbnailUrl\":\"https:\\\/\\\/permakultur-landwirtschaft.org\\\/wp-content\\\/uploads\\\/2021\\\/07\\\/solardoerrofen.jpg\",\"articleSection\":[\"Veranstaltungen_Archiv\"],\"inLanguage\":\"fr-FR\"},{\"@type\":\"WebPage\",\"@id\":\"https:\\\/\\\/permakultur-landwirtschaft.org\\\/abendkurs-solardoerrofen-vom-inforama-auf-dem-gummehof-am-10-august-2021\\\/\",\"url\":\"https:\\\/\\\/permakultur-landwirtschaft.org\\\/abendkurs-solardoerrofen-vom-inforama-auf-dem-gummehof-am-10-august-2021\\\/\",\"name\":\"Abendkurs Solard\u00f6rrofen vom Inforama auf dem Gummehof am 10. August 2021 - Permakultur-Landwirtschaft\",\"isPartOf\":{\"@id\":\"https:\\\/\\\/permakultur-landwirtschaft.org\\\/#website\"},\"primaryImageOfPage\":{\"@id\":\"https:\\\/\\\/permakultur-landwirtschaft.org\\\/abendkurs-solardoerrofen-vom-inforama-auf-dem-gummehof-am-10-august-2021\\\/#primaryimage\"},\"image\":{\"@id\":\"https:\\\/\\\/permakultur-landwirtschaft.org\\\/abendkurs-solardoerrofen-vom-inforama-auf-dem-gummehof-am-10-august-2021\\\/#primaryimage\"},\"thumbnailUrl\":\"https:\\\/\\\/permakultur-landwirtschaft.org\\\/wp-content\\\/uploads\\\/2021\\\/07\\\/solardoerrofen.jpg\",\"datePublished\":\"2021-08-10T13:15:35+00:00\",\"dateModified\":\"2021-08-16T20:38:25+00:00\",\"breadcrumb\":{\"@id\":\"https:\\\/\\\/permakultur-landwirtschaft.org\\\/abendkurs-solardoerrofen-vom-inforama-auf-dem-gummehof-am-10-august-2021\\\/#breadcrumb\"},\"inLanguage\":\"fr-FR\",\"potentialAction\":[{\"@type\":\"ReadAction\",\"target\":[\"https:\\\/\\\/permakultur-landwirtschaft.org\\\/abendkurs-solardoerrofen-vom-inforama-auf-dem-gummehof-am-10-august-2021\\\/\"]}]},{\"@type\":\"ImageObject\",\"inLanguage\":\"fr-FR\",\"@id\":\"https:\\\/\\\/permakultur-landwirtschaft.org\\\/abendkurs-solardoerrofen-vom-inforama-auf-dem-gummehof-am-10-august-2021\\\/#primaryimage\",\"url\":\"https:\\\/\\\/permakultur-landwirtschaft.org\\\/wp-content\\\/uploads\\\/2021\\\/07\\\/solardoerrofen.jpg\",\"contentUrl\":\"https:\\\/\\\/permakultur-landwirtschaft.org\\\/wp-content\\\/uploads\\\/2021\\\/07\\\/solardoerrofen.jpg\",\"width\":350,\"height\":262,\"caption\":\"Bild: gumme.ch\"},{\"@type\":\"BreadcrumbList\",\"@id\":\"https:\\\/\\\/permakultur-landwirtschaft.org\\\/abendkurs-solardoerrofen-vom-inforama-auf-dem-gummehof-am-10-august-2021\\\/#breadcrumb\",\"itemListElement\":[{\"@type\":\"ListItem\",\"position\":1,\"name\":\"Startseite\",\"item\":\"https:\\\/\\\/permakultur-landwirtschaft.org\\\/\"},{\"@type\":\"ListItem\",\"position\":2,\"name\":\"Abendkurs Solard\u00f6rrofen vom Inforama auf dem Gummehof am 10. August 2021\"}]},{\"@type\":\"WebSite\",\"@id\":\"https:\\\/\\\/permakultur-landwirtschaft.org\\\/#website\",\"url\":\"https:\\\/\\\/permakultur-landwirtschaft.org\\\/\",\"name\":\"Permakultur-Landwirtschaft\",\"description\":\"F\u00f6rderung der Permakultur in der Landwirtschaft\",\"publisher\":{\"@id\":\"https:\\\/\\\/permakultur-landwirtschaft.org\\\/#organization\"},\"potentialAction\":[{\"@type\":\"SearchAction\",\"target\":{\"@type\":\"EntryPoint\",\"urlTemplate\":\"https:\\\/\\\/permakultur-landwirtschaft.org\\\/?s={search_term_string}\"},\"query-input\":{\"@type\":\"PropertyValueSpecification\",\"valueRequired\":true,\"valueName\":\"search_term_string\"}}],\"inLanguage\":\"fr-FR\"},{\"@type\":\"Organization\",\"@id\":\"https:\\\/\\\/permakultur-landwirtschaft.org\\\/#organization\",\"name\":\"Permakultur-Landwirtschaft\",\"alternateName\":\"Verein Permakultur-Landwirtschaft\",\"url\":\"https:\\\/\\\/permakultur-landwirtschaft.org\\\/\",\"logo\":{\"@type\":\"ImageObject\",\"inLanguage\":\"fr-FR\",\"@id\":\"https:\\\/\\\/permakultur-landwirtschaft.org\\\/#\\\/schema\\\/logo\\\/image\\\/\",\"url\":\"https:\\\/\\\/permakultur-landwirtschaft.org\\\/wp-content\\\/uploads\\\/2021\\\/11\\\/pela_1268x1269.png\",\"contentUrl\":\"https:\\\/\\\/permakultur-landwirtschaft.org\\\/wp-content\\\/uploads\\\/2021\\\/11\\\/pela_1268x1269.png\",\"width\":1298,\"height\":1269,\"caption\":\"Permakultur-Landwirtschaft\"},\"image\":{\"@id\":\"https:\\\/\\\/permakultur-landwirtschaft.org\\\/#\\\/schema\\\/logo\\\/image\\\/\"},\"sameAs\":[\"https:\\\/\\\/www.facebook.com\\\/PermakulturLandwirtschaft\",\"https:\\\/\\\/www.instagram.com\\\/permakultur_landwirtschaft\\\/\",\"https:\\\/\\\/www.flickr.com\\\/photos\\\/permakultur-landwirtschaft\",\"https:\\\/\\\/www.youtube.com\\\/@PermakulturLandwirtschaft\"]},{\"@type\":\"Person\",\"@id\":\"https:\\\/\\\/permakultur-landwirtschaft.org\\\/#\\\/schema\\\/person\\\/6b0467872f75aed3e144093f9bf4f0b0\",\"name\":\"adrian reutimann\",\"url\":\"https:\\\/\\\/permakultur-landwirtschaft.org\\\/fr\\\/author\\\/reutiadr\\\/\"}]}<\/script>\n<!-- \/ Yoast SEO plugin. -->","yoast_head_json":{"title":"Abendkurs Solard\u00f6rrofen vom Inforama auf dem Gummehof am 10. August 2021 - Permakultur-Landwirtschaft","robots":{"index":"index","follow":"follow","max-snippet":"max-snippet:-1","max-image-preview":"max-image-preview:large","max-video-preview":"max-video-preview:-1"},"canonical":"https:\/\/permakultur-landwirtschaft.org\/fr\/abendkurs-solardoerrofen-vom-inforama-auf-dem-gummehof-am-10-august-2021\/","og_locale":"fr_FR","og_type":"article","og_title":"Abendkurs Solard\u00f6rrofen vom Inforama auf dem Gummehof am 10. August 2021 - Permakultur-Landwirtschaft","og_description":"Text vom Inforama: Mit Sonnenenergie D\u00f6rren. 24 Stunden, dank einem Solard\u00f6rrofen, der an einen solarthermisch geheizten Warmwasserboiler gekoppelt ist. An diesem Abendkurs wird uns Thomas auf dem Biohof Gumme seinen Solard\u00f6rrofen zeigen und uns die Funktionsweise erkl\u00e4ren. Uns erwarten Angaben zur Energie, Investition, D\u00f6rrzeiten, Temperatur und Luftfeuchtigkeit f\u00fcr den optimalen D\u00f6rrprozess. Anschliessend gibt es genug [&hellip;]","og_url":"https:\/\/permakultur-landwirtschaft.org\/fr\/abendkurs-solardoerrofen-vom-inforama-auf-dem-gummehof-am-10-august-2021\/","og_site_name":"Permakultur-Landwirtschaft","article_publisher":"https:\/\/www.facebook.com\/PermakulturLandwirtschaft","article_published_time":"2021-08-10T13:15:35+00:00","article_modified_time":"2021-08-16T20:38:25+00:00","og_image":[{"width":350,"height":262,"url":"https:\/\/permakultur-landwirtschaft.org\/wp-content\/uploads\/2021\/07\/solardoerrofen.jpg","type":"image\/jpeg"}],"author":"adrian reutimann","twitter_card":"summary_large_image","twitter_misc":{"\u00c9crit par":"adrian reutimann","Dur\u00e9e de lecture estim\u00e9e":"1 minute"},"schema":{"@context":"https:\/\/schema.org","@graph":[{"@type":"Article","@id":"https:\/\/permakultur-landwirtschaft.org\/abendkurs-solardoerrofen-vom-inforama-auf-dem-gummehof-am-10-august-2021\/#article","isPartOf":{"@id":"https:\/\/permakultur-landwirtschaft.org\/abendkurs-solardoerrofen-vom-inforama-auf-dem-gummehof-am-10-august-2021\/"},"author":{"name":"adrian reutimann","@id":"https:\/\/permakultur-landwirtschaft.org\/#\/schema\/person\/6b0467872f75aed3e144093f9bf4f0b0"},"headline":"Abendkurs Solard\u00f6rrofen vom Inforama auf dem Gummehof am 10. August 2021","datePublished":"2021-08-10T13:15:35+00:00","dateModified":"2021-08-16T20:38:25+00:00","mainEntityOfPage":{"@id":"https:\/\/permakultur-landwirtschaft.org\/abendkurs-solardoerrofen-vom-inforama-auf-dem-gummehof-am-10-august-2021\/"},"wordCount":147,"publisher":{"@id":"https:\/\/permakultur-landwirtschaft.org\/#organization"},"image":{"@id":"https:\/\/permakultur-landwirtschaft.org\/abendkurs-solardoerrofen-vom-inforama-auf-dem-gummehof-am-10-august-2021\/#primaryimage"},"thumbnailUrl":"https:\/\/permakultur-landwirtschaft.org\/wp-content\/uploads\/2021\/07\/solardoerrofen.jpg","articleSection":["Veranstaltungen_Archiv"],"inLanguage":"fr-FR"},{"@type":"WebPage","@id":"https:\/\/permakultur-landwirtschaft.org\/abendkurs-solardoerrofen-vom-inforama-auf-dem-gummehof-am-10-august-2021\/","url":"https:\/\/permakultur-landwirtschaft.org\/abendkurs-solardoerrofen-vom-inforama-auf-dem-gummehof-am-10-august-2021\/","name":"Abendkurs Solard\u00f6rrofen vom Inforama auf dem Gummehof am 10. August 2021 - Permakultur-Landwirtschaft","isPartOf":{"@id":"https:\/\/permakultur-landwirtschaft.org\/#website"},"primaryImageOfPage":{"@id":"https:\/\/permakultur-landwirtschaft.org\/abendkurs-solardoerrofen-vom-inforama-auf-dem-gummehof-am-10-august-2021\/#primaryimage"},"image":{"@id":"https:\/\/permakultur-landwirtschaft.org\/abendkurs-solardoerrofen-vom-inforama-auf-dem-gummehof-am-10-august-2021\/#primaryimage"},"thumbnailUrl":"https:\/\/permakultur-landwirtschaft.org\/wp-content\/uploads\/2021\/07\/solardoerrofen.jpg","datePublished":"2021-08-10T13:15:35+00:00","dateModified":"2021-08-16T20:38:25+00:00","breadcrumb":{"@id":"https:\/\/permakultur-landwirtschaft.org\/abendkurs-solardoerrofen-vom-inforama-auf-dem-gummehof-am-10-august-2021\/#breadcrumb"},"inLanguage":"fr-FR","potentialAction":[{"@type":"ReadAction","target":["https:\/\/permakultur-landwirtschaft.org\/abendkurs-solardoerrofen-vom-inforama-auf-dem-gummehof-am-10-august-2021\/"]}]},{"@type":"ImageObject","inLanguage":"fr-FR","@id":"https:\/\/permakultur-landwirtschaft.org\/abendkurs-solardoerrofen-vom-inforama-auf-dem-gummehof-am-10-august-2021\/#primaryimage","url":"https:\/\/permakultur-landwirtschaft.org\/wp-content\/uploads\/2021\/07\/solardoerrofen.jpg","contentUrl":"https:\/\/permakultur-landwirtschaft.org\/wp-content\/uploads\/2021\/07\/solardoerrofen.jpg","width":350,"height":262,"caption":"Bild: gumme.ch"},{"@type":"BreadcrumbList","@id":"https:\/\/permakultur-landwirtschaft.org\/abendkurs-solardoerrofen-vom-inforama-auf-dem-gummehof-am-10-august-2021\/#breadcrumb","itemListElement":[{"@type":"ListItem","position":1,"name":"Startseite","item":"https:\/\/permakultur-landwirtschaft.org\/"},{"@type":"ListItem","position":2,"name":"Abendkurs Solard\u00f6rrofen vom Inforama auf dem Gummehof am 10. August 2021"}]},{"@type":"WebSite","@id":"https:\/\/permakultur-landwirtschaft.org\/#website","url":"https:\/\/permakultur-landwirtschaft.org\/","name":"Permakultur-Landwirtschaft","description":"F\u00f6rderung der Permakultur in der Landwirtschaft","publisher":{"@id":"https:\/\/permakultur-landwirtschaft.org\/#organization"},"potentialAction":[{"@type":"SearchAction","target":{"@type":"EntryPoint","urlTemplate":"https:\/\/permakultur-landwirtschaft.org\/?s={search_term_string}"},"query-input":{"@type":"PropertyValueSpecification","valueRequired":true,"valueName":"search_term_string"}}],"inLanguage":"fr-FR"},{"@type":"Organization","@id":"https:\/\/permakultur-landwirtschaft.org\/#organization","name":"Permakultur-Landwirtschaft","alternateName":"Verein Permakultur-Landwirtschaft","url":"https:\/\/permakultur-landwirtschaft.org\/","logo":{"@type":"ImageObject","inLanguage":"fr-FR","@id":"https:\/\/permakultur-landwirtschaft.org\/#\/schema\/logo\/image\/","url":"https:\/\/permakultur-landwirtschaft.org\/wp-content\/uploads\/2021\/11\/pela_1268x1269.png","contentUrl":"https:\/\/permakultur-landwirtschaft.org\/wp-content\/uploads\/2021\/11\/pela_1268x1269.png","width":1298,"height":1269,"caption":"Permakultur-Landwirtschaft"},"image":{"@id":"https:\/\/permakultur-landwirtschaft.org\/#\/schema\/logo\/image\/"},"sameAs":["https:\/\/www.facebook.com\/PermakulturLandwirtschaft","https:\/\/www.instagram.com\/permakultur_landwirtschaft\/","https:\/\/www.flickr.com\/photos\/permakultur-landwirtschaft","https:\/\/www.youtube.com\/@PermakulturLandwirtschaft"]},{"@type":"Person","@id":"https:\/\/permakultur-landwirtschaft.org\/#\/schema\/person\/6b0467872f75aed3e144093f9bf4f0b0","name":"adrian reutimann","url":"https:\/\/permakultur-landwirtschaft.org\/fr\/author\/reutiadr\/"}]}},"_links":{"self":[{"href":"https:\/\/permakultur-landwirtschaft.org\/fr\/wp-json\/wp\/v2\/posts\/15452","targetHints":{"allow":["GET"]}}],"collection":[{"href":"https:\/\/permakultur-landwirtschaft.org\/fr\/wp-json\/wp\/v2\/posts"}],"about":[{"href":"https:\/\/permakultur-landwirtschaft.org\/fr\/wp-json\/wp\/v2\/types\/post"}],"author":[{"embeddable":true,"href":"https:\/\/permakultur-landwirtschaft.org\/fr\/wp-json\/wp\/v2\/users\/2"}],"replies":[{"embeddable":true,"href":"https:\/\/permakultur-landwirtschaft.org\/fr\/wp-json\/wp\/v2\/comments?post=15452"}],"version-history":[{"count":2,"href":"https:\/\/permakultur-landwirtschaft.org\/fr\/wp-json\/wp\/v2\/posts\/15452\/revisions"}],"predecessor-version":[{"id":15455,"href":"https:\/\/permakultur-landwirtschaft.org\/fr\/wp-json\/wp\/v2\/posts\/15452\/revisions\/15455"}],"wp:featuredmedia":[{"embeddable":true,"href":"https:\/\/permakultur-landwirtschaft.org\/fr\/wp-json\/wp\/v2\/media\/15453"}],"wp:attachment":[{"href":"https:\/\/permakultur-landwirtschaft.org\/fr\/wp-json\/wp\/v2\/media?parent=15452"}],"wp:term":[{"taxonomy":"category","embeddable":true,"href":"https:\/\/permakultur-landwirtschaft.org\/fr\/wp-json\/wp\/v2\/categories?post=15452"},{"taxonomy":"post_tag","embeddable":true,"href":"https:\/\/permakultur-landwirtschaft.org\/fr\/wp-json\/wp\/v2\/tags?post=15452"}],"curies":[{"name":"wp","href":"https:\/\/api.w.org\/{rel}","templated":true}]}}