{"id":15365,"date":"2021-08-14T11:33:59","date_gmt":"2021-08-14T09:33:59","guid":{"rendered":"https:\/\/permakultur-landwirtschaft.org\/?p=15365"},"modified":"2021-08-16T22:36:31","modified_gmt":"2021-08-16T20:36:31","slug":"landwirtschaftstag-vom-em-verein-schweiz-in-endingen-am-14-august-2021","status":"publish","type":"post","link":"https:\/\/permakultur-landwirtschaft.org\/fr\/landwirtschaftstag-vom-em-verein-schweiz-in-endingen-am-14-august-2021\/","title":{"rendered":"Landwirtschaftstag vom EM-Verein Schweiz in Endingen am 14. August 2021"},"content":{"rendered":"<p>Text von EM-Verein Schweiz:<br \/>\nWir sind dieses Jahr zu Gast auf dem Landwirtschaftsbetrieb von Vorstandsmitglied Thomas Keller und seiner Familie. Sie arbeiten seit 2017 mit EM\/ Regenerativer Landwirtschaft. Auf einer Betriebsf\u00fchrung erfahren wir, wie Sie beim Obst und im Ackerbau EM einsetzen. Dazu wird uns Simon J\u00f6hr (Bio Berater Inforama) einen Einblick geben, welche Hilfsstoffe in der Regenerativen Landwirtschaft eingesetzt werden. Simon J\u00f6hr ist der Berater, wenn es um die Regenerative Landwirtschaft in der Schweiz geht. <a href=\"http:\/\/fruechtehof-keller.ch\/\" target=\"_blank\" rel=\"noopener\">www.fruechtehof-keller.ch<\/a><\/p>\n<p><strong>Date <\/strong><br \/>\n14. August 2021<\/p>\n<p><strong>Lieu<\/strong><br \/>\n5304 Endingen<\/p>\n<p><a href=\"https:\/\/permakultur-landwirtschaft.org\/documents\/events\/20210814_Landwirtschaftstagung_21_em-schweiz.pdf\" target=\"_blank\" rel=\"noopener noreferrer\">Flyer zum Landwirtschaftstag unter diesem Link: permakultur-landwirtschaft.org\/documents\/events\/20210814_Landwirtschaftstagung_21_em-schweiz.pdf<\/a><a href=\"https:\/\/permakultur-landwirtschaft.org\/documents\/events\/20210814_Landwirtschaftstagung_21_em-schweiz.pdf\" target=\"_blank\" rel=\"noopener\"><img fetchpriority=\"high\" decoding=\"async\" class=\"alignleft size-full wp-image-15366\" src=\"https:\/\/permakultur-landwirtschaft.org\/wp-content\/uploads\/2021\/07\/em-lw-tag12.07.jpg\" alt=\"\" width=\"1505\" height=\"437\" srcset=\"https:\/\/permakultur-landwirtschaft.org\/wp-content\/uploads\/2021\/07\/em-lw-tag12.07.jpg 1505w, https:\/\/permakultur-landwirtschaft.org\/wp-content\/uploads\/2021\/07\/em-lw-tag12.07-300x87.jpg 300w, https:\/\/permakultur-landwirtschaft.org\/wp-content\/uploads\/2021\/07\/em-lw-tag12.07-1024x297.jpg 1024w, https:\/\/permakultur-landwirtschaft.org\/wp-content\/uploads\/2021\/07\/em-lw-tag12.07-768x223.jpg 768w\" sizes=\"(max-width: 1505px) 100vw, 1505px\" \/><\/a><\/p>\n<p>Bild: EM-Verein Schweiz<\/p>\n<hr \/>\n<h3><a href=\"https:\/\/permakultur-landwirtschaft.org\/fr\/veranstaltungen\/\">Hier geht&#8217;s zur \u00dcbersicht aktuelle Veranstaltungen<\/a><\/h3>","protected":false},"excerpt":{"rendered":"<p>Text von EM-Verein Schweiz: Wir sind dieses Jahr zu Gast auf dem Landwirtschaftsbetrieb von Vorstandsmitglied Thomas Keller und seiner Familie. Sie arbeiten seit 2017 mit EM\/ Regenerativer Landwirtschaft. Auf einer Betriebsf\u00fchrung erfahren wir, wie Sie beim Obst und im Ackerbau EM einsetzen. Dazu wird uns Simon J\u00f6hr (Bio Berater Inforama) einen Einblick geben, welche Hilfsstoffe [&hellip;]<\/p>\n","protected":false},"author":2,"featured_media":15366,"comment_status":"closed","ping_status":"closed","sticky":false,"template":"","format":"standard","meta":{"_acf_changed":false,"site-sidebar-layout":"default","site-content-layout":"","ast-site-content-layout":"default","site-content-style":"default","site-sidebar-style":"default","ast-global-header-display":"","ast-banner-title-visibility":"","ast-main-header-display":"","ast-hfb-above-header-display":"","ast-hfb-below-header-display":"","ast-hfb-mobile-header-display":"","site-post-title":"","ast-breadcrumbs-content":"","ast-featured-img":"","footer-sml-layout":"","ast-disable-related-posts":"","theme-transparent-header-meta":"","adv-header-id-meta":"","stick-header-meta":"","header-above-stick-meta":"","header-main-stick-meta":"","header-below-stick-meta":"","astra-migrate-meta-layouts":"default","ast-page-background-enabled":"default","ast-page-background-meta":{"desktop":{"background-color":"var(--ast-global-color-4)","background-image":"","background-repeat":"repeat","background-position":"center center","background-size":"auto","background-attachment":"scroll","background-type":"","background-media":"","overlay-type":"","overlay-color":"","overlay-opacity":"","overlay-gradient":""},"tablet":{"background-color":"","background-image":"","background-repeat":"repeat","background-position":"center center","background-size":"auto","background-attachment":"scroll","background-type":"","background-media":"","overlay-type":"","overlay-color":"","overlay-opacity":"","overlay-gradient":""},"mobile":{"background-color":"","background-image":"","background-repeat":"repeat","background-position":"center center","background-size":"auto","background-attachment":"scroll","background-type":"","background-media":"","overlay-type":"","overlay-color":"","overlay-opacity":"","overlay-gradient":""}},"ast-content-background-meta":{"desktop":{"background-color":"var(--ast-global-color-5)","background-image":"","background-repeat":"repeat","background-position":"center center","background-size":"auto","background-attachment":"scroll","background-type":"","background-media":"","overlay-type":"","overlay-color":"","overlay-opacity":"","overlay-gradient":""},"tablet":{"background-color":"var(--ast-global-color-5)","background-image":"","background-repeat":"repeat","background-position":"center center","background-size":"auto","background-attachment":"scroll","background-type":"","background-media":"","overlay-type":"","overlay-color":"","overlay-opacity":"","overlay-gradient":""},"mobile":{"background-color":"var(--ast-global-color-5)","background-image":"","background-repeat":"repeat","background-position":"center center","background-size":"auto","background-attachment":"scroll","background-type":"","background-media":"","overlay-type":"","overlay-color":"","overlay-opacity":"","overlay-gradient":""}},"footnotes":""},"categories":[21],"tags":[],"class_list":["post-15365","post","type-post","status-publish","format-standard","has-post-thumbnail","hentry","category-veranstaltungen_archiv"],"acf":[],"yoast_head":"<!-- This site is optimized with the Yoast SEO plugin v27.5 - https:\/\/yoast.com\/product\/yoast-seo-wordpress\/ -->\n<title>Landwirtschaftstag vom EM-Verein Schweiz in Endingen am 14. August 2021 - Permakultur-Landwirtschaft<\/title>\n<meta name=\"robots\" content=\"index, follow, max-snippet:-1, max-image-preview:large, max-video-preview:-1\" \/>\n<link rel=\"canonical\" href=\"https:\/\/permakultur-landwirtschaft.org\/fr\/landwirtschaftstag-vom-em-verein-schweiz-in-endingen-am-14-august-2021\/\" \/>\n<meta property=\"og:locale\" content=\"fr_FR\" \/>\n<meta property=\"og:type\" content=\"article\" \/>\n<meta property=\"og:title\" content=\"Landwirtschaftstag vom EM-Verein Schweiz in Endingen am 14. August 2021 - Permakultur-Landwirtschaft\" \/>\n<meta property=\"og:description\" content=\"Text von EM-Verein Schweiz: Wir sind dieses Jahr zu Gast auf dem Landwirtschaftsbetrieb von Vorstandsmitglied Thomas Keller und seiner Familie. Sie arbeiten seit 2017 mit EM\/ Regenerativer Landwirtschaft. Auf einer Betriebsf\u00fchrung erfahren wir, wie Sie beim Obst und im Ackerbau EM einsetzen. Dazu wird uns Simon J\u00f6hr (Bio Berater Inforama) einen Einblick geben, welche Hilfsstoffe [&hellip;]\" \/>\n<meta property=\"og:url\" content=\"https:\/\/permakultur-landwirtschaft.org\/fr\/landwirtschaftstag-vom-em-verein-schweiz-in-endingen-am-14-august-2021\/\" \/>\n<meta property=\"og:site_name\" content=\"Permakultur-Landwirtschaft\" \/>\n<meta property=\"article:publisher\" content=\"https:\/\/www.facebook.com\/PermakulturLandwirtschaft\" \/>\n<meta property=\"article:published_time\" content=\"2021-08-14T09:33:59+00:00\" \/>\n<meta property=\"article:modified_time\" content=\"2021-08-16T20:36:31+00:00\" \/>\n<meta property=\"og:image\" content=\"https:\/\/permakultur-landwirtschaft.org\/wp-content\/uploads\/2021\/07\/em-lw-tag12.07.jpg\" \/>\n\t<meta property=\"og:image:width\" content=\"1505\" \/>\n\t<meta property=\"og:image:height\" content=\"437\" \/>\n\t<meta property=\"og:image:type\" content=\"image\/jpeg\" \/>\n<meta name=\"author\" content=\"adrian reutimann\" \/>\n<meta name=\"twitter:card\" content=\"summary_large_image\" \/>\n<meta name=\"twitter:label1\" content=\"\u00c9crit par\" \/>\n\t<meta name=\"twitter:data1\" content=\"adrian reutimann\" \/>\n\t<meta name=\"twitter:label2\" content=\"Dur\u00e9e de lecture estim\u00e9e\" \/>\n\t<meta name=\"twitter:data2\" content=\"1 minute\" \/>\n<script type=\"application\/ld+json\" class=\"yoast-schema-graph\">{\"@context\":\"https:\\\/\\\/schema.org\",\"@graph\":[{\"@type\":\"Article\",\"@id\":\"https:\\\/\\\/permakultur-landwirtschaft.org\\\/landwirtschaftstag-vom-em-verein-schweiz-in-endingen-am-14-august-2021\\\/#article\",\"isPartOf\":{\"@id\":\"https:\\\/\\\/permakultur-landwirtschaft.org\\\/landwirtschaftstag-vom-em-verein-schweiz-in-endingen-am-14-august-2021\\\/\"},\"author\":{\"name\":\"adrian reutimann\",\"@id\":\"https:\\\/\\\/permakultur-landwirtschaft.org\\\/#\\\/schema\\\/person\\\/6b0467872f75aed3e144093f9bf4f0b0\"},\"headline\":\"Landwirtschaftstag vom EM-Verein Schweiz in Endingen am 14. August 2021\",\"datePublished\":\"2021-08-14T09:33:59+00:00\",\"dateModified\":\"2021-08-16T20:36:31+00:00\",\"mainEntityOfPage\":{\"@id\":\"https:\\\/\\\/permakultur-landwirtschaft.org\\\/landwirtschaftstag-vom-em-verein-schweiz-in-endingen-am-14-august-2021\\\/\"},\"wordCount\":116,\"publisher\":{\"@id\":\"https:\\\/\\\/permakultur-landwirtschaft.org\\\/#organization\"},\"image\":{\"@id\":\"https:\\\/\\\/permakultur-landwirtschaft.org\\\/landwirtschaftstag-vom-em-verein-schweiz-in-endingen-am-14-august-2021\\\/#primaryimage\"},\"thumbnailUrl\":\"https:\\\/\\\/permakultur-landwirtschaft.org\\\/wp-content\\\/uploads\\\/2021\\\/07\\\/em-lw-tag12.07.jpg\",\"articleSection\":[\"Veranstaltungen_Archiv\"],\"inLanguage\":\"fr-FR\"},{\"@type\":\"WebPage\",\"@id\":\"https:\\\/\\\/permakultur-landwirtschaft.org\\\/landwirtschaftstag-vom-em-verein-schweiz-in-endingen-am-14-august-2021\\\/\",\"url\":\"https:\\\/\\\/permakultur-landwirtschaft.org\\\/landwirtschaftstag-vom-em-verein-schweiz-in-endingen-am-14-august-2021\\\/\",\"name\":\"Landwirtschaftstag vom EM-Verein Schweiz in Endingen am 14. August 2021 - Permakultur-Landwirtschaft\",\"isPartOf\":{\"@id\":\"https:\\\/\\\/permakultur-landwirtschaft.org\\\/#website\"},\"primaryImageOfPage\":{\"@id\":\"https:\\\/\\\/permakultur-landwirtschaft.org\\\/landwirtschaftstag-vom-em-verein-schweiz-in-endingen-am-14-august-2021\\\/#primaryimage\"},\"image\":{\"@id\":\"https:\\\/\\\/permakultur-landwirtschaft.org\\\/landwirtschaftstag-vom-em-verein-schweiz-in-endingen-am-14-august-2021\\\/#primaryimage\"},\"thumbnailUrl\":\"https:\\\/\\\/permakultur-landwirtschaft.org\\\/wp-content\\\/uploads\\\/2021\\\/07\\\/em-lw-tag12.07.jpg\",\"datePublished\":\"2021-08-14T09:33:59+00:00\",\"dateModified\":\"2021-08-16T20:36:31+00:00\",\"breadcrumb\":{\"@id\":\"https:\\\/\\\/permakultur-landwirtschaft.org\\\/landwirtschaftstag-vom-em-verein-schweiz-in-endingen-am-14-august-2021\\\/#breadcrumb\"},\"inLanguage\":\"fr-FR\",\"potentialAction\":[{\"@type\":\"ReadAction\",\"target\":[\"https:\\\/\\\/permakultur-landwirtschaft.org\\\/landwirtschaftstag-vom-em-verein-schweiz-in-endingen-am-14-august-2021\\\/\"]}]},{\"@type\":\"ImageObject\",\"inLanguage\":\"fr-FR\",\"@id\":\"https:\\\/\\\/permakultur-landwirtschaft.org\\\/landwirtschaftstag-vom-em-verein-schweiz-in-endingen-am-14-august-2021\\\/#primaryimage\",\"url\":\"https:\\\/\\\/permakultur-landwirtschaft.org\\\/wp-content\\\/uploads\\\/2021\\\/07\\\/em-lw-tag12.07.jpg\",\"contentUrl\":\"https:\\\/\\\/permakultur-landwirtschaft.org\\\/wp-content\\\/uploads\\\/2021\\\/07\\\/em-lw-tag12.07.jpg\",\"width\":1505,\"height\":437},{\"@type\":\"BreadcrumbList\",\"@id\":\"https:\\\/\\\/permakultur-landwirtschaft.org\\\/landwirtschaftstag-vom-em-verein-schweiz-in-endingen-am-14-august-2021\\\/#breadcrumb\",\"itemListElement\":[{\"@type\":\"ListItem\",\"position\":1,\"name\":\"Startseite\",\"item\":\"https:\\\/\\\/permakultur-landwirtschaft.org\\\/\"},{\"@type\":\"ListItem\",\"position\":2,\"name\":\"Landwirtschaftstag vom EM-Verein Schweiz in Endingen am 14. August 2021\"}]},{\"@type\":\"WebSite\",\"@id\":\"https:\\\/\\\/permakultur-landwirtschaft.org\\\/#website\",\"url\":\"https:\\\/\\\/permakultur-landwirtschaft.org\\\/\",\"name\":\"Permakultur-Landwirtschaft\",\"description\":\"F\u00f6rderung der Permakultur in der Landwirtschaft\",\"publisher\":{\"@id\":\"https:\\\/\\\/permakultur-landwirtschaft.org\\\/#organization\"},\"potentialAction\":[{\"@type\":\"SearchAction\",\"target\":{\"@type\":\"EntryPoint\",\"urlTemplate\":\"https:\\\/\\\/permakultur-landwirtschaft.org\\\/?s={search_term_string}\"},\"query-input\":{\"@type\":\"PropertyValueSpecification\",\"valueRequired\":true,\"valueName\":\"search_term_string\"}}],\"inLanguage\":\"fr-FR\"},{\"@type\":\"Organization\",\"@id\":\"https:\\\/\\\/permakultur-landwirtschaft.org\\\/#organization\",\"name\":\"Permakultur-Landwirtschaft\",\"alternateName\":\"Verein Permakultur-Landwirtschaft\",\"url\":\"https:\\\/\\\/permakultur-landwirtschaft.org\\\/\",\"logo\":{\"@type\":\"ImageObject\",\"inLanguage\":\"fr-FR\",\"@id\":\"https:\\\/\\\/permakultur-landwirtschaft.org\\\/#\\\/schema\\\/logo\\\/image\\\/\",\"url\":\"https:\\\/\\\/permakultur-landwirtschaft.org\\\/wp-content\\\/uploads\\\/2021\\\/11\\\/pela_1268x1269.png\",\"contentUrl\":\"https:\\\/\\\/permakultur-landwirtschaft.org\\\/wp-content\\\/uploads\\\/2021\\\/11\\\/pela_1268x1269.png\",\"width\":1298,\"height\":1269,\"caption\":\"Permakultur-Landwirtschaft\"},\"image\":{\"@id\":\"https:\\\/\\\/permakultur-landwirtschaft.org\\\/#\\\/schema\\\/logo\\\/image\\\/\"},\"sameAs\":[\"https:\\\/\\\/www.facebook.com\\\/PermakulturLandwirtschaft\",\"https:\\\/\\\/www.instagram.com\\\/permakultur_landwirtschaft\\\/\",\"https:\\\/\\\/www.flickr.com\\\/photos\\\/permakultur-landwirtschaft\",\"https:\\\/\\\/www.youtube.com\\\/@PermakulturLandwirtschaft\"]},{\"@type\":\"Person\",\"@id\":\"https:\\\/\\\/permakultur-landwirtschaft.org\\\/#\\\/schema\\\/person\\\/6b0467872f75aed3e144093f9bf4f0b0\",\"name\":\"adrian reutimann\",\"url\":\"https:\\\/\\\/permakultur-landwirtschaft.org\\\/fr\\\/author\\\/reutiadr\\\/\"}]}<\/script>\n<!-- \/ Yoast SEO plugin. -->","yoast_head_json":{"title":"Landwirtschaftstag vom EM-Verein Schweiz in Endingen am 14. August 2021 - Permakultur-Landwirtschaft","robots":{"index":"index","follow":"follow","max-snippet":"max-snippet:-1","max-image-preview":"max-image-preview:large","max-video-preview":"max-video-preview:-1"},"canonical":"https:\/\/permakultur-landwirtschaft.org\/fr\/landwirtschaftstag-vom-em-verein-schweiz-in-endingen-am-14-august-2021\/","og_locale":"fr_FR","og_type":"article","og_title":"Landwirtschaftstag vom EM-Verein Schweiz in Endingen am 14. August 2021 - Permakultur-Landwirtschaft","og_description":"Text von EM-Verein Schweiz: Wir sind dieses Jahr zu Gast auf dem Landwirtschaftsbetrieb von Vorstandsmitglied Thomas Keller und seiner Familie. Sie arbeiten seit 2017 mit EM\/ Regenerativer Landwirtschaft. Auf einer Betriebsf\u00fchrung erfahren wir, wie Sie beim Obst und im Ackerbau EM einsetzen. Dazu wird uns Simon J\u00f6hr (Bio Berater Inforama) einen Einblick geben, welche Hilfsstoffe [&hellip;]","og_url":"https:\/\/permakultur-landwirtschaft.org\/fr\/landwirtschaftstag-vom-em-verein-schweiz-in-endingen-am-14-august-2021\/","og_site_name":"Permakultur-Landwirtschaft","article_publisher":"https:\/\/www.facebook.com\/PermakulturLandwirtschaft","article_published_time":"2021-08-14T09:33:59+00:00","article_modified_time":"2021-08-16T20:36:31+00:00","og_image":[{"width":1505,"height":437,"url":"https:\/\/permakultur-landwirtschaft.org\/wp-content\/uploads\/2021\/07\/em-lw-tag12.07.jpg","type":"image\/jpeg"}],"author":"adrian reutimann","twitter_card":"summary_large_image","twitter_misc":{"\u00c9crit par":"adrian reutimann","Dur\u00e9e de lecture estim\u00e9e":"1 minute"},"schema":{"@context":"https:\/\/schema.org","@graph":[{"@type":"Article","@id":"https:\/\/permakultur-landwirtschaft.org\/landwirtschaftstag-vom-em-verein-schweiz-in-endingen-am-14-august-2021\/#article","isPartOf":{"@id":"https:\/\/permakultur-landwirtschaft.org\/landwirtschaftstag-vom-em-verein-schweiz-in-endingen-am-14-august-2021\/"},"author":{"name":"adrian reutimann","@id":"https:\/\/permakultur-landwirtschaft.org\/#\/schema\/person\/6b0467872f75aed3e144093f9bf4f0b0"},"headline":"Landwirtschaftstag vom EM-Verein Schweiz in Endingen am 14. August 2021","datePublished":"2021-08-14T09:33:59+00:00","dateModified":"2021-08-16T20:36:31+00:00","mainEntityOfPage":{"@id":"https:\/\/permakultur-landwirtschaft.org\/landwirtschaftstag-vom-em-verein-schweiz-in-endingen-am-14-august-2021\/"},"wordCount":116,"publisher":{"@id":"https:\/\/permakultur-landwirtschaft.org\/#organization"},"image":{"@id":"https:\/\/permakultur-landwirtschaft.org\/landwirtschaftstag-vom-em-verein-schweiz-in-endingen-am-14-august-2021\/#primaryimage"},"thumbnailUrl":"https:\/\/permakultur-landwirtschaft.org\/wp-content\/uploads\/2021\/07\/em-lw-tag12.07.jpg","articleSection":["Veranstaltungen_Archiv"],"inLanguage":"fr-FR"},{"@type":"WebPage","@id":"https:\/\/permakultur-landwirtschaft.org\/landwirtschaftstag-vom-em-verein-schweiz-in-endingen-am-14-august-2021\/","url":"https:\/\/permakultur-landwirtschaft.org\/landwirtschaftstag-vom-em-verein-schweiz-in-endingen-am-14-august-2021\/","name":"Landwirtschaftstag vom EM-Verein Schweiz in Endingen am 14. August 2021 - Permakultur-Landwirtschaft","isPartOf":{"@id":"https:\/\/permakultur-landwirtschaft.org\/#website"},"primaryImageOfPage":{"@id":"https:\/\/permakultur-landwirtschaft.org\/landwirtschaftstag-vom-em-verein-schweiz-in-endingen-am-14-august-2021\/#primaryimage"},"image":{"@id":"https:\/\/permakultur-landwirtschaft.org\/landwirtschaftstag-vom-em-verein-schweiz-in-endingen-am-14-august-2021\/#primaryimage"},"thumbnailUrl":"https:\/\/permakultur-landwirtschaft.org\/wp-content\/uploads\/2021\/07\/em-lw-tag12.07.jpg","datePublished":"2021-08-14T09:33:59+00:00","dateModified":"2021-08-16T20:36:31+00:00","breadcrumb":{"@id":"https:\/\/permakultur-landwirtschaft.org\/landwirtschaftstag-vom-em-verein-schweiz-in-endingen-am-14-august-2021\/#breadcrumb"},"inLanguage":"fr-FR","potentialAction":[{"@type":"ReadAction","target":["https:\/\/permakultur-landwirtschaft.org\/landwirtschaftstag-vom-em-verein-schweiz-in-endingen-am-14-august-2021\/"]}]},{"@type":"ImageObject","inLanguage":"fr-FR","@id":"https:\/\/permakultur-landwirtschaft.org\/landwirtschaftstag-vom-em-verein-schweiz-in-endingen-am-14-august-2021\/#primaryimage","url":"https:\/\/permakultur-landwirtschaft.org\/wp-content\/uploads\/2021\/07\/em-lw-tag12.07.jpg","contentUrl":"https:\/\/permakultur-landwirtschaft.org\/wp-content\/uploads\/2021\/07\/em-lw-tag12.07.jpg","width":1505,"height":437},{"@type":"BreadcrumbList","@id":"https:\/\/permakultur-landwirtschaft.org\/landwirtschaftstag-vom-em-verein-schweiz-in-endingen-am-14-august-2021\/#breadcrumb","itemListElement":[{"@type":"ListItem","position":1,"name":"Startseite","item":"https:\/\/permakultur-landwirtschaft.org\/"},{"@type":"ListItem","position":2,"name":"Landwirtschaftstag vom EM-Verein Schweiz in Endingen am 14. August 2021"}]},{"@type":"WebSite","@id":"https:\/\/permakultur-landwirtschaft.org\/#website","url":"https:\/\/permakultur-landwirtschaft.org\/","name":"Permakultur-Landwirtschaft","description":"F\u00f6rderung der Permakultur in der Landwirtschaft","publisher":{"@id":"https:\/\/permakultur-landwirtschaft.org\/#organization"},"potentialAction":[{"@type":"SearchAction","target":{"@type":"EntryPoint","urlTemplate":"https:\/\/permakultur-landwirtschaft.org\/?s={search_term_string}"},"query-input":{"@type":"PropertyValueSpecification","valueRequired":true,"valueName":"search_term_string"}}],"inLanguage":"fr-FR"},{"@type":"Organization","@id":"https:\/\/permakultur-landwirtschaft.org\/#organization","name":"Permakultur-Landwirtschaft","alternateName":"Verein Permakultur-Landwirtschaft","url":"https:\/\/permakultur-landwirtschaft.org\/","logo":{"@type":"ImageObject","inLanguage":"fr-FR","@id":"https:\/\/permakultur-landwirtschaft.org\/#\/schema\/logo\/image\/","url":"https:\/\/permakultur-landwirtschaft.org\/wp-content\/uploads\/2021\/11\/pela_1268x1269.png","contentUrl":"https:\/\/permakultur-landwirtschaft.org\/wp-content\/uploads\/2021\/11\/pela_1268x1269.png","width":1298,"height":1269,"caption":"Permakultur-Landwirtschaft"},"image":{"@id":"https:\/\/permakultur-landwirtschaft.org\/#\/schema\/logo\/image\/"},"sameAs":["https:\/\/www.facebook.com\/PermakulturLandwirtschaft","https:\/\/www.instagram.com\/permakultur_landwirtschaft\/","https:\/\/www.flickr.com\/photos\/permakultur-landwirtschaft","https:\/\/www.youtube.com\/@PermakulturLandwirtschaft"]},{"@type":"Person","@id":"https:\/\/permakultur-landwirtschaft.org\/#\/schema\/person\/6b0467872f75aed3e144093f9bf4f0b0","name":"adrian reutimann","url":"https:\/\/permakultur-landwirtschaft.org\/fr\/author\/reutiadr\/"}]}},"_links":{"self":[{"href":"https:\/\/permakultur-landwirtschaft.org\/fr\/wp-json\/wp\/v2\/posts\/15365","targetHints":{"allow":["GET"]}}],"collection":[{"href":"https:\/\/permakultur-landwirtschaft.org\/fr\/wp-json\/wp\/v2\/posts"}],"about":[{"href":"https:\/\/permakultur-landwirtschaft.org\/fr\/wp-json\/wp\/v2\/types\/post"}],"author":[{"embeddable":true,"href":"https:\/\/permakultur-landwirtschaft.org\/fr\/wp-json\/wp\/v2\/users\/2"}],"replies":[{"embeddable":true,"href":"https:\/\/permakultur-landwirtschaft.org\/fr\/wp-json\/wp\/v2\/comments?post=15365"}],"version-history":[{"count":1,"href":"https:\/\/permakultur-landwirtschaft.org\/fr\/wp-json\/wp\/v2\/posts\/15365\/revisions"}],"predecessor-version":[{"id":15367,"href":"https:\/\/permakultur-landwirtschaft.org\/fr\/wp-json\/wp\/v2\/posts\/15365\/revisions\/15367"}],"wp:featuredmedia":[{"embeddable":true,"href":"https:\/\/permakultur-landwirtschaft.org\/fr\/wp-json\/wp\/v2\/media\/15366"}],"wp:attachment":[{"href":"https:\/\/permakultur-landwirtschaft.org\/fr\/wp-json\/wp\/v2\/media?parent=15365"}],"wp:term":[{"taxonomy":"category","embeddable":true,"href":"https:\/\/permakultur-landwirtschaft.org\/fr\/wp-json\/wp\/v2\/categories?post=15365"},{"taxonomy":"post_tag","embeddable":true,"href":"https:\/\/permakultur-landwirtschaft.org\/fr\/wp-json\/wp\/v2\/tags?post=15365"}],"curies":[{"name":"wp","href":"https:\/\/api.w.org\/{rel}","templated":true}]}}