{"id":1534,"date":"2019-01-20T01:36:34","date_gmt":"2019-01-20T00:36:34","guid":{"rendered":"http:\/\/permakultur-landwirtschaft.org\/?p=1534"},"modified":"2019-06-01T11:56:08","modified_gmt":"2019-06-01T09:56:08","slug":"conference-atelier-la-permaculture-humaine-une-aide-pour-une-agriculture-perenne-29-05-2019","status":"publish","type":"post","link":"https:\/\/permakultur-landwirtschaft.org\/fr\/conference-atelier-la-permaculture-humaine-une-aide-pour-une-agriculture-perenne-29-05-2019\/","title":{"rendered":"Conf\u00e9rence-atelier : la permaculture humaine, une aide pour une agriculture p\u00e9renne 29.05.2019"},"content":{"rendered":"<p>Anlass vom FiBL<\/p>\n<p>Date et horaire<br \/>\nMercredi 29 mai 2019, de 18h30 \u00e0 21h00<\/p>\n<p>Lieu<br \/>\nEspace Dickens, Avenue Charles Dickens 6, 1006 Lausanne<\/p>\n<p>Contenu<br \/>\nLa permaculture est trop souvent r\u00e9duite \u00e0 des techniques alternatives de jardinage telles que la culture sur butte, le paillage ou encore la construction de spirales aromatiques. Bernard Alonso, facilitateur en permaculture, vous pr\u00e9sentera lors de cette conf\u00e9rence-atelier le concept de la permaculture dans son essence. Convaincu que les m\u00eames synergies entre organismes qui existent dans les \u00e9cosyst\u00e8mes naturels peuvent s\u2019imiter et s\u2019appliquer \u00e0 l\u2019\u00e9cosyst\u00e8me humain, Bernard Alonso vous expliquera comment la dimension humaine de la permaculture peut s\u2019appliquer au contexte agricole. Au fil de son intervention, vous d\u00e9couvrirez des outils simples, pour tous, applicables au quotidien. Cette soir\u00e9e sera enfin l\u2019occasion de revenir sur l\u2019exp\u00e9rience de l\u2019agriculteur Fran\u00e7ois Devenoge et du collectif la Motte qui Botte qui est n\u00e9 \u00e0 l\u2019issu d\u2019un cours de Bernard Alonso organis\u00e9 par le FiBL en 2016.<\/p>\n<p>Mehr Informationen <a href=\"https:\/\/www.bioactualites.ch\/actualites\/agenda\/calendrier\/conference-atelier-la-permaculture-mai-2019.html\" target=\"_blank\" rel=\"noopener noreferrer\">ici<\/a>.<\/p>\n<p><a href=\"https:\/\/www.bioactualites.ch\/actualites\/agenda\/calendrier\/conference-atelier-la-permaculture-mai-2019.html\" target=\"_blank\" rel=\"noopener noreferrer\"><img fetchpriority=\"high\" decoding=\"async\" class=\"alignleft wp-image-1535 size-medium\" src=\"https:\/\/permakultur-landwirtschaft.org\/wp-content\/uploads\/2019\/03\/csm_fibl_logo_marginale_87fdfe60e0-300x188.gif\" alt=\"\" width=\"300\" height=\"188\" srcset=\"https:\/\/permakultur-landwirtschaft.org\/wp-content\/uploads\/2019\/03\/csm_fibl_logo_marginale_87fdfe60e0-300x188.gif 300w, https:\/\/permakultur-landwirtschaft.org\/wp-content\/uploads\/2019\/03\/csm_fibl_logo_marginale_87fdfe60e0-70x45.gif 70w\" sizes=\"(max-width: 300px) 100vw, 300px\" \/><\/a><\/p>","protected":false},"excerpt":{"rendered":"<p>Anlass vom FiBL Date et horaire Mercredi 29 mai 2019, de 18h30 \u00e0 21h00 Lieu Espace Dickens, Avenue Charles Dickens 6, 1006 Lausanne Contenu La permaculture est trop souvent r\u00e9duite \u00e0 des techniques alternatives de jardinage telles que la culture sur butte, le paillage ou encore la construction de spirales aromatiques. Bernard Alonso, facilitateur en [&hellip;]<\/p>\n","protected":false},"author":2,"featured_media":1535,"comment_status":"closed","ping_status":"closed","sticky":false,"template":"","format":"standard","meta":{"_acf_changed":false,"site-sidebar-layout":"default","site-content-layout":"","ast-site-content-layout":"default","site-content-style":"default","site-sidebar-style":"default","ast-global-header-display":"","ast-banner-title-visibility":"","ast-main-header-display":"","ast-hfb-above-header-display":"","ast-hfb-below-header-display":"","ast-hfb-mobile-header-display":"","site-post-title":"","ast-breadcrumbs-content":"","ast-featured-img":"","footer-sml-layout":"","ast-disable-related-posts":"","theme-transparent-header-meta":"","adv-header-id-meta":"","stick-header-meta":"","header-above-stick-meta":"","header-main-stick-meta":"","header-below-stick-meta":"","astra-migrate-meta-layouts":"default","ast-page-background-enabled":"default","ast-page-background-meta":{"desktop":{"background-color":"var(--ast-global-color-4)","background-image":"","background-repeat":"repeat","background-position":"center center","background-size":"auto","background-attachment":"scroll","background-type":"","background-media":"","overlay-type":"","overlay-color":"","overlay-opacity":"","overlay-gradient":""},"tablet":{"background-color":"","background-image":"","background-repeat":"repeat","background-position":"center center","background-size":"auto","background-attachment":"scroll","background-type":"","background-media":"","overlay-type":"","overlay-color":"","overlay-opacity":"","overlay-gradient":""},"mobile":{"background-color":"","background-image":"","background-repeat":"repeat","background-position":"center center","background-size":"auto","background-attachment":"scroll","background-type":"","background-media":"","overlay-type":"","overlay-color":"","overlay-opacity":"","overlay-gradient":""}},"ast-content-background-meta":{"desktop":{"background-color":"var(--ast-global-color-5)","background-image":"","background-repeat":"repeat","background-position":"center center","background-size":"auto","background-attachment":"scroll","background-type":"","background-media":"","overlay-type":"","overlay-color":"","overlay-opacity":"","overlay-gradient":""},"tablet":{"background-color":"var(--ast-global-color-5)","background-image":"","background-repeat":"repeat","background-position":"center center","background-size":"auto","background-attachment":"scroll","background-type":"","background-media":"","overlay-type":"","overlay-color":"","overlay-opacity":"","overlay-gradient":""},"mobile":{"background-color":"var(--ast-global-color-5)","background-image":"","background-repeat":"repeat","background-position":"center center","background-size":"auto","background-attachment":"scroll","background-type":"","background-media":"","overlay-type":"","overlay-color":"","overlay-opacity":"","overlay-gradient":""}},"footnotes":""},"categories":[21],"tags":[],"class_list":["post-1534","post","type-post","status-publish","format-standard","has-post-thumbnail","hentry","category-veranstaltungen_archiv"],"acf":[],"yoast_head":"<!-- This site is optimized with the Yoast SEO plugin v27.5 - https:\/\/yoast.com\/product\/yoast-seo-wordpress\/ -->\n<title>Conf\u00e9rence-atelier : la permaculture humaine, une aide pour une agriculture p\u00e9renne 29.05.2019 - Permakultur-Landwirtschaft<\/title>\n<meta name=\"robots\" content=\"index, follow, max-snippet:-1, max-image-preview:large, max-video-preview:-1\" \/>\n<link rel=\"canonical\" href=\"https:\/\/permakultur-landwirtschaft.org\/fr\/conference-atelier-la-permaculture-humaine-une-aide-pour-une-agriculture-perenne-29-05-2019\/\" \/>\n<meta property=\"og:locale\" content=\"fr_FR\" \/>\n<meta property=\"og:type\" content=\"article\" \/>\n<meta property=\"og:title\" content=\"Conf\u00e9rence-atelier : la permaculture humaine, une aide pour une agriculture p\u00e9renne 29.05.2019 - Permakultur-Landwirtschaft\" \/>\n<meta property=\"og:description\" content=\"Anlass vom FiBL Date et horaire Mercredi 29 mai 2019, de 18h30 \u00e0 21h00 Lieu Espace Dickens, Avenue Charles Dickens 6, 1006 Lausanne Contenu La permaculture est trop souvent r\u00e9duite \u00e0 des techniques alternatives de jardinage telles que la culture sur butte, le paillage ou encore la construction de spirales aromatiques. Bernard Alonso, facilitateur en [&hellip;]\" \/>\n<meta property=\"og:url\" content=\"https:\/\/permakultur-landwirtschaft.org\/fr\/conference-atelier-la-permaculture-humaine-une-aide-pour-une-agriculture-perenne-29-05-2019\/\" \/>\n<meta property=\"og:site_name\" content=\"Permakultur-Landwirtschaft\" \/>\n<meta property=\"article:publisher\" content=\"https:\/\/www.facebook.com\/PermakulturLandwirtschaft\" \/>\n<meta property=\"article:published_time\" content=\"2019-01-20T00:36:34+00:00\" \/>\n<meta property=\"article:modified_time\" content=\"2019-06-01T09:56:08+00:00\" \/>\n<meta property=\"og:image\" content=\"https:\/\/permakultur-landwirtschaft.org\/wp-content\/uploads\/2019\/03\/csm_fibl_logo_marginale_87fdfe60e0.gif\" \/>\n\t<meta property=\"og:image:width\" content=\"479\" \/>\n\t<meta property=\"og:image:height\" content=\"300\" \/>\n\t<meta property=\"og:image:type\" content=\"image\/gif\" \/>\n<meta name=\"author\" content=\"adrian reutimann\" \/>\n<meta name=\"twitter:card\" content=\"summary_large_image\" \/>\n<meta name=\"twitter:label1\" content=\"\u00c9crit par\" \/>\n\t<meta name=\"twitter:data1\" content=\"adrian reutimann\" \/>\n\t<meta name=\"twitter:label2\" content=\"Dur\u00e9e de lecture estim\u00e9e\" \/>\n\t<meta name=\"twitter:data2\" content=\"1 minute\" \/>\n<script type=\"application\/ld+json\" class=\"yoast-schema-graph\">{\"@context\":\"https:\\\/\\\/schema.org\",\"@graph\":[{\"@type\":\"Article\",\"@id\":\"https:\\\/\\\/permakultur-landwirtschaft.org\\\/conference-atelier-la-permaculture-humaine-une-aide-pour-une-agriculture-perenne-29-05-2019\\\/#article\",\"isPartOf\":{\"@id\":\"https:\\\/\\\/permakultur-landwirtschaft.org\\\/conference-atelier-la-permaculture-humaine-une-aide-pour-une-agriculture-perenne-29-05-2019\\\/\"},\"author\":{\"name\":\"adrian reutimann\",\"@id\":\"https:\\\/\\\/permakultur-landwirtschaft.org\\\/#\\\/schema\\\/person\\\/6b0467872f75aed3e144093f9bf4f0b0\"},\"headline\":\"Conf\u00e9rence-atelier : la permaculture humaine, une aide pour une agriculture p\u00e9renne 29.05.2019\",\"datePublished\":\"2019-01-20T00:36:34+00:00\",\"dateModified\":\"2019-06-01T09:56:08+00:00\",\"mainEntityOfPage\":{\"@id\":\"https:\\\/\\\/permakultur-landwirtschaft.org\\\/conference-atelier-la-permaculture-humaine-une-aide-pour-une-agriculture-perenne-29-05-2019\\\/\"},\"wordCount\":182,\"publisher\":{\"@id\":\"https:\\\/\\\/permakultur-landwirtschaft.org\\\/#organization\"},\"image\":{\"@id\":\"https:\\\/\\\/permakultur-landwirtschaft.org\\\/conference-atelier-la-permaculture-humaine-une-aide-pour-une-agriculture-perenne-29-05-2019\\\/#primaryimage\"},\"thumbnailUrl\":\"https:\\\/\\\/permakultur-landwirtschaft.org\\\/wp-content\\\/uploads\\\/2019\\\/03\\\/csm_fibl_logo_marginale_87fdfe60e0.gif\",\"articleSection\":[\"Veranstaltungen_Archiv\"],\"inLanguage\":\"fr-FR\"},{\"@type\":\"WebPage\",\"@id\":\"https:\\\/\\\/permakultur-landwirtschaft.org\\\/conference-atelier-la-permaculture-humaine-une-aide-pour-une-agriculture-perenne-29-05-2019\\\/\",\"url\":\"https:\\\/\\\/permakultur-landwirtschaft.org\\\/conference-atelier-la-permaculture-humaine-une-aide-pour-une-agriculture-perenne-29-05-2019\\\/\",\"name\":\"Conf\u00e9rence-atelier : la permaculture humaine, une aide pour une agriculture p\u00e9renne 29.05.2019 - Permakultur-Landwirtschaft\",\"isPartOf\":{\"@id\":\"https:\\\/\\\/permakultur-landwirtschaft.org\\\/#website\"},\"primaryImageOfPage\":{\"@id\":\"https:\\\/\\\/permakultur-landwirtschaft.org\\\/conference-atelier-la-permaculture-humaine-une-aide-pour-une-agriculture-perenne-29-05-2019\\\/#primaryimage\"},\"image\":{\"@id\":\"https:\\\/\\\/permakultur-landwirtschaft.org\\\/conference-atelier-la-permaculture-humaine-une-aide-pour-une-agriculture-perenne-29-05-2019\\\/#primaryimage\"},\"thumbnailUrl\":\"https:\\\/\\\/permakultur-landwirtschaft.org\\\/wp-content\\\/uploads\\\/2019\\\/03\\\/csm_fibl_logo_marginale_87fdfe60e0.gif\",\"datePublished\":\"2019-01-20T00:36:34+00:00\",\"dateModified\":\"2019-06-01T09:56:08+00:00\",\"breadcrumb\":{\"@id\":\"https:\\\/\\\/permakultur-landwirtschaft.org\\\/conference-atelier-la-permaculture-humaine-une-aide-pour-une-agriculture-perenne-29-05-2019\\\/#breadcrumb\"},\"inLanguage\":\"fr-FR\",\"potentialAction\":[{\"@type\":\"ReadAction\",\"target\":[\"https:\\\/\\\/permakultur-landwirtschaft.org\\\/conference-atelier-la-permaculture-humaine-une-aide-pour-une-agriculture-perenne-29-05-2019\\\/\"]}]},{\"@type\":\"ImageObject\",\"inLanguage\":\"fr-FR\",\"@id\":\"https:\\\/\\\/permakultur-landwirtschaft.org\\\/conference-atelier-la-permaculture-humaine-une-aide-pour-une-agriculture-perenne-29-05-2019\\\/#primaryimage\",\"url\":\"https:\\\/\\\/permakultur-landwirtschaft.org\\\/wp-content\\\/uploads\\\/2019\\\/03\\\/csm_fibl_logo_marginale_87fdfe60e0.gif\",\"contentUrl\":\"https:\\\/\\\/permakultur-landwirtschaft.org\\\/wp-content\\\/uploads\\\/2019\\\/03\\\/csm_fibl_logo_marginale_87fdfe60e0.gif\",\"width\":479,\"height\":300,\"caption\":\"FiBL\"},{\"@type\":\"BreadcrumbList\",\"@id\":\"https:\\\/\\\/permakultur-landwirtschaft.org\\\/conference-atelier-la-permaculture-humaine-une-aide-pour-une-agriculture-perenne-29-05-2019\\\/#breadcrumb\",\"itemListElement\":[{\"@type\":\"ListItem\",\"position\":1,\"name\":\"Startseite\",\"item\":\"https:\\\/\\\/permakultur-landwirtschaft.org\\\/\"},{\"@type\":\"ListItem\",\"position\":2,\"name\":\"Conf\u00e9rence-atelier : la permaculture humaine, une aide pour une agriculture p\u00e9renne 29.05.2019\"}]},{\"@type\":\"WebSite\",\"@id\":\"https:\\\/\\\/permakultur-landwirtschaft.org\\\/#website\",\"url\":\"https:\\\/\\\/permakultur-landwirtschaft.org\\\/\",\"name\":\"Permakultur-Landwirtschaft\",\"description\":\"F\u00f6rderung der Permakultur in der Landwirtschaft\",\"publisher\":{\"@id\":\"https:\\\/\\\/permakultur-landwirtschaft.org\\\/#organization\"},\"potentialAction\":[{\"@type\":\"SearchAction\",\"target\":{\"@type\":\"EntryPoint\",\"urlTemplate\":\"https:\\\/\\\/permakultur-landwirtschaft.org\\\/?s={search_term_string}\"},\"query-input\":{\"@type\":\"PropertyValueSpecification\",\"valueRequired\":true,\"valueName\":\"search_term_string\"}}],\"inLanguage\":\"fr-FR\"},{\"@type\":\"Organization\",\"@id\":\"https:\\\/\\\/permakultur-landwirtschaft.org\\\/#organization\",\"name\":\"Permakultur-Landwirtschaft\",\"alternateName\":\"Verein Permakultur-Landwirtschaft\",\"url\":\"https:\\\/\\\/permakultur-landwirtschaft.org\\\/\",\"logo\":{\"@type\":\"ImageObject\",\"inLanguage\":\"fr-FR\",\"@id\":\"https:\\\/\\\/permakultur-landwirtschaft.org\\\/#\\\/schema\\\/logo\\\/image\\\/\",\"url\":\"https:\\\/\\\/permakultur-landwirtschaft.org\\\/wp-content\\\/uploads\\\/2021\\\/11\\\/pela_1268x1269.png\",\"contentUrl\":\"https:\\\/\\\/permakultur-landwirtschaft.org\\\/wp-content\\\/uploads\\\/2021\\\/11\\\/pela_1268x1269.png\",\"width\":1298,\"height\":1269,\"caption\":\"Permakultur-Landwirtschaft\"},\"image\":{\"@id\":\"https:\\\/\\\/permakultur-landwirtschaft.org\\\/#\\\/schema\\\/logo\\\/image\\\/\"},\"sameAs\":[\"https:\\\/\\\/www.facebook.com\\\/PermakulturLandwirtschaft\",\"https:\\\/\\\/www.instagram.com\\\/permakultur_landwirtschaft\\\/\",\"https:\\\/\\\/www.flickr.com\\\/photos\\\/permakultur-landwirtschaft\",\"https:\\\/\\\/www.youtube.com\\\/@PermakulturLandwirtschaft\"]},{\"@type\":\"Person\",\"@id\":\"https:\\\/\\\/permakultur-landwirtschaft.org\\\/#\\\/schema\\\/person\\\/6b0467872f75aed3e144093f9bf4f0b0\",\"name\":\"adrian reutimann\",\"url\":\"https:\\\/\\\/permakultur-landwirtschaft.org\\\/fr\\\/author\\\/reutiadr\\\/\"}]}<\/script>\n<!-- \/ Yoast SEO plugin. -->","yoast_head_json":{"title":"Conf\u00e9rence-atelier : la permaculture humaine, une aide pour une agriculture p\u00e9renne 29.05.2019 - Permakultur-Landwirtschaft","robots":{"index":"index","follow":"follow","max-snippet":"max-snippet:-1","max-image-preview":"max-image-preview:large","max-video-preview":"max-video-preview:-1"},"canonical":"https:\/\/permakultur-landwirtschaft.org\/fr\/conference-atelier-la-permaculture-humaine-une-aide-pour-une-agriculture-perenne-29-05-2019\/","og_locale":"fr_FR","og_type":"article","og_title":"Conf\u00e9rence-atelier : la permaculture humaine, une aide pour une agriculture p\u00e9renne 29.05.2019 - Permakultur-Landwirtschaft","og_description":"Anlass vom FiBL Date et horaire Mercredi 29 mai 2019, de 18h30 \u00e0 21h00 Lieu Espace Dickens, Avenue Charles Dickens 6, 1006 Lausanne Contenu La permaculture est trop souvent r\u00e9duite \u00e0 des techniques alternatives de jardinage telles que la culture sur butte, le paillage ou encore la construction de spirales aromatiques. Bernard Alonso, facilitateur en [&hellip;]","og_url":"https:\/\/permakultur-landwirtschaft.org\/fr\/conference-atelier-la-permaculture-humaine-une-aide-pour-une-agriculture-perenne-29-05-2019\/","og_site_name":"Permakultur-Landwirtschaft","article_publisher":"https:\/\/www.facebook.com\/PermakulturLandwirtschaft","article_published_time":"2019-01-20T00:36:34+00:00","article_modified_time":"2019-06-01T09:56:08+00:00","og_image":[{"width":479,"height":300,"url":"https:\/\/permakultur-landwirtschaft.org\/wp-content\/uploads\/2019\/03\/csm_fibl_logo_marginale_87fdfe60e0.gif","type":"image\/gif"}],"author":"adrian reutimann","twitter_card":"summary_large_image","twitter_misc":{"\u00c9crit par":"adrian reutimann","Dur\u00e9e de lecture estim\u00e9e":"1 minute"},"schema":{"@context":"https:\/\/schema.org","@graph":[{"@type":"Article","@id":"https:\/\/permakultur-landwirtschaft.org\/conference-atelier-la-permaculture-humaine-une-aide-pour-une-agriculture-perenne-29-05-2019\/#article","isPartOf":{"@id":"https:\/\/permakultur-landwirtschaft.org\/conference-atelier-la-permaculture-humaine-une-aide-pour-une-agriculture-perenne-29-05-2019\/"},"author":{"name":"adrian reutimann","@id":"https:\/\/permakultur-landwirtschaft.org\/#\/schema\/person\/6b0467872f75aed3e144093f9bf4f0b0"},"headline":"Conf\u00e9rence-atelier : la permaculture humaine, une aide pour une agriculture p\u00e9renne 29.05.2019","datePublished":"2019-01-20T00:36:34+00:00","dateModified":"2019-06-01T09:56:08+00:00","mainEntityOfPage":{"@id":"https:\/\/permakultur-landwirtschaft.org\/conference-atelier-la-permaculture-humaine-une-aide-pour-une-agriculture-perenne-29-05-2019\/"},"wordCount":182,"publisher":{"@id":"https:\/\/permakultur-landwirtschaft.org\/#organization"},"image":{"@id":"https:\/\/permakultur-landwirtschaft.org\/conference-atelier-la-permaculture-humaine-une-aide-pour-une-agriculture-perenne-29-05-2019\/#primaryimage"},"thumbnailUrl":"https:\/\/permakultur-landwirtschaft.org\/wp-content\/uploads\/2019\/03\/csm_fibl_logo_marginale_87fdfe60e0.gif","articleSection":["Veranstaltungen_Archiv"],"inLanguage":"fr-FR"},{"@type":"WebPage","@id":"https:\/\/permakultur-landwirtschaft.org\/conference-atelier-la-permaculture-humaine-une-aide-pour-une-agriculture-perenne-29-05-2019\/","url":"https:\/\/permakultur-landwirtschaft.org\/conference-atelier-la-permaculture-humaine-une-aide-pour-une-agriculture-perenne-29-05-2019\/","name":"Conf\u00e9rence-atelier : la permaculture humaine, une aide pour une agriculture p\u00e9renne 29.05.2019 - Permakultur-Landwirtschaft","isPartOf":{"@id":"https:\/\/permakultur-landwirtschaft.org\/#website"},"primaryImageOfPage":{"@id":"https:\/\/permakultur-landwirtschaft.org\/conference-atelier-la-permaculture-humaine-une-aide-pour-une-agriculture-perenne-29-05-2019\/#primaryimage"},"image":{"@id":"https:\/\/permakultur-landwirtschaft.org\/conference-atelier-la-permaculture-humaine-une-aide-pour-une-agriculture-perenne-29-05-2019\/#primaryimage"},"thumbnailUrl":"https:\/\/permakultur-landwirtschaft.org\/wp-content\/uploads\/2019\/03\/csm_fibl_logo_marginale_87fdfe60e0.gif","datePublished":"2019-01-20T00:36:34+00:00","dateModified":"2019-06-01T09:56:08+00:00","breadcrumb":{"@id":"https:\/\/permakultur-landwirtschaft.org\/conference-atelier-la-permaculture-humaine-une-aide-pour-une-agriculture-perenne-29-05-2019\/#breadcrumb"},"inLanguage":"fr-FR","potentialAction":[{"@type":"ReadAction","target":["https:\/\/permakultur-landwirtschaft.org\/conference-atelier-la-permaculture-humaine-une-aide-pour-une-agriculture-perenne-29-05-2019\/"]}]},{"@type":"ImageObject","inLanguage":"fr-FR","@id":"https:\/\/permakultur-landwirtschaft.org\/conference-atelier-la-permaculture-humaine-une-aide-pour-une-agriculture-perenne-29-05-2019\/#primaryimage","url":"https:\/\/permakultur-landwirtschaft.org\/wp-content\/uploads\/2019\/03\/csm_fibl_logo_marginale_87fdfe60e0.gif","contentUrl":"https:\/\/permakultur-landwirtschaft.org\/wp-content\/uploads\/2019\/03\/csm_fibl_logo_marginale_87fdfe60e0.gif","width":479,"height":300,"caption":"FiBL"},{"@type":"BreadcrumbList","@id":"https:\/\/permakultur-landwirtschaft.org\/conference-atelier-la-permaculture-humaine-une-aide-pour-une-agriculture-perenne-29-05-2019\/#breadcrumb","itemListElement":[{"@type":"ListItem","position":1,"name":"Startseite","item":"https:\/\/permakultur-landwirtschaft.org\/"},{"@type":"ListItem","position":2,"name":"Conf\u00e9rence-atelier : la permaculture humaine, une aide pour une agriculture p\u00e9renne 29.05.2019"}]},{"@type":"WebSite","@id":"https:\/\/permakultur-landwirtschaft.org\/#website","url":"https:\/\/permakultur-landwirtschaft.org\/","name":"Permakultur-Landwirtschaft","description":"F\u00f6rderung der Permakultur in der Landwirtschaft","publisher":{"@id":"https:\/\/permakultur-landwirtschaft.org\/#organization"},"potentialAction":[{"@type":"SearchAction","target":{"@type":"EntryPoint","urlTemplate":"https:\/\/permakultur-landwirtschaft.org\/?s={search_term_string}"},"query-input":{"@type":"PropertyValueSpecification","valueRequired":true,"valueName":"search_term_string"}}],"inLanguage":"fr-FR"},{"@type":"Organization","@id":"https:\/\/permakultur-landwirtschaft.org\/#organization","name":"Permakultur-Landwirtschaft","alternateName":"Verein Permakultur-Landwirtschaft","url":"https:\/\/permakultur-landwirtschaft.org\/","logo":{"@type":"ImageObject","inLanguage":"fr-FR","@id":"https:\/\/permakultur-landwirtschaft.org\/#\/schema\/logo\/image\/","url":"https:\/\/permakultur-landwirtschaft.org\/wp-content\/uploads\/2021\/11\/pela_1268x1269.png","contentUrl":"https:\/\/permakultur-landwirtschaft.org\/wp-content\/uploads\/2021\/11\/pela_1268x1269.png","width":1298,"height":1269,"caption":"Permakultur-Landwirtschaft"},"image":{"@id":"https:\/\/permakultur-landwirtschaft.org\/#\/schema\/logo\/image\/"},"sameAs":["https:\/\/www.facebook.com\/PermakulturLandwirtschaft","https:\/\/www.instagram.com\/permakultur_landwirtschaft\/","https:\/\/www.flickr.com\/photos\/permakultur-landwirtschaft","https:\/\/www.youtube.com\/@PermakulturLandwirtschaft"]},{"@type":"Person","@id":"https:\/\/permakultur-landwirtschaft.org\/#\/schema\/person\/6b0467872f75aed3e144093f9bf4f0b0","name":"adrian reutimann","url":"https:\/\/permakultur-landwirtschaft.org\/fr\/author\/reutiadr\/"}]}},"_links":{"self":[{"href":"https:\/\/permakultur-landwirtschaft.org\/fr\/wp-json\/wp\/v2\/posts\/1534","targetHints":{"allow":["GET"]}}],"collection":[{"href":"https:\/\/permakultur-landwirtschaft.org\/fr\/wp-json\/wp\/v2\/posts"}],"about":[{"href":"https:\/\/permakultur-landwirtschaft.org\/fr\/wp-json\/wp\/v2\/types\/post"}],"author":[{"embeddable":true,"href":"https:\/\/permakultur-landwirtschaft.org\/fr\/wp-json\/wp\/v2\/users\/2"}],"replies":[{"embeddable":true,"href":"https:\/\/permakultur-landwirtschaft.org\/fr\/wp-json\/wp\/v2\/comments?post=1534"}],"version-history":[{"count":2,"href":"https:\/\/permakultur-landwirtschaft.org\/fr\/wp-json\/wp\/v2\/posts\/1534\/revisions"}],"predecessor-version":[{"id":1585,"href":"https:\/\/permakultur-landwirtschaft.org\/fr\/wp-json\/wp\/v2\/posts\/1534\/revisions\/1585"}],"wp:featuredmedia":[{"embeddable":true,"href":"https:\/\/permakultur-landwirtschaft.org\/fr\/wp-json\/wp\/v2\/media\/1535"}],"wp:attachment":[{"href":"https:\/\/permakultur-landwirtschaft.org\/fr\/wp-json\/wp\/v2\/media?parent=1534"}],"wp:term":[{"taxonomy":"category","embeddable":true,"href":"https:\/\/permakultur-landwirtschaft.org\/fr\/wp-json\/wp\/v2\/categories?post=1534"},{"taxonomy":"post_tag","embeddable":true,"href":"https:\/\/permakultur-landwirtschaft.org\/fr\/wp-json\/wp\/v2\/tags?post=1534"}],"curies":[{"name":"wp","href":"https:\/\/api.w.org\/{rel}","templated":true}]}}